{"id":206997,"date":"2025-01-02T18:30:00","date_gmt":"2025-01-03T01:30:00","guid":{"rendered":"https:\/\/www.sonoraenequipo.com.mx\/?p=206997"},"modified":"2025-01-02T18:47:53","modified_gmt":"2025-01-03T01:47:53","slug":"reanuda-gobierno-de-sonora-regularizacion-de-vehiculos-de-procedencia-extranjera","status":"publish","type":"post","link":"https:\/\/www.sonoraenequipo.com.mx\/reanuda-gobierno-de-sonora-regularizacion-de-vehiculos-de-procedencia-extranjera\/","title":{"rendered":"Reanuda Gobierno de Sonora regularizaci\u00f3n de veh\u00edculos de procedencia extranjera"},"content":{"rendered":"<p><strong>HERMOSILLO, SONORA, MX.<\/strong> \u2014 El Gobierno de Sonora retomar\u00e1 el pr\u00f3ximo seis de enero el proceso de regularizaci\u00f3n de autos usados de procedencia extranjera con la instalaci\u00f3n del m\u00f3dulo m\u00f3vil del Registro P\u00fablico Vehicular (Repuve) en Cananea.<\/p>\n<p>Dependiente de la Secretar\u00eda de Seguridad P\u00fablica (SSP), el Repuve reanudar\u00e1 la atenci\u00f3n del 6 al 10 de enero para todas aquellas personas interesadas en realizar este tr\u00e1mite que otorga certeza de propiedad y protecci\u00f3n al patrimonio familiar, as\u00ed como garantizar la seguridad p\u00fablica.<\/p>\n<p>Para iniciar el proceso, se recuerda a la ciudadan\u00eda que la \u00fanica p\u00e1gina oficial para generar cita es <a href=\"https:\/\/regularizaauto.sspc.gob.mx\/\">https:\/\/regularizaauto.sspc.gob.mx\/<\/a> . La SSP destac\u00f3 que los propietarios podr\u00e1n efectuar la importaci\u00f3n definitiva de un solo veh\u00edculo.<\/p>\n<p>El Gobierno de Sonora, a trav\u00e9s del Registro P\u00fablico Vehicular, regulariz\u00f3 un total de 200 mil 383 veh\u00edculos usados de procedencia extranjera, al cierre de 2024. Record\u00f3 a los sonorenses que al cumplir con este tr\u00e1mite se obtiene el reconocimiento y autorizaci\u00f3n oficial para circular de manera legal en territorio mexicano.<\/p>\n<p><strong>Fecha de publicaci\u00f3n<\/strong><strong> jueves 2 de enero de 2025 \/<\/strong><\/p>\n","protected":false},"excerpt":{"rendered":"<p>HERMOSILLO, SONORA, MX. \u2014 El Gobierno de Sonora retomar\u00e1 el pr\u00f3ximo seis de enero el&#8230;<\/p>\n","protected":false},"author":1,"featured_media":199655,"comment_status":"open","ping_status":"open","sticky":false,"template":"","format":"standard","meta":{"_monsterinsights_skip_tracking":false,"_monsterinsights_sitenote_active":false,"_monsterinsights_sitenote_note":"","_monsterinsights_sitenote_category":0,"footnotes":""},"categories":[22],"tags":[7531],"class_list":["post"],"yoast_head":" \n<title>Sonora en Equipo. Reanuda Gobierno de Sonora regularizaci\u00f3n de veh\u00edculos de procedencia extranjera Sonora<\/title>\n<meta name=\"description\" content=\"HERMOSILLO, SONORA, MX. \u2014 El Gobierno de Sonora retomar\u00e1 el pr\u00f3ximo seis de enero el proceso de regularizaci\u00f3n de autos usados de procedencia extranjera En Sonora en Equipo publicamos toda la informaci\u00f3n de Sonora, M\u00e9xico y el Mundo de manera oportuna y busca que la libertad de expresi\u00f3n sea real. Visita nuestro medio informativo publicado desde Hermosillo, Sonora. %\" \/>\n<meta name=\"robots\" content=\"index, follow, max-snippet:-1, max-image-preview:large, max-video-preview:-1\" \/>\n<link rel=\"canonical\" href=\"https:\/\/www.sonoraenequipo.com.mx\/reanuda-gobierno-de-sonora-regularizacion-de-vehiculos-de-procedencia-extranjera\/\" \/>\n<meta property=\"og:locale\" content=\"es_ES\" \/>\n<meta property=\"og:type\" content=\"article\" \/>\n<meta property=\"og:title\" content=\"Sonora en Equipo. Reanuda Gobierno de Sonora regularizaci\u00f3n de veh\u00edculos de procedencia extranjera Sonora\" \/>\n<meta property=\"og:description\" content=\"HERMOSILLO, SONORA, MX. \u2014 El Gobierno de Sonora retomar\u00e1 el pr\u00f3ximo seis de enero el proceso de regularizaci\u00f3n de autos usados de procedencia extranjera En Sonora en Equipo publicamos toda la informaci\u00f3n de Sonora, M\u00e9xico y el Mundo de manera oportuna y busca que la libertad de expresi\u00f3n sea real. Visita nuestro medio informativo publicado desde Hermosillo, Sonora. %\" \/>\n<meta property=\"og:url\" content=\"https:\/\/www.sonoraenequipo.com.mx\/reanuda-gobierno-de-sonora-regularizacion-de-vehiculos-de-procedencia-extranjera\/\" \/>\n<meta property=\"og:site_name\" content=\"Sonora en Equipo.\" \/>\n<meta property=\"article:publisher\" content=\"https:\/\/www.facebook.com\/SonoraEE\/\" \/>\n<meta property=\"article:author\" content=\"https:\/\/www.facebook.com\/SonoraEE\" \/>\n<meta property=\"article:published_time\" content=\"2025-01-03T01:30:00+00:00\" \/>\n<meta property=\"article:modified_time\" content=\"2025-01-03T01:47:53+00:00\" \/>\n<meta property=\"og:image\" content=\"https:\/\/www.sonoraenequipo.com.mx\/storage\/2024\/09\/regularizacion-de-autos-extranjeros-min.jpg\" \/>\n\t<meta property=\"og:image:width\" content=\"960\" \/>\n\t<meta property=\"og:image:height\" content=\"573\" \/>\n\t<meta property=\"og:image:type\" content=\"image\/jpeg\" \/>\n<meta name=\"author\" content=\"enequipo\" \/>\n<meta name=\"twitter:card\" content=\"summary_large_image\" \/>\n<meta name=\"twitter:creator\" content=\"@sonoraenequipo\" \/>\n<meta name=\"twitter:site\" content=\"@sonoraenequipo\" \/>\n<meta name=\"twitter:label1\" content=\"Escrito por\" \/>\n\t<meta name=\"twitter:data1\" content=\"enequipo\" \/>\n\t<meta name=\"twitter:label2\" content=\"Tiempo de lectura\" \/>\n\t<meta name=\"twitter:data2\" content=\"1 minuto\" \/>\n<script type=\"application\/ld+json\" class=\"yoast-schema-graph\">{\"@context\":\"https:\/\/schema.org\",\"@graph\":[{\"@type\":\"Article\",\"@id\":\"https:\/\/www.sonoraenequipo.com.mx\/reanuda-gobierno-de-sonora-regularizacion-de-vehiculos-de-procedencia-extranjera\/#article\",\"isPartOf\":{\"@id\":\"https:\/\/www.sonoraenequipo.com.mx\/reanuda-gobierno-de-sonora-regularizacion-de-vehiculos-de-procedencia-extranjera\/\"},\"author\":{\"name\":\"enequipo\",\"@id\":\"https:\/\/www.sonoraenequipo.com.mx\/#\/schema\/person\/50102df0fb23a8fa9e8effad8fa81386\"},\"headline\":\"Reanuda Gobierno de Sonora regularizaci\u00f3n de veh\u00edculos de procedencia extranjera\",\"datePublished\":\"2025-01-03T01:30:00+00:00\",\"dateModified\":\"2025-01-03T01:47:53+00:00\",\"mainEntityOfPage\":{\"@id\":\"https:\/\/www.sonoraenequipo.com.mx\/reanuda-gobierno-de-sonora-regularizacion-de-vehiculos-de-procedencia-extranjera\/\"},\"wordCount\":206,\"commentCount\":0,\"publisher\":{\"@id\":\"https:\/\/www.sonoraenequipo.com.mx\/#organization\"},\"image\":{\"@id\":\"https:\/\/www.sonoraenequipo.com.mx\/reanuda-gobierno-de-sonora-regularizacion-de-vehiculos-de-procedencia-extranjera\/#primaryimage\"},\"thumbnailUrl\":\"https:\/\/www.sonoraenequipo.com.mx\/storage\/2024\/09\/regularizacion-de-autos-extranjeros-min.jpg\",\"keywords\":[\"autos chuecos regularizacion\"],\"articleSection\":[\"Sonora\"],\"inLanguage\":\"es\",\"potentialAction\":[{\"@type\":\"CommentAction\",\"name\":\"Comment\",\"target\":[\"https:\/\/www.sonoraenequipo.com.mx\/reanuda-gobierno-de-sonora-regularizacion-de-vehiculos-de-procedencia-extranjera\/#respond\"]}]},{\"@type\":\"WebPage\",\"@id\":\"https:\/\/www.sonoraenequipo.com.mx\/reanuda-gobierno-de-sonora-regularizacion-de-vehiculos-de-procedencia-extranjera\/\",\"url\":\"https:\/\/www.sonoraenequipo.com.mx\/reanuda-gobierno-de-sonora-regularizacion-de-vehiculos-de-procedencia-extranjera\/\",\"name\":\"Sonora en Equipo. Reanuda Gobierno de Sonora regularizaci\u00f3n de veh\u00edculos de procedencia extranjera Sonora\",\"isPartOf\":{\"@id\":\"https:\/\/www.sonoraenequipo.com.mx\/#website\"},\"primaryImageOfPage\":{\"@id\":\"https:\/\/www.sonoraenequipo.com.mx\/reanuda-gobierno-de-sonora-regularizacion-de-vehiculos-de-procedencia-extranjera\/#primaryimage\"},\"image\":{\"@id\":\"https:\/\/www.sonoraenequipo.com.mx\/reanuda-gobierno-de-sonora-regularizacion-de-vehiculos-de-procedencia-extranjera\/#primaryimage\"},\"thumbnailUrl\":\"https:\/\/www.sonoraenequipo.com.mx\/storage\/2024\/09\/regularizacion-de-autos-extranjeros-min.jpg\",\"datePublished\":\"2025-01-03T01:30:00+00:00\",\"dateModified\":\"2025-01-03T01:47:53+00:00\",\"description\":\"HERMOSILLO, SONORA, MX. \u2014 El Gobierno de Sonora retomar\u00e1 el pr\u00f3ximo seis de enero el proceso de regularizaci\u00f3n de autos usados de procedencia extranjera En Sonora en Equipo publicamos toda la informaci\u00f3n de Sonora, M\u00e9xico y el Mundo de manera oportuna y busca que la libertad de expresi\u00f3n sea real. Visita nuestro medio informativo publicado desde Hermosillo, Sonora. %\",\"breadcrumb\":{\"@id\":\"https:\/\/www.sonoraenequipo.com.mx\/reanuda-gobierno-de-sonora-regularizacion-de-vehiculos-de-procedencia-extranjera\/#breadcrumb\"},\"inLanguage\":\"es\",\"potentialAction\":[{\"@type\":\"ReadAction\",\"target\":[\"https:\/\/www.sonoraenequipo.com.mx\/reanuda-gobierno-de-sonora-regularizacion-de-vehiculos-de-procedencia-extranjera\/\"]}]},{\"@type\":\"ImageObject\",\"inLanguage\":\"es\",\"@id\":\"https:\/\/www.sonoraenequipo.com.mx\/reanuda-gobierno-de-sonora-regularizacion-de-vehiculos-de-procedencia-extranjera\/#primaryimage\",\"url\":\"https:\/\/www.sonoraenequipo.com.mx\/storage\/2024\/09\/regularizacion-de-autos-extranjeros-min.jpg\",\"contentUrl\":\"https:\/\/www.sonoraenequipo.com.mx\/storage\/2024\/09\/regularizacion-de-autos-extranjeros-min.jpg\",\"width\":960,\"height\":573},{\"@type\":\"BreadcrumbList\",\"@id\":\"https:\/\/www.sonoraenequipo.com.mx\/reanuda-gobierno-de-sonora-regularizacion-de-vehiculos-de-procedencia-extranjera\/#breadcrumb\",\"itemListElement\":[{\"@type\":\"ListItem\",\"position\":1,\"name\":\"Portada\",\"item\":\"https:\/\/www.sonoraenequipo.com.mx\/\"},{\"@type\":\"ListItem\",\"position\":2,\"name\":\"Reanuda Gobierno de Sonora regularizaci\u00f3n de veh\u00edculos de procedencia extranjera\"}]},{\"@type\":\"WebSite\",\"@id\":\"https:\/\/www.sonoraenequipo.com.mx\/#website\",\"url\":\"https:\/\/www.sonoraenequipo.com.mx\/\",\"name\":\"Sonora en Equipo.\",\"description\":\"Diario en l\u00ednea con Noticias desde Hermosillo, Sonora\",\"publisher\":{\"@id\":\"https:\/\/www.sonoraenequipo.com.mx\/#organization\"},\"potentialAction\":[{\"@type\":\"SearchAction\",\"target\":{\"@type\":\"EntryPoint\",\"urlTemplate\":\"https:\/\/www.sonoraenequipo.com.mx\/?s={search_term_string}\"},\"query-input\":{\"@type\":\"PropertyValueSpecification\",\"valueRequired\":true,\"valueName\":\"search_term_string\"}}],\"inLanguage\":\"es\"},{\"@type\":\"Organization\",\"@id\":\"https:\/\/www.sonoraenequipo.com.mx\/#organization\",\"name\":\"Sonoraenequipo.com.mx\",\"url\":\"https:\/\/www.sonoraenequipo.com.mx\/\",\"logo\":{\"@type\":\"ImageObject\",\"inLanguage\":\"es\",\"@id\":\"https:\/\/www.sonoraenequipo.com.mx\/#\/schema\/logo\/image\/\",\"url\":\"https:\/\/www.sonoraenequipo.com.mx\/storage\/2019\/01\/sonoraenequipo_opt.png\",\"contentUrl\":\"https:\/\/www.sonoraenequipo.com.mx\/storage\/2019\/01\/sonoraenequipo_opt.png\",\"width\":375,\"height\":125,\"caption\":\"Sonoraenequipo.com.mx\"},\"image\":{\"@id\":\"https:\/\/www.sonoraenequipo.com.mx\/#\/schema\/logo\/image\/\"},\"sameAs\":[\"https:\/\/www.facebook.com\/SonoraEE\/\",\"https:\/\/x.com\/sonoraenequipo\",\"https:\/\/www.youtube.com\/channel\/UC338nW-lPEYmJQs4ZABQ1SQ\"]},{\"@type\":\"Person\",\"@id\":\"https:\/\/www.sonoraenequipo.com.mx\/#\/schema\/person\/50102df0fb23a8fa9e8effad8fa81386\",\"name\":\"enequipo\",\"image\":{\"@type\":\"ImageObject\",\"inLanguage\":\"es\",\"@id\":\"https:\/\/www.sonoraenequipo.com.mx\/#\/schema\/person\/image\/\",\"url\":\"https:\/\/secure.gravatar.com\/avatar\/049821681b589dabc0bc20695993ccebb09f5b5d4d790cd9251b97faac7c652b?s=96&d=blank&r=g\",\"contentUrl\":\"https:\/\/secure.gravatar.com\/avatar\/049821681b589dabc0bc20695993ccebb09f5b5d4d790cd9251b97faac7c652b?s=96&d=blank&r=g\",\"caption\":\"enequipo\"},\"sameAs\":[\"https:\/\/www.facebook.com\/SonoraEE\"]}]}<\/script>\n ","yoast_head_json":{"title":"Sonora en Equipo. Reanuda Gobierno de Sonora regularizaci\u00f3n de veh\u00edculos de procedencia extranjera Sonora","description":"HERMOSILLO, SONORA, MX. \u2014 El Gobierno de Sonora retomar\u00e1 el pr\u00f3ximo seis de enero el proceso de regularizaci\u00f3n de autos usados de procedencia extranjera En Sonora en Equipo publicamos toda la informaci\u00f3n de Sonora, M\u00e9xico y el Mundo de manera oportuna y busca que la libertad de expresi\u00f3n sea real. Visita nuestro medio informativo publicado desde Hermosillo, Sonora. %","robots":{"index":"index","follow":"follow","max-snippet":"max-snippet:-1","max-image-preview":"max-image-preview:large","max-video-preview":"max-video-preview:-1"},"canonical":"https:\/\/www.sonoraenequipo.com.mx\/reanuda-gobierno-de-sonora-regularizacion-de-vehiculos-de-procedencia-extranjera\/","og_locale":"es_ES","og_type":"article","og_title":"Sonora en Equipo. Reanuda Gobierno de Sonora regularizaci\u00f3n de veh\u00edculos de procedencia extranjera Sonora","og_description":"HERMOSILLO, SONORA, MX. \u2014 El Gobierno de Sonora retomar\u00e1 el pr\u00f3ximo seis de enero el proceso de regularizaci\u00f3n de autos usados de procedencia extranjera En Sonora en Equipo publicamos toda la informaci\u00f3n de Sonora, M\u00e9xico y el Mundo de manera oportuna y busca que la libertad de expresi\u00f3n sea real. Visita nuestro medio informativo publicado desde Hermosillo, Sonora. %","og_url":"https:\/\/www.sonoraenequipo.com.mx\/reanuda-gobierno-de-sonora-regularizacion-de-vehiculos-de-procedencia-extranjera\/","og_site_name":"Sonora en Equipo.","article_publisher":"https:\/\/www.facebook.com\/SonoraEE\/","article_author":"https:\/\/www.facebook.com\/SonoraEE","article_published_time":"2025-01-03T01:30:00+00:00","article_modified_time":"2025-01-03T01:47:53+00:00","og_image":[{"width":960,"height":573,"url":"https:\/\/www.sonoraenequipo.com.mx\/storage\/2024\/09\/regularizacion-de-autos-extranjeros-min.jpg","type":"image\/jpeg"}],"author":"enequipo","twitter_card":"summary_large_image","twitter_creator":"@sonoraenequipo","twitter_site":"@sonoraenequipo","twitter_misc":{"Escrito por":"enequipo","Tiempo de lectura":"1 minuto"},"schema":{"@context":"https:\/\/schema.org","@graph":[{"@type":"Article","@id":"https:\/\/www.sonoraenequipo.com.mx\/reanuda-gobierno-de-sonora-regularizacion-de-vehiculos-de-procedencia-extranjera\/#article","isPartOf":{"@id":"https:\/\/www.sonoraenequipo.com.mx\/reanuda-gobierno-de-sonora-regularizacion-de-vehiculos-de-procedencia-extranjera\/"},"author":{"name":"enequipo","@id":"https:\/\/www.sonoraenequipo.com.mx\/#\/schema\/person\/50102df0fb23a8fa9e8effad8fa81386"},"headline":"Reanuda Gobierno de Sonora regularizaci\u00f3n de veh\u00edculos de procedencia extranjera","datePublished":"2025-01-03T01:30:00+00:00","dateModified":"2025-01-03T01:47:53+00:00","mainEntityOfPage":{"@id":"https:\/\/www.sonoraenequipo.com.mx\/reanuda-gobierno-de-sonora-regularizacion-de-vehiculos-de-procedencia-extranjera\/"},"wordCount":206,"commentCount":0,"publisher":{"@id":"https:\/\/www.sonoraenequipo.com.mx\/#organization"},"image":{"@id":"https:\/\/www.sonoraenequipo.com.mx\/reanuda-gobierno-de-sonora-regularizacion-de-vehiculos-de-procedencia-extranjera\/#primaryimage"},"thumbnailUrl":"https:\/\/www.sonoraenequipo.com.mx\/storage\/2024\/09\/regularizacion-de-autos-extranjeros-min.jpg","keywords":["autos chuecos regularizacion"],"articleSection":["Sonora"],"inLanguage":"es","potentialAction":[{"@type":"CommentAction","name":"Comment","target":["https:\/\/www.sonoraenequipo.com.mx\/reanuda-gobierno-de-sonora-regularizacion-de-vehiculos-de-procedencia-extranjera\/#respond"]}]},{"@type":"WebPage","@id":"https:\/\/www.sonoraenequipo.com.mx\/reanuda-gobierno-de-sonora-regularizacion-de-vehiculos-de-procedencia-extranjera\/","url":"https:\/\/www.sonoraenequipo.com.mx\/reanuda-gobierno-de-sonora-regularizacion-de-vehiculos-de-procedencia-extranjera\/","name":"Sonora en Equipo. Reanuda Gobierno de Sonora regularizaci\u00f3n de veh\u00edculos de procedencia extranjera Sonora","isPartOf":{"@id":"https:\/\/www.sonoraenequipo.com.mx\/#website"},"primaryImageOfPage":{"@id":"https:\/\/www.sonoraenequipo.com.mx\/reanuda-gobierno-de-sonora-regularizacion-de-vehiculos-de-procedencia-extranjera\/#primaryimage"},"image":{"@id":"https:\/\/www.sonoraenequipo.com.mx\/reanuda-gobierno-de-sonora-regularizacion-de-vehiculos-de-procedencia-extranjera\/#primaryimage"},"thumbnailUrl":"https:\/\/www.sonoraenequipo.com.mx\/storage\/2024\/09\/regularizacion-de-autos-extranjeros-min.jpg","datePublished":"2025-01-03T01:30:00+00:00","dateModified":"2025-01-03T01:47:53+00:00","description":"HERMOSILLO, SONORA, MX. \u2014 El Gobierno de Sonora retomar\u00e1 el pr\u00f3ximo seis de enero el proceso de regularizaci\u00f3n de autos usados de procedencia extranjera En Sonora en Equipo publicamos toda la informaci\u00f3n de Sonora, M\u00e9xico y el Mundo de manera oportuna y busca que la libertad de expresi\u00f3n sea real. Visita nuestro medio informativo publicado desde Hermosillo, Sonora. %","breadcrumb":{"@id":"https:\/\/www.sonoraenequipo.com.mx\/reanuda-gobierno-de-sonora-regularizacion-de-vehiculos-de-procedencia-extranjera\/#breadcrumb"},"inLanguage":"es","potentialAction":[{"@type":"ReadAction","target":["https:\/\/www.sonoraenequipo.com.mx\/reanuda-gobierno-de-sonora-regularizacion-de-vehiculos-de-procedencia-extranjera\/"]}]},{"@type":"ImageObject","inLanguage":"es","@id":"https:\/\/www.sonoraenequipo.com.mx\/reanuda-gobierno-de-sonora-regularizacion-de-vehiculos-de-procedencia-extranjera\/#primaryimage","url":"https:\/\/www.sonoraenequipo.com.mx\/storage\/2024\/09\/regularizacion-de-autos-extranjeros-min.jpg","contentUrl":"https:\/\/www.sonoraenequipo.com.mx\/storage\/2024\/09\/regularizacion-de-autos-extranjeros-min.jpg","width":960,"height":573},{"@type":"BreadcrumbList","@id":"https:\/\/www.sonoraenequipo.com.mx\/reanuda-gobierno-de-sonora-regularizacion-de-vehiculos-de-procedencia-extranjera\/#breadcrumb","itemListElement":[{"@type":"ListItem","position":1,"name":"Portada","item":"https:\/\/www.sonoraenequipo.com.mx\/"},{"@type":"ListItem","position":2,"name":"Reanuda Gobierno de Sonora regularizaci\u00f3n de veh\u00edculos de procedencia extranjera"}]},{"@type":"WebSite","@id":"https:\/\/www.sonoraenequipo.com.mx\/#website","url":"https:\/\/www.sonoraenequipo.com.mx\/","name":"Sonora en Equipo.","description":"Diario en l\u00ednea con Noticias desde Hermosillo, Sonora","publisher":{"@id":"https:\/\/www.sonoraenequipo.com.mx\/#organization"},"potentialAction":[{"@type":"SearchAction","target":{"@type":"EntryPoint","urlTemplate":"https:\/\/www.sonoraenequipo.com.mx\/?s={search_term_string}"},"query-input":{"@type":"PropertyValueSpecification","valueRequired":true,"valueName":"search_term_string"}}],"inLanguage":"es"},{"@type":"Organization","@id":"https:\/\/www.sonoraenequipo.com.mx\/#organization","name":"Sonoraenequipo.com.mx","url":"https:\/\/www.sonoraenequipo.com.mx\/","logo":{"@type":"ImageObject","inLanguage":"es","@id":"https:\/\/www.sonoraenequipo.com.mx\/#\/schema\/logo\/image\/","url":"https:\/\/www.sonoraenequipo.com.mx\/storage\/2019\/01\/sonoraenequipo_opt.png","contentUrl":"https:\/\/www.sonoraenequipo.com.mx\/storage\/2019\/01\/sonoraenequipo_opt.png","width":375,"height":125,"caption":"Sonoraenequipo.com.mx"},"image":{"@id":"https:\/\/www.sonoraenequipo.com.mx\/#\/schema\/logo\/image\/"},"sameAs":["https:\/\/www.facebook.com\/SonoraEE\/","https:\/\/x.com\/sonoraenequipo","https:\/\/www.youtube.com\/channel\/UC338nW-lPEYmJQs4ZABQ1SQ"]},{"@type":"Person","@id":"https:\/\/www.sonoraenequipo.com.mx\/#\/schema\/person\/50102df0fb23a8fa9e8effad8fa81386","name":"enequipo","image":{"@type":"ImageObject","inLanguage":"es","@id":"https:\/\/www.sonoraenequipo.com.mx\/#\/schema\/person\/image\/","url":"https:\/\/secure.gravatar.com\/avatar\/049821681b589dabc0bc20695993ccebb09f5b5d4d790cd9251b97faac7c652b?s=96&d=blank&r=g","contentUrl":"https:\/\/secure.gravatar.com\/avatar\/049821681b589dabc0bc20695993ccebb09f5b5d4d790cd9251b97faac7c652b?s=96&d=blank&r=g","caption":"enequipo"},"sameAs":["https:\/\/www.facebook.com\/SonoraEE"]}]}},"jetpack_featured_media_url":"https:\/\/www.sonoraenequipo.com.mx\/storage\/2024\/09\/regularizacion-de-autos-extranjeros-min.jpg","_links":{"self":[{"href":"https:\/\/www.sonoraenequipo.com.mx\/api\/wp\/v2\/posts\/206997","targetHints":{"allow":["GET"]}}],"collection":[{"href":"https:\/\/www.sonoraenequipo.com.mx\/api\/wp\/v2\/posts"}],"about":[{"href":"https:\/\/www.sonoraenequipo.com.mx\/api\/wp\/v2\/types\/post"}],"author":[{"embeddable":true,"href":"https:\/\/www.sonoraenequipo.com.mx\/api\/wp\/v2\/users\/1"}],"replies":[{"embeddable":true,"href":"https:\/\/www.sonoraenequipo.com.mx\/api\/wp\/v2\/comments?post=206997"}],"version-history":[{"count":2,"href":"https:\/\/www.sonoraenequipo.com.mx\/api\/wp\/v2\/posts\/206997\/revisions"}],"predecessor-version":[{"id":207003,"href":"https:\/\/www.sonoraenequipo.com.mx\/api\/wp\/v2\/posts\/206997\/revisions\/207003"}],"wp:featuredmedia":[{"embeddable":true,"href":"https:\/\/www.sonoraenequipo.com.mx\/api\/wp\/v2\/media\/199655"}],"wp:attachment":[{"href":"https:\/\/www.sonoraenequipo.com.mx\/api\/wp\/v2\/media?parent=206997"}],"wp:term":[{"taxonomy":"category","embeddable":true,"href":"https:\/\/www.sonoraenequipo.com.mx\/api\/wp\/v2\/categories?post=206997"},{"taxonomy":"post_tag","embeddable":true,"href":"https:\/\/www.sonoraenequipo.com.mx\/api\/wp\/v2\/tags?post=206997"}],"curies":[{"name":"wp","href":"https:\/\/api.w.org\/{rel}","templated":true}]}}