{"id":207035,"date":"2025-01-03T16:29:36","date_gmt":"2025-01-03T23:29:36","guid":{"rendered":"https:\/\/www.sonoraenequipo.com.mx\/?p=207035"},"modified":"2025-01-03T16:29:36","modified_gmt":"2025-01-03T23:29:36","slug":"el-modelo-del-humanismo-mexicano-funciona-presidenta-sheinbaum","status":"publish","type":"post","link":"https:\/\/www.sonoraenequipo.com.mx\/el-modelo-del-humanismo-mexicano-funciona-presidenta-sheinbaum\/","title":{"rendered":"\u201cEl modelo del humanismo mexicano funciona\u201d: presidenta Sheinbaum"},"content":{"rendered":"<p>&nbsp;<\/p>\n<p>&nbsp;<\/p>\n<p>&nbsp;<\/p>\n<p><strong>CIUDAD DE M\u00c9XICO.<\/strong><strong> \u0336 \u0336\u00a0 <\/strong>En la conferencia de prensa matutina: \u201cLas ma\u00f1aneras del pueblo\u201d, la Presidenta, Claudia Sheinbaum Pardo present\u00f3 los principales indicadores econ\u00f3micos de M\u00e9xico al cierre del 2024, en el cual el pa\u00eds registr\u00f3 cifras r\u00e9cord en distintos \u00e1mbitos, por lo que se mantiene como la doceava econom\u00eda del mundo; lo que demuestra que el Humanismo Mexicano funciona.<\/p>\n<p>&nbsp;<\/p>\n<p>\u201cSeguimos siendo la doceava econom\u00eda del mundo, pasamos de la 15 al 12. Estamos por encima de Espa\u00f1a, de Corea del Sur, de Australia, de Indonesia, Pa\u00edses Bajos, Turqu\u00eda, Arabia Saudita y Suiza. Algunos de los indicadores, para los pesimistas de la oposici\u00f3n\u201d, puntualiz\u00f3.<\/p>\n<p>&nbsp;<\/p>\n<p>Destac\u00f3 que, la variaci\u00f3n del tipo de cambio hasta el \u00faltimo d\u00eda del expresidente Andr\u00e9s Manuel L\u00f3pez Obrador present\u00f3 una apreciaci\u00f3n del peso del +3.3 por ciento, un r\u00e9cord hist\u00f3rico.<\/p>\n<p>&nbsp;<\/p>\n<p>Mientras que, al 31 de diciembre de 2024, el tipo de cambio respecto al d\u00f3lar estadounidense fue de 20.84 pesos, lo cual muestra una depreciaci\u00f3n producto de la incertidumbre en Estados Unidos y las variaciones de las tasas de la FED; lo que se entre en un periodo de estabilizaci\u00f3n una vez que el presidente electo Donald Trump tome el cargo.<\/p>\n<p>&nbsp;<\/p>\n<p>Adem\u00e1s, de que el peso mexicano est\u00e1 entre las monedas que menos depreciaci\u00f3n tuvo, s\u00f3lo por debajo del peso colombiano, la rupia india, el sol peruano y el rublo ruso.<\/p>\n<p>&nbsp;<\/p>\n<p>&nbsp;<\/p>\n<p>La Jefa del Ejecutivo Nacional celebr\u00f3 que durante el 2024 el empleo formal en el pa\u00eds present\u00f3 su nivel m\u00e1s alto hasta noviembre con 22 millones 238 mil 329 empleos y explic\u00f3 que en diciembre disminuy\u00f3 el indicador, como normalmente sucede en esa \u00e9poca del a\u00f1o, por lo que se trabaja al respecto.<\/p>\n<p>&nbsp;<\/p>\n<p>Asimismo, destac\u00f3 que el a\u00f1o 2024 se cerr\u00f3 con el salario medio m\u00e1s alto en la historia del pa\u00eds con 17 mil 867 pesos. Mientras que el salario m\u00ednimo increment\u00f3 135 por ciento en su poder adquisitivo respecto a 2018, a\u00f1o en el que se encontr\u00f3 en el nivel m\u00e1s bajo de Am\u00e9rica Latina y El Caribe.<\/p>\n<p>&nbsp;<\/p>\n<p>\u201cBrasil es hoy el pa\u00eds con menor salario m\u00ednimo; despu\u00e9s, Argentina, Per\u00fa, Colombia, Paraguay, Bolivia, El Salvador, Guatemala; y despu\u00e9s, arriba de nosotros, Ecuador, Uruguay, Chile, Honduras, Panam\u00e1 y Costa Rica. Pero M\u00e9xico pas\u00f3 del \u00faltimo lugar a por encima del nivel medio, y vamos a seguir aumentando el salario m\u00ednimo, como saben, hasta poder alcanzar 2.5 canastas b\u00e1sicas\u201d, destac\u00f3.<\/p>\n<p>&nbsp;<\/p>\n<p>Inform\u00f3 que la tasa de desempleo en M\u00e9xico es de 2.5 por ciento, equivalente a Jap\u00f3n y superando a pa\u00edses como Espa\u00f1a que es del 11.21 por ciento y a Estados Unidos con 4.2 por ciento; por lo que destac\u00f3 que solo Corea del Sur, en t\u00e9rminos de los pa\u00edses miembros de la Organizaci\u00f3n para la Cooperaci\u00f3n y el Desarrollo Econ\u00f3mico (OCDE), tiene una menor tasa de desempleo con 2.3 por ciento.<\/p>\n<p>&nbsp;<\/p>\n<p>Sobre los ingresos tributarios, destac\u00f3 que al 31 de diciembre de 2024, se registr\u00f3 un r\u00e9cord hist\u00f3rico con m\u00e1s de 400 mil millones de pesos (mdp) adicionales al 2023. Adem\u00e1s de que la deuda p\u00fablica del pa\u00eds es m\u00e1s baja que la de otros pa\u00edses como Corea del Sur, Australia, Alemania, Sud\u00e1frica, Brasil, Reino Unido, Canad\u00e1, Espa\u00f1a, Francia, Estados Unidos, Italia y Jap\u00f3n.<\/p>\n<p>&nbsp;<\/p>\n<p>Record\u00f3 que hay r\u00e9cord en Inversi\u00f3n Extranjera Directa (IED), ya que est\u00e1 en su m\u00e1ximo hist\u00f3rico con 34 mil 313 millones de d\u00f3lares, aunado a que M\u00e9xico es el principal socio comercial de los Estados Unidos; se tienen reservas internacionales del Banco de M\u00e9xico a niveles r\u00e9cord; la inflaci\u00f3n anual fue del 4.55 por ciento en noviembre; el crecimiento del Producto Interno Bruto (PIB) al tercer trimestre cerr\u00f3 en 1.6 por ciento, por encima de Corea del Sur, Francia, B\u00e9lgica, Italia, Austria y Alemania.<\/p>\n<p><strong>Fecha de publicaci\u00f3n<\/strong><strong> viernes 3 de enero de 2025 \/<\/strong><\/p>\n<p>&nbsp;<\/p>\n","protected":false},"excerpt":{"rendered":"<p>&nbsp; &nbsp; &nbsp; CIUDAD DE M\u00c9XICO. \u0336 \u0336\u00a0 En la conferencia de prensa matutina: \u201cLas&#8230;<\/p>\n","protected":false},"author":1,"featured_media":207036,"comment_status":"open","ping_status":"open","sticky":false,"template":"","format":"standard","meta":{"_monsterinsights_skip_tracking":false,"_monsterinsights_sitenote_active":false,"_monsterinsights_sitenote_note":"","_monsterinsights_sitenote_category":0,"footnotes":""},"categories":[1],"tags":[2432],"class_list":["post"],"yoast_head":" \n<title>Sonora en Equipo. \u201cEl modelo del humanismo mexicano funciona\u201d: presidenta Sheinbaum<\/title>\n<meta name=\"description\" content=\"&nbsp; &nbsp; &nbsp; CIUDAD DE M\u00c9XICO. \u0336 \u0336\u00a0 En la conferencia de prensa matutina: \u201cLas ma\u00f1aneras del pueblo\u201d, la Presidenta, Claudia Sheinbaum Pardo En Sonora en Equipo publicamos toda la informaci\u00f3n de Sonora, M\u00e9xico y el Mundo de manera oportuna y busca que la libertad de expresi\u00f3n sea real. Visita nuestro medio informativo publicado desde Hermosillo, Sonora. %\" \/>\n<meta name=\"robots\" content=\"index, follow, max-snippet:-1, max-image-preview:large, max-video-preview:-1\" \/>\n<link rel=\"canonical\" href=\"https:\/\/www.sonoraenequipo.com.mx\/el-modelo-del-humanismo-mexicano-funciona-presidenta-sheinbaum\/\" \/>\n<meta property=\"og:locale\" content=\"es_ES\" \/>\n<meta property=\"og:type\" content=\"article\" \/>\n<meta property=\"og:title\" content=\"Sonora en Equipo. \u201cEl modelo del humanismo mexicano funciona\u201d: presidenta Sheinbaum\" \/>\n<meta property=\"og:description\" content=\"&nbsp; &nbsp; &nbsp; CIUDAD DE M\u00c9XICO. \u0336 \u0336\u00a0 En la conferencia de prensa matutina: \u201cLas ma\u00f1aneras del pueblo\u201d, la Presidenta, Claudia Sheinbaum Pardo En Sonora en Equipo publicamos toda la informaci\u00f3n de Sonora, M\u00e9xico y el Mundo de manera oportuna y busca que la libertad de expresi\u00f3n sea real. Visita nuestro medio informativo publicado desde Hermosillo, Sonora. %\" \/>\n<meta property=\"og:url\" content=\"https:\/\/www.sonoraenequipo.com.mx\/el-modelo-del-humanismo-mexicano-funciona-presidenta-sheinbaum\/\" \/>\n<meta property=\"og:site_name\" content=\"Sonora en Equipo.\" \/>\n<meta property=\"article:publisher\" content=\"https:\/\/www.facebook.com\/SonoraEE\/\" \/>\n<meta property=\"article:author\" content=\"https:\/\/www.facebook.com\/SonoraEE\" \/>\n<meta property=\"article:published_time\" content=\"2025-01-03T23:29:36+00:00\" \/>\n<meta property=\"og:image\" content=\"https:\/\/www.sonoraenequipo.com.mx\/storage\/2025\/01\/csp-indicadores-eco.jpg\" \/>\n\t<meta property=\"og:image:width\" content=\"600\" \/>\n\t<meta property=\"og:image:height\" content=\"400\" \/>\n\t<meta property=\"og:image:type\" content=\"image\/jpeg\" \/>\n<meta name=\"author\" content=\"enequipo\" \/>\n<meta name=\"twitter:card\" content=\"summary_large_image\" \/>\n<meta name=\"twitter:creator\" content=\"@sonoraenequipo\" \/>\n<meta name=\"twitter:site\" content=\"@sonoraenequipo\" \/>\n<meta name=\"twitter:label1\" content=\"Escrito por\" \/>\n\t<meta name=\"twitter:data1\" content=\"enequipo\" \/>\n\t<meta name=\"twitter:label2\" content=\"Tiempo de lectura\" \/>\n\t<meta name=\"twitter:data2\" content=\"3 minutos\" \/>\n<script type=\"application\/ld+json\" class=\"yoast-schema-graph\">{\"@context\":\"https:\/\/schema.org\",\"@graph\":[{\"@type\":\"Article\",\"@id\":\"https:\/\/www.sonoraenequipo.com.mx\/el-modelo-del-humanismo-mexicano-funciona-presidenta-sheinbaum\/#article\",\"isPartOf\":{\"@id\":\"https:\/\/www.sonoraenequipo.com.mx\/el-modelo-del-humanismo-mexicano-funciona-presidenta-sheinbaum\/\"},\"author\":{\"name\":\"enequipo\",\"@id\":\"https:\/\/www.sonoraenequipo.com.mx\/#\/schema\/person\/50102df0fb23a8fa9e8effad8fa81386\"},\"headline\":\"\u201cEl modelo del humanismo mexicano funciona\u201d: presidenta Sheinbaum\",\"datePublished\":\"2025-01-03T23:29:36+00:00\",\"mainEntityOfPage\":{\"@id\":\"https:\/\/www.sonoraenequipo.com.mx\/el-modelo-del-humanismo-mexicano-funciona-presidenta-sheinbaum\/\"},\"wordCount\":687,\"commentCount\":0,\"publisher\":{\"@id\":\"https:\/\/www.sonoraenequipo.com.mx\/#organization\"},\"image\":{\"@id\":\"https:\/\/www.sonoraenequipo.com.mx\/el-modelo-del-humanismo-mexicano-funciona-presidenta-sheinbaum\/#primaryimage\"},\"thumbnailUrl\":\"https:\/\/www.sonoraenequipo.com.mx\/storage\/2025\/01\/csp-indicadores-eco.jpg\",\"keywords\":[\"Claudia Sheinbaum\"],\"articleSection\":[\"Sin categorizar\"],\"inLanguage\":\"es\",\"potentialAction\":[{\"@type\":\"CommentAction\",\"name\":\"Comment\",\"target\":[\"https:\/\/www.sonoraenequipo.com.mx\/el-modelo-del-humanismo-mexicano-funciona-presidenta-sheinbaum\/#respond\"]}]},{\"@type\":\"WebPage\",\"@id\":\"https:\/\/www.sonoraenequipo.com.mx\/el-modelo-del-humanismo-mexicano-funciona-presidenta-sheinbaum\/\",\"url\":\"https:\/\/www.sonoraenequipo.com.mx\/el-modelo-del-humanismo-mexicano-funciona-presidenta-sheinbaum\/\",\"name\":\"Sonora en Equipo. \u201cEl modelo del humanismo mexicano funciona\u201d: presidenta Sheinbaum\",\"isPartOf\":{\"@id\":\"https:\/\/www.sonoraenequipo.com.mx\/#website\"},\"primaryImageOfPage\":{\"@id\":\"https:\/\/www.sonoraenequipo.com.mx\/el-modelo-del-humanismo-mexicano-funciona-presidenta-sheinbaum\/#primaryimage\"},\"image\":{\"@id\":\"https:\/\/www.sonoraenequipo.com.mx\/el-modelo-del-humanismo-mexicano-funciona-presidenta-sheinbaum\/#primaryimage\"},\"thumbnailUrl\":\"https:\/\/www.sonoraenequipo.com.mx\/storage\/2025\/01\/csp-indicadores-eco.jpg\",\"datePublished\":\"2025-01-03T23:29:36+00:00\",\"description\":\"&nbsp; &nbsp; &nbsp; CIUDAD DE M\u00c9XICO. \u0336 \u0336\u00a0 En la conferencia de prensa matutina: \u201cLas ma\u00f1aneras del pueblo\u201d, la Presidenta, Claudia Sheinbaum Pardo En Sonora en Equipo publicamos toda la informaci\u00f3n de Sonora, M\u00e9xico y el Mundo de manera oportuna y busca que la libertad de expresi\u00f3n sea real. Visita nuestro medio informativo publicado desde Hermosillo, Sonora. %\",\"breadcrumb\":{\"@id\":\"https:\/\/www.sonoraenequipo.com.mx\/el-modelo-del-humanismo-mexicano-funciona-presidenta-sheinbaum\/#breadcrumb\"},\"inLanguage\":\"es\",\"potentialAction\":[{\"@type\":\"ReadAction\",\"target\":[\"https:\/\/www.sonoraenequipo.com.mx\/el-modelo-del-humanismo-mexicano-funciona-presidenta-sheinbaum\/\"]}]},{\"@type\":\"ImageObject\",\"inLanguage\":\"es\",\"@id\":\"https:\/\/www.sonoraenequipo.com.mx\/el-modelo-del-humanismo-mexicano-funciona-presidenta-sheinbaum\/#primaryimage\",\"url\":\"https:\/\/www.sonoraenequipo.com.mx\/storage\/2025\/01\/csp-indicadores-eco.jpg\",\"contentUrl\":\"https:\/\/www.sonoraenequipo.com.mx\/storage\/2025\/01\/csp-indicadores-eco.jpg\",\"width\":600,\"height\":400},{\"@type\":\"BreadcrumbList\",\"@id\":\"https:\/\/www.sonoraenequipo.com.mx\/el-modelo-del-humanismo-mexicano-funciona-presidenta-sheinbaum\/#breadcrumb\",\"itemListElement\":[{\"@type\":\"ListItem\",\"position\":1,\"name\":\"Portada\",\"item\":\"https:\/\/www.sonoraenequipo.com.mx\/\"},{\"@type\":\"ListItem\",\"position\":2,\"name\":\"\u201cEl modelo del humanismo mexicano funciona\u201d: presidenta Sheinbaum\"}]},{\"@type\":\"WebSite\",\"@id\":\"https:\/\/www.sonoraenequipo.com.mx\/#website\",\"url\":\"https:\/\/www.sonoraenequipo.com.mx\/\",\"name\":\"Sonora en Equipo.\",\"description\":\"Diario en l\u00ednea con Noticias desde Hermosillo, Sonora\",\"publisher\":{\"@id\":\"https:\/\/www.sonoraenequipo.com.mx\/#organization\"},\"potentialAction\":[{\"@type\":\"SearchAction\",\"target\":{\"@type\":\"EntryPoint\",\"urlTemplate\":\"https:\/\/www.sonoraenequipo.com.mx\/?s={search_term_string}\"},\"query-input\":{\"@type\":\"PropertyValueSpecification\",\"valueRequired\":true,\"valueName\":\"search_term_string\"}}],\"inLanguage\":\"es\"},{\"@type\":\"Organization\",\"@id\":\"https:\/\/www.sonoraenequipo.com.mx\/#organization\",\"name\":\"Sonoraenequipo.com.mx\",\"url\":\"https:\/\/www.sonoraenequipo.com.mx\/\",\"logo\":{\"@type\":\"ImageObject\",\"inLanguage\":\"es\",\"@id\":\"https:\/\/www.sonoraenequipo.com.mx\/#\/schema\/logo\/image\/\",\"url\":\"https:\/\/www.sonoraenequipo.com.mx\/storage\/2019\/01\/sonoraenequipo_opt.png\",\"contentUrl\":\"https:\/\/www.sonoraenequipo.com.mx\/storage\/2019\/01\/sonoraenequipo_opt.png\",\"width\":375,\"height\":125,\"caption\":\"Sonoraenequipo.com.mx\"},\"image\":{\"@id\":\"https:\/\/www.sonoraenequipo.com.mx\/#\/schema\/logo\/image\/\"},\"sameAs\":[\"https:\/\/www.facebook.com\/SonoraEE\/\",\"https:\/\/x.com\/sonoraenequipo\",\"https:\/\/www.youtube.com\/channel\/UC338nW-lPEYmJQs4ZABQ1SQ\"]},{\"@type\":\"Person\",\"@id\":\"https:\/\/www.sonoraenequipo.com.mx\/#\/schema\/person\/50102df0fb23a8fa9e8effad8fa81386\",\"name\":\"enequipo\",\"image\":{\"@type\":\"ImageObject\",\"inLanguage\":\"es\",\"@id\":\"https:\/\/www.sonoraenequipo.com.mx\/#\/schema\/person\/image\/\",\"url\":\"https:\/\/secure.gravatar.com\/avatar\/049821681b589dabc0bc20695993ccebb09f5b5d4d790cd9251b97faac7c652b?s=96&d=blank&r=g\",\"contentUrl\":\"https:\/\/secure.gravatar.com\/avatar\/049821681b589dabc0bc20695993ccebb09f5b5d4d790cd9251b97faac7c652b?s=96&d=blank&r=g\",\"caption\":\"enequipo\"},\"sameAs\":[\"https:\/\/www.facebook.com\/SonoraEE\"]}]}<\/script>\n ","yoast_head_json":{"title":"Sonora en Equipo. \u201cEl modelo del humanismo mexicano funciona\u201d: presidenta Sheinbaum","description":"&nbsp; &nbsp; &nbsp; CIUDAD DE M\u00c9XICO. \u0336 \u0336\u00a0 En la conferencia de prensa matutina: \u201cLas ma\u00f1aneras del pueblo\u201d, la Presidenta, Claudia Sheinbaum Pardo En Sonora en Equipo publicamos toda la informaci\u00f3n de Sonora, M\u00e9xico y el Mundo de manera oportuna y busca que la libertad de expresi\u00f3n sea real. Visita nuestro medio informativo publicado desde Hermosillo, Sonora. %","robots":{"index":"index","follow":"follow","max-snippet":"max-snippet:-1","max-image-preview":"max-image-preview:large","max-video-preview":"max-video-preview:-1"},"canonical":"https:\/\/www.sonoraenequipo.com.mx\/el-modelo-del-humanismo-mexicano-funciona-presidenta-sheinbaum\/","og_locale":"es_ES","og_type":"article","og_title":"Sonora en Equipo. \u201cEl modelo del humanismo mexicano funciona\u201d: presidenta Sheinbaum","og_description":"&nbsp; &nbsp; &nbsp; CIUDAD DE M\u00c9XICO. \u0336 \u0336\u00a0 En la conferencia de prensa matutina: \u201cLas ma\u00f1aneras del pueblo\u201d, la Presidenta, Claudia Sheinbaum Pardo En Sonora en Equipo publicamos toda la informaci\u00f3n de Sonora, M\u00e9xico y el Mundo de manera oportuna y busca que la libertad de expresi\u00f3n sea real. Visita nuestro medio informativo publicado desde Hermosillo, Sonora. %","og_url":"https:\/\/www.sonoraenequipo.com.mx\/el-modelo-del-humanismo-mexicano-funciona-presidenta-sheinbaum\/","og_site_name":"Sonora en Equipo.","article_publisher":"https:\/\/www.facebook.com\/SonoraEE\/","article_author":"https:\/\/www.facebook.com\/SonoraEE","article_published_time":"2025-01-03T23:29:36+00:00","og_image":[{"width":600,"height":400,"url":"https:\/\/www.sonoraenequipo.com.mx\/storage\/2025\/01\/csp-indicadores-eco.jpg","type":"image\/jpeg"}],"author":"enequipo","twitter_card":"summary_large_image","twitter_creator":"@sonoraenequipo","twitter_site":"@sonoraenequipo","twitter_misc":{"Escrito por":"enequipo","Tiempo de lectura":"3 minutos"},"schema":{"@context":"https:\/\/schema.org","@graph":[{"@type":"Article","@id":"https:\/\/www.sonoraenequipo.com.mx\/el-modelo-del-humanismo-mexicano-funciona-presidenta-sheinbaum\/#article","isPartOf":{"@id":"https:\/\/www.sonoraenequipo.com.mx\/el-modelo-del-humanismo-mexicano-funciona-presidenta-sheinbaum\/"},"author":{"name":"enequipo","@id":"https:\/\/www.sonoraenequipo.com.mx\/#\/schema\/person\/50102df0fb23a8fa9e8effad8fa81386"},"headline":"\u201cEl modelo del humanismo mexicano funciona\u201d: presidenta Sheinbaum","datePublished":"2025-01-03T23:29:36+00:00","mainEntityOfPage":{"@id":"https:\/\/www.sonoraenequipo.com.mx\/el-modelo-del-humanismo-mexicano-funciona-presidenta-sheinbaum\/"},"wordCount":687,"commentCount":0,"publisher":{"@id":"https:\/\/www.sonoraenequipo.com.mx\/#organization"},"image":{"@id":"https:\/\/www.sonoraenequipo.com.mx\/el-modelo-del-humanismo-mexicano-funciona-presidenta-sheinbaum\/#primaryimage"},"thumbnailUrl":"https:\/\/www.sonoraenequipo.com.mx\/storage\/2025\/01\/csp-indicadores-eco.jpg","keywords":["Claudia Sheinbaum"],"articleSection":["Sin categorizar"],"inLanguage":"es","potentialAction":[{"@type":"CommentAction","name":"Comment","target":["https:\/\/www.sonoraenequipo.com.mx\/el-modelo-del-humanismo-mexicano-funciona-presidenta-sheinbaum\/#respond"]}]},{"@type":"WebPage","@id":"https:\/\/www.sonoraenequipo.com.mx\/el-modelo-del-humanismo-mexicano-funciona-presidenta-sheinbaum\/","url":"https:\/\/www.sonoraenequipo.com.mx\/el-modelo-del-humanismo-mexicano-funciona-presidenta-sheinbaum\/","name":"Sonora en Equipo. \u201cEl modelo del humanismo mexicano funciona\u201d: presidenta Sheinbaum","isPartOf":{"@id":"https:\/\/www.sonoraenequipo.com.mx\/#website"},"primaryImageOfPage":{"@id":"https:\/\/www.sonoraenequipo.com.mx\/el-modelo-del-humanismo-mexicano-funciona-presidenta-sheinbaum\/#primaryimage"},"image":{"@id":"https:\/\/www.sonoraenequipo.com.mx\/el-modelo-del-humanismo-mexicano-funciona-presidenta-sheinbaum\/#primaryimage"},"thumbnailUrl":"https:\/\/www.sonoraenequipo.com.mx\/storage\/2025\/01\/csp-indicadores-eco.jpg","datePublished":"2025-01-03T23:29:36+00:00","description":"&nbsp; &nbsp; &nbsp; CIUDAD DE M\u00c9XICO. \u0336 \u0336\u00a0 En la conferencia de prensa matutina: \u201cLas ma\u00f1aneras del pueblo\u201d, la Presidenta, Claudia Sheinbaum Pardo En Sonora en Equipo publicamos toda la informaci\u00f3n de Sonora, M\u00e9xico y el Mundo de manera oportuna y busca que la libertad de expresi\u00f3n sea real. Visita nuestro medio informativo publicado desde Hermosillo, Sonora. %","breadcrumb":{"@id":"https:\/\/www.sonoraenequipo.com.mx\/el-modelo-del-humanismo-mexicano-funciona-presidenta-sheinbaum\/#breadcrumb"},"inLanguage":"es","potentialAction":[{"@type":"ReadAction","target":["https:\/\/www.sonoraenequipo.com.mx\/el-modelo-del-humanismo-mexicano-funciona-presidenta-sheinbaum\/"]}]},{"@type":"ImageObject","inLanguage":"es","@id":"https:\/\/www.sonoraenequipo.com.mx\/el-modelo-del-humanismo-mexicano-funciona-presidenta-sheinbaum\/#primaryimage","url":"https:\/\/www.sonoraenequipo.com.mx\/storage\/2025\/01\/csp-indicadores-eco.jpg","contentUrl":"https:\/\/www.sonoraenequipo.com.mx\/storage\/2025\/01\/csp-indicadores-eco.jpg","width":600,"height":400},{"@type":"BreadcrumbList","@id":"https:\/\/www.sonoraenequipo.com.mx\/el-modelo-del-humanismo-mexicano-funciona-presidenta-sheinbaum\/#breadcrumb","itemListElement":[{"@type":"ListItem","position":1,"name":"Portada","item":"https:\/\/www.sonoraenequipo.com.mx\/"},{"@type":"ListItem","position":2,"name":"\u201cEl modelo del humanismo mexicano funciona\u201d: presidenta Sheinbaum"}]},{"@type":"WebSite","@id":"https:\/\/www.sonoraenequipo.com.mx\/#website","url":"https:\/\/www.sonoraenequipo.com.mx\/","name":"Sonora en Equipo.","description":"Diario en l\u00ednea con Noticias desde Hermosillo, Sonora","publisher":{"@id":"https:\/\/www.sonoraenequipo.com.mx\/#organization"},"potentialAction":[{"@type":"SearchAction","target":{"@type":"EntryPoint","urlTemplate":"https:\/\/www.sonoraenequipo.com.mx\/?s={search_term_string}"},"query-input":{"@type":"PropertyValueSpecification","valueRequired":true,"valueName":"search_term_string"}}],"inLanguage":"es"},{"@type":"Organization","@id":"https:\/\/www.sonoraenequipo.com.mx\/#organization","name":"Sonoraenequipo.com.mx","url":"https:\/\/www.sonoraenequipo.com.mx\/","logo":{"@type":"ImageObject","inLanguage":"es","@id":"https:\/\/www.sonoraenequipo.com.mx\/#\/schema\/logo\/image\/","url":"https:\/\/www.sonoraenequipo.com.mx\/storage\/2019\/01\/sonoraenequipo_opt.png","contentUrl":"https:\/\/www.sonoraenequipo.com.mx\/storage\/2019\/01\/sonoraenequipo_opt.png","width":375,"height":125,"caption":"Sonoraenequipo.com.mx"},"image":{"@id":"https:\/\/www.sonoraenequipo.com.mx\/#\/schema\/logo\/image\/"},"sameAs":["https:\/\/www.facebook.com\/SonoraEE\/","https:\/\/x.com\/sonoraenequipo","https:\/\/www.youtube.com\/channel\/UC338nW-lPEYmJQs4ZABQ1SQ"]},{"@type":"Person","@id":"https:\/\/www.sonoraenequipo.com.mx\/#\/schema\/person\/50102df0fb23a8fa9e8effad8fa81386","name":"enequipo","image":{"@type":"ImageObject","inLanguage":"es","@id":"https:\/\/www.sonoraenequipo.com.mx\/#\/schema\/person\/image\/","url":"https:\/\/secure.gravatar.com\/avatar\/049821681b589dabc0bc20695993ccebb09f5b5d4d790cd9251b97faac7c652b?s=96&d=blank&r=g","contentUrl":"https:\/\/secure.gravatar.com\/avatar\/049821681b589dabc0bc20695993ccebb09f5b5d4d790cd9251b97faac7c652b?s=96&d=blank&r=g","caption":"enequipo"},"sameAs":["https:\/\/www.facebook.com\/SonoraEE"]}]}},"jetpack_featured_media_url":"https:\/\/www.sonoraenequipo.com.mx\/storage\/2025\/01\/csp-indicadores-eco.jpg","_links":{"self":[{"href":"https:\/\/www.sonoraenequipo.com.mx\/api\/wp\/v2\/posts\/207035","targetHints":{"allow":["GET"]}}],"collection":[{"href":"https:\/\/www.sonoraenequipo.com.mx\/api\/wp\/v2\/posts"}],"about":[{"href":"https:\/\/www.sonoraenequipo.com.mx\/api\/wp\/v2\/types\/post"}],"author":[{"embeddable":true,"href":"https:\/\/www.sonoraenequipo.com.mx\/api\/wp\/v2\/users\/1"}],"replies":[{"embeddable":true,"href":"https:\/\/www.sonoraenequipo.com.mx\/api\/wp\/v2\/comments?post=207035"}],"version-history":[{"count":1,"href":"https:\/\/www.sonoraenequipo.com.mx\/api\/wp\/v2\/posts\/207035\/revisions"}],"predecessor-version":[{"id":207037,"href":"https:\/\/www.sonoraenequipo.com.mx\/api\/wp\/v2\/posts\/207035\/revisions\/207037"}],"wp:featuredmedia":[{"embeddable":true,"href":"https:\/\/www.sonoraenequipo.com.mx\/api\/wp\/v2\/media\/207036"}],"wp:attachment":[{"href":"https:\/\/www.sonoraenequipo.com.mx\/api\/wp\/v2\/media?parent=207035"}],"wp:term":[{"taxonomy":"category","embeddable":true,"href":"https:\/\/www.sonoraenequipo.com.mx\/api\/wp\/v2\/categories?post=207035"},{"taxonomy":"post_tag","embeddable":true,"href":"https:\/\/www.sonoraenequipo.com.mx\/api\/wp\/v2\/tags?post=207035"}],"curies":[{"name":"wp","href":"https:\/\/api.w.org\/{rel}","templated":true}]}}