{"id":207041,"date":"2025-01-03T16:47:38","date_gmt":"2025-01-03T23:47:38","guid":{"rendered":"https:\/\/www.sonoraenequipo.com.mx\/?p=207041"},"modified":"2025-01-03T16:47:38","modified_gmt":"2025-01-03T23:47:38","slug":"trabaja-salud-sonora-en-prevencion-para-disminuir-enfermedades","status":"publish","type":"post","link":"https:\/\/www.sonoraenequipo.com.mx\/trabaja-salud-sonora-en-prevencion-para-disminuir-enfermedades\/","title":{"rendered":"Trabaja Salud Sonora en prevenci\u00f3n para disminuir enfermedades"},"content":{"rendered":"<p><strong>HERMOSILLO, SONORA, MX.<\/strong> \u2014 Sonora contin\u00faa en el lugar 25 de 30 estados de la rep\u00fablica que reportaron casos confirmados de dengue, inform\u00f3 la Secretar\u00eda de Salud (SSP), esto por el trabajo preventivo que se hace para evitar la enfermedad o en su caso, que se detecte a tiempo para tener el tratamiento adecuado.<\/p>\n<p>&nbsp;<\/p>\n<p>&nbsp;<\/p>\n<p>&nbsp;<\/p>\n<p>Cabe destacar que hasta la semana epidemiol\u00f3gica 52 del a\u00f1o, se registraron un total de 912 casos y cero defunciones.<\/p>\n<p>&nbsp;<\/p>\n<p>&nbsp;<\/p>\n<p>&nbsp;<\/p>\n<p>Para evitar la circulaci\u00f3n del mosquito transmisor del dengue, la SSP exhort\u00f3 a mantener los hogares libres de cacharros, mismos que pueden ser un potencial de criaderos, como recipientes con agua, por lo que hay que voltearlos, lavar los bebederos de las mascotas y el lavadero, tambi\u00e9n hay que tirar llantas y todo lo que pueda acumular agua.<\/p>\n<p>&nbsp;<\/p>\n<p>&nbsp;<\/p>\n<p>&nbsp;<\/p>\n<p>Durante la actual temporada invernal se han confirmado 22 casos de covid-19 y una defunci\u00f3n; mientras que de casos de influenza se han acumulado, hasta la semana epidemiol\u00f3gica 52, 102 casos y cuatro defunciones. En otros virus respiratorios, se confirman 23 casos y cero defunciones.<\/p>\n<p>&nbsp;<\/p>\n<p>&nbsp;<\/p>\n<p>&nbsp;<\/p>\n<p>La SSP hizo un llamado a la poblaci\u00f3n a mantener un estilo de vida saludable para evitar enfermedades, as\u00ed como un hogar limpio, libre de maleza y cacharros. En caso de s\u00edntomas como dolor de cabeza, malestar general, fiebre que no baja, no hay que automedicarse y s\u00ed acudir de inmediato a su unidad de salud.<\/p>\n<p><strong>Fecha de publicaci\u00f3n<\/strong><strong> viernes 3 de enero de 2025 \/<\/strong><\/p>\n<p>&nbsp;<\/p>\n","protected":false},"excerpt":{"rendered":"<p>HERMOSILLO, SONORA, MX. \u2014 Sonora contin\u00faa en el lugar 25 de 30 estados de la&#8230;<\/p>\n","protected":false},"author":1,"featured_media":68284,"comment_status":"open","ping_status":"open","sticky":false,"template":"","format":"standard","meta":{"_monsterinsights_skip_tracking":false,"_monsterinsights_sitenote_active":false,"_monsterinsights_sitenote_note":"","_monsterinsights_sitenote_category":0,"footnotes":""},"categories":[22],"tags":[68,74,15],"class_list":["post"],"yoast_head":" \n<title>Sonora en Equipo. Trabaja Salud Sonora en prevenci\u00f3n para disminuir enfermedades Sonora<\/title>\n<meta name=\"description\" content=\"HERMOSILLO, SONORA, MX. \u2014 Sonora contin\u00faa en el lugar 25 de 30 estados de la rep\u00fablica que reportaron casos confirmados de dengue, inform\u00f3 la Secretar\u00eda En Sonora en Equipo publicamos toda la informaci\u00f3n de Sonora, M\u00e9xico y el Mundo de manera oportuna y busca que la libertad de expresi\u00f3n sea real. Visita nuestro medio informativo publicado desde Hermosillo, Sonora. %\" \/>\n<meta name=\"robots\" content=\"index, follow, max-snippet:-1, max-image-preview:large, max-video-preview:-1\" \/>\n<link rel=\"canonical\" href=\"https:\/\/www.sonoraenequipo.com.mx\/trabaja-salud-sonora-en-prevencion-para-disminuir-enfermedades\/\" \/>\n<meta property=\"og:locale\" content=\"es_ES\" \/>\n<meta property=\"og:type\" content=\"article\" \/>\n<meta property=\"og:title\" content=\"Sonora en Equipo. Trabaja Salud Sonora en prevenci\u00f3n para disminuir enfermedades Sonora\" \/>\n<meta property=\"og:description\" content=\"HERMOSILLO, SONORA, MX. \u2014 Sonora contin\u00faa en el lugar 25 de 30 estados de la rep\u00fablica que reportaron casos confirmados de dengue, inform\u00f3 la Secretar\u00eda En Sonora en Equipo publicamos toda la informaci\u00f3n de Sonora, M\u00e9xico y el Mundo de manera oportuna y busca que la libertad de expresi\u00f3n sea real. Visita nuestro medio informativo publicado desde Hermosillo, Sonora. %\" \/>\n<meta property=\"og:url\" content=\"https:\/\/www.sonoraenequipo.com.mx\/trabaja-salud-sonora-en-prevencion-para-disminuir-enfermedades\/\" \/>\n<meta property=\"og:site_name\" content=\"Sonora en Equipo.\" \/>\n<meta property=\"article:publisher\" content=\"https:\/\/www.facebook.com\/SonoraEE\/\" \/>\n<meta property=\"article:author\" content=\"https:\/\/www.facebook.com\/SonoraEE\" \/>\n<meta property=\"article:published_time\" content=\"2025-01-03T23:47:38+00:00\" \/>\n<meta property=\"og:image\" content=\"https:\/\/www.sonoraenequipo.com.mx\/storage\/2019\/10\/vselmosco_opt.jpg\" \/>\n\t<meta property=\"og:image:width\" content=\"526\" \/>\n\t<meta property=\"og:image:height\" content=\"350\" \/>\n\t<meta property=\"og:image:type\" content=\"image\/jpeg\" \/>\n<meta name=\"author\" content=\"enequipo\" \/>\n<meta name=\"twitter:card\" content=\"summary_large_image\" \/>\n<meta name=\"twitter:creator\" content=\"@sonoraenequipo\" \/>\n<meta name=\"twitter:site\" content=\"@sonoraenequipo\" \/>\n<meta name=\"twitter:label1\" content=\"Escrito por\" \/>\n\t<meta name=\"twitter:data1\" content=\"enequipo\" \/>\n\t<meta name=\"twitter:label2\" content=\"Tiempo de lectura\" \/>\n\t<meta name=\"twitter:data2\" content=\"1 minuto\" \/>\n<script type=\"application\/ld+json\" class=\"yoast-schema-graph\">{\"@context\":\"https:\/\/schema.org\",\"@graph\":[{\"@type\":\"Article\",\"@id\":\"https:\/\/www.sonoraenequipo.com.mx\/trabaja-salud-sonora-en-prevencion-para-disminuir-enfermedades\/#article\",\"isPartOf\":{\"@id\":\"https:\/\/www.sonoraenequipo.com.mx\/trabaja-salud-sonora-en-prevencion-para-disminuir-enfermedades\/\"},\"author\":{\"name\":\"enequipo\",\"@id\":\"https:\/\/www.sonoraenequipo.com.mx\/#\/schema\/person\/50102df0fb23a8fa9e8effad8fa81386\"},\"headline\":\"Trabaja Salud Sonora en prevenci\u00f3n para disminuir enfermedades\",\"datePublished\":\"2025-01-03T23:47:38+00:00\",\"mainEntityOfPage\":{\"@id\":\"https:\/\/www.sonoraenequipo.com.mx\/trabaja-salud-sonora-en-prevencion-para-disminuir-enfermedades\/\"},\"wordCount\":265,\"commentCount\":0,\"publisher\":{\"@id\":\"https:\/\/www.sonoraenequipo.com.mx\/#organization\"},\"image\":{\"@id\":\"https:\/\/www.sonoraenequipo.com.mx\/trabaja-salud-sonora-en-prevencion-para-disminuir-enfermedades\/#primaryimage\"},\"thumbnailUrl\":\"https:\/\/www.sonoraenequipo.com.mx\/storage\/2019\/10\/vselmosco_opt.jpg\",\"keywords\":[\"dengue\",\"salud\",\"Sonora\"],\"articleSection\":[\"Sonora\"],\"inLanguage\":\"es\",\"potentialAction\":[{\"@type\":\"CommentAction\",\"name\":\"Comment\",\"target\":[\"https:\/\/www.sonoraenequipo.com.mx\/trabaja-salud-sonora-en-prevencion-para-disminuir-enfermedades\/#respond\"]}]},{\"@type\":\"WebPage\",\"@id\":\"https:\/\/www.sonoraenequipo.com.mx\/trabaja-salud-sonora-en-prevencion-para-disminuir-enfermedades\/\",\"url\":\"https:\/\/www.sonoraenequipo.com.mx\/trabaja-salud-sonora-en-prevencion-para-disminuir-enfermedades\/\",\"name\":\"Sonora en Equipo. Trabaja Salud Sonora en prevenci\u00f3n para disminuir enfermedades Sonora\",\"isPartOf\":{\"@id\":\"https:\/\/www.sonoraenequipo.com.mx\/#website\"},\"primaryImageOfPage\":{\"@id\":\"https:\/\/www.sonoraenequipo.com.mx\/trabaja-salud-sonora-en-prevencion-para-disminuir-enfermedades\/#primaryimage\"},\"image\":{\"@id\":\"https:\/\/www.sonoraenequipo.com.mx\/trabaja-salud-sonora-en-prevencion-para-disminuir-enfermedades\/#primaryimage\"},\"thumbnailUrl\":\"https:\/\/www.sonoraenequipo.com.mx\/storage\/2019\/10\/vselmosco_opt.jpg\",\"datePublished\":\"2025-01-03T23:47:38+00:00\",\"description\":\"HERMOSILLO, SONORA, MX. \u2014 Sonora contin\u00faa en el lugar 25 de 30 estados de la rep\u00fablica que reportaron casos confirmados de dengue, inform\u00f3 la Secretar\u00eda En Sonora en Equipo publicamos toda la informaci\u00f3n de Sonora, M\u00e9xico y el Mundo de manera oportuna y busca que la libertad de expresi\u00f3n sea real. Visita nuestro medio informativo publicado desde Hermosillo, Sonora. %\",\"breadcrumb\":{\"@id\":\"https:\/\/www.sonoraenequipo.com.mx\/trabaja-salud-sonora-en-prevencion-para-disminuir-enfermedades\/#breadcrumb\"},\"inLanguage\":\"es\",\"potentialAction\":[{\"@type\":\"ReadAction\",\"target\":[\"https:\/\/www.sonoraenequipo.com.mx\/trabaja-salud-sonora-en-prevencion-para-disminuir-enfermedades\/\"]}]},{\"@type\":\"ImageObject\",\"inLanguage\":\"es\",\"@id\":\"https:\/\/www.sonoraenequipo.com.mx\/trabaja-salud-sonora-en-prevencion-para-disminuir-enfermedades\/#primaryimage\",\"url\":\"https:\/\/www.sonoraenequipo.com.mx\/storage\/2019\/10\/vselmosco_opt.jpg\",\"contentUrl\":\"https:\/\/www.sonoraenequipo.com.mx\/storage\/2019\/10\/vselmosco_opt.jpg\",\"width\":526,\"height\":350},{\"@type\":\"BreadcrumbList\",\"@id\":\"https:\/\/www.sonoraenequipo.com.mx\/trabaja-salud-sonora-en-prevencion-para-disminuir-enfermedades\/#breadcrumb\",\"itemListElement\":[{\"@type\":\"ListItem\",\"position\":1,\"name\":\"Portada\",\"item\":\"https:\/\/www.sonoraenequipo.com.mx\/\"},{\"@type\":\"ListItem\",\"position\":2,\"name\":\"Trabaja Salud Sonora en prevenci\u00f3n para disminuir enfermedades\"}]},{\"@type\":\"WebSite\",\"@id\":\"https:\/\/www.sonoraenequipo.com.mx\/#website\",\"url\":\"https:\/\/www.sonoraenequipo.com.mx\/\",\"name\":\"Sonora en Equipo.\",\"description\":\"Diario en l\u00ednea con Noticias desde Hermosillo, Sonora\",\"publisher\":{\"@id\":\"https:\/\/www.sonoraenequipo.com.mx\/#organization\"},\"potentialAction\":[{\"@type\":\"SearchAction\",\"target\":{\"@type\":\"EntryPoint\",\"urlTemplate\":\"https:\/\/www.sonoraenequipo.com.mx\/?s={search_term_string}\"},\"query-input\":{\"@type\":\"PropertyValueSpecification\",\"valueRequired\":true,\"valueName\":\"search_term_string\"}}],\"inLanguage\":\"es\"},{\"@type\":\"Organization\",\"@id\":\"https:\/\/www.sonoraenequipo.com.mx\/#organization\",\"name\":\"Sonoraenequipo.com.mx\",\"url\":\"https:\/\/www.sonoraenequipo.com.mx\/\",\"logo\":{\"@type\":\"ImageObject\",\"inLanguage\":\"es\",\"@id\":\"https:\/\/www.sonoraenequipo.com.mx\/#\/schema\/logo\/image\/\",\"url\":\"https:\/\/www.sonoraenequipo.com.mx\/storage\/2019\/01\/sonoraenequipo_opt.png\",\"contentUrl\":\"https:\/\/www.sonoraenequipo.com.mx\/storage\/2019\/01\/sonoraenequipo_opt.png\",\"width\":375,\"height\":125,\"caption\":\"Sonoraenequipo.com.mx\"},\"image\":{\"@id\":\"https:\/\/www.sonoraenequipo.com.mx\/#\/schema\/logo\/image\/\"},\"sameAs\":[\"https:\/\/www.facebook.com\/SonoraEE\/\",\"https:\/\/x.com\/sonoraenequipo\",\"https:\/\/www.youtube.com\/channel\/UC338nW-lPEYmJQs4ZABQ1SQ\"]},{\"@type\":\"Person\",\"@id\":\"https:\/\/www.sonoraenequipo.com.mx\/#\/schema\/person\/50102df0fb23a8fa9e8effad8fa81386\",\"name\":\"enequipo\",\"image\":{\"@type\":\"ImageObject\",\"inLanguage\":\"es\",\"@id\":\"https:\/\/www.sonoraenequipo.com.mx\/#\/schema\/person\/image\/\",\"url\":\"https:\/\/secure.gravatar.com\/avatar\/049821681b589dabc0bc20695993ccebb09f5b5d4d790cd9251b97faac7c652b?s=96&d=blank&r=g\",\"contentUrl\":\"https:\/\/secure.gravatar.com\/avatar\/049821681b589dabc0bc20695993ccebb09f5b5d4d790cd9251b97faac7c652b?s=96&d=blank&r=g\",\"caption\":\"enequipo\"},\"sameAs\":[\"https:\/\/www.facebook.com\/SonoraEE\"]}]}<\/script>\n ","yoast_head_json":{"title":"Sonora en Equipo. Trabaja Salud Sonora en prevenci\u00f3n para disminuir enfermedades Sonora","description":"HERMOSILLO, SONORA, MX. \u2014 Sonora contin\u00faa en el lugar 25 de 30 estados de la rep\u00fablica que reportaron casos confirmados de dengue, inform\u00f3 la Secretar\u00eda En Sonora en Equipo publicamos toda la informaci\u00f3n de Sonora, M\u00e9xico y el Mundo de manera oportuna y busca que la libertad de expresi\u00f3n sea real. Visita nuestro medio informativo publicado desde Hermosillo, Sonora. %","robots":{"index":"index","follow":"follow","max-snippet":"max-snippet:-1","max-image-preview":"max-image-preview:large","max-video-preview":"max-video-preview:-1"},"canonical":"https:\/\/www.sonoraenequipo.com.mx\/trabaja-salud-sonora-en-prevencion-para-disminuir-enfermedades\/","og_locale":"es_ES","og_type":"article","og_title":"Sonora en Equipo. Trabaja Salud Sonora en prevenci\u00f3n para disminuir enfermedades Sonora","og_description":"HERMOSILLO, SONORA, MX. \u2014 Sonora contin\u00faa en el lugar 25 de 30 estados de la rep\u00fablica que reportaron casos confirmados de dengue, inform\u00f3 la Secretar\u00eda En Sonora en Equipo publicamos toda la informaci\u00f3n de Sonora, M\u00e9xico y el Mundo de manera oportuna y busca que la libertad de expresi\u00f3n sea real. Visita nuestro medio informativo publicado desde Hermosillo, Sonora. %","og_url":"https:\/\/www.sonoraenequipo.com.mx\/trabaja-salud-sonora-en-prevencion-para-disminuir-enfermedades\/","og_site_name":"Sonora en Equipo.","article_publisher":"https:\/\/www.facebook.com\/SonoraEE\/","article_author":"https:\/\/www.facebook.com\/SonoraEE","article_published_time":"2025-01-03T23:47:38+00:00","og_image":[{"width":526,"height":350,"url":"https:\/\/www.sonoraenequipo.com.mx\/storage\/2019\/10\/vselmosco_opt.jpg","type":"image\/jpeg"}],"author":"enequipo","twitter_card":"summary_large_image","twitter_creator":"@sonoraenequipo","twitter_site":"@sonoraenequipo","twitter_misc":{"Escrito por":"enequipo","Tiempo de lectura":"1 minuto"},"schema":{"@context":"https:\/\/schema.org","@graph":[{"@type":"Article","@id":"https:\/\/www.sonoraenequipo.com.mx\/trabaja-salud-sonora-en-prevencion-para-disminuir-enfermedades\/#article","isPartOf":{"@id":"https:\/\/www.sonoraenequipo.com.mx\/trabaja-salud-sonora-en-prevencion-para-disminuir-enfermedades\/"},"author":{"name":"enequipo","@id":"https:\/\/www.sonoraenequipo.com.mx\/#\/schema\/person\/50102df0fb23a8fa9e8effad8fa81386"},"headline":"Trabaja Salud Sonora en prevenci\u00f3n para disminuir enfermedades","datePublished":"2025-01-03T23:47:38+00:00","mainEntityOfPage":{"@id":"https:\/\/www.sonoraenequipo.com.mx\/trabaja-salud-sonora-en-prevencion-para-disminuir-enfermedades\/"},"wordCount":265,"commentCount":0,"publisher":{"@id":"https:\/\/www.sonoraenequipo.com.mx\/#organization"},"image":{"@id":"https:\/\/www.sonoraenequipo.com.mx\/trabaja-salud-sonora-en-prevencion-para-disminuir-enfermedades\/#primaryimage"},"thumbnailUrl":"https:\/\/www.sonoraenequipo.com.mx\/storage\/2019\/10\/vselmosco_opt.jpg","keywords":["dengue","salud","Sonora"],"articleSection":["Sonora"],"inLanguage":"es","potentialAction":[{"@type":"CommentAction","name":"Comment","target":["https:\/\/www.sonoraenequipo.com.mx\/trabaja-salud-sonora-en-prevencion-para-disminuir-enfermedades\/#respond"]}]},{"@type":"WebPage","@id":"https:\/\/www.sonoraenequipo.com.mx\/trabaja-salud-sonora-en-prevencion-para-disminuir-enfermedades\/","url":"https:\/\/www.sonoraenequipo.com.mx\/trabaja-salud-sonora-en-prevencion-para-disminuir-enfermedades\/","name":"Sonora en Equipo. Trabaja Salud Sonora en prevenci\u00f3n para disminuir enfermedades Sonora","isPartOf":{"@id":"https:\/\/www.sonoraenequipo.com.mx\/#website"},"primaryImageOfPage":{"@id":"https:\/\/www.sonoraenequipo.com.mx\/trabaja-salud-sonora-en-prevencion-para-disminuir-enfermedades\/#primaryimage"},"image":{"@id":"https:\/\/www.sonoraenequipo.com.mx\/trabaja-salud-sonora-en-prevencion-para-disminuir-enfermedades\/#primaryimage"},"thumbnailUrl":"https:\/\/www.sonoraenequipo.com.mx\/storage\/2019\/10\/vselmosco_opt.jpg","datePublished":"2025-01-03T23:47:38+00:00","description":"HERMOSILLO, SONORA, MX. \u2014 Sonora contin\u00faa en el lugar 25 de 30 estados de la rep\u00fablica que reportaron casos confirmados de dengue, inform\u00f3 la Secretar\u00eda En Sonora en Equipo publicamos toda la informaci\u00f3n de Sonora, M\u00e9xico y el Mundo de manera oportuna y busca que la libertad de expresi\u00f3n sea real. Visita nuestro medio informativo publicado desde Hermosillo, Sonora. %","breadcrumb":{"@id":"https:\/\/www.sonoraenequipo.com.mx\/trabaja-salud-sonora-en-prevencion-para-disminuir-enfermedades\/#breadcrumb"},"inLanguage":"es","potentialAction":[{"@type":"ReadAction","target":["https:\/\/www.sonoraenequipo.com.mx\/trabaja-salud-sonora-en-prevencion-para-disminuir-enfermedades\/"]}]},{"@type":"ImageObject","inLanguage":"es","@id":"https:\/\/www.sonoraenequipo.com.mx\/trabaja-salud-sonora-en-prevencion-para-disminuir-enfermedades\/#primaryimage","url":"https:\/\/www.sonoraenequipo.com.mx\/storage\/2019\/10\/vselmosco_opt.jpg","contentUrl":"https:\/\/www.sonoraenequipo.com.mx\/storage\/2019\/10\/vselmosco_opt.jpg","width":526,"height":350},{"@type":"BreadcrumbList","@id":"https:\/\/www.sonoraenequipo.com.mx\/trabaja-salud-sonora-en-prevencion-para-disminuir-enfermedades\/#breadcrumb","itemListElement":[{"@type":"ListItem","position":1,"name":"Portada","item":"https:\/\/www.sonoraenequipo.com.mx\/"},{"@type":"ListItem","position":2,"name":"Trabaja Salud Sonora en prevenci\u00f3n para disminuir enfermedades"}]},{"@type":"WebSite","@id":"https:\/\/www.sonoraenequipo.com.mx\/#website","url":"https:\/\/www.sonoraenequipo.com.mx\/","name":"Sonora en Equipo.","description":"Diario en l\u00ednea con Noticias desde Hermosillo, Sonora","publisher":{"@id":"https:\/\/www.sonoraenequipo.com.mx\/#organization"},"potentialAction":[{"@type":"SearchAction","target":{"@type":"EntryPoint","urlTemplate":"https:\/\/www.sonoraenequipo.com.mx\/?s={search_term_string}"},"query-input":{"@type":"PropertyValueSpecification","valueRequired":true,"valueName":"search_term_string"}}],"inLanguage":"es"},{"@type":"Organization","@id":"https:\/\/www.sonoraenequipo.com.mx\/#organization","name":"Sonoraenequipo.com.mx","url":"https:\/\/www.sonoraenequipo.com.mx\/","logo":{"@type":"ImageObject","inLanguage":"es","@id":"https:\/\/www.sonoraenequipo.com.mx\/#\/schema\/logo\/image\/","url":"https:\/\/www.sonoraenequipo.com.mx\/storage\/2019\/01\/sonoraenequipo_opt.png","contentUrl":"https:\/\/www.sonoraenequipo.com.mx\/storage\/2019\/01\/sonoraenequipo_opt.png","width":375,"height":125,"caption":"Sonoraenequipo.com.mx"},"image":{"@id":"https:\/\/www.sonoraenequipo.com.mx\/#\/schema\/logo\/image\/"},"sameAs":["https:\/\/www.facebook.com\/SonoraEE\/","https:\/\/x.com\/sonoraenequipo","https:\/\/www.youtube.com\/channel\/UC338nW-lPEYmJQs4ZABQ1SQ"]},{"@type":"Person","@id":"https:\/\/www.sonoraenequipo.com.mx\/#\/schema\/person\/50102df0fb23a8fa9e8effad8fa81386","name":"enequipo","image":{"@type":"ImageObject","inLanguage":"es","@id":"https:\/\/www.sonoraenequipo.com.mx\/#\/schema\/person\/image\/","url":"https:\/\/secure.gravatar.com\/avatar\/049821681b589dabc0bc20695993ccebb09f5b5d4d790cd9251b97faac7c652b?s=96&d=blank&r=g","contentUrl":"https:\/\/secure.gravatar.com\/avatar\/049821681b589dabc0bc20695993ccebb09f5b5d4d790cd9251b97faac7c652b?s=96&d=blank&r=g","caption":"enequipo"},"sameAs":["https:\/\/www.facebook.com\/SonoraEE"]}]}},"jetpack_featured_media_url":"https:\/\/www.sonoraenequipo.com.mx\/storage\/2019\/10\/vselmosco_opt.jpg","_links":{"self":[{"href":"https:\/\/www.sonoraenequipo.com.mx\/api\/wp\/v2\/posts\/207041","targetHints":{"allow":["GET"]}}],"collection":[{"href":"https:\/\/www.sonoraenequipo.com.mx\/api\/wp\/v2\/posts"}],"about":[{"href":"https:\/\/www.sonoraenequipo.com.mx\/api\/wp\/v2\/types\/post"}],"author":[{"embeddable":true,"href":"https:\/\/www.sonoraenequipo.com.mx\/api\/wp\/v2\/users\/1"}],"replies":[{"embeddable":true,"href":"https:\/\/www.sonoraenequipo.com.mx\/api\/wp\/v2\/comments?post=207041"}],"version-history":[{"count":1,"href":"https:\/\/www.sonoraenequipo.com.mx\/api\/wp\/v2\/posts\/207041\/revisions"}],"predecessor-version":[{"id":207042,"href":"https:\/\/www.sonoraenequipo.com.mx\/api\/wp\/v2\/posts\/207041\/revisions\/207042"}],"wp:featuredmedia":[{"embeddable":true,"href":"https:\/\/www.sonoraenequipo.com.mx\/api\/wp\/v2\/media\/68284"}],"wp:attachment":[{"href":"https:\/\/www.sonoraenequipo.com.mx\/api\/wp\/v2\/media?parent=207041"}],"wp:term":[{"taxonomy":"category","embeddable":true,"href":"https:\/\/www.sonoraenequipo.com.mx\/api\/wp\/v2\/categories?post=207041"},{"taxonomy":"post_tag","embeddable":true,"href":"https:\/\/www.sonoraenequipo.com.mx\/api\/wp\/v2\/tags?post=207041"}],"curies":[{"name":"wp","href":"https:\/\/api.w.org\/{rel}","templated":true}]}}