{"id":207043,"date":"2025-01-03T16:58:11","date_gmt":"2025-01-03T23:58:11","guid":{"rendered":"https:\/\/www.sonoraenequipo.com.mx\/?p=207043"},"modified":"2025-01-03T16:58:11","modified_gmt":"2025-01-03T23:58:11","slug":"alumnos-de-educacion-basica-regresan-a-clases-en-sonora-el-jueves-9-de-enero-sec","status":"publish","type":"post","link":"https:\/\/www.sonoraenequipo.com.mx\/alumnos-de-educacion-basica-regresan-a-clases-en-sonora-el-jueves-9-de-enero-sec\/","title":{"rendered":"Alumnos de educaci\u00f3n b\u00e1sica regresan a clases en Sonora el jueves 9 de enero: SEC"},"content":{"rendered":"<p><strong>HERMOSILLO, SONORA, MX.<\/strong> \u2014 Los estudiantes de nivel b\u00e1sico de escuelas p\u00fablicas y particulares de Sonora regresar\u00e1n a clases el jueves 9 de enero, como lo establece el calendario escolar para el ciclo 2024-2025, inform\u00f3 la Secretar\u00eda de Educaci\u00f3n y Cultura (SEC).<\/p>\n<p>&nbsp;<\/p>\n<p>&nbsp;<\/p>\n<p>&nbsp;<\/p>\n<p>La dependencia educativa estatal indic\u00f3 que se espera que la reanudaci\u00f3n de labores se realice de forma ordenada y tranquila, tras concluir el periodo vacacional de invierno.<\/p>\n<p>&nbsp;<\/p>\n<p>&nbsp;<\/p>\n<p>&nbsp;<\/p>\n<p>Detall\u00f3 que el lunes 6 de enero reanudar\u00e1n labores de forma presencial las jefas y jefes de sector, supervisores escolares y directivos, mientras que personal docente y de apoyo a la educaci\u00f3n b\u00e1sica se reincorporar\u00e1n a sus labores el martes 7 de enero.<\/p>\n<p>&nbsp;<\/p>\n<p>&nbsp;<\/p>\n<p>&nbsp;<\/p>\n<p>La SEC manifest\u00f3 que personal de todas las \u00e1reas de la dependencia mantiene una evaluaci\u00f3n general de las instalaciones escolares, luego de los d\u00edas de asueto, para asegurar la continuidad de las clases en los planteles educativos lo que resta del ciclo escolar.<\/p>\n<p>&nbsp;<\/p>\n<p>&nbsp;<\/p>\n<p>&nbsp;<\/p>\n<p>Asimismo, agradeci\u00f3 la colaboraci\u00f3n de la sociedad en general que se sum\u00f3 a las actividades de vigilancia y resguardo de los centros escolares, reportando al n\u00famero de emergencias 9-1-1 y al 089 actividades sospechosas al exterior o interior de las escuelas.<\/p>\n<p><strong>Fecha de publicaci\u00f3n<\/strong><strong> viernes 3 de enero de 2025 \/<\/strong><\/p>\n<p>&nbsp;<\/p>\n","protected":false},"excerpt":{"rendered":"<p>HERMOSILLO, SONORA, MX. \u2014 Los estudiantes de nivel b\u00e1sico de escuelas p\u00fablicas y particulares de&#8230;<\/p>\n","protected":false},"author":1,"featured_media":196143,"comment_status":"open","ping_status":"open","sticky":false,"template":"","format":"standard","meta":{"_monsterinsights_skip_tracking":false,"_monsterinsights_sitenote_active":false,"_monsterinsights_sitenote_note":"","_monsterinsights_sitenote_category":0,"footnotes":""},"categories":[22],"tags":[477,6022],"class_list":["post"],"yoast_head":" \n<title>Sonora en Equipo. Alumnos de educaci\u00f3n b\u00e1sica regresan a clases en Sonora el jueves 9 de enero: SEC Sonora<\/title>\n<meta name=\"description\" content=\"HERMOSILLO, SONORA, MX. \u2014 Los estudiantes de nivel b\u00e1sico de escuelas p\u00fablicas y particulares de Sonora regresar\u00e1n a clases el jueves 9 de enero, como lo En Sonora en Equipo publicamos toda la informaci\u00f3n de Sonora, M\u00e9xico y el Mundo de manera oportuna y busca que la libertad de expresi\u00f3n sea real. Visita nuestro medio informativo publicado desde Hermosillo, Sonora. %\" \/>\n<meta name=\"robots\" content=\"index, follow, max-snippet:-1, max-image-preview:large, max-video-preview:-1\" \/>\n<link rel=\"canonical\" href=\"https:\/\/www.sonoraenequipo.com.mx\/alumnos-de-educacion-basica-regresan-a-clases-en-sonora-el-jueves-9-de-enero-sec\/\" \/>\n<meta property=\"og:locale\" content=\"es_ES\" \/>\n<meta property=\"og:type\" content=\"article\" \/>\n<meta property=\"og:title\" content=\"Sonora en Equipo. Alumnos de educaci\u00f3n b\u00e1sica regresan a clases en Sonora el jueves 9 de enero: SEC Sonora\" \/>\n<meta property=\"og:description\" content=\"HERMOSILLO, SONORA, MX. \u2014 Los estudiantes de nivel b\u00e1sico de escuelas p\u00fablicas y particulares de Sonora regresar\u00e1n a clases el jueves 9 de enero, como lo En Sonora en Equipo publicamos toda la informaci\u00f3n de Sonora, M\u00e9xico y el Mundo de manera oportuna y busca que la libertad de expresi\u00f3n sea real. Visita nuestro medio informativo publicado desde Hermosillo, Sonora. %\" \/>\n<meta property=\"og:url\" content=\"https:\/\/www.sonoraenequipo.com.mx\/alumnos-de-educacion-basica-regresan-a-clases-en-sonora-el-jueves-9-de-enero-sec\/\" \/>\n<meta property=\"og:site_name\" content=\"Sonora en Equipo.\" \/>\n<meta property=\"article:publisher\" content=\"https:\/\/www.facebook.com\/SonoraEE\/\" \/>\n<meta property=\"article:author\" content=\"https:\/\/www.facebook.com\/SonoraEE\" \/>\n<meta property=\"article:published_time\" content=\"2025-01-03T23:58:11+00:00\" \/>\n<meta property=\"og:image\" content=\"https:\/\/www.sonoraenequipo.com.mx\/storage\/2024\/08\/unison-regreso-clases.jpg\" \/>\n\t<meta property=\"og:image:width\" content=\"713\" \/>\n\t<meta property=\"og:image:height\" content=\"400\" \/>\n\t<meta property=\"og:image:type\" content=\"image\/jpeg\" \/>\n<meta name=\"author\" content=\"enequipo\" \/>\n<meta name=\"twitter:card\" content=\"summary_large_image\" \/>\n<meta name=\"twitter:creator\" content=\"@sonoraenequipo\" \/>\n<meta name=\"twitter:site\" content=\"@sonoraenequipo\" \/>\n<meta name=\"twitter:label1\" content=\"Escrito por\" \/>\n\t<meta name=\"twitter:data1\" content=\"enequipo\" \/>\n\t<meta name=\"twitter:label2\" content=\"Tiempo de lectura\" \/>\n\t<meta name=\"twitter:data2\" content=\"1 minuto\" \/>\n<script type=\"application\/ld+json\" class=\"yoast-schema-graph\">{\"@context\":\"https:\/\/schema.org\",\"@graph\":[{\"@type\":\"Article\",\"@id\":\"https:\/\/www.sonoraenequipo.com.mx\/alumnos-de-educacion-basica-regresan-a-clases-en-sonora-el-jueves-9-de-enero-sec\/#article\",\"isPartOf\":{\"@id\":\"https:\/\/www.sonoraenequipo.com.mx\/alumnos-de-educacion-basica-regresan-a-clases-en-sonora-el-jueves-9-de-enero-sec\/\"},\"author\":{\"name\":\"enequipo\",\"@id\":\"https:\/\/www.sonoraenequipo.com.mx\/#\/schema\/person\/50102df0fb23a8fa9e8effad8fa81386\"},\"headline\":\"Alumnos de educaci\u00f3n b\u00e1sica regresan a clases en Sonora el jueves 9 de enero: SEC\",\"datePublished\":\"2025-01-03T23:58:11+00:00\",\"mainEntityOfPage\":{\"@id\":\"https:\/\/www.sonoraenequipo.com.mx\/alumnos-de-educacion-basica-regresan-a-clases-en-sonora-el-jueves-9-de-enero-sec\/\"},\"wordCount\":243,\"commentCount\":0,\"publisher\":{\"@id\":\"https:\/\/www.sonoraenequipo.com.mx\/#organization\"},\"image\":{\"@id\":\"https:\/\/www.sonoraenequipo.com.mx\/alumnos-de-educacion-basica-regresan-a-clases-en-sonora-el-jueves-9-de-enero-sec\/#primaryimage\"},\"thumbnailUrl\":\"https:\/\/www.sonoraenequipo.com.mx\/storage\/2024\/08\/unison-regreso-clases.jpg\",\"keywords\":[\"clases\",\"REGRESO\"],\"articleSection\":[\"Sonora\"],\"inLanguage\":\"es\",\"potentialAction\":[{\"@type\":\"CommentAction\",\"name\":\"Comment\",\"target\":[\"https:\/\/www.sonoraenequipo.com.mx\/alumnos-de-educacion-basica-regresan-a-clases-en-sonora-el-jueves-9-de-enero-sec\/#respond\"]}]},{\"@type\":\"WebPage\",\"@id\":\"https:\/\/www.sonoraenequipo.com.mx\/alumnos-de-educacion-basica-regresan-a-clases-en-sonora-el-jueves-9-de-enero-sec\/\",\"url\":\"https:\/\/www.sonoraenequipo.com.mx\/alumnos-de-educacion-basica-regresan-a-clases-en-sonora-el-jueves-9-de-enero-sec\/\",\"name\":\"Sonora en Equipo. Alumnos de educaci\u00f3n b\u00e1sica regresan a clases en Sonora el jueves 9 de enero: SEC Sonora\",\"isPartOf\":{\"@id\":\"https:\/\/www.sonoraenequipo.com.mx\/#website\"},\"primaryImageOfPage\":{\"@id\":\"https:\/\/www.sonoraenequipo.com.mx\/alumnos-de-educacion-basica-regresan-a-clases-en-sonora-el-jueves-9-de-enero-sec\/#primaryimage\"},\"image\":{\"@id\":\"https:\/\/www.sonoraenequipo.com.mx\/alumnos-de-educacion-basica-regresan-a-clases-en-sonora-el-jueves-9-de-enero-sec\/#primaryimage\"},\"thumbnailUrl\":\"https:\/\/www.sonoraenequipo.com.mx\/storage\/2024\/08\/unison-regreso-clases.jpg\",\"datePublished\":\"2025-01-03T23:58:11+00:00\",\"description\":\"HERMOSILLO, SONORA, MX. \u2014 Los estudiantes de nivel b\u00e1sico de escuelas p\u00fablicas y particulares de Sonora regresar\u00e1n a clases el jueves 9 de enero, como lo En Sonora en Equipo publicamos toda la informaci\u00f3n de Sonora, M\u00e9xico y el Mundo de manera oportuna y busca que la libertad de expresi\u00f3n sea real. Visita nuestro medio informativo publicado desde Hermosillo, Sonora. %\",\"breadcrumb\":{\"@id\":\"https:\/\/www.sonoraenequipo.com.mx\/alumnos-de-educacion-basica-regresan-a-clases-en-sonora-el-jueves-9-de-enero-sec\/#breadcrumb\"},\"inLanguage\":\"es\",\"potentialAction\":[{\"@type\":\"ReadAction\",\"target\":[\"https:\/\/www.sonoraenequipo.com.mx\/alumnos-de-educacion-basica-regresan-a-clases-en-sonora-el-jueves-9-de-enero-sec\/\"]}]},{\"@type\":\"ImageObject\",\"inLanguage\":\"es\",\"@id\":\"https:\/\/www.sonoraenequipo.com.mx\/alumnos-de-educacion-basica-regresan-a-clases-en-sonora-el-jueves-9-de-enero-sec\/#primaryimage\",\"url\":\"https:\/\/www.sonoraenequipo.com.mx\/storage\/2024\/08\/unison-regreso-clases.jpg\",\"contentUrl\":\"https:\/\/www.sonoraenequipo.com.mx\/storage\/2024\/08\/unison-regreso-clases.jpg\",\"width\":713,\"height\":400},{\"@type\":\"BreadcrumbList\",\"@id\":\"https:\/\/www.sonoraenequipo.com.mx\/alumnos-de-educacion-basica-regresan-a-clases-en-sonora-el-jueves-9-de-enero-sec\/#breadcrumb\",\"itemListElement\":[{\"@type\":\"ListItem\",\"position\":1,\"name\":\"Portada\",\"item\":\"https:\/\/www.sonoraenequipo.com.mx\/\"},{\"@type\":\"ListItem\",\"position\":2,\"name\":\"Alumnos de educaci\u00f3n b\u00e1sica regresan a clases en Sonora el jueves 9 de enero: SEC\"}]},{\"@type\":\"WebSite\",\"@id\":\"https:\/\/www.sonoraenequipo.com.mx\/#website\",\"url\":\"https:\/\/www.sonoraenequipo.com.mx\/\",\"name\":\"Sonora en Equipo.\",\"description\":\"Diario en l\u00ednea con Noticias desde Hermosillo, Sonora\",\"publisher\":{\"@id\":\"https:\/\/www.sonoraenequipo.com.mx\/#organization\"},\"potentialAction\":[{\"@type\":\"SearchAction\",\"target\":{\"@type\":\"EntryPoint\",\"urlTemplate\":\"https:\/\/www.sonoraenequipo.com.mx\/?s={search_term_string}\"},\"query-input\":{\"@type\":\"PropertyValueSpecification\",\"valueRequired\":true,\"valueName\":\"search_term_string\"}}],\"inLanguage\":\"es\"},{\"@type\":\"Organization\",\"@id\":\"https:\/\/www.sonoraenequipo.com.mx\/#organization\",\"name\":\"Sonoraenequipo.com.mx\",\"url\":\"https:\/\/www.sonoraenequipo.com.mx\/\",\"logo\":{\"@type\":\"ImageObject\",\"inLanguage\":\"es\",\"@id\":\"https:\/\/www.sonoraenequipo.com.mx\/#\/schema\/logo\/image\/\",\"url\":\"https:\/\/www.sonoraenequipo.com.mx\/storage\/2019\/01\/sonoraenequipo_opt.png\",\"contentUrl\":\"https:\/\/www.sonoraenequipo.com.mx\/storage\/2019\/01\/sonoraenequipo_opt.png\",\"width\":375,\"height\":125,\"caption\":\"Sonoraenequipo.com.mx\"},\"image\":{\"@id\":\"https:\/\/www.sonoraenequipo.com.mx\/#\/schema\/logo\/image\/\"},\"sameAs\":[\"https:\/\/www.facebook.com\/SonoraEE\/\",\"https:\/\/x.com\/sonoraenequipo\",\"https:\/\/www.youtube.com\/channel\/UC338nW-lPEYmJQs4ZABQ1SQ\"]},{\"@type\":\"Person\",\"@id\":\"https:\/\/www.sonoraenequipo.com.mx\/#\/schema\/person\/50102df0fb23a8fa9e8effad8fa81386\",\"name\":\"enequipo\",\"image\":{\"@type\":\"ImageObject\",\"inLanguage\":\"es\",\"@id\":\"https:\/\/www.sonoraenequipo.com.mx\/#\/schema\/person\/image\/\",\"url\":\"https:\/\/secure.gravatar.com\/avatar\/049821681b589dabc0bc20695993ccebb09f5b5d4d790cd9251b97faac7c652b?s=96&d=blank&r=g\",\"contentUrl\":\"https:\/\/secure.gravatar.com\/avatar\/049821681b589dabc0bc20695993ccebb09f5b5d4d790cd9251b97faac7c652b?s=96&d=blank&r=g\",\"caption\":\"enequipo\"},\"sameAs\":[\"https:\/\/www.facebook.com\/SonoraEE\"]}]}<\/script>\n ","yoast_head_json":{"title":"Sonora en Equipo. Alumnos de educaci\u00f3n b\u00e1sica regresan a clases en Sonora el jueves 9 de enero: SEC Sonora","description":"HERMOSILLO, SONORA, MX. \u2014 Los estudiantes de nivel b\u00e1sico de escuelas p\u00fablicas y particulares de Sonora regresar\u00e1n a clases el jueves 9 de enero, como lo En Sonora en Equipo publicamos toda la informaci\u00f3n de Sonora, M\u00e9xico y el Mundo de manera oportuna y busca que la libertad de expresi\u00f3n sea real. Visita nuestro medio informativo publicado desde Hermosillo, Sonora. %","robots":{"index":"index","follow":"follow","max-snippet":"max-snippet:-1","max-image-preview":"max-image-preview:large","max-video-preview":"max-video-preview:-1"},"canonical":"https:\/\/www.sonoraenequipo.com.mx\/alumnos-de-educacion-basica-regresan-a-clases-en-sonora-el-jueves-9-de-enero-sec\/","og_locale":"es_ES","og_type":"article","og_title":"Sonora en Equipo. Alumnos de educaci\u00f3n b\u00e1sica regresan a clases en Sonora el jueves 9 de enero: SEC Sonora","og_description":"HERMOSILLO, SONORA, MX. \u2014 Los estudiantes de nivel b\u00e1sico de escuelas p\u00fablicas y particulares de Sonora regresar\u00e1n a clases el jueves 9 de enero, como lo En Sonora en Equipo publicamos toda la informaci\u00f3n de Sonora, M\u00e9xico y el Mundo de manera oportuna y busca que la libertad de expresi\u00f3n sea real. Visita nuestro medio informativo publicado desde Hermosillo, Sonora. %","og_url":"https:\/\/www.sonoraenequipo.com.mx\/alumnos-de-educacion-basica-regresan-a-clases-en-sonora-el-jueves-9-de-enero-sec\/","og_site_name":"Sonora en Equipo.","article_publisher":"https:\/\/www.facebook.com\/SonoraEE\/","article_author":"https:\/\/www.facebook.com\/SonoraEE","article_published_time":"2025-01-03T23:58:11+00:00","og_image":[{"width":713,"height":400,"url":"https:\/\/www.sonoraenequipo.com.mx\/storage\/2024\/08\/unison-regreso-clases.jpg","type":"image\/jpeg"}],"author":"enequipo","twitter_card":"summary_large_image","twitter_creator":"@sonoraenequipo","twitter_site":"@sonoraenequipo","twitter_misc":{"Escrito por":"enequipo","Tiempo de lectura":"1 minuto"},"schema":{"@context":"https:\/\/schema.org","@graph":[{"@type":"Article","@id":"https:\/\/www.sonoraenequipo.com.mx\/alumnos-de-educacion-basica-regresan-a-clases-en-sonora-el-jueves-9-de-enero-sec\/#article","isPartOf":{"@id":"https:\/\/www.sonoraenequipo.com.mx\/alumnos-de-educacion-basica-regresan-a-clases-en-sonora-el-jueves-9-de-enero-sec\/"},"author":{"name":"enequipo","@id":"https:\/\/www.sonoraenequipo.com.mx\/#\/schema\/person\/50102df0fb23a8fa9e8effad8fa81386"},"headline":"Alumnos de educaci\u00f3n b\u00e1sica regresan a clases en Sonora el jueves 9 de enero: SEC","datePublished":"2025-01-03T23:58:11+00:00","mainEntityOfPage":{"@id":"https:\/\/www.sonoraenequipo.com.mx\/alumnos-de-educacion-basica-regresan-a-clases-en-sonora-el-jueves-9-de-enero-sec\/"},"wordCount":243,"commentCount":0,"publisher":{"@id":"https:\/\/www.sonoraenequipo.com.mx\/#organization"},"image":{"@id":"https:\/\/www.sonoraenequipo.com.mx\/alumnos-de-educacion-basica-regresan-a-clases-en-sonora-el-jueves-9-de-enero-sec\/#primaryimage"},"thumbnailUrl":"https:\/\/www.sonoraenequipo.com.mx\/storage\/2024\/08\/unison-regreso-clases.jpg","keywords":["clases","REGRESO"],"articleSection":["Sonora"],"inLanguage":"es","potentialAction":[{"@type":"CommentAction","name":"Comment","target":["https:\/\/www.sonoraenequipo.com.mx\/alumnos-de-educacion-basica-regresan-a-clases-en-sonora-el-jueves-9-de-enero-sec\/#respond"]}]},{"@type":"WebPage","@id":"https:\/\/www.sonoraenequipo.com.mx\/alumnos-de-educacion-basica-regresan-a-clases-en-sonora-el-jueves-9-de-enero-sec\/","url":"https:\/\/www.sonoraenequipo.com.mx\/alumnos-de-educacion-basica-regresan-a-clases-en-sonora-el-jueves-9-de-enero-sec\/","name":"Sonora en Equipo. Alumnos de educaci\u00f3n b\u00e1sica regresan a clases en Sonora el jueves 9 de enero: SEC Sonora","isPartOf":{"@id":"https:\/\/www.sonoraenequipo.com.mx\/#website"},"primaryImageOfPage":{"@id":"https:\/\/www.sonoraenequipo.com.mx\/alumnos-de-educacion-basica-regresan-a-clases-en-sonora-el-jueves-9-de-enero-sec\/#primaryimage"},"image":{"@id":"https:\/\/www.sonoraenequipo.com.mx\/alumnos-de-educacion-basica-regresan-a-clases-en-sonora-el-jueves-9-de-enero-sec\/#primaryimage"},"thumbnailUrl":"https:\/\/www.sonoraenequipo.com.mx\/storage\/2024\/08\/unison-regreso-clases.jpg","datePublished":"2025-01-03T23:58:11+00:00","description":"HERMOSILLO, SONORA, MX. \u2014 Los estudiantes de nivel b\u00e1sico de escuelas p\u00fablicas y particulares de Sonora regresar\u00e1n a clases el jueves 9 de enero, como lo En Sonora en Equipo publicamos toda la informaci\u00f3n de Sonora, M\u00e9xico y el Mundo de manera oportuna y busca que la libertad de expresi\u00f3n sea real. Visita nuestro medio informativo publicado desde Hermosillo, Sonora. %","breadcrumb":{"@id":"https:\/\/www.sonoraenequipo.com.mx\/alumnos-de-educacion-basica-regresan-a-clases-en-sonora-el-jueves-9-de-enero-sec\/#breadcrumb"},"inLanguage":"es","potentialAction":[{"@type":"ReadAction","target":["https:\/\/www.sonoraenequipo.com.mx\/alumnos-de-educacion-basica-regresan-a-clases-en-sonora-el-jueves-9-de-enero-sec\/"]}]},{"@type":"ImageObject","inLanguage":"es","@id":"https:\/\/www.sonoraenequipo.com.mx\/alumnos-de-educacion-basica-regresan-a-clases-en-sonora-el-jueves-9-de-enero-sec\/#primaryimage","url":"https:\/\/www.sonoraenequipo.com.mx\/storage\/2024\/08\/unison-regreso-clases.jpg","contentUrl":"https:\/\/www.sonoraenequipo.com.mx\/storage\/2024\/08\/unison-regreso-clases.jpg","width":713,"height":400},{"@type":"BreadcrumbList","@id":"https:\/\/www.sonoraenequipo.com.mx\/alumnos-de-educacion-basica-regresan-a-clases-en-sonora-el-jueves-9-de-enero-sec\/#breadcrumb","itemListElement":[{"@type":"ListItem","position":1,"name":"Portada","item":"https:\/\/www.sonoraenequipo.com.mx\/"},{"@type":"ListItem","position":2,"name":"Alumnos de educaci\u00f3n b\u00e1sica regresan a clases en Sonora el jueves 9 de enero: SEC"}]},{"@type":"WebSite","@id":"https:\/\/www.sonoraenequipo.com.mx\/#website","url":"https:\/\/www.sonoraenequipo.com.mx\/","name":"Sonora en Equipo.","description":"Diario en l\u00ednea con Noticias desde Hermosillo, Sonora","publisher":{"@id":"https:\/\/www.sonoraenequipo.com.mx\/#organization"},"potentialAction":[{"@type":"SearchAction","target":{"@type":"EntryPoint","urlTemplate":"https:\/\/www.sonoraenequipo.com.mx\/?s={search_term_string}"},"query-input":{"@type":"PropertyValueSpecification","valueRequired":true,"valueName":"search_term_string"}}],"inLanguage":"es"},{"@type":"Organization","@id":"https:\/\/www.sonoraenequipo.com.mx\/#organization","name":"Sonoraenequipo.com.mx","url":"https:\/\/www.sonoraenequipo.com.mx\/","logo":{"@type":"ImageObject","inLanguage":"es","@id":"https:\/\/www.sonoraenequipo.com.mx\/#\/schema\/logo\/image\/","url":"https:\/\/www.sonoraenequipo.com.mx\/storage\/2019\/01\/sonoraenequipo_opt.png","contentUrl":"https:\/\/www.sonoraenequipo.com.mx\/storage\/2019\/01\/sonoraenequipo_opt.png","width":375,"height":125,"caption":"Sonoraenequipo.com.mx"},"image":{"@id":"https:\/\/www.sonoraenequipo.com.mx\/#\/schema\/logo\/image\/"},"sameAs":["https:\/\/www.facebook.com\/SonoraEE\/","https:\/\/x.com\/sonoraenequipo","https:\/\/www.youtube.com\/channel\/UC338nW-lPEYmJQs4ZABQ1SQ"]},{"@type":"Person","@id":"https:\/\/www.sonoraenequipo.com.mx\/#\/schema\/person\/50102df0fb23a8fa9e8effad8fa81386","name":"enequipo","image":{"@type":"ImageObject","inLanguage":"es","@id":"https:\/\/www.sonoraenequipo.com.mx\/#\/schema\/person\/image\/","url":"https:\/\/secure.gravatar.com\/avatar\/049821681b589dabc0bc20695993ccebb09f5b5d4d790cd9251b97faac7c652b?s=96&d=blank&r=g","contentUrl":"https:\/\/secure.gravatar.com\/avatar\/049821681b589dabc0bc20695993ccebb09f5b5d4d790cd9251b97faac7c652b?s=96&d=blank&r=g","caption":"enequipo"},"sameAs":["https:\/\/www.facebook.com\/SonoraEE"]}]}},"jetpack_featured_media_url":"https:\/\/www.sonoraenequipo.com.mx\/storage\/2024\/08\/unison-regreso-clases.jpg","_links":{"self":[{"href":"https:\/\/www.sonoraenequipo.com.mx\/api\/wp\/v2\/posts\/207043","targetHints":{"allow":["GET"]}}],"collection":[{"href":"https:\/\/www.sonoraenequipo.com.mx\/api\/wp\/v2\/posts"}],"about":[{"href":"https:\/\/www.sonoraenequipo.com.mx\/api\/wp\/v2\/types\/post"}],"author":[{"embeddable":true,"href":"https:\/\/www.sonoraenequipo.com.mx\/api\/wp\/v2\/users\/1"}],"replies":[{"embeddable":true,"href":"https:\/\/www.sonoraenequipo.com.mx\/api\/wp\/v2\/comments?post=207043"}],"version-history":[{"count":1,"href":"https:\/\/www.sonoraenequipo.com.mx\/api\/wp\/v2\/posts\/207043\/revisions"}],"predecessor-version":[{"id":207044,"href":"https:\/\/www.sonoraenequipo.com.mx\/api\/wp\/v2\/posts\/207043\/revisions\/207044"}],"wp:featuredmedia":[{"embeddable":true,"href":"https:\/\/www.sonoraenequipo.com.mx\/api\/wp\/v2\/media\/196143"}],"wp:attachment":[{"href":"https:\/\/www.sonoraenequipo.com.mx\/api\/wp\/v2\/media?parent=207043"}],"wp:term":[{"taxonomy":"category","embeddable":true,"href":"https:\/\/www.sonoraenequipo.com.mx\/api\/wp\/v2\/categories?post=207043"},{"taxonomy":"post_tag","embeddable":true,"href":"https:\/\/www.sonoraenequipo.com.mx\/api\/wp\/v2\/tags?post=207043"}],"curies":[{"name":"wp","href":"https:\/\/api.w.org\/{rel}","templated":true}]}}