{"id":207053,"date":"2025-01-02T20:17:33","date_gmt":"2025-01-03T03:17:33","guid":{"rendered":"https:\/\/www.sonoraenequipo.com.mx\/?p=207053"},"modified":"2025-01-03T22:53:22","modified_gmt":"2025-01-04T05:53:22","slug":"honra-gobernador-durazo-legado-del-dr-samuel-ocana-con-homenaje-postumo-en-palacio-de-gobierno","status":"publish","type":"post","link":"https:\/\/www.sonoraenequipo.com.mx\/honra-gobernador-durazo-legado-del-dr-samuel-ocana-con-homenaje-postumo-en-palacio-de-gobierno\/","title":{"rendered":"Honra Gobernador Durazo legado del Dr. Samuel Oca\u00f1a con homenaje p\u00f3stumo en Palacio de Gobierno"},"content":{"rendered":"<h3><strong>&#8211; Durante su administraci\u00f3n (1979-1985) se realizaron obras en materia salud, educaci\u00f3n e infraestructura que siguen impactando positivamente a la poblaci\u00f3n sonorense.<\/strong><\/h3>\n<p>&nbsp;<\/p>\n<p>&nbsp;<\/p>\n<p>&nbsp;<\/p>\n<p> <\/p>\n<p><b>HERMOSILLO, SONORA. MX. \u2014 <\/b>Con profundo respeto y admiraci\u00f3n hacia su legado de sencillez, honestidad y sensibilidad social, el gobernador de Sonora, Alfonso Durazo Monta\u00f1o, acompa\u00f1ado de la familia del Dr. Samuel Oca\u00f1a Garc\u00eda, encabez\u00f3 el homenaje p\u00f3stumo del ex gobernador, quien falleci\u00f3 el pasado 31 de diciembre de 2024 a sus 93 a\u00f1os.<\/p>\n<p>&nbsp;<\/p>\n<p>&nbsp;<\/p>\n<p>&nbsp;<\/p>\n<p> <\/p>\n<p>La ceremonia solemne se llev\u00f3 a cabo en el Palacio de Gobierno, donde se record\u00f3 la destacada trayectoria de un hombre sencillo, humanista y comprometido con el bienestar de los sonorenses, quien durante su gesti\u00f3n de 1979 a 1986, impuls\u00f3 una nueva generaci\u00f3n pol\u00edtica.<\/p>\n<p>&nbsp;<\/p>\n<p>&nbsp;<\/p>\n<p>&nbsp;<\/p>\n<p>El gobernador Alfonso Durazo Monta\u00f1o, en un emotivo mensaje, afirm\u00f3 que el Dr. Samuel Oca\u00f1a no solo fue un gran l\u00edder, sino un verdadero arquitecto del estado que hoy conocemos, por lo que es considerado, se\u00f1al\u00f3, el hijo m\u00e1s preciado del Sonora profundo. Su legado, reflejado en cada obra, en cada instituci\u00f3n y en el coraz\u00f3n de los sonorenses, es una inspiraci\u00f3n para quienes trabajan y trabajar\u00e1n por la entidad y su gente.<\/p>\n<p>&nbsp;<\/p>\n<p>&nbsp;<\/p>\n<p>&nbsp;<\/p>\n<p><strong><em>\u201cLa sencillez es para m\u00ed su legado m\u00e1s importante. Quien no olvida de donde viene, no tiene problemas para saber a d\u00f3nde va. \u00c9l fue hijo de un peque\u00f1o pueblo, de poco menos de mil habitantes, pero nunca dej\u00f3 de ser hijo de ese peque\u00f1o pueblo. Un ejemplo total de la cultura, del esfuerzo que tanto distingue a las y los sonorenses. Nunca dej\u00f3 de ser hijo de ese Sonora profundo, nunca dej\u00f3 de sentirse ajeno a las desigualdades, a las limitaciones, a las miserias que lamentablemente se expresa sin matices en esa parte de nuestro estado, el Sonora profundo\u201d,<\/em><\/strong> detall\u00f3.<\/p>\n<p>&nbsp;<\/p>\n<p>&nbsp;<\/p>\n<p>&nbsp;<\/p>\n<p>Paulina Oca\u00f1a Encinas, Jefa de Oficina del Ejecutivo Estatal y nieta del ex gobernador Oca\u00f1a, en representaci\u00f3n de la familia, expres\u00f3 palabras de agradecimiento hacia la comunidad sonorense por su acompa\u00f1amiento en este momento de duelo, subrayando el legado de su abuelo como un hombre visionario y entregado al servicio p\u00fablico.<\/p>\n<p>&nbsp;<\/p>\n<p>&nbsp;<\/p>\n<p>&nbsp;<\/p>\n<p><em><strong>\u201cSamuel Oca\u00f1a vive a trav\u00e9s de las instituciones que cre\u00f3 y cimentaron las bases de nuestro estado. Samuel Oca\u00f1a vive a trav\u00e9s del pueblo que tanto am\u00f3. Samuel Oca\u00f1a vive a trav\u00e9s de cada uno de nosotros. Hasta entonces nos toca preservar tu legado, transmitir tus ense\u00f1anzas y seguir tu gran ejemplo, mi eterna admiraci\u00f3n ex gobernador Samuel Oca\u00f1a Garc\u00eda. Todo mi amor, abuelito\u201d<\/strong><\/em>, manifest\u00f3.<\/p>\n<p>&nbsp;<\/p>\n<p>&nbsp;<\/p>\n<p>&nbsp;<\/p>\n<p>En el homenaje, Javier Oca\u00f1a, nieto del ex gobernador, durante la lectura de su biograf\u00eda, destac\u00f3 no solo sus logros pol\u00edticos, sino tambi\u00e9n su humildad y fortaleza para afrontar los desaf\u00edos de la vida.<\/p>\n<p>&nbsp;<\/p>\n<p>&nbsp;<\/p>\n<p>&nbsp;<\/p>\n<p><em><strong>\u201cAdem\u00e1s de su indiscutible legado en infraestructura y desarrollo, mi abuelo, fue un hombre que vivi\u00f3 y gobern\u00f3 con un profundo sentido de \u00e9tica, integridad y humildad, siempre fue un hombre cercano a su gente, escuchando sus problemas y buscando soluciones en medida de lo posible. Hoy, mientras lo recordamos y honramos sabemos que es una fuente de trabajo, dedicaci\u00f3n y servicio p\u00fablico, que permanecer\u00e1 vivo en cada rinc\u00f3n de nuestro querido estado\u201d,<\/strong> <\/em>expres\u00f3.<\/p>\n<p>&nbsp;<\/p>\n<p>&nbsp;<\/p>\n<p>&nbsp;<\/p>\n<p>El homenaje concluy\u00f3 con una Guardia de Honor liderada por el Gobernador Durazo, junto a familiares cercanos y distinguidas autoridades civiles y militares. Posteriormente, la urna fue trasladada a la Catedral Metropolitana de Hermosillo, donde se llev\u00f3 a cabo una misa en su memoria, acompa\u00f1ada por familiares, amigos y la comunidad sonorense.<\/p>\n<p>&nbsp;<\/p>\n<p>&nbsp;<\/p>\n<p>&nbsp;<\/p>\n<h3><strong>&#8211; El exgobernador Oca\u00f1a fue un constructor del Patrimonio de Sonora, gobernante que se dirigi\u00f3 siempre con la frente en alto, las manos limpias y los pies en la tierra, con el objetivo de velar por el bienestar de la sociedad, desde la salud y la pol\u00edtica.<\/strong><\/h3>\n<h3><\/h3>\n<p>&nbsp;<\/p>\n<p>PUBLICADO EL 02 DE ENERO DE 2025 Con informaci\u00f3n de 0125\/006)<\/p>\n","protected":false},"excerpt":{"rendered":"<p>&#8211; Durante su administraci\u00f3n (1979-1985) se realizaron obras en materia salud, educaci\u00f3n e infraestructura que&#8230;<\/p>\n","protected":false},"author":1,"featured_media":207057,"comment_status":"open","ping_status":"open","sticky":false,"template":"","format":"standard","meta":{"_monsterinsights_skip_tracking":false,"_monsterinsights_sitenote_active":false,"_monsterinsights_sitenote_note":"","_monsterinsights_sitenote_category":0,"footnotes":""},"categories":[22],"tags":[],"class_list":["post"],"yoast_head":" \n<title>Sonora en Equipo. Honra Gobernador Durazo legado del Dr. Samuel Oca\u00f1a con homenaje p\u00f3stumo en Palacio de Gobierno Sonora<\/title>\n<meta name=\"description\" content=\"- Durante su administraci\u00f3n (1979-1985) se realizaron obras en materia salud, educaci\u00f3n e infraestructura que siguen impactando positivamente a la En Sonora en Equipo publicamos toda la informaci\u00f3n de Sonora, M\u00e9xico y el Mundo de manera oportuna y busca que la libertad de expresi\u00f3n sea real. Visita nuestro medio informativo publicado desde Hermosillo, Sonora. %\" \/>\n<meta name=\"robots\" content=\"index, follow, max-snippet:-1, max-image-preview:large, max-video-preview:-1\" \/>\n<link rel=\"canonical\" href=\"https:\/\/www.sonoraenequipo.com.mx\/honra-gobernador-durazo-legado-del-dr-samuel-ocana-con-homenaje-postumo-en-palacio-de-gobierno\/\" \/>\n<meta property=\"og:locale\" content=\"es_ES\" \/>\n<meta property=\"og:type\" content=\"article\" \/>\n<meta property=\"og:title\" content=\"Sonora en Equipo. Honra Gobernador Durazo legado del Dr. Samuel Oca\u00f1a con homenaje p\u00f3stumo en Palacio de Gobierno Sonora\" \/>\n<meta property=\"og:description\" content=\"- Durante su administraci\u00f3n (1979-1985) se realizaron obras en materia salud, educaci\u00f3n e infraestructura que siguen impactando positivamente a la En Sonora en Equipo publicamos toda la informaci\u00f3n de Sonora, M\u00e9xico y el Mundo de manera oportuna y busca que la libertad de expresi\u00f3n sea real. Visita nuestro medio informativo publicado desde Hermosillo, Sonora. %\" \/>\n<meta property=\"og:url\" content=\"https:\/\/www.sonoraenequipo.com.mx\/honra-gobernador-durazo-legado-del-dr-samuel-ocana-con-homenaje-postumo-en-palacio-de-gobierno\/\" \/>\n<meta property=\"og:site_name\" content=\"Sonora en Equipo.\" \/>\n<meta property=\"article:publisher\" content=\"https:\/\/www.facebook.com\/SonoraEE\/\" \/>\n<meta property=\"article:author\" content=\"https:\/\/www.facebook.com\/SonoraEE\" \/>\n<meta property=\"article:published_time\" content=\"2025-01-03T03:17:33+00:00\" \/>\n<meta property=\"article:modified_time\" content=\"2025-01-04T05:53:22+00:00\" \/>\n<meta property=\"og:image\" content=\"https:\/\/www.sonoraenequipo.com.mx\/storage\/2025\/01\/Homenaje-postumo-a-Samuel-Ocana-Garcia-min.jpg\" \/>\n\t<meta property=\"og:image:width\" content=\"1060\" \/>\n\t<meta property=\"og:image:height\" content=\"692\" \/>\n\t<meta property=\"og:image:type\" content=\"image\/jpeg\" \/>\n<meta name=\"author\" content=\"enequipo\" \/>\n<meta name=\"twitter:card\" content=\"summary_large_image\" \/>\n<meta name=\"twitter:creator\" content=\"@sonoraenequipo\" \/>\n<meta name=\"twitter:site\" content=\"@sonoraenequipo\" \/>\n<meta name=\"twitter:label1\" content=\"Escrito por\" \/>\n\t<meta name=\"twitter:data1\" content=\"enequipo\" \/>\n\t<meta name=\"twitter:label2\" content=\"Tiempo de lectura\" \/>\n\t<meta name=\"twitter:data2\" content=\"4 minutos\" \/>\n<script type=\"application\/ld+json\" class=\"yoast-schema-graph\">{\"@context\":\"https:\/\/schema.org\",\"@graph\":[{\"@type\":\"Article\",\"@id\":\"https:\/\/www.sonoraenequipo.com.mx\/honra-gobernador-durazo-legado-del-dr-samuel-ocana-con-homenaje-postumo-en-palacio-de-gobierno\/#article\",\"isPartOf\":{\"@id\":\"https:\/\/www.sonoraenequipo.com.mx\/honra-gobernador-durazo-legado-del-dr-samuel-ocana-con-homenaje-postumo-en-palacio-de-gobierno\/\"},\"author\":{\"name\":\"enequipo\",\"@id\":\"https:\/\/www.sonoraenequipo.com.mx\/#\/schema\/person\/50102df0fb23a8fa9e8effad8fa81386\"},\"headline\":\"Honra Gobernador Durazo legado del Dr. Samuel Oca\u00f1a con homenaje p\u00f3stumo en Palacio de Gobierno\",\"datePublished\":\"2025-01-03T03:17:33+00:00\",\"dateModified\":\"2025-01-04T05:53:22+00:00\",\"mainEntityOfPage\":{\"@id\":\"https:\/\/www.sonoraenequipo.com.mx\/honra-gobernador-durazo-legado-del-dr-samuel-ocana-con-homenaje-postumo-en-palacio-de-gobierno\/\"},\"wordCount\":721,\"commentCount\":0,\"publisher\":{\"@id\":\"https:\/\/www.sonoraenequipo.com.mx\/#organization\"},\"image\":{\"@id\":\"https:\/\/www.sonoraenequipo.com.mx\/honra-gobernador-durazo-legado-del-dr-samuel-ocana-con-homenaje-postumo-en-palacio-de-gobierno\/#primaryimage\"},\"thumbnailUrl\":\"https:\/\/www.sonoraenequipo.com.mx\/storage\/2025\/01\/Homenaje-postumo-a-Samuel-Ocana-Garcia-min.jpg\",\"articleSection\":[\"Sonora\"],\"inLanguage\":\"es\",\"potentialAction\":[{\"@type\":\"CommentAction\",\"name\":\"Comment\",\"target\":[\"https:\/\/www.sonoraenequipo.com.mx\/honra-gobernador-durazo-legado-del-dr-samuel-ocana-con-homenaje-postumo-en-palacio-de-gobierno\/#respond\"]}]},{\"@type\":\"WebPage\",\"@id\":\"https:\/\/www.sonoraenequipo.com.mx\/honra-gobernador-durazo-legado-del-dr-samuel-ocana-con-homenaje-postumo-en-palacio-de-gobierno\/\",\"url\":\"https:\/\/www.sonoraenequipo.com.mx\/honra-gobernador-durazo-legado-del-dr-samuel-ocana-con-homenaje-postumo-en-palacio-de-gobierno\/\",\"name\":\"Sonora en Equipo. Honra Gobernador Durazo legado del Dr. Samuel Oca\u00f1a con homenaje p\u00f3stumo en Palacio de Gobierno Sonora\",\"isPartOf\":{\"@id\":\"https:\/\/www.sonoraenequipo.com.mx\/#website\"},\"primaryImageOfPage\":{\"@id\":\"https:\/\/www.sonoraenequipo.com.mx\/honra-gobernador-durazo-legado-del-dr-samuel-ocana-con-homenaje-postumo-en-palacio-de-gobierno\/#primaryimage\"},\"image\":{\"@id\":\"https:\/\/www.sonoraenequipo.com.mx\/honra-gobernador-durazo-legado-del-dr-samuel-ocana-con-homenaje-postumo-en-palacio-de-gobierno\/#primaryimage\"},\"thumbnailUrl\":\"https:\/\/www.sonoraenequipo.com.mx\/storage\/2025\/01\/Homenaje-postumo-a-Samuel-Ocana-Garcia-min.jpg\",\"datePublished\":\"2025-01-03T03:17:33+00:00\",\"dateModified\":\"2025-01-04T05:53:22+00:00\",\"description\":\"- Durante su administraci\u00f3n (1979-1985) se realizaron obras en materia salud, educaci\u00f3n e infraestructura que siguen impactando positivamente a la En Sonora en Equipo publicamos toda la informaci\u00f3n de Sonora, M\u00e9xico y el Mundo de manera oportuna y busca que la libertad de expresi\u00f3n sea real. Visita nuestro medio informativo publicado desde Hermosillo, Sonora. %\",\"breadcrumb\":{\"@id\":\"https:\/\/www.sonoraenequipo.com.mx\/honra-gobernador-durazo-legado-del-dr-samuel-ocana-con-homenaje-postumo-en-palacio-de-gobierno\/#breadcrumb\"},\"inLanguage\":\"es\",\"potentialAction\":[{\"@type\":\"ReadAction\",\"target\":[\"https:\/\/www.sonoraenequipo.com.mx\/honra-gobernador-durazo-legado-del-dr-samuel-ocana-con-homenaje-postumo-en-palacio-de-gobierno\/\"]}]},{\"@type\":\"ImageObject\",\"inLanguage\":\"es\",\"@id\":\"https:\/\/www.sonoraenequipo.com.mx\/honra-gobernador-durazo-legado-del-dr-samuel-ocana-con-homenaje-postumo-en-palacio-de-gobierno\/#primaryimage\",\"url\":\"https:\/\/www.sonoraenequipo.com.mx\/storage\/2025\/01\/Homenaje-postumo-a-Samuel-Ocana-Garcia-min.jpg\",\"contentUrl\":\"https:\/\/www.sonoraenequipo.com.mx\/storage\/2025\/01\/Homenaje-postumo-a-Samuel-Ocana-Garcia-min.jpg\",\"width\":1060,\"height\":692},{\"@type\":\"BreadcrumbList\",\"@id\":\"https:\/\/www.sonoraenequipo.com.mx\/honra-gobernador-durazo-legado-del-dr-samuel-ocana-con-homenaje-postumo-en-palacio-de-gobierno\/#breadcrumb\",\"itemListElement\":[{\"@type\":\"ListItem\",\"position\":1,\"name\":\"Portada\",\"item\":\"https:\/\/www.sonoraenequipo.com.mx\/\"},{\"@type\":\"ListItem\",\"position\":2,\"name\":\"Honra Gobernador Durazo legado del Dr. Samuel Oca\u00f1a con homenaje p\u00f3stumo en Palacio de Gobierno\"}]},{\"@type\":\"WebSite\",\"@id\":\"https:\/\/www.sonoraenequipo.com.mx\/#website\",\"url\":\"https:\/\/www.sonoraenequipo.com.mx\/\",\"name\":\"Sonora en Equipo.\",\"description\":\"Diario en l\u00ednea con Noticias desde Hermosillo, Sonora\",\"publisher\":{\"@id\":\"https:\/\/www.sonoraenequipo.com.mx\/#organization\"},\"potentialAction\":[{\"@type\":\"SearchAction\",\"target\":{\"@type\":\"EntryPoint\",\"urlTemplate\":\"https:\/\/www.sonoraenequipo.com.mx\/?s={search_term_string}\"},\"query-input\":{\"@type\":\"PropertyValueSpecification\",\"valueRequired\":true,\"valueName\":\"search_term_string\"}}],\"inLanguage\":\"es\"},{\"@type\":\"Organization\",\"@id\":\"https:\/\/www.sonoraenequipo.com.mx\/#organization\",\"name\":\"Sonoraenequipo.com.mx\",\"url\":\"https:\/\/www.sonoraenequipo.com.mx\/\",\"logo\":{\"@type\":\"ImageObject\",\"inLanguage\":\"es\",\"@id\":\"https:\/\/www.sonoraenequipo.com.mx\/#\/schema\/logo\/image\/\",\"url\":\"https:\/\/www.sonoraenequipo.com.mx\/storage\/2019\/01\/sonoraenequipo_opt.png\",\"contentUrl\":\"https:\/\/www.sonoraenequipo.com.mx\/storage\/2019\/01\/sonoraenequipo_opt.png\",\"width\":375,\"height\":125,\"caption\":\"Sonoraenequipo.com.mx\"},\"image\":{\"@id\":\"https:\/\/www.sonoraenequipo.com.mx\/#\/schema\/logo\/image\/\"},\"sameAs\":[\"https:\/\/www.facebook.com\/SonoraEE\/\",\"https:\/\/x.com\/sonoraenequipo\",\"https:\/\/www.youtube.com\/channel\/UC338nW-lPEYmJQs4ZABQ1SQ\"]},{\"@type\":\"Person\",\"@id\":\"https:\/\/www.sonoraenequipo.com.mx\/#\/schema\/person\/50102df0fb23a8fa9e8effad8fa81386\",\"name\":\"enequipo\",\"image\":{\"@type\":\"ImageObject\",\"inLanguage\":\"es\",\"@id\":\"https:\/\/www.sonoraenequipo.com.mx\/#\/schema\/person\/image\/\",\"url\":\"https:\/\/secure.gravatar.com\/avatar\/049821681b589dabc0bc20695993ccebb09f5b5d4d790cd9251b97faac7c652b?s=96&d=blank&r=g\",\"contentUrl\":\"https:\/\/secure.gravatar.com\/avatar\/049821681b589dabc0bc20695993ccebb09f5b5d4d790cd9251b97faac7c652b?s=96&d=blank&r=g\",\"caption\":\"enequipo\"},\"sameAs\":[\"https:\/\/www.facebook.com\/SonoraEE\"]}]}<\/script>\n ","yoast_head_json":{"title":"Sonora en Equipo. Honra Gobernador Durazo legado del Dr. Samuel Oca\u00f1a con homenaje p\u00f3stumo en Palacio de Gobierno Sonora","description":"- Durante su administraci\u00f3n (1979-1985) se realizaron obras en materia salud, educaci\u00f3n e infraestructura que siguen impactando positivamente a la En Sonora en Equipo publicamos toda la informaci\u00f3n de Sonora, M\u00e9xico y el Mundo de manera oportuna y busca que la libertad de expresi\u00f3n sea real. Visita nuestro medio informativo publicado desde Hermosillo, Sonora. %","robots":{"index":"index","follow":"follow","max-snippet":"max-snippet:-1","max-image-preview":"max-image-preview:large","max-video-preview":"max-video-preview:-1"},"canonical":"https:\/\/www.sonoraenequipo.com.mx\/honra-gobernador-durazo-legado-del-dr-samuel-ocana-con-homenaje-postumo-en-palacio-de-gobierno\/","og_locale":"es_ES","og_type":"article","og_title":"Sonora en Equipo. Honra Gobernador Durazo legado del Dr. Samuel Oca\u00f1a con homenaje p\u00f3stumo en Palacio de Gobierno Sonora","og_description":"- Durante su administraci\u00f3n (1979-1985) se realizaron obras en materia salud, educaci\u00f3n e infraestructura que siguen impactando positivamente a la En Sonora en Equipo publicamos toda la informaci\u00f3n de Sonora, M\u00e9xico y el Mundo de manera oportuna y busca que la libertad de expresi\u00f3n sea real. Visita nuestro medio informativo publicado desde Hermosillo, Sonora. %","og_url":"https:\/\/www.sonoraenequipo.com.mx\/honra-gobernador-durazo-legado-del-dr-samuel-ocana-con-homenaje-postumo-en-palacio-de-gobierno\/","og_site_name":"Sonora en Equipo.","article_publisher":"https:\/\/www.facebook.com\/SonoraEE\/","article_author":"https:\/\/www.facebook.com\/SonoraEE","article_published_time":"2025-01-03T03:17:33+00:00","article_modified_time":"2025-01-04T05:53:22+00:00","og_image":[{"width":1060,"height":692,"url":"https:\/\/www.sonoraenequipo.com.mx\/storage\/2025\/01\/Homenaje-postumo-a-Samuel-Ocana-Garcia-min.jpg","type":"image\/jpeg"}],"author":"enequipo","twitter_card":"summary_large_image","twitter_creator":"@sonoraenequipo","twitter_site":"@sonoraenequipo","twitter_misc":{"Escrito por":"enequipo","Tiempo de lectura":"4 minutos"},"schema":{"@context":"https:\/\/schema.org","@graph":[{"@type":"Article","@id":"https:\/\/www.sonoraenequipo.com.mx\/honra-gobernador-durazo-legado-del-dr-samuel-ocana-con-homenaje-postumo-en-palacio-de-gobierno\/#article","isPartOf":{"@id":"https:\/\/www.sonoraenequipo.com.mx\/honra-gobernador-durazo-legado-del-dr-samuel-ocana-con-homenaje-postumo-en-palacio-de-gobierno\/"},"author":{"name":"enequipo","@id":"https:\/\/www.sonoraenequipo.com.mx\/#\/schema\/person\/50102df0fb23a8fa9e8effad8fa81386"},"headline":"Honra Gobernador Durazo legado del Dr. Samuel Oca\u00f1a con homenaje p\u00f3stumo en Palacio de Gobierno","datePublished":"2025-01-03T03:17:33+00:00","dateModified":"2025-01-04T05:53:22+00:00","mainEntityOfPage":{"@id":"https:\/\/www.sonoraenequipo.com.mx\/honra-gobernador-durazo-legado-del-dr-samuel-ocana-con-homenaje-postumo-en-palacio-de-gobierno\/"},"wordCount":721,"commentCount":0,"publisher":{"@id":"https:\/\/www.sonoraenequipo.com.mx\/#organization"},"image":{"@id":"https:\/\/www.sonoraenequipo.com.mx\/honra-gobernador-durazo-legado-del-dr-samuel-ocana-con-homenaje-postumo-en-palacio-de-gobierno\/#primaryimage"},"thumbnailUrl":"https:\/\/www.sonoraenequipo.com.mx\/storage\/2025\/01\/Homenaje-postumo-a-Samuel-Ocana-Garcia-min.jpg","articleSection":["Sonora"],"inLanguage":"es","potentialAction":[{"@type":"CommentAction","name":"Comment","target":["https:\/\/www.sonoraenequipo.com.mx\/honra-gobernador-durazo-legado-del-dr-samuel-ocana-con-homenaje-postumo-en-palacio-de-gobierno\/#respond"]}]},{"@type":"WebPage","@id":"https:\/\/www.sonoraenequipo.com.mx\/honra-gobernador-durazo-legado-del-dr-samuel-ocana-con-homenaje-postumo-en-palacio-de-gobierno\/","url":"https:\/\/www.sonoraenequipo.com.mx\/honra-gobernador-durazo-legado-del-dr-samuel-ocana-con-homenaje-postumo-en-palacio-de-gobierno\/","name":"Sonora en Equipo. Honra Gobernador Durazo legado del Dr. Samuel Oca\u00f1a con homenaje p\u00f3stumo en Palacio de Gobierno Sonora","isPartOf":{"@id":"https:\/\/www.sonoraenequipo.com.mx\/#website"},"primaryImageOfPage":{"@id":"https:\/\/www.sonoraenequipo.com.mx\/honra-gobernador-durazo-legado-del-dr-samuel-ocana-con-homenaje-postumo-en-palacio-de-gobierno\/#primaryimage"},"image":{"@id":"https:\/\/www.sonoraenequipo.com.mx\/honra-gobernador-durazo-legado-del-dr-samuel-ocana-con-homenaje-postumo-en-palacio-de-gobierno\/#primaryimage"},"thumbnailUrl":"https:\/\/www.sonoraenequipo.com.mx\/storage\/2025\/01\/Homenaje-postumo-a-Samuel-Ocana-Garcia-min.jpg","datePublished":"2025-01-03T03:17:33+00:00","dateModified":"2025-01-04T05:53:22+00:00","description":"- Durante su administraci\u00f3n (1979-1985) se realizaron obras en materia salud, educaci\u00f3n e infraestructura que siguen impactando positivamente a la En Sonora en Equipo publicamos toda la informaci\u00f3n de Sonora, M\u00e9xico y el Mundo de manera oportuna y busca que la libertad de expresi\u00f3n sea real. Visita nuestro medio informativo publicado desde Hermosillo, Sonora. %","breadcrumb":{"@id":"https:\/\/www.sonoraenequipo.com.mx\/honra-gobernador-durazo-legado-del-dr-samuel-ocana-con-homenaje-postumo-en-palacio-de-gobierno\/#breadcrumb"},"inLanguage":"es","potentialAction":[{"@type":"ReadAction","target":["https:\/\/www.sonoraenequipo.com.mx\/honra-gobernador-durazo-legado-del-dr-samuel-ocana-con-homenaje-postumo-en-palacio-de-gobierno\/"]}]},{"@type":"ImageObject","inLanguage":"es","@id":"https:\/\/www.sonoraenequipo.com.mx\/honra-gobernador-durazo-legado-del-dr-samuel-ocana-con-homenaje-postumo-en-palacio-de-gobierno\/#primaryimage","url":"https:\/\/www.sonoraenequipo.com.mx\/storage\/2025\/01\/Homenaje-postumo-a-Samuel-Ocana-Garcia-min.jpg","contentUrl":"https:\/\/www.sonoraenequipo.com.mx\/storage\/2025\/01\/Homenaje-postumo-a-Samuel-Ocana-Garcia-min.jpg","width":1060,"height":692},{"@type":"BreadcrumbList","@id":"https:\/\/www.sonoraenequipo.com.mx\/honra-gobernador-durazo-legado-del-dr-samuel-ocana-con-homenaje-postumo-en-palacio-de-gobierno\/#breadcrumb","itemListElement":[{"@type":"ListItem","position":1,"name":"Portada","item":"https:\/\/www.sonoraenequipo.com.mx\/"},{"@type":"ListItem","position":2,"name":"Honra Gobernador Durazo legado del Dr. Samuel Oca\u00f1a con homenaje p\u00f3stumo en Palacio de Gobierno"}]},{"@type":"WebSite","@id":"https:\/\/www.sonoraenequipo.com.mx\/#website","url":"https:\/\/www.sonoraenequipo.com.mx\/","name":"Sonora en Equipo.","description":"Diario en l\u00ednea con Noticias desde Hermosillo, Sonora","publisher":{"@id":"https:\/\/www.sonoraenequipo.com.mx\/#organization"},"potentialAction":[{"@type":"SearchAction","target":{"@type":"EntryPoint","urlTemplate":"https:\/\/www.sonoraenequipo.com.mx\/?s={search_term_string}"},"query-input":{"@type":"PropertyValueSpecification","valueRequired":true,"valueName":"search_term_string"}}],"inLanguage":"es"},{"@type":"Organization","@id":"https:\/\/www.sonoraenequipo.com.mx\/#organization","name":"Sonoraenequipo.com.mx","url":"https:\/\/www.sonoraenequipo.com.mx\/","logo":{"@type":"ImageObject","inLanguage":"es","@id":"https:\/\/www.sonoraenequipo.com.mx\/#\/schema\/logo\/image\/","url":"https:\/\/www.sonoraenequipo.com.mx\/storage\/2019\/01\/sonoraenequipo_opt.png","contentUrl":"https:\/\/www.sonoraenequipo.com.mx\/storage\/2019\/01\/sonoraenequipo_opt.png","width":375,"height":125,"caption":"Sonoraenequipo.com.mx"},"image":{"@id":"https:\/\/www.sonoraenequipo.com.mx\/#\/schema\/logo\/image\/"},"sameAs":["https:\/\/www.facebook.com\/SonoraEE\/","https:\/\/x.com\/sonoraenequipo","https:\/\/www.youtube.com\/channel\/UC338nW-lPEYmJQs4ZABQ1SQ"]},{"@type":"Person","@id":"https:\/\/www.sonoraenequipo.com.mx\/#\/schema\/person\/50102df0fb23a8fa9e8effad8fa81386","name":"enequipo","image":{"@type":"ImageObject","inLanguage":"es","@id":"https:\/\/www.sonoraenequipo.com.mx\/#\/schema\/person\/image\/","url":"https:\/\/secure.gravatar.com\/avatar\/049821681b589dabc0bc20695993ccebb09f5b5d4d790cd9251b97faac7c652b?s=96&d=blank&r=g","contentUrl":"https:\/\/secure.gravatar.com\/avatar\/049821681b589dabc0bc20695993ccebb09f5b5d4d790cd9251b97faac7c652b?s=96&d=blank&r=g","caption":"enequipo"},"sameAs":["https:\/\/www.facebook.com\/SonoraEE"]}]}},"jetpack_featured_media_url":"https:\/\/www.sonoraenequipo.com.mx\/storage\/2025\/01\/Homenaje-postumo-a-Samuel-Ocana-Garcia-min.jpg","_links":{"self":[{"href":"https:\/\/www.sonoraenequipo.com.mx\/api\/wp\/v2\/posts\/207053","targetHints":{"allow":["GET"]}}],"collection":[{"href":"https:\/\/www.sonoraenequipo.com.mx\/api\/wp\/v2\/posts"}],"about":[{"href":"https:\/\/www.sonoraenequipo.com.mx\/api\/wp\/v2\/types\/post"}],"author":[{"embeddable":true,"href":"https:\/\/www.sonoraenequipo.com.mx\/api\/wp\/v2\/users\/1"}],"replies":[{"embeddable":true,"href":"https:\/\/www.sonoraenequipo.com.mx\/api\/wp\/v2\/comments?post=207053"}],"version-history":[{"count":1,"href":"https:\/\/www.sonoraenequipo.com.mx\/api\/wp\/v2\/posts\/207053\/revisions"}],"predecessor-version":[{"id":207062,"href":"https:\/\/www.sonoraenequipo.com.mx\/api\/wp\/v2\/posts\/207053\/revisions\/207062"}],"wp:featuredmedia":[{"embeddable":true,"href":"https:\/\/www.sonoraenequipo.com.mx\/api\/wp\/v2\/media\/207057"}],"wp:attachment":[{"href":"https:\/\/www.sonoraenequipo.com.mx\/api\/wp\/v2\/media?parent=207053"}],"wp:term":[{"taxonomy":"category","embeddable":true,"href":"https:\/\/www.sonoraenequipo.com.mx\/api\/wp\/v2\/categories?post=207053"},{"taxonomy":"post_tag","embeddable":true,"href":"https:\/\/www.sonoraenequipo.com.mx\/api\/wp\/v2\/tags?post=207053"}],"curies":[{"name":"wp","href":"https:\/\/api.w.org\/{rel}","templated":true}]}}