{"id":207068,"date":"2025-01-03T21:07:36","date_gmt":"2025-01-04T04:07:36","guid":{"rendered":"https:\/\/www.sonoraenequipo.com.mx\/?p=207068"},"modified":"2025-01-03T23:51:20","modified_gmt":"2025-01-04T06:51:20","slug":"presidenta-de-mexico-presenta-pnd-2025-2030","status":"publish","type":"post","link":"https:\/\/www.sonoraenequipo.com.mx\/presidenta-de-mexico-presenta-pnd-2025-2030\/","title":{"rendered":"Presidenta de M\u00e9xico presenta PND 2025-2030"},"content":{"rendered":"<p><strong>Para incluir la opini\u00f3n del pueblo de M\u00e9xico en el Plan Nacional de Desarrollo se realizar\u00e1n foros en todo el pa\u00eds del 6 al 19 de enero.<\/strong><\/p>\n<p><strong>La poblaci\u00f3n podr\u00e1 presentar sus propuestas de manera directa o a trav\u00e9s del sitio web \u201cPlaneando Juntos\u201d, <a href=\"https:\/\/www.planeandojuntos.gob.mx\/\">https:\/\/www.planeandojuntos.gob.mx\/<\/a>, a partir del 6 de enero<\/strong><br \/>\n.<\/p>\n<p> <\/p>\n<p><strong>CIUDAD DE M\u00c9XICO. MX. \u2014<\/strong> La Presidenta Claudia Sheinbaum Pardo present\u00f3 el Plan Nacional de Desarrollo 2025-2030, el cual ser\u00e1 la gu\u00eda del Gobierno para definir las prioridades en materia econ\u00f3mica, social y pol\u00edtica en el sexenio, y que contar\u00e1 con la participaci\u00f3n del pueblo de M\u00e9xico, a trav\u00e9s de foros que se llevar\u00e1n a cabo en todo el pa\u00eds del 6 al 19 de enero.<\/p>\n<p> <\/p>\n<p><em><strong>\u201cNosotros creemos que con el Plan M\u00e9xico y el Plan de Desarrollo que tenemos vamos a impulsar el crecimiento econ\u00f3mico. Ahora, no es suficiente el crecimiento econ\u00f3mico. Un pa\u00eds debe medirse no solamente por cu\u00e1nto aumenta el Producto Interno Bruto, sino c\u00f3mo se distribuyen los recursos, cu\u00e1nto ganan sus ciudadanos, cu\u00e1l es el salario que perciben, a qu\u00e9 derechos tienen acceso, y no solamente los grandes indicadores del desarrollo o de la econom\u00eda\u201d,<\/strong><\/em> destac\u00f3 durante la conferencia matutina: \u201cLas ma\u00f1aneras del pueblo\u201d.<\/p>\n<p>Agreg\u00f3 que el Plan Nacional de Desarrollo y el Plan M\u00e9xico representan una visi\u00f3n que concibe a la educaci\u00f3n, a la salud y a la vivienda como derechos del pueblo; y que busca sobre todo, el bienestar de las y los mexicanos.<\/p>\n<p><em><strong>\u201cUna visi\u00f3n de desarrollo del pa\u00eds que lo que busca es, s\u00ed, crecimiento econ\u00f3mico, pero sobre todo bienestar. O sea, el desarrollo tiene que tener dos apellidos: sustentabilidad y bienestar\u201d,<\/strong> <\/em>agreg\u00f3.<\/p>\n<p>El subsecretario de Hacienda y Cr\u00e9dito P\u00fablico, Edgar Amador Zamora, explic\u00f3 que el Plan Nacional de Desarrollo 2025-2030 tiene cuatro ejes generales en los que se abordan las 14 Rep\u00fablicas presentadas por la Jefa del Ejecutivo Federal en sus 100 compromisos: Gobernanza con justicia y participaci\u00f3n ciudadana; Desarrollo con bienestar y humanismo; Econom\u00eda moral y trabajo; as\u00ed como Desarrollo sustentable. Los cuales contienen tres ejes transversales: Igualdad sustantiva y derechos de las mujeres; Innovaci\u00f3n p\u00fablica para el desarrollo tecnol\u00f3gico nacional; y Derechos de las comunidades ind\u00edgenas y afromexicanas.<\/p>\n<p><em><strong>\u201cVamos a pedir, a incentivar, a animar, la participaci\u00f3n de la sociedad y de todos los grupos activos para que enriquezcan el documento y configurar el Plan Nacional de Desarrollo, que acabar\u00e1 aterrizado en ejes y partidas presupuestales\u201d<\/strong><\/em>, agreg\u00f3.<\/p>\n<p>El coordinador de Asesores de la Presidencia de la Rep\u00fablica, Jes\u00fas Ram\u00edrez Cuevas, precis\u00f3 que, de acuerdo al art\u00edculo 26 de la Constituci\u00f3n Pol\u00edtica, la planeaci\u00f3n del Gobierno debe ser democr\u00e1tica con la participaci\u00f3n de todos los sectores, para ello, del 6 al 19 de enero, se realizar\u00e1n foros en diferentes estados del pa\u00eds para la construcci\u00f3n del Plan Nacional de Desarrollo 2025-2030.<\/p>\n<p><em><strong>\u201cLos foros van a ser en las primeras dos semanas de enero para permitir la participaci\u00f3n, pero al mismo tiempo tener tiempo de integrar el documento de manera adecuada con todo lo que t\u00e9cnicamente se requiere, con presupuestos, indicadores de desempe\u00f1o, indicadores de resultados, de tal manera que pueda ser tangible y al final poder evaluar si se cumpli\u00f3 la palabra, si lo que estaba planeado se pudo alcanzar\u201d,<\/strong><\/em> explic\u00f3.<\/p>\n<p>Precis\u00f3 que, el Plan Nacional de Desarrollo 2025-2030 tiene como marco los principios del Humanismo Mexicano que sirven de base a la Cuarta Transformaci\u00f3n de la vida p\u00fablica de M\u00e9xico:<\/p>\n<p>1. Prosperidad Compartida.<\/p>\n<p>2. No puede haber un gobierno rico con pueblo pobre.<\/p>\n<p>3. Los y las gobernantes deben ser honrados y honestos.<\/p>\n<p>4. La democracia es el gobierno del pueblo, por el pueblo y para el pueblo.<\/p>\n<p>5. Est\u00e1 prohibido prohibir.<\/p>\n<p>6. Desarrollo y bienestar con cuidado del medio ambiente.<\/p>\n<p>7. Igualdad sustantiva de g\u00e9nero, cultural y social.<\/p>\n<p>8. M\u00e9xico es un pa\u00eds soberano independiente y democr\u00e1tico.<\/p>\n<p>9. La pol\u00edtica se hace con amor, no con odio.<\/p>\n<p>10. Condenamos el clasismo, el machismo y cualquier forma de discriminaci\u00f3n.<\/p>\n<p>Anunci\u00f3 que los foros para la construcci\u00f3n del Plan Nacional de Desarrollo 2025-2030 se realizar\u00e1n a partir del 6 de enero en diferentes puntos del pa\u00eds con la participaci\u00f3n de todas las dependencias del Gobierno de M\u00e9xico para conocer las propuestas de diferentes sectores, las cuales pueden ser planteadas de manera presencial o a trav\u00e9s de la p\u00e1gina web: https:\/\/www.planeandojuntos.gob.mx\/, que se habilitar\u00e1 el pr\u00f3ximo lunes.<\/p>\n<h3>CALENDARIO DE FOROS:<\/h3>\n<p>&#8211; 6 de enero &#8211; Tijuana, Baja California. Tema: \u201cGobernanza con Justicia y Participaci\u00f3n Ciudadana\u201d a cargo de la Secretar\u00eda de Seguridad y Protecci\u00f3n Ciudadana.<\/p>\n<p>&#8211; 7 de enero &#8211; San Crist\u00f3bal de las Casas, Chiapas. Tema: \u201cDesarrollo con Bienestar y Humanismo\u201d, a cargo de la Secretar\u00eda del Bienestar.<\/p>\n<p>&#8211; 8 de enero &#8211; Guadalajara, Jalisco. Tema \u201cEconom\u00eda Moral y Trabajo\u201d, a cargo de la Secretar\u00eda de Econom\u00eda.<\/p>\n<p>&#8211; 9 de enero &#8211; M\u00e9rida, Yucat\u00e1n. Tema: \u201cDesarrollo Sustentable\u201d, a cargo de la Secretar\u00eda de Medio Ambiente y Recursos Naturales (Semarnat).<\/p>\n<p>&#8211; 10 de enero &#8211; Ciudad de M\u00e9xico y M\u00e9rida. Tema: \u201cGobernanza con Justicia y Participaci\u00f3n Ciudadana\u201d a cargo de la Secretar\u00eda de Relaciones Exteriores y en Monterrey, a cargo de la Agencia de Transformaci\u00f3n Digital y Telecomunicaciones. Tepic, Nayarit. Tema \u201cEconom\u00eda Moral y Trabajo\u201d, a cargo de la Secretar\u00eda de Salud.<\/p>\n<p>&#8211; 11 de enero &#8211; Hermosillo Sonora; Guanajuato, Guanajuato; Pachuca, Hidalgo; Saltillo, Coahuila y Tlaxcala, Tlaxcala. Tema: \u201cDesarrollo con Bienestar y Humanismo\u201d, a cargo de Seguridad, Ciencia, Salud y Sedatu, respectivamente. En Colima, Colima. Tema: \u201cTransici\u00f3n Agroecol\u00f3gica\u201d, a cargo de Semarnat y Agricultura.<\/p>\n<p>&#8211; 12 de enero &#8211; Aguascalientes y Veracruz. Tema: \u201cEconom\u00eda Moral y Trabajo\u201d, a cargo de Econom\u00eda, as\u00ed como de \u201cDesarrollo de puertos\u201d, que estar\u00e1 a cargo de la Secretar\u00eda de Marina. Asimismo, en la Ciudad de M\u00e9xico habr\u00e1 un \u201cEncuentro de ejidos y comunidades agrarias del Segundo Piso de la Cuarta Transformaci\u00f3n\u201d, a cargo de la Procuradur\u00eda Agraria.<\/p>\n<p>&#8211; 13 de enero &#8211; Culiac\u00e1n, Sinaloa. Tema: \u201cDesarrollo Sustentable\u201d. Dependencia: Agricultura; en Zacatecas. Tema: \u201cDesarrollo Bienestar y Humanismo\u201d. Dependencia: Cultura; Tampico, Tamaulipas, Durango, Durango, Mexicali, Baja California y Morelia, Michoac\u00e1n. Tema: \u201cDesarrollo Sustentable\u201d. Dependencias: Energ\u00eda, Ciencia y Cultura; en Quer\u00e9taro y Ciudad de M\u00e9xico. Tema: \u201cGobernanza con Justicia y Participaci\u00f3n Ciudadana\u201d, a cargo de Anticorrupci\u00f3n y Gobernaci\u00f3n; en La Paz, Baja California. Tema: \u201cEconom\u00eda Moral y Trabajo\u201d y en Ciudad Victoria, Tamaulipas habr\u00e1 un \u201cForo de Juventudes\u201d del IMJUVE.<\/p>\n<p>&#8211; 14 de enero &#8211; \u201cForo de Mujeres\u201d en la Ciudad de M\u00e9xico a cargo de la Secretar\u00eda de las Mujeres; \u201cGobernanza con Justicia y Participaci\u00f3n Ciudadana\u201d en Cuernavaca, a cargo de la Secretar\u00eda Anticorrupci\u00f3n; foros de \u201cEconom\u00eda Moral y Trabajo\u201d en San Luis Potos\u00ed, Guadalajara y Canc\u00fan, a cargo de SICT y de Turismo; as\u00ed como el \u201cForo de Juventudes\u201d, en Pachuca, Tijuana, Torre\u00f3n y Ciudad Nicol\u00e1s Romero, en el Estado de M\u00e9xico, a cargo del IMJUVE.<\/p>\n<p>&#8211; 15 de enero &#8211; En Tehuac\u00e1n, Puebla, y en Comalcalco, Tabasco se realizar\u00e1 el \u201cForo de Juventudes\u201d, a cargo del IMJUVE; y en Toluca se abordar\u00e1 el tema de \u201cEconom\u00eda Moral y Trabajo\u201d, a cargo de la Secretar\u00eda del Trabajo y Previsi\u00f3n Social.<\/p>\n<p>&#8211; 16 de enero &#8211; \u201cForo de las Personas con Discapacidad\u201d en Zacatecas, a cargo de Conapred y Conadis; foro de \u201cDesarrollo Sustentable\u201d en Chihuahua, a cargo de la Secretar\u00eda de Agricultura y Desarrollo Rural; \u201cForo de Mujeres\u201d en Ciudad Ju\u00e1rez, a cargo de la Secretar\u00eda de las Mujeres y un \u201cForo de las Juventudes\u201d en Champot\u00f3n, a cargo del IMJUVE.<\/p>\n<p>&#8211; 17 de enero &#8211; En Ciudad de M\u00e9xico habr\u00e1 un foro sobre \u201cSembrando Vida\u201d; en Xalapa, Veracruz se hablar\u00e1 de \u201cDesarrollo con Bienestar y Humanismo\u201d, a cargo de la Secretar\u00eda de Educaci\u00f3n P\u00fablica. Y \u201cForo de las Juventudes\u201d en San Crist\u00f3bal de las Casas, Chiapas; en Ciudad Ju\u00e1rez, Chihuahua; en Hermosillo, Sonora y en Oaxaca, Oaxaca, a cargo del IMJUVE.<\/p>\n<p>&#8211; 18 de enero &#8211; En Chilpancingo, Guerrero se hablar\u00e1 de \u201cDesarrollo con Bienestar y Humanismo\u201d, a cargo de la Secretar\u00eda del Bienestar; en Puebla de \u201cEconom\u00eda Moral y Trabajo\u201d, a cargo de la SEP y de \u201cGobernanza con Justicia y Participaci\u00f3n Ciudadana\u201d en Oaxaca y Campeche, a cargo de las Secretar\u00edas del Trabajo y de Gobernaci\u00f3n.<\/p>\n<p>&#8211; 19 de enero &#8211; \u201cForo de Comunidades Ind\u00edgenas y Pueblos Afromexicanos\u201d en Morelia, Michoac\u00e1n, a cargo del Instituto Nacional de los Pueblos Ind\u00edgenas (INPI).<\/p>\n<p>PUBLICADO EL 03 DE ENERO DE 2025 Con informaci\u00f3n de GOBIERNO DE M\u00c9XICO)<\/p>\n","protected":false},"excerpt":{"rendered":"<p>Para incluir la opini\u00f3n del pueblo de M\u00e9xico en el Plan Nacional de Desarrollo se&#8230;<\/p>\n","protected":false},"author":1,"featured_media":207071,"comment_status":"open","ping_status":"open","sticky":false,"template":"","format":"standard","meta":{"_monsterinsights_skip_tracking":false,"_monsterinsights_sitenote_active":false,"_monsterinsights_sitenote_note":"","_monsterinsights_sitenote_category":0,"footnotes":""},"categories":[5],"tags":[],"class_list":["post"],"yoast_head":" \n<title>Sonora en Equipo. Presidenta de M\u00e9xico presenta PND 2025-2030 Rep\u00fablica<\/title>\n<meta name=\"description\" content=\"Para incluir la opini\u00f3n del pueblo de M\u00e9xico en el Plan Nacional de Desarrollo se realizar\u00e1n foros en todo el pa\u00eds del 6 al 19 de enero. La poblaci\u00f3n En Sonora en Equipo publicamos toda la informaci\u00f3n de Sonora, M\u00e9xico y el Mundo de manera oportuna y busca que la libertad de expresi\u00f3n sea real. Visita nuestro medio informativo publicado desde Hermosillo, Sonora. %\" \/>\n<meta name=\"robots\" content=\"index, follow, max-snippet:-1, max-image-preview:large, max-video-preview:-1\" \/>\n<link rel=\"canonical\" href=\"https:\/\/www.sonoraenequipo.com.mx\/presidenta-de-mexico-presenta-pnd-2025-2030\/\" \/>\n<meta property=\"og:locale\" content=\"es_ES\" \/>\n<meta property=\"og:type\" content=\"article\" \/>\n<meta property=\"og:title\" content=\"Sonora en Equipo. Presidenta de M\u00e9xico presenta PND 2025-2030 Rep\u00fablica\" \/>\n<meta property=\"og:description\" content=\"Para incluir la opini\u00f3n del pueblo de M\u00e9xico en el Plan Nacional de Desarrollo se realizar\u00e1n foros en todo el pa\u00eds del 6 al 19 de enero. La poblaci\u00f3n En Sonora en Equipo publicamos toda la informaci\u00f3n de Sonora, M\u00e9xico y el Mundo de manera oportuna y busca que la libertad de expresi\u00f3n sea real. Visita nuestro medio informativo publicado desde Hermosillo, Sonora. %\" \/>\n<meta property=\"og:url\" content=\"https:\/\/www.sonoraenequipo.com.mx\/presidenta-de-mexico-presenta-pnd-2025-2030\/\" \/>\n<meta property=\"og:site_name\" content=\"Sonora en Equipo.\" \/>\n<meta property=\"article:publisher\" content=\"https:\/\/www.facebook.com\/SonoraEE\/\" \/>\n<meta property=\"article:author\" content=\"https:\/\/www.facebook.com\/SonoraEE\" \/>\n<meta property=\"article:published_time\" content=\"2025-01-04T04:07:36+00:00\" \/>\n<meta property=\"article:modified_time\" content=\"2025-01-04T06:51:20+00:00\" \/>\n<meta property=\"og:image\" content=\"https:\/\/www.sonoraenequipo.com.mx\/storage\/2025\/01\/Presentacion-Plan-Nacional-de-Desarrollo-2025-2030..0301-min.jpg\" \/>\n\t<meta property=\"og:image:width\" content=\"1000\" \/>\n\t<meta property=\"og:image:height\" content=\"666\" \/>\n\t<meta property=\"og:image:type\" content=\"image\/jpeg\" \/>\n<meta name=\"author\" content=\"enequipo\" \/>\n<meta name=\"twitter:card\" content=\"summary_large_image\" \/>\n<meta name=\"twitter:creator\" content=\"@sonoraenequipo\" \/>\n<meta name=\"twitter:site\" content=\"@sonoraenequipo\" \/>\n<meta name=\"twitter:label1\" content=\"Escrito por\" \/>\n\t<meta name=\"twitter:data1\" content=\"enequipo\" \/>\n\t<meta name=\"twitter:label2\" content=\"Tiempo de lectura\" \/>\n\t<meta name=\"twitter:data2\" content=\"7 minutos\" \/>\n<script type=\"application\/ld+json\" class=\"yoast-schema-graph\">{\"@context\":\"https:\/\/schema.org\",\"@graph\":[{\"@type\":\"Article\",\"@id\":\"https:\/\/www.sonoraenequipo.com.mx\/presidenta-de-mexico-presenta-pnd-2025-2030\/#article\",\"isPartOf\":{\"@id\":\"https:\/\/www.sonoraenequipo.com.mx\/presidenta-de-mexico-presenta-pnd-2025-2030\/\"},\"author\":{\"name\":\"enequipo\",\"@id\":\"https:\/\/www.sonoraenequipo.com.mx\/#\/schema\/person\/50102df0fb23a8fa9e8effad8fa81386\"},\"headline\":\"Presidenta de M\u00e9xico presenta PND 2025-2030\",\"datePublished\":\"2025-01-04T04:07:36+00:00\",\"dateModified\":\"2025-01-04T06:51:20+00:00\",\"mainEntityOfPage\":{\"@id\":\"https:\/\/www.sonoraenequipo.com.mx\/presidenta-de-mexico-presenta-pnd-2025-2030\/\"},\"wordCount\":1502,\"commentCount\":0,\"publisher\":{\"@id\":\"https:\/\/www.sonoraenequipo.com.mx\/#organization\"},\"image\":{\"@id\":\"https:\/\/www.sonoraenequipo.com.mx\/presidenta-de-mexico-presenta-pnd-2025-2030\/#primaryimage\"},\"thumbnailUrl\":\"https:\/\/www.sonoraenequipo.com.mx\/storage\/2025\/01\/Presentacion-Plan-Nacional-de-Desarrollo-2025-2030..0301-min.jpg\",\"articleSection\":[\"Rep\u00fablica\"],\"inLanguage\":\"es\",\"potentialAction\":[{\"@type\":\"CommentAction\",\"name\":\"Comment\",\"target\":[\"https:\/\/www.sonoraenequipo.com.mx\/presidenta-de-mexico-presenta-pnd-2025-2030\/#respond\"]}]},{\"@type\":\"WebPage\",\"@id\":\"https:\/\/www.sonoraenequipo.com.mx\/presidenta-de-mexico-presenta-pnd-2025-2030\/\",\"url\":\"https:\/\/www.sonoraenequipo.com.mx\/presidenta-de-mexico-presenta-pnd-2025-2030\/\",\"name\":\"Sonora en Equipo. Presidenta de M\u00e9xico presenta PND 2025-2030 Rep\u00fablica\",\"isPartOf\":{\"@id\":\"https:\/\/www.sonoraenequipo.com.mx\/#website\"},\"primaryImageOfPage\":{\"@id\":\"https:\/\/www.sonoraenequipo.com.mx\/presidenta-de-mexico-presenta-pnd-2025-2030\/#primaryimage\"},\"image\":{\"@id\":\"https:\/\/www.sonoraenequipo.com.mx\/presidenta-de-mexico-presenta-pnd-2025-2030\/#primaryimage\"},\"thumbnailUrl\":\"https:\/\/www.sonoraenequipo.com.mx\/storage\/2025\/01\/Presentacion-Plan-Nacional-de-Desarrollo-2025-2030..0301-min.jpg\",\"datePublished\":\"2025-01-04T04:07:36+00:00\",\"dateModified\":\"2025-01-04T06:51:20+00:00\",\"description\":\"Para incluir la opini\u00f3n del pueblo de M\u00e9xico en el Plan Nacional de Desarrollo se realizar\u00e1n foros en todo el pa\u00eds del 6 al 19 de enero. La poblaci\u00f3n En Sonora en Equipo publicamos toda la informaci\u00f3n de Sonora, M\u00e9xico y el Mundo de manera oportuna y busca que la libertad de expresi\u00f3n sea real. Visita nuestro medio informativo publicado desde Hermosillo, Sonora. %\",\"breadcrumb\":{\"@id\":\"https:\/\/www.sonoraenequipo.com.mx\/presidenta-de-mexico-presenta-pnd-2025-2030\/#breadcrumb\"},\"inLanguage\":\"es\",\"potentialAction\":[{\"@type\":\"ReadAction\",\"target\":[\"https:\/\/www.sonoraenequipo.com.mx\/presidenta-de-mexico-presenta-pnd-2025-2030\/\"]}]},{\"@type\":\"ImageObject\",\"inLanguage\":\"es\",\"@id\":\"https:\/\/www.sonoraenequipo.com.mx\/presidenta-de-mexico-presenta-pnd-2025-2030\/#primaryimage\",\"url\":\"https:\/\/www.sonoraenequipo.com.mx\/storage\/2025\/01\/Presentacion-Plan-Nacional-de-Desarrollo-2025-2030..0301-min.jpg\",\"contentUrl\":\"https:\/\/www.sonoraenequipo.com.mx\/storage\/2025\/01\/Presentacion-Plan-Nacional-de-Desarrollo-2025-2030..0301-min.jpg\",\"width\":1000,\"height\":666},{\"@type\":\"BreadcrumbList\",\"@id\":\"https:\/\/www.sonoraenequipo.com.mx\/presidenta-de-mexico-presenta-pnd-2025-2030\/#breadcrumb\",\"itemListElement\":[{\"@type\":\"ListItem\",\"position\":1,\"name\":\"Portada\",\"item\":\"https:\/\/www.sonoraenequipo.com.mx\/\"},{\"@type\":\"ListItem\",\"position\":2,\"name\":\"Presidenta de M\u00e9xico presenta PND 2025-2030\"}]},{\"@type\":\"WebSite\",\"@id\":\"https:\/\/www.sonoraenequipo.com.mx\/#website\",\"url\":\"https:\/\/www.sonoraenequipo.com.mx\/\",\"name\":\"Sonora en Equipo.\",\"description\":\"Diario en l\u00ednea con Noticias desde Hermosillo, Sonora\",\"publisher\":{\"@id\":\"https:\/\/www.sonoraenequipo.com.mx\/#organization\"},\"potentialAction\":[{\"@type\":\"SearchAction\",\"target\":{\"@type\":\"EntryPoint\",\"urlTemplate\":\"https:\/\/www.sonoraenequipo.com.mx\/?s={search_term_string}\"},\"query-input\":{\"@type\":\"PropertyValueSpecification\",\"valueRequired\":true,\"valueName\":\"search_term_string\"}}],\"inLanguage\":\"es\"},{\"@type\":\"Organization\",\"@id\":\"https:\/\/www.sonoraenequipo.com.mx\/#organization\",\"name\":\"Sonoraenequipo.com.mx\",\"url\":\"https:\/\/www.sonoraenequipo.com.mx\/\",\"logo\":{\"@type\":\"ImageObject\",\"inLanguage\":\"es\",\"@id\":\"https:\/\/www.sonoraenequipo.com.mx\/#\/schema\/logo\/image\/\",\"url\":\"https:\/\/www.sonoraenequipo.com.mx\/storage\/2019\/01\/sonoraenequipo_opt.png\",\"contentUrl\":\"https:\/\/www.sonoraenequipo.com.mx\/storage\/2019\/01\/sonoraenequipo_opt.png\",\"width\":375,\"height\":125,\"caption\":\"Sonoraenequipo.com.mx\"},\"image\":{\"@id\":\"https:\/\/www.sonoraenequipo.com.mx\/#\/schema\/logo\/image\/\"},\"sameAs\":[\"https:\/\/www.facebook.com\/SonoraEE\/\",\"https:\/\/x.com\/sonoraenequipo\",\"https:\/\/www.youtube.com\/channel\/UC338nW-lPEYmJQs4ZABQ1SQ\"]},{\"@type\":\"Person\",\"@id\":\"https:\/\/www.sonoraenequipo.com.mx\/#\/schema\/person\/50102df0fb23a8fa9e8effad8fa81386\",\"name\":\"enequipo\",\"image\":{\"@type\":\"ImageObject\",\"inLanguage\":\"es\",\"@id\":\"https:\/\/www.sonoraenequipo.com.mx\/#\/schema\/person\/image\/\",\"url\":\"https:\/\/secure.gravatar.com\/avatar\/049821681b589dabc0bc20695993ccebb09f5b5d4d790cd9251b97faac7c652b?s=96&d=blank&r=g\",\"contentUrl\":\"https:\/\/secure.gravatar.com\/avatar\/049821681b589dabc0bc20695993ccebb09f5b5d4d790cd9251b97faac7c652b?s=96&d=blank&r=g\",\"caption\":\"enequipo\"},\"sameAs\":[\"https:\/\/www.facebook.com\/SonoraEE\"]}]}<\/script>\n ","yoast_head_json":{"title":"Sonora en Equipo. Presidenta de M\u00e9xico presenta PND 2025-2030 Rep\u00fablica","description":"Para incluir la opini\u00f3n del pueblo de M\u00e9xico en el Plan Nacional de Desarrollo se realizar\u00e1n foros en todo el pa\u00eds del 6 al 19 de enero. La poblaci\u00f3n En Sonora en Equipo publicamos toda la informaci\u00f3n de Sonora, M\u00e9xico y el Mundo de manera oportuna y busca que la libertad de expresi\u00f3n sea real. Visita nuestro medio informativo publicado desde Hermosillo, Sonora. %","robots":{"index":"index","follow":"follow","max-snippet":"max-snippet:-1","max-image-preview":"max-image-preview:large","max-video-preview":"max-video-preview:-1"},"canonical":"https:\/\/www.sonoraenequipo.com.mx\/presidenta-de-mexico-presenta-pnd-2025-2030\/","og_locale":"es_ES","og_type":"article","og_title":"Sonora en Equipo. Presidenta de M\u00e9xico presenta PND 2025-2030 Rep\u00fablica","og_description":"Para incluir la opini\u00f3n del pueblo de M\u00e9xico en el Plan Nacional de Desarrollo se realizar\u00e1n foros en todo el pa\u00eds del 6 al 19 de enero. La poblaci\u00f3n En Sonora en Equipo publicamos toda la informaci\u00f3n de Sonora, M\u00e9xico y el Mundo de manera oportuna y busca que la libertad de expresi\u00f3n sea real. Visita nuestro medio informativo publicado desde Hermosillo, Sonora. %","og_url":"https:\/\/www.sonoraenequipo.com.mx\/presidenta-de-mexico-presenta-pnd-2025-2030\/","og_site_name":"Sonora en Equipo.","article_publisher":"https:\/\/www.facebook.com\/SonoraEE\/","article_author":"https:\/\/www.facebook.com\/SonoraEE","article_published_time":"2025-01-04T04:07:36+00:00","article_modified_time":"2025-01-04T06:51:20+00:00","og_image":[{"width":1000,"height":666,"url":"https:\/\/www.sonoraenequipo.com.mx\/storage\/2025\/01\/Presentacion-Plan-Nacional-de-Desarrollo-2025-2030..0301-min.jpg","type":"image\/jpeg"}],"author":"enequipo","twitter_card":"summary_large_image","twitter_creator":"@sonoraenequipo","twitter_site":"@sonoraenequipo","twitter_misc":{"Escrito por":"enequipo","Tiempo de lectura":"7 minutos"},"schema":{"@context":"https:\/\/schema.org","@graph":[{"@type":"Article","@id":"https:\/\/www.sonoraenequipo.com.mx\/presidenta-de-mexico-presenta-pnd-2025-2030\/#article","isPartOf":{"@id":"https:\/\/www.sonoraenequipo.com.mx\/presidenta-de-mexico-presenta-pnd-2025-2030\/"},"author":{"name":"enequipo","@id":"https:\/\/www.sonoraenequipo.com.mx\/#\/schema\/person\/50102df0fb23a8fa9e8effad8fa81386"},"headline":"Presidenta de M\u00e9xico presenta PND 2025-2030","datePublished":"2025-01-04T04:07:36+00:00","dateModified":"2025-01-04T06:51:20+00:00","mainEntityOfPage":{"@id":"https:\/\/www.sonoraenequipo.com.mx\/presidenta-de-mexico-presenta-pnd-2025-2030\/"},"wordCount":1502,"commentCount":0,"publisher":{"@id":"https:\/\/www.sonoraenequipo.com.mx\/#organization"},"image":{"@id":"https:\/\/www.sonoraenequipo.com.mx\/presidenta-de-mexico-presenta-pnd-2025-2030\/#primaryimage"},"thumbnailUrl":"https:\/\/www.sonoraenequipo.com.mx\/storage\/2025\/01\/Presentacion-Plan-Nacional-de-Desarrollo-2025-2030..0301-min.jpg","articleSection":["Rep\u00fablica"],"inLanguage":"es","potentialAction":[{"@type":"CommentAction","name":"Comment","target":["https:\/\/www.sonoraenequipo.com.mx\/presidenta-de-mexico-presenta-pnd-2025-2030\/#respond"]}]},{"@type":"WebPage","@id":"https:\/\/www.sonoraenequipo.com.mx\/presidenta-de-mexico-presenta-pnd-2025-2030\/","url":"https:\/\/www.sonoraenequipo.com.mx\/presidenta-de-mexico-presenta-pnd-2025-2030\/","name":"Sonora en Equipo. Presidenta de M\u00e9xico presenta PND 2025-2030 Rep\u00fablica","isPartOf":{"@id":"https:\/\/www.sonoraenequipo.com.mx\/#website"},"primaryImageOfPage":{"@id":"https:\/\/www.sonoraenequipo.com.mx\/presidenta-de-mexico-presenta-pnd-2025-2030\/#primaryimage"},"image":{"@id":"https:\/\/www.sonoraenequipo.com.mx\/presidenta-de-mexico-presenta-pnd-2025-2030\/#primaryimage"},"thumbnailUrl":"https:\/\/www.sonoraenequipo.com.mx\/storage\/2025\/01\/Presentacion-Plan-Nacional-de-Desarrollo-2025-2030..0301-min.jpg","datePublished":"2025-01-04T04:07:36+00:00","dateModified":"2025-01-04T06:51:20+00:00","description":"Para incluir la opini\u00f3n del pueblo de M\u00e9xico en el Plan Nacional de Desarrollo se realizar\u00e1n foros en todo el pa\u00eds del 6 al 19 de enero. La poblaci\u00f3n En Sonora en Equipo publicamos toda la informaci\u00f3n de Sonora, M\u00e9xico y el Mundo de manera oportuna y busca que la libertad de expresi\u00f3n sea real. Visita nuestro medio informativo publicado desde Hermosillo, Sonora. %","breadcrumb":{"@id":"https:\/\/www.sonoraenequipo.com.mx\/presidenta-de-mexico-presenta-pnd-2025-2030\/#breadcrumb"},"inLanguage":"es","potentialAction":[{"@type":"ReadAction","target":["https:\/\/www.sonoraenequipo.com.mx\/presidenta-de-mexico-presenta-pnd-2025-2030\/"]}]},{"@type":"ImageObject","inLanguage":"es","@id":"https:\/\/www.sonoraenequipo.com.mx\/presidenta-de-mexico-presenta-pnd-2025-2030\/#primaryimage","url":"https:\/\/www.sonoraenequipo.com.mx\/storage\/2025\/01\/Presentacion-Plan-Nacional-de-Desarrollo-2025-2030..0301-min.jpg","contentUrl":"https:\/\/www.sonoraenequipo.com.mx\/storage\/2025\/01\/Presentacion-Plan-Nacional-de-Desarrollo-2025-2030..0301-min.jpg","width":1000,"height":666},{"@type":"BreadcrumbList","@id":"https:\/\/www.sonoraenequipo.com.mx\/presidenta-de-mexico-presenta-pnd-2025-2030\/#breadcrumb","itemListElement":[{"@type":"ListItem","position":1,"name":"Portada","item":"https:\/\/www.sonoraenequipo.com.mx\/"},{"@type":"ListItem","position":2,"name":"Presidenta de M\u00e9xico presenta PND 2025-2030"}]},{"@type":"WebSite","@id":"https:\/\/www.sonoraenequipo.com.mx\/#website","url":"https:\/\/www.sonoraenequipo.com.mx\/","name":"Sonora en Equipo.","description":"Diario en l\u00ednea con Noticias desde Hermosillo, Sonora","publisher":{"@id":"https:\/\/www.sonoraenequipo.com.mx\/#organization"},"potentialAction":[{"@type":"SearchAction","target":{"@type":"EntryPoint","urlTemplate":"https:\/\/www.sonoraenequipo.com.mx\/?s={search_term_string}"},"query-input":{"@type":"PropertyValueSpecification","valueRequired":true,"valueName":"search_term_string"}}],"inLanguage":"es"},{"@type":"Organization","@id":"https:\/\/www.sonoraenequipo.com.mx\/#organization","name":"Sonoraenequipo.com.mx","url":"https:\/\/www.sonoraenequipo.com.mx\/","logo":{"@type":"ImageObject","inLanguage":"es","@id":"https:\/\/www.sonoraenequipo.com.mx\/#\/schema\/logo\/image\/","url":"https:\/\/www.sonoraenequipo.com.mx\/storage\/2019\/01\/sonoraenequipo_opt.png","contentUrl":"https:\/\/www.sonoraenequipo.com.mx\/storage\/2019\/01\/sonoraenequipo_opt.png","width":375,"height":125,"caption":"Sonoraenequipo.com.mx"},"image":{"@id":"https:\/\/www.sonoraenequipo.com.mx\/#\/schema\/logo\/image\/"},"sameAs":["https:\/\/www.facebook.com\/SonoraEE\/","https:\/\/x.com\/sonoraenequipo","https:\/\/www.youtube.com\/channel\/UC338nW-lPEYmJQs4ZABQ1SQ"]},{"@type":"Person","@id":"https:\/\/www.sonoraenequipo.com.mx\/#\/schema\/person\/50102df0fb23a8fa9e8effad8fa81386","name":"enequipo","image":{"@type":"ImageObject","inLanguage":"es","@id":"https:\/\/www.sonoraenequipo.com.mx\/#\/schema\/person\/image\/","url":"https:\/\/secure.gravatar.com\/avatar\/049821681b589dabc0bc20695993ccebb09f5b5d4d790cd9251b97faac7c652b?s=96&d=blank&r=g","contentUrl":"https:\/\/secure.gravatar.com\/avatar\/049821681b589dabc0bc20695993ccebb09f5b5d4d790cd9251b97faac7c652b?s=96&d=blank&r=g","caption":"enequipo"},"sameAs":["https:\/\/www.facebook.com\/SonoraEE"]}]}},"jetpack_featured_media_url":"https:\/\/www.sonoraenequipo.com.mx\/storage\/2025\/01\/Presentacion-Plan-Nacional-de-Desarrollo-2025-2030..0301-min.jpg","_links":{"self":[{"href":"https:\/\/www.sonoraenequipo.com.mx\/api\/wp\/v2\/posts\/207068","targetHints":{"allow":["GET"]}}],"collection":[{"href":"https:\/\/www.sonoraenequipo.com.mx\/api\/wp\/v2\/posts"}],"about":[{"href":"https:\/\/www.sonoraenequipo.com.mx\/api\/wp\/v2\/types\/post"}],"author":[{"embeddable":true,"href":"https:\/\/www.sonoraenequipo.com.mx\/api\/wp\/v2\/users\/1"}],"replies":[{"embeddable":true,"href":"https:\/\/www.sonoraenequipo.com.mx\/api\/wp\/v2\/comments?post=207068"}],"version-history":[{"count":2,"href":"https:\/\/www.sonoraenequipo.com.mx\/api\/wp\/v2\/posts\/207068\/revisions"}],"predecessor-version":[{"id":207076,"href":"https:\/\/www.sonoraenequipo.com.mx\/api\/wp\/v2\/posts\/207068\/revisions\/207076"}],"wp:featuredmedia":[{"embeddable":true,"href":"https:\/\/www.sonoraenequipo.com.mx\/api\/wp\/v2\/media\/207071"}],"wp:attachment":[{"href":"https:\/\/www.sonoraenequipo.com.mx\/api\/wp\/v2\/media?parent=207068"}],"wp:term":[{"taxonomy":"category","embeddable":true,"href":"https:\/\/www.sonoraenequipo.com.mx\/api\/wp\/v2\/categories?post=207068"},{"taxonomy":"post_tag","embeddable":true,"href":"https:\/\/www.sonoraenequipo.com.mx\/api\/wp\/v2\/tags?post=207068"}],"curies":[{"name":"wp","href":"https:\/\/api.w.org\/{rel}","templated":true}]}}