{"id":207092,"date":"2025-01-04T12:10:40","date_gmt":"2025-01-04T19:10:40","guid":{"rendered":"https:\/\/www.sonoraenequipo.com.mx\/?p=207092"},"modified":"2025-01-04T13:53:53","modified_gmt":"2025-01-04T20:53:53","slug":"azota-tormenta-artica-a-estados-unidos-y-puede-ser-la-mas-fria-en-una-decada","status":"publish","type":"post","link":"https:\/\/www.sonoraenequipo.com.mx\/azota-tormenta-artica-a-estados-unidos-y-puede-ser-la-mas-fria-en-una-decada\/","title":{"rendered":"Azota tormenta \u00e1rtica a Estados Unidos y puede ser la m\u00e1s fr\u00eda en una d\u00e9cada"},"content":{"rendered":"<p><strong>ESTADOS UNIDOS. \u2014<\/strong> Una gran tormenta invernal barrer\u00e1 con fr\u00edo polar desde el s\u00e1bado el Medio Oeste del pa\u00eds, desplaz\u00e1ndose hacia el este en los pr\u00f3ximos d\u00edas y dejando a su paso nevadas, heladas y temperaturas g\u00e9lidas, seg\u00fan informa el Servicio Meteorol\u00f3gico Nacional.<\/p>\n<p>&nbsp;<\/p>\n<p>&nbsp;<\/p>\n<p> <\/p>\n<p>Un gran sistema invernal toc\u00f3 tierra en la costa Oeste el viernes por la tarde, provocando lluvias en el noroeste del Pac\u00edfico y nieve en la cordillera Cascade. Eso causar\u00e1 una fuerte tormenta invernal desde las Llanuras Centrales hasta el Atl\u00e1ntico desde este fin de semana a principios de la semana pr\u00f3xima, seg\u00fan los meteor\u00f3logos.<\/p>\n<p>&nbsp;<\/p>\n<p>&nbsp;<\/p>\n<p>&nbsp;<\/p>\n<p>Para la tarde del s\u00e1bado se espera una generalizada nevada intensa entre el centro de Kansas e Indiana, especialmente a lo largo y al norte de la Interestatal 70, donde existe una alta probabilidad de que caigan al menos ocho pulgadas (20.3 cent\u00edmetros) de nieve.<\/p>\n<p>&nbsp;<\/p>\n<p>&nbsp;<\/p>\n<p>&nbsp;<\/p>\n<p>En los lugares de esa regi\u00f3n que normalmente reciben las mayores nevadas, \u00e9sta puede ser la m\u00e1s intensa en al menos una d\u00e9cada.<\/p>\n<p>&nbsp;<\/p>\n<p>La tormenta despu\u00e9s se adentrar\u00e1 en el valle del Ohio, afectando a los desplazamientos en carretera y avi\u00f3n, para llegar al Atl\u00e1ntico entre el domingo y el lunes, cuando cientos de millones de personas en los dos tercios orientales del pa\u00eds experimentar\u00e1n peligrosas sensaciones de fr\u00edo en el aire y viento, seg\u00fan los meteor\u00f3logos.<\/p>\n<p>&nbsp;<\/p>\n<p>&nbsp;<\/p>\n<h3>Las temperaturas podr\u00edan ser de 12 a 25 grados Fahrenheit (7 a 14 cent\u00edgrados) m\u00e1s fr\u00edas de lo habitual por el v\u00f3rtice polar \u00e1rtico.<\/h3>\n<p>&nbsp;<\/p>\n<p>&nbsp;<\/p>\n<p><em><strong>\u201cEsto podr\u00eda dar lugar al enero m\u00e1s fr\u00edo para Estados Unidos desde 2011\u201d,<\/strong><\/em> dijo este viernes el director de operaciones de pron\u00f3stico de la web meteorol\u00f3gica AccuWeather, Dan DePodwin, agregando que podr\u00eda haber hasta una semana o m\u00e1s de<em><strong> \u201ctemperaturas muy por debajo del promedio hist\u00f3rico\u201d.<\/strong><\/em><\/p>\n<p>&nbsp;<\/p>\n<p>&nbsp;<\/p>\n<h3>Incluso en Florida se esperan fuertes heladas, a\u00f1adi\u00f3.<\/h3>\n<p>&nbsp;<\/p>\n<p>&nbsp;<\/p>\n<p><em><strong>\u201cLa sensaci\u00f3n t\u00e9rmica va a ser brutal\u201d,<\/strong> <\/em>dijo Jennifer Francis, del Instituto de Investigaci\u00f3n Clim\u00e1tica Woodwell: \u201c<strong><em>Que el planeta se est\u00e9 calentando no significa que estas olas de fr\u00edo desaparezcan\u201d.<\/em><\/strong><\/p>\n<p>&nbsp;<\/p>\n<p>&nbsp;<\/p>\n<p>&nbsp;<\/p>\n<p>Este clima invernal conlleva peligros a los que hay que enfrentarse para mantenerse caliente y seguro. Entre estos riesgos se incluye la intoxicaci\u00f3n por mon\u00f3xido de carbono, la hipotermia y las tuber\u00edas congeladas que pueden reventar y volver las casas inhabitables.<\/p>\n<p>&nbsp;<\/p>\n<p>&nbsp;<\/p>\n<p>Los expertos y responsables de seguridad p\u00fablica afirman que hay muchas formas de prepararse para evitarlos:<\/p>\n<p>&nbsp;<\/p>\n<h3><\/h3>\n<h3>Seguridad dentro de casa<\/h3>\n<p>&nbsp;<\/p>\n<p>&nbsp;<\/p>\n<p>Las autoridades recomiendan permanecer en casa durante las tormentas invernales. Pero, seg\u00fan los Centros para el Control y la Prevenci\u00f3n de Enfermedades (CDC), los sistemas de calefacci\u00f3n dom\u00e9sticos encendidos durante horas pueden aumentar el riesgo de intoxicaci\u00f3n por mon\u00f3xido de carbono, ya que las calderas, estufas y calefactores pueden producir gases mortales.<\/p>\n<p>&nbsp;<\/p>\n<p>&nbsp;<\/p>\n<p>El mon\u00f3xido de carbono tambi\u00e9n puede surgir cuando la gente utiliza generadores port\u00e1tiles o enciende el auto en el garaje para calentarse o cargar su tel\u00e9fono.<\/p>\n<p>&nbsp;<\/p>\n<p>&nbsp;<\/p>\n<p>Al ser inodoro e incoloro, no necesariamente se percibe, explic\u00f3 el doctor Alex Harding, profesor de medicina de urgencias del Baylor College of Medicine de Houston.<\/p>\n<p>&nbsp;<\/p>\n<p>&nbsp;<\/p>\n<p><em><strong>\u201cLos s\u00edntomas de la intoxicaci\u00f3n por mon\u00f3xido de carbono pueden ser realmente insidiosos. Pueden aparecer sigilosamente en los pacientes y abarcar desde el simple desarrollo de un dolor de cabeza o tal vez un poco de n\u00e1useas hasta la p\u00e9rdida de conciencia y convulsiones\u201d,<\/strong><\/em> dijo.<\/p>\n<p>&nbsp;<\/p>\n<p>&nbsp;<\/p>\n<p>&nbsp;<\/p>\n<h3>C\u00f3mo evitar la hipotermia<\/h3>\n<p>&nbsp;<\/p>\n<p>El fr\u00edo que azota gran parte de la costa Este puede ser peligroso o mortal debido a la exposici\u00f3n insegura a los elementos. Las tormentas invernales de esta semana se dirigen hacia el sur, y es probable que el aire fr\u00edo llegue hasta Georgia, seg\u00fan Jon Palmer, meteor\u00f3logo del Servicio Meteorol\u00f3gico Nacional en Gray, Maine.<\/p>\n<p>&nbsp;<\/p>\n<p>&nbsp;<\/p>\n<p>Las bajas temperaturas podr\u00edan sorprender a la gente en partes del pa\u00eds que hasta ahora han experimentado inviernos suaves.<\/p>\n<p>&nbsp;<\/p>\n<p>&nbsp;<\/p>\n<p><em><strong>\u201cLas temperaturas muy fr\u00edas y los vientos pueden hacer que las temperaturas se sientan mucho m\u00e1s fr\u00edas, y el resultado podr\u00eda ser el aire fr\u00edo que eventualmente podr\u00eda conducir a la congelaci\u00f3n o hipotermia a ritmo mucho m\u00e1s r\u00e1pido de lo normal\u201d<\/strong><\/em>, dijo Palmer.<\/p>\n<p>&nbsp;<\/p>\n<p>&nbsp;<\/p>\n<p>&nbsp;<\/p>\n<p>Una exposici\u00f3n prolongada a temperaturas g\u00e9lidas puede dejar a las personas en riesgo de hipotermia, que ocurre cuando el cuerpo pierde calor m\u00e1s r\u00e1pido de lo que puede producirlo.<\/p>\n<p>&nbsp;<\/p>\n<p>&nbsp;<\/p>\n<p>&nbsp;<\/p>\n<p><em><strong>\u201cLa hipotermia es sin duda una de las mayores preocupaciones, sobre todo si tenemos alg\u00fan tipo de certeza de que las redes el\u00e9ctricas pueden fallar\u201d,<\/strong><\/em> asegur\u00f3 Harding.<\/p>\n<p>&nbsp;<\/p>\n<p>&nbsp;<\/p>\n<p>El peligro de hipotermia es mayor para alguien que est\u00e1 al aire libre, expuesto a r\u00e1fagas de viento y no usa ropa adecuada o la que lleva se moja.<\/p>\n<p>&nbsp;<\/p>\n<p>&nbsp;<\/p>\n<p><em><strong>\u201cSi disponen de un lugar seguro y c\u00e1lido, donde puedan refugiarse, donde tengan agua y comida y todo lo necesario, eso limitar\u00e1 su exposici\u00f3n a esos riesgos\u201d,<\/strong> <\/em>afirm\u00f3 Harding.<\/p>\n<p>&nbsp;<\/p>\n<p>&nbsp;<\/p>\n<p>Pero los grupos vulnerables, como las personas con discapacidad o sin hogar, pueden tener problemas para encontrar un lugar c\u00e1lido y seguro donde alojarse.<\/p>\n<p>&nbsp;<\/p>\n<p>&nbsp;<\/p>\n<p>&nbsp;<\/p>\n<h3>Proteja las tuber\u00edas<\/h3>\n<p>&nbsp;<\/p>\n<p>Que las tuber\u00edas de una casa se congelen durante el invierno es un problema especialmente grave en algunas zonas del Sur, donde los equipos se encuentran a menudo en el exterior. Pero otras partes del pa\u00eds tambi\u00e9n tienen que lidiar con este problema.<\/p>\n<p>&nbsp;<\/p>\n<p>&nbsp;<\/p>\n<p>&nbsp;<\/p>\n<p>Jos\u00e9 Parra, maestro fontanero de Abacus Plumbing, Air Conditioning &amp; Electrical en Houston, aconsej\u00f3 que a\u00edslen las tuber\u00edas expuestas al exterior, que cierren y drenen los sistemas de riego por aspersi\u00f3n y que dejen gotear los grifos dentro de una casa durante las temperaturas de congelaci\u00f3n para que el agua pueda correr por las tuber\u00edas y protegerlas.<\/p>\n<p>&nbsp;<\/p>\n<p>&nbsp;<\/p>\n<p><em><strong>\u201cMucho de lo que estamos arreglando, yo dir\u00eda que entre el 80% y el 90%, podr\u00eda haberse evitado con un poco de trabajo previo\u201d,<\/strong><\/em> dijo.<\/p>\n<p>&nbsp;<\/p>\n<h3><\/h3>\n<h3>Cuidado con los veh\u00edculos el\u00e9ctricos<\/h3>\n<p>&nbsp;<\/p>\n<p>&nbsp;<\/p>\n<p>Los expertos reconocen que el fr\u00edo puede afectar a los veh\u00edculos el\u00e9ctricos, pero que con un poco de planificaci\u00f3n y unos peque\u00f1os ajustes, sus propietarios podr\u00e1n viajar con normalidad.<\/p>\n<p>&nbsp;<\/p>\n<p>&nbsp;<\/p>\n<p>&nbsp;<\/p>\n<p>Los iones de litio fluyen por el electrolito l\u00edquido de las bater\u00edas de los veh\u00edculos el\u00e9ctricos y producen electricidad. Pero cuando el electrolito se enfr\u00eda, fluyen m\u00e1s despacio y no liberan tanta energ\u00eda. Esto reduce la autonom\u00eda y puede agotar el bater\u00eda m\u00e1s r\u00e1pido.<\/p>\n<p>&nbsp;<\/p>\n<p>&nbsp;<\/p>\n<p>&nbsp;<\/p>\n<p>A corto plazo, es probable que los fabricantes de autos encuentren mejores formas de proteger la vida \u00fatil de las bater\u00edas y calentarlas para cargarlas, explic\u00f3 Neil Dasgupta, profesor de ingenier\u00eda de la Universidad de Michigan. Tambi\u00e9n se est\u00e1n desarrollando nuevas qu\u00edmicas en las bater\u00edas que ser\u00e1n m\u00e1s resistentes al fr\u00edo, agreg\u00f3.<\/p>\n<p>&nbsp;<\/p>\n<p>&nbsp;<\/p>\n<p>&nbsp;<\/p>\n<p>PUBLICADO EL 04 DE ENERO DE 2025 Con informaci\u00f3n de NOTICIAS TELEMUNDO\/ AP.)<\/p>\n","protected":false},"excerpt":{"rendered":"<p>ESTADOS UNIDOS. \u2014 Una gran tormenta invernal barrer\u00e1 con fr\u00edo polar desde el s\u00e1bado el&#8230;<\/p>\n","protected":false},"author":1,"featured_media":207086,"comment_status":"open","ping_status":"open","sticky":false,"template":"","format":"standard","meta":{"_monsterinsights_skip_tracking":false,"_monsterinsights_sitenote_active":false,"_monsterinsights_sitenote_note":"","_monsterinsights_sitenote_category":0,"footnotes":""},"categories":[3],"tags":[],"class_list":["post"],"yoast_head":" \n<title>Sonora en Equipo. Azota tormenta \u00e1rtica a Estados Unidos y puede ser la m\u00e1s fr\u00eda en una d\u00e9cada MUNDO<\/title>\n<meta name=\"description\" content=\"ESTADOS UNIDOS. \u2014 Una gran tormenta invernal barrer\u00e1 con fr\u00edo polar desde el s\u00e1bado el Medio Oeste del pa\u00eds, desplaz\u00e1ndose hacia el este en los pr\u00f3ximos En Sonora en Equipo publicamos toda la informaci\u00f3n de Sonora, M\u00e9xico y el Mundo de manera oportuna y busca que la libertad de expresi\u00f3n sea real. Visita nuestro medio informativo publicado desde Hermosillo, Sonora. %\" \/>\n<meta name=\"robots\" content=\"index, follow, max-snippet:-1, max-image-preview:large, max-video-preview:-1\" \/>\n<link rel=\"canonical\" href=\"https:\/\/www.sonoraenequipo.com.mx\/azota-tormenta-artica-a-estados-unidos-y-puede-ser-la-mas-fria-en-una-decada\/\" \/>\n<meta property=\"og:locale\" content=\"es_ES\" \/>\n<meta property=\"og:type\" content=\"article\" \/>\n<meta property=\"og:title\" content=\"Sonora en Equipo. Azota tormenta \u00e1rtica a Estados Unidos y puede ser la m\u00e1s fr\u00eda en una d\u00e9cada MUNDO\" \/>\n<meta property=\"og:description\" content=\"ESTADOS UNIDOS. \u2014 Una gran tormenta invernal barrer\u00e1 con fr\u00edo polar desde el s\u00e1bado el Medio Oeste del pa\u00eds, desplaz\u00e1ndose hacia el este en los pr\u00f3ximos En Sonora en Equipo publicamos toda la informaci\u00f3n de Sonora, M\u00e9xico y el Mundo de manera oportuna y busca que la libertad de expresi\u00f3n sea real. Visita nuestro medio informativo publicado desde Hermosillo, Sonora. %\" \/>\n<meta property=\"og:url\" content=\"https:\/\/www.sonoraenequipo.com.mx\/azota-tormenta-artica-a-estados-unidos-y-puede-ser-la-mas-fria-en-una-decada\/\" \/>\n<meta property=\"og:site_name\" content=\"Sonora en Equipo.\" \/>\n<meta property=\"article:publisher\" content=\"https:\/\/www.facebook.com\/SonoraEE\/\" \/>\n<meta property=\"article:author\" content=\"https:\/\/www.facebook.com\/SonoraEE\" \/>\n<meta property=\"article:published_time\" content=\"2025-01-04T19:10:40+00:00\" \/>\n<meta property=\"article:modified_time\" content=\"2025-01-04T20:53:53+00:00\" \/>\n<meta property=\"og:image\" content=\"https:\/\/www.sonoraenequipo.com.mx\/storage\/2025\/01\/Onda-Gelida-en-Estados-Unidos-min.jpg\" \/>\n\t<meta property=\"og:image:width\" content=\"1000\" \/>\n\t<meta property=\"og:image:height\" content=\"500\" \/>\n\t<meta property=\"og:image:type\" content=\"image\/jpeg\" \/>\n<meta name=\"author\" content=\"enequipo\" \/>\n<meta name=\"twitter:card\" content=\"summary_large_image\" \/>\n<meta name=\"twitter:creator\" content=\"@sonoraenequipo\" \/>\n<meta name=\"twitter:site\" content=\"@sonoraenequipo\" \/>\n<meta name=\"twitter:label1\" content=\"Escrito por\" \/>\n\t<meta name=\"twitter:data1\" content=\"enequipo\" \/>\n\t<meta name=\"twitter:label2\" content=\"Tiempo de lectura\" \/>\n\t<meta name=\"twitter:data2\" content=\"6 minutos\" \/>\n<script type=\"application\/ld+json\" class=\"yoast-schema-graph\">{\"@context\":\"https:\/\/schema.org\",\"@graph\":[{\"@type\":\"Article\",\"@id\":\"https:\/\/www.sonoraenequipo.com.mx\/azota-tormenta-artica-a-estados-unidos-y-puede-ser-la-mas-fria-en-una-decada\/#article\",\"isPartOf\":{\"@id\":\"https:\/\/www.sonoraenequipo.com.mx\/azota-tormenta-artica-a-estados-unidos-y-puede-ser-la-mas-fria-en-una-decada\/\"},\"author\":{\"name\":\"enequipo\",\"@id\":\"https:\/\/www.sonoraenequipo.com.mx\/#\/schema\/person\/50102df0fb23a8fa9e8effad8fa81386\"},\"headline\":\"Azota tormenta \u00e1rtica a Estados Unidos y puede ser la m\u00e1s fr\u00eda en una d\u00e9cada\",\"datePublished\":\"2025-01-04T19:10:40+00:00\",\"dateModified\":\"2025-01-04T20:53:53+00:00\",\"mainEntityOfPage\":{\"@id\":\"https:\/\/www.sonoraenequipo.com.mx\/azota-tormenta-artica-a-estados-unidos-y-puede-ser-la-mas-fria-en-una-decada\/\"},\"wordCount\":1280,\"commentCount\":0,\"publisher\":{\"@id\":\"https:\/\/www.sonoraenequipo.com.mx\/#organization\"},\"image\":{\"@id\":\"https:\/\/www.sonoraenequipo.com.mx\/azota-tormenta-artica-a-estados-unidos-y-puede-ser-la-mas-fria-en-una-decada\/#primaryimage\"},\"thumbnailUrl\":\"https:\/\/www.sonoraenequipo.com.mx\/storage\/2025\/01\/Onda-Gelida-en-Estados-Unidos-min.jpg\",\"articleSection\":[\"MUNDO\"],\"inLanguage\":\"es\",\"potentialAction\":[{\"@type\":\"CommentAction\",\"name\":\"Comment\",\"target\":[\"https:\/\/www.sonoraenequipo.com.mx\/azota-tormenta-artica-a-estados-unidos-y-puede-ser-la-mas-fria-en-una-decada\/#respond\"]}]},{\"@type\":\"WebPage\",\"@id\":\"https:\/\/www.sonoraenequipo.com.mx\/azota-tormenta-artica-a-estados-unidos-y-puede-ser-la-mas-fria-en-una-decada\/\",\"url\":\"https:\/\/www.sonoraenequipo.com.mx\/azota-tormenta-artica-a-estados-unidos-y-puede-ser-la-mas-fria-en-una-decada\/\",\"name\":\"Sonora en Equipo. Azota tormenta \u00e1rtica a Estados Unidos y puede ser la m\u00e1s fr\u00eda en una d\u00e9cada MUNDO\",\"isPartOf\":{\"@id\":\"https:\/\/www.sonoraenequipo.com.mx\/#website\"},\"primaryImageOfPage\":{\"@id\":\"https:\/\/www.sonoraenequipo.com.mx\/azota-tormenta-artica-a-estados-unidos-y-puede-ser-la-mas-fria-en-una-decada\/#primaryimage\"},\"image\":{\"@id\":\"https:\/\/www.sonoraenequipo.com.mx\/azota-tormenta-artica-a-estados-unidos-y-puede-ser-la-mas-fria-en-una-decada\/#primaryimage\"},\"thumbnailUrl\":\"https:\/\/www.sonoraenequipo.com.mx\/storage\/2025\/01\/Onda-Gelida-en-Estados-Unidos-min.jpg\",\"datePublished\":\"2025-01-04T19:10:40+00:00\",\"dateModified\":\"2025-01-04T20:53:53+00:00\",\"description\":\"ESTADOS UNIDOS. \u2014 Una gran tormenta invernal barrer\u00e1 con fr\u00edo polar desde el s\u00e1bado el Medio Oeste del pa\u00eds, desplaz\u00e1ndose hacia el este en los pr\u00f3ximos En Sonora en Equipo publicamos toda la informaci\u00f3n de Sonora, M\u00e9xico y el Mundo de manera oportuna y busca que la libertad de expresi\u00f3n sea real. Visita nuestro medio informativo publicado desde Hermosillo, Sonora. %\",\"breadcrumb\":{\"@id\":\"https:\/\/www.sonoraenequipo.com.mx\/azota-tormenta-artica-a-estados-unidos-y-puede-ser-la-mas-fria-en-una-decada\/#breadcrumb\"},\"inLanguage\":\"es\",\"potentialAction\":[{\"@type\":\"ReadAction\",\"target\":[\"https:\/\/www.sonoraenequipo.com.mx\/azota-tormenta-artica-a-estados-unidos-y-puede-ser-la-mas-fria-en-una-decada\/\"]}]},{\"@type\":\"ImageObject\",\"inLanguage\":\"es\",\"@id\":\"https:\/\/www.sonoraenequipo.com.mx\/azota-tormenta-artica-a-estados-unidos-y-puede-ser-la-mas-fria-en-una-decada\/#primaryimage\",\"url\":\"https:\/\/www.sonoraenequipo.com.mx\/storage\/2025\/01\/Onda-Gelida-en-Estados-Unidos-min.jpg\",\"contentUrl\":\"https:\/\/www.sonoraenequipo.com.mx\/storage\/2025\/01\/Onda-Gelida-en-Estados-Unidos-min.jpg\",\"width\":1000,\"height\":500},{\"@type\":\"BreadcrumbList\",\"@id\":\"https:\/\/www.sonoraenequipo.com.mx\/azota-tormenta-artica-a-estados-unidos-y-puede-ser-la-mas-fria-en-una-decada\/#breadcrumb\",\"itemListElement\":[{\"@type\":\"ListItem\",\"position\":1,\"name\":\"Portada\",\"item\":\"https:\/\/www.sonoraenequipo.com.mx\/\"},{\"@type\":\"ListItem\",\"position\":2,\"name\":\"Azota tormenta \u00e1rtica a Estados Unidos y puede ser la m\u00e1s fr\u00eda en una d\u00e9cada\"}]},{\"@type\":\"WebSite\",\"@id\":\"https:\/\/www.sonoraenequipo.com.mx\/#website\",\"url\":\"https:\/\/www.sonoraenequipo.com.mx\/\",\"name\":\"Sonora en Equipo.\",\"description\":\"Diario en l\u00ednea con Noticias desde Hermosillo, Sonora\",\"publisher\":{\"@id\":\"https:\/\/www.sonoraenequipo.com.mx\/#organization\"},\"potentialAction\":[{\"@type\":\"SearchAction\",\"target\":{\"@type\":\"EntryPoint\",\"urlTemplate\":\"https:\/\/www.sonoraenequipo.com.mx\/?s={search_term_string}\"},\"query-input\":{\"@type\":\"PropertyValueSpecification\",\"valueRequired\":true,\"valueName\":\"search_term_string\"}}],\"inLanguage\":\"es\"},{\"@type\":\"Organization\",\"@id\":\"https:\/\/www.sonoraenequipo.com.mx\/#organization\",\"name\":\"Sonoraenequipo.com.mx\",\"url\":\"https:\/\/www.sonoraenequipo.com.mx\/\",\"logo\":{\"@type\":\"ImageObject\",\"inLanguage\":\"es\",\"@id\":\"https:\/\/www.sonoraenequipo.com.mx\/#\/schema\/logo\/image\/\",\"url\":\"https:\/\/www.sonoraenequipo.com.mx\/storage\/2019\/01\/sonoraenequipo_opt.png\",\"contentUrl\":\"https:\/\/www.sonoraenequipo.com.mx\/storage\/2019\/01\/sonoraenequipo_opt.png\",\"width\":375,\"height\":125,\"caption\":\"Sonoraenequipo.com.mx\"},\"image\":{\"@id\":\"https:\/\/www.sonoraenequipo.com.mx\/#\/schema\/logo\/image\/\"},\"sameAs\":[\"https:\/\/www.facebook.com\/SonoraEE\/\",\"https:\/\/x.com\/sonoraenequipo\",\"https:\/\/www.youtube.com\/channel\/UC338nW-lPEYmJQs4ZABQ1SQ\"]},{\"@type\":\"Person\",\"@id\":\"https:\/\/www.sonoraenequipo.com.mx\/#\/schema\/person\/50102df0fb23a8fa9e8effad8fa81386\",\"name\":\"enequipo\",\"image\":{\"@type\":\"ImageObject\",\"inLanguage\":\"es\",\"@id\":\"https:\/\/www.sonoraenequipo.com.mx\/#\/schema\/person\/image\/\",\"url\":\"https:\/\/secure.gravatar.com\/avatar\/049821681b589dabc0bc20695993ccebb09f5b5d4d790cd9251b97faac7c652b?s=96&d=blank&r=g\",\"contentUrl\":\"https:\/\/secure.gravatar.com\/avatar\/049821681b589dabc0bc20695993ccebb09f5b5d4d790cd9251b97faac7c652b?s=96&d=blank&r=g\",\"caption\":\"enequipo\"},\"sameAs\":[\"https:\/\/www.facebook.com\/SonoraEE\"]}]}<\/script>\n ","yoast_head_json":{"title":"Sonora en Equipo. Azota tormenta \u00e1rtica a Estados Unidos y puede ser la m\u00e1s fr\u00eda en una d\u00e9cada MUNDO","description":"ESTADOS UNIDOS. \u2014 Una gran tormenta invernal barrer\u00e1 con fr\u00edo polar desde el s\u00e1bado el Medio Oeste del pa\u00eds, desplaz\u00e1ndose hacia el este en los pr\u00f3ximos En Sonora en Equipo publicamos toda la informaci\u00f3n de Sonora, M\u00e9xico y el Mundo de manera oportuna y busca que la libertad de expresi\u00f3n sea real. Visita nuestro medio informativo publicado desde Hermosillo, Sonora. %","robots":{"index":"index","follow":"follow","max-snippet":"max-snippet:-1","max-image-preview":"max-image-preview:large","max-video-preview":"max-video-preview:-1"},"canonical":"https:\/\/www.sonoraenequipo.com.mx\/azota-tormenta-artica-a-estados-unidos-y-puede-ser-la-mas-fria-en-una-decada\/","og_locale":"es_ES","og_type":"article","og_title":"Sonora en Equipo. Azota tormenta \u00e1rtica a Estados Unidos y puede ser la m\u00e1s fr\u00eda en una d\u00e9cada MUNDO","og_description":"ESTADOS UNIDOS. \u2014 Una gran tormenta invernal barrer\u00e1 con fr\u00edo polar desde el s\u00e1bado el Medio Oeste del pa\u00eds, desplaz\u00e1ndose hacia el este en los pr\u00f3ximos En Sonora en Equipo publicamos toda la informaci\u00f3n de Sonora, M\u00e9xico y el Mundo de manera oportuna y busca que la libertad de expresi\u00f3n sea real. Visita nuestro medio informativo publicado desde Hermosillo, Sonora. %","og_url":"https:\/\/www.sonoraenequipo.com.mx\/azota-tormenta-artica-a-estados-unidos-y-puede-ser-la-mas-fria-en-una-decada\/","og_site_name":"Sonora en Equipo.","article_publisher":"https:\/\/www.facebook.com\/SonoraEE\/","article_author":"https:\/\/www.facebook.com\/SonoraEE","article_published_time":"2025-01-04T19:10:40+00:00","article_modified_time":"2025-01-04T20:53:53+00:00","og_image":[{"width":1000,"height":500,"url":"https:\/\/www.sonoraenequipo.com.mx\/storage\/2025\/01\/Onda-Gelida-en-Estados-Unidos-min.jpg","type":"image\/jpeg"}],"author":"enequipo","twitter_card":"summary_large_image","twitter_creator":"@sonoraenequipo","twitter_site":"@sonoraenequipo","twitter_misc":{"Escrito por":"enequipo","Tiempo de lectura":"6 minutos"},"schema":{"@context":"https:\/\/schema.org","@graph":[{"@type":"Article","@id":"https:\/\/www.sonoraenequipo.com.mx\/azota-tormenta-artica-a-estados-unidos-y-puede-ser-la-mas-fria-en-una-decada\/#article","isPartOf":{"@id":"https:\/\/www.sonoraenequipo.com.mx\/azota-tormenta-artica-a-estados-unidos-y-puede-ser-la-mas-fria-en-una-decada\/"},"author":{"name":"enequipo","@id":"https:\/\/www.sonoraenequipo.com.mx\/#\/schema\/person\/50102df0fb23a8fa9e8effad8fa81386"},"headline":"Azota tormenta \u00e1rtica a Estados Unidos y puede ser la m\u00e1s fr\u00eda en una d\u00e9cada","datePublished":"2025-01-04T19:10:40+00:00","dateModified":"2025-01-04T20:53:53+00:00","mainEntityOfPage":{"@id":"https:\/\/www.sonoraenequipo.com.mx\/azota-tormenta-artica-a-estados-unidos-y-puede-ser-la-mas-fria-en-una-decada\/"},"wordCount":1280,"commentCount":0,"publisher":{"@id":"https:\/\/www.sonoraenequipo.com.mx\/#organization"},"image":{"@id":"https:\/\/www.sonoraenequipo.com.mx\/azota-tormenta-artica-a-estados-unidos-y-puede-ser-la-mas-fria-en-una-decada\/#primaryimage"},"thumbnailUrl":"https:\/\/www.sonoraenequipo.com.mx\/storage\/2025\/01\/Onda-Gelida-en-Estados-Unidos-min.jpg","articleSection":["MUNDO"],"inLanguage":"es","potentialAction":[{"@type":"CommentAction","name":"Comment","target":["https:\/\/www.sonoraenequipo.com.mx\/azota-tormenta-artica-a-estados-unidos-y-puede-ser-la-mas-fria-en-una-decada\/#respond"]}]},{"@type":"WebPage","@id":"https:\/\/www.sonoraenequipo.com.mx\/azota-tormenta-artica-a-estados-unidos-y-puede-ser-la-mas-fria-en-una-decada\/","url":"https:\/\/www.sonoraenequipo.com.mx\/azota-tormenta-artica-a-estados-unidos-y-puede-ser-la-mas-fria-en-una-decada\/","name":"Sonora en Equipo. Azota tormenta \u00e1rtica a Estados Unidos y puede ser la m\u00e1s fr\u00eda en una d\u00e9cada MUNDO","isPartOf":{"@id":"https:\/\/www.sonoraenequipo.com.mx\/#website"},"primaryImageOfPage":{"@id":"https:\/\/www.sonoraenequipo.com.mx\/azota-tormenta-artica-a-estados-unidos-y-puede-ser-la-mas-fria-en-una-decada\/#primaryimage"},"image":{"@id":"https:\/\/www.sonoraenequipo.com.mx\/azota-tormenta-artica-a-estados-unidos-y-puede-ser-la-mas-fria-en-una-decada\/#primaryimage"},"thumbnailUrl":"https:\/\/www.sonoraenequipo.com.mx\/storage\/2025\/01\/Onda-Gelida-en-Estados-Unidos-min.jpg","datePublished":"2025-01-04T19:10:40+00:00","dateModified":"2025-01-04T20:53:53+00:00","description":"ESTADOS UNIDOS. \u2014 Una gran tormenta invernal barrer\u00e1 con fr\u00edo polar desde el s\u00e1bado el Medio Oeste del pa\u00eds, desplaz\u00e1ndose hacia el este en los pr\u00f3ximos En Sonora en Equipo publicamos toda la informaci\u00f3n de Sonora, M\u00e9xico y el Mundo de manera oportuna y busca que la libertad de expresi\u00f3n sea real. Visita nuestro medio informativo publicado desde Hermosillo, Sonora. %","breadcrumb":{"@id":"https:\/\/www.sonoraenequipo.com.mx\/azota-tormenta-artica-a-estados-unidos-y-puede-ser-la-mas-fria-en-una-decada\/#breadcrumb"},"inLanguage":"es","potentialAction":[{"@type":"ReadAction","target":["https:\/\/www.sonoraenequipo.com.mx\/azota-tormenta-artica-a-estados-unidos-y-puede-ser-la-mas-fria-en-una-decada\/"]}]},{"@type":"ImageObject","inLanguage":"es","@id":"https:\/\/www.sonoraenequipo.com.mx\/azota-tormenta-artica-a-estados-unidos-y-puede-ser-la-mas-fria-en-una-decada\/#primaryimage","url":"https:\/\/www.sonoraenequipo.com.mx\/storage\/2025\/01\/Onda-Gelida-en-Estados-Unidos-min.jpg","contentUrl":"https:\/\/www.sonoraenequipo.com.mx\/storage\/2025\/01\/Onda-Gelida-en-Estados-Unidos-min.jpg","width":1000,"height":500},{"@type":"BreadcrumbList","@id":"https:\/\/www.sonoraenequipo.com.mx\/azota-tormenta-artica-a-estados-unidos-y-puede-ser-la-mas-fria-en-una-decada\/#breadcrumb","itemListElement":[{"@type":"ListItem","position":1,"name":"Portada","item":"https:\/\/www.sonoraenequipo.com.mx\/"},{"@type":"ListItem","position":2,"name":"Azota tormenta \u00e1rtica a Estados Unidos y puede ser la m\u00e1s fr\u00eda en una d\u00e9cada"}]},{"@type":"WebSite","@id":"https:\/\/www.sonoraenequipo.com.mx\/#website","url":"https:\/\/www.sonoraenequipo.com.mx\/","name":"Sonora en Equipo.","description":"Diario en l\u00ednea con Noticias desde Hermosillo, Sonora","publisher":{"@id":"https:\/\/www.sonoraenequipo.com.mx\/#organization"},"potentialAction":[{"@type":"SearchAction","target":{"@type":"EntryPoint","urlTemplate":"https:\/\/www.sonoraenequipo.com.mx\/?s={search_term_string}"},"query-input":{"@type":"PropertyValueSpecification","valueRequired":true,"valueName":"search_term_string"}}],"inLanguage":"es"},{"@type":"Organization","@id":"https:\/\/www.sonoraenequipo.com.mx\/#organization","name":"Sonoraenequipo.com.mx","url":"https:\/\/www.sonoraenequipo.com.mx\/","logo":{"@type":"ImageObject","inLanguage":"es","@id":"https:\/\/www.sonoraenequipo.com.mx\/#\/schema\/logo\/image\/","url":"https:\/\/www.sonoraenequipo.com.mx\/storage\/2019\/01\/sonoraenequipo_opt.png","contentUrl":"https:\/\/www.sonoraenequipo.com.mx\/storage\/2019\/01\/sonoraenequipo_opt.png","width":375,"height":125,"caption":"Sonoraenequipo.com.mx"},"image":{"@id":"https:\/\/www.sonoraenequipo.com.mx\/#\/schema\/logo\/image\/"},"sameAs":["https:\/\/www.facebook.com\/SonoraEE\/","https:\/\/x.com\/sonoraenequipo","https:\/\/www.youtube.com\/channel\/UC338nW-lPEYmJQs4ZABQ1SQ"]},{"@type":"Person","@id":"https:\/\/www.sonoraenequipo.com.mx\/#\/schema\/person\/50102df0fb23a8fa9e8effad8fa81386","name":"enequipo","image":{"@type":"ImageObject","inLanguage":"es","@id":"https:\/\/www.sonoraenequipo.com.mx\/#\/schema\/person\/image\/","url":"https:\/\/secure.gravatar.com\/avatar\/049821681b589dabc0bc20695993ccebb09f5b5d4d790cd9251b97faac7c652b?s=96&d=blank&r=g","contentUrl":"https:\/\/secure.gravatar.com\/avatar\/049821681b589dabc0bc20695993ccebb09f5b5d4d790cd9251b97faac7c652b?s=96&d=blank&r=g","caption":"enequipo"},"sameAs":["https:\/\/www.facebook.com\/SonoraEE"]}]}},"jetpack_featured_media_url":"https:\/\/www.sonoraenequipo.com.mx\/storage\/2025\/01\/Onda-Gelida-en-Estados-Unidos-min.jpg","_links":{"self":[{"href":"https:\/\/www.sonoraenequipo.com.mx\/api\/wp\/v2\/posts\/207092","targetHints":{"allow":["GET"]}}],"collection":[{"href":"https:\/\/www.sonoraenequipo.com.mx\/api\/wp\/v2\/posts"}],"about":[{"href":"https:\/\/www.sonoraenequipo.com.mx\/api\/wp\/v2\/types\/post"}],"author":[{"embeddable":true,"href":"https:\/\/www.sonoraenequipo.com.mx\/api\/wp\/v2\/users\/1"}],"replies":[{"embeddable":true,"href":"https:\/\/www.sonoraenequipo.com.mx\/api\/wp\/v2\/comments?post=207092"}],"version-history":[{"count":1,"href":"https:\/\/www.sonoraenequipo.com.mx\/api\/wp\/v2\/posts\/207092\/revisions"}],"predecessor-version":[{"id":207093,"href":"https:\/\/www.sonoraenequipo.com.mx\/api\/wp\/v2\/posts\/207092\/revisions\/207093"}],"wp:featuredmedia":[{"embeddable":true,"href":"https:\/\/www.sonoraenequipo.com.mx\/api\/wp\/v2\/media\/207086"}],"wp:attachment":[{"href":"https:\/\/www.sonoraenequipo.com.mx\/api\/wp\/v2\/media?parent=207092"}],"wp:term":[{"taxonomy":"category","embeddable":true,"href":"https:\/\/www.sonoraenequipo.com.mx\/api\/wp\/v2\/categories?post=207092"},{"taxonomy":"post_tag","embeddable":true,"href":"https:\/\/www.sonoraenequipo.com.mx\/api\/wp\/v2\/tags?post=207092"}],"curies":[{"name":"wp","href":"https:\/\/api.w.org\/{rel}","templated":true}]}}