{"id":207108,"date":"2025-01-04T15:06:48","date_gmt":"2025-01-04T22:06:48","guid":{"rendered":"https:\/\/www.sonoraenequipo.com.mx\/?p=207108"},"modified":"2025-01-04T15:06:48","modified_gmt":"2025-01-04T22:06:48","slug":"pagos-de-pensiones-para-el-bienestar-en-enero-2025-asi-queda-el-calendario","status":"publish","type":"post","link":"https:\/\/www.sonoraenequipo.com.mx\/pagos-de-pensiones-para-el-bienestar-en-enero-2025-asi-queda-el-calendario\/","title":{"rendered":"Pagos de Pensiones para el Bienestar en enero 2025: as\u00ed queda el calendario"},"content":{"rendered":"<p>Con el inicio del a\u00f1o llegan tambi\u00e9n los pagos de las Pensiones para el Bienestar otorgadas por el Gobierno de M\u00e9xico para el beneficio del pueblo.<\/p>\n<p>&nbsp;<\/p>\n<p>Si eres derechohabiente de la Pensi\u00f3n para el Bienestar de las Personas Adultas Mayores, de la Pensi\u00f3n para el Bienestar de las Personas con Discapacidad o bien del Programa de Apoyo para el Bienestar de Ni\u00f1as y Ni\u00f1os Hijos de Madres Trabajadoras, recibir\u00e1s tu pago a partir de este 2 de enero y hasta el d\u00eda 22, de acuerdo con la primera letra de tu primer apellido.<\/p>\n<p>&nbsp;<\/p>\n<p>Por medio de estos tres Programas para el Bienestar, el Gobierno de la presidenta Claudia Sheinbaum Pardo entregar\u00e1 este a\u00f1o una inversi\u00f3n social de m\u00e1s de 544 mil 600 millones de pesos a 14.5 millones de personas.<\/p>\n<p>&nbsp;<\/p>\n<p>Las Pensiones para el Bienestar contemplan a 12 millones 393 mil 658 adultos mayores y 1 mill\u00f3n 395 mil 40 personas con discapacidad; adem\u00e1s, 325 mil 171 madres trabajadoras recibir\u00e1n el apoyo econ\u00f3mico para sus hijos.<\/p>\n<p>&nbsp;<\/p>\n<p>Las y los adultos mayores recibir\u00e1n una pensi\u00f3n de 6 mil 200 pesos bimestrales este 2025. Este programa, que es un derecho constitucional, es universal, por lo que para recibirlo s\u00f3lo es necesario tener cumplidos los 65 a\u00f1os de edad y registrarse. Durante el a\u00f1o se abrir\u00e1n periodos de registro en febrero, abril, junio, agosto, octubre y diciembre.<\/p>\n<p>&nbsp;<\/p>\n<p>El pago de enero es el correspondiente al primer bimestre del a\u00f1o y se depositar\u00e1 directamente en la tarjeta del Banco de Bienestar.<\/p>\n<p>&nbsp;<\/p>\n<p>Los pagos se realizar\u00e1n conforme al siguiente calendario:<\/p>\n<p><img loading=\"lazy\" decoding=\"async\" class=\"x-none size-full \" src=\"https:\/\/www.sonoraenequipo.com.mx\/storage\/2025\/01\/calendario-bienestar-ene-2-5.jpg\" alt=\"\" width=\"817\" height=\"396\" \/><\/p>\n<p>Recuerda que no es necesario que retires tu dinero el mismo d\u00eda del dep\u00f3sito y que \u00e9ste permanecer\u00e1 en tu cuenta hasta que lo saques.<\/p>\n<p>&nbsp;<\/p>\n<p>Adem\u00e1s, puedes utilizar directamente tu tarjeta del Banco del Bienestar como la de cualquier otro banco, en cualquier establecimiento que acepte este medio de pago.<\/p>\n<p>&nbsp;<\/p>\n<p>Las sucursales del Banco del Bienestar brindan atenci\u00f3n en ventanillas de 8:00 a 16:30 horas y tambi\u00e9n cuentan con cajeros autom\u00e1ticos disponibles en todo momento.<\/p>\n<p>&nbsp;<\/p>\n<p>Estos programas son p\u00fablicos, ajenos a cualquier partido pol\u00edtico. Queda prohibido el uso para fines distintos a los establecidos en los programas.<\/p>\n","protected":false},"excerpt":{"rendered":"<p>Con el inicio del a\u00f1o llegan tambi\u00e9n los pagos de las Pensiones para el Bienestar&#8230;<\/p>\n","protected":false},"author":1,"featured_media":207110,"comment_status":"open","ping_status":"open","sticky":false,"template":"","format":"standard","meta":{"_monsterinsights_skip_tracking":false,"_monsterinsights_sitenote_active":false,"_monsterinsights_sitenote_note":"","_monsterinsights_sitenote_category":0,"footnotes":""},"categories":[5],"tags":[10694],"class_list":["post"],"yoast_head":" \n<title>Sonora en Equipo. Pagos de Pensiones para el Bienestar en enero 2025: as\u00ed queda el calendario Rep\u00fablica<\/title>\n<meta name=\"description\" content=\"Con el inicio del a\u00f1o llegan tambi\u00e9n los pagos de las Pensiones para el Bienestar otorgadas por el Gobierno de M\u00e9xico para el beneficio del pueblo. &nbsp; En Sonora en Equipo publicamos toda la informaci\u00f3n de Sonora, M\u00e9xico y el Mundo de manera oportuna y busca que la libertad de expresi\u00f3n sea real. Visita nuestro medio informativo publicado desde Hermosillo, Sonora. %\" \/>\n<meta name=\"robots\" content=\"index, follow, max-snippet:-1, max-image-preview:large, max-video-preview:-1\" \/>\n<link rel=\"canonical\" href=\"https:\/\/www.sonoraenequipo.com.mx\/pagos-de-pensiones-para-el-bienestar-en-enero-2025-asi-queda-el-calendario\/\" \/>\n<meta property=\"og:locale\" content=\"es_ES\" \/>\n<meta property=\"og:type\" content=\"article\" \/>\n<meta property=\"og:title\" content=\"Sonora en Equipo. Pagos de Pensiones para el Bienestar en enero 2025: as\u00ed queda el calendario Rep\u00fablica\" \/>\n<meta property=\"og:description\" content=\"Con el inicio del a\u00f1o llegan tambi\u00e9n los pagos de las Pensiones para el Bienestar otorgadas por el Gobierno de M\u00e9xico para el beneficio del pueblo. &nbsp; En Sonora en Equipo publicamos toda la informaci\u00f3n de Sonora, M\u00e9xico y el Mundo de manera oportuna y busca que la libertad de expresi\u00f3n sea real. Visita nuestro medio informativo publicado desde Hermosillo, Sonora. %\" \/>\n<meta property=\"og:url\" content=\"https:\/\/www.sonoraenequipo.com.mx\/pagos-de-pensiones-para-el-bienestar-en-enero-2025-asi-queda-el-calendario\/\" \/>\n<meta property=\"og:site_name\" content=\"Sonora en Equipo.\" \/>\n<meta property=\"article:publisher\" content=\"https:\/\/www.facebook.com\/SonoraEE\/\" \/>\n<meta property=\"article:author\" content=\"https:\/\/www.facebook.com\/SonoraEE\" \/>\n<meta property=\"article:published_time\" content=\"2025-01-04T22:06:48+00:00\" \/>\n<meta property=\"og:image\" content=\"https:\/\/www.sonoraenequipo.com.mx\/storage\/2025\/01\/adultos-mayores.jpg\" \/>\n\t<meta property=\"og:image:width\" content=\"600\" \/>\n\t<meta property=\"og:image:height\" content=\"338\" \/>\n\t<meta property=\"og:image:type\" content=\"image\/jpeg\" \/>\n<meta name=\"author\" content=\"enequipo\" \/>\n<meta name=\"twitter:card\" content=\"summary_large_image\" \/>\n<meta name=\"twitter:creator\" content=\"@sonoraenequipo\" \/>\n<meta name=\"twitter:site\" content=\"@sonoraenequipo\" \/>\n<meta name=\"twitter:label1\" content=\"Escrito por\" \/>\n\t<meta name=\"twitter:data1\" content=\"enequipo\" \/>\n\t<meta name=\"twitter:label2\" content=\"Tiempo de lectura\" \/>\n\t<meta name=\"twitter:data2\" content=\"2 minutos\" \/>\n<script type=\"application\/ld+json\" class=\"yoast-schema-graph\">{\"@context\":\"https:\/\/schema.org\",\"@graph\":[{\"@type\":\"Article\",\"@id\":\"https:\/\/www.sonoraenequipo.com.mx\/pagos-de-pensiones-para-el-bienestar-en-enero-2025-asi-queda-el-calendario\/#article\",\"isPartOf\":{\"@id\":\"https:\/\/www.sonoraenequipo.com.mx\/pagos-de-pensiones-para-el-bienestar-en-enero-2025-asi-queda-el-calendario\/\"},\"author\":{\"name\":\"enequipo\",\"@id\":\"https:\/\/www.sonoraenequipo.com.mx\/#\/schema\/person\/50102df0fb23a8fa9e8effad8fa81386\"},\"headline\":\"Pagos de Pensiones para el Bienestar en enero 2025: as\u00ed queda el calendario\",\"datePublished\":\"2025-01-04T22:06:48+00:00\",\"mainEntityOfPage\":{\"@id\":\"https:\/\/www.sonoraenequipo.com.mx\/pagos-de-pensiones-para-el-bienestar-en-enero-2025-asi-queda-el-calendario\/\"},\"wordCount\":386,\"commentCount\":0,\"publisher\":{\"@id\":\"https:\/\/www.sonoraenequipo.com.mx\/#organization\"},\"image\":{\"@id\":\"https:\/\/www.sonoraenequipo.com.mx\/pagos-de-pensiones-para-el-bienestar-en-enero-2025-asi-queda-el-calendario\/#primaryimage\"},\"thumbnailUrl\":\"https:\/\/www.sonoraenequipo.com.mx\/storage\/2025\/01\/adultos-mayores.jpg\",\"keywords\":[\"pensiones bienestar\"],\"articleSection\":[\"Rep\u00fablica\"],\"inLanguage\":\"es\",\"potentialAction\":[{\"@type\":\"CommentAction\",\"name\":\"Comment\",\"target\":[\"https:\/\/www.sonoraenequipo.com.mx\/pagos-de-pensiones-para-el-bienestar-en-enero-2025-asi-queda-el-calendario\/#respond\"]}]},{\"@type\":\"WebPage\",\"@id\":\"https:\/\/www.sonoraenequipo.com.mx\/pagos-de-pensiones-para-el-bienestar-en-enero-2025-asi-queda-el-calendario\/\",\"url\":\"https:\/\/www.sonoraenequipo.com.mx\/pagos-de-pensiones-para-el-bienestar-en-enero-2025-asi-queda-el-calendario\/\",\"name\":\"Sonora en Equipo. Pagos de Pensiones para el Bienestar en enero 2025: as\u00ed queda el calendario Rep\u00fablica\",\"isPartOf\":{\"@id\":\"https:\/\/www.sonoraenequipo.com.mx\/#website\"},\"primaryImageOfPage\":{\"@id\":\"https:\/\/www.sonoraenequipo.com.mx\/pagos-de-pensiones-para-el-bienestar-en-enero-2025-asi-queda-el-calendario\/#primaryimage\"},\"image\":{\"@id\":\"https:\/\/www.sonoraenequipo.com.mx\/pagos-de-pensiones-para-el-bienestar-en-enero-2025-asi-queda-el-calendario\/#primaryimage\"},\"thumbnailUrl\":\"https:\/\/www.sonoraenequipo.com.mx\/storage\/2025\/01\/adultos-mayores.jpg\",\"datePublished\":\"2025-01-04T22:06:48+00:00\",\"description\":\"Con el inicio del a\u00f1o llegan tambi\u00e9n los pagos de las Pensiones para el Bienestar otorgadas por el Gobierno de M\u00e9xico para el beneficio del pueblo. &nbsp; En Sonora en Equipo publicamos toda la informaci\u00f3n de Sonora, M\u00e9xico y el Mundo de manera oportuna y busca que la libertad de expresi\u00f3n sea real. Visita nuestro medio informativo publicado desde Hermosillo, Sonora. %\",\"breadcrumb\":{\"@id\":\"https:\/\/www.sonoraenequipo.com.mx\/pagos-de-pensiones-para-el-bienestar-en-enero-2025-asi-queda-el-calendario\/#breadcrumb\"},\"inLanguage\":\"es\",\"potentialAction\":[{\"@type\":\"ReadAction\",\"target\":[\"https:\/\/www.sonoraenequipo.com.mx\/pagos-de-pensiones-para-el-bienestar-en-enero-2025-asi-queda-el-calendario\/\"]}]},{\"@type\":\"ImageObject\",\"inLanguage\":\"es\",\"@id\":\"https:\/\/www.sonoraenequipo.com.mx\/pagos-de-pensiones-para-el-bienestar-en-enero-2025-asi-queda-el-calendario\/#primaryimage\",\"url\":\"https:\/\/www.sonoraenequipo.com.mx\/storage\/2025\/01\/adultos-mayores.jpg\",\"contentUrl\":\"https:\/\/www.sonoraenequipo.com.mx\/storage\/2025\/01\/adultos-mayores.jpg\",\"width\":600,\"height\":338},{\"@type\":\"BreadcrumbList\",\"@id\":\"https:\/\/www.sonoraenequipo.com.mx\/pagos-de-pensiones-para-el-bienestar-en-enero-2025-asi-queda-el-calendario\/#breadcrumb\",\"itemListElement\":[{\"@type\":\"ListItem\",\"position\":1,\"name\":\"Portada\",\"item\":\"https:\/\/www.sonoraenequipo.com.mx\/\"},{\"@type\":\"ListItem\",\"position\":2,\"name\":\"Pagos de Pensiones para el Bienestar en enero 2025: as\u00ed queda el calendario\"}]},{\"@type\":\"WebSite\",\"@id\":\"https:\/\/www.sonoraenequipo.com.mx\/#website\",\"url\":\"https:\/\/www.sonoraenequipo.com.mx\/\",\"name\":\"Sonora en Equipo.\",\"description\":\"Diario en l\u00ednea con Noticias desde Hermosillo, Sonora\",\"publisher\":{\"@id\":\"https:\/\/www.sonoraenequipo.com.mx\/#organization\"},\"potentialAction\":[{\"@type\":\"SearchAction\",\"target\":{\"@type\":\"EntryPoint\",\"urlTemplate\":\"https:\/\/www.sonoraenequipo.com.mx\/?s={search_term_string}\"},\"query-input\":{\"@type\":\"PropertyValueSpecification\",\"valueRequired\":true,\"valueName\":\"search_term_string\"}}],\"inLanguage\":\"es\"},{\"@type\":\"Organization\",\"@id\":\"https:\/\/www.sonoraenequipo.com.mx\/#organization\",\"name\":\"Sonoraenequipo.com.mx\",\"url\":\"https:\/\/www.sonoraenequipo.com.mx\/\",\"logo\":{\"@type\":\"ImageObject\",\"inLanguage\":\"es\",\"@id\":\"https:\/\/www.sonoraenequipo.com.mx\/#\/schema\/logo\/image\/\",\"url\":\"https:\/\/www.sonoraenequipo.com.mx\/storage\/2019\/01\/sonoraenequipo_opt.png\",\"contentUrl\":\"https:\/\/www.sonoraenequipo.com.mx\/storage\/2019\/01\/sonoraenequipo_opt.png\",\"width\":375,\"height\":125,\"caption\":\"Sonoraenequipo.com.mx\"},\"image\":{\"@id\":\"https:\/\/www.sonoraenequipo.com.mx\/#\/schema\/logo\/image\/\"},\"sameAs\":[\"https:\/\/www.facebook.com\/SonoraEE\/\",\"https:\/\/x.com\/sonoraenequipo\",\"https:\/\/www.youtube.com\/channel\/UC338nW-lPEYmJQs4ZABQ1SQ\"]},{\"@type\":\"Person\",\"@id\":\"https:\/\/www.sonoraenequipo.com.mx\/#\/schema\/person\/50102df0fb23a8fa9e8effad8fa81386\",\"name\":\"enequipo\",\"image\":{\"@type\":\"ImageObject\",\"inLanguage\":\"es\",\"@id\":\"https:\/\/www.sonoraenequipo.com.mx\/#\/schema\/person\/image\/\",\"url\":\"https:\/\/secure.gravatar.com\/avatar\/049821681b589dabc0bc20695993ccebb09f5b5d4d790cd9251b97faac7c652b?s=96&d=blank&r=g\",\"contentUrl\":\"https:\/\/secure.gravatar.com\/avatar\/049821681b589dabc0bc20695993ccebb09f5b5d4d790cd9251b97faac7c652b?s=96&d=blank&r=g\",\"caption\":\"enequipo\"},\"sameAs\":[\"https:\/\/www.facebook.com\/SonoraEE\"]}]}<\/script>\n ","yoast_head_json":{"title":"Sonora en Equipo. Pagos de Pensiones para el Bienestar en enero 2025: as\u00ed queda el calendario Rep\u00fablica","description":"Con el inicio del a\u00f1o llegan tambi\u00e9n los pagos de las Pensiones para el Bienestar otorgadas por el Gobierno de M\u00e9xico para el beneficio del pueblo. &nbsp; En Sonora en Equipo publicamos toda la informaci\u00f3n de Sonora, M\u00e9xico y el Mundo de manera oportuna y busca que la libertad de expresi\u00f3n sea real. Visita nuestro medio informativo publicado desde Hermosillo, Sonora. %","robots":{"index":"index","follow":"follow","max-snippet":"max-snippet:-1","max-image-preview":"max-image-preview:large","max-video-preview":"max-video-preview:-1"},"canonical":"https:\/\/www.sonoraenequipo.com.mx\/pagos-de-pensiones-para-el-bienestar-en-enero-2025-asi-queda-el-calendario\/","og_locale":"es_ES","og_type":"article","og_title":"Sonora en Equipo. Pagos de Pensiones para el Bienestar en enero 2025: as\u00ed queda el calendario Rep\u00fablica","og_description":"Con el inicio del a\u00f1o llegan tambi\u00e9n los pagos de las Pensiones para el Bienestar otorgadas por el Gobierno de M\u00e9xico para el beneficio del pueblo. &nbsp; En Sonora en Equipo publicamos toda la informaci\u00f3n de Sonora, M\u00e9xico y el Mundo de manera oportuna y busca que la libertad de expresi\u00f3n sea real. Visita nuestro medio informativo publicado desde Hermosillo, Sonora. %","og_url":"https:\/\/www.sonoraenequipo.com.mx\/pagos-de-pensiones-para-el-bienestar-en-enero-2025-asi-queda-el-calendario\/","og_site_name":"Sonora en Equipo.","article_publisher":"https:\/\/www.facebook.com\/SonoraEE\/","article_author":"https:\/\/www.facebook.com\/SonoraEE","article_published_time":"2025-01-04T22:06:48+00:00","og_image":[{"width":600,"height":338,"url":"https:\/\/www.sonoraenequipo.com.mx\/storage\/2025\/01\/adultos-mayores.jpg","type":"image\/jpeg"}],"author":"enequipo","twitter_card":"summary_large_image","twitter_creator":"@sonoraenequipo","twitter_site":"@sonoraenequipo","twitter_misc":{"Escrito por":"enequipo","Tiempo de lectura":"2 minutos"},"schema":{"@context":"https:\/\/schema.org","@graph":[{"@type":"Article","@id":"https:\/\/www.sonoraenequipo.com.mx\/pagos-de-pensiones-para-el-bienestar-en-enero-2025-asi-queda-el-calendario\/#article","isPartOf":{"@id":"https:\/\/www.sonoraenequipo.com.mx\/pagos-de-pensiones-para-el-bienestar-en-enero-2025-asi-queda-el-calendario\/"},"author":{"name":"enequipo","@id":"https:\/\/www.sonoraenequipo.com.mx\/#\/schema\/person\/50102df0fb23a8fa9e8effad8fa81386"},"headline":"Pagos de Pensiones para el Bienestar en enero 2025: as\u00ed queda el calendario","datePublished":"2025-01-04T22:06:48+00:00","mainEntityOfPage":{"@id":"https:\/\/www.sonoraenequipo.com.mx\/pagos-de-pensiones-para-el-bienestar-en-enero-2025-asi-queda-el-calendario\/"},"wordCount":386,"commentCount":0,"publisher":{"@id":"https:\/\/www.sonoraenequipo.com.mx\/#organization"},"image":{"@id":"https:\/\/www.sonoraenequipo.com.mx\/pagos-de-pensiones-para-el-bienestar-en-enero-2025-asi-queda-el-calendario\/#primaryimage"},"thumbnailUrl":"https:\/\/www.sonoraenequipo.com.mx\/storage\/2025\/01\/adultos-mayores.jpg","keywords":["pensiones bienestar"],"articleSection":["Rep\u00fablica"],"inLanguage":"es","potentialAction":[{"@type":"CommentAction","name":"Comment","target":["https:\/\/www.sonoraenequipo.com.mx\/pagos-de-pensiones-para-el-bienestar-en-enero-2025-asi-queda-el-calendario\/#respond"]}]},{"@type":"WebPage","@id":"https:\/\/www.sonoraenequipo.com.mx\/pagos-de-pensiones-para-el-bienestar-en-enero-2025-asi-queda-el-calendario\/","url":"https:\/\/www.sonoraenequipo.com.mx\/pagos-de-pensiones-para-el-bienestar-en-enero-2025-asi-queda-el-calendario\/","name":"Sonora en Equipo. Pagos de Pensiones para el Bienestar en enero 2025: as\u00ed queda el calendario Rep\u00fablica","isPartOf":{"@id":"https:\/\/www.sonoraenequipo.com.mx\/#website"},"primaryImageOfPage":{"@id":"https:\/\/www.sonoraenequipo.com.mx\/pagos-de-pensiones-para-el-bienestar-en-enero-2025-asi-queda-el-calendario\/#primaryimage"},"image":{"@id":"https:\/\/www.sonoraenequipo.com.mx\/pagos-de-pensiones-para-el-bienestar-en-enero-2025-asi-queda-el-calendario\/#primaryimage"},"thumbnailUrl":"https:\/\/www.sonoraenequipo.com.mx\/storage\/2025\/01\/adultos-mayores.jpg","datePublished":"2025-01-04T22:06:48+00:00","description":"Con el inicio del a\u00f1o llegan tambi\u00e9n los pagos de las Pensiones para el Bienestar otorgadas por el Gobierno de M\u00e9xico para el beneficio del pueblo. &nbsp; En Sonora en Equipo publicamos toda la informaci\u00f3n de Sonora, M\u00e9xico y el Mundo de manera oportuna y busca que la libertad de expresi\u00f3n sea real. Visita nuestro medio informativo publicado desde Hermosillo, Sonora. %","breadcrumb":{"@id":"https:\/\/www.sonoraenequipo.com.mx\/pagos-de-pensiones-para-el-bienestar-en-enero-2025-asi-queda-el-calendario\/#breadcrumb"},"inLanguage":"es","potentialAction":[{"@type":"ReadAction","target":["https:\/\/www.sonoraenequipo.com.mx\/pagos-de-pensiones-para-el-bienestar-en-enero-2025-asi-queda-el-calendario\/"]}]},{"@type":"ImageObject","inLanguage":"es","@id":"https:\/\/www.sonoraenequipo.com.mx\/pagos-de-pensiones-para-el-bienestar-en-enero-2025-asi-queda-el-calendario\/#primaryimage","url":"https:\/\/www.sonoraenequipo.com.mx\/storage\/2025\/01\/adultos-mayores.jpg","contentUrl":"https:\/\/www.sonoraenequipo.com.mx\/storage\/2025\/01\/adultos-mayores.jpg","width":600,"height":338},{"@type":"BreadcrumbList","@id":"https:\/\/www.sonoraenequipo.com.mx\/pagos-de-pensiones-para-el-bienestar-en-enero-2025-asi-queda-el-calendario\/#breadcrumb","itemListElement":[{"@type":"ListItem","position":1,"name":"Portada","item":"https:\/\/www.sonoraenequipo.com.mx\/"},{"@type":"ListItem","position":2,"name":"Pagos de Pensiones para el Bienestar en enero 2025: as\u00ed queda el calendario"}]},{"@type":"WebSite","@id":"https:\/\/www.sonoraenequipo.com.mx\/#website","url":"https:\/\/www.sonoraenequipo.com.mx\/","name":"Sonora en Equipo.","description":"Diario en l\u00ednea con Noticias desde Hermosillo, Sonora","publisher":{"@id":"https:\/\/www.sonoraenequipo.com.mx\/#organization"},"potentialAction":[{"@type":"SearchAction","target":{"@type":"EntryPoint","urlTemplate":"https:\/\/www.sonoraenequipo.com.mx\/?s={search_term_string}"},"query-input":{"@type":"PropertyValueSpecification","valueRequired":true,"valueName":"search_term_string"}}],"inLanguage":"es"},{"@type":"Organization","@id":"https:\/\/www.sonoraenequipo.com.mx\/#organization","name":"Sonoraenequipo.com.mx","url":"https:\/\/www.sonoraenequipo.com.mx\/","logo":{"@type":"ImageObject","inLanguage":"es","@id":"https:\/\/www.sonoraenequipo.com.mx\/#\/schema\/logo\/image\/","url":"https:\/\/www.sonoraenequipo.com.mx\/storage\/2019\/01\/sonoraenequipo_opt.png","contentUrl":"https:\/\/www.sonoraenequipo.com.mx\/storage\/2019\/01\/sonoraenequipo_opt.png","width":375,"height":125,"caption":"Sonoraenequipo.com.mx"},"image":{"@id":"https:\/\/www.sonoraenequipo.com.mx\/#\/schema\/logo\/image\/"},"sameAs":["https:\/\/www.facebook.com\/SonoraEE\/","https:\/\/x.com\/sonoraenequipo","https:\/\/www.youtube.com\/channel\/UC338nW-lPEYmJQs4ZABQ1SQ"]},{"@type":"Person","@id":"https:\/\/www.sonoraenequipo.com.mx\/#\/schema\/person\/50102df0fb23a8fa9e8effad8fa81386","name":"enequipo","image":{"@type":"ImageObject","inLanguage":"es","@id":"https:\/\/www.sonoraenequipo.com.mx\/#\/schema\/person\/image\/","url":"https:\/\/secure.gravatar.com\/avatar\/049821681b589dabc0bc20695993ccebb09f5b5d4d790cd9251b97faac7c652b?s=96&d=blank&r=g","contentUrl":"https:\/\/secure.gravatar.com\/avatar\/049821681b589dabc0bc20695993ccebb09f5b5d4d790cd9251b97faac7c652b?s=96&d=blank&r=g","caption":"enequipo"},"sameAs":["https:\/\/www.facebook.com\/SonoraEE"]}]}},"jetpack_featured_media_url":"https:\/\/www.sonoraenequipo.com.mx\/storage\/2025\/01\/adultos-mayores.jpg","_links":{"self":[{"href":"https:\/\/www.sonoraenequipo.com.mx\/api\/wp\/v2\/posts\/207108","targetHints":{"allow":["GET"]}}],"collection":[{"href":"https:\/\/www.sonoraenequipo.com.mx\/api\/wp\/v2\/posts"}],"about":[{"href":"https:\/\/www.sonoraenequipo.com.mx\/api\/wp\/v2\/types\/post"}],"author":[{"embeddable":true,"href":"https:\/\/www.sonoraenequipo.com.mx\/api\/wp\/v2\/users\/1"}],"replies":[{"embeddable":true,"href":"https:\/\/www.sonoraenequipo.com.mx\/api\/wp\/v2\/comments?post=207108"}],"version-history":[{"count":1,"href":"https:\/\/www.sonoraenequipo.com.mx\/api\/wp\/v2\/posts\/207108\/revisions"}],"predecessor-version":[{"id":207111,"href":"https:\/\/www.sonoraenequipo.com.mx\/api\/wp\/v2\/posts\/207108\/revisions\/207111"}],"wp:featuredmedia":[{"embeddable":true,"href":"https:\/\/www.sonoraenequipo.com.mx\/api\/wp\/v2\/media\/207110"}],"wp:attachment":[{"href":"https:\/\/www.sonoraenequipo.com.mx\/api\/wp\/v2\/media?parent=207108"}],"wp:term":[{"taxonomy":"category","embeddable":true,"href":"https:\/\/www.sonoraenequipo.com.mx\/api\/wp\/v2\/categories?post=207108"},{"taxonomy":"post_tag","embeddable":true,"href":"https:\/\/www.sonoraenequipo.com.mx\/api\/wp\/v2\/tags?post=207108"}],"curies":[{"name":"wp","href":"https:\/\/api.w.org\/{rel}","templated":true}]}}