{"id":207112,"date":"2025-01-04T15:19:27","date_gmt":"2025-01-04T22:19:27","guid":{"rendered":"https:\/\/www.sonoraenequipo.com.mx\/?p=207112"},"modified":"2025-01-04T15:19:27","modified_gmt":"2025-01-04T22:19:27","slug":"hermosillo-crece-y-se-transforma-con-paso-a-desnivel-colosio-y-solidaridad-tono-astiazaran","status":"publish","type":"post","link":"https:\/\/www.sonoraenequipo.com.mx\/hermosillo-crece-y-se-transforma-con-paso-a-desnivel-colosio-y-solidaridad-tono-astiazaran\/","title":{"rendered":"Hermosillo crece y se transforma con paso a desnivel Colosio y Solidaridad: To\u00f1o Astiazar\u00e1n"},"content":{"rendered":"<p><strong>HERMOSILLO, SONORA, MX.<\/strong> \u2014 \u201cCon el arranque de esta obra vamos a ver un Hermosillo que crece, se transforma y mejora nuestra infraestructura\u201d, expres\u00f3 Antonio Astiazar\u00e1n Guti\u00e9rrez al constatar los trabajos en la obra del paso a desnivel en el cruce de Colosio y Solidaridad.<\/p>\n<p>&nbsp;<\/p>\n<p>&nbsp;<\/p>\n<p>&nbsp;<\/p>\n<p>El presidente municipal dio un banderazo simb\u00f3lico de arranque de esta obra dise\u00f1ada para mejorar la movilidad del crucero en el que diariamente transitan 74 mil veh\u00edculos, por lo que este proyecto reducir\u00e1 hasta un 70% la espera en sem\u00e1foros al igual que el n\u00famero de accidentes viales.<\/p>\n<p>&nbsp;<\/p>\n<p>&nbsp;<\/p>\n<p>&nbsp;<\/p>\n<p>Acompa\u00f1ado por Astart\u00e9 Corro Ruiz, Directora General de Infraestructura y Gerardo Togawa Espinoza, director de obras de la dependencia detall\u00f3 los aspectos de esta obra integral que contempla 3 mil metros de ciclov\u00edas, plantaci\u00f3n de 3 mil 900 \u00e1rboles y arbustos y parque lineal.<\/p>\n<p>&nbsp;<\/p>\n<p>&nbsp;<\/p>\n<p>&nbsp;<\/p>\n<p>\u201cEn la historia de Hermosillo nunca antes un Gobierno Municipal con recursos propios hab\u00eda emprendido una obra de esta naturaleza. Ning\u00fan paso a desnivel se hab\u00eda construido con recursos 100% municipales y sin endeudar a la ciudad\u201d, agreg\u00f3 Astiazar\u00e1n Guti\u00e9rrez.<\/p>\n<p>&nbsp;<\/p>\n<p>&nbsp;<\/p>\n<p>&nbsp;<\/p>\n<p>La obra con inversi\u00f3n de 412 millones de pesos tendr\u00e1 una duraci\u00f3n de 14 meses de construcci\u00f3n y fueron habilitadas v\u00edas alternas para no afectar el tr\u00e1nsito vehicular durante el proceso.<\/p>\n<p>&nbsp;<\/p>\n<p>&nbsp;<\/p>\n<p>&nbsp;<\/p>\n<p>\u201cVamos a estar trabajando en periodos alargados para recortar los tiempos de ejecuci\u00f3n. A partir del 2 de enero se programaron y dise\u00f1aron rutas alternas para que estos veh\u00edculos puedan tomar estas calles y llegar a sus lugares de destino\u201d, detall\u00f3 Astart\u00e9 Corro Ruiz.<\/p>\n<p>&nbsp;<\/p>\n<p>&nbsp;<\/p>\n<p>&nbsp;<\/p>\n<p>Aunado a las labores en el cruce de los bulevares Luis Donaldo Colosio y Solidaridad, el proyecto integral contempla la modernizaci\u00f3n de los cruceros en Real del Arco norte y Real del Arco sur para garantizar la fluidez vehicular.<\/p>\n<p>&nbsp;<\/p>\n<p>&nbsp;<\/p>\n<p>&nbsp;<\/p>\n<p>En el a\u00f1o 2023, Hermosillo registr\u00f3 m\u00e1s de 640 mil veh\u00edculos convirti\u00e9ndose en la ciudad del norte de M\u00e9xico capital del pa\u00eds de estados fronterizos con mayor n\u00famero de veh\u00edculos registrados per c\u00e1pita.<\/p>\n<p>&nbsp;<\/p>\n<p>&nbsp;<\/p>\n<p>&nbsp;<\/p>\n<p>El puente a desnivel Colosio y Solidaridad adem\u00e1s de ser una obra hist\u00f3rica que resolver\u00e1 problemas viales de la ciudad, es un proyecto sustentable que contempla un beneficio no solamente para automovilistas sino tambi\u00e9n para personas con discapacidad, ciclistas y peatones.<\/p>\n<p>&nbsp;<\/p>\n<p>&nbsp;<\/p>\n<p>&nbsp;<\/p>\n<p>Detalles de obra<\/p>\n<p>&nbsp;<\/p>\n<p>&#8211; Inversi\u00f3n: 412 mdp de recursos municipales<\/p>\n<p>&nbsp;<\/p>\n<p>&#8211; Construcci\u00f3n de puente vehicular tipo caj\u00f3n de 4.5 metros de altura libre de concreto reforzado<\/p>\n<p>&nbsp;<\/p>\n<p>&#8211; Construcci\u00f3n de parque lineal entre Solidaridad y Las Quintas<\/p>\n<p>&nbsp;<\/p>\n<p>&#8211; 3 mil metros de ciclov\u00edas<\/p>\n<p>&nbsp;<\/p>\n<p>&#8211; Plantaci\u00f3n mil 900 unidades de \u00e1rboles y arbustos<\/p>\n<p>&nbsp;<\/p>\n<p>&#8211; Construcci\u00f3n de tanque de almacenamiento e infiltraci\u00f3n de aguas pluviales<\/p>\n<p>&nbsp;<\/p>\n<p>&#8211; Construcci\u00f3n de muros de contenci\u00f3n<\/p>\n<p>&nbsp;<\/p>\n<p>&#8211; Alumbrado p\u00fablico: instalaci\u00f3n de 42 l\u00e1mparas y 16 wallpacks<\/p>\n<p>&nbsp;<\/p>\n<p>&#8211; Semaforizaci\u00f3n<\/p>\n<p>&nbsp;<\/p>\n<p>&#8211; Se\u00f1alamiento vertical y horizontal<\/p>\n<p>&nbsp;<\/p>\n<p>&#8211; Construcci\u00f3n de gu\u00eda t\u00e1ctil<\/p>\n<p>&nbsp;<\/p>\n<p>&#8211; Fabricaci\u00f3n de guarniciones y banquetas<\/p>\n<p>&nbsp;<\/p>\n<p>&#8211; Rehabilitaci\u00f3n de infraestructura en general (agua y drenaje)<\/p>\n<p>&nbsp;<\/p>\n<p>&#8211; Ampliaci\u00f3n de rejillas de captaci\u00f3n pluvial en las zonas colindantes<\/p>\n<p>&nbsp;<\/p>\n<p>&nbsp;<\/p>\n<p>&nbsp;<\/p>\n<p>Fuente: Direcci\u00f3n General de Infraestructura.<\/p>\n<p><strong>Fecha de publicaci\u00f3n<\/strong><strong> s\u00e1bado \u00a04 de enero de 2025 \/<\/strong><\/p>\n","protected":false},"excerpt":{"rendered":"<p>HERMOSILLO, SONORA, MX. \u2014 \u201cCon el arranque de esta obra vamos a ver un Hermosillo&#8230;<\/p>\n","protected":false},"author":1,"featured_media":207113,"comment_status":"open","ping_status":"open","sticky":false,"template":"","format":"standard","meta":{"_monsterinsights_skip_tracking":false,"_monsterinsights_sitenote_active":false,"_monsterinsights_sitenote_note":"","_monsterinsights_sitenote_category":0,"footnotes":""},"categories":[4],"tags":[10650],"class_list":["post"],"yoast_head":" \n<title>Sonora en Equipo. Hermosillo crece y se transforma con paso a desnivel Colosio y Solidaridad: To\u00f1o Astiazar\u00e1n Municipios<\/title>\n<meta name=\"description\" content=\"HERMOSILLO, SONORA, MX. \u2014 \u201cCon el arranque de esta obra vamos a ver un Hermosillo que crece, se transforma y mejora nuestra infraestructura\u201d, expres\u00f3 En Sonora en Equipo publicamos toda la informaci\u00f3n de Sonora, M\u00e9xico y el Mundo de manera oportuna y busca que la libertad de expresi\u00f3n sea real. Visita nuestro medio informativo publicado desde Hermosillo, Sonora. %\" \/>\n<meta name=\"robots\" content=\"index, follow, max-snippet:-1, max-image-preview:large, max-video-preview:-1\" \/>\n<link rel=\"canonical\" href=\"https:\/\/www.sonoraenequipo.com.mx\/hermosillo-crece-y-se-transforma-con-paso-a-desnivel-colosio-y-solidaridad-tono-astiazaran\/\" \/>\n<meta property=\"og:locale\" content=\"es_ES\" \/>\n<meta property=\"og:type\" content=\"article\" \/>\n<meta property=\"og:title\" content=\"Sonora en Equipo. Hermosillo crece y se transforma con paso a desnivel Colosio y Solidaridad: To\u00f1o Astiazar\u00e1n Municipios\" \/>\n<meta property=\"og:description\" content=\"HERMOSILLO, SONORA, MX. \u2014 \u201cCon el arranque de esta obra vamos a ver un Hermosillo que crece, se transforma y mejora nuestra infraestructura\u201d, expres\u00f3 En Sonora en Equipo publicamos toda la informaci\u00f3n de Sonora, M\u00e9xico y el Mundo de manera oportuna y busca que la libertad de expresi\u00f3n sea real. Visita nuestro medio informativo publicado desde Hermosillo, Sonora. %\" \/>\n<meta property=\"og:url\" content=\"https:\/\/www.sonoraenequipo.com.mx\/hermosillo-crece-y-se-transforma-con-paso-a-desnivel-colosio-y-solidaridad-tono-astiazaran\/\" \/>\n<meta property=\"og:site_name\" content=\"Sonora en Equipo.\" \/>\n<meta property=\"article:publisher\" content=\"https:\/\/www.facebook.com\/SonoraEE\/\" \/>\n<meta property=\"article:author\" content=\"https:\/\/www.facebook.com\/SonoraEE\" \/>\n<meta property=\"article:published_time\" content=\"2025-01-04T22:19:27+00:00\" \/>\n<meta property=\"og:image\" content=\"https:\/\/www.sonoraenequipo.com.mx\/storage\/2025\/01\/tono-desnivel.jpg\" \/>\n\t<meta property=\"og:image:width\" content=\"600\" \/>\n\t<meta property=\"og:image:height\" content=\"402\" \/>\n\t<meta property=\"og:image:type\" content=\"image\/jpeg\" \/>\n<meta name=\"author\" content=\"enequipo\" \/>\n<meta name=\"twitter:card\" content=\"summary_large_image\" \/>\n<meta name=\"twitter:creator\" content=\"@sonoraenequipo\" \/>\n<meta name=\"twitter:site\" content=\"@sonoraenequipo\" \/>\n<meta name=\"twitter:label1\" content=\"Escrito por\" \/>\n\t<meta name=\"twitter:data1\" content=\"enequipo\" \/>\n\t<meta name=\"twitter:label2\" content=\"Tiempo de lectura\" \/>\n\t<meta name=\"twitter:data2\" content=\"3 minutos\" \/>\n<script type=\"application\/ld+json\" class=\"yoast-schema-graph\">{\"@context\":\"https:\/\/schema.org\",\"@graph\":[{\"@type\":\"Article\",\"@id\":\"https:\/\/www.sonoraenequipo.com.mx\/hermosillo-crece-y-se-transforma-con-paso-a-desnivel-colosio-y-solidaridad-tono-astiazaran\/#article\",\"isPartOf\":{\"@id\":\"https:\/\/www.sonoraenequipo.com.mx\/hermosillo-crece-y-se-transforma-con-paso-a-desnivel-colosio-y-solidaridad-tono-astiazaran\/\"},\"author\":{\"name\":\"enequipo\",\"@id\":\"https:\/\/www.sonoraenequipo.com.mx\/#\/schema\/person\/50102df0fb23a8fa9e8effad8fa81386\"},\"headline\":\"Hermosillo crece y se transforma con paso a desnivel Colosio y Solidaridad: To\u00f1o Astiazar\u00e1n\",\"datePublished\":\"2025-01-04T22:19:27+00:00\",\"mainEntityOfPage\":{\"@id\":\"https:\/\/www.sonoraenequipo.com.mx\/hermosillo-crece-y-se-transforma-con-paso-a-desnivel-colosio-y-solidaridad-tono-astiazaran\/\"},\"wordCount\":596,\"commentCount\":0,\"publisher\":{\"@id\":\"https:\/\/www.sonoraenequipo.com.mx\/#organization\"},\"image\":{\"@id\":\"https:\/\/www.sonoraenequipo.com.mx\/hermosillo-crece-y-se-transforma-con-paso-a-desnivel-colosio-y-solidaridad-tono-astiazaran\/#primaryimage\"},\"thumbnailUrl\":\"https:\/\/www.sonoraenequipo.com.mx\/storage\/2025\/01\/tono-desnivel.jpg\",\"keywords\":[\"paso a desnivel.colosio\"],\"articleSection\":[\"Municipios\"],\"inLanguage\":\"es\",\"potentialAction\":[{\"@type\":\"CommentAction\",\"name\":\"Comment\",\"target\":[\"https:\/\/www.sonoraenequipo.com.mx\/hermosillo-crece-y-se-transforma-con-paso-a-desnivel-colosio-y-solidaridad-tono-astiazaran\/#respond\"]}]},{\"@type\":\"WebPage\",\"@id\":\"https:\/\/www.sonoraenequipo.com.mx\/hermosillo-crece-y-se-transforma-con-paso-a-desnivel-colosio-y-solidaridad-tono-astiazaran\/\",\"url\":\"https:\/\/www.sonoraenequipo.com.mx\/hermosillo-crece-y-se-transforma-con-paso-a-desnivel-colosio-y-solidaridad-tono-astiazaran\/\",\"name\":\"Sonora en Equipo. Hermosillo crece y se transforma con paso a desnivel Colosio y Solidaridad: To\u00f1o Astiazar\u00e1n Municipios\",\"isPartOf\":{\"@id\":\"https:\/\/www.sonoraenequipo.com.mx\/#website\"},\"primaryImageOfPage\":{\"@id\":\"https:\/\/www.sonoraenequipo.com.mx\/hermosillo-crece-y-se-transforma-con-paso-a-desnivel-colosio-y-solidaridad-tono-astiazaran\/#primaryimage\"},\"image\":{\"@id\":\"https:\/\/www.sonoraenequipo.com.mx\/hermosillo-crece-y-se-transforma-con-paso-a-desnivel-colosio-y-solidaridad-tono-astiazaran\/#primaryimage\"},\"thumbnailUrl\":\"https:\/\/www.sonoraenequipo.com.mx\/storage\/2025\/01\/tono-desnivel.jpg\",\"datePublished\":\"2025-01-04T22:19:27+00:00\",\"description\":\"HERMOSILLO, SONORA, MX. \u2014 \u201cCon el arranque de esta obra vamos a ver un Hermosillo que crece, se transforma y mejora nuestra infraestructura\u201d, expres\u00f3 En Sonora en Equipo publicamos toda la informaci\u00f3n de Sonora, M\u00e9xico y el Mundo de manera oportuna y busca que la libertad de expresi\u00f3n sea real. Visita nuestro medio informativo publicado desde Hermosillo, Sonora. %\",\"breadcrumb\":{\"@id\":\"https:\/\/www.sonoraenequipo.com.mx\/hermosillo-crece-y-se-transforma-con-paso-a-desnivel-colosio-y-solidaridad-tono-astiazaran\/#breadcrumb\"},\"inLanguage\":\"es\",\"potentialAction\":[{\"@type\":\"ReadAction\",\"target\":[\"https:\/\/www.sonoraenequipo.com.mx\/hermosillo-crece-y-se-transforma-con-paso-a-desnivel-colosio-y-solidaridad-tono-astiazaran\/\"]}]},{\"@type\":\"ImageObject\",\"inLanguage\":\"es\",\"@id\":\"https:\/\/www.sonoraenequipo.com.mx\/hermosillo-crece-y-se-transforma-con-paso-a-desnivel-colosio-y-solidaridad-tono-astiazaran\/#primaryimage\",\"url\":\"https:\/\/www.sonoraenequipo.com.mx\/storage\/2025\/01\/tono-desnivel.jpg\",\"contentUrl\":\"https:\/\/www.sonoraenequipo.com.mx\/storage\/2025\/01\/tono-desnivel.jpg\",\"width\":600,\"height\":402},{\"@type\":\"BreadcrumbList\",\"@id\":\"https:\/\/www.sonoraenequipo.com.mx\/hermosillo-crece-y-se-transforma-con-paso-a-desnivel-colosio-y-solidaridad-tono-astiazaran\/#breadcrumb\",\"itemListElement\":[{\"@type\":\"ListItem\",\"position\":1,\"name\":\"Portada\",\"item\":\"https:\/\/www.sonoraenequipo.com.mx\/\"},{\"@type\":\"ListItem\",\"position\":2,\"name\":\"Hermosillo crece y se transforma con paso a desnivel Colosio y Solidaridad: To\u00f1o Astiazar\u00e1n\"}]},{\"@type\":\"WebSite\",\"@id\":\"https:\/\/www.sonoraenequipo.com.mx\/#website\",\"url\":\"https:\/\/www.sonoraenequipo.com.mx\/\",\"name\":\"Sonora en Equipo.\",\"description\":\"Diario en l\u00ednea con Noticias desde Hermosillo, Sonora\",\"publisher\":{\"@id\":\"https:\/\/www.sonoraenequipo.com.mx\/#organization\"},\"potentialAction\":[{\"@type\":\"SearchAction\",\"target\":{\"@type\":\"EntryPoint\",\"urlTemplate\":\"https:\/\/www.sonoraenequipo.com.mx\/?s={search_term_string}\"},\"query-input\":{\"@type\":\"PropertyValueSpecification\",\"valueRequired\":true,\"valueName\":\"search_term_string\"}}],\"inLanguage\":\"es\"},{\"@type\":\"Organization\",\"@id\":\"https:\/\/www.sonoraenequipo.com.mx\/#organization\",\"name\":\"Sonoraenequipo.com.mx\",\"url\":\"https:\/\/www.sonoraenequipo.com.mx\/\",\"logo\":{\"@type\":\"ImageObject\",\"inLanguage\":\"es\",\"@id\":\"https:\/\/www.sonoraenequipo.com.mx\/#\/schema\/logo\/image\/\",\"url\":\"https:\/\/www.sonoraenequipo.com.mx\/storage\/2019\/01\/sonoraenequipo_opt.png\",\"contentUrl\":\"https:\/\/www.sonoraenequipo.com.mx\/storage\/2019\/01\/sonoraenequipo_opt.png\",\"width\":375,\"height\":125,\"caption\":\"Sonoraenequipo.com.mx\"},\"image\":{\"@id\":\"https:\/\/www.sonoraenequipo.com.mx\/#\/schema\/logo\/image\/\"},\"sameAs\":[\"https:\/\/www.facebook.com\/SonoraEE\/\",\"https:\/\/x.com\/sonoraenequipo\",\"https:\/\/www.youtube.com\/channel\/UC338nW-lPEYmJQs4ZABQ1SQ\"]},{\"@type\":\"Person\",\"@id\":\"https:\/\/www.sonoraenequipo.com.mx\/#\/schema\/person\/50102df0fb23a8fa9e8effad8fa81386\",\"name\":\"enequipo\",\"image\":{\"@type\":\"ImageObject\",\"inLanguage\":\"es\",\"@id\":\"https:\/\/www.sonoraenequipo.com.mx\/#\/schema\/person\/image\/\",\"url\":\"https:\/\/secure.gravatar.com\/avatar\/049821681b589dabc0bc20695993ccebb09f5b5d4d790cd9251b97faac7c652b?s=96&d=blank&r=g\",\"contentUrl\":\"https:\/\/secure.gravatar.com\/avatar\/049821681b589dabc0bc20695993ccebb09f5b5d4d790cd9251b97faac7c652b?s=96&d=blank&r=g\",\"caption\":\"enequipo\"},\"sameAs\":[\"https:\/\/www.facebook.com\/SonoraEE\"]}]}<\/script>\n ","yoast_head_json":{"title":"Sonora en Equipo. Hermosillo crece y se transforma con paso a desnivel Colosio y Solidaridad: To\u00f1o Astiazar\u00e1n Municipios","description":"HERMOSILLO, SONORA, MX. \u2014 \u201cCon el arranque de esta obra vamos a ver un Hermosillo que crece, se transforma y mejora nuestra infraestructura\u201d, expres\u00f3 En Sonora en Equipo publicamos toda la informaci\u00f3n de Sonora, M\u00e9xico y el Mundo de manera oportuna y busca que la libertad de expresi\u00f3n sea real. Visita nuestro medio informativo publicado desde Hermosillo, Sonora. %","robots":{"index":"index","follow":"follow","max-snippet":"max-snippet:-1","max-image-preview":"max-image-preview:large","max-video-preview":"max-video-preview:-1"},"canonical":"https:\/\/www.sonoraenequipo.com.mx\/hermosillo-crece-y-se-transforma-con-paso-a-desnivel-colosio-y-solidaridad-tono-astiazaran\/","og_locale":"es_ES","og_type":"article","og_title":"Sonora en Equipo. Hermosillo crece y se transforma con paso a desnivel Colosio y Solidaridad: To\u00f1o Astiazar\u00e1n Municipios","og_description":"HERMOSILLO, SONORA, MX. \u2014 \u201cCon el arranque de esta obra vamos a ver un Hermosillo que crece, se transforma y mejora nuestra infraestructura\u201d, expres\u00f3 En Sonora en Equipo publicamos toda la informaci\u00f3n de Sonora, M\u00e9xico y el Mundo de manera oportuna y busca que la libertad de expresi\u00f3n sea real. Visita nuestro medio informativo publicado desde Hermosillo, Sonora. %","og_url":"https:\/\/www.sonoraenequipo.com.mx\/hermosillo-crece-y-se-transforma-con-paso-a-desnivel-colosio-y-solidaridad-tono-astiazaran\/","og_site_name":"Sonora en Equipo.","article_publisher":"https:\/\/www.facebook.com\/SonoraEE\/","article_author":"https:\/\/www.facebook.com\/SonoraEE","article_published_time":"2025-01-04T22:19:27+00:00","og_image":[{"width":600,"height":402,"url":"https:\/\/www.sonoraenequipo.com.mx\/storage\/2025\/01\/tono-desnivel.jpg","type":"image\/jpeg"}],"author":"enequipo","twitter_card":"summary_large_image","twitter_creator":"@sonoraenequipo","twitter_site":"@sonoraenequipo","twitter_misc":{"Escrito por":"enequipo","Tiempo de lectura":"3 minutos"},"schema":{"@context":"https:\/\/schema.org","@graph":[{"@type":"Article","@id":"https:\/\/www.sonoraenequipo.com.mx\/hermosillo-crece-y-se-transforma-con-paso-a-desnivel-colosio-y-solidaridad-tono-astiazaran\/#article","isPartOf":{"@id":"https:\/\/www.sonoraenequipo.com.mx\/hermosillo-crece-y-se-transforma-con-paso-a-desnivel-colosio-y-solidaridad-tono-astiazaran\/"},"author":{"name":"enequipo","@id":"https:\/\/www.sonoraenequipo.com.mx\/#\/schema\/person\/50102df0fb23a8fa9e8effad8fa81386"},"headline":"Hermosillo crece y se transforma con paso a desnivel Colosio y Solidaridad: To\u00f1o Astiazar\u00e1n","datePublished":"2025-01-04T22:19:27+00:00","mainEntityOfPage":{"@id":"https:\/\/www.sonoraenequipo.com.mx\/hermosillo-crece-y-se-transforma-con-paso-a-desnivel-colosio-y-solidaridad-tono-astiazaran\/"},"wordCount":596,"commentCount":0,"publisher":{"@id":"https:\/\/www.sonoraenequipo.com.mx\/#organization"},"image":{"@id":"https:\/\/www.sonoraenequipo.com.mx\/hermosillo-crece-y-se-transforma-con-paso-a-desnivel-colosio-y-solidaridad-tono-astiazaran\/#primaryimage"},"thumbnailUrl":"https:\/\/www.sonoraenequipo.com.mx\/storage\/2025\/01\/tono-desnivel.jpg","keywords":["paso a desnivel.colosio"],"articleSection":["Municipios"],"inLanguage":"es","potentialAction":[{"@type":"CommentAction","name":"Comment","target":["https:\/\/www.sonoraenequipo.com.mx\/hermosillo-crece-y-se-transforma-con-paso-a-desnivel-colosio-y-solidaridad-tono-astiazaran\/#respond"]}]},{"@type":"WebPage","@id":"https:\/\/www.sonoraenequipo.com.mx\/hermosillo-crece-y-se-transforma-con-paso-a-desnivel-colosio-y-solidaridad-tono-astiazaran\/","url":"https:\/\/www.sonoraenequipo.com.mx\/hermosillo-crece-y-se-transforma-con-paso-a-desnivel-colosio-y-solidaridad-tono-astiazaran\/","name":"Sonora en Equipo. Hermosillo crece y se transforma con paso a desnivel Colosio y Solidaridad: To\u00f1o Astiazar\u00e1n Municipios","isPartOf":{"@id":"https:\/\/www.sonoraenequipo.com.mx\/#website"},"primaryImageOfPage":{"@id":"https:\/\/www.sonoraenequipo.com.mx\/hermosillo-crece-y-se-transforma-con-paso-a-desnivel-colosio-y-solidaridad-tono-astiazaran\/#primaryimage"},"image":{"@id":"https:\/\/www.sonoraenequipo.com.mx\/hermosillo-crece-y-se-transforma-con-paso-a-desnivel-colosio-y-solidaridad-tono-astiazaran\/#primaryimage"},"thumbnailUrl":"https:\/\/www.sonoraenequipo.com.mx\/storage\/2025\/01\/tono-desnivel.jpg","datePublished":"2025-01-04T22:19:27+00:00","description":"HERMOSILLO, SONORA, MX. \u2014 \u201cCon el arranque de esta obra vamos a ver un Hermosillo que crece, se transforma y mejora nuestra infraestructura\u201d, expres\u00f3 En Sonora en Equipo publicamos toda la informaci\u00f3n de Sonora, M\u00e9xico y el Mundo de manera oportuna y busca que la libertad de expresi\u00f3n sea real. Visita nuestro medio informativo publicado desde Hermosillo, Sonora. %","breadcrumb":{"@id":"https:\/\/www.sonoraenequipo.com.mx\/hermosillo-crece-y-se-transforma-con-paso-a-desnivel-colosio-y-solidaridad-tono-astiazaran\/#breadcrumb"},"inLanguage":"es","potentialAction":[{"@type":"ReadAction","target":["https:\/\/www.sonoraenequipo.com.mx\/hermosillo-crece-y-se-transforma-con-paso-a-desnivel-colosio-y-solidaridad-tono-astiazaran\/"]}]},{"@type":"ImageObject","inLanguage":"es","@id":"https:\/\/www.sonoraenequipo.com.mx\/hermosillo-crece-y-se-transforma-con-paso-a-desnivel-colosio-y-solidaridad-tono-astiazaran\/#primaryimage","url":"https:\/\/www.sonoraenequipo.com.mx\/storage\/2025\/01\/tono-desnivel.jpg","contentUrl":"https:\/\/www.sonoraenequipo.com.mx\/storage\/2025\/01\/tono-desnivel.jpg","width":600,"height":402},{"@type":"BreadcrumbList","@id":"https:\/\/www.sonoraenequipo.com.mx\/hermosillo-crece-y-se-transforma-con-paso-a-desnivel-colosio-y-solidaridad-tono-astiazaran\/#breadcrumb","itemListElement":[{"@type":"ListItem","position":1,"name":"Portada","item":"https:\/\/www.sonoraenequipo.com.mx\/"},{"@type":"ListItem","position":2,"name":"Hermosillo crece y se transforma con paso a desnivel Colosio y Solidaridad: To\u00f1o Astiazar\u00e1n"}]},{"@type":"WebSite","@id":"https:\/\/www.sonoraenequipo.com.mx\/#website","url":"https:\/\/www.sonoraenequipo.com.mx\/","name":"Sonora en Equipo.","description":"Diario en l\u00ednea con Noticias desde Hermosillo, Sonora","publisher":{"@id":"https:\/\/www.sonoraenequipo.com.mx\/#organization"},"potentialAction":[{"@type":"SearchAction","target":{"@type":"EntryPoint","urlTemplate":"https:\/\/www.sonoraenequipo.com.mx\/?s={search_term_string}"},"query-input":{"@type":"PropertyValueSpecification","valueRequired":true,"valueName":"search_term_string"}}],"inLanguage":"es"},{"@type":"Organization","@id":"https:\/\/www.sonoraenequipo.com.mx\/#organization","name":"Sonoraenequipo.com.mx","url":"https:\/\/www.sonoraenequipo.com.mx\/","logo":{"@type":"ImageObject","inLanguage":"es","@id":"https:\/\/www.sonoraenequipo.com.mx\/#\/schema\/logo\/image\/","url":"https:\/\/www.sonoraenequipo.com.mx\/storage\/2019\/01\/sonoraenequipo_opt.png","contentUrl":"https:\/\/www.sonoraenequipo.com.mx\/storage\/2019\/01\/sonoraenequipo_opt.png","width":375,"height":125,"caption":"Sonoraenequipo.com.mx"},"image":{"@id":"https:\/\/www.sonoraenequipo.com.mx\/#\/schema\/logo\/image\/"},"sameAs":["https:\/\/www.facebook.com\/SonoraEE\/","https:\/\/x.com\/sonoraenequipo","https:\/\/www.youtube.com\/channel\/UC338nW-lPEYmJQs4ZABQ1SQ"]},{"@type":"Person","@id":"https:\/\/www.sonoraenequipo.com.mx\/#\/schema\/person\/50102df0fb23a8fa9e8effad8fa81386","name":"enequipo","image":{"@type":"ImageObject","inLanguage":"es","@id":"https:\/\/www.sonoraenequipo.com.mx\/#\/schema\/person\/image\/","url":"https:\/\/secure.gravatar.com\/avatar\/049821681b589dabc0bc20695993ccebb09f5b5d4d790cd9251b97faac7c652b?s=96&d=blank&r=g","contentUrl":"https:\/\/secure.gravatar.com\/avatar\/049821681b589dabc0bc20695993ccebb09f5b5d4d790cd9251b97faac7c652b?s=96&d=blank&r=g","caption":"enequipo"},"sameAs":["https:\/\/www.facebook.com\/SonoraEE"]}]}},"jetpack_featured_media_url":"https:\/\/www.sonoraenequipo.com.mx\/storage\/2025\/01\/tono-desnivel.jpg","_links":{"self":[{"href":"https:\/\/www.sonoraenequipo.com.mx\/api\/wp\/v2\/posts\/207112","targetHints":{"allow":["GET"]}}],"collection":[{"href":"https:\/\/www.sonoraenequipo.com.mx\/api\/wp\/v2\/posts"}],"about":[{"href":"https:\/\/www.sonoraenequipo.com.mx\/api\/wp\/v2\/types\/post"}],"author":[{"embeddable":true,"href":"https:\/\/www.sonoraenequipo.com.mx\/api\/wp\/v2\/users\/1"}],"replies":[{"embeddable":true,"href":"https:\/\/www.sonoraenequipo.com.mx\/api\/wp\/v2\/comments?post=207112"}],"version-history":[{"count":1,"href":"https:\/\/www.sonoraenequipo.com.mx\/api\/wp\/v2\/posts\/207112\/revisions"}],"predecessor-version":[{"id":207114,"href":"https:\/\/www.sonoraenequipo.com.mx\/api\/wp\/v2\/posts\/207112\/revisions\/207114"}],"wp:featuredmedia":[{"embeddable":true,"href":"https:\/\/www.sonoraenequipo.com.mx\/api\/wp\/v2\/media\/207113"}],"wp:attachment":[{"href":"https:\/\/www.sonoraenequipo.com.mx\/api\/wp\/v2\/media?parent=207112"}],"wp:term":[{"taxonomy":"category","embeddable":true,"href":"https:\/\/www.sonoraenequipo.com.mx\/api\/wp\/v2\/categories?post=207112"},{"taxonomy":"post_tag","embeddable":true,"href":"https:\/\/www.sonoraenequipo.com.mx\/api\/wp\/v2\/tags?post=207112"}],"curies":[{"name":"wp","href":"https:\/\/api.w.org\/{rel}","templated":true}]}}