{"id":207118,"date":"2025-01-04T15:34:37","date_gmt":"2025-01-04T22:34:37","guid":{"rendered":"https:\/\/www.sonoraenequipo.com.mx\/?p=207118"},"modified":"2025-01-04T15:34:37","modified_gmt":"2025-01-04T22:34:37","slug":"ofrece-dif-sonora-cursos-de-braille-abiertos-al-publico-en-neidi","status":"publish","type":"post","link":"https:\/\/www.sonoraenequipo.com.mx\/ofrece-dif-sonora-cursos-de-braille-abiertos-al-publico-en-neidi\/","title":{"rendered":"Ofrece DIF Sonora cursos de Braille abiertos al p\u00fablico en N\u00e9idi"},"content":{"rendered":"<p><strong>HERMOSILLO, SONORA, MX.<\/strong> \u2014 En el marco del D\u00eda Mundial del Braille, el Gobierno de Sonora, a trav\u00e9s de DIF Sonora informa que el Centro para personas ciegas y de baja visi\u00f3n \u201cN\u00e9idi\u201d mantiene abiertas sus inscripciones durante todo el a\u00f1o para el taller de lectoescritura del sistema Braille.<\/p>\n<p>&nbsp;<\/p>\n<p>&nbsp;<\/p>\n<p>&nbsp;<\/p>\n<p>El trabajo del Centro N\u00e9idi se ha destacado como parte de las acciones integrales que se realizan en Sonora para garantizar la igualdad de oportunidades y la inclusi\u00f3n de personas con discapacidad acorde a los ejes rectores del Gobierno del Estado.<\/p>\n<p>&nbsp;<\/p>\n<p>&nbsp;<\/p>\n<p>&nbsp;<\/p>\n<p>La directora general de DIF Sonora, Lizeth V\u00e1squez Ochoa puntualiz\u00f3 que este Centro es un ejemplo del compromiso del DIF Sonora con la inclusi\u00f3n: \u201cQueremos seguir transformando vidas a trav\u00e9s de estos espacios, ofreciendo herramientas que permitan a las personas con discapacidad visual vivir con mayor autonom\u00eda y dignidad\u201d, mencion\u00f3.<\/p>\n<p>&nbsp;<\/p>\n<p>&nbsp;<\/p>\n<p>&nbsp;<\/p>\n<p>\u201cEl Braille no solo es un sistema de lectoescritura, sino una herramienta clave para la inclusi\u00f3n y la independencia de las personas con discapacidad visual. En DIF Sonora trabajamos para garantizar que estos recursos est\u00e9n al alcance de quienes los necesitan y para que m\u00e1s personas puedan beneficiarse de ellos\u201d, expres\u00f3 V\u00e1squez Ochoa.<\/p>\n<p>&nbsp;<\/p>\n<p>&nbsp;<\/p>\n<p>&nbsp;<\/p>\n<p>Desde su creaci\u00f3n, el Centro N\u00e9idi se ha distinguido por impulsar la integraci\u00f3n socio-laboral de personas ciegas y d\u00e9biles visuales. Adem\u00e1s del curso de Braille, ofrece talleres como estenograf\u00eda, \u00e1baco y m\u00e1quina Perkins, herramientas que facilitan el aprendizaje de matem\u00e1ticas y lectoescritura.<\/p>\n<p>&nbsp;<\/p>\n<p>&nbsp;<\/p>\n<p>&nbsp;<\/p>\n<p>Asimismo, se imparten talleres de estimulaci\u00f3n multisensorial, entre ellos, c\u00f3mputo adaptado, m\u00fasica, cocina y apoyo acad\u00e9mico, que buscan fortalecer las habilidades y autonom\u00eda de sus usuarios. Todas las actividades se llevan a cabo bajo estrictos protocolos sanitarios para garantizar la seguridad de los asistentes.<\/p>\n<p>&nbsp;<\/p>\n<p>&nbsp;<\/p>\n<p>&nbsp;<\/p>\n<p>Para m\u00e1s informaci\u00f3n, las personas interesadas pueden comunicarse a los tel\u00e9fonos (662) 254 45 21, (662) 254 44 39, o escribir al correo electr\u00f3nico: <a href=\"mailto:centroneidi@gmail.com\">centroneidi@gmail.com<\/a>.<\/p>\n<p><strong>Fecha de publicaci\u00f3n<\/strong><strong> s\u00e1bado \u00a04 de enero de 2025 \/<\/strong><\/p>\n<p>&nbsp;<\/p>\n","protected":false},"excerpt":{"rendered":"<p>HERMOSILLO, SONORA, MX. \u2014 En el marco del D\u00eda Mundial del Braille, el Gobierno de&#8230;<\/p>\n","protected":false},"author":1,"featured_media":207119,"comment_status":"open","ping_status":"open","sticky":false,"template":"","format":"standard","meta":{"_monsterinsights_skip_tracking":false,"_monsterinsights_sitenote_active":false,"_monsterinsights_sitenote_note":"","_monsterinsights_sitenote_category":0,"footnotes":""},"categories":[22],"tags":[8021],"class_list":["post"],"yoast_head":" \n<title>Sonora en Equipo. Ofrece DIF Sonora cursos de Braille abiertos al p\u00fablico en N\u00e9idi Sonora<\/title>\n<meta name=\"description\" content=\"HERMOSILLO, SONORA, MX. \u2014 En el marco del D\u00eda Mundial del Braille, el Gobierno de Sonora, a trav\u00e9s de DIF Sonora informa que el Centro para personas En Sonora en Equipo publicamos toda la informaci\u00f3n de Sonora, M\u00e9xico y el Mundo de manera oportuna y busca que la libertad de expresi\u00f3n sea real. Visita nuestro medio informativo publicado desde Hermosillo, Sonora. %\" \/>\n<meta name=\"robots\" content=\"index, follow, max-snippet:-1, max-image-preview:large, max-video-preview:-1\" \/>\n<link rel=\"canonical\" href=\"https:\/\/www.sonoraenequipo.com.mx\/ofrece-dif-sonora-cursos-de-braille-abiertos-al-publico-en-neidi\/\" \/>\n<meta property=\"og:locale\" content=\"es_ES\" \/>\n<meta property=\"og:type\" content=\"article\" \/>\n<meta property=\"og:title\" content=\"Sonora en Equipo. Ofrece DIF Sonora cursos de Braille abiertos al p\u00fablico en N\u00e9idi Sonora\" \/>\n<meta property=\"og:description\" content=\"HERMOSILLO, SONORA, MX. \u2014 En el marco del D\u00eda Mundial del Braille, el Gobierno de Sonora, a trav\u00e9s de DIF Sonora informa que el Centro para personas En Sonora en Equipo publicamos toda la informaci\u00f3n de Sonora, M\u00e9xico y el Mundo de manera oportuna y busca que la libertad de expresi\u00f3n sea real. Visita nuestro medio informativo publicado desde Hermosillo, Sonora. %\" \/>\n<meta property=\"og:url\" content=\"https:\/\/www.sonoraenequipo.com.mx\/ofrece-dif-sonora-cursos-de-braille-abiertos-al-publico-en-neidi\/\" \/>\n<meta property=\"og:site_name\" content=\"Sonora en Equipo.\" \/>\n<meta property=\"article:publisher\" content=\"https:\/\/www.facebook.com\/SonoraEE\/\" \/>\n<meta property=\"article:author\" content=\"https:\/\/www.facebook.com\/SonoraEE\" \/>\n<meta property=\"article:published_time\" content=\"2025-01-04T22:34:37+00:00\" \/>\n<meta property=\"og:image\" content=\"https:\/\/www.sonoraenequipo.com.mx\/storage\/2025\/01\/braile.jpg\" \/>\n\t<meta property=\"og:image:width\" content=\"600\" \/>\n\t<meta property=\"og:image:height\" content=\"450\" \/>\n\t<meta property=\"og:image:type\" content=\"image\/jpeg\" \/>\n<meta name=\"author\" content=\"enequipo\" \/>\n<meta name=\"twitter:card\" content=\"summary_large_image\" \/>\n<meta name=\"twitter:creator\" content=\"@sonoraenequipo\" \/>\n<meta name=\"twitter:site\" content=\"@sonoraenequipo\" \/>\n<meta name=\"twitter:label1\" content=\"Escrito por\" \/>\n\t<meta name=\"twitter:data1\" content=\"enequipo\" \/>\n\t<meta name=\"twitter:label2\" content=\"Tiempo de lectura\" \/>\n\t<meta name=\"twitter:data2\" content=\"2 minutos\" \/>\n<script type=\"application\/ld+json\" class=\"yoast-schema-graph\">{\"@context\":\"https:\/\/schema.org\",\"@graph\":[{\"@type\":\"Article\",\"@id\":\"https:\/\/www.sonoraenequipo.com.mx\/ofrece-dif-sonora-cursos-de-braille-abiertos-al-publico-en-neidi\/#article\",\"isPartOf\":{\"@id\":\"https:\/\/www.sonoraenequipo.com.mx\/ofrece-dif-sonora-cursos-de-braille-abiertos-al-publico-en-neidi\/\"},\"author\":{\"name\":\"enequipo\",\"@id\":\"https:\/\/www.sonoraenequipo.com.mx\/#\/schema\/person\/50102df0fb23a8fa9e8effad8fa81386\"},\"headline\":\"Ofrece DIF Sonora cursos de Braille abiertos al p\u00fablico en N\u00e9idi\",\"datePublished\":\"2025-01-04T22:34:37+00:00\",\"mainEntityOfPage\":{\"@id\":\"https:\/\/www.sonoraenequipo.com.mx\/ofrece-dif-sonora-cursos-de-braille-abiertos-al-publico-en-neidi\/\"},\"wordCount\":370,\"commentCount\":0,\"publisher\":{\"@id\":\"https:\/\/www.sonoraenequipo.com.mx\/#organization\"},\"image\":{\"@id\":\"https:\/\/www.sonoraenequipo.com.mx\/ofrece-dif-sonora-cursos-de-braille-abiertos-al-publico-en-neidi\/#primaryimage\"},\"thumbnailUrl\":\"https:\/\/www.sonoraenequipo.com.mx\/storage\/2025\/01\/braile.jpg\",\"keywords\":[\"braille\"],\"articleSection\":[\"Sonora\"],\"inLanguage\":\"es\",\"potentialAction\":[{\"@type\":\"CommentAction\",\"name\":\"Comment\",\"target\":[\"https:\/\/www.sonoraenequipo.com.mx\/ofrece-dif-sonora-cursos-de-braille-abiertos-al-publico-en-neidi\/#respond\"]}]},{\"@type\":\"WebPage\",\"@id\":\"https:\/\/www.sonoraenequipo.com.mx\/ofrece-dif-sonora-cursos-de-braille-abiertos-al-publico-en-neidi\/\",\"url\":\"https:\/\/www.sonoraenequipo.com.mx\/ofrece-dif-sonora-cursos-de-braille-abiertos-al-publico-en-neidi\/\",\"name\":\"Sonora en Equipo. Ofrece DIF Sonora cursos de Braille abiertos al p\u00fablico en N\u00e9idi Sonora\",\"isPartOf\":{\"@id\":\"https:\/\/www.sonoraenequipo.com.mx\/#website\"},\"primaryImageOfPage\":{\"@id\":\"https:\/\/www.sonoraenequipo.com.mx\/ofrece-dif-sonora-cursos-de-braille-abiertos-al-publico-en-neidi\/#primaryimage\"},\"image\":{\"@id\":\"https:\/\/www.sonoraenequipo.com.mx\/ofrece-dif-sonora-cursos-de-braille-abiertos-al-publico-en-neidi\/#primaryimage\"},\"thumbnailUrl\":\"https:\/\/www.sonoraenequipo.com.mx\/storage\/2025\/01\/braile.jpg\",\"datePublished\":\"2025-01-04T22:34:37+00:00\",\"description\":\"HERMOSILLO, SONORA, MX. \u2014 En el marco del D\u00eda Mundial del Braille, el Gobierno de Sonora, a trav\u00e9s de DIF Sonora informa que el Centro para personas En Sonora en Equipo publicamos toda la informaci\u00f3n de Sonora, M\u00e9xico y el Mundo de manera oportuna y busca que la libertad de expresi\u00f3n sea real. Visita nuestro medio informativo publicado desde Hermosillo, Sonora. %\",\"breadcrumb\":{\"@id\":\"https:\/\/www.sonoraenequipo.com.mx\/ofrece-dif-sonora-cursos-de-braille-abiertos-al-publico-en-neidi\/#breadcrumb\"},\"inLanguage\":\"es\",\"potentialAction\":[{\"@type\":\"ReadAction\",\"target\":[\"https:\/\/www.sonoraenequipo.com.mx\/ofrece-dif-sonora-cursos-de-braille-abiertos-al-publico-en-neidi\/\"]}]},{\"@type\":\"ImageObject\",\"inLanguage\":\"es\",\"@id\":\"https:\/\/www.sonoraenequipo.com.mx\/ofrece-dif-sonora-cursos-de-braille-abiertos-al-publico-en-neidi\/#primaryimage\",\"url\":\"https:\/\/www.sonoraenequipo.com.mx\/storage\/2025\/01\/braile.jpg\",\"contentUrl\":\"https:\/\/www.sonoraenequipo.com.mx\/storage\/2025\/01\/braile.jpg\",\"width\":600,\"height\":450},{\"@type\":\"BreadcrumbList\",\"@id\":\"https:\/\/www.sonoraenequipo.com.mx\/ofrece-dif-sonora-cursos-de-braille-abiertos-al-publico-en-neidi\/#breadcrumb\",\"itemListElement\":[{\"@type\":\"ListItem\",\"position\":1,\"name\":\"Portada\",\"item\":\"https:\/\/www.sonoraenequipo.com.mx\/\"},{\"@type\":\"ListItem\",\"position\":2,\"name\":\"Ofrece DIF Sonora cursos de Braille abiertos al p\u00fablico en N\u00e9idi\"}]},{\"@type\":\"WebSite\",\"@id\":\"https:\/\/www.sonoraenequipo.com.mx\/#website\",\"url\":\"https:\/\/www.sonoraenequipo.com.mx\/\",\"name\":\"Sonora en Equipo.\",\"description\":\"Diario en l\u00ednea con Noticias desde Hermosillo, Sonora\",\"publisher\":{\"@id\":\"https:\/\/www.sonoraenequipo.com.mx\/#organization\"},\"potentialAction\":[{\"@type\":\"SearchAction\",\"target\":{\"@type\":\"EntryPoint\",\"urlTemplate\":\"https:\/\/www.sonoraenequipo.com.mx\/?s={search_term_string}\"},\"query-input\":{\"@type\":\"PropertyValueSpecification\",\"valueRequired\":true,\"valueName\":\"search_term_string\"}}],\"inLanguage\":\"es\"},{\"@type\":\"Organization\",\"@id\":\"https:\/\/www.sonoraenequipo.com.mx\/#organization\",\"name\":\"Sonoraenequipo.com.mx\",\"url\":\"https:\/\/www.sonoraenequipo.com.mx\/\",\"logo\":{\"@type\":\"ImageObject\",\"inLanguage\":\"es\",\"@id\":\"https:\/\/www.sonoraenequipo.com.mx\/#\/schema\/logo\/image\/\",\"url\":\"https:\/\/www.sonoraenequipo.com.mx\/storage\/2019\/01\/sonoraenequipo_opt.png\",\"contentUrl\":\"https:\/\/www.sonoraenequipo.com.mx\/storage\/2019\/01\/sonoraenequipo_opt.png\",\"width\":375,\"height\":125,\"caption\":\"Sonoraenequipo.com.mx\"},\"image\":{\"@id\":\"https:\/\/www.sonoraenequipo.com.mx\/#\/schema\/logo\/image\/\"},\"sameAs\":[\"https:\/\/www.facebook.com\/SonoraEE\/\",\"https:\/\/x.com\/sonoraenequipo\",\"https:\/\/www.youtube.com\/channel\/UC338nW-lPEYmJQs4ZABQ1SQ\"]},{\"@type\":\"Person\",\"@id\":\"https:\/\/www.sonoraenequipo.com.mx\/#\/schema\/person\/50102df0fb23a8fa9e8effad8fa81386\",\"name\":\"enequipo\",\"image\":{\"@type\":\"ImageObject\",\"inLanguage\":\"es\",\"@id\":\"https:\/\/www.sonoraenequipo.com.mx\/#\/schema\/person\/image\/\",\"url\":\"https:\/\/secure.gravatar.com\/avatar\/049821681b589dabc0bc20695993ccebb09f5b5d4d790cd9251b97faac7c652b?s=96&d=blank&r=g\",\"contentUrl\":\"https:\/\/secure.gravatar.com\/avatar\/049821681b589dabc0bc20695993ccebb09f5b5d4d790cd9251b97faac7c652b?s=96&d=blank&r=g\",\"caption\":\"enequipo\"},\"sameAs\":[\"https:\/\/www.facebook.com\/SonoraEE\"]}]}<\/script>\n ","yoast_head_json":{"title":"Sonora en Equipo. Ofrece DIF Sonora cursos de Braille abiertos al p\u00fablico en N\u00e9idi Sonora","description":"HERMOSILLO, SONORA, MX. \u2014 En el marco del D\u00eda Mundial del Braille, el Gobierno de Sonora, a trav\u00e9s de DIF Sonora informa que el Centro para personas En Sonora en Equipo publicamos toda la informaci\u00f3n de Sonora, M\u00e9xico y el Mundo de manera oportuna y busca que la libertad de expresi\u00f3n sea real. Visita nuestro medio informativo publicado desde Hermosillo, Sonora. %","robots":{"index":"index","follow":"follow","max-snippet":"max-snippet:-1","max-image-preview":"max-image-preview:large","max-video-preview":"max-video-preview:-1"},"canonical":"https:\/\/www.sonoraenequipo.com.mx\/ofrece-dif-sonora-cursos-de-braille-abiertos-al-publico-en-neidi\/","og_locale":"es_ES","og_type":"article","og_title":"Sonora en Equipo. Ofrece DIF Sonora cursos de Braille abiertos al p\u00fablico en N\u00e9idi Sonora","og_description":"HERMOSILLO, SONORA, MX. \u2014 En el marco del D\u00eda Mundial del Braille, el Gobierno de Sonora, a trav\u00e9s de DIF Sonora informa que el Centro para personas En Sonora en Equipo publicamos toda la informaci\u00f3n de Sonora, M\u00e9xico y el Mundo de manera oportuna y busca que la libertad de expresi\u00f3n sea real. Visita nuestro medio informativo publicado desde Hermosillo, Sonora. %","og_url":"https:\/\/www.sonoraenequipo.com.mx\/ofrece-dif-sonora-cursos-de-braille-abiertos-al-publico-en-neidi\/","og_site_name":"Sonora en Equipo.","article_publisher":"https:\/\/www.facebook.com\/SonoraEE\/","article_author":"https:\/\/www.facebook.com\/SonoraEE","article_published_time":"2025-01-04T22:34:37+00:00","og_image":[{"width":600,"height":450,"url":"https:\/\/www.sonoraenequipo.com.mx\/storage\/2025\/01\/braile.jpg","type":"image\/jpeg"}],"author":"enequipo","twitter_card":"summary_large_image","twitter_creator":"@sonoraenequipo","twitter_site":"@sonoraenequipo","twitter_misc":{"Escrito por":"enequipo","Tiempo de lectura":"2 minutos"},"schema":{"@context":"https:\/\/schema.org","@graph":[{"@type":"Article","@id":"https:\/\/www.sonoraenequipo.com.mx\/ofrece-dif-sonora-cursos-de-braille-abiertos-al-publico-en-neidi\/#article","isPartOf":{"@id":"https:\/\/www.sonoraenequipo.com.mx\/ofrece-dif-sonora-cursos-de-braille-abiertos-al-publico-en-neidi\/"},"author":{"name":"enequipo","@id":"https:\/\/www.sonoraenequipo.com.mx\/#\/schema\/person\/50102df0fb23a8fa9e8effad8fa81386"},"headline":"Ofrece DIF Sonora cursos de Braille abiertos al p\u00fablico en N\u00e9idi","datePublished":"2025-01-04T22:34:37+00:00","mainEntityOfPage":{"@id":"https:\/\/www.sonoraenequipo.com.mx\/ofrece-dif-sonora-cursos-de-braille-abiertos-al-publico-en-neidi\/"},"wordCount":370,"commentCount":0,"publisher":{"@id":"https:\/\/www.sonoraenequipo.com.mx\/#organization"},"image":{"@id":"https:\/\/www.sonoraenequipo.com.mx\/ofrece-dif-sonora-cursos-de-braille-abiertos-al-publico-en-neidi\/#primaryimage"},"thumbnailUrl":"https:\/\/www.sonoraenequipo.com.mx\/storage\/2025\/01\/braile.jpg","keywords":["braille"],"articleSection":["Sonora"],"inLanguage":"es","potentialAction":[{"@type":"CommentAction","name":"Comment","target":["https:\/\/www.sonoraenequipo.com.mx\/ofrece-dif-sonora-cursos-de-braille-abiertos-al-publico-en-neidi\/#respond"]}]},{"@type":"WebPage","@id":"https:\/\/www.sonoraenequipo.com.mx\/ofrece-dif-sonora-cursos-de-braille-abiertos-al-publico-en-neidi\/","url":"https:\/\/www.sonoraenequipo.com.mx\/ofrece-dif-sonora-cursos-de-braille-abiertos-al-publico-en-neidi\/","name":"Sonora en Equipo. Ofrece DIF Sonora cursos de Braille abiertos al p\u00fablico en N\u00e9idi Sonora","isPartOf":{"@id":"https:\/\/www.sonoraenequipo.com.mx\/#website"},"primaryImageOfPage":{"@id":"https:\/\/www.sonoraenequipo.com.mx\/ofrece-dif-sonora-cursos-de-braille-abiertos-al-publico-en-neidi\/#primaryimage"},"image":{"@id":"https:\/\/www.sonoraenequipo.com.mx\/ofrece-dif-sonora-cursos-de-braille-abiertos-al-publico-en-neidi\/#primaryimage"},"thumbnailUrl":"https:\/\/www.sonoraenequipo.com.mx\/storage\/2025\/01\/braile.jpg","datePublished":"2025-01-04T22:34:37+00:00","description":"HERMOSILLO, SONORA, MX. \u2014 En el marco del D\u00eda Mundial del Braille, el Gobierno de Sonora, a trav\u00e9s de DIF Sonora informa que el Centro para personas En Sonora en Equipo publicamos toda la informaci\u00f3n de Sonora, M\u00e9xico y el Mundo de manera oportuna y busca que la libertad de expresi\u00f3n sea real. Visita nuestro medio informativo publicado desde Hermosillo, Sonora. %","breadcrumb":{"@id":"https:\/\/www.sonoraenequipo.com.mx\/ofrece-dif-sonora-cursos-de-braille-abiertos-al-publico-en-neidi\/#breadcrumb"},"inLanguage":"es","potentialAction":[{"@type":"ReadAction","target":["https:\/\/www.sonoraenequipo.com.mx\/ofrece-dif-sonora-cursos-de-braille-abiertos-al-publico-en-neidi\/"]}]},{"@type":"ImageObject","inLanguage":"es","@id":"https:\/\/www.sonoraenequipo.com.mx\/ofrece-dif-sonora-cursos-de-braille-abiertos-al-publico-en-neidi\/#primaryimage","url":"https:\/\/www.sonoraenequipo.com.mx\/storage\/2025\/01\/braile.jpg","contentUrl":"https:\/\/www.sonoraenequipo.com.mx\/storage\/2025\/01\/braile.jpg","width":600,"height":450},{"@type":"BreadcrumbList","@id":"https:\/\/www.sonoraenequipo.com.mx\/ofrece-dif-sonora-cursos-de-braille-abiertos-al-publico-en-neidi\/#breadcrumb","itemListElement":[{"@type":"ListItem","position":1,"name":"Portada","item":"https:\/\/www.sonoraenequipo.com.mx\/"},{"@type":"ListItem","position":2,"name":"Ofrece DIF Sonora cursos de Braille abiertos al p\u00fablico en N\u00e9idi"}]},{"@type":"WebSite","@id":"https:\/\/www.sonoraenequipo.com.mx\/#website","url":"https:\/\/www.sonoraenequipo.com.mx\/","name":"Sonora en Equipo.","description":"Diario en l\u00ednea con Noticias desde Hermosillo, Sonora","publisher":{"@id":"https:\/\/www.sonoraenequipo.com.mx\/#organization"},"potentialAction":[{"@type":"SearchAction","target":{"@type":"EntryPoint","urlTemplate":"https:\/\/www.sonoraenequipo.com.mx\/?s={search_term_string}"},"query-input":{"@type":"PropertyValueSpecification","valueRequired":true,"valueName":"search_term_string"}}],"inLanguage":"es"},{"@type":"Organization","@id":"https:\/\/www.sonoraenequipo.com.mx\/#organization","name":"Sonoraenequipo.com.mx","url":"https:\/\/www.sonoraenequipo.com.mx\/","logo":{"@type":"ImageObject","inLanguage":"es","@id":"https:\/\/www.sonoraenequipo.com.mx\/#\/schema\/logo\/image\/","url":"https:\/\/www.sonoraenequipo.com.mx\/storage\/2019\/01\/sonoraenequipo_opt.png","contentUrl":"https:\/\/www.sonoraenequipo.com.mx\/storage\/2019\/01\/sonoraenequipo_opt.png","width":375,"height":125,"caption":"Sonoraenequipo.com.mx"},"image":{"@id":"https:\/\/www.sonoraenequipo.com.mx\/#\/schema\/logo\/image\/"},"sameAs":["https:\/\/www.facebook.com\/SonoraEE\/","https:\/\/x.com\/sonoraenequipo","https:\/\/www.youtube.com\/channel\/UC338nW-lPEYmJQs4ZABQ1SQ"]},{"@type":"Person","@id":"https:\/\/www.sonoraenequipo.com.mx\/#\/schema\/person\/50102df0fb23a8fa9e8effad8fa81386","name":"enequipo","image":{"@type":"ImageObject","inLanguage":"es","@id":"https:\/\/www.sonoraenequipo.com.mx\/#\/schema\/person\/image\/","url":"https:\/\/secure.gravatar.com\/avatar\/049821681b589dabc0bc20695993ccebb09f5b5d4d790cd9251b97faac7c652b?s=96&d=blank&r=g","contentUrl":"https:\/\/secure.gravatar.com\/avatar\/049821681b589dabc0bc20695993ccebb09f5b5d4d790cd9251b97faac7c652b?s=96&d=blank&r=g","caption":"enequipo"},"sameAs":["https:\/\/www.facebook.com\/SonoraEE"]}]}},"jetpack_featured_media_url":"https:\/\/www.sonoraenequipo.com.mx\/storage\/2025\/01\/braile.jpg","_links":{"self":[{"href":"https:\/\/www.sonoraenequipo.com.mx\/api\/wp\/v2\/posts\/207118","targetHints":{"allow":["GET"]}}],"collection":[{"href":"https:\/\/www.sonoraenequipo.com.mx\/api\/wp\/v2\/posts"}],"about":[{"href":"https:\/\/www.sonoraenequipo.com.mx\/api\/wp\/v2\/types\/post"}],"author":[{"embeddable":true,"href":"https:\/\/www.sonoraenequipo.com.mx\/api\/wp\/v2\/users\/1"}],"replies":[{"embeddable":true,"href":"https:\/\/www.sonoraenequipo.com.mx\/api\/wp\/v2\/comments?post=207118"}],"version-history":[{"count":1,"href":"https:\/\/www.sonoraenequipo.com.mx\/api\/wp\/v2\/posts\/207118\/revisions"}],"predecessor-version":[{"id":207120,"href":"https:\/\/www.sonoraenequipo.com.mx\/api\/wp\/v2\/posts\/207118\/revisions\/207120"}],"wp:featuredmedia":[{"embeddable":true,"href":"https:\/\/www.sonoraenequipo.com.mx\/api\/wp\/v2\/media\/207119"}],"wp:attachment":[{"href":"https:\/\/www.sonoraenequipo.com.mx\/api\/wp\/v2\/media?parent=207118"}],"wp:term":[{"taxonomy":"category","embeddable":true,"href":"https:\/\/www.sonoraenequipo.com.mx\/api\/wp\/v2\/categories?post=207118"},{"taxonomy":"post_tag","embeddable":true,"href":"https:\/\/www.sonoraenequipo.com.mx\/api\/wp\/v2\/tags?post=207118"}],"curies":[{"name":"wp","href":"https:\/\/api.w.org\/{rel}","templated":true}]}}