{"id":207127,"date":"2025-01-04T16:24:45","date_gmt":"2025-01-04T23:24:45","guid":{"rendered":"https:\/\/www.sonoraenequipo.com.mx\/?p=207127"},"modified":"2025-01-04T16:24:45","modified_gmt":"2025-01-04T23:24:45","slug":"caricaturista-del-washington-post-dimite-por-dibujo-de-millonarios-postrados-ante-trump-entre-ellos-dueno-del-diario","status":"publish","type":"post","link":"https:\/\/www.sonoraenequipo.com.mx\/caricaturista-del-washington-post-dimite-por-dibujo-de-millonarios-postrados-ante-trump-entre-ellos-dueno-del-diario\/","title":{"rendered":"Caricaturista del Washington Post dimite por dibujo de millonarios postrados ante Trump entre ellos due\u00f1o del diario"},"content":{"rendered":"<p>La caricaturista Ann Telnaes anunci\u00f3 su renuncia al The Washington Post debido al rechazo de la direcci\u00f3n de un dibujo en el que criticaba al propietario del diario, el magnate Jeff Bezos, por intentar \u00abganarse favores\u00bb del presidente electo de Estados Unidos, Donald Trump.<\/p>\n<p>&nbsp;<\/p>\n<p>La controversia surge poco despu\u00e9s de que Bezos decidiera no publicar un respaldo ya escrito para la oponente de Trump, la candidata dem\u00f3crata y vicepresidenta Kamala Harris, decisi\u00f3n que gener\u00f3 cr\u00edticas dentro del equipo editorial y entre los lectores.<\/p>\n<p>&nbsp;<\/p>\n<p>Telnaes, caricaturista del Washington Post desde 2008 y ganadora del premio Pulitzer de vi\u00f1etas de prensa, se\u00f1al\u00f3 en una publicaci\u00f3n en su blog que \u00abnunca hasta ahora me rechazaron un dibujo\u00bb por el tema que hab\u00eda elegido.<\/p>\n<p>&nbsp;<\/p>\n<p>La artista aclar\u00f3 que, si bien hubo casos en los que se rechazaron bocetos o se solicitaron revisiones, nunca hab\u00eda sido por el punto de vista inherente al comentario de la caricatura.<\/p>\n<p>&nbsp;<\/p>\n<p>\u00abEl dibujo que fue suprimido critica a los jefes de la tecnolog\u00eda y los medios y a los multimillonarios que hacen todo lo posible para ganarse el favor del presidente electo\u00bb, explic\u00f3.<\/p>\n<p>En el dibujo, Bezos aparece junto al fundador de Facebook, Mark Zuckerberg (grupo Meta); al jefe de la empresa de inteligencia artificial OpenAI, Sam Altman; y al propietario del diario Los Angeles Times, Patrick Soon-Shiong.<\/p>\n<p>&nbsp;<\/p>\n<p>Se ve tambi\u00e9n a un Mickey Mouse postrado representando al grupo Disney, propietario de la cadena ABC News. Este canal hab\u00eda acordado pagar 15 millones de d\u00f3lares para poner fin a un proceso por difamaci\u00f3n iniciado por Trump.<\/p>\n<p>&nbsp;<\/p>\n<p>Seg\u00fan la dibujante, la decisi\u00f3n del diario \u00abcambia las reglas del juego&#8230; y es peligrosa para la prensa libre\u00bb.<\/p>\n<p>Por su lado, el peri\u00f3dico destac\u00f3 que el trabajo de Telnaes no fue rechazado debido a alguna \u00abfuerza maligna\u00bb.<\/p>\n<p>&nbsp;<\/p>\n<p>\u00abAcab\u00e1bamos de publicar una columna sobre el mismo tema que la caricatura y ya hab\u00edamos programado otra columna, esta vez una s\u00e1tira\u00bb, dijo el editor de la p\u00e1gina editorial, David Shipley, en un comunicado. \u00abEl \u00fanico prejuicio era contra la repetici\u00f3n\u00bb, remarc\u00f3.<\/p>\n<p>&nbsp;<\/p>\n<p>Ya antes de iniciar su segundo mandato, el 20 de enero, Trump adelant\u00f3 su intenci\u00f3n de lanzar una avalancha de denuncias contra diversos medios de comunicaci\u00f3n que seg\u00fan \u00e9l difund\u00edan noticias falsas en su contra y a los que consider\u00f3 \u00abenemigos del pueblo\u00bb.<\/p>\n<p><strong>Fecha de publicaci\u00f3n<\/strong><strong> s\u00e1bado \u00a04 de enero de 2025 \/<\/strong><\/p>\n","protected":false},"excerpt":{"rendered":"<p>La caricaturista Ann Telnaes anunci\u00f3 su renuncia al The Washington Post debido al rechazo de&#8230;<\/p>\n","protected":false},"author":1,"featured_media":207128,"comment_status":"open","ping_status":"open","sticky":false,"template":"","format":"standard","meta":{"_monsterinsights_skip_tracking":false,"_monsterinsights_sitenote_active":false,"_monsterinsights_sitenote_note":"","_monsterinsights_sitenote_category":0,"footnotes":""},"categories":[3],"tags":[10697],"class_list":["post"],"yoast_head":" \n<title>Sonora en Equipo. Caricaturista del Washington Post dimite por dibujo de millonarios postrados ante Trump entre ellos due\u00f1o del diario MUNDO<\/title>\n<meta name=\"description\" content=\"La caricaturista Ann Telnaes anunci\u00f3 su renuncia al The Washington Post debido al rechazo de la direcci\u00f3n de un dibujo en el que criticaba al propietario En Sonora en Equipo publicamos toda la informaci\u00f3n de Sonora, M\u00e9xico y el Mundo de manera oportuna y busca que la libertad de expresi\u00f3n sea real. Visita nuestro medio informativo publicado desde Hermosillo, Sonora. %\" \/>\n<meta name=\"robots\" content=\"index, follow, max-snippet:-1, max-image-preview:large, max-video-preview:-1\" \/>\n<link rel=\"canonical\" href=\"https:\/\/www.sonoraenequipo.com.mx\/caricaturista-del-washington-post-dimite-por-dibujo-de-millonarios-postrados-ante-trump-entre-ellos-dueno-del-diario\/\" \/>\n<meta property=\"og:locale\" content=\"es_ES\" \/>\n<meta property=\"og:type\" content=\"article\" \/>\n<meta property=\"og:title\" content=\"Sonora en Equipo. Caricaturista del Washington Post dimite por dibujo de millonarios postrados ante Trump entre ellos due\u00f1o del diario MUNDO\" \/>\n<meta property=\"og:description\" content=\"La caricaturista Ann Telnaes anunci\u00f3 su renuncia al The Washington Post debido al rechazo de la direcci\u00f3n de un dibujo en el que criticaba al propietario En Sonora en Equipo publicamos toda la informaci\u00f3n de Sonora, M\u00e9xico y el Mundo de manera oportuna y busca que la libertad de expresi\u00f3n sea real. Visita nuestro medio informativo publicado desde Hermosillo, Sonora. %\" \/>\n<meta property=\"og:url\" content=\"https:\/\/www.sonoraenequipo.com.mx\/caricaturista-del-washington-post-dimite-por-dibujo-de-millonarios-postrados-ante-trump-entre-ellos-dueno-del-diario\/\" \/>\n<meta property=\"og:site_name\" content=\"Sonora en Equipo.\" \/>\n<meta property=\"article:publisher\" content=\"https:\/\/www.facebook.com\/SonoraEE\/\" \/>\n<meta property=\"article:author\" content=\"https:\/\/www.facebook.com\/SonoraEE\" \/>\n<meta property=\"article:published_time\" content=\"2025-01-04T23:24:45+00:00\" \/>\n<meta property=\"og:image\" content=\"https:\/\/www.sonoraenequipo.com.mx\/storage\/2025\/01\/telnaes.jpg\" \/>\n\t<meta property=\"og:image:width\" content=\"600\" \/>\n\t<meta property=\"og:image:height\" content=\"400\" \/>\n\t<meta property=\"og:image:type\" content=\"image\/jpeg\" \/>\n<meta name=\"author\" content=\"enequipo\" \/>\n<meta name=\"twitter:card\" content=\"summary_large_image\" \/>\n<meta name=\"twitter:creator\" content=\"@sonoraenequipo\" \/>\n<meta name=\"twitter:site\" content=\"@sonoraenequipo\" \/>\n<meta name=\"twitter:label1\" content=\"Escrito por\" \/>\n\t<meta name=\"twitter:data1\" content=\"enequipo\" \/>\n\t<meta name=\"twitter:label2\" content=\"Tiempo de lectura\" \/>\n\t<meta name=\"twitter:data2\" content=\"2 minutos\" \/>\n<script type=\"application\/ld+json\" class=\"yoast-schema-graph\">{\"@context\":\"https:\/\/schema.org\",\"@graph\":[{\"@type\":\"Article\",\"@id\":\"https:\/\/www.sonoraenequipo.com.mx\/caricaturista-del-washington-post-dimite-por-dibujo-de-millonarios-postrados-ante-trump-entre-ellos-dueno-del-diario\/#article\",\"isPartOf\":{\"@id\":\"https:\/\/www.sonoraenequipo.com.mx\/caricaturista-del-washington-post-dimite-por-dibujo-de-millonarios-postrados-ante-trump-entre-ellos-dueno-del-diario\/\"},\"author\":{\"name\":\"enequipo\",\"@id\":\"https:\/\/www.sonoraenequipo.com.mx\/#\/schema\/person\/50102df0fb23a8fa9e8effad8fa81386\"},\"headline\":\"Caricaturista del Washington Post dimite por dibujo de millonarios postrados ante Trump entre ellos due\u00f1o del diario\",\"datePublished\":\"2025-01-04T23:24:45+00:00\",\"mainEntityOfPage\":{\"@id\":\"https:\/\/www.sonoraenequipo.com.mx\/caricaturista-del-washington-post-dimite-por-dibujo-de-millonarios-postrados-ante-trump-entre-ellos-dueno-del-diario\/\"},\"wordCount\":439,\"commentCount\":0,\"publisher\":{\"@id\":\"https:\/\/www.sonoraenequipo.com.mx\/#organization\"},\"image\":{\"@id\":\"https:\/\/www.sonoraenequipo.com.mx\/caricaturista-del-washington-post-dimite-por-dibujo-de-millonarios-postrados-ante-trump-entre-ellos-dueno-del-diario\/#primaryimage\"},\"thumbnailUrl\":\"https:\/\/www.sonoraenequipo.com.mx\/storage\/2025\/01\/telnaes.jpg\",\"keywords\":[\"caricaturista Ann Telnaes\"],\"articleSection\":[\"MUNDO\"],\"inLanguage\":\"es\",\"potentialAction\":[{\"@type\":\"CommentAction\",\"name\":\"Comment\",\"target\":[\"https:\/\/www.sonoraenequipo.com.mx\/caricaturista-del-washington-post-dimite-por-dibujo-de-millonarios-postrados-ante-trump-entre-ellos-dueno-del-diario\/#respond\"]}]},{\"@type\":\"WebPage\",\"@id\":\"https:\/\/www.sonoraenequipo.com.mx\/caricaturista-del-washington-post-dimite-por-dibujo-de-millonarios-postrados-ante-trump-entre-ellos-dueno-del-diario\/\",\"url\":\"https:\/\/www.sonoraenequipo.com.mx\/caricaturista-del-washington-post-dimite-por-dibujo-de-millonarios-postrados-ante-trump-entre-ellos-dueno-del-diario\/\",\"name\":\"Sonora en Equipo. Caricaturista del Washington Post dimite por dibujo de millonarios postrados ante Trump entre ellos due\u00f1o del diario MUNDO\",\"isPartOf\":{\"@id\":\"https:\/\/www.sonoraenequipo.com.mx\/#website\"},\"primaryImageOfPage\":{\"@id\":\"https:\/\/www.sonoraenequipo.com.mx\/caricaturista-del-washington-post-dimite-por-dibujo-de-millonarios-postrados-ante-trump-entre-ellos-dueno-del-diario\/#primaryimage\"},\"image\":{\"@id\":\"https:\/\/www.sonoraenequipo.com.mx\/caricaturista-del-washington-post-dimite-por-dibujo-de-millonarios-postrados-ante-trump-entre-ellos-dueno-del-diario\/#primaryimage\"},\"thumbnailUrl\":\"https:\/\/www.sonoraenequipo.com.mx\/storage\/2025\/01\/telnaes.jpg\",\"datePublished\":\"2025-01-04T23:24:45+00:00\",\"description\":\"La caricaturista Ann Telnaes anunci\u00f3 su renuncia al The Washington Post debido al rechazo de la direcci\u00f3n de un dibujo en el que criticaba al propietario En Sonora en Equipo publicamos toda la informaci\u00f3n de Sonora, M\u00e9xico y el Mundo de manera oportuna y busca que la libertad de expresi\u00f3n sea real. Visita nuestro medio informativo publicado desde Hermosillo, Sonora. %\",\"breadcrumb\":{\"@id\":\"https:\/\/www.sonoraenequipo.com.mx\/caricaturista-del-washington-post-dimite-por-dibujo-de-millonarios-postrados-ante-trump-entre-ellos-dueno-del-diario\/#breadcrumb\"},\"inLanguage\":\"es\",\"potentialAction\":[{\"@type\":\"ReadAction\",\"target\":[\"https:\/\/www.sonoraenequipo.com.mx\/caricaturista-del-washington-post-dimite-por-dibujo-de-millonarios-postrados-ante-trump-entre-ellos-dueno-del-diario\/\"]}]},{\"@type\":\"ImageObject\",\"inLanguage\":\"es\",\"@id\":\"https:\/\/www.sonoraenequipo.com.mx\/caricaturista-del-washington-post-dimite-por-dibujo-de-millonarios-postrados-ante-trump-entre-ellos-dueno-del-diario\/#primaryimage\",\"url\":\"https:\/\/www.sonoraenequipo.com.mx\/storage\/2025\/01\/telnaes.jpg\",\"contentUrl\":\"https:\/\/www.sonoraenequipo.com.mx\/storage\/2025\/01\/telnaes.jpg\",\"width\":600,\"height\":400},{\"@type\":\"BreadcrumbList\",\"@id\":\"https:\/\/www.sonoraenequipo.com.mx\/caricaturista-del-washington-post-dimite-por-dibujo-de-millonarios-postrados-ante-trump-entre-ellos-dueno-del-diario\/#breadcrumb\",\"itemListElement\":[{\"@type\":\"ListItem\",\"position\":1,\"name\":\"Portada\",\"item\":\"https:\/\/www.sonoraenequipo.com.mx\/\"},{\"@type\":\"ListItem\",\"position\":2,\"name\":\"Caricaturista del Washington Post dimite por dibujo de millonarios postrados ante Trump entre ellos due\u00f1o del diario\"}]},{\"@type\":\"WebSite\",\"@id\":\"https:\/\/www.sonoraenequipo.com.mx\/#website\",\"url\":\"https:\/\/www.sonoraenequipo.com.mx\/\",\"name\":\"Sonora en Equipo.\",\"description\":\"Diario en l\u00ednea con Noticias desde Hermosillo, Sonora\",\"publisher\":{\"@id\":\"https:\/\/www.sonoraenequipo.com.mx\/#organization\"},\"potentialAction\":[{\"@type\":\"SearchAction\",\"target\":{\"@type\":\"EntryPoint\",\"urlTemplate\":\"https:\/\/www.sonoraenequipo.com.mx\/?s={search_term_string}\"},\"query-input\":{\"@type\":\"PropertyValueSpecification\",\"valueRequired\":true,\"valueName\":\"search_term_string\"}}],\"inLanguage\":\"es\"},{\"@type\":\"Organization\",\"@id\":\"https:\/\/www.sonoraenequipo.com.mx\/#organization\",\"name\":\"Sonoraenequipo.com.mx\",\"url\":\"https:\/\/www.sonoraenequipo.com.mx\/\",\"logo\":{\"@type\":\"ImageObject\",\"inLanguage\":\"es\",\"@id\":\"https:\/\/www.sonoraenequipo.com.mx\/#\/schema\/logo\/image\/\",\"url\":\"https:\/\/www.sonoraenequipo.com.mx\/storage\/2019\/01\/sonoraenequipo_opt.png\",\"contentUrl\":\"https:\/\/www.sonoraenequipo.com.mx\/storage\/2019\/01\/sonoraenequipo_opt.png\",\"width\":375,\"height\":125,\"caption\":\"Sonoraenequipo.com.mx\"},\"image\":{\"@id\":\"https:\/\/www.sonoraenequipo.com.mx\/#\/schema\/logo\/image\/\"},\"sameAs\":[\"https:\/\/www.facebook.com\/SonoraEE\/\",\"https:\/\/x.com\/sonoraenequipo\",\"https:\/\/www.youtube.com\/channel\/UC338nW-lPEYmJQs4ZABQ1SQ\"]},{\"@type\":\"Person\",\"@id\":\"https:\/\/www.sonoraenequipo.com.mx\/#\/schema\/person\/50102df0fb23a8fa9e8effad8fa81386\",\"name\":\"enequipo\",\"image\":{\"@type\":\"ImageObject\",\"inLanguage\":\"es\",\"@id\":\"https:\/\/www.sonoraenequipo.com.mx\/#\/schema\/person\/image\/\",\"url\":\"https:\/\/secure.gravatar.com\/avatar\/049821681b589dabc0bc20695993ccebb09f5b5d4d790cd9251b97faac7c652b?s=96&d=blank&r=g\",\"contentUrl\":\"https:\/\/secure.gravatar.com\/avatar\/049821681b589dabc0bc20695993ccebb09f5b5d4d790cd9251b97faac7c652b?s=96&d=blank&r=g\",\"caption\":\"enequipo\"},\"sameAs\":[\"https:\/\/www.facebook.com\/SonoraEE\"]}]}<\/script>\n ","yoast_head_json":{"title":"Sonora en Equipo. Caricaturista del Washington Post dimite por dibujo de millonarios postrados ante Trump entre ellos due\u00f1o del diario MUNDO","description":"La caricaturista Ann Telnaes anunci\u00f3 su renuncia al The Washington Post debido al rechazo de la direcci\u00f3n de un dibujo en el que criticaba al propietario En Sonora en Equipo publicamos toda la informaci\u00f3n de Sonora, M\u00e9xico y el Mundo de manera oportuna y busca que la libertad de expresi\u00f3n sea real. Visita nuestro medio informativo publicado desde Hermosillo, Sonora. %","robots":{"index":"index","follow":"follow","max-snippet":"max-snippet:-1","max-image-preview":"max-image-preview:large","max-video-preview":"max-video-preview:-1"},"canonical":"https:\/\/www.sonoraenequipo.com.mx\/caricaturista-del-washington-post-dimite-por-dibujo-de-millonarios-postrados-ante-trump-entre-ellos-dueno-del-diario\/","og_locale":"es_ES","og_type":"article","og_title":"Sonora en Equipo. Caricaturista del Washington Post dimite por dibujo de millonarios postrados ante Trump entre ellos due\u00f1o del diario MUNDO","og_description":"La caricaturista Ann Telnaes anunci\u00f3 su renuncia al The Washington Post debido al rechazo de la direcci\u00f3n de un dibujo en el que criticaba al propietario En Sonora en Equipo publicamos toda la informaci\u00f3n de Sonora, M\u00e9xico y el Mundo de manera oportuna y busca que la libertad de expresi\u00f3n sea real. Visita nuestro medio informativo publicado desde Hermosillo, Sonora. %","og_url":"https:\/\/www.sonoraenequipo.com.mx\/caricaturista-del-washington-post-dimite-por-dibujo-de-millonarios-postrados-ante-trump-entre-ellos-dueno-del-diario\/","og_site_name":"Sonora en Equipo.","article_publisher":"https:\/\/www.facebook.com\/SonoraEE\/","article_author":"https:\/\/www.facebook.com\/SonoraEE","article_published_time":"2025-01-04T23:24:45+00:00","og_image":[{"width":600,"height":400,"url":"https:\/\/www.sonoraenequipo.com.mx\/storage\/2025\/01\/telnaes.jpg","type":"image\/jpeg"}],"author":"enequipo","twitter_card":"summary_large_image","twitter_creator":"@sonoraenequipo","twitter_site":"@sonoraenequipo","twitter_misc":{"Escrito por":"enequipo","Tiempo de lectura":"2 minutos"},"schema":{"@context":"https:\/\/schema.org","@graph":[{"@type":"Article","@id":"https:\/\/www.sonoraenequipo.com.mx\/caricaturista-del-washington-post-dimite-por-dibujo-de-millonarios-postrados-ante-trump-entre-ellos-dueno-del-diario\/#article","isPartOf":{"@id":"https:\/\/www.sonoraenequipo.com.mx\/caricaturista-del-washington-post-dimite-por-dibujo-de-millonarios-postrados-ante-trump-entre-ellos-dueno-del-diario\/"},"author":{"name":"enequipo","@id":"https:\/\/www.sonoraenequipo.com.mx\/#\/schema\/person\/50102df0fb23a8fa9e8effad8fa81386"},"headline":"Caricaturista del Washington Post dimite por dibujo de millonarios postrados ante Trump entre ellos due\u00f1o del diario","datePublished":"2025-01-04T23:24:45+00:00","mainEntityOfPage":{"@id":"https:\/\/www.sonoraenequipo.com.mx\/caricaturista-del-washington-post-dimite-por-dibujo-de-millonarios-postrados-ante-trump-entre-ellos-dueno-del-diario\/"},"wordCount":439,"commentCount":0,"publisher":{"@id":"https:\/\/www.sonoraenequipo.com.mx\/#organization"},"image":{"@id":"https:\/\/www.sonoraenequipo.com.mx\/caricaturista-del-washington-post-dimite-por-dibujo-de-millonarios-postrados-ante-trump-entre-ellos-dueno-del-diario\/#primaryimage"},"thumbnailUrl":"https:\/\/www.sonoraenequipo.com.mx\/storage\/2025\/01\/telnaes.jpg","keywords":["caricaturista Ann Telnaes"],"articleSection":["MUNDO"],"inLanguage":"es","potentialAction":[{"@type":"CommentAction","name":"Comment","target":["https:\/\/www.sonoraenequipo.com.mx\/caricaturista-del-washington-post-dimite-por-dibujo-de-millonarios-postrados-ante-trump-entre-ellos-dueno-del-diario\/#respond"]}]},{"@type":"WebPage","@id":"https:\/\/www.sonoraenequipo.com.mx\/caricaturista-del-washington-post-dimite-por-dibujo-de-millonarios-postrados-ante-trump-entre-ellos-dueno-del-diario\/","url":"https:\/\/www.sonoraenequipo.com.mx\/caricaturista-del-washington-post-dimite-por-dibujo-de-millonarios-postrados-ante-trump-entre-ellos-dueno-del-diario\/","name":"Sonora en Equipo. Caricaturista del Washington Post dimite por dibujo de millonarios postrados ante Trump entre ellos due\u00f1o del diario MUNDO","isPartOf":{"@id":"https:\/\/www.sonoraenequipo.com.mx\/#website"},"primaryImageOfPage":{"@id":"https:\/\/www.sonoraenequipo.com.mx\/caricaturista-del-washington-post-dimite-por-dibujo-de-millonarios-postrados-ante-trump-entre-ellos-dueno-del-diario\/#primaryimage"},"image":{"@id":"https:\/\/www.sonoraenequipo.com.mx\/caricaturista-del-washington-post-dimite-por-dibujo-de-millonarios-postrados-ante-trump-entre-ellos-dueno-del-diario\/#primaryimage"},"thumbnailUrl":"https:\/\/www.sonoraenequipo.com.mx\/storage\/2025\/01\/telnaes.jpg","datePublished":"2025-01-04T23:24:45+00:00","description":"La caricaturista Ann Telnaes anunci\u00f3 su renuncia al The Washington Post debido al rechazo de la direcci\u00f3n de un dibujo en el que criticaba al propietario En Sonora en Equipo publicamos toda la informaci\u00f3n de Sonora, M\u00e9xico y el Mundo de manera oportuna y busca que la libertad de expresi\u00f3n sea real. Visita nuestro medio informativo publicado desde Hermosillo, Sonora. %","breadcrumb":{"@id":"https:\/\/www.sonoraenequipo.com.mx\/caricaturista-del-washington-post-dimite-por-dibujo-de-millonarios-postrados-ante-trump-entre-ellos-dueno-del-diario\/#breadcrumb"},"inLanguage":"es","potentialAction":[{"@type":"ReadAction","target":["https:\/\/www.sonoraenequipo.com.mx\/caricaturista-del-washington-post-dimite-por-dibujo-de-millonarios-postrados-ante-trump-entre-ellos-dueno-del-diario\/"]}]},{"@type":"ImageObject","inLanguage":"es","@id":"https:\/\/www.sonoraenequipo.com.mx\/caricaturista-del-washington-post-dimite-por-dibujo-de-millonarios-postrados-ante-trump-entre-ellos-dueno-del-diario\/#primaryimage","url":"https:\/\/www.sonoraenequipo.com.mx\/storage\/2025\/01\/telnaes.jpg","contentUrl":"https:\/\/www.sonoraenequipo.com.mx\/storage\/2025\/01\/telnaes.jpg","width":600,"height":400},{"@type":"BreadcrumbList","@id":"https:\/\/www.sonoraenequipo.com.mx\/caricaturista-del-washington-post-dimite-por-dibujo-de-millonarios-postrados-ante-trump-entre-ellos-dueno-del-diario\/#breadcrumb","itemListElement":[{"@type":"ListItem","position":1,"name":"Portada","item":"https:\/\/www.sonoraenequipo.com.mx\/"},{"@type":"ListItem","position":2,"name":"Caricaturista del Washington Post dimite por dibujo de millonarios postrados ante Trump entre ellos due\u00f1o del diario"}]},{"@type":"WebSite","@id":"https:\/\/www.sonoraenequipo.com.mx\/#website","url":"https:\/\/www.sonoraenequipo.com.mx\/","name":"Sonora en Equipo.","description":"Diario en l\u00ednea con Noticias desde Hermosillo, Sonora","publisher":{"@id":"https:\/\/www.sonoraenequipo.com.mx\/#organization"},"potentialAction":[{"@type":"SearchAction","target":{"@type":"EntryPoint","urlTemplate":"https:\/\/www.sonoraenequipo.com.mx\/?s={search_term_string}"},"query-input":{"@type":"PropertyValueSpecification","valueRequired":true,"valueName":"search_term_string"}}],"inLanguage":"es"},{"@type":"Organization","@id":"https:\/\/www.sonoraenequipo.com.mx\/#organization","name":"Sonoraenequipo.com.mx","url":"https:\/\/www.sonoraenequipo.com.mx\/","logo":{"@type":"ImageObject","inLanguage":"es","@id":"https:\/\/www.sonoraenequipo.com.mx\/#\/schema\/logo\/image\/","url":"https:\/\/www.sonoraenequipo.com.mx\/storage\/2019\/01\/sonoraenequipo_opt.png","contentUrl":"https:\/\/www.sonoraenequipo.com.mx\/storage\/2019\/01\/sonoraenequipo_opt.png","width":375,"height":125,"caption":"Sonoraenequipo.com.mx"},"image":{"@id":"https:\/\/www.sonoraenequipo.com.mx\/#\/schema\/logo\/image\/"},"sameAs":["https:\/\/www.facebook.com\/SonoraEE\/","https:\/\/x.com\/sonoraenequipo","https:\/\/www.youtube.com\/channel\/UC338nW-lPEYmJQs4ZABQ1SQ"]},{"@type":"Person","@id":"https:\/\/www.sonoraenequipo.com.mx\/#\/schema\/person\/50102df0fb23a8fa9e8effad8fa81386","name":"enequipo","image":{"@type":"ImageObject","inLanguage":"es","@id":"https:\/\/www.sonoraenequipo.com.mx\/#\/schema\/person\/image\/","url":"https:\/\/secure.gravatar.com\/avatar\/049821681b589dabc0bc20695993ccebb09f5b5d4d790cd9251b97faac7c652b?s=96&d=blank&r=g","contentUrl":"https:\/\/secure.gravatar.com\/avatar\/049821681b589dabc0bc20695993ccebb09f5b5d4d790cd9251b97faac7c652b?s=96&d=blank&r=g","caption":"enequipo"},"sameAs":["https:\/\/www.facebook.com\/SonoraEE"]}]}},"jetpack_featured_media_url":"https:\/\/www.sonoraenequipo.com.mx\/storage\/2025\/01\/telnaes.jpg","_links":{"self":[{"href":"https:\/\/www.sonoraenequipo.com.mx\/api\/wp\/v2\/posts\/207127","targetHints":{"allow":["GET"]}}],"collection":[{"href":"https:\/\/www.sonoraenequipo.com.mx\/api\/wp\/v2\/posts"}],"about":[{"href":"https:\/\/www.sonoraenequipo.com.mx\/api\/wp\/v2\/types\/post"}],"author":[{"embeddable":true,"href":"https:\/\/www.sonoraenequipo.com.mx\/api\/wp\/v2\/users\/1"}],"replies":[{"embeddable":true,"href":"https:\/\/www.sonoraenequipo.com.mx\/api\/wp\/v2\/comments?post=207127"}],"version-history":[{"count":1,"href":"https:\/\/www.sonoraenequipo.com.mx\/api\/wp\/v2\/posts\/207127\/revisions"}],"predecessor-version":[{"id":207129,"href":"https:\/\/www.sonoraenequipo.com.mx\/api\/wp\/v2\/posts\/207127\/revisions\/207129"}],"wp:featuredmedia":[{"embeddable":true,"href":"https:\/\/www.sonoraenequipo.com.mx\/api\/wp\/v2\/media\/207128"}],"wp:attachment":[{"href":"https:\/\/www.sonoraenequipo.com.mx\/api\/wp\/v2\/media?parent=207127"}],"wp:term":[{"taxonomy":"category","embeddable":true,"href":"https:\/\/www.sonoraenequipo.com.mx\/api\/wp\/v2\/categories?post=207127"},{"taxonomy":"post_tag","embeddable":true,"href":"https:\/\/www.sonoraenequipo.com.mx\/api\/wp\/v2\/tags?post=207127"}],"curies":[{"name":"wp","href":"https:\/\/api.w.org\/{rel}","templated":true}]}}