{"id":207141,"date":"2025-01-04T13:15:55","date_gmt":"2025-01-04T20:15:55","guid":{"rendered":"https:\/\/www.sonoraenequipo.com.mx\/?p=207141"},"modified":"2025-01-04T21:04:05","modified_gmt":"2025-01-05T04:04:05","slug":"puebla-armenta-da-banderazo-de-inicio-a-la-construccion-de-nueva-red-de-agua-potable-para-huauchinango","status":"publish","type":"post","link":"https:\/\/www.sonoraenequipo.com.mx\/puebla-armenta-da-banderazo-de-inicio-a-la-construccion-de-nueva-red-de-agua-potable-para-huauchinango\/","title":{"rendered":"PUEBLA. Armenta da banderazo de inicio a la construcci\u00f3n de nueva red de agua potable para Huauchinango"},"content":{"rendered":"<p><strong>PUEBLA, PUEBLA. MX. \u2014<\/strong> Alejandro Armenta escuch\u00f3 con atenci\u00f3n;<em><strong> \u201cEsta obra es muy importante para los huauchinanguenses, se beneficiar\u00e1 a todo el municipio, sobre todo a quienes habitan en la parte alta. Mi agradecimiento para el gobernador del Estado. Estamos en la Sierra Norte y no es posible que no tuvi\u00e9ramos agua\u201d, <\/strong><\/em>expres\u00f3 Etelmira Dom\u00ednguez y asent\u00f3 que es una<em><strong> \u00abexcelente obra\u00bb&nbsp;<\/strong><\/em><\/p>\n<p>&nbsp;<\/p>\n<p>&nbsp;<\/p>\n<p> <\/p>\n<p>Durante su gira de trabajo por esa regi\u00f3n, el mandatario estatal refrend\u00f3 que para los gobiernos humanistas y con bio\u00e9tica social de la Cuarta Transformaci\u00f3n, es fundamental garantizar los derechos m\u00e1s elementales de los seres humanos, uno de ellos es proveer el acceso al agua para cubrir las necesidades b\u00e1sicas como \u201cl<strong><em>a salud y el alimento de las familias poblanas, el campo y la industria\u201d.<\/em><\/strong><\/p>\n<p>&nbsp;<\/p>\n<p>&nbsp;<\/p>\n<p>Adem\u00e1s, asegur\u00f3 que su gobierno respeta al medio ambiente ya que entiende que lo m\u00e1s importante es la salud y el cuidado del ser humano.<\/p>\n<p>&nbsp;<\/p>\n<p>&nbsp;<\/p>\n<p>El presidente municipal de Huauchinango, Rogelio L\u00f3pez Angulo consider\u00f3 que es la obra m\u00e1s importante para la ciudad, pues con ella resolver\u00e1n los problemas de agua durante la temporada de estiaje ya que alimentar\u00e1 a toda la comunidad. <strong><em>\u201cEres un gobernador que est\u00e1 comprometido con el humanismo y con la necesidad de los poblanos y estamos con la disposici\u00f3n de trabajar para resolver las necesidades que tenemos\u201d.<\/em><\/strong><\/p>\n<p>&nbsp;<\/p>\n<p>&nbsp;<\/p>\n<p>En su mensaje, el director general de la Comisi\u00f3n Estatal de Agua y Saneamiento (CEASPUE), Lauro S\u00e1nchez L\u00f3pez, refiri\u00f3 que la obra de construcci\u00f3n de l\u00ednea de conducci\u00f3n de agua potable beneficiar\u00e1 a la poblaci\u00f3n de Huauchinango al dotar del vital l\u00edquido hasta sus hogares, gracias a los 3.47 kil\u00f3metros de longitud de tuber\u00eda y la construcci\u00f3n de tanques.<\/p>\n<p>&nbsp;<\/p>\n<p>&nbsp;<\/p>\n<p>&nbsp;<\/p>\n<p>En ese sentido refiri\u00f3 que la obra tendr\u00e1 una inversi\u00f3n de 12.1 millones de pesos, con recursos estatales y municipales dentro del Fondo de Aportaciones para el Fortalecimiento de las Entidades Federativas, a fin de impulsar la mejora en calidad de vida de las familias de Huauchinango.<\/p>\n<p>&nbsp;<\/p>\n<p>&nbsp;<\/p>\n<p>&nbsp;<\/p>\n<p>&nbsp;<\/p>\n<p>PUBLICADO EL 04 DE ENERO DE 2025 Con informaci\u00f3n de GOBPUEBLA.)<\/p>\n","protected":false},"excerpt":{"rendered":"<p>PUEBLA, PUEBLA. MX. \u2014 Alejandro Armenta escuch\u00f3 con atenci\u00f3n; \u201cEsta obra es muy importante para&#8230;<\/p>\n","protected":false},"author":1,"featured_media":207142,"comment_status":"open","ping_status":"open","sticky":false,"template":"","format":"standard","meta":{"_monsterinsights_skip_tracking":false,"_monsterinsights_sitenote_active":false,"_monsterinsights_sitenote_note":"","_monsterinsights_sitenote_category":0,"footnotes":""},"categories":[5],"tags":[],"class_list":["post"],"yoast_head":" \n<title>Sonora en Equipo. PUEBLA. Armenta da banderazo de inicio a la construcci\u00f3n de nueva red de agua potable para Huauchinango Rep\u00fablica<\/title>\n<meta name=\"description\" content=\"PUEBLA, PUEBLA. MX. \u2014 Alejandro Armenta escuch\u00f3 con atenci\u00f3n; \u201cEsta obra es muy importante para los huauchinanguenses, se beneficiar\u00e1 a todo el municipio, En Sonora en Equipo publicamos toda la informaci\u00f3n de Sonora, M\u00e9xico y el Mundo de manera oportuna y busca que la libertad de expresi\u00f3n sea real. Visita nuestro medio informativo publicado desde Hermosillo, Sonora. %\" \/>\n<meta name=\"robots\" content=\"index, follow, max-snippet:-1, max-image-preview:large, max-video-preview:-1\" \/>\n<link rel=\"canonical\" href=\"https:\/\/www.sonoraenequipo.com.mx\/puebla-armenta-da-banderazo-de-inicio-a-la-construccion-de-nueva-red-de-agua-potable-para-huauchinango\/\" \/>\n<meta property=\"og:locale\" content=\"es_ES\" \/>\n<meta property=\"og:type\" content=\"article\" \/>\n<meta property=\"og:title\" content=\"Sonora en Equipo. PUEBLA. Armenta da banderazo de inicio a la construcci\u00f3n de nueva red de agua potable para Huauchinango Rep\u00fablica\" \/>\n<meta property=\"og:description\" content=\"PUEBLA, PUEBLA. MX. \u2014 Alejandro Armenta escuch\u00f3 con atenci\u00f3n; \u201cEsta obra es muy importante para los huauchinanguenses, se beneficiar\u00e1 a todo el municipio, En Sonora en Equipo publicamos toda la informaci\u00f3n de Sonora, M\u00e9xico y el Mundo de manera oportuna y busca que la libertad de expresi\u00f3n sea real. Visita nuestro medio informativo publicado desde Hermosillo, Sonora. %\" \/>\n<meta property=\"og:url\" content=\"https:\/\/www.sonoraenequipo.com.mx\/puebla-armenta-da-banderazo-de-inicio-a-la-construccion-de-nueva-red-de-agua-potable-para-huauchinango\/\" \/>\n<meta property=\"og:site_name\" content=\"Sonora en Equipo.\" \/>\n<meta property=\"article:publisher\" content=\"https:\/\/www.facebook.com\/SonoraEE\/\" \/>\n<meta property=\"article:author\" content=\"https:\/\/www.facebook.com\/SonoraEE\" \/>\n<meta property=\"article:published_time\" content=\"2025-01-04T20:15:55+00:00\" \/>\n<meta property=\"article:modified_time\" content=\"2025-01-05T04:04:05+00:00\" \/>\n<meta property=\"og:image\" content=\"https:\/\/www.sonoraenequipo.com.mx\/storage\/2025\/01\/armenta-obra_huauchinango-min.jpg\" \/>\n\t<meta property=\"og:image:width\" content=\"1000\" \/>\n\t<meta property=\"og:image:height\" content=\"666\" \/>\n\t<meta property=\"og:image:type\" content=\"image\/jpeg\" \/>\n<meta name=\"author\" content=\"enequipo\" \/>\n<meta name=\"twitter:card\" content=\"summary_large_image\" \/>\n<meta name=\"twitter:creator\" content=\"@sonoraenequipo\" \/>\n<meta name=\"twitter:site\" content=\"@sonoraenequipo\" \/>\n<meta name=\"twitter:label1\" content=\"Escrito por\" \/>\n\t<meta name=\"twitter:data1\" content=\"enequipo\" \/>\n\t<meta name=\"twitter:label2\" content=\"Tiempo de lectura\" \/>\n\t<meta name=\"twitter:data2\" content=\"2 minutos\" \/>\n<script type=\"application\/ld+json\" class=\"yoast-schema-graph\">{\"@context\":\"https:\/\/schema.org\",\"@graph\":[{\"@type\":\"Article\",\"@id\":\"https:\/\/www.sonoraenequipo.com.mx\/puebla-armenta-da-banderazo-de-inicio-a-la-construccion-de-nueva-red-de-agua-potable-para-huauchinango\/#article\",\"isPartOf\":{\"@id\":\"https:\/\/www.sonoraenequipo.com.mx\/puebla-armenta-da-banderazo-de-inicio-a-la-construccion-de-nueva-red-de-agua-potable-para-huauchinango\/\"},\"author\":{\"name\":\"enequipo\",\"@id\":\"https:\/\/www.sonoraenequipo.com.mx\/#\/schema\/person\/50102df0fb23a8fa9e8effad8fa81386\"},\"headline\":\"PUEBLA. Armenta da banderazo de inicio a la construcci\u00f3n de nueva red de agua potable para Huauchinango\",\"datePublished\":\"2025-01-04T20:15:55+00:00\",\"dateModified\":\"2025-01-05T04:04:05+00:00\",\"mainEntityOfPage\":{\"@id\":\"https:\/\/www.sonoraenequipo.com.mx\/puebla-armenta-da-banderazo-de-inicio-a-la-construccion-de-nueva-red-de-agua-potable-para-huauchinango\/\"},\"wordCount\":393,\"commentCount\":0,\"publisher\":{\"@id\":\"https:\/\/www.sonoraenequipo.com.mx\/#organization\"},\"image\":{\"@id\":\"https:\/\/www.sonoraenequipo.com.mx\/puebla-armenta-da-banderazo-de-inicio-a-la-construccion-de-nueva-red-de-agua-potable-para-huauchinango\/#primaryimage\"},\"thumbnailUrl\":\"https:\/\/www.sonoraenequipo.com.mx\/storage\/2025\/01\/armenta-obra_huauchinango-min.jpg\",\"articleSection\":[\"Rep\u00fablica\"],\"inLanguage\":\"es\",\"potentialAction\":[{\"@type\":\"CommentAction\",\"name\":\"Comment\",\"target\":[\"https:\/\/www.sonoraenequipo.com.mx\/puebla-armenta-da-banderazo-de-inicio-a-la-construccion-de-nueva-red-de-agua-potable-para-huauchinango\/#respond\"]}]},{\"@type\":\"WebPage\",\"@id\":\"https:\/\/www.sonoraenequipo.com.mx\/puebla-armenta-da-banderazo-de-inicio-a-la-construccion-de-nueva-red-de-agua-potable-para-huauchinango\/\",\"url\":\"https:\/\/www.sonoraenequipo.com.mx\/puebla-armenta-da-banderazo-de-inicio-a-la-construccion-de-nueva-red-de-agua-potable-para-huauchinango\/\",\"name\":\"Sonora en Equipo. PUEBLA. Armenta da banderazo de inicio a la construcci\u00f3n de nueva red de agua potable para Huauchinango Rep\u00fablica\",\"isPartOf\":{\"@id\":\"https:\/\/www.sonoraenequipo.com.mx\/#website\"},\"primaryImageOfPage\":{\"@id\":\"https:\/\/www.sonoraenequipo.com.mx\/puebla-armenta-da-banderazo-de-inicio-a-la-construccion-de-nueva-red-de-agua-potable-para-huauchinango\/#primaryimage\"},\"image\":{\"@id\":\"https:\/\/www.sonoraenequipo.com.mx\/puebla-armenta-da-banderazo-de-inicio-a-la-construccion-de-nueva-red-de-agua-potable-para-huauchinango\/#primaryimage\"},\"thumbnailUrl\":\"https:\/\/www.sonoraenequipo.com.mx\/storage\/2025\/01\/armenta-obra_huauchinango-min.jpg\",\"datePublished\":\"2025-01-04T20:15:55+00:00\",\"dateModified\":\"2025-01-05T04:04:05+00:00\",\"description\":\"PUEBLA, PUEBLA. MX. \u2014 Alejandro Armenta escuch\u00f3 con atenci\u00f3n; \u201cEsta obra es muy importante para los huauchinanguenses, se beneficiar\u00e1 a todo el municipio, En Sonora en Equipo publicamos toda la informaci\u00f3n de Sonora, M\u00e9xico y el Mundo de manera oportuna y busca que la libertad de expresi\u00f3n sea real. Visita nuestro medio informativo publicado desde Hermosillo, Sonora. %\",\"breadcrumb\":{\"@id\":\"https:\/\/www.sonoraenequipo.com.mx\/puebla-armenta-da-banderazo-de-inicio-a-la-construccion-de-nueva-red-de-agua-potable-para-huauchinango\/#breadcrumb\"},\"inLanguage\":\"es\",\"potentialAction\":[{\"@type\":\"ReadAction\",\"target\":[\"https:\/\/www.sonoraenequipo.com.mx\/puebla-armenta-da-banderazo-de-inicio-a-la-construccion-de-nueva-red-de-agua-potable-para-huauchinango\/\"]}]},{\"@type\":\"ImageObject\",\"inLanguage\":\"es\",\"@id\":\"https:\/\/www.sonoraenequipo.com.mx\/puebla-armenta-da-banderazo-de-inicio-a-la-construccion-de-nueva-red-de-agua-potable-para-huauchinango\/#primaryimage\",\"url\":\"https:\/\/www.sonoraenequipo.com.mx\/storage\/2025\/01\/armenta-obra_huauchinango-min.jpg\",\"contentUrl\":\"https:\/\/www.sonoraenequipo.com.mx\/storage\/2025\/01\/armenta-obra_huauchinango-min.jpg\",\"width\":1000,\"height\":666},{\"@type\":\"BreadcrumbList\",\"@id\":\"https:\/\/www.sonoraenequipo.com.mx\/puebla-armenta-da-banderazo-de-inicio-a-la-construccion-de-nueva-red-de-agua-potable-para-huauchinango\/#breadcrumb\",\"itemListElement\":[{\"@type\":\"ListItem\",\"position\":1,\"name\":\"Portada\",\"item\":\"https:\/\/www.sonoraenequipo.com.mx\/\"},{\"@type\":\"ListItem\",\"position\":2,\"name\":\"PUEBLA. Armenta da banderazo de inicio a la construcci\u00f3n de nueva red de agua potable para Huauchinango\"}]},{\"@type\":\"WebSite\",\"@id\":\"https:\/\/www.sonoraenequipo.com.mx\/#website\",\"url\":\"https:\/\/www.sonoraenequipo.com.mx\/\",\"name\":\"Sonora en Equipo.\",\"description\":\"Diario en l\u00ednea con Noticias desde Hermosillo, Sonora\",\"publisher\":{\"@id\":\"https:\/\/www.sonoraenequipo.com.mx\/#organization\"},\"potentialAction\":[{\"@type\":\"SearchAction\",\"target\":{\"@type\":\"EntryPoint\",\"urlTemplate\":\"https:\/\/www.sonoraenequipo.com.mx\/?s={search_term_string}\"},\"query-input\":{\"@type\":\"PropertyValueSpecification\",\"valueRequired\":true,\"valueName\":\"search_term_string\"}}],\"inLanguage\":\"es\"},{\"@type\":\"Organization\",\"@id\":\"https:\/\/www.sonoraenequipo.com.mx\/#organization\",\"name\":\"Sonoraenequipo.com.mx\",\"url\":\"https:\/\/www.sonoraenequipo.com.mx\/\",\"logo\":{\"@type\":\"ImageObject\",\"inLanguage\":\"es\",\"@id\":\"https:\/\/www.sonoraenequipo.com.mx\/#\/schema\/logo\/image\/\",\"url\":\"https:\/\/www.sonoraenequipo.com.mx\/storage\/2019\/01\/sonoraenequipo_opt.png\",\"contentUrl\":\"https:\/\/www.sonoraenequipo.com.mx\/storage\/2019\/01\/sonoraenequipo_opt.png\",\"width\":375,\"height\":125,\"caption\":\"Sonoraenequipo.com.mx\"},\"image\":{\"@id\":\"https:\/\/www.sonoraenequipo.com.mx\/#\/schema\/logo\/image\/\"},\"sameAs\":[\"https:\/\/www.facebook.com\/SonoraEE\/\",\"https:\/\/x.com\/sonoraenequipo\",\"https:\/\/www.youtube.com\/channel\/UC338nW-lPEYmJQs4ZABQ1SQ\"]},{\"@type\":\"Person\",\"@id\":\"https:\/\/www.sonoraenequipo.com.mx\/#\/schema\/person\/50102df0fb23a8fa9e8effad8fa81386\",\"name\":\"enequipo\",\"image\":{\"@type\":\"ImageObject\",\"inLanguage\":\"es\",\"@id\":\"https:\/\/www.sonoraenequipo.com.mx\/#\/schema\/person\/image\/\",\"url\":\"https:\/\/secure.gravatar.com\/avatar\/049821681b589dabc0bc20695993ccebb09f5b5d4d790cd9251b97faac7c652b?s=96&d=blank&r=g\",\"contentUrl\":\"https:\/\/secure.gravatar.com\/avatar\/049821681b589dabc0bc20695993ccebb09f5b5d4d790cd9251b97faac7c652b?s=96&d=blank&r=g\",\"caption\":\"enequipo\"},\"sameAs\":[\"https:\/\/www.facebook.com\/SonoraEE\"]}]}<\/script>\n ","yoast_head_json":{"title":"Sonora en Equipo. PUEBLA. Armenta da banderazo de inicio a la construcci\u00f3n de nueva red de agua potable para Huauchinango Rep\u00fablica","description":"PUEBLA, PUEBLA. MX. \u2014 Alejandro Armenta escuch\u00f3 con atenci\u00f3n; \u201cEsta obra es muy importante para los huauchinanguenses, se beneficiar\u00e1 a todo el municipio, En Sonora en Equipo publicamos toda la informaci\u00f3n de Sonora, M\u00e9xico y el Mundo de manera oportuna y busca que la libertad de expresi\u00f3n sea real. Visita nuestro medio informativo publicado desde Hermosillo, Sonora. %","robots":{"index":"index","follow":"follow","max-snippet":"max-snippet:-1","max-image-preview":"max-image-preview:large","max-video-preview":"max-video-preview:-1"},"canonical":"https:\/\/www.sonoraenequipo.com.mx\/puebla-armenta-da-banderazo-de-inicio-a-la-construccion-de-nueva-red-de-agua-potable-para-huauchinango\/","og_locale":"es_ES","og_type":"article","og_title":"Sonora en Equipo. PUEBLA. Armenta da banderazo de inicio a la construcci\u00f3n de nueva red de agua potable para Huauchinango Rep\u00fablica","og_description":"PUEBLA, PUEBLA. MX. \u2014 Alejandro Armenta escuch\u00f3 con atenci\u00f3n; \u201cEsta obra es muy importante para los huauchinanguenses, se beneficiar\u00e1 a todo el municipio, En Sonora en Equipo publicamos toda la informaci\u00f3n de Sonora, M\u00e9xico y el Mundo de manera oportuna y busca que la libertad de expresi\u00f3n sea real. Visita nuestro medio informativo publicado desde Hermosillo, Sonora. %","og_url":"https:\/\/www.sonoraenequipo.com.mx\/puebla-armenta-da-banderazo-de-inicio-a-la-construccion-de-nueva-red-de-agua-potable-para-huauchinango\/","og_site_name":"Sonora en Equipo.","article_publisher":"https:\/\/www.facebook.com\/SonoraEE\/","article_author":"https:\/\/www.facebook.com\/SonoraEE","article_published_time":"2025-01-04T20:15:55+00:00","article_modified_time":"2025-01-05T04:04:05+00:00","og_image":[{"width":1000,"height":666,"url":"https:\/\/www.sonoraenequipo.com.mx\/storage\/2025\/01\/armenta-obra_huauchinango-min.jpg","type":"image\/jpeg"}],"author":"enequipo","twitter_card":"summary_large_image","twitter_creator":"@sonoraenequipo","twitter_site":"@sonoraenequipo","twitter_misc":{"Escrito por":"enequipo","Tiempo de lectura":"2 minutos"},"schema":{"@context":"https:\/\/schema.org","@graph":[{"@type":"Article","@id":"https:\/\/www.sonoraenequipo.com.mx\/puebla-armenta-da-banderazo-de-inicio-a-la-construccion-de-nueva-red-de-agua-potable-para-huauchinango\/#article","isPartOf":{"@id":"https:\/\/www.sonoraenequipo.com.mx\/puebla-armenta-da-banderazo-de-inicio-a-la-construccion-de-nueva-red-de-agua-potable-para-huauchinango\/"},"author":{"name":"enequipo","@id":"https:\/\/www.sonoraenequipo.com.mx\/#\/schema\/person\/50102df0fb23a8fa9e8effad8fa81386"},"headline":"PUEBLA. Armenta da banderazo de inicio a la construcci\u00f3n de nueva red de agua potable para Huauchinango","datePublished":"2025-01-04T20:15:55+00:00","dateModified":"2025-01-05T04:04:05+00:00","mainEntityOfPage":{"@id":"https:\/\/www.sonoraenequipo.com.mx\/puebla-armenta-da-banderazo-de-inicio-a-la-construccion-de-nueva-red-de-agua-potable-para-huauchinango\/"},"wordCount":393,"commentCount":0,"publisher":{"@id":"https:\/\/www.sonoraenequipo.com.mx\/#organization"},"image":{"@id":"https:\/\/www.sonoraenequipo.com.mx\/puebla-armenta-da-banderazo-de-inicio-a-la-construccion-de-nueva-red-de-agua-potable-para-huauchinango\/#primaryimage"},"thumbnailUrl":"https:\/\/www.sonoraenequipo.com.mx\/storage\/2025\/01\/armenta-obra_huauchinango-min.jpg","articleSection":["Rep\u00fablica"],"inLanguage":"es","potentialAction":[{"@type":"CommentAction","name":"Comment","target":["https:\/\/www.sonoraenequipo.com.mx\/puebla-armenta-da-banderazo-de-inicio-a-la-construccion-de-nueva-red-de-agua-potable-para-huauchinango\/#respond"]}]},{"@type":"WebPage","@id":"https:\/\/www.sonoraenequipo.com.mx\/puebla-armenta-da-banderazo-de-inicio-a-la-construccion-de-nueva-red-de-agua-potable-para-huauchinango\/","url":"https:\/\/www.sonoraenequipo.com.mx\/puebla-armenta-da-banderazo-de-inicio-a-la-construccion-de-nueva-red-de-agua-potable-para-huauchinango\/","name":"Sonora en Equipo. PUEBLA. Armenta da banderazo de inicio a la construcci\u00f3n de nueva red de agua potable para Huauchinango Rep\u00fablica","isPartOf":{"@id":"https:\/\/www.sonoraenequipo.com.mx\/#website"},"primaryImageOfPage":{"@id":"https:\/\/www.sonoraenequipo.com.mx\/puebla-armenta-da-banderazo-de-inicio-a-la-construccion-de-nueva-red-de-agua-potable-para-huauchinango\/#primaryimage"},"image":{"@id":"https:\/\/www.sonoraenequipo.com.mx\/puebla-armenta-da-banderazo-de-inicio-a-la-construccion-de-nueva-red-de-agua-potable-para-huauchinango\/#primaryimage"},"thumbnailUrl":"https:\/\/www.sonoraenequipo.com.mx\/storage\/2025\/01\/armenta-obra_huauchinango-min.jpg","datePublished":"2025-01-04T20:15:55+00:00","dateModified":"2025-01-05T04:04:05+00:00","description":"PUEBLA, PUEBLA. MX. \u2014 Alejandro Armenta escuch\u00f3 con atenci\u00f3n; \u201cEsta obra es muy importante para los huauchinanguenses, se beneficiar\u00e1 a todo el municipio, En Sonora en Equipo publicamos toda la informaci\u00f3n de Sonora, M\u00e9xico y el Mundo de manera oportuna y busca que la libertad de expresi\u00f3n sea real. Visita nuestro medio informativo publicado desde Hermosillo, Sonora. %","breadcrumb":{"@id":"https:\/\/www.sonoraenequipo.com.mx\/puebla-armenta-da-banderazo-de-inicio-a-la-construccion-de-nueva-red-de-agua-potable-para-huauchinango\/#breadcrumb"},"inLanguage":"es","potentialAction":[{"@type":"ReadAction","target":["https:\/\/www.sonoraenequipo.com.mx\/puebla-armenta-da-banderazo-de-inicio-a-la-construccion-de-nueva-red-de-agua-potable-para-huauchinango\/"]}]},{"@type":"ImageObject","inLanguage":"es","@id":"https:\/\/www.sonoraenequipo.com.mx\/puebla-armenta-da-banderazo-de-inicio-a-la-construccion-de-nueva-red-de-agua-potable-para-huauchinango\/#primaryimage","url":"https:\/\/www.sonoraenequipo.com.mx\/storage\/2025\/01\/armenta-obra_huauchinango-min.jpg","contentUrl":"https:\/\/www.sonoraenequipo.com.mx\/storage\/2025\/01\/armenta-obra_huauchinango-min.jpg","width":1000,"height":666},{"@type":"BreadcrumbList","@id":"https:\/\/www.sonoraenequipo.com.mx\/puebla-armenta-da-banderazo-de-inicio-a-la-construccion-de-nueva-red-de-agua-potable-para-huauchinango\/#breadcrumb","itemListElement":[{"@type":"ListItem","position":1,"name":"Portada","item":"https:\/\/www.sonoraenequipo.com.mx\/"},{"@type":"ListItem","position":2,"name":"PUEBLA. Armenta da banderazo de inicio a la construcci\u00f3n de nueva red de agua potable para Huauchinango"}]},{"@type":"WebSite","@id":"https:\/\/www.sonoraenequipo.com.mx\/#website","url":"https:\/\/www.sonoraenequipo.com.mx\/","name":"Sonora en Equipo.","description":"Diario en l\u00ednea con Noticias desde Hermosillo, Sonora","publisher":{"@id":"https:\/\/www.sonoraenequipo.com.mx\/#organization"},"potentialAction":[{"@type":"SearchAction","target":{"@type":"EntryPoint","urlTemplate":"https:\/\/www.sonoraenequipo.com.mx\/?s={search_term_string}"},"query-input":{"@type":"PropertyValueSpecification","valueRequired":true,"valueName":"search_term_string"}}],"inLanguage":"es"},{"@type":"Organization","@id":"https:\/\/www.sonoraenequipo.com.mx\/#organization","name":"Sonoraenequipo.com.mx","url":"https:\/\/www.sonoraenequipo.com.mx\/","logo":{"@type":"ImageObject","inLanguage":"es","@id":"https:\/\/www.sonoraenequipo.com.mx\/#\/schema\/logo\/image\/","url":"https:\/\/www.sonoraenequipo.com.mx\/storage\/2019\/01\/sonoraenequipo_opt.png","contentUrl":"https:\/\/www.sonoraenequipo.com.mx\/storage\/2019\/01\/sonoraenequipo_opt.png","width":375,"height":125,"caption":"Sonoraenequipo.com.mx"},"image":{"@id":"https:\/\/www.sonoraenequipo.com.mx\/#\/schema\/logo\/image\/"},"sameAs":["https:\/\/www.facebook.com\/SonoraEE\/","https:\/\/x.com\/sonoraenequipo","https:\/\/www.youtube.com\/channel\/UC338nW-lPEYmJQs4ZABQ1SQ"]},{"@type":"Person","@id":"https:\/\/www.sonoraenequipo.com.mx\/#\/schema\/person\/50102df0fb23a8fa9e8effad8fa81386","name":"enequipo","image":{"@type":"ImageObject","inLanguage":"es","@id":"https:\/\/www.sonoraenequipo.com.mx\/#\/schema\/person\/image\/","url":"https:\/\/secure.gravatar.com\/avatar\/049821681b589dabc0bc20695993ccebb09f5b5d4d790cd9251b97faac7c652b?s=96&d=blank&r=g","contentUrl":"https:\/\/secure.gravatar.com\/avatar\/049821681b589dabc0bc20695993ccebb09f5b5d4d790cd9251b97faac7c652b?s=96&d=blank&r=g","caption":"enequipo"},"sameAs":["https:\/\/www.facebook.com\/SonoraEE"]}]}},"jetpack_featured_media_url":"https:\/\/www.sonoraenequipo.com.mx\/storage\/2025\/01\/armenta-obra_huauchinango-min.jpg","_links":{"self":[{"href":"https:\/\/www.sonoraenequipo.com.mx\/api\/wp\/v2\/posts\/207141","targetHints":{"allow":["GET"]}}],"collection":[{"href":"https:\/\/www.sonoraenequipo.com.mx\/api\/wp\/v2\/posts"}],"about":[{"href":"https:\/\/www.sonoraenequipo.com.mx\/api\/wp\/v2\/types\/post"}],"author":[{"embeddable":true,"href":"https:\/\/www.sonoraenequipo.com.mx\/api\/wp\/v2\/users\/1"}],"replies":[{"embeddable":true,"href":"https:\/\/www.sonoraenequipo.com.mx\/api\/wp\/v2\/comments?post=207141"}],"version-history":[{"count":2,"href":"https:\/\/www.sonoraenequipo.com.mx\/api\/wp\/v2\/posts\/207141\/revisions"}],"predecessor-version":[{"id":207152,"href":"https:\/\/www.sonoraenequipo.com.mx\/api\/wp\/v2\/posts\/207141\/revisions\/207152"}],"wp:featuredmedia":[{"embeddable":true,"href":"https:\/\/www.sonoraenequipo.com.mx\/api\/wp\/v2\/media\/207142"}],"wp:attachment":[{"href":"https:\/\/www.sonoraenequipo.com.mx\/api\/wp\/v2\/media?parent=207141"}],"wp:term":[{"taxonomy":"category","embeddable":true,"href":"https:\/\/www.sonoraenequipo.com.mx\/api\/wp\/v2\/categories?post=207141"},{"taxonomy":"post_tag","embeddable":true,"href":"https:\/\/www.sonoraenequipo.com.mx\/api\/wp\/v2\/tags?post=207141"}],"curies":[{"name":"wp","href":"https:\/\/api.w.org\/{rel}","templated":true}]}}