{"id":207162,"date":"2025-01-05T12:38:42","date_gmt":"2025-01-05T19:38:42","guid":{"rendered":"https:\/\/www.sonoraenequipo.com.mx\/?p=207162"},"modified":"2025-01-05T13:42:50","modified_gmt":"2025-01-05T20:42:50","slug":"asegura-sheinbaum-que-se-reconocera-el-trabajo-de-las-mujeres-en-su-sexenio","status":"publish","type":"post","link":"https:\/\/www.sonoraenequipo.com.mx\/asegura-sheinbaum-que-se-reconocera-el-trabajo-de-las-mujeres-en-su-sexenio\/","title":{"rendered":"Asegura Sheinbaum que se reconocer\u00e1 el trabajo de las mujeres en su sexenio"},"content":{"rendered":"<p><strong>ZINACANTEPEC, ESTADO DE M\u00c9XICO. MX. \u2014<\/strong> La presidenta Claudia Sheinbaum Pardo dio inicio a la entrega nacional de las tarjetas del programa federal Pensi\u00f3n Mujeres Bienestar, dirigido a mujeres de 60 a 64 a\u00f1os. Durante el evento, Sheinbaum subray\u00f3 que los seis a\u00f1os de su gobierno estar\u00e1n dedicados a reconocer el trabajo de las mujeres mexicanas.<\/p>\n<p>&nbsp;<\/p>\n<p>&nbsp;<\/p>\n<p>&nbsp;<\/p>\n<p> <\/p>\n<p><strong><em>\u00abEste es un gobierno del pueblo y para el pueblo, pero tambi\u00e9n es un gobierno de mujeres y para las mujeres mexicanas. Eso significa que nos dedicaremos a reconocer su labor hist\u00f3rica en la sociedad\u00bb,<\/em><\/strong> expres\u00f3 Sheinbaum ante cientos de asistentes.<\/p>\n<p>&nbsp;<\/p>\n<p>&nbsp;<\/p>\n<p>&nbsp;<\/p>\n<p>La Pensi\u00f3n Mujeres Bienestar tiene como objetivo apoyar econ\u00f3micamente a mujeres ind\u00edgenas y afromexicanas de entre 60 y 64 a\u00f1os, as\u00ed como a todas las mexicanas de 63 y 64 a\u00f1os.<\/p>\n<p>&nbsp;<\/p>\n<p>&nbsp;<\/p>\n<p>&nbsp;<\/p>\n<p>En esta primera etapa, el programa beneficiar\u00e1 a m\u00e1s de 81 mil mujeres trabajadoras del Estado de M\u00e9xico, mientras que 1.5 millones de mujeres recibir\u00e1n el apoyo de manera progresiva.<\/p>\n<p>&nbsp;<\/p>\n<p>&nbsp;<\/p>\n<p>En el evento, la gobernadora del Estado de M\u00e9xico, Delfina G\u00f3mez \u00c1lvarez, destac\u00f3 la importancia de este tipo de iniciativas para mejorar la calidad de vida y autonom\u00eda econ\u00f3mica de las mujeres mayores que, hist\u00f3ricamente, han sido responsables de labores de cuidado y del hogar sin recibir reconocimiento ni ingresos propios.<\/p>\n<p>&nbsp;<\/p>\n<p>&nbsp;<\/p>\n<p>En Zinacantepec, el programa Pensi\u00f3n Mujeres Bienestar ya beneficia a 760 mujeres, y se proyecta alcanzar a 13 mil 787 a trav\u00e9s de la Pensi\u00f3n para las Personas Adultas Mayores.<\/p>\n<p>&nbsp;<\/p>\n<p>&nbsp;<\/p>\n<p>G\u00f3mez enfatiz\u00f3 que el Estado de M\u00e9xico trabaja en pol\u00edticas p\u00fablicas con perspectiva de g\u00e9nero, como Mujeres con Bienestar y el esquema Alimentaci\u00f3n para el Bienestar, que han beneficiado a m\u00e1s de 10 mil mujeres en la regi\u00f3n.<\/p>\n<p>_<\/p>\n<p>&nbsp;<\/p>\n<p>PUBLICADO EL 04 DE ENERO DE 2025 Con informaci\u00f3n de CSP)<\/p>\n","protected":false},"excerpt":{"rendered":"<p>ZINACANTEPEC, ESTADO DE M\u00c9XICO. MX. \u2014 La presidenta Claudia Sheinbaum Pardo dio inicio a la&#8230;<\/p>\n","protected":false},"author":1,"featured_media":207163,"comment_status":"open","ping_status":"open","sticky":false,"template":"","format":"standard","meta":{"_monsterinsights_skip_tracking":false,"_monsterinsights_sitenote_active":false,"_monsterinsights_sitenote_note":"","_monsterinsights_sitenote_category":0,"footnotes":""},"categories":[5],"tags":[],"class_list":["post"],"yoast_head":" \n<title>Sonora en Equipo. Asegura Sheinbaum que se reconocer\u00e1 el trabajo de las mujeres en su sexenio Rep\u00fablica<\/title>\n<meta name=\"description\" content=\"ZINACANTEPEC, ESTADO DE M\u00c9XICO. MX. \u2014 La presidenta Claudia Sheinbaum Pardo dio inicio a la entrega nacional de las tarjetas del programa federal Pensi\u00f3n En Sonora en Equipo publicamos toda la informaci\u00f3n de Sonora, M\u00e9xico y el Mundo de manera oportuna y busca que la libertad de expresi\u00f3n sea real. Visita nuestro medio informativo publicado desde Hermosillo, Sonora. %\" \/>\n<meta name=\"robots\" content=\"index, follow, max-snippet:-1, max-image-preview:large, max-video-preview:-1\" \/>\n<link rel=\"canonical\" href=\"https:\/\/www.sonoraenequipo.com.mx\/asegura-sheinbaum-que-se-reconocera-el-trabajo-de-las-mujeres-en-su-sexenio\/\" \/>\n<meta property=\"og:locale\" content=\"es_ES\" \/>\n<meta property=\"og:type\" content=\"article\" \/>\n<meta property=\"og:title\" content=\"Sonora en Equipo. Asegura Sheinbaum que se reconocer\u00e1 el trabajo de las mujeres en su sexenio Rep\u00fablica\" \/>\n<meta property=\"og:description\" content=\"ZINACANTEPEC, ESTADO DE M\u00c9XICO. MX. \u2014 La presidenta Claudia Sheinbaum Pardo dio inicio a la entrega nacional de las tarjetas del programa federal Pensi\u00f3n En Sonora en Equipo publicamos toda la informaci\u00f3n de Sonora, M\u00e9xico y el Mundo de manera oportuna y busca que la libertad de expresi\u00f3n sea real. Visita nuestro medio informativo publicado desde Hermosillo, Sonora. %\" \/>\n<meta property=\"og:url\" content=\"https:\/\/www.sonoraenequipo.com.mx\/asegura-sheinbaum-que-se-reconocera-el-trabajo-de-las-mujeres-en-su-sexenio\/\" \/>\n<meta property=\"og:site_name\" content=\"Sonora en Equipo.\" \/>\n<meta property=\"article:publisher\" content=\"https:\/\/www.facebook.com\/SonoraEE\/\" \/>\n<meta property=\"article:author\" content=\"https:\/\/www.facebook.com\/SonoraEE\" \/>\n<meta property=\"article:published_time\" content=\"2025-01-05T19:38:42+00:00\" \/>\n<meta property=\"article:modified_time\" content=\"2025-01-05T20:42:50+00:00\" \/>\n<meta property=\"og:image\" content=\"https:\/\/www.sonoraenequipo.com.mx\/storage\/2025\/01\/Claudia-Sheinbaum-Delfina-Gomez-y-beneficiaria-de-pension.jpg-min.jpg\" \/>\n\t<meta property=\"og:image:width\" content=\"992\" \/>\n\t<meta property=\"og:image:height\" content=\"530\" \/>\n\t<meta property=\"og:image:type\" content=\"image\/jpeg\" \/>\n<meta name=\"author\" content=\"enequipo\" \/>\n<meta name=\"twitter:card\" content=\"summary_large_image\" \/>\n<meta name=\"twitter:creator\" content=\"@sonoraenequipo\" \/>\n<meta name=\"twitter:site\" content=\"@sonoraenequipo\" \/>\n<meta name=\"twitter:label1\" content=\"Escrito por\" \/>\n\t<meta name=\"twitter:data1\" content=\"enequipo\" \/>\n\t<meta name=\"twitter:label2\" content=\"Tiempo de lectura\" \/>\n\t<meta name=\"twitter:data2\" content=\"2 minutos\" \/>\n<script type=\"application\/ld+json\" class=\"yoast-schema-graph\">{\"@context\":\"https:\/\/schema.org\",\"@graph\":[{\"@type\":\"Article\",\"@id\":\"https:\/\/www.sonoraenequipo.com.mx\/asegura-sheinbaum-que-se-reconocera-el-trabajo-de-las-mujeres-en-su-sexenio\/#article\",\"isPartOf\":{\"@id\":\"https:\/\/www.sonoraenequipo.com.mx\/asegura-sheinbaum-que-se-reconocera-el-trabajo-de-las-mujeres-en-su-sexenio\/\"},\"author\":{\"name\":\"enequipo\",\"@id\":\"https:\/\/www.sonoraenequipo.com.mx\/#\/schema\/person\/50102df0fb23a8fa9e8effad8fa81386\"},\"headline\":\"Asegura Sheinbaum que se reconocer\u00e1 el trabajo de las mujeres en su sexenio\",\"datePublished\":\"2025-01-05T19:38:42+00:00\",\"dateModified\":\"2025-01-05T20:42:50+00:00\",\"mainEntityOfPage\":{\"@id\":\"https:\/\/www.sonoraenequipo.com.mx\/asegura-sheinbaum-que-se-reconocera-el-trabajo-de-las-mujeres-en-su-sexenio\/\"},\"wordCount\":334,\"commentCount\":0,\"publisher\":{\"@id\":\"https:\/\/www.sonoraenequipo.com.mx\/#organization\"},\"image\":{\"@id\":\"https:\/\/www.sonoraenequipo.com.mx\/asegura-sheinbaum-que-se-reconocera-el-trabajo-de-las-mujeres-en-su-sexenio\/#primaryimage\"},\"thumbnailUrl\":\"https:\/\/www.sonoraenequipo.com.mx\/storage\/2025\/01\/Claudia-Sheinbaum-Delfina-Gomez-y-beneficiaria-de-pension.jpg-min.jpg\",\"articleSection\":[\"Rep\u00fablica\"],\"inLanguage\":\"es\",\"potentialAction\":[{\"@type\":\"CommentAction\",\"name\":\"Comment\",\"target\":[\"https:\/\/www.sonoraenequipo.com.mx\/asegura-sheinbaum-que-se-reconocera-el-trabajo-de-las-mujeres-en-su-sexenio\/#respond\"]}]},{\"@type\":\"WebPage\",\"@id\":\"https:\/\/www.sonoraenequipo.com.mx\/asegura-sheinbaum-que-se-reconocera-el-trabajo-de-las-mujeres-en-su-sexenio\/\",\"url\":\"https:\/\/www.sonoraenequipo.com.mx\/asegura-sheinbaum-que-se-reconocera-el-trabajo-de-las-mujeres-en-su-sexenio\/\",\"name\":\"Sonora en Equipo. Asegura Sheinbaum que se reconocer\u00e1 el trabajo de las mujeres en su sexenio Rep\u00fablica\",\"isPartOf\":{\"@id\":\"https:\/\/www.sonoraenequipo.com.mx\/#website\"},\"primaryImageOfPage\":{\"@id\":\"https:\/\/www.sonoraenequipo.com.mx\/asegura-sheinbaum-que-se-reconocera-el-trabajo-de-las-mujeres-en-su-sexenio\/#primaryimage\"},\"image\":{\"@id\":\"https:\/\/www.sonoraenequipo.com.mx\/asegura-sheinbaum-que-se-reconocera-el-trabajo-de-las-mujeres-en-su-sexenio\/#primaryimage\"},\"thumbnailUrl\":\"https:\/\/www.sonoraenequipo.com.mx\/storage\/2025\/01\/Claudia-Sheinbaum-Delfina-Gomez-y-beneficiaria-de-pension.jpg-min.jpg\",\"datePublished\":\"2025-01-05T19:38:42+00:00\",\"dateModified\":\"2025-01-05T20:42:50+00:00\",\"description\":\"ZINACANTEPEC, ESTADO DE M\u00c9XICO. MX. \u2014 La presidenta Claudia Sheinbaum Pardo dio inicio a la entrega nacional de las tarjetas del programa federal Pensi\u00f3n En Sonora en Equipo publicamos toda la informaci\u00f3n de Sonora, M\u00e9xico y el Mundo de manera oportuna y busca que la libertad de expresi\u00f3n sea real. Visita nuestro medio informativo publicado desde Hermosillo, Sonora. %\",\"breadcrumb\":{\"@id\":\"https:\/\/www.sonoraenequipo.com.mx\/asegura-sheinbaum-que-se-reconocera-el-trabajo-de-las-mujeres-en-su-sexenio\/#breadcrumb\"},\"inLanguage\":\"es\",\"potentialAction\":[{\"@type\":\"ReadAction\",\"target\":[\"https:\/\/www.sonoraenequipo.com.mx\/asegura-sheinbaum-que-se-reconocera-el-trabajo-de-las-mujeres-en-su-sexenio\/\"]}]},{\"@type\":\"ImageObject\",\"inLanguage\":\"es\",\"@id\":\"https:\/\/www.sonoraenequipo.com.mx\/asegura-sheinbaum-que-se-reconocera-el-trabajo-de-las-mujeres-en-su-sexenio\/#primaryimage\",\"url\":\"https:\/\/www.sonoraenequipo.com.mx\/storage\/2025\/01\/Claudia-Sheinbaum-Delfina-Gomez-y-beneficiaria-de-pension.jpg-min.jpg\",\"contentUrl\":\"https:\/\/www.sonoraenequipo.com.mx\/storage\/2025\/01\/Claudia-Sheinbaum-Delfina-Gomez-y-beneficiaria-de-pension.jpg-min.jpg\",\"width\":992,\"height\":530},{\"@type\":\"BreadcrumbList\",\"@id\":\"https:\/\/www.sonoraenequipo.com.mx\/asegura-sheinbaum-que-se-reconocera-el-trabajo-de-las-mujeres-en-su-sexenio\/#breadcrumb\",\"itemListElement\":[{\"@type\":\"ListItem\",\"position\":1,\"name\":\"Portada\",\"item\":\"https:\/\/www.sonoraenequipo.com.mx\/\"},{\"@type\":\"ListItem\",\"position\":2,\"name\":\"Asegura Sheinbaum que se reconocer\u00e1 el trabajo de las mujeres en su sexenio\"}]},{\"@type\":\"WebSite\",\"@id\":\"https:\/\/www.sonoraenequipo.com.mx\/#website\",\"url\":\"https:\/\/www.sonoraenequipo.com.mx\/\",\"name\":\"Sonora en Equipo.\",\"description\":\"Diario en l\u00ednea con Noticias desde Hermosillo, Sonora\",\"publisher\":{\"@id\":\"https:\/\/www.sonoraenequipo.com.mx\/#organization\"},\"potentialAction\":[{\"@type\":\"SearchAction\",\"target\":{\"@type\":\"EntryPoint\",\"urlTemplate\":\"https:\/\/www.sonoraenequipo.com.mx\/?s={search_term_string}\"},\"query-input\":{\"@type\":\"PropertyValueSpecification\",\"valueRequired\":true,\"valueName\":\"search_term_string\"}}],\"inLanguage\":\"es\"},{\"@type\":\"Organization\",\"@id\":\"https:\/\/www.sonoraenequipo.com.mx\/#organization\",\"name\":\"Sonoraenequipo.com.mx\",\"url\":\"https:\/\/www.sonoraenequipo.com.mx\/\",\"logo\":{\"@type\":\"ImageObject\",\"inLanguage\":\"es\",\"@id\":\"https:\/\/www.sonoraenequipo.com.mx\/#\/schema\/logo\/image\/\",\"url\":\"https:\/\/www.sonoraenequipo.com.mx\/storage\/2019\/01\/sonoraenequipo_opt.png\",\"contentUrl\":\"https:\/\/www.sonoraenequipo.com.mx\/storage\/2019\/01\/sonoraenequipo_opt.png\",\"width\":375,\"height\":125,\"caption\":\"Sonoraenequipo.com.mx\"},\"image\":{\"@id\":\"https:\/\/www.sonoraenequipo.com.mx\/#\/schema\/logo\/image\/\"},\"sameAs\":[\"https:\/\/www.facebook.com\/SonoraEE\/\",\"https:\/\/x.com\/sonoraenequipo\",\"https:\/\/www.youtube.com\/channel\/UC338nW-lPEYmJQs4ZABQ1SQ\"]},{\"@type\":\"Person\",\"@id\":\"https:\/\/www.sonoraenequipo.com.mx\/#\/schema\/person\/50102df0fb23a8fa9e8effad8fa81386\",\"name\":\"enequipo\",\"image\":{\"@type\":\"ImageObject\",\"inLanguage\":\"es\",\"@id\":\"https:\/\/www.sonoraenequipo.com.mx\/#\/schema\/person\/image\/\",\"url\":\"https:\/\/secure.gravatar.com\/avatar\/049821681b589dabc0bc20695993ccebb09f5b5d4d790cd9251b97faac7c652b?s=96&d=blank&r=g\",\"contentUrl\":\"https:\/\/secure.gravatar.com\/avatar\/049821681b589dabc0bc20695993ccebb09f5b5d4d790cd9251b97faac7c652b?s=96&d=blank&r=g\",\"caption\":\"enequipo\"},\"sameAs\":[\"https:\/\/www.facebook.com\/SonoraEE\"]}]}<\/script>\n ","yoast_head_json":{"title":"Sonora en Equipo. Asegura Sheinbaum que se reconocer\u00e1 el trabajo de las mujeres en su sexenio Rep\u00fablica","description":"ZINACANTEPEC, ESTADO DE M\u00c9XICO. MX. \u2014 La presidenta Claudia Sheinbaum Pardo dio inicio a la entrega nacional de las tarjetas del programa federal Pensi\u00f3n En Sonora en Equipo publicamos toda la informaci\u00f3n de Sonora, M\u00e9xico y el Mundo de manera oportuna y busca que la libertad de expresi\u00f3n sea real. Visita nuestro medio informativo publicado desde Hermosillo, Sonora. %","robots":{"index":"index","follow":"follow","max-snippet":"max-snippet:-1","max-image-preview":"max-image-preview:large","max-video-preview":"max-video-preview:-1"},"canonical":"https:\/\/www.sonoraenequipo.com.mx\/asegura-sheinbaum-que-se-reconocera-el-trabajo-de-las-mujeres-en-su-sexenio\/","og_locale":"es_ES","og_type":"article","og_title":"Sonora en Equipo. Asegura Sheinbaum que se reconocer\u00e1 el trabajo de las mujeres en su sexenio Rep\u00fablica","og_description":"ZINACANTEPEC, ESTADO DE M\u00c9XICO. MX. \u2014 La presidenta Claudia Sheinbaum Pardo dio inicio a la entrega nacional de las tarjetas del programa federal Pensi\u00f3n En Sonora en Equipo publicamos toda la informaci\u00f3n de Sonora, M\u00e9xico y el Mundo de manera oportuna y busca que la libertad de expresi\u00f3n sea real. Visita nuestro medio informativo publicado desde Hermosillo, Sonora. %","og_url":"https:\/\/www.sonoraenequipo.com.mx\/asegura-sheinbaum-que-se-reconocera-el-trabajo-de-las-mujeres-en-su-sexenio\/","og_site_name":"Sonora en Equipo.","article_publisher":"https:\/\/www.facebook.com\/SonoraEE\/","article_author":"https:\/\/www.facebook.com\/SonoraEE","article_published_time":"2025-01-05T19:38:42+00:00","article_modified_time":"2025-01-05T20:42:50+00:00","og_image":[{"width":992,"height":530,"url":"https:\/\/www.sonoraenequipo.com.mx\/storage\/2025\/01\/Claudia-Sheinbaum-Delfina-Gomez-y-beneficiaria-de-pension.jpg-min.jpg","type":"image\/jpeg"}],"author":"enequipo","twitter_card":"summary_large_image","twitter_creator":"@sonoraenequipo","twitter_site":"@sonoraenequipo","twitter_misc":{"Escrito por":"enequipo","Tiempo de lectura":"2 minutos"},"schema":{"@context":"https:\/\/schema.org","@graph":[{"@type":"Article","@id":"https:\/\/www.sonoraenequipo.com.mx\/asegura-sheinbaum-que-se-reconocera-el-trabajo-de-las-mujeres-en-su-sexenio\/#article","isPartOf":{"@id":"https:\/\/www.sonoraenequipo.com.mx\/asegura-sheinbaum-que-se-reconocera-el-trabajo-de-las-mujeres-en-su-sexenio\/"},"author":{"name":"enequipo","@id":"https:\/\/www.sonoraenequipo.com.mx\/#\/schema\/person\/50102df0fb23a8fa9e8effad8fa81386"},"headline":"Asegura Sheinbaum que se reconocer\u00e1 el trabajo de las mujeres en su sexenio","datePublished":"2025-01-05T19:38:42+00:00","dateModified":"2025-01-05T20:42:50+00:00","mainEntityOfPage":{"@id":"https:\/\/www.sonoraenequipo.com.mx\/asegura-sheinbaum-que-se-reconocera-el-trabajo-de-las-mujeres-en-su-sexenio\/"},"wordCount":334,"commentCount":0,"publisher":{"@id":"https:\/\/www.sonoraenequipo.com.mx\/#organization"},"image":{"@id":"https:\/\/www.sonoraenequipo.com.mx\/asegura-sheinbaum-que-se-reconocera-el-trabajo-de-las-mujeres-en-su-sexenio\/#primaryimage"},"thumbnailUrl":"https:\/\/www.sonoraenequipo.com.mx\/storage\/2025\/01\/Claudia-Sheinbaum-Delfina-Gomez-y-beneficiaria-de-pension.jpg-min.jpg","articleSection":["Rep\u00fablica"],"inLanguage":"es","potentialAction":[{"@type":"CommentAction","name":"Comment","target":["https:\/\/www.sonoraenequipo.com.mx\/asegura-sheinbaum-que-se-reconocera-el-trabajo-de-las-mujeres-en-su-sexenio\/#respond"]}]},{"@type":"WebPage","@id":"https:\/\/www.sonoraenequipo.com.mx\/asegura-sheinbaum-que-se-reconocera-el-trabajo-de-las-mujeres-en-su-sexenio\/","url":"https:\/\/www.sonoraenequipo.com.mx\/asegura-sheinbaum-que-se-reconocera-el-trabajo-de-las-mujeres-en-su-sexenio\/","name":"Sonora en Equipo. Asegura Sheinbaum que se reconocer\u00e1 el trabajo de las mujeres en su sexenio Rep\u00fablica","isPartOf":{"@id":"https:\/\/www.sonoraenequipo.com.mx\/#website"},"primaryImageOfPage":{"@id":"https:\/\/www.sonoraenequipo.com.mx\/asegura-sheinbaum-que-se-reconocera-el-trabajo-de-las-mujeres-en-su-sexenio\/#primaryimage"},"image":{"@id":"https:\/\/www.sonoraenequipo.com.mx\/asegura-sheinbaum-que-se-reconocera-el-trabajo-de-las-mujeres-en-su-sexenio\/#primaryimage"},"thumbnailUrl":"https:\/\/www.sonoraenequipo.com.mx\/storage\/2025\/01\/Claudia-Sheinbaum-Delfina-Gomez-y-beneficiaria-de-pension.jpg-min.jpg","datePublished":"2025-01-05T19:38:42+00:00","dateModified":"2025-01-05T20:42:50+00:00","description":"ZINACANTEPEC, ESTADO DE M\u00c9XICO. MX. \u2014 La presidenta Claudia Sheinbaum Pardo dio inicio a la entrega nacional de las tarjetas del programa federal Pensi\u00f3n En Sonora en Equipo publicamos toda la informaci\u00f3n de Sonora, M\u00e9xico y el Mundo de manera oportuna y busca que la libertad de expresi\u00f3n sea real. Visita nuestro medio informativo publicado desde Hermosillo, Sonora. %","breadcrumb":{"@id":"https:\/\/www.sonoraenequipo.com.mx\/asegura-sheinbaum-que-se-reconocera-el-trabajo-de-las-mujeres-en-su-sexenio\/#breadcrumb"},"inLanguage":"es","potentialAction":[{"@type":"ReadAction","target":["https:\/\/www.sonoraenequipo.com.mx\/asegura-sheinbaum-que-se-reconocera-el-trabajo-de-las-mujeres-en-su-sexenio\/"]}]},{"@type":"ImageObject","inLanguage":"es","@id":"https:\/\/www.sonoraenequipo.com.mx\/asegura-sheinbaum-que-se-reconocera-el-trabajo-de-las-mujeres-en-su-sexenio\/#primaryimage","url":"https:\/\/www.sonoraenequipo.com.mx\/storage\/2025\/01\/Claudia-Sheinbaum-Delfina-Gomez-y-beneficiaria-de-pension.jpg-min.jpg","contentUrl":"https:\/\/www.sonoraenequipo.com.mx\/storage\/2025\/01\/Claudia-Sheinbaum-Delfina-Gomez-y-beneficiaria-de-pension.jpg-min.jpg","width":992,"height":530},{"@type":"BreadcrumbList","@id":"https:\/\/www.sonoraenequipo.com.mx\/asegura-sheinbaum-que-se-reconocera-el-trabajo-de-las-mujeres-en-su-sexenio\/#breadcrumb","itemListElement":[{"@type":"ListItem","position":1,"name":"Portada","item":"https:\/\/www.sonoraenequipo.com.mx\/"},{"@type":"ListItem","position":2,"name":"Asegura Sheinbaum que se reconocer\u00e1 el trabajo de las mujeres en su sexenio"}]},{"@type":"WebSite","@id":"https:\/\/www.sonoraenequipo.com.mx\/#website","url":"https:\/\/www.sonoraenequipo.com.mx\/","name":"Sonora en Equipo.","description":"Diario en l\u00ednea con Noticias desde Hermosillo, Sonora","publisher":{"@id":"https:\/\/www.sonoraenequipo.com.mx\/#organization"},"potentialAction":[{"@type":"SearchAction","target":{"@type":"EntryPoint","urlTemplate":"https:\/\/www.sonoraenequipo.com.mx\/?s={search_term_string}"},"query-input":{"@type":"PropertyValueSpecification","valueRequired":true,"valueName":"search_term_string"}}],"inLanguage":"es"},{"@type":"Organization","@id":"https:\/\/www.sonoraenequipo.com.mx\/#organization","name":"Sonoraenequipo.com.mx","url":"https:\/\/www.sonoraenequipo.com.mx\/","logo":{"@type":"ImageObject","inLanguage":"es","@id":"https:\/\/www.sonoraenequipo.com.mx\/#\/schema\/logo\/image\/","url":"https:\/\/www.sonoraenequipo.com.mx\/storage\/2019\/01\/sonoraenequipo_opt.png","contentUrl":"https:\/\/www.sonoraenequipo.com.mx\/storage\/2019\/01\/sonoraenequipo_opt.png","width":375,"height":125,"caption":"Sonoraenequipo.com.mx"},"image":{"@id":"https:\/\/www.sonoraenequipo.com.mx\/#\/schema\/logo\/image\/"},"sameAs":["https:\/\/www.facebook.com\/SonoraEE\/","https:\/\/x.com\/sonoraenequipo","https:\/\/www.youtube.com\/channel\/UC338nW-lPEYmJQs4ZABQ1SQ"]},{"@type":"Person","@id":"https:\/\/www.sonoraenequipo.com.mx\/#\/schema\/person\/50102df0fb23a8fa9e8effad8fa81386","name":"enequipo","image":{"@type":"ImageObject","inLanguage":"es","@id":"https:\/\/www.sonoraenequipo.com.mx\/#\/schema\/person\/image\/","url":"https:\/\/secure.gravatar.com\/avatar\/049821681b589dabc0bc20695993ccebb09f5b5d4d790cd9251b97faac7c652b?s=96&d=blank&r=g","contentUrl":"https:\/\/secure.gravatar.com\/avatar\/049821681b589dabc0bc20695993ccebb09f5b5d4d790cd9251b97faac7c652b?s=96&d=blank&r=g","caption":"enequipo"},"sameAs":["https:\/\/www.facebook.com\/SonoraEE"]}]}},"jetpack_featured_media_url":"https:\/\/www.sonoraenequipo.com.mx\/storage\/2025\/01\/Claudia-Sheinbaum-Delfina-Gomez-y-beneficiaria-de-pension.jpg-min.jpg","_links":{"self":[{"href":"https:\/\/www.sonoraenequipo.com.mx\/api\/wp\/v2\/posts\/207162","targetHints":{"allow":["GET"]}}],"collection":[{"href":"https:\/\/www.sonoraenequipo.com.mx\/api\/wp\/v2\/posts"}],"about":[{"href":"https:\/\/www.sonoraenequipo.com.mx\/api\/wp\/v2\/types\/post"}],"author":[{"embeddable":true,"href":"https:\/\/www.sonoraenequipo.com.mx\/api\/wp\/v2\/users\/1"}],"replies":[{"embeddable":true,"href":"https:\/\/www.sonoraenequipo.com.mx\/api\/wp\/v2\/comments?post=207162"}],"version-history":[{"count":1,"href":"https:\/\/www.sonoraenequipo.com.mx\/api\/wp\/v2\/posts\/207162\/revisions"}],"predecessor-version":[{"id":207164,"href":"https:\/\/www.sonoraenequipo.com.mx\/api\/wp\/v2\/posts\/207162\/revisions\/207164"}],"wp:featuredmedia":[{"embeddable":true,"href":"https:\/\/www.sonoraenequipo.com.mx\/api\/wp\/v2\/media\/207163"}],"wp:attachment":[{"href":"https:\/\/www.sonoraenequipo.com.mx\/api\/wp\/v2\/media?parent=207162"}],"wp:term":[{"taxonomy":"category","embeddable":true,"href":"https:\/\/www.sonoraenequipo.com.mx\/api\/wp\/v2\/categories?post=207162"},{"taxonomy":"post_tag","embeddable":true,"href":"https:\/\/www.sonoraenequipo.com.mx\/api\/wp\/v2\/tags?post=207162"}],"curies":[{"name":"wp","href":"https:\/\/api.w.org\/{rel}","templated":true}]}}