{"id":207178,"date":"2025-01-05T15:22:54","date_gmt":"2025-01-05T22:22:54","guid":{"rendered":"https:\/\/www.sonoraenequipo.com.mx\/?p=207178"},"modified":"2025-01-05T15:22:54","modified_gmt":"2025-01-05T22:22:54","slug":"ucrania-lanza-nueva-ofensiva-en-la-region-rusa-de-kursk","status":"publish","type":"post","link":"https:\/\/www.sonoraenequipo.com.mx\/ucrania-lanza-nueva-ofensiva-en-la-region-rusa-de-kursk\/","title":{"rendered":"Ucrania lanza nueva ofensiva en la regi\u00f3n rusa de Kursk"},"content":{"rendered":"<p>Las fuerzas ucranianas lanzaron este domingo (05.01.2025) una nueva ofensiva en la regi\u00f3n occidental rusa de Kursk, tras el ataque sorpresa de agosto pasado, confirm\u00f3 el gobierno de Kiev.<\/p>\n<p>&nbsp;<\/p>\n<p>Todav\u00eda no es posible estimar cu\u00e1nto ha avanzado Ucrania en la regi\u00f3n, pero blogueros militares pro-Kremlin informaron que se est\u00e1 llevando a cabo una nueva y potente ofensiva ucraniana.<\/p>\n<p>&nbsp;<\/p>\n<p>\u00abRegi\u00f3n de Kursk, buenas noticias: Rusia est\u00e1 recibiendo lo que merece\u201d, escribi\u00f3 en Telegram, por su parte, el jefe de la oficina presidencial de Ucrania, Andriy Yermak, confirmando de forma indirecta la informaci\u00f3n.<\/p>\n<p>&nbsp;<\/p>\n<p>El Ministerio de Defensa ruso, en tanto, reconoci\u00f3 que sus fuerzas fueron atacadas y aseguraron haber repelido dos acciones ucranianas.<\/p>\n<p>&nbsp;<\/p>\n<p>El ataque comenz\u00f3 alrededor de las 9:00 horas locales (06:00 GMT), seg\u00fan confirm\u00f3 el Ministerio de Defensa ruso.<\/p>\n<p>Las unidades ucranianas est\u00e1n atacando, dijo Andriy Kovalenko, jefe del Consejo de Seguridad y Defensa Nacional de Kiev. Los rusos \u00abest\u00e1n muy preocupados porque fueron atacados desde varias direcciones y esto les sorprendi\u00f3; nuestras fuerzas est\u00e1n trabajando\u201d, explic\u00f3. Las Fuerzas Armadas ucranianas no han comentado la noticia, de momento.<\/p>\n<p>&nbsp;<\/p>\n<p>Blogueros militares pro-Kremlin han admitido que el ej\u00e9rcito ruso est\u00e1 bajo presi\u00f3n, se\u00f1alando que \u00abhay cada vez m\u00e1s equipos de guerra electr\u00f3nicos enemigos activos en la zona, lo que dificulta el uso de drones\u00bb, seg\u00fan inform\u00f3 el influyente bloguero Rybar, que cuenta con m\u00e1s de 1,3 millones de seguidores.<\/p>\n<p><strong>\u00a0<\/strong><\/p>\n<p><strong>Rusia se defiende<\/strong><\/p>\n<p>De acuerdo con Mosc\u00fa, una de las puntas del ataque ucraniano estar\u00eda conformado por quince blindados. \u00abEl enemigo, con el fin de detener el avance de las fuerzas rusas en el sector de Kursk, intent\u00f3 llevar a cabo un contraataque con un grupo de asalto compuesto por dos tanques, un veh\u00edculo de ingenier\u00eda y doce blindados de combate en direcci\u00f3n al Jutor Berdin\u00bb, indic\u00f3 en Telegram el mando militar ruso.<\/p>\n<p>Seg\u00fan Defensa, \u00abla artiller\u00eda y la aviaci\u00f3n de la agrupaci\u00f3n militar Sever (Norte) atacaron al grupo de asalto de las Fuerzas Armadas de Ucrania\u00bb, y reivindica la destrucci\u00f3n de diez de los veh\u00edculos, sin ofrecer evidencia de ello. \u00abContin\u00faa la operaci\u00f3n para destruir las formaciones militares ucranianas\u201d, a\u00f1ade.<\/p>\n<p>&nbsp;<\/p>\n<p>El principal objetivo de la acci\u00f3n ucraniana parece ser la carretera a la ciudad de Kursk, al noreste de la peque\u00f1a localidad de Sudzha, tomada por las fuerzas de Kiev en la ofensiva de verano. Seg\u00fan expertos, esta nueva operaci\u00f3n, que tiene lugar apenas dos semanas antes de que asuma el presidente electo de Estados Unidos, Donald Trump, podr\u00eda servir para exponer la debilidad rusa y as\u00ed poner a Ucrania en mejor pie para unas posibles negociaciones de cese de las hostilidades.<\/p>\n<p><strong>Bajas en el frente y ayuda militar<\/strong><\/p>\n<p>El presidente Zelenski inform\u00f3 el s\u00e1bado que \u00abalrededor de un batall\u00f3n de soldados de infanter\u00eda norcoreanos y tropas rusas a\u00e9reas\u00bb fueron derrotados en varios enfrentamientos en la regi\u00f3n durante los \u00faltimos dos d\u00edas.<\/p>\n<p>&nbsp;<\/p>\n<p>La administraci\u00f3n del presidente saliente Joe Biden ha prometido casi 6.000 millones de d\u00f3lares en ayudas militar y presupuestaria para Ucrania antes de la investidura de Trump.<\/p>\n<p>&nbsp;<\/p>\n<p>Ucrania entr\u00f3 en Kursk en agosto pasado y en un mes logr\u00f3 hacerse con el control de 1.100 kil\u00f3metros cuadrados. Pasados cinco meses de combates en esa provincia, que linda con la regi\u00f3n nororiental ucraniana de Sumi, la contraofensiva rusa, con ayuda de miles de soldados norcoreanos, logr\u00f3 recuperar m\u00e1s de la mitad del territorio ocupado por las tropas ucranianas.<\/p>\n<p>&nbsp;<\/p>\n<p>En paralelo a esta ofensiva, los ataques mutuos contin\u00faan. El s\u00e1bado, Rusia inform\u00f3 haber derribado docenas de drones ucranianos, mientras Kiev report\u00f3 que Rusia lanz\u00f3 103 drones hacia su territorio. Como consecuencia, cuatro aeropuertos rusos suspendieron brevemente el tr\u00e1fico a\u00e9reo el domingo por motivos de seguridad.<\/p>\n<p><strong>Fecha de publicaci\u00f3n<\/strong><strong> domingo 5 de enero de 2025 \/DW<\/strong><\/p>\n<p><strong>DZC\/FEW (dpa, EFE, Reuters, AFP)<\/strong><\/p>\n","protected":false},"excerpt":{"rendered":"<p>Las fuerzas ucranianas lanzaron este domingo (05.01.2025) una nueva ofensiva en la regi\u00f3n occidental rusa&#8230;<\/p>\n","protected":false},"author":1,"featured_media":207179,"comment_status":"open","ping_status":"open","sticky":false,"template":"","format":"standard","meta":{"_monsterinsights_skip_tracking":false,"_monsterinsights_sitenote_active":false,"_monsterinsights_sitenote_note":"","_monsterinsights_sitenote_category":0,"footnotes":""},"categories":[1],"tags":[144,141,3008],"class_list":["post"],"yoast_head":" \n<title>Sonora en Equipo. Ucrania lanza nueva ofensiva en la regi\u00f3n rusa de Kursk<\/title>\n<meta name=\"description\" content=\"Las fuerzas ucranianas lanzaron este domingo (05.01.2025) una nueva ofensiva en la regi\u00f3n occidental rusa de Kursk, tras el ataque sorpresa de agosto En Sonora en Equipo publicamos toda la informaci\u00f3n de Sonora, M\u00e9xico y el Mundo de manera oportuna y busca que la libertad de expresi\u00f3n sea real. Visita nuestro medio informativo publicado desde Hermosillo, Sonora. %\" \/>\n<meta name=\"robots\" content=\"index, follow, max-snippet:-1, max-image-preview:large, max-video-preview:-1\" \/>\n<link rel=\"canonical\" href=\"https:\/\/www.sonoraenequipo.com.mx\/ucrania-lanza-nueva-ofensiva-en-la-region-rusa-de-kursk\/\" \/>\n<meta property=\"og:locale\" content=\"es_ES\" \/>\n<meta property=\"og:type\" content=\"article\" \/>\n<meta property=\"og:title\" content=\"Sonora en Equipo. Ucrania lanza nueva ofensiva en la regi\u00f3n rusa de Kursk\" \/>\n<meta property=\"og:description\" content=\"Las fuerzas ucranianas lanzaron este domingo (05.01.2025) una nueva ofensiva en la regi\u00f3n occidental rusa de Kursk, tras el ataque sorpresa de agosto En Sonora en Equipo publicamos toda la informaci\u00f3n de Sonora, M\u00e9xico y el Mundo de manera oportuna y busca que la libertad de expresi\u00f3n sea real. Visita nuestro medio informativo publicado desde Hermosillo, Sonora. %\" \/>\n<meta property=\"og:url\" content=\"https:\/\/www.sonoraenequipo.com.mx\/ucrania-lanza-nueva-ofensiva-en-la-region-rusa-de-kursk\/\" \/>\n<meta property=\"og:site_name\" content=\"Sonora en Equipo.\" \/>\n<meta property=\"article:publisher\" content=\"https:\/\/www.facebook.com\/SonoraEE\/\" \/>\n<meta property=\"article:author\" content=\"https:\/\/www.facebook.com\/SonoraEE\" \/>\n<meta property=\"article:published_time\" content=\"2025-01-05T22:22:54+00:00\" \/>\n<meta property=\"og:image\" content=\"https:\/\/www.sonoraenequipo.com.mx\/storage\/2025\/01\/vehiculo-blindado.jpg\" \/>\n\t<meta property=\"og:image:width\" content=\"600\" \/>\n\t<meta property=\"og:image:height\" content=\"400\" \/>\n\t<meta property=\"og:image:type\" content=\"image\/jpeg\" \/>\n<meta name=\"author\" content=\"enequipo\" \/>\n<meta name=\"twitter:card\" content=\"summary_large_image\" \/>\n<meta name=\"twitter:creator\" content=\"@sonoraenequipo\" \/>\n<meta name=\"twitter:site\" content=\"@sonoraenequipo\" \/>\n<meta name=\"twitter:label1\" content=\"Escrito por\" \/>\n\t<meta name=\"twitter:data1\" content=\"enequipo\" \/>\n\t<meta name=\"twitter:label2\" content=\"Tiempo de lectura\" \/>\n\t<meta name=\"twitter:data2\" content=\"3 minutos\" \/>\n<script type=\"application\/ld+json\" class=\"yoast-schema-graph\">{\"@context\":\"https:\/\/schema.org\",\"@graph\":[{\"@type\":\"Article\",\"@id\":\"https:\/\/www.sonoraenequipo.com.mx\/ucrania-lanza-nueva-ofensiva-en-la-region-rusa-de-kursk\/#article\",\"isPartOf\":{\"@id\":\"https:\/\/www.sonoraenequipo.com.mx\/ucrania-lanza-nueva-ofensiva-en-la-region-rusa-de-kursk\/\"},\"author\":{\"name\":\"enequipo\",\"@id\":\"https:\/\/www.sonoraenequipo.com.mx\/#\/schema\/person\/50102df0fb23a8fa9e8effad8fa81386\"},\"headline\":\"Ucrania lanza nueva ofensiva en la regi\u00f3n rusa de Kursk\",\"datePublished\":\"2025-01-05T22:22:54+00:00\",\"mainEntityOfPage\":{\"@id\":\"https:\/\/www.sonoraenequipo.com.mx\/ucrania-lanza-nueva-ofensiva-en-la-region-rusa-de-kursk\/\"},\"wordCount\":681,\"commentCount\":0,\"publisher\":{\"@id\":\"https:\/\/www.sonoraenequipo.com.mx\/#organization\"},\"image\":{\"@id\":\"https:\/\/www.sonoraenequipo.com.mx\/ucrania-lanza-nueva-ofensiva-en-la-region-rusa-de-kursk\/#primaryimage\"},\"thumbnailUrl\":\"https:\/\/www.sonoraenequipo.com.mx\/storage\/2025\/01\/vehiculo-blindado.jpg\",\"keywords\":[\"guerra\",\"Rusia\",\"ucrania\"],\"articleSection\":[\"Sin categorizar\"],\"inLanguage\":\"es\",\"potentialAction\":[{\"@type\":\"CommentAction\",\"name\":\"Comment\",\"target\":[\"https:\/\/www.sonoraenequipo.com.mx\/ucrania-lanza-nueva-ofensiva-en-la-region-rusa-de-kursk\/#respond\"]}]},{\"@type\":\"WebPage\",\"@id\":\"https:\/\/www.sonoraenequipo.com.mx\/ucrania-lanza-nueva-ofensiva-en-la-region-rusa-de-kursk\/\",\"url\":\"https:\/\/www.sonoraenequipo.com.mx\/ucrania-lanza-nueva-ofensiva-en-la-region-rusa-de-kursk\/\",\"name\":\"Sonora en Equipo. Ucrania lanza nueva ofensiva en la regi\u00f3n rusa de Kursk\",\"isPartOf\":{\"@id\":\"https:\/\/www.sonoraenequipo.com.mx\/#website\"},\"primaryImageOfPage\":{\"@id\":\"https:\/\/www.sonoraenequipo.com.mx\/ucrania-lanza-nueva-ofensiva-en-la-region-rusa-de-kursk\/#primaryimage\"},\"image\":{\"@id\":\"https:\/\/www.sonoraenequipo.com.mx\/ucrania-lanza-nueva-ofensiva-en-la-region-rusa-de-kursk\/#primaryimage\"},\"thumbnailUrl\":\"https:\/\/www.sonoraenequipo.com.mx\/storage\/2025\/01\/vehiculo-blindado.jpg\",\"datePublished\":\"2025-01-05T22:22:54+00:00\",\"description\":\"Las fuerzas ucranianas lanzaron este domingo (05.01.2025) una nueva ofensiva en la regi\u00f3n occidental rusa de Kursk, tras el ataque sorpresa de agosto En Sonora en Equipo publicamos toda la informaci\u00f3n de Sonora, M\u00e9xico y el Mundo de manera oportuna y busca que la libertad de expresi\u00f3n sea real. Visita nuestro medio informativo publicado desde Hermosillo, Sonora. %\",\"breadcrumb\":{\"@id\":\"https:\/\/www.sonoraenequipo.com.mx\/ucrania-lanza-nueva-ofensiva-en-la-region-rusa-de-kursk\/#breadcrumb\"},\"inLanguage\":\"es\",\"potentialAction\":[{\"@type\":\"ReadAction\",\"target\":[\"https:\/\/www.sonoraenequipo.com.mx\/ucrania-lanza-nueva-ofensiva-en-la-region-rusa-de-kursk\/\"]}]},{\"@type\":\"ImageObject\",\"inLanguage\":\"es\",\"@id\":\"https:\/\/www.sonoraenequipo.com.mx\/ucrania-lanza-nueva-ofensiva-en-la-region-rusa-de-kursk\/#primaryimage\",\"url\":\"https:\/\/www.sonoraenequipo.com.mx\/storage\/2025\/01\/vehiculo-blindado.jpg\",\"contentUrl\":\"https:\/\/www.sonoraenequipo.com.mx\/storage\/2025\/01\/vehiculo-blindado.jpg\",\"width\":600,\"height\":400},{\"@type\":\"BreadcrumbList\",\"@id\":\"https:\/\/www.sonoraenequipo.com.mx\/ucrania-lanza-nueva-ofensiva-en-la-region-rusa-de-kursk\/#breadcrumb\",\"itemListElement\":[{\"@type\":\"ListItem\",\"position\":1,\"name\":\"Portada\",\"item\":\"https:\/\/www.sonoraenequipo.com.mx\/\"},{\"@type\":\"ListItem\",\"position\":2,\"name\":\"Ucrania lanza nueva ofensiva en la regi\u00f3n rusa de Kursk\"}]},{\"@type\":\"WebSite\",\"@id\":\"https:\/\/www.sonoraenequipo.com.mx\/#website\",\"url\":\"https:\/\/www.sonoraenequipo.com.mx\/\",\"name\":\"Sonora en Equipo.\",\"description\":\"Diario en l\u00ednea con Noticias desde Hermosillo, Sonora\",\"publisher\":{\"@id\":\"https:\/\/www.sonoraenequipo.com.mx\/#organization\"},\"potentialAction\":[{\"@type\":\"SearchAction\",\"target\":{\"@type\":\"EntryPoint\",\"urlTemplate\":\"https:\/\/www.sonoraenequipo.com.mx\/?s={search_term_string}\"},\"query-input\":{\"@type\":\"PropertyValueSpecification\",\"valueRequired\":true,\"valueName\":\"search_term_string\"}}],\"inLanguage\":\"es\"},{\"@type\":\"Organization\",\"@id\":\"https:\/\/www.sonoraenequipo.com.mx\/#organization\",\"name\":\"Sonoraenequipo.com.mx\",\"url\":\"https:\/\/www.sonoraenequipo.com.mx\/\",\"logo\":{\"@type\":\"ImageObject\",\"inLanguage\":\"es\",\"@id\":\"https:\/\/www.sonoraenequipo.com.mx\/#\/schema\/logo\/image\/\",\"url\":\"https:\/\/www.sonoraenequipo.com.mx\/storage\/2019\/01\/sonoraenequipo_opt.png\",\"contentUrl\":\"https:\/\/www.sonoraenequipo.com.mx\/storage\/2019\/01\/sonoraenequipo_opt.png\",\"width\":375,\"height\":125,\"caption\":\"Sonoraenequipo.com.mx\"},\"image\":{\"@id\":\"https:\/\/www.sonoraenequipo.com.mx\/#\/schema\/logo\/image\/\"},\"sameAs\":[\"https:\/\/www.facebook.com\/SonoraEE\/\",\"https:\/\/x.com\/sonoraenequipo\",\"https:\/\/www.youtube.com\/channel\/UC338nW-lPEYmJQs4ZABQ1SQ\"]},{\"@type\":\"Person\",\"@id\":\"https:\/\/www.sonoraenequipo.com.mx\/#\/schema\/person\/50102df0fb23a8fa9e8effad8fa81386\",\"name\":\"enequipo\",\"image\":{\"@type\":\"ImageObject\",\"inLanguage\":\"es\",\"@id\":\"https:\/\/www.sonoraenequipo.com.mx\/#\/schema\/person\/image\/\",\"url\":\"https:\/\/secure.gravatar.com\/avatar\/049821681b589dabc0bc20695993ccebb09f5b5d4d790cd9251b97faac7c652b?s=96&d=blank&r=g\",\"contentUrl\":\"https:\/\/secure.gravatar.com\/avatar\/049821681b589dabc0bc20695993ccebb09f5b5d4d790cd9251b97faac7c652b?s=96&d=blank&r=g\",\"caption\":\"enequipo\"},\"sameAs\":[\"https:\/\/www.facebook.com\/SonoraEE\"]}]}<\/script>\n ","yoast_head_json":{"title":"Sonora en Equipo. Ucrania lanza nueva ofensiva en la regi\u00f3n rusa de Kursk","description":"Las fuerzas ucranianas lanzaron este domingo (05.01.2025) una nueva ofensiva en la regi\u00f3n occidental rusa de Kursk, tras el ataque sorpresa de agosto En Sonora en Equipo publicamos toda la informaci\u00f3n de Sonora, M\u00e9xico y el Mundo de manera oportuna y busca que la libertad de expresi\u00f3n sea real. Visita nuestro medio informativo publicado desde Hermosillo, Sonora. %","robots":{"index":"index","follow":"follow","max-snippet":"max-snippet:-1","max-image-preview":"max-image-preview:large","max-video-preview":"max-video-preview:-1"},"canonical":"https:\/\/www.sonoraenequipo.com.mx\/ucrania-lanza-nueva-ofensiva-en-la-region-rusa-de-kursk\/","og_locale":"es_ES","og_type":"article","og_title":"Sonora en Equipo. Ucrania lanza nueva ofensiva en la regi\u00f3n rusa de Kursk","og_description":"Las fuerzas ucranianas lanzaron este domingo (05.01.2025) una nueva ofensiva en la regi\u00f3n occidental rusa de Kursk, tras el ataque sorpresa de agosto En Sonora en Equipo publicamos toda la informaci\u00f3n de Sonora, M\u00e9xico y el Mundo de manera oportuna y busca que la libertad de expresi\u00f3n sea real. Visita nuestro medio informativo publicado desde Hermosillo, Sonora. %","og_url":"https:\/\/www.sonoraenequipo.com.mx\/ucrania-lanza-nueva-ofensiva-en-la-region-rusa-de-kursk\/","og_site_name":"Sonora en Equipo.","article_publisher":"https:\/\/www.facebook.com\/SonoraEE\/","article_author":"https:\/\/www.facebook.com\/SonoraEE","article_published_time":"2025-01-05T22:22:54+00:00","og_image":[{"width":600,"height":400,"url":"https:\/\/www.sonoraenequipo.com.mx\/storage\/2025\/01\/vehiculo-blindado.jpg","type":"image\/jpeg"}],"author":"enequipo","twitter_card":"summary_large_image","twitter_creator":"@sonoraenequipo","twitter_site":"@sonoraenequipo","twitter_misc":{"Escrito por":"enequipo","Tiempo de lectura":"3 minutos"},"schema":{"@context":"https:\/\/schema.org","@graph":[{"@type":"Article","@id":"https:\/\/www.sonoraenequipo.com.mx\/ucrania-lanza-nueva-ofensiva-en-la-region-rusa-de-kursk\/#article","isPartOf":{"@id":"https:\/\/www.sonoraenequipo.com.mx\/ucrania-lanza-nueva-ofensiva-en-la-region-rusa-de-kursk\/"},"author":{"name":"enequipo","@id":"https:\/\/www.sonoraenequipo.com.mx\/#\/schema\/person\/50102df0fb23a8fa9e8effad8fa81386"},"headline":"Ucrania lanza nueva ofensiva en la regi\u00f3n rusa de Kursk","datePublished":"2025-01-05T22:22:54+00:00","mainEntityOfPage":{"@id":"https:\/\/www.sonoraenequipo.com.mx\/ucrania-lanza-nueva-ofensiva-en-la-region-rusa-de-kursk\/"},"wordCount":681,"commentCount":0,"publisher":{"@id":"https:\/\/www.sonoraenequipo.com.mx\/#organization"},"image":{"@id":"https:\/\/www.sonoraenequipo.com.mx\/ucrania-lanza-nueva-ofensiva-en-la-region-rusa-de-kursk\/#primaryimage"},"thumbnailUrl":"https:\/\/www.sonoraenequipo.com.mx\/storage\/2025\/01\/vehiculo-blindado.jpg","keywords":["guerra","Rusia","ucrania"],"articleSection":["Sin categorizar"],"inLanguage":"es","potentialAction":[{"@type":"CommentAction","name":"Comment","target":["https:\/\/www.sonoraenequipo.com.mx\/ucrania-lanza-nueva-ofensiva-en-la-region-rusa-de-kursk\/#respond"]}]},{"@type":"WebPage","@id":"https:\/\/www.sonoraenequipo.com.mx\/ucrania-lanza-nueva-ofensiva-en-la-region-rusa-de-kursk\/","url":"https:\/\/www.sonoraenequipo.com.mx\/ucrania-lanza-nueva-ofensiva-en-la-region-rusa-de-kursk\/","name":"Sonora en Equipo. Ucrania lanza nueva ofensiva en la regi\u00f3n rusa de Kursk","isPartOf":{"@id":"https:\/\/www.sonoraenequipo.com.mx\/#website"},"primaryImageOfPage":{"@id":"https:\/\/www.sonoraenequipo.com.mx\/ucrania-lanza-nueva-ofensiva-en-la-region-rusa-de-kursk\/#primaryimage"},"image":{"@id":"https:\/\/www.sonoraenequipo.com.mx\/ucrania-lanza-nueva-ofensiva-en-la-region-rusa-de-kursk\/#primaryimage"},"thumbnailUrl":"https:\/\/www.sonoraenequipo.com.mx\/storage\/2025\/01\/vehiculo-blindado.jpg","datePublished":"2025-01-05T22:22:54+00:00","description":"Las fuerzas ucranianas lanzaron este domingo (05.01.2025) una nueva ofensiva en la regi\u00f3n occidental rusa de Kursk, tras el ataque sorpresa de agosto En Sonora en Equipo publicamos toda la informaci\u00f3n de Sonora, M\u00e9xico y el Mundo de manera oportuna y busca que la libertad de expresi\u00f3n sea real. Visita nuestro medio informativo publicado desde Hermosillo, Sonora. %","breadcrumb":{"@id":"https:\/\/www.sonoraenequipo.com.mx\/ucrania-lanza-nueva-ofensiva-en-la-region-rusa-de-kursk\/#breadcrumb"},"inLanguage":"es","potentialAction":[{"@type":"ReadAction","target":["https:\/\/www.sonoraenequipo.com.mx\/ucrania-lanza-nueva-ofensiva-en-la-region-rusa-de-kursk\/"]}]},{"@type":"ImageObject","inLanguage":"es","@id":"https:\/\/www.sonoraenequipo.com.mx\/ucrania-lanza-nueva-ofensiva-en-la-region-rusa-de-kursk\/#primaryimage","url":"https:\/\/www.sonoraenequipo.com.mx\/storage\/2025\/01\/vehiculo-blindado.jpg","contentUrl":"https:\/\/www.sonoraenequipo.com.mx\/storage\/2025\/01\/vehiculo-blindado.jpg","width":600,"height":400},{"@type":"BreadcrumbList","@id":"https:\/\/www.sonoraenequipo.com.mx\/ucrania-lanza-nueva-ofensiva-en-la-region-rusa-de-kursk\/#breadcrumb","itemListElement":[{"@type":"ListItem","position":1,"name":"Portada","item":"https:\/\/www.sonoraenequipo.com.mx\/"},{"@type":"ListItem","position":2,"name":"Ucrania lanza nueva ofensiva en la regi\u00f3n rusa de Kursk"}]},{"@type":"WebSite","@id":"https:\/\/www.sonoraenequipo.com.mx\/#website","url":"https:\/\/www.sonoraenequipo.com.mx\/","name":"Sonora en Equipo.","description":"Diario en l\u00ednea con Noticias desde Hermosillo, Sonora","publisher":{"@id":"https:\/\/www.sonoraenequipo.com.mx\/#organization"},"potentialAction":[{"@type":"SearchAction","target":{"@type":"EntryPoint","urlTemplate":"https:\/\/www.sonoraenequipo.com.mx\/?s={search_term_string}"},"query-input":{"@type":"PropertyValueSpecification","valueRequired":true,"valueName":"search_term_string"}}],"inLanguage":"es"},{"@type":"Organization","@id":"https:\/\/www.sonoraenequipo.com.mx\/#organization","name":"Sonoraenequipo.com.mx","url":"https:\/\/www.sonoraenequipo.com.mx\/","logo":{"@type":"ImageObject","inLanguage":"es","@id":"https:\/\/www.sonoraenequipo.com.mx\/#\/schema\/logo\/image\/","url":"https:\/\/www.sonoraenequipo.com.mx\/storage\/2019\/01\/sonoraenequipo_opt.png","contentUrl":"https:\/\/www.sonoraenequipo.com.mx\/storage\/2019\/01\/sonoraenequipo_opt.png","width":375,"height":125,"caption":"Sonoraenequipo.com.mx"},"image":{"@id":"https:\/\/www.sonoraenequipo.com.mx\/#\/schema\/logo\/image\/"},"sameAs":["https:\/\/www.facebook.com\/SonoraEE\/","https:\/\/x.com\/sonoraenequipo","https:\/\/www.youtube.com\/channel\/UC338nW-lPEYmJQs4ZABQ1SQ"]},{"@type":"Person","@id":"https:\/\/www.sonoraenequipo.com.mx\/#\/schema\/person\/50102df0fb23a8fa9e8effad8fa81386","name":"enequipo","image":{"@type":"ImageObject","inLanguage":"es","@id":"https:\/\/www.sonoraenequipo.com.mx\/#\/schema\/person\/image\/","url":"https:\/\/secure.gravatar.com\/avatar\/049821681b589dabc0bc20695993ccebb09f5b5d4d790cd9251b97faac7c652b?s=96&d=blank&r=g","contentUrl":"https:\/\/secure.gravatar.com\/avatar\/049821681b589dabc0bc20695993ccebb09f5b5d4d790cd9251b97faac7c652b?s=96&d=blank&r=g","caption":"enequipo"},"sameAs":["https:\/\/www.facebook.com\/SonoraEE"]}]}},"jetpack_featured_media_url":"https:\/\/www.sonoraenequipo.com.mx\/storage\/2025\/01\/vehiculo-blindado.jpg","_links":{"self":[{"href":"https:\/\/www.sonoraenequipo.com.mx\/api\/wp\/v2\/posts\/207178","targetHints":{"allow":["GET"]}}],"collection":[{"href":"https:\/\/www.sonoraenequipo.com.mx\/api\/wp\/v2\/posts"}],"about":[{"href":"https:\/\/www.sonoraenequipo.com.mx\/api\/wp\/v2\/types\/post"}],"author":[{"embeddable":true,"href":"https:\/\/www.sonoraenequipo.com.mx\/api\/wp\/v2\/users\/1"}],"replies":[{"embeddable":true,"href":"https:\/\/www.sonoraenequipo.com.mx\/api\/wp\/v2\/comments?post=207178"}],"version-history":[{"count":1,"href":"https:\/\/www.sonoraenequipo.com.mx\/api\/wp\/v2\/posts\/207178\/revisions"}],"predecessor-version":[{"id":207180,"href":"https:\/\/www.sonoraenequipo.com.mx\/api\/wp\/v2\/posts\/207178\/revisions\/207180"}],"wp:featuredmedia":[{"embeddable":true,"href":"https:\/\/www.sonoraenequipo.com.mx\/api\/wp\/v2\/media\/207179"}],"wp:attachment":[{"href":"https:\/\/www.sonoraenequipo.com.mx\/api\/wp\/v2\/media?parent=207178"}],"wp:term":[{"taxonomy":"category","embeddable":true,"href":"https:\/\/www.sonoraenequipo.com.mx\/api\/wp\/v2\/categories?post=207178"},{"taxonomy":"post_tag","embeddable":true,"href":"https:\/\/www.sonoraenequipo.com.mx\/api\/wp\/v2\/tags?post=207178"}],"curies":[{"name":"wp","href":"https:\/\/api.w.org\/{rel}","templated":true}]}}