{"id":207218,"date":"2025-01-06T10:34:00","date_gmt":"2025-01-06T17:34:00","guid":{"rendered":"https:\/\/www.sonoraenequipo.com.mx\/?p=207218"},"modified":"2025-01-06T17:50:25","modified_gmt":"2025-01-07T00:50:25","slug":"justin-trudeau-dimite-como-primer-ministro-de-canada","status":"publish","type":"post","link":"https:\/\/www.sonoraenequipo.com.mx\/justin-trudeau-dimite-como-primer-ministro-de-canada\/","title":{"rendered":"Justin Trudeau dimite como primer ministro de Canad\u00e1"},"content":{"rendered":"<p><strong>OTTAWA,CANAD\u00c1.<\/strong><strong> \u0336 \u0336\u00a0 <\/strong>El primer ministro de Canad\u00e1, Justin Trudeau, anunci\u00f3 este lunes (06.01.2025) que dar\u00e1 un paso al costado como l\u00edder del gobernante Partido Liberal y como jefe de Gobierno despu\u00e9s de casi una d\u00e9cada en el poder. El anuncio lo realiz\u00f3 en una conferencia en su residencia en Ottawa, tras semanas de presi\u00f3n desde su propio partido.<\/p>\n<p> <\/p>\n<p>El dirigente, de 53 a\u00f1os, seguir\u00e1 ejerciendo hasta que su partido elija a un nuevo l\u00edder. \u00abMi intenci\u00f3n es dimitir como l\u00edder del partido y como primer ministro despu\u00e9s de que el partido escoja a su pr\u00f3ximo l\u00edder mediante un proceso nacional y competitivo\u201d, apunt\u00f3. \u00abEste pa\u00eds se merece una verdadera elecci\u00f3n en las pr\u00f3ximas votaciones, y ha quedado claro que si tengo que librar batallas internas, no puedo ser la mejor alternativa\u201d, agreg\u00f3.<\/p>\n<p>El Gobierno en minor\u00eda de Trudeau, ya muy impopular, recibi\u00f3 un duro golpe con la dimisi\u00f3n de su ministra de Finanzas, Chrystia Freeland, el mes pasado, tras conocerse divergencias entre ella y Trudeau respecto a la pol\u00edtica econ\u00f3mica del Gobierno. El premier, adem\u00e1s, es presionado por los legisladores de su partido, en medio de encuestas que muestran que los liberales ser\u00e1n aplastados en las pr\u00f3ximas votaciones.<\/p>\n<h3><strong>La ecuaci\u00f3n de Trudeau<\/strong><\/h3>\n<p>Trudeau agreg\u00f3 que el Parlamento ser\u00e1 suspendido hasta el 24 de marzo, lo que significa que es poco probable que haya elecciones antes de mayo. El primer ministro asumi\u00f3 el cargo en noviembre de 2015 y gan\u00f3 la reelecci\u00f3n dos veces, convirti\u00e9ndose en uno de los primeros ministros de Canad\u00e1 con m\u00e1s a\u00f1os en el cargo. Sin embargo, su popularidad empez\u00f3 a decaer hace dos a\u00f1os en medio del malestar ciudadano por los altos precios y la escasez de viviendas.<\/p>\n<p>Las encuestas muestran que los liberales perder\u00e1n por mucho frente a los conservadores, en una elecci\u00f3n que debe celebrarse a fines de octubre, m\u00e1s all\u00e1 de qui\u00e9n lidere el gobierno. \u00abSacarme de la ecuaci\u00f3n como el l\u00edder tambi\u00e9n deber\u00eda disminuir el nivel de polarizaci\u00f3n que estamos viendo ahora mismo en la C\u00e1mara y en la pol\u00edtica canadiense\u00bb, dijo Trudeau.<\/p>\n<p>Los conservadores son liderados por Pierre Poilievre, un pol\u00edtico que salt\u00f3 a la fama a principios de 2022 cuando apoy\u00f3 a los camioneros que tomaron el centro de Ottawa como parte de una protesta contra los mandatos de vacunaci\u00f3n contra el COVID-19.<\/p>\n<p><strong>Fecha de publicaci\u00f3n<\/strong><strong> lunes 6 de enero de 2025 \/DW<\/strong><\/p>\n","protected":false},"excerpt":{"rendered":"<p>OTTAWA,CANAD\u00c1. \u0336 \u0336\u00a0 El primer ministro de Canad\u00e1, Justin Trudeau, anunci\u00f3 este lunes (06.01.2025) que&#8230;<\/p>\n","protected":false},"author":1,"featured_media":39328,"comment_status":"open","ping_status":"open","sticky":false,"template":"","format":"standard","meta":{"_monsterinsights_skip_tracking":false,"_monsterinsights_sitenote_active":false,"_monsterinsights_sitenote_note":"","_monsterinsights_sitenote_category":0,"footnotes":""},"categories":[3],"tags":[1557,1952],"class_list":["post"],"yoast_head":" \n<title>Sonora en Equipo. Justin Trudeau dimite como primer ministro de Canad\u00e1 MUNDO<\/title>\n<meta name=\"description\" content=\"OTTAWA,CANAD\u00c1. \u0336 \u0336\u00a0 El primer ministro de Canad\u00e1, Justin Trudeau, anunci\u00f3 este lunes (06.01.2025) que dar\u00e1 un paso al costado como l\u00edder del gobernante En Sonora en Equipo publicamos toda la informaci\u00f3n de Sonora, M\u00e9xico y el Mundo de manera oportuna y busca que la libertad de expresi\u00f3n sea real. Visita nuestro medio informativo publicado desde Hermosillo, Sonora. %\" \/>\n<meta name=\"robots\" content=\"index, follow, max-snippet:-1, max-image-preview:large, max-video-preview:-1\" \/>\n<link rel=\"canonical\" href=\"https:\/\/www.sonoraenequipo.com.mx\/justin-trudeau-dimite-como-primer-ministro-de-canada\/\" \/>\n<meta property=\"og:locale\" content=\"es_ES\" \/>\n<meta property=\"og:type\" content=\"article\" \/>\n<meta property=\"og:title\" content=\"Sonora en Equipo. Justin Trudeau dimite como primer ministro de Canad\u00e1 MUNDO\" \/>\n<meta property=\"og:description\" content=\"OTTAWA,CANAD\u00c1. \u0336 \u0336\u00a0 El primer ministro de Canad\u00e1, Justin Trudeau, anunci\u00f3 este lunes (06.01.2025) que dar\u00e1 un paso al costado como l\u00edder del gobernante En Sonora en Equipo publicamos toda la informaci\u00f3n de Sonora, M\u00e9xico y el Mundo de manera oportuna y busca que la libertad de expresi\u00f3n sea real. Visita nuestro medio informativo publicado desde Hermosillo, Sonora. %\" \/>\n<meta property=\"og:url\" content=\"https:\/\/www.sonoraenequipo.com.mx\/justin-trudeau-dimite-como-primer-ministro-de-canada\/\" \/>\n<meta property=\"og:site_name\" content=\"Sonora en Equipo.\" \/>\n<meta property=\"article:publisher\" content=\"https:\/\/www.facebook.com\/SonoraEE\/\" \/>\n<meta property=\"article:author\" content=\"https:\/\/www.facebook.com\/SonoraEE\" \/>\n<meta property=\"article:published_time\" content=\"2025-01-06T17:34:00+00:00\" \/>\n<meta property=\"article:modified_time\" content=\"2025-01-07T00:50:25+00:00\" \/>\n<meta property=\"og:image\" content=\"https:\/\/www.sonoraenequipo.com.mx\/storage\/2018\/06\/trudeau_opt1.jpg\" \/>\n\t<meta property=\"og:image:width\" content=\"781\" \/>\n\t<meta property=\"og:image:height\" content=\"450\" \/>\n\t<meta property=\"og:image:type\" content=\"image\/jpeg\" \/>\n<meta name=\"author\" content=\"enequipo\" \/>\n<meta name=\"twitter:card\" content=\"summary_large_image\" \/>\n<meta name=\"twitter:creator\" content=\"@sonoraenequipo\" \/>\n<meta name=\"twitter:site\" content=\"@sonoraenequipo\" \/>\n<meta name=\"twitter:label1\" content=\"Escrito por\" \/>\n\t<meta name=\"twitter:data1\" content=\"enequipo\" \/>\n\t<meta name=\"twitter:label2\" content=\"Tiempo de lectura\" \/>\n\t<meta name=\"twitter:data2\" content=\"2 minutos\" \/>\n<script type=\"application\/ld+json\" class=\"yoast-schema-graph\">{\"@context\":\"https:\/\/schema.org\",\"@graph\":[{\"@type\":\"Article\",\"@id\":\"https:\/\/www.sonoraenequipo.com.mx\/justin-trudeau-dimite-como-primer-ministro-de-canada\/#article\",\"isPartOf\":{\"@id\":\"https:\/\/www.sonoraenequipo.com.mx\/justin-trudeau-dimite-como-primer-ministro-de-canada\/\"},\"author\":{\"name\":\"enequipo\",\"@id\":\"https:\/\/www.sonoraenequipo.com.mx\/#\/schema\/person\/50102df0fb23a8fa9e8effad8fa81386\"},\"headline\":\"Justin Trudeau dimite como primer ministro de Canad\u00e1\",\"datePublished\":\"2025-01-06T17:34:00+00:00\",\"dateModified\":\"2025-01-07T00:50:25+00:00\",\"mainEntityOfPage\":{\"@id\":\"https:\/\/www.sonoraenequipo.com.mx\/justin-trudeau-dimite-como-primer-ministro-de-canada\/\"},\"wordCount\":435,\"commentCount\":0,\"publisher\":{\"@id\":\"https:\/\/www.sonoraenequipo.com.mx\/#organization\"},\"image\":{\"@id\":\"https:\/\/www.sonoraenequipo.com.mx\/justin-trudeau-dimite-como-primer-ministro-de-canada\/#primaryimage\"},\"thumbnailUrl\":\"https:\/\/www.sonoraenequipo.com.mx\/storage\/2018\/06\/trudeau_opt1.jpg\",\"keywords\":[\"CANAD\u00c1\",\"Trudeau\"],\"articleSection\":[\"MUNDO\"],\"inLanguage\":\"es\",\"potentialAction\":[{\"@type\":\"CommentAction\",\"name\":\"Comment\",\"target\":[\"https:\/\/www.sonoraenequipo.com.mx\/justin-trudeau-dimite-como-primer-ministro-de-canada\/#respond\"]}]},{\"@type\":\"WebPage\",\"@id\":\"https:\/\/www.sonoraenequipo.com.mx\/justin-trudeau-dimite-como-primer-ministro-de-canada\/\",\"url\":\"https:\/\/www.sonoraenequipo.com.mx\/justin-trudeau-dimite-como-primer-ministro-de-canada\/\",\"name\":\"Sonora en Equipo. Justin Trudeau dimite como primer ministro de Canad\u00e1 MUNDO\",\"isPartOf\":{\"@id\":\"https:\/\/www.sonoraenequipo.com.mx\/#website\"},\"primaryImageOfPage\":{\"@id\":\"https:\/\/www.sonoraenequipo.com.mx\/justin-trudeau-dimite-como-primer-ministro-de-canada\/#primaryimage\"},\"image\":{\"@id\":\"https:\/\/www.sonoraenequipo.com.mx\/justin-trudeau-dimite-como-primer-ministro-de-canada\/#primaryimage\"},\"thumbnailUrl\":\"https:\/\/www.sonoraenequipo.com.mx\/storage\/2018\/06\/trudeau_opt1.jpg\",\"datePublished\":\"2025-01-06T17:34:00+00:00\",\"dateModified\":\"2025-01-07T00:50:25+00:00\",\"description\":\"OTTAWA,CANAD\u00c1. \u0336 \u0336\u00a0 El primer ministro de Canad\u00e1, Justin Trudeau, anunci\u00f3 este lunes (06.01.2025) que dar\u00e1 un paso al costado como l\u00edder del gobernante En Sonora en Equipo publicamos toda la informaci\u00f3n de Sonora, M\u00e9xico y el Mundo de manera oportuna y busca que la libertad de expresi\u00f3n sea real. Visita nuestro medio informativo publicado desde Hermosillo, Sonora. %\",\"breadcrumb\":{\"@id\":\"https:\/\/www.sonoraenequipo.com.mx\/justin-trudeau-dimite-como-primer-ministro-de-canada\/#breadcrumb\"},\"inLanguage\":\"es\",\"potentialAction\":[{\"@type\":\"ReadAction\",\"target\":[\"https:\/\/www.sonoraenequipo.com.mx\/justin-trudeau-dimite-como-primer-ministro-de-canada\/\"]}]},{\"@type\":\"ImageObject\",\"inLanguage\":\"es\",\"@id\":\"https:\/\/www.sonoraenequipo.com.mx\/justin-trudeau-dimite-como-primer-ministro-de-canada\/#primaryimage\",\"url\":\"https:\/\/www.sonoraenequipo.com.mx\/storage\/2018\/06\/trudeau_opt1.jpg\",\"contentUrl\":\"https:\/\/www.sonoraenequipo.com.mx\/storage\/2018\/06\/trudeau_opt1.jpg\",\"width\":781,\"height\":450,\"caption\":\"Canada's Prime Minister Justin Trudeau takes part in a news conference in Ottawa, Ontario, Canada, June 20, 2018. REUTERS\/Chris Wattie\"},{\"@type\":\"BreadcrumbList\",\"@id\":\"https:\/\/www.sonoraenequipo.com.mx\/justin-trudeau-dimite-como-primer-ministro-de-canada\/#breadcrumb\",\"itemListElement\":[{\"@type\":\"ListItem\",\"position\":1,\"name\":\"Portada\",\"item\":\"https:\/\/www.sonoraenequipo.com.mx\/\"},{\"@type\":\"ListItem\",\"position\":2,\"name\":\"Justin Trudeau dimite como primer ministro de Canad\u00e1\"}]},{\"@type\":\"WebSite\",\"@id\":\"https:\/\/www.sonoraenequipo.com.mx\/#website\",\"url\":\"https:\/\/www.sonoraenequipo.com.mx\/\",\"name\":\"Sonora en Equipo.\",\"description\":\"Diario en l\u00ednea con Noticias desde Hermosillo, Sonora\",\"publisher\":{\"@id\":\"https:\/\/www.sonoraenequipo.com.mx\/#organization\"},\"potentialAction\":[{\"@type\":\"SearchAction\",\"target\":{\"@type\":\"EntryPoint\",\"urlTemplate\":\"https:\/\/www.sonoraenequipo.com.mx\/?s={search_term_string}\"},\"query-input\":{\"@type\":\"PropertyValueSpecification\",\"valueRequired\":true,\"valueName\":\"search_term_string\"}}],\"inLanguage\":\"es\"},{\"@type\":\"Organization\",\"@id\":\"https:\/\/www.sonoraenequipo.com.mx\/#organization\",\"name\":\"Sonoraenequipo.com.mx\",\"url\":\"https:\/\/www.sonoraenequipo.com.mx\/\",\"logo\":{\"@type\":\"ImageObject\",\"inLanguage\":\"es\",\"@id\":\"https:\/\/www.sonoraenequipo.com.mx\/#\/schema\/logo\/image\/\",\"url\":\"https:\/\/www.sonoraenequipo.com.mx\/storage\/2019\/01\/sonoraenequipo_opt.png\",\"contentUrl\":\"https:\/\/www.sonoraenequipo.com.mx\/storage\/2019\/01\/sonoraenequipo_opt.png\",\"width\":375,\"height\":125,\"caption\":\"Sonoraenequipo.com.mx\"},\"image\":{\"@id\":\"https:\/\/www.sonoraenequipo.com.mx\/#\/schema\/logo\/image\/\"},\"sameAs\":[\"https:\/\/www.facebook.com\/SonoraEE\/\",\"https:\/\/x.com\/sonoraenequipo\",\"https:\/\/www.youtube.com\/channel\/UC338nW-lPEYmJQs4ZABQ1SQ\"]},{\"@type\":\"Person\",\"@id\":\"https:\/\/www.sonoraenequipo.com.mx\/#\/schema\/person\/50102df0fb23a8fa9e8effad8fa81386\",\"name\":\"enequipo\",\"image\":{\"@type\":\"ImageObject\",\"inLanguage\":\"es\",\"@id\":\"https:\/\/www.sonoraenequipo.com.mx\/#\/schema\/person\/image\/\",\"url\":\"https:\/\/secure.gravatar.com\/avatar\/049821681b589dabc0bc20695993ccebb09f5b5d4d790cd9251b97faac7c652b?s=96&d=blank&r=g\",\"contentUrl\":\"https:\/\/secure.gravatar.com\/avatar\/049821681b589dabc0bc20695993ccebb09f5b5d4d790cd9251b97faac7c652b?s=96&d=blank&r=g\",\"caption\":\"enequipo\"},\"sameAs\":[\"https:\/\/www.facebook.com\/SonoraEE\"]}]}<\/script>\n ","yoast_head_json":{"title":"Sonora en Equipo. Justin Trudeau dimite como primer ministro de Canad\u00e1 MUNDO","description":"OTTAWA,CANAD\u00c1. \u0336 \u0336\u00a0 El primer ministro de Canad\u00e1, Justin Trudeau, anunci\u00f3 este lunes (06.01.2025) que dar\u00e1 un paso al costado como l\u00edder del gobernante En Sonora en Equipo publicamos toda la informaci\u00f3n de Sonora, M\u00e9xico y el Mundo de manera oportuna y busca que la libertad de expresi\u00f3n sea real. Visita nuestro medio informativo publicado desde Hermosillo, Sonora. %","robots":{"index":"index","follow":"follow","max-snippet":"max-snippet:-1","max-image-preview":"max-image-preview:large","max-video-preview":"max-video-preview:-1"},"canonical":"https:\/\/www.sonoraenequipo.com.mx\/justin-trudeau-dimite-como-primer-ministro-de-canada\/","og_locale":"es_ES","og_type":"article","og_title":"Sonora en Equipo. Justin Trudeau dimite como primer ministro de Canad\u00e1 MUNDO","og_description":"OTTAWA,CANAD\u00c1. \u0336 \u0336\u00a0 El primer ministro de Canad\u00e1, Justin Trudeau, anunci\u00f3 este lunes (06.01.2025) que dar\u00e1 un paso al costado como l\u00edder del gobernante En Sonora en Equipo publicamos toda la informaci\u00f3n de Sonora, M\u00e9xico y el Mundo de manera oportuna y busca que la libertad de expresi\u00f3n sea real. Visita nuestro medio informativo publicado desde Hermosillo, Sonora. %","og_url":"https:\/\/www.sonoraenequipo.com.mx\/justin-trudeau-dimite-como-primer-ministro-de-canada\/","og_site_name":"Sonora en Equipo.","article_publisher":"https:\/\/www.facebook.com\/SonoraEE\/","article_author":"https:\/\/www.facebook.com\/SonoraEE","article_published_time":"2025-01-06T17:34:00+00:00","article_modified_time":"2025-01-07T00:50:25+00:00","og_image":[{"width":781,"height":450,"url":"https:\/\/www.sonoraenequipo.com.mx\/storage\/2018\/06\/trudeau_opt1.jpg","type":"image\/jpeg"}],"author":"enequipo","twitter_card":"summary_large_image","twitter_creator":"@sonoraenequipo","twitter_site":"@sonoraenequipo","twitter_misc":{"Escrito por":"enequipo","Tiempo de lectura":"2 minutos"},"schema":{"@context":"https:\/\/schema.org","@graph":[{"@type":"Article","@id":"https:\/\/www.sonoraenequipo.com.mx\/justin-trudeau-dimite-como-primer-ministro-de-canada\/#article","isPartOf":{"@id":"https:\/\/www.sonoraenequipo.com.mx\/justin-trudeau-dimite-como-primer-ministro-de-canada\/"},"author":{"name":"enequipo","@id":"https:\/\/www.sonoraenequipo.com.mx\/#\/schema\/person\/50102df0fb23a8fa9e8effad8fa81386"},"headline":"Justin Trudeau dimite como primer ministro de Canad\u00e1","datePublished":"2025-01-06T17:34:00+00:00","dateModified":"2025-01-07T00:50:25+00:00","mainEntityOfPage":{"@id":"https:\/\/www.sonoraenequipo.com.mx\/justin-trudeau-dimite-como-primer-ministro-de-canada\/"},"wordCount":435,"commentCount":0,"publisher":{"@id":"https:\/\/www.sonoraenequipo.com.mx\/#organization"},"image":{"@id":"https:\/\/www.sonoraenequipo.com.mx\/justin-trudeau-dimite-como-primer-ministro-de-canada\/#primaryimage"},"thumbnailUrl":"https:\/\/www.sonoraenequipo.com.mx\/storage\/2018\/06\/trudeau_opt1.jpg","keywords":["CANAD\u00c1","Trudeau"],"articleSection":["MUNDO"],"inLanguage":"es","potentialAction":[{"@type":"CommentAction","name":"Comment","target":["https:\/\/www.sonoraenequipo.com.mx\/justin-trudeau-dimite-como-primer-ministro-de-canada\/#respond"]}]},{"@type":"WebPage","@id":"https:\/\/www.sonoraenequipo.com.mx\/justin-trudeau-dimite-como-primer-ministro-de-canada\/","url":"https:\/\/www.sonoraenequipo.com.mx\/justin-trudeau-dimite-como-primer-ministro-de-canada\/","name":"Sonora en Equipo. Justin Trudeau dimite como primer ministro de Canad\u00e1 MUNDO","isPartOf":{"@id":"https:\/\/www.sonoraenequipo.com.mx\/#website"},"primaryImageOfPage":{"@id":"https:\/\/www.sonoraenequipo.com.mx\/justin-trudeau-dimite-como-primer-ministro-de-canada\/#primaryimage"},"image":{"@id":"https:\/\/www.sonoraenequipo.com.mx\/justin-trudeau-dimite-como-primer-ministro-de-canada\/#primaryimage"},"thumbnailUrl":"https:\/\/www.sonoraenequipo.com.mx\/storage\/2018\/06\/trudeau_opt1.jpg","datePublished":"2025-01-06T17:34:00+00:00","dateModified":"2025-01-07T00:50:25+00:00","description":"OTTAWA,CANAD\u00c1. \u0336 \u0336\u00a0 El primer ministro de Canad\u00e1, Justin Trudeau, anunci\u00f3 este lunes (06.01.2025) que dar\u00e1 un paso al costado como l\u00edder del gobernante En Sonora en Equipo publicamos toda la informaci\u00f3n de Sonora, M\u00e9xico y el Mundo de manera oportuna y busca que la libertad de expresi\u00f3n sea real. Visita nuestro medio informativo publicado desde Hermosillo, Sonora. %","breadcrumb":{"@id":"https:\/\/www.sonoraenequipo.com.mx\/justin-trudeau-dimite-como-primer-ministro-de-canada\/#breadcrumb"},"inLanguage":"es","potentialAction":[{"@type":"ReadAction","target":["https:\/\/www.sonoraenequipo.com.mx\/justin-trudeau-dimite-como-primer-ministro-de-canada\/"]}]},{"@type":"ImageObject","inLanguage":"es","@id":"https:\/\/www.sonoraenequipo.com.mx\/justin-trudeau-dimite-como-primer-ministro-de-canada\/#primaryimage","url":"https:\/\/www.sonoraenequipo.com.mx\/storage\/2018\/06\/trudeau_opt1.jpg","contentUrl":"https:\/\/www.sonoraenequipo.com.mx\/storage\/2018\/06\/trudeau_opt1.jpg","width":781,"height":450,"caption":"Canada's Prime Minister Justin Trudeau takes part in a news conference in Ottawa, Ontario, Canada, June 20, 2018. REUTERS\/Chris Wattie"},{"@type":"BreadcrumbList","@id":"https:\/\/www.sonoraenequipo.com.mx\/justin-trudeau-dimite-como-primer-ministro-de-canada\/#breadcrumb","itemListElement":[{"@type":"ListItem","position":1,"name":"Portada","item":"https:\/\/www.sonoraenequipo.com.mx\/"},{"@type":"ListItem","position":2,"name":"Justin Trudeau dimite como primer ministro de Canad\u00e1"}]},{"@type":"WebSite","@id":"https:\/\/www.sonoraenequipo.com.mx\/#website","url":"https:\/\/www.sonoraenequipo.com.mx\/","name":"Sonora en Equipo.","description":"Diario en l\u00ednea con Noticias desde Hermosillo, Sonora","publisher":{"@id":"https:\/\/www.sonoraenequipo.com.mx\/#organization"},"potentialAction":[{"@type":"SearchAction","target":{"@type":"EntryPoint","urlTemplate":"https:\/\/www.sonoraenequipo.com.mx\/?s={search_term_string}"},"query-input":{"@type":"PropertyValueSpecification","valueRequired":true,"valueName":"search_term_string"}}],"inLanguage":"es"},{"@type":"Organization","@id":"https:\/\/www.sonoraenequipo.com.mx\/#organization","name":"Sonoraenequipo.com.mx","url":"https:\/\/www.sonoraenequipo.com.mx\/","logo":{"@type":"ImageObject","inLanguage":"es","@id":"https:\/\/www.sonoraenequipo.com.mx\/#\/schema\/logo\/image\/","url":"https:\/\/www.sonoraenequipo.com.mx\/storage\/2019\/01\/sonoraenequipo_opt.png","contentUrl":"https:\/\/www.sonoraenequipo.com.mx\/storage\/2019\/01\/sonoraenequipo_opt.png","width":375,"height":125,"caption":"Sonoraenequipo.com.mx"},"image":{"@id":"https:\/\/www.sonoraenequipo.com.mx\/#\/schema\/logo\/image\/"},"sameAs":["https:\/\/www.facebook.com\/SonoraEE\/","https:\/\/x.com\/sonoraenequipo","https:\/\/www.youtube.com\/channel\/UC338nW-lPEYmJQs4ZABQ1SQ"]},{"@type":"Person","@id":"https:\/\/www.sonoraenequipo.com.mx\/#\/schema\/person\/50102df0fb23a8fa9e8effad8fa81386","name":"enequipo","image":{"@type":"ImageObject","inLanguage":"es","@id":"https:\/\/www.sonoraenequipo.com.mx\/#\/schema\/person\/image\/","url":"https:\/\/secure.gravatar.com\/avatar\/049821681b589dabc0bc20695993ccebb09f5b5d4d790cd9251b97faac7c652b?s=96&d=blank&r=g","contentUrl":"https:\/\/secure.gravatar.com\/avatar\/049821681b589dabc0bc20695993ccebb09f5b5d4d790cd9251b97faac7c652b?s=96&d=blank&r=g","caption":"enequipo"},"sameAs":["https:\/\/www.facebook.com\/SonoraEE"]}]}},"jetpack_featured_media_url":"https:\/\/www.sonoraenequipo.com.mx\/storage\/2018\/06\/trudeau_opt1.jpg","_links":{"self":[{"href":"https:\/\/www.sonoraenequipo.com.mx\/api\/wp\/v2\/posts\/207218","targetHints":{"allow":["GET"]}}],"collection":[{"href":"https:\/\/www.sonoraenequipo.com.mx\/api\/wp\/v2\/posts"}],"about":[{"href":"https:\/\/www.sonoraenequipo.com.mx\/api\/wp\/v2\/types\/post"}],"author":[{"embeddable":true,"href":"https:\/\/www.sonoraenequipo.com.mx\/api\/wp\/v2\/users\/1"}],"replies":[{"embeddable":true,"href":"https:\/\/www.sonoraenequipo.com.mx\/api\/wp\/v2\/comments?post=207218"}],"version-history":[{"count":2,"href":"https:\/\/www.sonoraenequipo.com.mx\/api\/wp\/v2\/posts\/207218\/revisions"}],"predecessor-version":[{"id":207252,"href":"https:\/\/www.sonoraenequipo.com.mx\/api\/wp\/v2\/posts\/207218\/revisions\/207252"}],"wp:featuredmedia":[{"embeddable":true,"href":"https:\/\/www.sonoraenequipo.com.mx\/api\/wp\/v2\/media\/39328"}],"wp:attachment":[{"href":"https:\/\/www.sonoraenequipo.com.mx\/api\/wp\/v2\/media?parent=207218"}],"wp:term":[{"taxonomy":"category","embeddable":true,"href":"https:\/\/www.sonoraenequipo.com.mx\/api\/wp\/v2\/categories?post=207218"},{"taxonomy":"post_tag","embeddable":true,"href":"https:\/\/www.sonoraenequipo.com.mx\/api\/wp\/v2\/tags?post=207218"}],"curies":[{"name":"wp","href":"https:\/\/api.w.org\/{rel}","templated":true}]}}