{"id":207224,"date":"2025-01-06T08:14:00","date_gmt":"2025-01-06T15:14:00","guid":{"rendered":"https:\/\/www.sonoraenequipo.com.mx\/?p=207224"},"modified":"2025-01-06T13:37:04","modified_gmt":"2025-01-06T20:37:04","slug":"el-gobierno-de-mexico-lanzo-olinia-el-proyecto-de-la-primera-armadora-mexicana-de-mini-vehiculos-electricos","status":"publish","type":"post","link":"https:\/\/www.sonoraenequipo.com.mx\/el-gobierno-de-mexico-lanzo-olinia-el-proyecto-de-la-primera-armadora-mexicana-de-mini-vehiculos-electricos\/","title":{"rendered":"El Gobierno de M\u00e9xico lanz\u00f3 Olinia, el proyecto de la primera armadora mexicana de mini veh\u00edculos el\u00e9ctricos."},"content":{"rendered":"<p><strong>CIUDAD DE M\u00c9XICO. MX. \u2014<\/strong> De acuerdo a lo dado a conocer por el gobierno de la presidenta Claudia Sheinbaum, Olinia tendr\u00e1 tres versiones y su costo ser\u00e1 de entre 90 mil y 150 mil pesos, adelant\u00f3 Roberto Capuano Tripp, encargado del Proyecto de Desarrollo Sustentable del Estado de M\u00e9xico, Hidalgo y Ciudad de M\u00e9xico.<\/p>\n<p>&nbsp;<\/p>\n<p>&nbsp;<\/p>\n<p> <\/p>\n<p><strong><em>\u00abSon tres diferentes modelos o de tres diferentes usos. El costo que estimamos tendr\u00e1 un rango de entre los 90 mil y 150 mil dependiendo el modelo, entonces podemos pensar que el m\u00e1s barato ser\u00e1 el de movilidad personal y probablemente el que tenga un costo mayor ser\u00e1 el de env\u00edos de \u00faltima milla\u00bb,<\/em><\/strong> explic\u00f3.<\/p>\n<p>&nbsp;<\/p>\n<p>&nbsp;<\/p>\n<p>&nbsp;<\/p>\n<p>El proyecto fue presentado en la conferencia matutina de Palacio nacional por la presidenta donde detall\u00f3 que estos autos ser\u00e1n 100% mexicanos.<\/p>\n<p>&nbsp;<\/p>\n<p>&nbsp;<\/p>\n<h3>Los tres modelos previstos son:<\/h3>\n<p>&nbsp;<\/p>\n<p>&nbsp;<\/p>\n<p><strong>Para uso personal<\/strong><\/p>\n<p>&nbsp;<\/p>\n<p><strong>Para movilidad de barrio<\/strong><\/p>\n<p>&nbsp;<\/p>\n<p><strong>Para entregas de \u00faltima milla<\/strong><\/p>\n<p>&nbsp;<\/p>\n<p>&nbsp;<\/p>\n<p><em><strong>\u00abOlinia es esta red de autos el\u00e9ctricos que queremos construir 100 por ciento mexicanos. Ya est\u00e1 el proyecto de estrategia y se los vamos a presentar hoy<\/strong><\/em>\u201d, dijo la presidenta de M\u00e9xico.<\/p>\n<p>&nbsp;<\/p>\n<p>&nbsp;<\/p>\n<p>&nbsp;<\/p>\n<p><em><strong>\u201cEste auto peque\u00f1o debe tener la caracter\u00edstica de ser seguro; que sea el\u00e9ctrico que se pueda conectar en cualquier enchufe y que la mayor\u00eda de sus componentes sean mexicanos. Hasta el momento ya tenemos el equipo de trabajo, en su momento ya se invitar\u00e1 a empresas privadas\u201d,<\/strong><\/em> agreg\u00f3.<\/p>\n<p>&nbsp;<\/p>\n<p>&nbsp;<\/p>\n<p>&nbsp;<\/p>\n<p>Seg\u00fan la mandataria, la idea es que el dise\u00f1o quede listo \u00abpronto\u00bb y ya con eso \u00abla armadora va a tener que abrirse. Se va a abrir un concurso probablemente para ver qu\u00e9 empresa privada ofrece las mejores condiciones para poder construirlo\u201d, destac\u00f3.<\/p>\n<p>&nbsp;<\/p>\n<p>&nbsp;<\/p>\n<p>&nbsp;<\/p>\n<p>Por su parte, Capuano Tripp, \u00abpara el final del sexenio nuestra meta es lanzar los tres modelos bajo una empresa con inversi\u00f3n p\u00fablica y con inversi\u00f3n privada que sea viable econ\u00f3micamente y que tenga perspectivas de largo plazo. Ahora bien, para nuestro primer modelo es que lleguemos al partido de inauguraci\u00f3n del mundial de 2026 en el Estadio Azteca en un Olinia\u00bb.<\/p>\n<p>&nbsp;<\/p>\n<p>&nbsp;<\/p>\n<p>&nbsp;<\/p>\n<p>PUBLICADO EL 06 DE DICIEMBRE DE 2024 Con informaci\u00f3n de AP)<\/p>\n","protected":false},"excerpt":{"rendered":"<p>CIUDAD DE M\u00c9XICO. MX. \u2014 De acuerdo a lo dado a conocer por el gobierno&#8230;<\/p>\n","protected":false},"author":1,"featured_media":207225,"comment_status":"open","ping_status":"open","sticky":false,"template":"","format":"standard","meta":{"_monsterinsights_skip_tracking":false,"_monsterinsights_sitenote_active":false,"_monsterinsights_sitenote_note":"","_monsterinsights_sitenote_category":0,"footnotes":""},"categories":[3],"tags":[],"class_list":["post"],"yoast_head":" \n<title>Sonora en Equipo. El Gobierno de M\u00e9xico lanz\u00f3 Olinia, el proyecto de la primera armadora mexicana de mini veh\u00edculos el\u00e9ctricos. MUNDO<\/title>\n<meta name=\"description\" content=\"CIUDAD DE M\u00c9XICO. MX. \u2014 De acuerdo a lo dado a conocer por el gobierno de la presidenta Claudia Sheinbaum, Olinia tendr\u00e1 tres versiones y su costo ser\u00e1 de En Sonora en Equipo publicamos toda la informaci\u00f3n de Sonora, M\u00e9xico y el Mundo de manera oportuna y busca que la libertad de expresi\u00f3n sea real. Visita nuestro medio informativo publicado desde Hermosillo, Sonora. %\" \/>\n<meta name=\"robots\" content=\"index, follow, max-snippet:-1, max-image-preview:large, max-video-preview:-1\" \/>\n<link rel=\"canonical\" href=\"https:\/\/www.sonoraenequipo.com.mx\/el-gobierno-de-mexico-lanzo-olinia-el-proyecto-de-la-primera-armadora-mexicana-de-mini-vehiculos-electricos\/\" \/>\n<meta property=\"og:locale\" content=\"es_ES\" \/>\n<meta property=\"og:type\" content=\"article\" \/>\n<meta property=\"og:title\" content=\"Sonora en Equipo. El Gobierno de M\u00e9xico lanz\u00f3 Olinia, el proyecto de la primera armadora mexicana de mini veh\u00edculos el\u00e9ctricos. MUNDO\" \/>\n<meta property=\"og:description\" content=\"CIUDAD DE M\u00c9XICO. MX. \u2014 De acuerdo a lo dado a conocer por el gobierno de la presidenta Claudia Sheinbaum, Olinia tendr\u00e1 tres versiones y su costo ser\u00e1 de En Sonora en Equipo publicamos toda la informaci\u00f3n de Sonora, M\u00e9xico y el Mundo de manera oportuna y busca que la libertad de expresi\u00f3n sea real. Visita nuestro medio informativo publicado desde Hermosillo, Sonora. %\" \/>\n<meta property=\"og:url\" content=\"https:\/\/www.sonoraenequipo.com.mx\/el-gobierno-de-mexico-lanzo-olinia-el-proyecto-de-la-primera-armadora-mexicana-de-mini-vehiculos-electricos\/\" \/>\n<meta property=\"og:site_name\" content=\"Sonora en Equipo.\" \/>\n<meta property=\"article:publisher\" content=\"https:\/\/www.facebook.com\/SonoraEE\/\" \/>\n<meta property=\"article:author\" content=\"https:\/\/www.facebook.com\/SonoraEE\" \/>\n<meta property=\"article:published_time\" content=\"2025-01-06T15:14:00+00:00\" \/>\n<meta property=\"article:modified_time\" content=\"2025-01-06T20:37:04+00:00\" \/>\n<meta property=\"og:image\" content=\"https:\/\/www.sonoraenequipo.com.mx\/storage\/2025\/01\/ONLINEA.-la-nueva-era-en-vehiculos-elecricos-en-Mexico-min.jpg\" \/>\n\t<meta property=\"og:image:width\" content=\"1099\" \/>\n\t<meta property=\"og:image:height\" content=\"579\" \/>\n\t<meta property=\"og:image:type\" content=\"image\/jpeg\" \/>\n<meta name=\"author\" content=\"enequipo\" \/>\n<meta name=\"twitter:card\" content=\"summary_large_image\" \/>\n<meta name=\"twitter:creator\" content=\"@sonoraenequipo\" \/>\n<meta name=\"twitter:site\" content=\"@sonoraenequipo\" \/>\n<meta name=\"twitter:label1\" content=\"Escrito por\" \/>\n\t<meta name=\"twitter:data1\" content=\"enequipo\" \/>\n\t<meta name=\"twitter:label2\" content=\"Tiempo de lectura\" \/>\n\t<meta name=\"twitter:data2\" content=\"2 minutos\" \/>\n<script type=\"application\/ld+json\" class=\"yoast-schema-graph\">{\"@context\":\"https:\/\/schema.org\",\"@graph\":[{\"@type\":\"Article\",\"@id\":\"https:\/\/www.sonoraenequipo.com.mx\/el-gobierno-de-mexico-lanzo-olinia-el-proyecto-de-la-primera-armadora-mexicana-de-mini-vehiculos-electricos\/#article\",\"isPartOf\":{\"@id\":\"https:\/\/www.sonoraenequipo.com.mx\/el-gobierno-de-mexico-lanzo-olinia-el-proyecto-de-la-primera-armadora-mexicana-de-mini-vehiculos-electricos\/\"},\"author\":{\"name\":\"enequipo\",\"@id\":\"https:\/\/www.sonoraenequipo.com.mx\/#\/schema\/person\/50102df0fb23a8fa9e8effad8fa81386\"},\"headline\":\"El Gobierno de M\u00e9xico lanz\u00f3 Olinia, el proyecto de la primera armadora mexicana de mini veh\u00edculos el\u00e9ctricos.\",\"datePublished\":\"2025-01-06T15:14:00+00:00\",\"dateModified\":\"2025-01-06T20:37:04+00:00\",\"mainEntityOfPage\":{\"@id\":\"https:\/\/www.sonoraenequipo.com.mx\/el-gobierno-de-mexico-lanzo-olinia-el-proyecto-de-la-primera-armadora-mexicana-de-mini-vehiculos-electricos\/\"},\"wordCount\":400,\"commentCount\":0,\"publisher\":{\"@id\":\"https:\/\/www.sonoraenequipo.com.mx\/#organization\"},\"image\":{\"@id\":\"https:\/\/www.sonoraenequipo.com.mx\/el-gobierno-de-mexico-lanzo-olinia-el-proyecto-de-la-primera-armadora-mexicana-de-mini-vehiculos-electricos\/#primaryimage\"},\"thumbnailUrl\":\"https:\/\/www.sonoraenequipo.com.mx\/storage\/2025\/01\/ONLINEA.-la-nueva-era-en-vehiculos-elecricos-en-Mexico-min.jpg\",\"articleSection\":[\"MUNDO\"],\"inLanguage\":\"es\",\"potentialAction\":[{\"@type\":\"CommentAction\",\"name\":\"Comment\",\"target\":[\"https:\/\/www.sonoraenequipo.com.mx\/el-gobierno-de-mexico-lanzo-olinia-el-proyecto-de-la-primera-armadora-mexicana-de-mini-vehiculos-electricos\/#respond\"]}]},{\"@type\":\"WebPage\",\"@id\":\"https:\/\/www.sonoraenequipo.com.mx\/el-gobierno-de-mexico-lanzo-olinia-el-proyecto-de-la-primera-armadora-mexicana-de-mini-vehiculos-electricos\/\",\"url\":\"https:\/\/www.sonoraenequipo.com.mx\/el-gobierno-de-mexico-lanzo-olinia-el-proyecto-de-la-primera-armadora-mexicana-de-mini-vehiculos-electricos\/\",\"name\":\"Sonora en Equipo. El Gobierno de M\u00e9xico lanz\u00f3 Olinia, el proyecto de la primera armadora mexicana de mini veh\u00edculos el\u00e9ctricos. MUNDO\",\"isPartOf\":{\"@id\":\"https:\/\/www.sonoraenequipo.com.mx\/#website\"},\"primaryImageOfPage\":{\"@id\":\"https:\/\/www.sonoraenequipo.com.mx\/el-gobierno-de-mexico-lanzo-olinia-el-proyecto-de-la-primera-armadora-mexicana-de-mini-vehiculos-electricos\/#primaryimage\"},\"image\":{\"@id\":\"https:\/\/www.sonoraenequipo.com.mx\/el-gobierno-de-mexico-lanzo-olinia-el-proyecto-de-la-primera-armadora-mexicana-de-mini-vehiculos-electricos\/#primaryimage\"},\"thumbnailUrl\":\"https:\/\/www.sonoraenequipo.com.mx\/storage\/2025\/01\/ONLINEA.-la-nueva-era-en-vehiculos-elecricos-en-Mexico-min.jpg\",\"datePublished\":\"2025-01-06T15:14:00+00:00\",\"dateModified\":\"2025-01-06T20:37:04+00:00\",\"description\":\"CIUDAD DE M\u00c9XICO. MX. \u2014 De acuerdo a lo dado a conocer por el gobierno de la presidenta Claudia Sheinbaum, Olinia tendr\u00e1 tres versiones y su costo ser\u00e1 de En Sonora en Equipo publicamos toda la informaci\u00f3n de Sonora, M\u00e9xico y el Mundo de manera oportuna y busca que la libertad de expresi\u00f3n sea real. Visita nuestro medio informativo publicado desde Hermosillo, Sonora. %\",\"breadcrumb\":{\"@id\":\"https:\/\/www.sonoraenequipo.com.mx\/el-gobierno-de-mexico-lanzo-olinia-el-proyecto-de-la-primera-armadora-mexicana-de-mini-vehiculos-electricos\/#breadcrumb\"},\"inLanguage\":\"es\",\"potentialAction\":[{\"@type\":\"ReadAction\",\"target\":[\"https:\/\/www.sonoraenequipo.com.mx\/el-gobierno-de-mexico-lanzo-olinia-el-proyecto-de-la-primera-armadora-mexicana-de-mini-vehiculos-electricos\/\"]}]},{\"@type\":\"ImageObject\",\"inLanguage\":\"es\",\"@id\":\"https:\/\/www.sonoraenequipo.com.mx\/el-gobierno-de-mexico-lanzo-olinia-el-proyecto-de-la-primera-armadora-mexicana-de-mini-vehiculos-electricos\/#primaryimage\",\"url\":\"https:\/\/www.sonoraenequipo.com.mx\/storage\/2025\/01\/ONLINEA.-la-nueva-era-en-vehiculos-elecricos-en-Mexico-min.jpg\",\"contentUrl\":\"https:\/\/www.sonoraenequipo.com.mx\/storage\/2025\/01\/ONLINEA.-la-nueva-era-en-vehiculos-elecricos-en-Mexico-min.jpg\",\"width\":1099,\"height\":579},{\"@type\":\"BreadcrumbList\",\"@id\":\"https:\/\/www.sonoraenequipo.com.mx\/el-gobierno-de-mexico-lanzo-olinia-el-proyecto-de-la-primera-armadora-mexicana-de-mini-vehiculos-electricos\/#breadcrumb\",\"itemListElement\":[{\"@type\":\"ListItem\",\"position\":1,\"name\":\"Portada\",\"item\":\"https:\/\/www.sonoraenequipo.com.mx\/\"},{\"@type\":\"ListItem\",\"position\":2,\"name\":\"El Gobierno de M\u00e9xico lanz\u00f3 Olinia, el proyecto de la primera armadora mexicana de mini veh\u00edculos el\u00e9ctricos.\"}]},{\"@type\":\"WebSite\",\"@id\":\"https:\/\/www.sonoraenequipo.com.mx\/#website\",\"url\":\"https:\/\/www.sonoraenequipo.com.mx\/\",\"name\":\"Sonora en Equipo.\",\"description\":\"Diario en l\u00ednea con Noticias desde Hermosillo, Sonora\",\"publisher\":{\"@id\":\"https:\/\/www.sonoraenequipo.com.mx\/#organization\"},\"potentialAction\":[{\"@type\":\"SearchAction\",\"target\":{\"@type\":\"EntryPoint\",\"urlTemplate\":\"https:\/\/www.sonoraenequipo.com.mx\/?s={search_term_string}\"},\"query-input\":{\"@type\":\"PropertyValueSpecification\",\"valueRequired\":true,\"valueName\":\"search_term_string\"}}],\"inLanguage\":\"es\"},{\"@type\":\"Organization\",\"@id\":\"https:\/\/www.sonoraenequipo.com.mx\/#organization\",\"name\":\"Sonoraenequipo.com.mx\",\"url\":\"https:\/\/www.sonoraenequipo.com.mx\/\",\"logo\":{\"@type\":\"ImageObject\",\"inLanguage\":\"es\",\"@id\":\"https:\/\/www.sonoraenequipo.com.mx\/#\/schema\/logo\/image\/\",\"url\":\"https:\/\/www.sonoraenequipo.com.mx\/storage\/2019\/01\/sonoraenequipo_opt.png\",\"contentUrl\":\"https:\/\/www.sonoraenequipo.com.mx\/storage\/2019\/01\/sonoraenequipo_opt.png\",\"width\":375,\"height\":125,\"caption\":\"Sonoraenequipo.com.mx\"},\"image\":{\"@id\":\"https:\/\/www.sonoraenequipo.com.mx\/#\/schema\/logo\/image\/\"},\"sameAs\":[\"https:\/\/www.facebook.com\/SonoraEE\/\",\"https:\/\/x.com\/sonoraenequipo\",\"https:\/\/www.youtube.com\/channel\/UC338nW-lPEYmJQs4ZABQ1SQ\"]},{\"@type\":\"Person\",\"@id\":\"https:\/\/www.sonoraenequipo.com.mx\/#\/schema\/person\/50102df0fb23a8fa9e8effad8fa81386\",\"name\":\"enequipo\",\"image\":{\"@type\":\"ImageObject\",\"inLanguage\":\"es\",\"@id\":\"https:\/\/www.sonoraenequipo.com.mx\/#\/schema\/person\/image\/\",\"url\":\"https:\/\/secure.gravatar.com\/avatar\/049821681b589dabc0bc20695993ccebb09f5b5d4d790cd9251b97faac7c652b?s=96&d=blank&r=g\",\"contentUrl\":\"https:\/\/secure.gravatar.com\/avatar\/049821681b589dabc0bc20695993ccebb09f5b5d4d790cd9251b97faac7c652b?s=96&d=blank&r=g\",\"caption\":\"enequipo\"},\"sameAs\":[\"https:\/\/www.facebook.com\/SonoraEE\"]}]}<\/script>\n ","yoast_head_json":{"title":"Sonora en Equipo. El Gobierno de M\u00e9xico lanz\u00f3 Olinia, el proyecto de la primera armadora mexicana de mini veh\u00edculos el\u00e9ctricos. MUNDO","description":"CIUDAD DE M\u00c9XICO. MX. \u2014 De acuerdo a lo dado a conocer por el gobierno de la presidenta Claudia Sheinbaum, Olinia tendr\u00e1 tres versiones y su costo ser\u00e1 de En Sonora en Equipo publicamos toda la informaci\u00f3n de Sonora, M\u00e9xico y el Mundo de manera oportuna y busca que la libertad de expresi\u00f3n sea real. Visita nuestro medio informativo publicado desde Hermosillo, Sonora. %","robots":{"index":"index","follow":"follow","max-snippet":"max-snippet:-1","max-image-preview":"max-image-preview:large","max-video-preview":"max-video-preview:-1"},"canonical":"https:\/\/www.sonoraenequipo.com.mx\/el-gobierno-de-mexico-lanzo-olinia-el-proyecto-de-la-primera-armadora-mexicana-de-mini-vehiculos-electricos\/","og_locale":"es_ES","og_type":"article","og_title":"Sonora en Equipo. El Gobierno de M\u00e9xico lanz\u00f3 Olinia, el proyecto de la primera armadora mexicana de mini veh\u00edculos el\u00e9ctricos. MUNDO","og_description":"CIUDAD DE M\u00c9XICO. MX. \u2014 De acuerdo a lo dado a conocer por el gobierno de la presidenta Claudia Sheinbaum, Olinia tendr\u00e1 tres versiones y su costo ser\u00e1 de En Sonora en Equipo publicamos toda la informaci\u00f3n de Sonora, M\u00e9xico y el Mundo de manera oportuna y busca que la libertad de expresi\u00f3n sea real. Visita nuestro medio informativo publicado desde Hermosillo, Sonora. %","og_url":"https:\/\/www.sonoraenequipo.com.mx\/el-gobierno-de-mexico-lanzo-olinia-el-proyecto-de-la-primera-armadora-mexicana-de-mini-vehiculos-electricos\/","og_site_name":"Sonora en Equipo.","article_publisher":"https:\/\/www.facebook.com\/SonoraEE\/","article_author":"https:\/\/www.facebook.com\/SonoraEE","article_published_time":"2025-01-06T15:14:00+00:00","article_modified_time":"2025-01-06T20:37:04+00:00","og_image":[{"width":1099,"height":579,"url":"https:\/\/www.sonoraenequipo.com.mx\/storage\/2025\/01\/ONLINEA.-la-nueva-era-en-vehiculos-elecricos-en-Mexico-min.jpg","type":"image\/jpeg"}],"author":"enequipo","twitter_card":"summary_large_image","twitter_creator":"@sonoraenequipo","twitter_site":"@sonoraenequipo","twitter_misc":{"Escrito por":"enequipo","Tiempo de lectura":"2 minutos"},"schema":{"@context":"https:\/\/schema.org","@graph":[{"@type":"Article","@id":"https:\/\/www.sonoraenequipo.com.mx\/el-gobierno-de-mexico-lanzo-olinia-el-proyecto-de-la-primera-armadora-mexicana-de-mini-vehiculos-electricos\/#article","isPartOf":{"@id":"https:\/\/www.sonoraenequipo.com.mx\/el-gobierno-de-mexico-lanzo-olinia-el-proyecto-de-la-primera-armadora-mexicana-de-mini-vehiculos-electricos\/"},"author":{"name":"enequipo","@id":"https:\/\/www.sonoraenequipo.com.mx\/#\/schema\/person\/50102df0fb23a8fa9e8effad8fa81386"},"headline":"El Gobierno de M\u00e9xico lanz\u00f3 Olinia, el proyecto de la primera armadora mexicana de mini veh\u00edculos el\u00e9ctricos.","datePublished":"2025-01-06T15:14:00+00:00","dateModified":"2025-01-06T20:37:04+00:00","mainEntityOfPage":{"@id":"https:\/\/www.sonoraenequipo.com.mx\/el-gobierno-de-mexico-lanzo-olinia-el-proyecto-de-la-primera-armadora-mexicana-de-mini-vehiculos-electricos\/"},"wordCount":400,"commentCount":0,"publisher":{"@id":"https:\/\/www.sonoraenequipo.com.mx\/#organization"},"image":{"@id":"https:\/\/www.sonoraenequipo.com.mx\/el-gobierno-de-mexico-lanzo-olinia-el-proyecto-de-la-primera-armadora-mexicana-de-mini-vehiculos-electricos\/#primaryimage"},"thumbnailUrl":"https:\/\/www.sonoraenequipo.com.mx\/storage\/2025\/01\/ONLINEA.-la-nueva-era-en-vehiculos-elecricos-en-Mexico-min.jpg","articleSection":["MUNDO"],"inLanguage":"es","potentialAction":[{"@type":"CommentAction","name":"Comment","target":["https:\/\/www.sonoraenequipo.com.mx\/el-gobierno-de-mexico-lanzo-olinia-el-proyecto-de-la-primera-armadora-mexicana-de-mini-vehiculos-electricos\/#respond"]}]},{"@type":"WebPage","@id":"https:\/\/www.sonoraenequipo.com.mx\/el-gobierno-de-mexico-lanzo-olinia-el-proyecto-de-la-primera-armadora-mexicana-de-mini-vehiculos-electricos\/","url":"https:\/\/www.sonoraenequipo.com.mx\/el-gobierno-de-mexico-lanzo-olinia-el-proyecto-de-la-primera-armadora-mexicana-de-mini-vehiculos-electricos\/","name":"Sonora en Equipo. El Gobierno de M\u00e9xico lanz\u00f3 Olinia, el proyecto de la primera armadora mexicana de mini veh\u00edculos el\u00e9ctricos. MUNDO","isPartOf":{"@id":"https:\/\/www.sonoraenequipo.com.mx\/#website"},"primaryImageOfPage":{"@id":"https:\/\/www.sonoraenequipo.com.mx\/el-gobierno-de-mexico-lanzo-olinia-el-proyecto-de-la-primera-armadora-mexicana-de-mini-vehiculos-electricos\/#primaryimage"},"image":{"@id":"https:\/\/www.sonoraenequipo.com.mx\/el-gobierno-de-mexico-lanzo-olinia-el-proyecto-de-la-primera-armadora-mexicana-de-mini-vehiculos-electricos\/#primaryimage"},"thumbnailUrl":"https:\/\/www.sonoraenequipo.com.mx\/storage\/2025\/01\/ONLINEA.-la-nueva-era-en-vehiculos-elecricos-en-Mexico-min.jpg","datePublished":"2025-01-06T15:14:00+00:00","dateModified":"2025-01-06T20:37:04+00:00","description":"CIUDAD DE M\u00c9XICO. MX. \u2014 De acuerdo a lo dado a conocer por el gobierno de la presidenta Claudia Sheinbaum, Olinia tendr\u00e1 tres versiones y su costo ser\u00e1 de En Sonora en Equipo publicamos toda la informaci\u00f3n de Sonora, M\u00e9xico y el Mundo de manera oportuna y busca que la libertad de expresi\u00f3n sea real. Visita nuestro medio informativo publicado desde Hermosillo, Sonora. %","breadcrumb":{"@id":"https:\/\/www.sonoraenequipo.com.mx\/el-gobierno-de-mexico-lanzo-olinia-el-proyecto-de-la-primera-armadora-mexicana-de-mini-vehiculos-electricos\/#breadcrumb"},"inLanguage":"es","potentialAction":[{"@type":"ReadAction","target":["https:\/\/www.sonoraenequipo.com.mx\/el-gobierno-de-mexico-lanzo-olinia-el-proyecto-de-la-primera-armadora-mexicana-de-mini-vehiculos-electricos\/"]}]},{"@type":"ImageObject","inLanguage":"es","@id":"https:\/\/www.sonoraenequipo.com.mx\/el-gobierno-de-mexico-lanzo-olinia-el-proyecto-de-la-primera-armadora-mexicana-de-mini-vehiculos-electricos\/#primaryimage","url":"https:\/\/www.sonoraenequipo.com.mx\/storage\/2025\/01\/ONLINEA.-la-nueva-era-en-vehiculos-elecricos-en-Mexico-min.jpg","contentUrl":"https:\/\/www.sonoraenequipo.com.mx\/storage\/2025\/01\/ONLINEA.-la-nueva-era-en-vehiculos-elecricos-en-Mexico-min.jpg","width":1099,"height":579},{"@type":"BreadcrumbList","@id":"https:\/\/www.sonoraenequipo.com.mx\/el-gobierno-de-mexico-lanzo-olinia-el-proyecto-de-la-primera-armadora-mexicana-de-mini-vehiculos-electricos\/#breadcrumb","itemListElement":[{"@type":"ListItem","position":1,"name":"Portada","item":"https:\/\/www.sonoraenequipo.com.mx\/"},{"@type":"ListItem","position":2,"name":"El Gobierno de M\u00e9xico lanz\u00f3 Olinia, el proyecto de la primera armadora mexicana de mini veh\u00edculos el\u00e9ctricos."}]},{"@type":"WebSite","@id":"https:\/\/www.sonoraenequipo.com.mx\/#website","url":"https:\/\/www.sonoraenequipo.com.mx\/","name":"Sonora en Equipo.","description":"Diario en l\u00ednea con Noticias desde Hermosillo, Sonora","publisher":{"@id":"https:\/\/www.sonoraenequipo.com.mx\/#organization"},"potentialAction":[{"@type":"SearchAction","target":{"@type":"EntryPoint","urlTemplate":"https:\/\/www.sonoraenequipo.com.mx\/?s={search_term_string}"},"query-input":{"@type":"PropertyValueSpecification","valueRequired":true,"valueName":"search_term_string"}}],"inLanguage":"es"},{"@type":"Organization","@id":"https:\/\/www.sonoraenequipo.com.mx\/#organization","name":"Sonoraenequipo.com.mx","url":"https:\/\/www.sonoraenequipo.com.mx\/","logo":{"@type":"ImageObject","inLanguage":"es","@id":"https:\/\/www.sonoraenequipo.com.mx\/#\/schema\/logo\/image\/","url":"https:\/\/www.sonoraenequipo.com.mx\/storage\/2019\/01\/sonoraenequipo_opt.png","contentUrl":"https:\/\/www.sonoraenequipo.com.mx\/storage\/2019\/01\/sonoraenequipo_opt.png","width":375,"height":125,"caption":"Sonoraenequipo.com.mx"},"image":{"@id":"https:\/\/www.sonoraenequipo.com.mx\/#\/schema\/logo\/image\/"},"sameAs":["https:\/\/www.facebook.com\/SonoraEE\/","https:\/\/x.com\/sonoraenequipo","https:\/\/www.youtube.com\/channel\/UC338nW-lPEYmJQs4ZABQ1SQ"]},{"@type":"Person","@id":"https:\/\/www.sonoraenequipo.com.mx\/#\/schema\/person\/50102df0fb23a8fa9e8effad8fa81386","name":"enequipo","image":{"@type":"ImageObject","inLanguage":"es","@id":"https:\/\/www.sonoraenequipo.com.mx\/#\/schema\/person\/image\/","url":"https:\/\/secure.gravatar.com\/avatar\/049821681b589dabc0bc20695993ccebb09f5b5d4d790cd9251b97faac7c652b?s=96&d=blank&r=g","contentUrl":"https:\/\/secure.gravatar.com\/avatar\/049821681b589dabc0bc20695993ccebb09f5b5d4d790cd9251b97faac7c652b?s=96&d=blank&r=g","caption":"enequipo"},"sameAs":["https:\/\/www.facebook.com\/SonoraEE"]}]}},"jetpack_featured_media_url":"https:\/\/www.sonoraenequipo.com.mx\/storage\/2025\/01\/ONLINEA.-la-nueva-era-en-vehiculos-elecricos-en-Mexico-min.jpg","_links":{"self":[{"href":"https:\/\/www.sonoraenequipo.com.mx\/api\/wp\/v2\/posts\/207224","targetHints":{"allow":["GET"]}}],"collection":[{"href":"https:\/\/www.sonoraenequipo.com.mx\/api\/wp\/v2\/posts"}],"about":[{"href":"https:\/\/www.sonoraenequipo.com.mx\/api\/wp\/v2\/types\/post"}],"author":[{"embeddable":true,"href":"https:\/\/www.sonoraenequipo.com.mx\/api\/wp\/v2\/users\/1"}],"replies":[{"embeddable":true,"href":"https:\/\/www.sonoraenequipo.com.mx\/api\/wp\/v2\/comments?post=207224"}],"version-history":[{"count":1,"href":"https:\/\/www.sonoraenequipo.com.mx\/api\/wp\/v2\/posts\/207224\/revisions"}],"predecessor-version":[{"id":207229,"href":"https:\/\/www.sonoraenequipo.com.mx\/api\/wp\/v2\/posts\/207224\/revisions\/207229"}],"wp:featuredmedia":[{"embeddable":true,"href":"https:\/\/www.sonoraenequipo.com.mx\/api\/wp\/v2\/media\/207225"}],"wp:attachment":[{"href":"https:\/\/www.sonoraenequipo.com.mx\/api\/wp\/v2\/media?parent=207224"}],"wp:term":[{"taxonomy":"category","embeddable":true,"href":"https:\/\/www.sonoraenequipo.com.mx\/api\/wp\/v2\/categories?post=207224"},{"taxonomy":"post_tag","embeddable":true,"href":"https:\/\/www.sonoraenequipo.com.mx\/api\/wp\/v2\/tags?post=207224"}],"curies":[{"name":"wp","href":"https:\/\/api.w.org\/{rel}","templated":true}]}}