{"id":207541,"date":"2025-01-10T15:56:00","date_gmt":"2025-01-10T22:56:00","guid":{"rendered":"https:\/\/www.sonoraenequipo.com.mx\/?p=207541"},"modified":"2025-01-10T15:56:00","modified_gmt":"2025-01-10T22:56:00","slug":"el-ciad-busca-reconocer-a-heroes-y-heroinas-de-la-alimentacion","status":"publish","type":"post","link":"https:\/\/www.sonoraenequipo.com.mx\/el-ciad-busca-reconocer-a-heroes-y-heroinas-de-la-alimentacion\/","title":{"rendered":"El CIAD busca reconocer a h\u00e9roes y hero\u00ednas de la alimentaci\u00f3n"},"content":{"rendered":"<p><strong>HERMOSILLO, SONORA, MX.<\/strong> \u2014En el marco de su 43\u00ba aniversario, el Centro de Investigaci\u00f3n en Alimentaci\u00f3n y Desarrollo (CIAD) ha lanzado la convocatoria \u201cH\u00e9roes y hero\u00ednas de la alimentaci\u00f3n. Derecho a los alimentos para una vida y futuros mejores\u201d. Esta iniciativa busca identificar y reconocer a personas o grupos de la sociedad civil en el estado de Sonora que hayan realizado esfuerzos extraordinarios para promover el derecho a alimentos nutritivos, inocuos, diversos y asequibles, logrando un impacto positivo en sus comunidades.<\/p>\n<p>&nbsp;<\/p>\n<p>El CIAD valorar\u00e1 aquellas iniciativas que promuevan el respeto al medio ambiente y estilos de vida sostenibles a trav\u00e9s de la alimentaci\u00f3n. Tambi\u00e9n se reconocer\u00e1n acciones destinadas a concienciar sobre los problemas de acceso a alimentos en las comunidades, impulsar pol\u00edticas p\u00fablicas que fortalezcan la nutrici\u00f3n y el cuidado ambiental, y difundir conocimientos sobre justicia alimentaria para transformar el entendimiento en acciones concretas. Adem\u00e1s, se tomar\u00e1n en cuenta campa\u00f1as de educaci\u00f3n nutricional dirigidas a grupos vulnerables, pr\u00e1cticas sostenibles en la producci\u00f3n de alimentos y esfuerzos para reducir el desperdicio o la desigualdad en el acceso a alimentos saludables.<\/p>\n<p>&nbsp;<\/p>\n<p>Las candidaturas podr\u00e1n registrarse a trav\u00e9s de un formulario disponible en el micrositio oficial del CIAD (www.ciad.mx\/dma). Para la evaluaci\u00f3n de las propuestas, el comit\u00e9 organizador considerar\u00e1 el tiempo dedicado a las acciones, as\u00ed como el impacto alcanzado en las comunidades, ya sea en t\u00e9rminos del n\u00famero de personas beneficiadas, el alcance de las campa\u00f1as realizadas o su influencia en la toma de decisiones de pol\u00edticas p\u00fablicas.<\/p>\n<p>&nbsp;<\/p>\n<p>Los reconocimientos se entregar\u00e1n el viernes 21 de marzo de 2025 en la Plaza Hidalgo de Hermosillo, Sonora, durante la II Feria de la Sustentabilidad. Esta convocatoria representa una oportunidad \u00fanica para celebrar el trabajo de quienes, con su esfuerzo y compromiso, transforman comunidades a trav\u00e9s de la alimentaci\u00f3n y la solidaridad.<\/p>\n<p><strong>Fecha de publicaci\u00f3n viernes 10 de enero de 2025\/<\/strong><\/p>\n","protected":false},"excerpt":{"rendered":"<p>HERMOSILLO, SONORA, MX. \u2014En el marco de su 43\u00ba aniversario, el Centro de Investigaci\u00f3n en&#8230;<\/p>\n","protected":false},"author":1,"featured_media":207542,"comment_status":"open","ping_status":"open","sticky":false,"template":"","format":"standard","meta":{"_monsterinsights_skip_tracking":false,"_monsterinsights_sitenote_active":false,"_monsterinsights_sitenote_note":"","_monsterinsights_sitenote_category":0,"footnotes":""},"categories":[2216],"tags":[531,1227,10726],"class_list":["post"],"yoast_head":" \n<title>Sonora en Equipo. El CIAD busca reconocer a h\u00e9roes y hero\u00ednas de la alimentaci\u00f3n Ciencia y Tecnolog\u00eda<\/title>\n<meta name=\"description\" content=\"HERMOSILLO, SONORA, MX. \u2014En el marco de su 43\u00ba aniversario, el Centro de Investigaci\u00f3n en Alimentaci\u00f3n y Desarrollo (CIAD) ha lanzado la convocatoria En Sonora en Equipo publicamos toda la informaci\u00f3n de Sonora, M\u00e9xico y el Mundo de manera oportuna y busca que la libertad de expresi\u00f3n sea real. Visita nuestro medio informativo publicado desde Hermosillo, Sonora. %\" \/>\n<meta name=\"robots\" content=\"index, follow, max-snippet:-1, max-image-preview:large, max-video-preview:-1\" \/>\n<link rel=\"canonical\" href=\"https:\/\/www.sonoraenequipo.com.mx\/el-ciad-busca-reconocer-a-heroes-y-heroinas-de-la-alimentacion\/\" \/>\n<meta property=\"og:locale\" content=\"es_ES\" \/>\n<meta property=\"og:type\" content=\"article\" \/>\n<meta property=\"og:title\" content=\"Sonora en Equipo. El CIAD busca reconocer a h\u00e9roes y hero\u00ednas de la alimentaci\u00f3n Ciencia y Tecnolog\u00eda\" \/>\n<meta property=\"og:description\" content=\"HERMOSILLO, SONORA, MX. \u2014En el marco de su 43\u00ba aniversario, el Centro de Investigaci\u00f3n en Alimentaci\u00f3n y Desarrollo (CIAD) ha lanzado la convocatoria En Sonora en Equipo publicamos toda la informaci\u00f3n de Sonora, M\u00e9xico y el Mundo de manera oportuna y busca que la libertad de expresi\u00f3n sea real. Visita nuestro medio informativo publicado desde Hermosillo, Sonora. %\" \/>\n<meta property=\"og:url\" content=\"https:\/\/www.sonoraenequipo.com.mx\/el-ciad-busca-reconocer-a-heroes-y-heroinas-de-la-alimentacion\/\" \/>\n<meta property=\"og:site_name\" content=\"Sonora en Equipo.\" \/>\n<meta property=\"article:publisher\" content=\"https:\/\/www.facebook.com\/SonoraEE\/\" \/>\n<meta property=\"article:author\" content=\"https:\/\/www.facebook.com\/SonoraEE\" \/>\n<meta property=\"article:published_time\" content=\"2025-01-10T22:56:00+00:00\" \/>\n<meta property=\"og:image\" content=\"https:\/\/www.sonoraenequipo.com.mx\/storage\/2025\/01\/heroes-alimentacion.jpg\" \/>\n\t<meta property=\"og:image:width\" content=\"600\" \/>\n\t<meta property=\"og:image:height\" content=\"400\" \/>\n\t<meta property=\"og:image:type\" content=\"image\/jpeg\" \/>\n<meta name=\"author\" content=\"enequipo\" \/>\n<meta name=\"twitter:card\" content=\"summary_large_image\" \/>\n<meta name=\"twitter:creator\" content=\"@sonoraenequipo\" \/>\n<meta name=\"twitter:site\" content=\"@sonoraenequipo\" \/>\n<meta name=\"twitter:label1\" content=\"Escrito por\" \/>\n\t<meta name=\"twitter:data1\" content=\"enequipo\" \/>\n\t<meta name=\"twitter:label2\" content=\"Tiempo de lectura\" \/>\n\t<meta name=\"twitter:data2\" content=\"2 minutos\" \/>\n<script type=\"application\/ld+json\" class=\"yoast-schema-graph\">{\"@context\":\"https:\/\/schema.org\",\"@graph\":[{\"@type\":\"Article\",\"@id\":\"https:\/\/www.sonoraenequipo.com.mx\/el-ciad-busca-reconocer-a-heroes-y-heroinas-de-la-alimentacion\/#article\",\"isPartOf\":{\"@id\":\"https:\/\/www.sonoraenequipo.com.mx\/el-ciad-busca-reconocer-a-heroes-y-heroinas-de-la-alimentacion\/\"},\"author\":{\"name\":\"enequipo\",\"@id\":\"https:\/\/www.sonoraenequipo.com.mx\/#\/schema\/person\/50102df0fb23a8fa9e8effad8fa81386\"},\"headline\":\"El CIAD busca reconocer a h\u00e9roes y hero\u00ednas de la alimentaci\u00f3n\",\"datePublished\":\"2025-01-10T22:56:00+00:00\",\"mainEntityOfPage\":{\"@id\":\"https:\/\/www.sonoraenequipo.com.mx\/el-ciad-busca-reconocer-a-heroes-y-heroinas-de-la-alimentacion\/\"},\"wordCount\":352,\"commentCount\":0,\"publisher\":{\"@id\":\"https:\/\/www.sonoraenequipo.com.mx\/#organization\"},\"image\":{\"@id\":\"https:\/\/www.sonoraenequipo.com.mx\/el-ciad-busca-reconocer-a-heroes-y-heroinas-de-la-alimentacion\/#primaryimage\"},\"thumbnailUrl\":\"https:\/\/www.sonoraenequipo.com.mx\/storage\/2025\/01\/heroes-alimentacion.jpg\",\"keywords\":[\"Alimentaci\u00f3n\",\"CIAD\",\"heroes\"],\"articleSection\":[\"Ciencia y Tecnolog\u00eda\"],\"inLanguage\":\"es\",\"potentialAction\":[{\"@type\":\"CommentAction\",\"name\":\"Comment\",\"target\":[\"https:\/\/www.sonoraenequipo.com.mx\/el-ciad-busca-reconocer-a-heroes-y-heroinas-de-la-alimentacion\/#respond\"]}]},{\"@type\":\"WebPage\",\"@id\":\"https:\/\/www.sonoraenequipo.com.mx\/el-ciad-busca-reconocer-a-heroes-y-heroinas-de-la-alimentacion\/\",\"url\":\"https:\/\/www.sonoraenequipo.com.mx\/el-ciad-busca-reconocer-a-heroes-y-heroinas-de-la-alimentacion\/\",\"name\":\"Sonora en Equipo. El CIAD busca reconocer a h\u00e9roes y hero\u00ednas de la alimentaci\u00f3n Ciencia y Tecnolog\u00eda\",\"isPartOf\":{\"@id\":\"https:\/\/www.sonoraenequipo.com.mx\/#website\"},\"primaryImageOfPage\":{\"@id\":\"https:\/\/www.sonoraenequipo.com.mx\/el-ciad-busca-reconocer-a-heroes-y-heroinas-de-la-alimentacion\/#primaryimage\"},\"image\":{\"@id\":\"https:\/\/www.sonoraenequipo.com.mx\/el-ciad-busca-reconocer-a-heroes-y-heroinas-de-la-alimentacion\/#primaryimage\"},\"thumbnailUrl\":\"https:\/\/www.sonoraenequipo.com.mx\/storage\/2025\/01\/heroes-alimentacion.jpg\",\"datePublished\":\"2025-01-10T22:56:00+00:00\",\"description\":\"HERMOSILLO, SONORA, MX. \u2014En el marco de su 43\u00ba aniversario, el Centro de Investigaci\u00f3n en Alimentaci\u00f3n y Desarrollo (CIAD) ha lanzado la convocatoria En Sonora en Equipo publicamos toda la informaci\u00f3n de Sonora, M\u00e9xico y el Mundo de manera oportuna y busca que la libertad de expresi\u00f3n sea real. Visita nuestro medio informativo publicado desde Hermosillo, Sonora. %\",\"breadcrumb\":{\"@id\":\"https:\/\/www.sonoraenequipo.com.mx\/el-ciad-busca-reconocer-a-heroes-y-heroinas-de-la-alimentacion\/#breadcrumb\"},\"inLanguage\":\"es\",\"potentialAction\":[{\"@type\":\"ReadAction\",\"target\":[\"https:\/\/www.sonoraenequipo.com.mx\/el-ciad-busca-reconocer-a-heroes-y-heroinas-de-la-alimentacion\/\"]}]},{\"@type\":\"ImageObject\",\"inLanguage\":\"es\",\"@id\":\"https:\/\/www.sonoraenequipo.com.mx\/el-ciad-busca-reconocer-a-heroes-y-heroinas-de-la-alimentacion\/#primaryimage\",\"url\":\"https:\/\/www.sonoraenequipo.com.mx\/storage\/2025\/01\/heroes-alimentacion.jpg\",\"contentUrl\":\"https:\/\/www.sonoraenequipo.com.mx\/storage\/2025\/01\/heroes-alimentacion.jpg\",\"width\":600,\"height\":400},{\"@type\":\"BreadcrumbList\",\"@id\":\"https:\/\/www.sonoraenequipo.com.mx\/el-ciad-busca-reconocer-a-heroes-y-heroinas-de-la-alimentacion\/#breadcrumb\",\"itemListElement\":[{\"@type\":\"ListItem\",\"position\":1,\"name\":\"Portada\",\"item\":\"https:\/\/www.sonoraenequipo.com.mx\/\"},{\"@type\":\"ListItem\",\"position\":2,\"name\":\"El CIAD busca reconocer a h\u00e9roes y hero\u00ednas de la alimentaci\u00f3n\"}]},{\"@type\":\"WebSite\",\"@id\":\"https:\/\/www.sonoraenequipo.com.mx\/#website\",\"url\":\"https:\/\/www.sonoraenequipo.com.mx\/\",\"name\":\"Sonora en Equipo.\",\"description\":\"Diario en l\u00ednea con Noticias desde Hermosillo, Sonora\",\"publisher\":{\"@id\":\"https:\/\/www.sonoraenequipo.com.mx\/#organization\"},\"potentialAction\":[{\"@type\":\"SearchAction\",\"target\":{\"@type\":\"EntryPoint\",\"urlTemplate\":\"https:\/\/www.sonoraenequipo.com.mx\/?s={search_term_string}\"},\"query-input\":{\"@type\":\"PropertyValueSpecification\",\"valueRequired\":true,\"valueName\":\"search_term_string\"}}],\"inLanguage\":\"es\"},{\"@type\":\"Organization\",\"@id\":\"https:\/\/www.sonoraenequipo.com.mx\/#organization\",\"name\":\"Sonoraenequipo.com.mx\",\"url\":\"https:\/\/www.sonoraenequipo.com.mx\/\",\"logo\":{\"@type\":\"ImageObject\",\"inLanguage\":\"es\",\"@id\":\"https:\/\/www.sonoraenequipo.com.mx\/#\/schema\/logo\/image\/\",\"url\":\"https:\/\/www.sonoraenequipo.com.mx\/storage\/2019\/01\/sonoraenequipo_opt.png\",\"contentUrl\":\"https:\/\/www.sonoraenequipo.com.mx\/storage\/2019\/01\/sonoraenequipo_opt.png\",\"width\":375,\"height\":125,\"caption\":\"Sonoraenequipo.com.mx\"},\"image\":{\"@id\":\"https:\/\/www.sonoraenequipo.com.mx\/#\/schema\/logo\/image\/\"},\"sameAs\":[\"https:\/\/www.facebook.com\/SonoraEE\/\",\"https:\/\/x.com\/sonoraenequipo\",\"https:\/\/www.youtube.com\/channel\/UC338nW-lPEYmJQs4ZABQ1SQ\"]},{\"@type\":\"Person\",\"@id\":\"https:\/\/www.sonoraenequipo.com.mx\/#\/schema\/person\/50102df0fb23a8fa9e8effad8fa81386\",\"name\":\"enequipo\",\"image\":{\"@type\":\"ImageObject\",\"inLanguage\":\"es\",\"@id\":\"https:\/\/www.sonoraenequipo.com.mx\/#\/schema\/person\/image\/\",\"url\":\"https:\/\/secure.gravatar.com\/avatar\/049821681b589dabc0bc20695993ccebb09f5b5d4d790cd9251b97faac7c652b?s=96&d=blank&r=g\",\"contentUrl\":\"https:\/\/secure.gravatar.com\/avatar\/049821681b589dabc0bc20695993ccebb09f5b5d4d790cd9251b97faac7c652b?s=96&d=blank&r=g\",\"caption\":\"enequipo\"},\"sameAs\":[\"https:\/\/www.facebook.com\/SonoraEE\"]}]}<\/script>\n ","yoast_head_json":{"title":"Sonora en Equipo. El CIAD busca reconocer a h\u00e9roes y hero\u00ednas de la alimentaci\u00f3n Ciencia y Tecnolog\u00eda","description":"HERMOSILLO, SONORA, MX. \u2014En el marco de su 43\u00ba aniversario, el Centro de Investigaci\u00f3n en Alimentaci\u00f3n y Desarrollo (CIAD) ha lanzado la convocatoria En Sonora en Equipo publicamos toda la informaci\u00f3n de Sonora, M\u00e9xico y el Mundo de manera oportuna y busca que la libertad de expresi\u00f3n sea real. Visita nuestro medio informativo publicado desde Hermosillo, Sonora. %","robots":{"index":"index","follow":"follow","max-snippet":"max-snippet:-1","max-image-preview":"max-image-preview:large","max-video-preview":"max-video-preview:-1"},"canonical":"https:\/\/www.sonoraenequipo.com.mx\/el-ciad-busca-reconocer-a-heroes-y-heroinas-de-la-alimentacion\/","og_locale":"es_ES","og_type":"article","og_title":"Sonora en Equipo. El CIAD busca reconocer a h\u00e9roes y hero\u00ednas de la alimentaci\u00f3n Ciencia y Tecnolog\u00eda","og_description":"HERMOSILLO, SONORA, MX. \u2014En el marco de su 43\u00ba aniversario, el Centro de Investigaci\u00f3n en Alimentaci\u00f3n y Desarrollo (CIAD) ha lanzado la convocatoria En Sonora en Equipo publicamos toda la informaci\u00f3n de Sonora, M\u00e9xico y el Mundo de manera oportuna y busca que la libertad de expresi\u00f3n sea real. Visita nuestro medio informativo publicado desde Hermosillo, Sonora. %","og_url":"https:\/\/www.sonoraenequipo.com.mx\/el-ciad-busca-reconocer-a-heroes-y-heroinas-de-la-alimentacion\/","og_site_name":"Sonora en Equipo.","article_publisher":"https:\/\/www.facebook.com\/SonoraEE\/","article_author":"https:\/\/www.facebook.com\/SonoraEE","article_published_time":"2025-01-10T22:56:00+00:00","og_image":[{"width":600,"height":400,"url":"https:\/\/www.sonoraenequipo.com.mx\/storage\/2025\/01\/heroes-alimentacion.jpg","type":"image\/jpeg"}],"author":"enequipo","twitter_card":"summary_large_image","twitter_creator":"@sonoraenequipo","twitter_site":"@sonoraenequipo","twitter_misc":{"Escrito por":"enequipo","Tiempo de lectura":"2 minutos"},"schema":{"@context":"https:\/\/schema.org","@graph":[{"@type":"Article","@id":"https:\/\/www.sonoraenequipo.com.mx\/el-ciad-busca-reconocer-a-heroes-y-heroinas-de-la-alimentacion\/#article","isPartOf":{"@id":"https:\/\/www.sonoraenequipo.com.mx\/el-ciad-busca-reconocer-a-heroes-y-heroinas-de-la-alimentacion\/"},"author":{"name":"enequipo","@id":"https:\/\/www.sonoraenequipo.com.mx\/#\/schema\/person\/50102df0fb23a8fa9e8effad8fa81386"},"headline":"El CIAD busca reconocer a h\u00e9roes y hero\u00ednas de la alimentaci\u00f3n","datePublished":"2025-01-10T22:56:00+00:00","mainEntityOfPage":{"@id":"https:\/\/www.sonoraenequipo.com.mx\/el-ciad-busca-reconocer-a-heroes-y-heroinas-de-la-alimentacion\/"},"wordCount":352,"commentCount":0,"publisher":{"@id":"https:\/\/www.sonoraenequipo.com.mx\/#organization"},"image":{"@id":"https:\/\/www.sonoraenequipo.com.mx\/el-ciad-busca-reconocer-a-heroes-y-heroinas-de-la-alimentacion\/#primaryimage"},"thumbnailUrl":"https:\/\/www.sonoraenequipo.com.mx\/storage\/2025\/01\/heroes-alimentacion.jpg","keywords":["Alimentaci\u00f3n","CIAD","heroes"],"articleSection":["Ciencia y Tecnolog\u00eda"],"inLanguage":"es","potentialAction":[{"@type":"CommentAction","name":"Comment","target":["https:\/\/www.sonoraenequipo.com.mx\/el-ciad-busca-reconocer-a-heroes-y-heroinas-de-la-alimentacion\/#respond"]}]},{"@type":"WebPage","@id":"https:\/\/www.sonoraenequipo.com.mx\/el-ciad-busca-reconocer-a-heroes-y-heroinas-de-la-alimentacion\/","url":"https:\/\/www.sonoraenequipo.com.mx\/el-ciad-busca-reconocer-a-heroes-y-heroinas-de-la-alimentacion\/","name":"Sonora en Equipo. El CIAD busca reconocer a h\u00e9roes y hero\u00ednas de la alimentaci\u00f3n Ciencia y Tecnolog\u00eda","isPartOf":{"@id":"https:\/\/www.sonoraenequipo.com.mx\/#website"},"primaryImageOfPage":{"@id":"https:\/\/www.sonoraenequipo.com.mx\/el-ciad-busca-reconocer-a-heroes-y-heroinas-de-la-alimentacion\/#primaryimage"},"image":{"@id":"https:\/\/www.sonoraenequipo.com.mx\/el-ciad-busca-reconocer-a-heroes-y-heroinas-de-la-alimentacion\/#primaryimage"},"thumbnailUrl":"https:\/\/www.sonoraenequipo.com.mx\/storage\/2025\/01\/heroes-alimentacion.jpg","datePublished":"2025-01-10T22:56:00+00:00","description":"HERMOSILLO, SONORA, MX. \u2014En el marco de su 43\u00ba aniversario, el Centro de Investigaci\u00f3n en Alimentaci\u00f3n y Desarrollo (CIAD) ha lanzado la convocatoria En Sonora en Equipo publicamos toda la informaci\u00f3n de Sonora, M\u00e9xico y el Mundo de manera oportuna y busca que la libertad de expresi\u00f3n sea real. Visita nuestro medio informativo publicado desde Hermosillo, Sonora. %","breadcrumb":{"@id":"https:\/\/www.sonoraenequipo.com.mx\/el-ciad-busca-reconocer-a-heroes-y-heroinas-de-la-alimentacion\/#breadcrumb"},"inLanguage":"es","potentialAction":[{"@type":"ReadAction","target":["https:\/\/www.sonoraenequipo.com.mx\/el-ciad-busca-reconocer-a-heroes-y-heroinas-de-la-alimentacion\/"]}]},{"@type":"ImageObject","inLanguage":"es","@id":"https:\/\/www.sonoraenequipo.com.mx\/el-ciad-busca-reconocer-a-heroes-y-heroinas-de-la-alimentacion\/#primaryimage","url":"https:\/\/www.sonoraenequipo.com.mx\/storage\/2025\/01\/heroes-alimentacion.jpg","contentUrl":"https:\/\/www.sonoraenequipo.com.mx\/storage\/2025\/01\/heroes-alimentacion.jpg","width":600,"height":400},{"@type":"BreadcrumbList","@id":"https:\/\/www.sonoraenequipo.com.mx\/el-ciad-busca-reconocer-a-heroes-y-heroinas-de-la-alimentacion\/#breadcrumb","itemListElement":[{"@type":"ListItem","position":1,"name":"Portada","item":"https:\/\/www.sonoraenequipo.com.mx\/"},{"@type":"ListItem","position":2,"name":"El CIAD busca reconocer a h\u00e9roes y hero\u00ednas de la alimentaci\u00f3n"}]},{"@type":"WebSite","@id":"https:\/\/www.sonoraenequipo.com.mx\/#website","url":"https:\/\/www.sonoraenequipo.com.mx\/","name":"Sonora en Equipo.","description":"Diario en l\u00ednea con Noticias desde Hermosillo, Sonora","publisher":{"@id":"https:\/\/www.sonoraenequipo.com.mx\/#organization"},"potentialAction":[{"@type":"SearchAction","target":{"@type":"EntryPoint","urlTemplate":"https:\/\/www.sonoraenequipo.com.mx\/?s={search_term_string}"},"query-input":{"@type":"PropertyValueSpecification","valueRequired":true,"valueName":"search_term_string"}}],"inLanguage":"es"},{"@type":"Organization","@id":"https:\/\/www.sonoraenequipo.com.mx\/#organization","name":"Sonoraenequipo.com.mx","url":"https:\/\/www.sonoraenequipo.com.mx\/","logo":{"@type":"ImageObject","inLanguage":"es","@id":"https:\/\/www.sonoraenequipo.com.mx\/#\/schema\/logo\/image\/","url":"https:\/\/www.sonoraenequipo.com.mx\/storage\/2019\/01\/sonoraenequipo_opt.png","contentUrl":"https:\/\/www.sonoraenequipo.com.mx\/storage\/2019\/01\/sonoraenequipo_opt.png","width":375,"height":125,"caption":"Sonoraenequipo.com.mx"},"image":{"@id":"https:\/\/www.sonoraenequipo.com.mx\/#\/schema\/logo\/image\/"},"sameAs":["https:\/\/www.facebook.com\/SonoraEE\/","https:\/\/x.com\/sonoraenequipo","https:\/\/www.youtube.com\/channel\/UC338nW-lPEYmJQs4ZABQ1SQ"]},{"@type":"Person","@id":"https:\/\/www.sonoraenequipo.com.mx\/#\/schema\/person\/50102df0fb23a8fa9e8effad8fa81386","name":"enequipo","image":{"@type":"ImageObject","inLanguage":"es","@id":"https:\/\/www.sonoraenequipo.com.mx\/#\/schema\/person\/image\/","url":"https:\/\/secure.gravatar.com\/avatar\/049821681b589dabc0bc20695993ccebb09f5b5d4d790cd9251b97faac7c652b?s=96&d=blank&r=g","contentUrl":"https:\/\/secure.gravatar.com\/avatar\/049821681b589dabc0bc20695993ccebb09f5b5d4d790cd9251b97faac7c652b?s=96&d=blank&r=g","caption":"enequipo"},"sameAs":["https:\/\/www.facebook.com\/SonoraEE"]}]}},"jetpack_featured_media_url":"https:\/\/www.sonoraenequipo.com.mx\/storage\/2025\/01\/heroes-alimentacion.jpg","_links":{"self":[{"href":"https:\/\/www.sonoraenequipo.com.mx\/api\/wp\/v2\/posts\/207541","targetHints":{"allow":["GET"]}}],"collection":[{"href":"https:\/\/www.sonoraenequipo.com.mx\/api\/wp\/v2\/posts"}],"about":[{"href":"https:\/\/www.sonoraenequipo.com.mx\/api\/wp\/v2\/types\/post"}],"author":[{"embeddable":true,"href":"https:\/\/www.sonoraenequipo.com.mx\/api\/wp\/v2\/users\/1"}],"replies":[{"embeddable":true,"href":"https:\/\/www.sonoraenequipo.com.mx\/api\/wp\/v2\/comments?post=207541"}],"version-history":[{"count":1,"href":"https:\/\/www.sonoraenequipo.com.mx\/api\/wp\/v2\/posts\/207541\/revisions"}],"predecessor-version":[{"id":207543,"href":"https:\/\/www.sonoraenequipo.com.mx\/api\/wp\/v2\/posts\/207541\/revisions\/207543"}],"wp:featuredmedia":[{"embeddable":true,"href":"https:\/\/www.sonoraenequipo.com.mx\/api\/wp\/v2\/media\/207542"}],"wp:attachment":[{"href":"https:\/\/www.sonoraenequipo.com.mx\/api\/wp\/v2\/media?parent=207541"}],"wp:term":[{"taxonomy":"category","embeddable":true,"href":"https:\/\/www.sonoraenequipo.com.mx\/api\/wp\/v2\/categories?post=207541"},{"taxonomy":"post_tag","embeddable":true,"href":"https:\/\/www.sonoraenequipo.com.mx\/api\/wp\/v2\/tags?post=207541"}],"curies":[{"name":"wp","href":"https:\/\/api.w.org\/{rel}","templated":true}]}}