{"id":208337,"date":"2025-01-22T20:08:48","date_gmt":"2025-01-23T03:08:48","guid":{"rendered":"https:\/\/www.sonoraenequipo.com.mx\/?p=208337"},"modified":"2025-01-22T20:08:48","modified_gmt":"2025-01-23T03:08:48","slug":"programas-educativos-de-itescan-reciben-acreditacion-internacional","status":"publish","type":"post","link":"https:\/\/www.sonoraenequipo.com.mx\/programas-educativos-de-itescan-reciben-acreditacion-internacional\/","title":{"rendered":"Programas educativos de Itescan reciben acreditaci\u00f3n internacional"},"content":{"rendered":"<p><strong>CANANEA, SONORA, MX.<\/strong><strong> \u0336 \u0336\u00a0 <\/strong>Los programas educativos de las ingenier\u00edas en Miner\u00eda e Industrial del Instituto Tecnol\u00f3gico Superior de Cananea (Itescan) lograron la acreditaci\u00f3n internacional otorgada por el Consejo de Acreditaci\u00f3n de la Ense\u00f1anza de la Ingenier\u00eda (Cacei) y el Acuerdo de Washington (WA), inform\u00f3 Nancy Mar\u00eda D\u00e1vila Rodr\u00edguez.<\/p>\n<p>&nbsp;<\/p>\n<p>&nbsp;<\/p>\n<p>&nbsp;<\/p>\n<p>La directora general del Itescan destac\u00f3 que este reconocimiento posiciona a la instituci\u00f3n como referente educativo de excelencia en la regi\u00f3n, garantizando que sus egresados cuenten con habilidades y conocimientos avalados globalmente.<\/p>\n<p>&nbsp;<\/p>\n<p>&nbsp;<\/p>\n<p>&nbsp;<\/p>\n<p>Asimismo, resalt\u00f3 que este logro impulsa a los estudiantes a enfrentar los retos de la ingenier\u00eda con est\u00e1ndares de calidad mundial, convirti\u00e9ndolos en profesionistas l\u00edderes.<\/p>\n<p>&nbsp;<\/p>\n<p>&nbsp;<\/p>\n<p>&nbsp;<\/p>\n<p>\u201cEl proceso de acreditaci\u00f3n implic\u00f3 una rigurosa evaluaci\u00f3n de los programas educativos, enfocada en la innovaci\u00f3n curricular, el desempe\u00f1o acad\u00e9mico de los estudiantes y la capacidad de los egresados para resolver problemas complejos de la industria\u201d, expres\u00f3 D\u00e1vila Rodr\u00edguez.<\/p>\n<p>&nbsp;<\/p>\n<p>&nbsp;<\/p>\n<p>&nbsp;<\/p>\n<p>A\u00f1adi\u00f3 que la distinci\u00f3n fue posible gracias al esfuerzo colectivo de estudiantes, docentes, personal administrativo y aliados estrat\u00e9gicos, reafirmando el compromiso del Itescan con la mejora continua y la excelencia acad\u00e9mica, avanzando hacia un futuro de innovaci\u00f3n, liderazgo y desarrollo.<\/p>\n<p>&nbsp;<\/p>\n<p>&nbsp;<\/p>\n<p>&nbsp;<\/p>\n<p>El Cacei es el primer organismo acreditador de programas de estudios de licenciatura en M\u00e9xico, mientras que el Acuerdo de Washington forma parte de la International Engineering Alliance (IEA), una organizaci\u00f3n sin fines de lucro con presencia en 29 pa\u00edses.<\/p>\n<p><strong>Fecha de publicaci\u00f3n\u00a0 mi\u00e9rcoles 22<\/strong><strong> de enero de 2025<\/strong><\/p>\n","protected":false},"excerpt":{"rendered":"<p>CANANEA, SONORA, MX. \u0336 \u0336\u00a0 Los programas educativos de las ingenier\u00edas en Miner\u00eda e Industrial&#8230;<\/p>\n","protected":false},"author":1,"featured_media":208338,"comment_status":"open","ping_status":"open","sticky":false,"template":"","format":"standard","meta":{"_monsterinsights_skip_tracking":false,"_monsterinsights_sitenote_active":false,"_monsterinsights_sitenote_note":"","_monsterinsights_sitenote_category":0,"footnotes":""},"categories":[22],"tags":[10344],"class_list":["post"],"yoast_head":" \n<title>Sonora en Equipo. Programas educativos de Itescan reciben acreditaci\u00f3n internacional Sonora<\/title>\n<meta name=\"description\" content=\"CANANEA, SONORA, MX. \u0336 \u0336\u00a0 Los programas educativos de las ingenier\u00edas en Miner\u00eda e Industrial del Instituto Tecnol\u00f3gico Superior de Cananea (Itescan) En Sonora en Equipo publicamos toda la informaci\u00f3n de Sonora, M\u00e9xico y el Mundo de manera oportuna y busca que la libertad de expresi\u00f3n sea real. Visita nuestro medio informativo publicado desde Hermosillo, Sonora. %\" \/>\n<meta name=\"robots\" content=\"index, follow, max-snippet:-1, max-image-preview:large, max-video-preview:-1\" \/>\n<link rel=\"canonical\" href=\"https:\/\/www.sonoraenequipo.com.mx\/programas-educativos-de-itescan-reciben-acreditacion-internacional\/\" \/>\n<meta property=\"og:locale\" content=\"es_ES\" \/>\n<meta property=\"og:type\" content=\"article\" \/>\n<meta property=\"og:title\" content=\"Sonora en Equipo. Programas educativos de Itescan reciben acreditaci\u00f3n internacional Sonora\" \/>\n<meta property=\"og:description\" content=\"CANANEA, SONORA, MX. \u0336 \u0336\u00a0 Los programas educativos de las ingenier\u00edas en Miner\u00eda e Industrial del Instituto Tecnol\u00f3gico Superior de Cananea (Itescan) En Sonora en Equipo publicamos toda la informaci\u00f3n de Sonora, M\u00e9xico y el Mundo de manera oportuna y busca que la libertad de expresi\u00f3n sea real. Visita nuestro medio informativo publicado desde Hermosillo, Sonora. %\" \/>\n<meta property=\"og:url\" content=\"https:\/\/www.sonoraenequipo.com.mx\/programas-educativos-de-itescan-reciben-acreditacion-internacional\/\" \/>\n<meta property=\"og:site_name\" content=\"Sonora en Equipo.\" \/>\n<meta property=\"article:publisher\" content=\"https:\/\/www.facebook.com\/SonoraEE\/\" \/>\n<meta property=\"article:author\" content=\"https:\/\/www.facebook.com\/SonoraEE\" \/>\n<meta property=\"article:published_time\" content=\"2025-01-23T03:08:48+00:00\" \/>\n<meta property=\"og:image\" content=\"https:\/\/www.sonoraenequipo.com.mx\/storage\/2025\/01\/ITESCAN.jpg\" \/>\n\t<meta property=\"og:image:width\" content=\"600\" \/>\n\t<meta property=\"og:image:height\" content=\"450\" \/>\n\t<meta property=\"og:image:type\" content=\"image\/jpeg\" \/>\n<meta name=\"author\" content=\"enequipo\" \/>\n<meta name=\"twitter:card\" content=\"summary_large_image\" \/>\n<meta name=\"twitter:creator\" content=\"@sonoraenequipo\" \/>\n<meta name=\"twitter:site\" content=\"@sonoraenequipo\" \/>\n<meta name=\"twitter:label1\" content=\"Escrito por\" \/>\n\t<meta name=\"twitter:data1\" content=\"enequipo\" \/>\n\t<meta name=\"twitter:label2\" content=\"Tiempo de lectura\" \/>\n\t<meta name=\"twitter:data2\" content=\"1 minuto\" \/>\n<script type=\"application\/ld+json\" class=\"yoast-schema-graph\">{\"@context\":\"https:\/\/schema.org\",\"@graph\":[{\"@type\":\"Article\",\"@id\":\"https:\/\/www.sonoraenequipo.com.mx\/programas-educativos-de-itescan-reciben-acreditacion-internacional\/#article\",\"isPartOf\":{\"@id\":\"https:\/\/www.sonoraenequipo.com.mx\/programas-educativos-de-itescan-reciben-acreditacion-internacional\/\"},\"author\":{\"name\":\"enequipo\",\"@id\":\"https:\/\/www.sonoraenequipo.com.mx\/#\/schema\/person\/50102df0fb23a8fa9e8effad8fa81386\"},\"headline\":\"Programas educativos de Itescan reciben acreditaci\u00f3n internacional\",\"datePublished\":\"2025-01-23T03:08:48+00:00\",\"mainEntityOfPage\":{\"@id\":\"https:\/\/www.sonoraenequipo.com.mx\/programas-educativos-de-itescan-reciben-acreditacion-internacional\/\"},\"wordCount\":286,\"commentCount\":0,\"publisher\":{\"@id\":\"https:\/\/www.sonoraenequipo.com.mx\/#organization\"},\"image\":{\"@id\":\"https:\/\/www.sonoraenequipo.com.mx\/programas-educativos-de-itescan-reciben-acreditacion-internacional\/#primaryimage\"},\"thumbnailUrl\":\"https:\/\/www.sonoraenequipo.com.mx\/storage\/2025\/01\/ITESCAN.jpg\",\"keywords\":[\"itescan\"],\"articleSection\":[\"Sonora\"],\"inLanguage\":\"es\",\"potentialAction\":[{\"@type\":\"CommentAction\",\"name\":\"Comment\",\"target\":[\"https:\/\/www.sonoraenequipo.com.mx\/programas-educativos-de-itescan-reciben-acreditacion-internacional\/#respond\"]}]},{\"@type\":\"WebPage\",\"@id\":\"https:\/\/www.sonoraenequipo.com.mx\/programas-educativos-de-itescan-reciben-acreditacion-internacional\/\",\"url\":\"https:\/\/www.sonoraenequipo.com.mx\/programas-educativos-de-itescan-reciben-acreditacion-internacional\/\",\"name\":\"Sonora en Equipo. Programas educativos de Itescan reciben acreditaci\u00f3n internacional Sonora\",\"isPartOf\":{\"@id\":\"https:\/\/www.sonoraenequipo.com.mx\/#website\"},\"primaryImageOfPage\":{\"@id\":\"https:\/\/www.sonoraenequipo.com.mx\/programas-educativos-de-itescan-reciben-acreditacion-internacional\/#primaryimage\"},\"image\":{\"@id\":\"https:\/\/www.sonoraenequipo.com.mx\/programas-educativos-de-itescan-reciben-acreditacion-internacional\/#primaryimage\"},\"thumbnailUrl\":\"https:\/\/www.sonoraenequipo.com.mx\/storage\/2025\/01\/ITESCAN.jpg\",\"datePublished\":\"2025-01-23T03:08:48+00:00\",\"description\":\"CANANEA, SONORA, MX. \u0336 \u0336\u00a0 Los programas educativos de las ingenier\u00edas en Miner\u00eda e Industrial del Instituto Tecnol\u00f3gico Superior de Cananea (Itescan) En Sonora en Equipo publicamos toda la informaci\u00f3n de Sonora, M\u00e9xico y el Mundo de manera oportuna y busca que la libertad de expresi\u00f3n sea real. Visita nuestro medio informativo publicado desde Hermosillo, Sonora. %\",\"breadcrumb\":{\"@id\":\"https:\/\/www.sonoraenequipo.com.mx\/programas-educativos-de-itescan-reciben-acreditacion-internacional\/#breadcrumb\"},\"inLanguage\":\"es\",\"potentialAction\":[{\"@type\":\"ReadAction\",\"target\":[\"https:\/\/www.sonoraenequipo.com.mx\/programas-educativos-de-itescan-reciben-acreditacion-internacional\/\"]}]},{\"@type\":\"ImageObject\",\"inLanguage\":\"es\",\"@id\":\"https:\/\/www.sonoraenequipo.com.mx\/programas-educativos-de-itescan-reciben-acreditacion-internacional\/#primaryimage\",\"url\":\"https:\/\/www.sonoraenequipo.com.mx\/storage\/2025\/01\/ITESCAN.jpg\",\"contentUrl\":\"https:\/\/www.sonoraenequipo.com.mx\/storage\/2025\/01\/ITESCAN.jpg\",\"width\":600,\"height\":450},{\"@type\":\"BreadcrumbList\",\"@id\":\"https:\/\/www.sonoraenequipo.com.mx\/programas-educativos-de-itescan-reciben-acreditacion-internacional\/#breadcrumb\",\"itemListElement\":[{\"@type\":\"ListItem\",\"position\":1,\"name\":\"Portada\",\"item\":\"https:\/\/www.sonoraenequipo.com.mx\/\"},{\"@type\":\"ListItem\",\"position\":2,\"name\":\"Programas educativos de Itescan reciben acreditaci\u00f3n internacional\"}]},{\"@type\":\"WebSite\",\"@id\":\"https:\/\/www.sonoraenequipo.com.mx\/#website\",\"url\":\"https:\/\/www.sonoraenequipo.com.mx\/\",\"name\":\"Sonora en Equipo.\",\"description\":\"Diario en l\u00ednea con Noticias desde Hermosillo, Sonora\",\"publisher\":{\"@id\":\"https:\/\/www.sonoraenequipo.com.mx\/#organization\"},\"potentialAction\":[{\"@type\":\"SearchAction\",\"target\":{\"@type\":\"EntryPoint\",\"urlTemplate\":\"https:\/\/www.sonoraenequipo.com.mx\/?s={search_term_string}\"},\"query-input\":{\"@type\":\"PropertyValueSpecification\",\"valueRequired\":true,\"valueName\":\"search_term_string\"}}],\"inLanguage\":\"es\"},{\"@type\":\"Organization\",\"@id\":\"https:\/\/www.sonoraenequipo.com.mx\/#organization\",\"name\":\"Sonoraenequipo.com.mx\",\"url\":\"https:\/\/www.sonoraenequipo.com.mx\/\",\"logo\":{\"@type\":\"ImageObject\",\"inLanguage\":\"es\",\"@id\":\"https:\/\/www.sonoraenequipo.com.mx\/#\/schema\/logo\/image\/\",\"url\":\"https:\/\/www.sonoraenequipo.com.mx\/storage\/2019\/01\/sonoraenequipo_opt.png\",\"contentUrl\":\"https:\/\/www.sonoraenequipo.com.mx\/storage\/2019\/01\/sonoraenequipo_opt.png\",\"width\":375,\"height\":125,\"caption\":\"Sonoraenequipo.com.mx\"},\"image\":{\"@id\":\"https:\/\/www.sonoraenequipo.com.mx\/#\/schema\/logo\/image\/\"},\"sameAs\":[\"https:\/\/www.facebook.com\/SonoraEE\/\",\"https:\/\/x.com\/sonoraenequipo\",\"https:\/\/www.youtube.com\/channel\/UC338nW-lPEYmJQs4ZABQ1SQ\"]},{\"@type\":\"Person\",\"@id\":\"https:\/\/www.sonoraenequipo.com.mx\/#\/schema\/person\/50102df0fb23a8fa9e8effad8fa81386\",\"name\":\"enequipo\",\"image\":{\"@type\":\"ImageObject\",\"inLanguage\":\"es\",\"@id\":\"https:\/\/www.sonoraenequipo.com.mx\/#\/schema\/person\/image\/\",\"url\":\"https:\/\/secure.gravatar.com\/avatar\/049821681b589dabc0bc20695993ccebb09f5b5d4d790cd9251b97faac7c652b?s=96&d=blank&r=g\",\"contentUrl\":\"https:\/\/secure.gravatar.com\/avatar\/049821681b589dabc0bc20695993ccebb09f5b5d4d790cd9251b97faac7c652b?s=96&d=blank&r=g\",\"caption\":\"enequipo\"},\"sameAs\":[\"https:\/\/www.facebook.com\/SonoraEE\"]}]}<\/script>\n ","yoast_head_json":{"title":"Sonora en Equipo. Programas educativos de Itescan reciben acreditaci\u00f3n internacional Sonora","description":"CANANEA, SONORA, MX. \u0336 \u0336\u00a0 Los programas educativos de las ingenier\u00edas en Miner\u00eda e Industrial del Instituto Tecnol\u00f3gico Superior de Cananea (Itescan) En Sonora en Equipo publicamos toda la informaci\u00f3n de Sonora, M\u00e9xico y el Mundo de manera oportuna y busca que la libertad de expresi\u00f3n sea real. Visita nuestro medio informativo publicado desde Hermosillo, Sonora. %","robots":{"index":"index","follow":"follow","max-snippet":"max-snippet:-1","max-image-preview":"max-image-preview:large","max-video-preview":"max-video-preview:-1"},"canonical":"https:\/\/www.sonoraenequipo.com.mx\/programas-educativos-de-itescan-reciben-acreditacion-internacional\/","og_locale":"es_ES","og_type":"article","og_title":"Sonora en Equipo. Programas educativos de Itescan reciben acreditaci\u00f3n internacional Sonora","og_description":"CANANEA, SONORA, MX. \u0336 \u0336\u00a0 Los programas educativos de las ingenier\u00edas en Miner\u00eda e Industrial del Instituto Tecnol\u00f3gico Superior de Cananea (Itescan) En Sonora en Equipo publicamos toda la informaci\u00f3n de Sonora, M\u00e9xico y el Mundo de manera oportuna y busca que la libertad de expresi\u00f3n sea real. Visita nuestro medio informativo publicado desde Hermosillo, Sonora. %","og_url":"https:\/\/www.sonoraenequipo.com.mx\/programas-educativos-de-itescan-reciben-acreditacion-internacional\/","og_site_name":"Sonora en Equipo.","article_publisher":"https:\/\/www.facebook.com\/SonoraEE\/","article_author":"https:\/\/www.facebook.com\/SonoraEE","article_published_time":"2025-01-23T03:08:48+00:00","og_image":[{"width":600,"height":450,"url":"https:\/\/www.sonoraenequipo.com.mx\/storage\/2025\/01\/ITESCAN.jpg","type":"image\/jpeg"}],"author":"enequipo","twitter_card":"summary_large_image","twitter_creator":"@sonoraenequipo","twitter_site":"@sonoraenequipo","twitter_misc":{"Escrito por":"enequipo","Tiempo de lectura":"1 minuto"},"schema":{"@context":"https:\/\/schema.org","@graph":[{"@type":"Article","@id":"https:\/\/www.sonoraenequipo.com.mx\/programas-educativos-de-itescan-reciben-acreditacion-internacional\/#article","isPartOf":{"@id":"https:\/\/www.sonoraenequipo.com.mx\/programas-educativos-de-itescan-reciben-acreditacion-internacional\/"},"author":{"name":"enequipo","@id":"https:\/\/www.sonoraenequipo.com.mx\/#\/schema\/person\/50102df0fb23a8fa9e8effad8fa81386"},"headline":"Programas educativos de Itescan reciben acreditaci\u00f3n internacional","datePublished":"2025-01-23T03:08:48+00:00","mainEntityOfPage":{"@id":"https:\/\/www.sonoraenequipo.com.mx\/programas-educativos-de-itescan-reciben-acreditacion-internacional\/"},"wordCount":286,"commentCount":0,"publisher":{"@id":"https:\/\/www.sonoraenequipo.com.mx\/#organization"},"image":{"@id":"https:\/\/www.sonoraenequipo.com.mx\/programas-educativos-de-itescan-reciben-acreditacion-internacional\/#primaryimage"},"thumbnailUrl":"https:\/\/www.sonoraenequipo.com.mx\/storage\/2025\/01\/ITESCAN.jpg","keywords":["itescan"],"articleSection":["Sonora"],"inLanguage":"es","potentialAction":[{"@type":"CommentAction","name":"Comment","target":["https:\/\/www.sonoraenequipo.com.mx\/programas-educativos-de-itescan-reciben-acreditacion-internacional\/#respond"]}]},{"@type":"WebPage","@id":"https:\/\/www.sonoraenequipo.com.mx\/programas-educativos-de-itescan-reciben-acreditacion-internacional\/","url":"https:\/\/www.sonoraenequipo.com.mx\/programas-educativos-de-itescan-reciben-acreditacion-internacional\/","name":"Sonora en Equipo. Programas educativos de Itescan reciben acreditaci\u00f3n internacional Sonora","isPartOf":{"@id":"https:\/\/www.sonoraenequipo.com.mx\/#website"},"primaryImageOfPage":{"@id":"https:\/\/www.sonoraenequipo.com.mx\/programas-educativos-de-itescan-reciben-acreditacion-internacional\/#primaryimage"},"image":{"@id":"https:\/\/www.sonoraenequipo.com.mx\/programas-educativos-de-itescan-reciben-acreditacion-internacional\/#primaryimage"},"thumbnailUrl":"https:\/\/www.sonoraenequipo.com.mx\/storage\/2025\/01\/ITESCAN.jpg","datePublished":"2025-01-23T03:08:48+00:00","description":"CANANEA, SONORA, MX. \u0336 \u0336\u00a0 Los programas educativos de las ingenier\u00edas en Miner\u00eda e Industrial del Instituto Tecnol\u00f3gico Superior de Cananea (Itescan) En Sonora en Equipo publicamos toda la informaci\u00f3n de Sonora, M\u00e9xico y el Mundo de manera oportuna y busca que la libertad de expresi\u00f3n sea real. Visita nuestro medio informativo publicado desde Hermosillo, Sonora. %","breadcrumb":{"@id":"https:\/\/www.sonoraenequipo.com.mx\/programas-educativos-de-itescan-reciben-acreditacion-internacional\/#breadcrumb"},"inLanguage":"es","potentialAction":[{"@type":"ReadAction","target":["https:\/\/www.sonoraenequipo.com.mx\/programas-educativos-de-itescan-reciben-acreditacion-internacional\/"]}]},{"@type":"ImageObject","inLanguage":"es","@id":"https:\/\/www.sonoraenequipo.com.mx\/programas-educativos-de-itescan-reciben-acreditacion-internacional\/#primaryimage","url":"https:\/\/www.sonoraenequipo.com.mx\/storage\/2025\/01\/ITESCAN.jpg","contentUrl":"https:\/\/www.sonoraenequipo.com.mx\/storage\/2025\/01\/ITESCAN.jpg","width":600,"height":450},{"@type":"BreadcrumbList","@id":"https:\/\/www.sonoraenequipo.com.mx\/programas-educativos-de-itescan-reciben-acreditacion-internacional\/#breadcrumb","itemListElement":[{"@type":"ListItem","position":1,"name":"Portada","item":"https:\/\/www.sonoraenequipo.com.mx\/"},{"@type":"ListItem","position":2,"name":"Programas educativos de Itescan reciben acreditaci\u00f3n internacional"}]},{"@type":"WebSite","@id":"https:\/\/www.sonoraenequipo.com.mx\/#website","url":"https:\/\/www.sonoraenequipo.com.mx\/","name":"Sonora en Equipo.","description":"Diario en l\u00ednea con Noticias desde Hermosillo, Sonora","publisher":{"@id":"https:\/\/www.sonoraenequipo.com.mx\/#organization"},"potentialAction":[{"@type":"SearchAction","target":{"@type":"EntryPoint","urlTemplate":"https:\/\/www.sonoraenequipo.com.mx\/?s={search_term_string}"},"query-input":{"@type":"PropertyValueSpecification","valueRequired":true,"valueName":"search_term_string"}}],"inLanguage":"es"},{"@type":"Organization","@id":"https:\/\/www.sonoraenequipo.com.mx\/#organization","name":"Sonoraenequipo.com.mx","url":"https:\/\/www.sonoraenequipo.com.mx\/","logo":{"@type":"ImageObject","inLanguage":"es","@id":"https:\/\/www.sonoraenequipo.com.mx\/#\/schema\/logo\/image\/","url":"https:\/\/www.sonoraenequipo.com.mx\/storage\/2019\/01\/sonoraenequipo_opt.png","contentUrl":"https:\/\/www.sonoraenequipo.com.mx\/storage\/2019\/01\/sonoraenequipo_opt.png","width":375,"height":125,"caption":"Sonoraenequipo.com.mx"},"image":{"@id":"https:\/\/www.sonoraenequipo.com.mx\/#\/schema\/logo\/image\/"},"sameAs":["https:\/\/www.facebook.com\/SonoraEE\/","https:\/\/x.com\/sonoraenequipo","https:\/\/www.youtube.com\/channel\/UC338nW-lPEYmJQs4ZABQ1SQ"]},{"@type":"Person","@id":"https:\/\/www.sonoraenequipo.com.mx\/#\/schema\/person\/50102df0fb23a8fa9e8effad8fa81386","name":"enequipo","image":{"@type":"ImageObject","inLanguage":"es","@id":"https:\/\/www.sonoraenequipo.com.mx\/#\/schema\/person\/image\/","url":"https:\/\/secure.gravatar.com\/avatar\/049821681b589dabc0bc20695993ccebb09f5b5d4d790cd9251b97faac7c652b?s=96&d=blank&r=g","contentUrl":"https:\/\/secure.gravatar.com\/avatar\/049821681b589dabc0bc20695993ccebb09f5b5d4d790cd9251b97faac7c652b?s=96&d=blank&r=g","caption":"enequipo"},"sameAs":["https:\/\/www.facebook.com\/SonoraEE"]}]}},"jetpack_featured_media_url":"https:\/\/www.sonoraenequipo.com.mx\/storage\/2025\/01\/ITESCAN.jpg","_links":{"self":[{"href":"https:\/\/www.sonoraenequipo.com.mx\/api\/wp\/v2\/posts\/208337","targetHints":{"allow":["GET"]}}],"collection":[{"href":"https:\/\/www.sonoraenequipo.com.mx\/api\/wp\/v2\/posts"}],"about":[{"href":"https:\/\/www.sonoraenequipo.com.mx\/api\/wp\/v2\/types\/post"}],"author":[{"embeddable":true,"href":"https:\/\/www.sonoraenequipo.com.mx\/api\/wp\/v2\/users\/1"}],"replies":[{"embeddable":true,"href":"https:\/\/www.sonoraenequipo.com.mx\/api\/wp\/v2\/comments?post=208337"}],"version-history":[{"count":1,"href":"https:\/\/www.sonoraenequipo.com.mx\/api\/wp\/v2\/posts\/208337\/revisions"}],"predecessor-version":[{"id":208339,"href":"https:\/\/www.sonoraenequipo.com.mx\/api\/wp\/v2\/posts\/208337\/revisions\/208339"}],"wp:featuredmedia":[{"embeddable":true,"href":"https:\/\/www.sonoraenequipo.com.mx\/api\/wp\/v2\/media\/208338"}],"wp:attachment":[{"href":"https:\/\/www.sonoraenequipo.com.mx\/api\/wp\/v2\/media?parent=208337"}],"wp:term":[{"taxonomy":"category","embeddable":true,"href":"https:\/\/www.sonoraenequipo.com.mx\/api\/wp\/v2\/categories?post=208337"},{"taxonomy":"post_tag","embeddable":true,"href":"https:\/\/www.sonoraenequipo.com.mx\/api\/wp\/v2\/tags?post=208337"}],"curies":[{"name":"wp","href":"https:\/\/api.w.org\/{rel}","templated":true}]}}