{"id":208353,"date":"2025-01-23T08:10:38","date_gmt":"2025-01-23T15:10:38","guid":{"rendered":"https:\/\/www.sonoraenequipo.com.mx\/?p=208353"},"modified":"2025-01-23T11:22:40","modified_gmt":"2025-01-23T18:22:40","slug":"busca-consolidar-experiencia-academica-en-unison-estudiante-de-movilidad","status":"publish","type":"post","link":"https:\/\/www.sonoraenequipo.com.mx\/busca-consolidar-experiencia-academica-en-unison-estudiante-de-movilidad\/","title":{"rendered":"Busca consolidar experiencia acad\u00e9mica en Unison estudiante de Movilidad"},"content":{"rendered":"<p><strong>HERMOSILLO, SONORA. MX. \u2014 <\/strong>Obtener nuevas experiencias acad\u00e9micas y tener mejor desarrollo profesional sobre la influencia de medios de comunicaci\u00f3n que tiene la Universidad de Sonora, son los planes de Natalia Stivaly Lopes Inurrigarro, estudiante de la Licenciatura en Ciencias de Comunicaci\u00f3n de la Universidad Aut\u00f3noma de Baja California (UABC), campus Ensenada, quien realiza movilidad estudiantil en tierra sonorense en el semestre 2025-1.<\/p>\n<p>&nbsp;<\/p>\n<p>&nbsp;<\/p>\n<p>&nbsp;<\/p>\n<p> <\/p>\n<p>Declar\u00e1ndose orgullosa cimarrona, la futura comunic\u00f3loga explic\u00f3 que, al enterarse del programa de intercambio estudiantil por medio de una amiga que tambi\u00e9n tuvo la experiencia de visitar la alma mater de los sonorenses, decidi\u00f3 iniciar el proceso y se acerc\u00f3 con su tutora en el campus Ensenada, quien tambi\u00e9n funge como la encargada de Movilidad, y logr\u00f3 adquirir los archivos necesarios concretar su nueva meta.<\/p>\n<p>&nbsp;<\/p>\n<p>&nbsp;<\/p>\n<p><strong><em>\u201cComenc\u00e9 con los apoyos econ\u00f3micos, hablar con mis pap\u00e1s para el permiso, buscar el lugar de hospedaje, env\u00edo de documentos, buscar las materias que eran de inter\u00e9s y su equivalencia entre ambas instituciones, elegir vuelos y cerrar asuntos en mi ciudad antes de poder venir, es un poco de lo que hice para estar en Sonora\u201d,<\/em><\/strong> detall\u00f3.<\/p>\n<p>&nbsp;<\/p>\n<p>&nbsp;<\/p>\n<p>Lleg\u00f3 el 5 de enero, una semana antes de que iniciara el ciclo escolar 2025-1 en la m\u00e1xima casa de estudios de Sonora, con el prop\u00f3sito de adaptarse al lugar y conocer las formas de llegar a la unidad acad\u00e9mica: adem\u00e1s, dijo, el campus Hermosillo es muy grande a comparaci\u00f3n del campus Ensenada y eso ha provocado un poco de desorientaci\u00f3n, pero tambi\u00e9n ha encontrado a personas muy amables que le ayudan a localizar los edificios para recibir las asignaturas correspondientes.<\/p>\n<p>&nbsp;<\/p>\n<h3>\nEs un buen aprendizaje<\/h3>\n<p>&nbsp;<\/p>\n<p>&nbsp;<\/p>\n<p>A diferencia de su escuela de origen, explic\u00f3, en la instituci\u00f3n sonorense el abordaje es m\u00e1s medi\u00e1tico, mientras que en la UABC el esquema es m\u00e1s relacionado a la investigaci\u00f3n.<\/p>\n<p>&nbsp;<\/p>\n<p>&nbsp;<\/p>\n<p><em><strong>\u201cAqu\u00ed es a lo que est\u00e1 pasando en el momento y se nota a la hora de impartir la clase; los profesores son muy accesibles en cuanto a dudas que me surgen, su explicaci\u00f3n es muy concisa\u201d,<\/strong><\/em> aclar\u00f3.<\/p>\n<p>&nbsp;<\/p>\n<p>&nbsp;<\/p>\n<p>&nbsp;<\/p>\n<p>Su per\u00edodo de movilidad concluye a finales del mes de mayo y, para ese entonces, espera haber obtenido herramientas y conocimientos que coadyuven a un desenvolvimiento profesional y en su vida personal.<\/p>\n<p>&nbsp;<\/p>\n<p>&nbsp;<\/p>\n<p>&nbsp;<\/p>\n<p><strong><em>\u201cSiento que me faltan muchas \u00e1reas por desenvolverme, y como estoy pr\u00f3xima a egresar pues quiero llevarme esa experiencia de hacer contactos, conocer nuevas formas de aprendizaje, un poco m\u00e1s de la cultura, porque, aunque seamos del mismo pa\u00eds cada estado tiene su cultura\u201d<\/em><\/strong>, asegur\u00f3.<\/p>\n<p>&nbsp;<\/p>\n<p>&nbsp;<\/p>\n<p>&nbsp;<\/p>\n<p>Sus planes a futuro, dijo, son titularse en su universidad en el per\u00edodo 2026, conseguir un trabajo en el \u00e1rea de relaciones p\u00fablicas o en comunicaci\u00f3n organizacional, y en un par de a\u00f1os m\u00e1s, mudarse a la ciudad de Monterrey para trabajar en otros rubros.<\/p>\n<p>&nbsp;<\/p>\n<p>&nbsp;<\/p>\n<p>&nbsp;<\/p>\n<p>Afirm\u00f3 que recomienda a la Universidad de Sonora como unidad receptora para movilidad estudiantil porque ofrece una experiencia \u00fanica y un amplio programa educativo; adem\u00e1s, en lo tur\u00edstico tambi\u00e9n proporciona muchos lugares bonitos para visitar.<\/p>\n<p>&nbsp;<\/p>\n<p>&nbsp;<\/p>\n<p>&nbsp;<\/p>\n<p>PUBLICADO EL 21 DE ENERO DE 2025 Con informaci\u00f3n de UNISON)<\/p>\n","protected":false},"excerpt":{"rendered":"<p>HERMOSILLO, SONORA. MX. \u2014 Obtener nuevas experiencias acad\u00e9micas y tener mejor desarrollo profesional sobre la&#8230;<\/p>\n","protected":false},"author":1,"featured_media":208354,"comment_status":"open","ping_status":"open","sticky":false,"template":"","format":"standard","meta":{"_monsterinsights_skip_tracking":false,"_monsterinsights_sitenote_active":false,"_monsterinsights_sitenote_note":"","_monsterinsights_sitenote_category":0,"footnotes":""},"categories":[22],"tags":[],"class_list":["post"],"yoast_head":" \n<title>Sonora en Equipo. Busca consolidar experiencia acad\u00e9mica en Unison estudiante de Movilidad Sonora<\/title>\n<meta name=\"description\" content=\"HERMOSILLO, SONORA. MX. \u2014 Obtener nuevas experiencias acad\u00e9micas y tener mejor desarrollo profesional sobre la influencia de medios de comunicaci\u00f3n que En Sonora en Equipo publicamos toda la informaci\u00f3n de Sonora, M\u00e9xico y el Mundo de manera oportuna y busca que la libertad de expresi\u00f3n sea real. Visita nuestro medio informativo publicado desde Hermosillo, Sonora. %\" \/>\n<meta name=\"robots\" content=\"index, follow, max-snippet:-1, max-image-preview:large, max-video-preview:-1\" \/>\n<link rel=\"canonical\" href=\"https:\/\/www.sonoraenequipo.com.mx\/busca-consolidar-experiencia-academica-en-unison-estudiante-de-movilidad\/\" \/>\n<meta property=\"og:locale\" content=\"es_ES\" \/>\n<meta property=\"og:type\" content=\"article\" \/>\n<meta property=\"og:title\" content=\"Sonora en Equipo. Busca consolidar experiencia acad\u00e9mica en Unison estudiante de Movilidad Sonora\" \/>\n<meta property=\"og:description\" content=\"HERMOSILLO, SONORA. MX. \u2014 Obtener nuevas experiencias acad\u00e9micas y tener mejor desarrollo profesional sobre la influencia de medios de comunicaci\u00f3n que En Sonora en Equipo publicamos toda la informaci\u00f3n de Sonora, M\u00e9xico y el Mundo de manera oportuna y busca que la libertad de expresi\u00f3n sea real. Visita nuestro medio informativo publicado desde Hermosillo, Sonora. %\" \/>\n<meta property=\"og:url\" content=\"https:\/\/www.sonoraenequipo.com.mx\/busca-consolidar-experiencia-academica-en-unison-estudiante-de-movilidad\/\" \/>\n<meta property=\"og:site_name\" content=\"Sonora en Equipo.\" \/>\n<meta property=\"article:publisher\" content=\"https:\/\/www.facebook.com\/SonoraEE\/\" \/>\n<meta property=\"article:author\" content=\"https:\/\/www.facebook.com\/SonoraEE\" \/>\n<meta property=\"article:published_time\" content=\"2025-01-23T15:10:38+00:00\" \/>\n<meta property=\"article:modified_time\" content=\"2025-01-23T18:22:40+00:00\" \/>\n<meta property=\"og:image\" content=\"https:\/\/www.sonoraenequipo.com.mx\/storage\/2025\/01\/Busca-consolidar-experiencia-academica-en-Unison-estudiante-de-Movilidad-min.jpg\" \/>\n\t<meta property=\"og:image:width\" content=\"923\" \/>\n\t<meta property=\"og:image:height\" content=\"574\" \/>\n\t<meta property=\"og:image:type\" content=\"image\/jpeg\" \/>\n<meta name=\"author\" content=\"enequipo\" \/>\n<meta name=\"twitter:card\" content=\"summary_large_image\" \/>\n<meta name=\"twitter:creator\" content=\"@sonoraenequipo\" \/>\n<meta name=\"twitter:site\" content=\"@sonoraenequipo\" \/>\n<meta name=\"twitter:label1\" content=\"Escrito por\" \/>\n\t<meta name=\"twitter:data1\" content=\"enequipo\" \/>\n\t<meta name=\"twitter:label2\" content=\"Tiempo de lectura\" \/>\n\t<meta name=\"twitter:data2\" content=\"3 minutos\" \/>\n<script type=\"application\/ld+json\" class=\"yoast-schema-graph\">{\"@context\":\"https:\/\/schema.org\",\"@graph\":[{\"@type\":\"Article\",\"@id\":\"https:\/\/www.sonoraenequipo.com.mx\/busca-consolidar-experiencia-academica-en-unison-estudiante-de-movilidad\/#article\",\"isPartOf\":{\"@id\":\"https:\/\/www.sonoraenequipo.com.mx\/busca-consolidar-experiencia-academica-en-unison-estudiante-de-movilidad\/\"},\"author\":{\"name\":\"enequipo\",\"@id\":\"https:\/\/www.sonoraenequipo.com.mx\/#\/schema\/person\/50102df0fb23a8fa9e8effad8fa81386\"},\"headline\":\"Busca consolidar experiencia acad\u00e9mica en Unison estudiante de Movilidad\",\"datePublished\":\"2025-01-23T15:10:38+00:00\",\"dateModified\":\"2025-01-23T18:22:40+00:00\",\"mainEntityOfPage\":{\"@id\":\"https:\/\/www.sonoraenequipo.com.mx\/busca-consolidar-experiencia-academica-en-unison-estudiante-de-movilidad\/\"},\"wordCount\":576,\"commentCount\":0,\"publisher\":{\"@id\":\"https:\/\/www.sonoraenequipo.com.mx\/#organization\"},\"image\":{\"@id\":\"https:\/\/www.sonoraenequipo.com.mx\/busca-consolidar-experiencia-academica-en-unison-estudiante-de-movilidad\/#primaryimage\"},\"thumbnailUrl\":\"https:\/\/www.sonoraenequipo.com.mx\/storage\/2025\/01\/Busca-consolidar-experiencia-academica-en-Unison-estudiante-de-Movilidad-min.jpg\",\"articleSection\":[\"Sonora\"],\"inLanguage\":\"es\",\"potentialAction\":[{\"@type\":\"CommentAction\",\"name\":\"Comment\",\"target\":[\"https:\/\/www.sonoraenequipo.com.mx\/busca-consolidar-experiencia-academica-en-unison-estudiante-de-movilidad\/#respond\"]}]},{\"@type\":\"WebPage\",\"@id\":\"https:\/\/www.sonoraenequipo.com.mx\/busca-consolidar-experiencia-academica-en-unison-estudiante-de-movilidad\/\",\"url\":\"https:\/\/www.sonoraenequipo.com.mx\/busca-consolidar-experiencia-academica-en-unison-estudiante-de-movilidad\/\",\"name\":\"Sonora en Equipo. Busca consolidar experiencia acad\u00e9mica en Unison estudiante de Movilidad Sonora\",\"isPartOf\":{\"@id\":\"https:\/\/www.sonoraenequipo.com.mx\/#website\"},\"primaryImageOfPage\":{\"@id\":\"https:\/\/www.sonoraenequipo.com.mx\/busca-consolidar-experiencia-academica-en-unison-estudiante-de-movilidad\/#primaryimage\"},\"image\":{\"@id\":\"https:\/\/www.sonoraenequipo.com.mx\/busca-consolidar-experiencia-academica-en-unison-estudiante-de-movilidad\/#primaryimage\"},\"thumbnailUrl\":\"https:\/\/www.sonoraenequipo.com.mx\/storage\/2025\/01\/Busca-consolidar-experiencia-academica-en-Unison-estudiante-de-Movilidad-min.jpg\",\"datePublished\":\"2025-01-23T15:10:38+00:00\",\"dateModified\":\"2025-01-23T18:22:40+00:00\",\"description\":\"HERMOSILLO, SONORA. MX. \u2014 Obtener nuevas experiencias acad\u00e9micas y tener mejor desarrollo profesional sobre la influencia de medios de comunicaci\u00f3n que En Sonora en Equipo publicamos toda la informaci\u00f3n de Sonora, M\u00e9xico y el Mundo de manera oportuna y busca que la libertad de expresi\u00f3n sea real. Visita nuestro medio informativo publicado desde Hermosillo, Sonora. %\",\"breadcrumb\":{\"@id\":\"https:\/\/www.sonoraenequipo.com.mx\/busca-consolidar-experiencia-academica-en-unison-estudiante-de-movilidad\/#breadcrumb\"},\"inLanguage\":\"es\",\"potentialAction\":[{\"@type\":\"ReadAction\",\"target\":[\"https:\/\/www.sonoraenequipo.com.mx\/busca-consolidar-experiencia-academica-en-unison-estudiante-de-movilidad\/\"]}]},{\"@type\":\"ImageObject\",\"inLanguage\":\"es\",\"@id\":\"https:\/\/www.sonoraenequipo.com.mx\/busca-consolidar-experiencia-academica-en-unison-estudiante-de-movilidad\/#primaryimage\",\"url\":\"https:\/\/www.sonoraenequipo.com.mx\/storage\/2025\/01\/Busca-consolidar-experiencia-academica-en-Unison-estudiante-de-Movilidad-min.jpg\",\"contentUrl\":\"https:\/\/www.sonoraenequipo.com.mx\/storage\/2025\/01\/Busca-consolidar-experiencia-academica-en-Unison-estudiante-de-Movilidad-min.jpg\",\"width\":923,\"height\":574},{\"@type\":\"BreadcrumbList\",\"@id\":\"https:\/\/www.sonoraenequipo.com.mx\/busca-consolidar-experiencia-academica-en-unison-estudiante-de-movilidad\/#breadcrumb\",\"itemListElement\":[{\"@type\":\"ListItem\",\"position\":1,\"name\":\"Portada\",\"item\":\"https:\/\/www.sonoraenequipo.com.mx\/\"},{\"@type\":\"ListItem\",\"position\":2,\"name\":\"Busca consolidar experiencia acad\u00e9mica en Unison estudiante de Movilidad\"}]},{\"@type\":\"WebSite\",\"@id\":\"https:\/\/www.sonoraenequipo.com.mx\/#website\",\"url\":\"https:\/\/www.sonoraenequipo.com.mx\/\",\"name\":\"Sonora en Equipo.\",\"description\":\"Diario en l\u00ednea con Noticias desde Hermosillo, Sonora\",\"publisher\":{\"@id\":\"https:\/\/www.sonoraenequipo.com.mx\/#organization\"},\"potentialAction\":[{\"@type\":\"SearchAction\",\"target\":{\"@type\":\"EntryPoint\",\"urlTemplate\":\"https:\/\/www.sonoraenequipo.com.mx\/?s={search_term_string}\"},\"query-input\":{\"@type\":\"PropertyValueSpecification\",\"valueRequired\":true,\"valueName\":\"search_term_string\"}}],\"inLanguage\":\"es\"},{\"@type\":\"Organization\",\"@id\":\"https:\/\/www.sonoraenequipo.com.mx\/#organization\",\"name\":\"Sonoraenequipo.com.mx\",\"url\":\"https:\/\/www.sonoraenequipo.com.mx\/\",\"logo\":{\"@type\":\"ImageObject\",\"inLanguage\":\"es\",\"@id\":\"https:\/\/www.sonoraenequipo.com.mx\/#\/schema\/logo\/image\/\",\"url\":\"https:\/\/www.sonoraenequipo.com.mx\/storage\/2019\/01\/sonoraenequipo_opt.png\",\"contentUrl\":\"https:\/\/www.sonoraenequipo.com.mx\/storage\/2019\/01\/sonoraenequipo_opt.png\",\"width\":375,\"height\":125,\"caption\":\"Sonoraenequipo.com.mx\"},\"image\":{\"@id\":\"https:\/\/www.sonoraenequipo.com.mx\/#\/schema\/logo\/image\/\"},\"sameAs\":[\"https:\/\/www.facebook.com\/SonoraEE\/\",\"https:\/\/x.com\/sonoraenequipo\",\"https:\/\/www.youtube.com\/channel\/UC338nW-lPEYmJQs4ZABQ1SQ\"]},{\"@type\":\"Person\",\"@id\":\"https:\/\/www.sonoraenequipo.com.mx\/#\/schema\/person\/50102df0fb23a8fa9e8effad8fa81386\",\"name\":\"enequipo\",\"image\":{\"@type\":\"ImageObject\",\"inLanguage\":\"es\",\"@id\":\"https:\/\/www.sonoraenequipo.com.mx\/#\/schema\/person\/image\/\",\"url\":\"https:\/\/secure.gravatar.com\/avatar\/049821681b589dabc0bc20695993ccebb09f5b5d4d790cd9251b97faac7c652b?s=96&d=blank&r=g\",\"contentUrl\":\"https:\/\/secure.gravatar.com\/avatar\/049821681b589dabc0bc20695993ccebb09f5b5d4d790cd9251b97faac7c652b?s=96&d=blank&r=g\",\"caption\":\"enequipo\"},\"sameAs\":[\"https:\/\/www.facebook.com\/SonoraEE\"]}]}<\/script>\n ","yoast_head_json":{"title":"Sonora en Equipo. Busca consolidar experiencia acad\u00e9mica en Unison estudiante de Movilidad Sonora","description":"HERMOSILLO, SONORA. MX. \u2014 Obtener nuevas experiencias acad\u00e9micas y tener mejor desarrollo profesional sobre la influencia de medios de comunicaci\u00f3n que En Sonora en Equipo publicamos toda la informaci\u00f3n de Sonora, M\u00e9xico y el Mundo de manera oportuna y busca que la libertad de expresi\u00f3n sea real. Visita nuestro medio informativo publicado desde Hermosillo, Sonora. %","robots":{"index":"index","follow":"follow","max-snippet":"max-snippet:-1","max-image-preview":"max-image-preview:large","max-video-preview":"max-video-preview:-1"},"canonical":"https:\/\/www.sonoraenequipo.com.mx\/busca-consolidar-experiencia-academica-en-unison-estudiante-de-movilidad\/","og_locale":"es_ES","og_type":"article","og_title":"Sonora en Equipo. Busca consolidar experiencia acad\u00e9mica en Unison estudiante de Movilidad Sonora","og_description":"HERMOSILLO, SONORA. MX. \u2014 Obtener nuevas experiencias acad\u00e9micas y tener mejor desarrollo profesional sobre la influencia de medios de comunicaci\u00f3n que En Sonora en Equipo publicamos toda la informaci\u00f3n de Sonora, M\u00e9xico y el Mundo de manera oportuna y busca que la libertad de expresi\u00f3n sea real. Visita nuestro medio informativo publicado desde Hermosillo, Sonora. %","og_url":"https:\/\/www.sonoraenequipo.com.mx\/busca-consolidar-experiencia-academica-en-unison-estudiante-de-movilidad\/","og_site_name":"Sonora en Equipo.","article_publisher":"https:\/\/www.facebook.com\/SonoraEE\/","article_author":"https:\/\/www.facebook.com\/SonoraEE","article_published_time":"2025-01-23T15:10:38+00:00","article_modified_time":"2025-01-23T18:22:40+00:00","og_image":[{"width":923,"height":574,"url":"https:\/\/www.sonoraenequipo.com.mx\/storage\/2025\/01\/Busca-consolidar-experiencia-academica-en-Unison-estudiante-de-Movilidad-min.jpg","type":"image\/jpeg"}],"author":"enequipo","twitter_card":"summary_large_image","twitter_creator":"@sonoraenequipo","twitter_site":"@sonoraenequipo","twitter_misc":{"Escrito por":"enequipo","Tiempo de lectura":"3 minutos"},"schema":{"@context":"https:\/\/schema.org","@graph":[{"@type":"Article","@id":"https:\/\/www.sonoraenequipo.com.mx\/busca-consolidar-experiencia-academica-en-unison-estudiante-de-movilidad\/#article","isPartOf":{"@id":"https:\/\/www.sonoraenequipo.com.mx\/busca-consolidar-experiencia-academica-en-unison-estudiante-de-movilidad\/"},"author":{"name":"enequipo","@id":"https:\/\/www.sonoraenequipo.com.mx\/#\/schema\/person\/50102df0fb23a8fa9e8effad8fa81386"},"headline":"Busca consolidar experiencia acad\u00e9mica en Unison estudiante de Movilidad","datePublished":"2025-01-23T15:10:38+00:00","dateModified":"2025-01-23T18:22:40+00:00","mainEntityOfPage":{"@id":"https:\/\/www.sonoraenequipo.com.mx\/busca-consolidar-experiencia-academica-en-unison-estudiante-de-movilidad\/"},"wordCount":576,"commentCount":0,"publisher":{"@id":"https:\/\/www.sonoraenequipo.com.mx\/#organization"},"image":{"@id":"https:\/\/www.sonoraenequipo.com.mx\/busca-consolidar-experiencia-academica-en-unison-estudiante-de-movilidad\/#primaryimage"},"thumbnailUrl":"https:\/\/www.sonoraenequipo.com.mx\/storage\/2025\/01\/Busca-consolidar-experiencia-academica-en-Unison-estudiante-de-Movilidad-min.jpg","articleSection":["Sonora"],"inLanguage":"es","potentialAction":[{"@type":"CommentAction","name":"Comment","target":["https:\/\/www.sonoraenequipo.com.mx\/busca-consolidar-experiencia-academica-en-unison-estudiante-de-movilidad\/#respond"]}]},{"@type":"WebPage","@id":"https:\/\/www.sonoraenequipo.com.mx\/busca-consolidar-experiencia-academica-en-unison-estudiante-de-movilidad\/","url":"https:\/\/www.sonoraenequipo.com.mx\/busca-consolidar-experiencia-academica-en-unison-estudiante-de-movilidad\/","name":"Sonora en Equipo. Busca consolidar experiencia acad\u00e9mica en Unison estudiante de Movilidad Sonora","isPartOf":{"@id":"https:\/\/www.sonoraenequipo.com.mx\/#website"},"primaryImageOfPage":{"@id":"https:\/\/www.sonoraenequipo.com.mx\/busca-consolidar-experiencia-academica-en-unison-estudiante-de-movilidad\/#primaryimage"},"image":{"@id":"https:\/\/www.sonoraenequipo.com.mx\/busca-consolidar-experiencia-academica-en-unison-estudiante-de-movilidad\/#primaryimage"},"thumbnailUrl":"https:\/\/www.sonoraenequipo.com.mx\/storage\/2025\/01\/Busca-consolidar-experiencia-academica-en-Unison-estudiante-de-Movilidad-min.jpg","datePublished":"2025-01-23T15:10:38+00:00","dateModified":"2025-01-23T18:22:40+00:00","description":"HERMOSILLO, SONORA. MX. \u2014 Obtener nuevas experiencias acad\u00e9micas y tener mejor desarrollo profesional sobre la influencia de medios de comunicaci\u00f3n que En Sonora en Equipo publicamos toda la informaci\u00f3n de Sonora, M\u00e9xico y el Mundo de manera oportuna y busca que la libertad de expresi\u00f3n sea real. Visita nuestro medio informativo publicado desde Hermosillo, Sonora. %","breadcrumb":{"@id":"https:\/\/www.sonoraenequipo.com.mx\/busca-consolidar-experiencia-academica-en-unison-estudiante-de-movilidad\/#breadcrumb"},"inLanguage":"es","potentialAction":[{"@type":"ReadAction","target":["https:\/\/www.sonoraenequipo.com.mx\/busca-consolidar-experiencia-academica-en-unison-estudiante-de-movilidad\/"]}]},{"@type":"ImageObject","inLanguage":"es","@id":"https:\/\/www.sonoraenequipo.com.mx\/busca-consolidar-experiencia-academica-en-unison-estudiante-de-movilidad\/#primaryimage","url":"https:\/\/www.sonoraenequipo.com.mx\/storage\/2025\/01\/Busca-consolidar-experiencia-academica-en-Unison-estudiante-de-Movilidad-min.jpg","contentUrl":"https:\/\/www.sonoraenequipo.com.mx\/storage\/2025\/01\/Busca-consolidar-experiencia-academica-en-Unison-estudiante-de-Movilidad-min.jpg","width":923,"height":574},{"@type":"BreadcrumbList","@id":"https:\/\/www.sonoraenequipo.com.mx\/busca-consolidar-experiencia-academica-en-unison-estudiante-de-movilidad\/#breadcrumb","itemListElement":[{"@type":"ListItem","position":1,"name":"Portada","item":"https:\/\/www.sonoraenequipo.com.mx\/"},{"@type":"ListItem","position":2,"name":"Busca consolidar experiencia acad\u00e9mica en Unison estudiante de Movilidad"}]},{"@type":"WebSite","@id":"https:\/\/www.sonoraenequipo.com.mx\/#website","url":"https:\/\/www.sonoraenequipo.com.mx\/","name":"Sonora en Equipo.","description":"Diario en l\u00ednea con Noticias desde Hermosillo, Sonora","publisher":{"@id":"https:\/\/www.sonoraenequipo.com.mx\/#organization"},"potentialAction":[{"@type":"SearchAction","target":{"@type":"EntryPoint","urlTemplate":"https:\/\/www.sonoraenequipo.com.mx\/?s={search_term_string}"},"query-input":{"@type":"PropertyValueSpecification","valueRequired":true,"valueName":"search_term_string"}}],"inLanguage":"es"},{"@type":"Organization","@id":"https:\/\/www.sonoraenequipo.com.mx\/#organization","name":"Sonoraenequipo.com.mx","url":"https:\/\/www.sonoraenequipo.com.mx\/","logo":{"@type":"ImageObject","inLanguage":"es","@id":"https:\/\/www.sonoraenequipo.com.mx\/#\/schema\/logo\/image\/","url":"https:\/\/www.sonoraenequipo.com.mx\/storage\/2019\/01\/sonoraenequipo_opt.png","contentUrl":"https:\/\/www.sonoraenequipo.com.mx\/storage\/2019\/01\/sonoraenequipo_opt.png","width":375,"height":125,"caption":"Sonoraenequipo.com.mx"},"image":{"@id":"https:\/\/www.sonoraenequipo.com.mx\/#\/schema\/logo\/image\/"},"sameAs":["https:\/\/www.facebook.com\/SonoraEE\/","https:\/\/x.com\/sonoraenequipo","https:\/\/www.youtube.com\/channel\/UC338nW-lPEYmJQs4ZABQ1SQ"]},{"@type":"Person","@id":"https:\/\/www.sonoraenequipo.com.mx\/#\/schema\/person\/50102df0fb23a8fa9e8effad8fa81386","name":"enequipo","image":{"@type":"ImageObject","inLanguage":"es","@id":"https:\/\/www.sonoraenequipo.com.mx\/#\/schema\/person\/image\/","url":"https:\/\/secure.gravatar.com\/avatar\/049821681b589dabc0bc20695993ccebb09f5b5d4d790cd9251b97faac7c652b?s=96&d=blank&r=g","contentUrl":"https:\/\/secure.gravatar.com\/avatar\/049821681b589dabc0bc20695993ccebb09f5b5d4d790cd9251b97faac7c652b?s=96&d=blank&r=g","caption":"enequipo"},"sameAs":["https:\/\/www.facebook.com\/SonoraEE"]}]}},"jetpack_featured_media_url":"https:\/\/www.sonoraenequipo.com.mx\/storage\/2025\/01\/Busca-consolidar-experiencia-academica-en-Unison-estudiante-de-Movilidad-min.jpg","_links":{"self":[{"href":"https:\/\/www.sonoraenequipo.com.mx\/api\/wp\/v2\/posts\/208353","targetHints":{"allow":["GET"]}}],"collection":[{"href":"https:\/\/www.sonoraenequipo.com.mx\/api\/wp\/v2\/posts"}],"about":[{"href":"https:\/\/www.sonoraenequipo.com.mx\/api\/wp\/v2\/types\/post"}],"author":[{"embeddable":true,"href":"https:\/\/www.sonoraenequipo.com.mx\/api\/wp\/v2\/users\/1"}],"replies":[{"embeddable":true,"href":"https:\/\/www.sonoraenequipo.com.mx\/api\/wp\/v2\/comments?post=208353"}],"version-history":[{"count":1,"href":"https:\/\/www.sonoraenequipo.com.mx\/api\/wp\/v2\/posts\/208353\/revisions"}],"predecessor-version":[{"id":208359,"href":"https:\/\/www.sonoraenequipo.com.mx\/api\/wp\/v2\/posts\/208353\/revisions\/208359"}],"wp:featuredmedia":[{"embeddable":true,"href":"https:\/\/www.sonoraenequipo.com.mx\/api\/wp\/v2\/media\/208354"}],"wp:attachment":[{"href":"https:\/\/www.sonoraenequipo.com.mx\/api\/wp\/v2\/media?parent=208353"}],"wp:term":[{"taxonomy":"category","embeddable":true,"href":"https:\/\/www.sonoraenequipo.com.mx\/api\/wp\/v2\/categories?post=208353"},{"taxonomy":"post_tag","embeddable":true,"href":"https:\/\/www.sonoraenequipo.com.mx\/api\/wp\/v2\/tags?post=208353"}],"curies":[{"name":"wp","href":"https:\/\/api.w.org\/{rel}","templated":true}]}}