{"id":208363,"date":"2025-01-23T10:06:33","date_gmt":"2025-01-23T17:06:33","guid":{"rendered":"https:\/\/www.sonoraenequipo.com.mx\/?p=208363"},"modified":"2025-01-23T12:15:00","modified_gmt":"2025-01-23T19:15:00","slug":"gobierno-federal-decreta-estimulos-fiscales-para-empresas-en-frontera-de-mexico-y-estados-unidos","status":"publish","type":"post","link":"https:\/\/www.sonoraenequipo.com.mx\/gobierno-federal-decreta-estimulos-fiscales-para-empresas-en-frontera-de-mexico-y-estados-unidos\/","title":{"rendered":"Gobierno Federal decreta est\u00edmulos fiscales para empresas en frontera de M\u00e9xico y Estados Unidos"},"content":{"rendered":"<p><b>CIUDAD DE M\u00c9XICO. MX. \u2014 <\/b>La presidenta Claudia Sheinbaum Pardo public\u00f3 el Decreto de Est\u00edmulos Fiscales, con el objetivo de incentivar a las empresas, principalmente del sector manufacturero, a que permanezcan en la frontera entre M\u00e9xico y Estados Unidos.<\/p>\n<p>&nbsp;<\/p>\n<p>&nbsp;<\/p>\n<p>&nbsp;<\/p>\n<p> <\/p>\n<p>Este decreto es una medida clave dentro de la estrategia nacional Plan M\u00e9xico, dise\u00f1ada para fomentar nuevas inversiones, impulsar programas de capacitaci\u00f3n dual e incentivar la innovaci\u00f3n en diversas industrias del pa\u00eds.<\/p>\n<p>&nbsp;<\/p>\n<p>&nbsp;<\/p>\n<p>&nbsp;<\/p>\n<p>El Decreto, publicado el d\u00eda de ayer en el Diario Oficial de la Federaci\u00f3n (DOF), tambi\u00e9n responde a los desaf\u00edos que podr\u00edan enfrentar las empresas mexicanas debido a la reciente decisi\u00f3n del presidente Donald Trump de imponer un arancel del 25 por ciento sobre los productos importados de Canad\u00e1 y M\u00e9xico, a partir del 1 de febrero pr\u00f3ximo.<\/p>\n<p>&nbsp;<\/p>\n<p>&nbsp;<\/p>\n<p>&nbsp;<\/p>\n<p><img loading=\"lazy\" decoding=\"async\" class=\"x-none size-full \" src=\"https:\/\/www.sonoraenequipo.com.mx\/storage\/2025\/01\/estimulos-fiscales.jpg-min-1.jpg\" alt=\"\" width=\"1200\" height=\"710\">Este forma parte del Plan M\u00e9xico, un esfuerzo nacional para posicionar al pa\u00eds entre las 10 econom\u00edas m\u00e1s grandes del mundo. La medida busca retener y atraer inversiones que generen empleo, incentiven la modernizaci\u00f3n tecnol\u00f3gica y promuevan el crecimiento de sectores clave, como el manufacturero y automotriz.<\/p>\n<p>&nbsp;<\/p>\n<p>&nbsp;<\/p>\n<p>&nbsp;<\/p>\n<p>El decreto representa una excelente oportunidad para Sonora, especialmente para las empresas instaladas en nuestra regi\u00f3n fronteriza, al ofrecer un marco de incentivos fiscales que puede fortalecer su competitividad y sostenibilidad a largo plazo.<\/p>\n<p>&nbsp;<\/p>\n<p>&nbsp;<\/p>\n<p>&nbsp;<\/p>\n<p>El Gobierno de Sonora, a trav\u00e9s de la Secretar\u00eda de Econom\u00eda y Turismo de Sonora (Setur), continuar\u00e1 trabajando de la mano con las autoridades federales para asegurar que las empresas locales aprovechen al m\u00e1ximo estos est\u00edmulos fiscales, generando desarrollo econ\u00f3mico, empleos bien remunerados y nuevas inversiones para nuestra regi\u00f3n.<\/p>\n<p>&nbsp;<\/p>\n<p>&nbsp;<\/p>\n<p>&nbsp;<\/p>\n<p>PUBLICADO EL 23 ENERO 2025 Con informaci\u00f3n de GOBSON 0125\/113)<\/p>\n","protected":false},"excerpt":{"rendered":"<p>CIUDAD DE M\u00c9XICO. MX. \u2014 La presidenta Claudia Sheinbaum Pardo public\u00f3 el Decreto de Est\u00edmulos&#8230;<\/p>\n","protected":false},"author":1,"featured_media":208366,"comment_status":"open","ping_status":"open","sticky":false,"template":"","format":"standard","meta":{"_monsterinsights_skip_tracking":false,"_monsterinsights_sitenote_active":false,"_monsterinsights_sitenote_note":"","_monsterinsights_sitenote_category":0,"footnotes":""},"categories":[5],"tags":[],"class_list":["post"],"yoast_head":" \n<title>Sonora en Equipo. Gobierno Federal decreta est\u00edmulos fiscales para empresas en frontera de M\u00e9xico y Estados Unidos Rep\u00fablica<\/title>\n<meta name=\"description\" content=\"CIUDAD DE M\u00c9XICO. MX. \u2014 La presidenta Claudia Sheinbaum Pardo public\u00f3 el Decreto de Est\u00edmulos Fiscales, con el objetivo de incentivar a las empresas, En Sonora en Equipo publicamos toda la informaci\u00f3n de Sonora, M\u00e9xico y el Mundo de manera oportuna y busca que la libertad de expresi\u00f3n sea real. Visita nuestro medio informativo publicado desde Hermosillo, Sonora. %\" \/>\n<meta name=\"robots\" content=\"index, follow, max-snippet:-1, max-image-preview:large, max-video-preview:-1\" \/>\n<link rel=\"canonical\" href=\"https:\/\/www.sonoraenequipo.com.mx\/gobierno-federal-decreta-estimulos-fiscales-para-empresas-en-frontera-de-mexico-y-estados-unidos\/\" \/>\n<meta property=\"og:locale\" content=\"es_ES\" \/>\n<meta property=\"og:type\" content=\"article\" \/>\n<meta property=\"og:title\" content=\"Sonora en Equipo. Gobierno Federal decreta est\u00edmulos fiscales para empresas en frontera de M\u00e9xico y Estados Unidos Rep\u00fablica\" \/>\n<meta property=\"og:description\" content=\"CIUDAD DE M\u00c9XICO. MX. \u2014 La presidenta Claudia Sheinbaum Pardo public\u00f3 el Decreto de Est\u00edmulos Fiscales, con el objetivo de incentivar a las empresas, En Sonora en Equipo publicamos toda la informaci\u00f3n de Sonora, M\u00e9xico y el Mundo de manera oportuna y busca que la libertad de expresi\u00f3n sea real. Visita nuestro medio informativo publicado desde Hermosillo, Sonora. %\" \/>\n<meta property=\"og:url\" content=\"https:\/\/www.sonoraenequipo.com.mx\/gobierno-federal-decreta-estimulos-fiscales-para-empresas-en-frontera-de-mexico-y-estados-unidos\/\" \/>\n<meta property=\"og:site_name\" content=\"Sonora en Equipo.\" \/>\n<meta property=\"article:publisher\" content=\"https:\/\/www.facebook.com\/SonoraEE\/\" \/>\n<meta property=\"article:author\" content=\"https:\/\/www.facebook.com\/SonoraEE\" \/>\n<meta property=\"article:published_time\" content=\"2025-01-23T17:06:33+00:00\" \/>\n<meta property=\"article:modified_time\" content=\"2025-01-23T19:15:00+00:00\" \/>\n<meta property=\"og:image\" content=\"https:\/\/www.sonoraenequipo.com.mx\/storage\/2025\/01\/se-logran-estimulos-fiscales.jpg-min.jpg\" \/>\n\t<meta property=\"og:image:width\" content=\"1200\" \/>\n\t<meta property=\"og:image:height\" content=\"800\" \/>\n\t<meta property=\"og:image:type\" content=\"image\/jpeg\" \/>\n<meta name=\"author\" content=\"enequipo\" \/>\n<meta name=\"twitter:card\" content=\"summary_large_image\" \/>\n<meta name=\"twitter:creator\" content=\"@sonoraenequipo\" \/>\n<meta name=\"twitter:site\" content=\"@sonoraenequipo\" \/>\n<meta name=\"twitter:label1\" content=\"Escrito por\" \/>\n\t<meta name=\"twitter:data1\" content=\"enequipo\" \/>\n\t<meta name=\"twitter:label2\" content=\"Tiempo de lectura\" \/>\n\t<meta name=\"twitter:data2\" content=\"2 minutos\" \/>\n<script type=\"application\/ld+json\" class=\"yoast-schema-graph\">{\"@context\":\"https:\/\/schema.org\",\"@graph\":[{\"@type\":\"Article\",\"@id\":\"https:\/\/www.sonoraenequipo.com.mx\/gobierno-federal-decreta-estimulos-fiscales-para-empresas-en-frontera-de-mexico-y-estados-unidos\/#article\",\"isPartOf\":{\"@id\":\"https:\/\/www.sonoraenequipo.com.mx\/gobierno-federal-decreta-estimulos-fiscales-para-empresas-en-frontera-de-mexico-y-estados-unidos\/\"},\"author\":{\"name\":\"enequipo\",\"@id\":\"https:\/\/www.sonoraenequipo.com.mx\/#\/schema\/person\/50102df0fb23a8fa9e8effad8fa81386\"},\"headline\":\"Gobierno Federal decreta est\u00edmulos fiscales para empresas en frontera de M\u00e9xico y Estados Unidos\",\"datePublished\":\"2025-01-23T17:06:33+00:00\",\"dateModified\":\"2025-01-23T19:15:00+00:00\",\"mainEntityOfPage\":{\"@id\":\"https:\/\/www.sonoraenequipo.com.mx\/gobierno-federal-decreta-estimulos-fiscales-para-empresas-en-frontera-de-mexico-y-estados-unidos\/\"},\"wordCount\":327,\"commentCount\":0,\"publisher\":{\"@id\":\"https:\/\/www.sonoraenequipo.com.mx\/#organization\"},\"image\":{\"@id\":\"https:\/\/www.sonoraenequipo.com.mx\/gobierno-federal-decreta-estimulos-fiscales-para-empresas-en-frontera-de-mexico-y-estados-unidos\/#primaryimage\"},\"thumbnailUrl\":\"https:\/\/www.sonoraenequipo.com.mx\/storage\/2025\/01\/se-logran-estimulos-fiscales.jpg-min.jpg\",\"articleSection\":[\"Rep\u00fablica\"],\"inLanguage\":\"es\",\"potentialAction\":[{\"@type\":\"CommentAction\",\"name\":\"Comment\",\"target\":[\"https:\/\/www.sonoraenequipo.com.mx\/gobierno-federal-decreta-estimulos-fiscales-para-empresas-en-frontera-de-mexico-y-estados-unidos\/#respond\"]}]},{\"@type\":\"WebPage\",\"@id\":\"https:\/\/www.sonoraenequipo.com.mx\/gobierno-federal-decreta-estimulos-fiscales-para-empresas-en-frontera-de-mexico-y-estados-unidos\/\",\"url\":\"https:\/\/www.sonoraenequipo.com.mx\/gobierno-federal-decreta-estimulos-fiscales-para-empresas-en-frontera-de-mexico-y-estados-unidos\/\",\"name\":\"Sonora en Equipo. Gobierno Federal decreta est\u00edmulos fiscales para empresas en frontera de M\u00e9xico y Estados Unidos Rep\u00fablica\",\"isPartOf\":{\"@id\":\"https:\/\/www.sonoraenequipo.com.mx\/#website\"},\"primaryImageOfPage\":{\"@id\":\"https:\/\/www.sonoraenequipo.com.mx\/gobierno-federal-decreta-estimulos-fiscales-para-empresas-en-frontera-de-mexico-y-estados-unidos\/#primaryimage\"},\"image\":{\"@id\":\"https:\/\/www.sonoraenequipo.com.mx\/gobierno-federal-decreta-estimulos-fiscales-para-empresas-en-frontera-de-mexico-y-estados-unidos\/#primaryimage\"},\"thumbnailUrl\":\"https:\/\/www.sonoraenequipo.com.mx\/storage\/2025\/01\/se-logran-estimulos-fiscales.jpg-min.jpg\",\"datePublished\":\"2025-01-23T17:06:33+00:00\",\"dateModified\":\"2025-01-23T19:15:00+00:00\",\"description\":\"CIUDAD DE M\u00c9XICO. MX. \u2014 La presidenta Claudia Sheinbaum Pardo public\u00f3 el Decreto de Est\u00edmulos Fiscales, con el objetivo de incentivar a las empresas, En Sonora en Equipo publicamos toda la informaci\u00f3n de Sonora, M\u00e9xico y el Mundo de manera oportuna y busca que la libertad de expresi\u00f3n sea real. Visita nuestro medio informativo publicado desde Hermosillo, Sonora. %\",\"breadcrumb\":{\"@id\":\"https:\/\/www.sonoraenequipo.com.mx\/gobierno-federal-decreta-estimulos-fiscales-para-empresas-en-frontera-de-mexico-y-estados-unidos\/#breadcrumb\"},\"inLanguage\":\"es\",\"potentialAction\":[{\"@type\":\"ReadAction\",\"target\":[\"https:\/\/www.sonoraenequipo.com.mx\/gobierno-federal-decreta-estimulos-fiscales-para-empresas-en-frontera-de-mexico-y-estados-unidos\/\"]}]},{\"@type\":\"ImageObject\",\"inLanguage\":\"es\",\"@id\":\"https:\/\/www.sonoraenequipo.com.mx\/gobierno-federal-decreta-estimulos-fiscales-para-empresas-en-frontera-de-mexico-y-estados-unidos\/#primaryimage\",\"url\":\"https:\/\/www.sonoraenequipo.com.mx\/storage\/2025\/01\/se-logran-estimulos-fiscales.jpg-min.jpg\",\"contentUrl\":\"https:\/\/www.sonoraenequipo.com.mx\/storage\/2025\/01\/se-logran-estimulos-fiscales.jpg-min.jpg\",\"width\":1200,\"height\":800},{\"@type\":\"BreadcrumbList\",\"@id\":\"https:\/\/www.sonoraenequipo.com.mx\/gobierno-federal-decreta-estimulos-fiscales-para-empresas-en-frontera-de-mexico-y-estados-unidos\/#breadcrumb\",\"itemListElement\":[{\"@type\":\"ListItem\",\"position\":1,\"name\":\"Portada\",\"item\":\"https:\/\/www.sonoraenequipo.com.mx\/\"},{\"@type\":\"ListItem\",\"position\":2,\"name\":\"Gobierno Federal decreta est\u00edmulos fiscales para empresas en frontera de M\u00e9xico y Estados Unidos\"}]},{\"@type\":\"WebSite\",\"@id\":\"https:\/\/www.sonoraenequipo.com.mx\/#website\",\"url\":\"https:\/\/www.sonoraenequipo.com.mx\/\",\"name\":\"Sonora en Equipo.\",\"description\":\"Diario en l\u00ednea con Noticias desde Hermosillo, Sonora\",\"publisher\":{\"@id\":\"https:\/\/www.sonoraenequipo.com.mx\/#organization\"},\"potentialAction\":[{\"@type\":\"SearchAction\",\"target\":{\"@type\":\"EntryPoint\",\"urlTemplate\":\"https:\/\/www.sonoraenequipo.com.mx\/?s={search_term_string}\"},\"query-input\":{\"@type\":\"PropertyValueSpecification\",\"valueRequired\":true,\"valueName\":\"search_term_string\"}}],\"inLanguage\":\"es\"},{\"@type\":\"Organization\",\"@id\":\"https:\/\/www.sonoraenequipo.com.mx\/#organization\",\"name\":\"Sonoraenequipo.com.mx\",\"url\":\"https:\/\/www.sonoraenequipo.com.mx\/\",\"logo\":{\"@type\":\"ImageObject\",\"inLanguage\":\"es\",\"@id\":\"https:\/\/www.sonoraenequipo.com.mx\/#\/schema\/logo\/image\/\",\"url\":\"https:\/\/www.sonoraenequipo.com.mx\/storage\/2019\/01\/sonoraenequipo_opt.png\",\"contentUrl\":\"https:\/\/www.sonoraenequipo.com.mx\/storage\/2019\/01\/sonoraenequipo_opt.png\",\"width\":375,\"height\":125,\"caption\":\"Sonoraenequipo.com.mx\"},\"image\":{\"@id\":\"https:\/\/www.sonoraenequipo.com.mx\/#\/schema\/logo\/image\/\"},\"sameAs\":[\"https:\/\/www.facebook.com\/SonoraEE\/\",\"https:\/\/x.com\/sonoraenequipo\",\"https:\/\/www.youtube.com\/channel\/UC338nW-lPEYmJQs4ZABQ1SQ\"]},{\"@type\":\"Person\",\"@id\":\"https:\/\/www.sonoraenequipo.com.mx\/#\/schema\/person\/50102df0fb23a8fa9e8effad8fa81386\",\"name\":\"enequipo\",\"image\":{\"@type\":\"ImageObject\",\"inLanguage\":\"es\",\"@id\":\"https:\/\/www.sonoraenequipo.com.mx\/#\/schema\/person\/image\/\",\"url\":\"https:\/\/secure.gravatar.com\/avatar\/049821681b589dabc0bc20695993ccebb09f5b5d4d790cd9251b97faac7c652b?s=96&d=blank&r=g\",\"contentUrl\":\"https:\/\/secure.gravatar.com\/avatar\/049821681b589dabc0bc20695993ccebb09f5b5d4d790cd9251b97faac7c652b?s=96&d=blank&r=g\",\"caption\":\"enequipo\"},\"sameAs\":[\"https:\/\/www.facebook.com\/SonoraEE\"]}]}<\/script>\n ","yoast_head_json":{"title":"Sonora en Equipo. Gobierno Federal decreta est\u00edmulos fiscales para empresas en frontera de M\u00e9xico y Estados Unidos Rep\u00fablica","description":"CIUDAD DE M\u00c9XICO. MX. \u2014 La presidenta Claudia Sheinbaum Pardo public\u00f3 el Decreto de Est\u00edmulos Fiscales, con el objetivo de incentivar a las empresas, En Sonora en Equipo publicamos toda la informaci\u00f3n de Sonora, M\u00e9xico y el Mundo de manera oportuna y busca que la libertad de expresi\u00f3n sea real. Visita nuestro medio informativo publicado desde Hermosillo, Sonora. %","robots":{"index":"index","follow":"follow","max-snippet":"max-snippet:-1","max-image-preview":"max-image-preview:large","max-video-preview":"max-video-preview:-1"},"canonical":"https:\/\/www.sonoraenequipo.com.mx\/gobierno-federal-decreta-estimulos-fiscales-para-empresas-en-frontera-de-mexico-y-estados-unidos\/","og_locale":"es_ES","og_type":"article","og_title":"Sonora en Equipo. Gobierno Federal decreta est\u00edmulos fiscales para empresas en frontera de M\u00e9xico y Estados Unidos Rep\u00fablica","og_description":"CIUDAD DE M\u00c9XICO. MX. \u2014 La presidenta Claudia Sheinbaum Pardo public\u00f3 el Decreto de Est\u00edmulos Fiscales, con el objetivo de incentivar a las empresas, En Sonora en Equipo publicamos toda la informaci\u00f3n de Sonora, M\u00e9xico y el Mundo de manera oportuna y busca que la libertad de expresi\u00f3n sea real. Visita nuestro medio informativo publicado desde Hermosillo, Sonora. %","og_url":"https:\/\/www.sonoraenequipo.com.mx\/gobierno-federal-decreta-estimulos-fiscales-para-empresas-en-frontera-de-mexico-y-estados-unidos\/","og_site_name":"Sonora en Equipo.","article_publisher":"https:\/\/www.facebook.com\/SonoraEE\/","article_author":"https:\/\/www.facebook.com\/SonoraEE","article_published_time":"2025-01-23T17:06:33+00:00","article_modified_time":"2025-01-23T19:15:00+00:00","og_image":[{"width":1200,"height":800,"url":"https:\/\/www.sonoraenequipo.com.mx\/storage\/2025\/01\/se-logran-estimulos-fiscales.jpg-min.jpg","type":"image\/jpeg"}],"author":"enequipo","twitter_card":"summary_large_image","twitter_creator":"@sonoraenequipo","twitter_site":"@sonoraenequipo","twitter_misc":{"Escrito por":"enequipo","Tiempo de lectura":"2 minutos"},"schema":{"@context":"https:\/\/schema.org","@graph":[{"@type":"Article","@id":"https:\/\/www.sonoraenequipo.com.mx\/gobierno-federal-decreta-estimulos-fiscales-para-empresas-en-frontera-de-mexico-y-estados-unidos\/#article","isPartOf":{"@id":"https:\/\/www.sonoraenequipo.com.mx\/gobierno-federal-decreta-estimulos-fiscales-para-empresas-en-frontera-de-mexico-y-estados-unidos\/"},"author":{"name":"enequipo","@id":"https:\/\/www.sonoraenequipo.com.mx\/#\/schema\/person\/50102df0fb23a8fa9e8effad8fa81386"},"headline":"Gobierno Federal decreta est\u00edmulos fiscales para empresas en frontera de M\u00e9xico y Estados Unidos","datePublished":"2025-01-23T17:06:33+00:00","dateModified":"2025-01-23T19:15:00+00:00","mainEntityOfPage":{"@id":"https:\/\/www.sonoraenequipo.com.mx\/gobierno-federal-decreta-estimulos-fiscales-para-empresas-en-frontera-de-mexico-y-estados-unidos\/"},"wordCount":327,"commentCount":0,"publisher":{"@id":"https:\/\/www.sonoraenequipo.com.mx\/#organization"},"image":{"@id":"https:\/\/www.sonoraenequipo.com.mx\/gobierno-federal-decreta-estimulos-fiscales-para-empresas-en-frontera-de-mexico-y-estados-unidos\/#primaryimage"},"thumbnailUrl":"https:\/\/www.sonoraenequipo.com.mx\/storage\/2025\/01\/se-logran-estimulos-fiscales.jpg-min.jpg","articleSection":["Rep\u00fablica"],"inLanguage":"es","potentialAction":[{"@type":"CommentAction","name":"Comment","target":["https:\/\/www.sonoraenequipo.com.mx\/gobierno-federal-decreta-estimulos-fiscales-para-empresas-en-frontera-de-mexico-y-estados-unidos\/#respond"]}]},{"@type":"WebPage","@id":"https:\/\/www.sonoraenequipo.com.mx\/gobierno-federal-decreta-estimulos-fiscales-para-empresas-en-frontera-de-mexico-y-estados-unidos\/","url":"https:\/\/www.sonoraenequipo.com.mx\/gobierno-federal-decreta-estimulos-fiscales-para-empresas-en-frontera-de-mexico-y-estados-unidos\/","name":"Sonora en Equipo. Gobierno Federal decreta est\u00edmulos fiscales para empresas en frontera de M\u00e9xico y Estados Unidos Rep\u00fablica","isPartOf":{"@id":"https:\/\/www.sonoraenequipo.com.mx\/#website"},"primaryImageOfPage":{"@id":"https:\/\/www.sonoraenequipo.com.mx\/gobierno-federal-decreta-estimulos-fiscales-para-empresas-en-frontera-de-mexico-y-estados-unidos\/#primaryimage"},"image":{"@id":"https:\/\/www.sonoraenequipo.com.mx\/gobierno-federal-decreta-estimulos-fiscales-para-empresas-en-frontera-de-mexico-y-estados-unidos\/#primaryimage"},"thumbnailUrl":"https:\/\/www.sonoraenequipo.com.mx\/storage\/2025\/01\/se-logran-estimulos-fiscales.jpg-min.jpg","datePublished":"2025-01-23T17:06:33+00:00","dateModified":"2025-01-23T19:15:00+00:00","description":"CIUDAD DE M\u00c9XICO. MX. \u2014 La presidenta Claudia Sheinbaum Pardo public\u00f3 el Decreto de Est\u00edmulos Fiscales, con el objetivo de incentivar a las empresas, En Sonora en Equipo publicamos toda la informaci\u00f3n de Sonora, M\u00e9xico y el Mundo de manera oportuna y busca que la libertad de expresi\u00f3n sea real. Visita nuestro medio informativo publicado desde Hermosillo, Sonora. %","breadcrumb":{"@id":"https:\/\/www.sonoraenequipo.com.mx\/gobierno-federal-decreta-estimulos-fiscales-para-empresas-en-frontera-de-mexico-y-estados-unidos\/#breadcrumb"},"inLanguage":"es","potentialAction":[{"@type":"ReadAction","target":["https:\/\/www.sonoraenequipo.com.mx\/gobierno-federal-decreta-estimulos-fiscales-para-empresas-en-frontera-de-mexico-y-estados-unidos\/"]}]},{"@type":"ImageObject","inLanguage":"es","@id":"https:\/\/www.sonoraenequipo.com.mx\/gobierno-federal-decreta-estimulos-fiscales-para-empresas-en-frontera-de-mexico-y-estados-unidos\/#primaryimage","url":"https:\/\/www.sonoraenequipo.com.mx\/storage\/2025\/01\/se-logran-estimulos-fiscales.jpg-min.jpg","contentUrl":"https:\/\/www.sonoraenequipo.com.mx\/storage\/2025\/01\/se-logran-estimulos-fiscales.jpg-min.jpg","width":1200,"height":800},{"@type":"BreadcrumbList","@id":"https:\/\/www.sonoraenequipo.com.mx\/gobierno-federal-decreta-estimulos-fiscales-para-empresas-en-frontera-de-mexico-y-estados-unidos\/#breadcrumb","itemListElement":[{"@type":"ListItem","position":1,"name":"Portada","item":"https:\/\/www.sonoraenequipo.com.mx\/"},{"@type":"ListItem","position":2,"name":"Gobierno Federal decreta est\u00edmulos fiscales para empresas en frontera de M\u00e9xico y Estados Unidos"}]},{"@type":"WebSite","@id":"https:\/\/www.sonoraenequipo.com.mx\/#website","url":"https:\/\/www.sonoraenequipo.com.mx\/","name":"Sonora en Equipo.","description":"Diario en l\u00ednea con Noticias desde Hermosillo, Sonora","publisher":{"@id":"https:\/\/www.sonoraenequipo.com.mx\/#organization"},"potentialAction":[{"@type":"SearchAction","target":{"@type":"EntryPoint","urlTemplate":"https:\/\/www.sonoraenequipo.com.mx\/?s={search_term_string}"},"query-input":{"@type":"PropertyValueSpecification","valueRequired":true,"valueName":"search_term_string"}}],"inLanguage":"es"},{"@type":"Organization","@id":"https:\/\/www.sonoraenequipo.com.mx\/#organization","name":"Sonoraenequipo.com.mx","url":"https:\/\/www.sonoraenequipo.com.mx\/","logo":{"@type":"ImageObject","inLanguage":"es","@id":"https:\/\/www.sonoraenequipo.com.mx\/#\/schema\/logo\/image\/","url":"https:\/\/www.sonoraenequipo.com.mx\/storage\/2019\/01\/sonoraenequipo_opt.png","contentUrl":"https:\/\/www.sonoraenequipo.com.mx\/storage\/2019\/01\/sonoraenequipo_opt.png","width":375,"height":125,"caption":"Sonoraenequipo.com.mx"},"image":{"@id":"https:\/\/www.sonoraenequipo.com.mx\/#\/schema\/logo\/image\/"},"sameAs":["https:\/\/www.facebook.com\/SonoraEE\/","https:\/\/x.com\/sonoraenequipo","https:\/\/www.youtube.com\/channel\/UC338nW-lPEYmJQs4ZABQ1SQ"]},{"@type":"Person","@id":"https:\/\/www.sonoraenequipo.com.mx\/#\/schema\/person\/50102df0fb23a8fa9e8effad8fa81386","name":"enequipo","image":{"@type":"ImageObject","inLanguage":"es","@id":"https:\/\/www.sonoraenequipo.com.mx\/#\/schema\/person\/image\/","url":"https:\/\/secure.gravatar.com\/avatar\/049821681b589dabc0bc20695993ccebb09f5b5d4d790cd9251b97faac7c652b?s=96&d=blank&r=g","contentUrl":"https:\/\/secure.gravatar.com\/avatar\/049821681b589dabc0bc20695993ccebb09f5b5d4d790cd9251b97faac7c652b?s=96&d=blank&r=g","caption":"enequipo"},"sameAs":["https:\/\/www.facebook.com\/SonoraEE"]}]}},"jetpack_featured_media_url":"https:\/\/www.sonoraenequipo.com.mx\/storage\/2025\/01\/se-logran-estimulos-fiscales.jpg-min.jpg","_links":{"self":[{"href":"https:\/\/www.sonoraenequipo.com.mx\/api\/wp\/v2\/posts\/208363","targetHints":{"allow":["GET"]}}],"collection":[{"href":"https:\/\/www.sonoraenequipo.com.mx\/api\/wp\/v2\/posts"}],"about":[{"href":"https:\/\/www.sonoraenequipo.com.mx\/api\/wp\/v2\/types\/post"}],"author":[{"embeddable":true,"href":"https:\/\/www.sonoraenequipo.com.mx\/api\/wp\/v2\/users\/1"}],"replies":[{"embeddable":true,"href":"https:\/\/www.sonoraenequipo.com.mx\/api\/wp\/v2\/comments?post=208363"}],"version-history":[{"count":2,"href":"https:\/\/www.sonoraenequipo.com.mx\/api\/wp\/v2\/posts\/208363\/revisions"}],"predecessor-version":[{"id":208370,"href":"https:\/\/www.sonoraenequipo.com.mx\/api\/wp\/v2\/posts\/208363\/revisions\/208370"}],"wp:featuredmedia":[{"embeddable":true,"href":"https:\/\/www.sonoraenequipo.com.mx\/api\/wp\/v2\/media\/208366"}],"wp:attachment":[{"href":"https:\/\/www.sonoraenequipo.com.mx\/api\/wp\/v2\/media?parent=208363"}],"wp:term":[{"taxonomy":"category","embeddable":true,"href":"https:\/\/www.sonoraenequipo.com.mx\/api\/wp\/v2\/categories?post=208363"},{"taxonomy":"post_tag","embeddable":true,"href":"https:\/\/www.sonoraenequipo.com.mx\/api\/wp\/v2\/tags?post=208363"}],"curies":[{"name":"wp","href":"https:\/\/api.w.org\/{rel}","templated":true}]}}