{"id":208375,"date":"2025-01-23T13:39:27","date_gmt":"2025-01-23T20:39:27","guid":{"rendered":"https:\/\/www.sonoraenequipo.com.mx\/?p=208375"},"modified":"2025-01-23T13:39:27","modified_gmt":"2025-01-23T20:39:27","slug":"adolescente-pare-en-bano-del-imss-en-aguascalientes-no-dijo-que-estaba-embarazada","status":"publish","type":"post","link":"https:\/\/www.sonoraenequipo.com.mx\/adolescente-pare-en-bano-del-imss-en-aguascalientes-no-dijo-que-estaba-embarazada\/","title":{"rendered":"Adolescente pare en ba\u00f1o del IMSS en Aguascalientes no dijo que estaba embarazada"},"content":{"rendered":"<p><strong>AGUASCALIENTES, MX.<\/strong><strong> \u0336 \u0336\u00a0 <\/strong>Una adolescente de 15 a\u00f1os de edad dio a luz ayer (22\/01\/2025) al interior del sanitario de un centro m\u00e9dico del Instituto Mexicano del Seguro Social (IMSS) en Aguascalientes, luego de que presuntamente le fuera negado el servicio por no contar con carnet vigente.<\/p>\n<p>A trav\u00e9s de redes sociales se dio a conocer el caso de la menor, quien acudi\u00f3 a la Unidad de Medicina Familiar (UMF) No. 9 en compa\u00f1\u00eda de su madre debido a un dolor en el abdomen, pero la atenci\u00f3n presuntamente le fue negada porque no contaba con su carnet.<\/p>\n<p>Luego de que fuera difundido el caso en redes sociales, el IMSS emiti\u00f3 un comunicado en el que inform\u00f3 que la menor de edad acudi\u00f3 a la sala de Atenci\u00f3n M\u00e9dica Continua de la UMF No.9, sin referir que estaba embarazada, sino que presentaba un dolor abdominal.<\/p>\n<p>Adem\u00e1s, detall\u00f3 que la joven recibi\u00f3 atenci\u00f3n m\u00e9dica de manera inmediata luego de que diera a luz en los ba\u00f1os de la cl\u00ednica.<\/p>\n<p>Tanto la joven como su beb\u00e9 fueron trasladados al Hospital General de Zona (HGZ) No. 2 para ser atendidos por m\u00e9dicos especialistas. Actualmente ambos se encuentran en buen estado de salud.<\/p>\n<p><strong>Fecha de publicaci\u00f3n\u00a0 jueves 23<\/strong><strong> de enero de 2025 \/ Tomado de Infobae<\/strong><\/p>\n","protected":false},"excerpt":{"rendered":"<p>AGUASCALIENTES, MX. \u0336 \u0336\u00a0 Una adolescente de 15 a\u00f1os de edad dio a luz ayer&#8230;<\/p>\n","protected":false},"author":1,"featured_media":208376,"comment_status":"open","ping_status":"open","sticky":false,"template":"","format":"standard","meta":{"_monsterinsights_skip_tracking":false,"_monsterinsights_sitenote_active":false,"_monsterinsights_sitenote_note":"","_monsterinsights_sitenote_category":0,"footnotes":""},"categories":[5],"tags":[900],"class_list":["post"],"yoast_head":" \n<title>Sonora en Equipo. Adolescente pare en ba\u00f1o del IMSS en Aguascalientes no dijo que estaba embarazada Rep\u00fablica<\/title>\n<meta name=\"description\" content=\"AGUASCALIENTES, MX. \u0336 \u0336\u00a0 Una adolescente de 15 a\u00f1os de edad dio a luz ayer (22\/01\/2025) al interior del sanitario de un centro m\u00e9dico del Instituto En Sonora en Equipo publicamos toda la informaci\u00f3n de Sonora, M\u00e9xico y el Mundo de manera oportuna y busca que la libertad de expresi\u00f3n sea real. Visita nuestro medio informativo publicado desde Hermosillo, Sonora. %\" \/>\n<meta name=\"robots\" content=\"index, follow, max-snippet:-1, max-image-preview:large, max-video-preview:-1\" \/>\n<link rel=\"canonical\" href=\"https:\/\/www.sonoraenequipo.com.mx\/adolescente-pare-en-bano-del-imss-en-aguascalientes-no-dijo-que-estaba-embarazada\/\" \/>\n<meta property=\"og:locale\" content=\"es_ES\" \/>\n<meta property=\"og:type\" content=\"article\" \/>\n<meta property=\"og:title\" content=\"Sonora en Equipo. Adolescente pare en ba\u00f1o del IMSS en Aguascalientes no dijo que estaba embarazada Rep\u00fablica\" \/>\n<meta property=\"og:description\" content=\"AGUASCALIENTES, MX. \u0336 \u0336\u00a0 Una adolescente de 15 a\u00f1os de edad dio a luz ayer (22\/01\/2025) al interior del sanitario de un centro m\u00e9dico del Instituto En Sonora en Equipo publicamos toda la informaci\u00f3n de Sonora, M\u00e9xico y el Mundo de manera oportuna y busca que la libertad de expresi\u00f3n sea real. Visita nuestro medio informativo publicado desde Hermosillo, Sonora. %\" \/>\n<meta property=\"og:url\" content=\"https:\/\/www.sonoraenequipo.com.mx\/adolescente-pare-en-bano-del-imss-en-aguascalientes-no-dijo-que-estaba-embarazada\/\" \/>\n<meta property=\"og:site_name\" content=\"Sonora en Equipo.\" \/>\n<meta property=\"article:publisher\" content=\"https:\/\/www.facebook.com\/SonoraEE\/\" \/>\n<meta property=\"article:author\" content=\"https:\/\/www.facebook.com\/SonoraEE\" \/>\n<meta property=\"article:published_time\" content=\"2025-01-23T20:39:27+00:00\" \/>\n<meta property=\"og:image\" content=\"https:\/\/www.sonoraenequipo.com.mx\/storage\/2025\/01\/clinica9-ags.jpg\" \/>\n\t<meta property=\"og:image:width\" content=\"600\" \/>\n\t<meta property=\"og:image:height\" content=\"338\" \/>\n\t<meta property=\"og:image:type\" content=\"image\/jpeg\" \/>\n<meta name=\"author\" content=\"enequipo\" \/>\n<meta name=\"twitter:card\" content=\"summary_large_image\" \/>\n<meta name=\"twitter:creator\" content=\"@sonoraenequipo\" \/>\n<meta name=\"twitter:site\" content=\"@sonoraenequipo\" \/>\n<meta name=\"twitter:label1\" content=\"Escrito por\" \/>\n\t<meta name=\"twitter:data1\" content=\"enequipo\" \/>\n\t<meta name=\"twitter:label2\" content=\"Tiempo de lectura\" \/>\n\t<meta name=\"twitter:data2\" content=\"1 minuto\" \/>\n<script type=\"application\/ld+json\" class=\"yoast-schema-graph\">{\"@context\":\"https:\/\/schema.org\",\"@graph\":[{\"@type\":\"Article\",\"@id\":\"https:\/\/www.sonoraenequipo.com.mx\/adolescente-pare-en-bano-del-imss-en-aguascalientes-no-dijo-que-estaba-embarazada\/#article\",\"isPartOf\":{\"@id\":\"https:\/\/www.sonoraenequipo.com.mx\/adolescente-pare-en-bano-del-imss-en-aguascalientes-no-dijo-que-estaba-embarazada\/\"},\"author\":{\"name\":\"enequipo\",\"@id\":\"https:\/\/www.sonoraenequipo.com.mx\/#\/schema\/person\/50102df0fb23a8fa9e8effad8fa81386\"},\"headline\":\"Adolescente pare en ba\u00f1o del IMSS en Aguascalientes no dijo que estaba embarazada\",\"datePublished\":\"2025-01-23T20:39:27+00:00\",\"mainEntityOfPage\":{\"@id\":\"https:\/\/www.sonoraenequipo.com.mx\/adolescente-pare-en-bano-del-imss-en-aguascalientes-no-dijo-que-estaba-embarazada\/\"},\"wordCount\":231,\"commentCount\":0,\"publisher\":{\"@id\":\"https:\/\/www.sonoraenequipo.com.mx\/#organization\"},\"image\":{\"@id\":\"https:\/\/www.sonoraenequipo.com.mx\/adolescente-pare-en-bano-del-imss-en-aguascalientes-no-dijo-que-estaba-embarazada\/#primaryimage\"},\"thumbnailUrl\":\"https:\/\/www.sonoraenequipo.com.mx\/storage\/2025\/01\/clinica9-ags.jpg\",\"keywords\":[\"IMSS\"],\"articleSection\":[\"Rep\u00fablica\"],\"inLanguage\":\"es\",\"potentialAction\":[{\"@type\":\"CommentAction\",\"name\":\"Comment\",\"target\":[\"https:\/\/www.sonoraenequipo.com.mx\/adolescente-pare-en-bano-del-imss-en-aguascalientes-no-dijo-que-estaba-embarazada\/#respond\"]}]},{\"@type\":\"WebPage\",\"@id\":\"https:\/\/www.sonoraenequipo.com.mx\/adolescente-pare-en-bano-del-imss-en-aguascalientes-no-dijo-que-estaba-embarazada\/\",\"url\":\"https:\/\/www.sonoraenequipo.com.mx\/adolescente-pare-en-bano-del-imss-en-aguascalientes-no-dijo-que-estaba-embarazada\/\",\"name\":\"Sonora en Equipo. Adolescente pare en ba\u00f1o del IMSS en Aguascalientes no dijo que estaba embarazada Rep\u00fablica\",\"isPartOf\":{\"@id\":\"https:\/\/www.sonoraenequipo.com.mx\/#website\"},\"primaryImageOfPage\":{\"@id\":\"https:\/\/www.sonoraenequipo.com.mx\/adolescente-pare-en-bano-del-imss-en-aguascalientes-no-dijo-que-estaba-embarazada\/#primaryimage\"},\"image\":{\"@id\":\"https:\/\/www.sonoraenequipo.com.mx\/adolescente-pare-en-bano-del-imss-en-aguascalientes-no-dijo-que-estaba-embarazada\/#primaryimage\"},\"thumbnailUrl\":\"https:\/\/www.sonoraenequipo.com.mx\/storage\/2025\/01\/clinica9-ags.jpg\",\"datePublished\":\"2025-01-23T20:39:27+00:00\",\"description\":\"AGUASCALIENTES, MX. \u0336 \u0336\u00a0 Una adolescente de 15 a\u00f1os de edad dio a luz ayer (22\/01\/2025) al interior del sanitario de un centro m\u00e9dico del Instituto En Sonora en Equipo publicamos toda la informaci\u00f3n de Sonora, M\u00e9xico y el Mundo de manera oportuna y busca que la libertad de expresi\u00f3n sea real. Visita nuestro medio informativo publicado desde Hermosillo, Sonora. %\",\"breadcrumb\":{\"@id\":\"https:\/\/www.sonoraenequipo.com.mx\/adolescente-pare-en-bano-del-imss-en-aguascalientes-no-dijo-que-estaba-embarazada\/#breadcrumb\"},\"inLanguage\":\"es\",\"potentialAction\":[{\"@type\":\"ReadAction\",\"target\":[\"https:\/\/www.sonoraenequipo.com.mx\/adolescente-pare-en-bano-del-imss-en-aguascalientes-no-dijo-que-estaba-embarazada\/\"]}]},{\"@type\":\"ImageObject\",\"inLanguage\":\"es\",\"@id\":\"https:\/\/www.sonoraenequipo.com.mx\/adolescente-pare-en-bano-del-imss-en-aguascalientes-no-dijo-que-estaba-embarazada\/#primaryimage\",\"url\":\"https:\/\/www.sonoraenequipo.com.mx\/storage\/2025\/01\/clinica9-ags.jpg\",\"contentUrl\":\"https:\/\/www.sonoraenequipo.com.mx\/storage\/2025\/01\/clinica9-ags.jpg\",\"width\":600,\"height\":338},{\"@type\":\"BreadcrumbList\",\"@id\":\"https:\/\/www.sonoraenequipo.com.mx\/adolescente-pare-en-bano-del-imss-en-aguascalientes-no-dijo-que-estaba-embarazada\/#breadcrumb\",\"itemListElement\":[{\"@type\":\"ListItem\",\"position\":1,\"name\":\"Portada\",\"item\":\"https:\/\/www.sonoraenequipo.com.mx\/\"},{\"@type\":\"ListItem\",\"position\":2,\"name\":\"Adolescente pare en ba\u00f1o del IMSS en Aguascalientes no dijo que estaba embarazada\"}]},{\"@type\":\"WebSite\",\"@id\":\"https:\/\/www.sonoraenequipo.com.mx\/#website\",\"url\":\"https:\/\/www.sonoraenequipo.com.mx\/\",\"name\":\"Sonora en Equipo.\",\"description\":\"Diario en l\u00ednea con Noticias desde Hermosillo, Sonora\",\"publisher\":{\"@id\":\"https:\/\/www.sonoraenequipo.com.mx\/#organization\"},\"potentialAction\":[{\"@type\":\"SearchAction\",\"target\":{\"@type\":\"EntryPoint\",\"urlTemplate\":\"https:\/\/www.sonoraenequipo.com.mx\/?s={search_term_string}\"},\"query-input\":{\"@type\":\"PropertyValueSpecification\",\"valueRequired\":true,\"valueName\":\"search_term_string\"}}],\"inLanguage\":\"es\"},{\"@type\":\"Organization\",\"@id\":\"https:\/\/www.sonoraenequipo.com.mx\/#organization\",\"name\":\"Sonoraenequipo.com.mx\",\"url\":\"https:\/\/www.sonoraenequipo.com.mx\/\",\"logo\":{\"@type\":\"ImageObject\",\"inLanguage\":\"es\",\"@id\":\"https:\/\/www.sonoraenequipo.com.mx\/#\/schema\/logo\/image\/\",\"url\":\"https:\/\/www.sonoraenequipo.com.mx\/storage\/2019\/01\/sonoraenequipo_opt.png\",\"contentUrl\":\"https:\/\/www.sonoraenequipo.com.mx\/storage\/2019\/01\/sonoraenequipo_opt.png\",\"width\":375,\"height\":125,\"caption\":\"Sonoraenequipo.com.mx\"},\"image\":{\"@id\":\"https:\/\/www.sonoraenequipo.com.mx\/#\/schema\/logo\/image\/\"},\"sameAs\":[\"https:\/\/www.facebook.com\/SonoraEE\/\",\"https:\/\/x.com\/sonoraenequipo\",\"https:\/\/www.youtube.com\/channel\/UC338nW-lPEYmJQs4ZABQ1SQ\"]},{\"@type\":\"Person\",\"@id\":\"https:\/\/www.sonoraenequipo.com.mx\/#\/schema\/person\/50102df0fb23a8fa9e8effad8fa81386\",\"name\":\"enequipo\",\"image\":{\"@type\":\"ImageObject\",\"inLanguage\":\"es\",\"@id\":\"https:\/\/www.sonoraenequipo.com.mx\/#\/schema\/person\/image\/\",\"url\":\"https:\/\/secure.gravatar.com\/avatar\/049821681b589dabc0bc20695993ccebb09f5b5d4d790cd9251b97faac7c652b?s=96&d=blank&r=g\",\"contentUrl\":\"https:\/\/secure.gravatar.com\/avatar\/049821681b589dabc0bc20695993ccebb09f5b5d4d790cd9251b97faac7c652b?s=96&d=blank&r=g\",\"caption\":\"enequipo\"},\"sameAs\":[\"https:\/\/www.facebook.com\/SonoraEE\"]}]}<\/script>\n ","yoast_head_json":{"title":"Sonora en Equipo. Adolescente pare en ba\u00f1o del IMSS en Aguascalientes no dijo que estaba embarazada Rep\u00fablica","description":"AGUASCALIENTES, MX. \u0336 \u0336\u00a0 Una adolescente de 15 a\u00f1os de edad dio a luz ayer (22\/01\/2025) al interior del sanitario de un centro m\u00e9dico del Instituto En Sonora en Equipo publicamos toda la informaci\u00f3n de Sonora, M\u00e9xico y el Mundo de manera oportuna y busca que la libertad de expresi\u00f3n sea real. Visita nuestro medio informativo publicado desde Hermosillo, Sonora. %","robots":{"index":"index","follow":"follow","max-snippet":"max-snippet:-1","max-image-preview":"max-image-preview:large","max-video-preview":"max-video-preview:-1"},"canonical":"https:\/\/www.sonoraenequipo.com.mx\/adolescente-pare-en-bano-del-imss-en-aguascalientes-no-dijo-que-estaba-embarazada\/","og_locale":"es_ES","og_type":"article","og_title":"Sonora en Equipo. Adolescente pare en ba\u00f1o del IMSS en Aguascalientes no dijo que estaba embarazada Rep\u00fablica","og_description":"AGUASCALIENTES, MX. \u0336 \u0336\u00a0 Una adolescente de 15 a\u00f1os de edad dio a luz ayer (22\/01\/2025) al interior del sanitario de un centro m\u00e9dico del Instituto En Sonora en Equipo publicamos toda la informaci\u00f3n de Sonora, M\u00e9xico y el Mundo de manera oportuna y busca que la libertad de expresi\u00f3n sea real. Visita nuestro medio informativo publicado desde Hermosillo, Sonora. %","og_url":"https:\/\/www.sonoraenequipo.com.mx\/adolescente-pare-en-bano-del-imss-en-aguascalientes-no-dijo-que-estaba-embarazada\/","og_site_name":"Sonora en Equipo.","article_publisher":"https:\/\/www.facebook.com\/SonoraEE\/","article_author":"https:\/\/www.facebook.com\/SonoraEE","article_published_time":"2025-01-23T20:39:27+00:00","og_image":[{"width":600,"height":338,"url":"https:\/\/www.sonoraenequipo.com.mx\/storage\/2025\/01\/clinica9-ags.jpg","type":"image\/jpeg"}],"author":"enequipo","twitter_card":"summary_large_image","twitter_creator":"@sonoraenequipo","twitter_site":"@sonoraenequipo","twitter_misc":{"Escrito por":"enequipo","Tiempo de lectura":"1 minuto"},"schema":{"@context":"https:\/\/schema.org","@graph":[{"@type":"Article","@id":"https:\/\/www.sonoraenequipo.com.mx\/adolescente-pare-en-bano-del-imss-en-aguascalientes-no-dijo-que-estaba-embarazada\/#article","isPartOf":{"@id":"https:\/\/www.sonoraenequipo.com.mx\/adolescente-pare-en-bano-del-imss-en-aguascalientes-no-dijo-que-estaba-embarazada\/"},"author":{"name":"enequipo","@id":"https:\/\/www.sonoraenequipo.com.mx\/#\/schema\/person\/50102df0fb23a8fa9e8effad8fa81386"},"headline":"Adolescente pare en ba\u00f1o del IMSS en Aguascalientes no dijo que estaba embarazada","datePublished":"2025-01-23T20:39:27+00:00","mainEntityOfPage":{"@id":"https:\/\/www.sonoraenequipo.com.mx\/adolescente-pare-en-bano-del-imss-en-aguascalientes-no-dijo-que-estaba-embarazada\/"},"wordCount":231,"commentCount":0,"publisher":{"@id":"https:\/\/www.sonoraenequipo.com.mx\/#organization"},"image":{"@id":"https:\/\/www.sonoraenequipo.com.mx\/adolescente-pare-en-bano-del-imss-en-aguascalientes-no-dijo-que-estaba-embarazada\/#primaryimage"},"thumbnailUrl":"https:\/\/www.sonoraenequipo.com.mx\/storage\/2025\/01\/clinica9-ags.jpg","keywords":["IMSS"],"articleSection":["Rep\u00fablica"],"inLanguage":"es","potentialAction":[{"@type":"CommentAction","name":"Comment","target":["https:\/\/www.sonoraenequipo.com.mx\/adolescente-pare-en-bano-del-imss-en-aguascalientes-no-dijo-que-estaba-embarazada\/#respond"]}]},{"@type":"WebPage","@id":"https:\/\/www.sonoraenequipo.com.mx\/adolescente-pare-en-bano-del-imss-en-aguascalientes-no-dijo-que-estaba-embarazada\/","url":"https:\/\/www.sonoraenequipo.com.mx\/adolescente-pare-en-bano-del-imss-en-aguascalientes-no-dijo-que-estaba-embarazada\/","name":"Sonora en Equipo. Adolescente pare en ba\u00f1o del IMSS en Aguascalientes no dijo que estaba embarazada Rep\u00fablica","isPartOf":{"@id":"https:\/\/www.sonoraenequipo.com.mx\/#website"},"primaryImageOfPage":{"@id":"https:\/\/www.sonoraenequipo.com.mx\/adolescente-pare-en-bano-del-imss-en-aguascalientes-no-dijo-que-estaba-embarazada\/#primaryimage"},"image":{"@id":"https:\/\/www.sonoraenequipo.com.mx\/adolescente-pare-en-bano-del-imss-en-aguascalientes-no-dijo-que-estaba-embarazada\/#primaryimage"},"thumbnailUrl":"https:\/\/www.sonoraenequipo.com.mx\/storage\/2025\/01\/clinica9-ags.jpg","datePublished":"2025-01-23T20:39:27+00:00","description":"AGUASCALIENTES, MX. \u0336 \u0336\u00a0 Una adolescente de 15 a\u00f1os de edad dio a luz ayer (22\/01\/2025) al interior del sanitario de un centro m\u00e9dico del Instituto En Sonora en Equipo publicamos toda la informaci\u00f3n de Sonora, M\u00e9xico y el Mundo de manera oportuna y busca que la libertad de expresi\u00f3n sea real. Visita nuestro medio informativo publicado desde Hermosillo, Sonora. %","breadcrumb":{"@id":"https:\/\/www.sonoraenequipo.com.mx\/adolescente-pare-en-bano-del-imss-en-aguascalientes-no-dijo-que-estaba-embarazada\/#breadcrumb"},"inLanguage":"es","potentialAction":[{"@type":"ReadAction","target":["https:\/\/www.sonoraenequipo.com.mx\/adolescente-pare-en-bano-del-imss-en-aguascalientes-no-dijo-que-estaba-embarazada\/"]}]},{"@type":"ImageObject","inLanguage":"es","@id":"https:\/\/www.sonoraenequipo.com.mx\/adolescente-pare-en-bano-del-imss-en-aguascalientes-no-dijo-que-estaba-embarazada\/#primaryimage","url":"https:\/\/www.sonoraenequipo.com.mx\/storage\/2025\/01\/clinica9-ags.jpg","contentUrl":"https:\/\/www.sonoraenequipo.com.mx\/storage\/2025\/01\/clinica9-ags.jpg","width":600,"height":338},{"@type":"BreadcrumbList","@id":"https:\/\/www.sonoraenequipo.com.mx\/adolescente-pare-en-bano-del-imss-en-aguascalientes-no-dijo-que-estaba-embarazada\/#breadcrumb","itemListElement":[{"@type":"ListItem","position":1,"name":"Portada","item":"https:\/\/www.sonoraenequipo.com.mx\/"},{"@type":"ListItem","position":2,"name":"Adolescente pare en ba\u00f1o del IMSS en Aguascalientes no dijo que estaba embarazada"}]},{"@type":"WebSite","@id":"https:\/\/www.sonoraenequipo.com.mx\/#website","url":"https:\/\/www.sonoraenequipo.com.mx\/","name":"Sonora en Equipo.","description":"Diario en l\u00ednea con Noticias desde Hermosillo, Sonora","publisher":{"@id":"https:\/\/www.sonoraenequipo.com.mx\/#organization"},"potentialAction":[{"@type":"SearchAction","target":{"@type":"EntryPoint","urlTemplate":"https:\/\/www.sonoraenequipo.com.mx\/?s={search_term_string}"},"query-input":{"@type":"PropertyValueSpecification","valueRequired":true,"valueName":"search_term_string"}}],"inLanguage":"es"},{"@type":"Organization","@id":"https:\/\/www.sonoraenequipo.com.mx\/#organization","name":"Sonoraenequipo.com.mx","url":"https:\/\/www.sonoraenequipo.com.mx\/","logo":{"@type":"ImageObject","inLanguage":"es","@id":"https:\/\/www.sonoraenequipo.com.mx\/#\/schema\/logo\/image\/","url":"https:\/\/www.sonoraenequipo.com.mx\/storage\/2019\/01\/sonoraenequipo_opt.png","contentUrl":"https:\/\/www.sonoraenequipo.com.mx\/storage\/2019\/01\/sonoraenequipo_opt.png","width":375,"height":125,"caption":"Sonoraenequipo.com.mx"},"image":{"@id":"https:\/\/www.sonoraenequipo.com.mx\/#\/schema\/logo\/image\/"},"sameAs":["https:\/\/www.facebook.com\/SonoraEE\/","https:\/\/x.com\/sonoraenequipo","https:\/\/www.youtube.com\/channel\/UC338nW-lPEYmJQs4ZABQ1SQ"]},{"@type":"Person","@id":"https:\/\/www.sonoraenequipo.com.mx\/#\/schema\/person\/50102df0fb23a8fa9e8effad8fa81386","name":"enequipo","image":{"@type":"ImageObject","inLanguage":"es","@id":"https:\/\/www.sonoraenequipo.com.mx\/#\/schema\/person\/image\/","url":"https:\/\/secure.gravatar.com\/avatar\/049821681b589dabc0bc20695993ccebb09f5b5d4d790cd9251b97faac7c652b?s=96&d=blank&r=g","contentUrl":"https:\/\/secure.gravatar.com\/avatar\/049821681b589dabc0bc20695993ccebb09f5b5d4d790cd9251b97faac7c652b?s=96&d=blank&r=g","caption":"enequipo"},"sameAs":["https:\/\/www.facebook.com\/SonoraEE"]}]}},"jetpack_featured_media_url":"https:\/\/www.sonoraenequipo.com.mx\/storage\/2025\/01\/clinica9-ags.jpg","_links":{"self":[{"href":"https:\/\/www.sonoraenequipo.com.mx\/api\/wp\/v2\/posts\/208375","targetHints":{"allow":["GET"]}}],"collection":[{"href":"https:\/\/www.sonoraenequipo.com.mx\/api\/wp\/v2\/posts"}],"about":[{"href":"https:\/\/www.sonoraenequipo.com.mx\/api\/wp\/v2\/types\/post"}],"author":[{"embeddable":true,"href":"https:\/\/www.sonoraenequipo.com.mx\/api\/wp\/v2\/users\/1"}],"replies":[{"embeddable":true,"href":"https:\/\/www.sonoraenequipo.com.mx\/api\/wp\/v2\/comments?post=208375"}],"version-history":[{"count":1,"href":"https:\/\/www.sonoraenequipo.com.mx\/api\/wp\/v2\/posts\/208375\/revisions"}],"predecessor-version":[{"id":208377,"href":"https:\/\/www.sonoraenequipo.com.mx\/api\/wp\/v2\/posts\/208375\/revisions\/208377"}],"wp:featuredmedia":[{"embeddable":true,"href":"https:\/\/www.sonoraenequipo.com.mx\/api\/wp\/v2\/media\/208376"}],"wp:attachment":[{"href":"https:\/\/www.sonoraenequipo.com.mx\/api\/wp\/v2\/media?parent=208375"}],"wp:term":[{"taxonomy":"category","embeddable":true,"href":"https:\/\/www.sonoraenequipo.com.mx\/api\/wp\/v2\/categories?post=208375"},{"taxonomy":"post_tag","embeddable":true,"href":"https:\/\/www.sonoraenequipo.com.mx\/api\/wp\/v2\/tags?post=208375"}],"curies":[{"name":"wp","href":"https:\/\/api.w.org\/{rel}","templated":true}]}}