{"id":208378,"date":"2025-01-23T14:55:24","date_gmt":"2025-01-23T21:55:24","guid":{"rendered":"https:\/\/www.sonoraenequipo.com.mx\/?p=208378"},"modified":"2025-01-23T14:56:11","modified_gmt":"2025-01-23T21:56:11","slug":"sheinbaum-destaca-aportacion-economica-de-mexicanos-eneua-contribuyen-2-06-billones-de-dolares-al-pib","status":"publish","type":"post","link":"https:\/\/www.sonoraenequipo.com.mx\/sheinbaum-destaca-aportacion-economica-de-mexicanos-eneua-contribuyen-2-06-billones-de-dolares-al-pib\/","title":{"rendered":"Sheinbaum destaca aportaci\u00f3n econ\u00f3mica de mexicanos en EUA; contribuyen 2.06 billones de d\u00f3lares al PIB"},"content":{"rendered":"<p><strong>CIUDAD DE MEXICO.<\/strong><strong> \u0336 \u0336&nbsp; <\/strong>La Presidenta de M\u00e9xico, Claudia Sheinbaum Pardo, reiter\u00f3 que los mexicanos y mexicanas que viven en Estados Unidos aportan a la econom\u00eda de las dos naciones, ya que, de acuerdo con el estudio<\/p>\n<p>&nbsp;<\/p>\n<p>Datos R\u00e1pidos: Latinos en Estados Unidos 2024 del Latino Donor Collaborative (LDC), los connacionales representan 2.06 billones de d\u00f3lares en el Producto Interno Bruto (PIB) estadounidense, mientras que toda la poblaci\u00f3n latina aporta 3.6 billones de d\u00f3lares al PIB.<\/p>\n<p>&nbsp;<\/p>\n<p>\u201cLas y los mexicanos en Estados Unidos contribuyen a la econom\u00eda nacional con las remesas que representan el amor a sus familias, el amor a su pa\u00eds, y que adem\u00e1s, les damos las gracias y por eso les llamamos \u2018h\u00e9roes y hero\u00ednas\u2019\u00bb. \u201cPero, adem\u00e1s, las y los mexicanos contribuyen a la econom\u00eda de Estados Unidos, pero estos datos de las y los mexicanos; y las y los latinos, son sorprendentes y ayuda mucho que en M\u00e9xico se conozcan estos datos, pero que en Estados Unidos se conozca esta informaci\u00f3n, porque es much\u00edsimo lo que contribuye la comunidad mexicana\u201d, destac\u00f3 durante la conferencia matutina: \u201cLas ma\u00f1aneras del pueblo\u201d.<\/p>\n<p>&nbsp;<\/p>\n<p>&nbsp;<\/p>\n<p>La Jefa del Ejecutivo Federal, puntualiz\u00f3 que todos los mexicanos que radican en Estados Unidos aportan a la econom\u00eda de dicho pa\u00eds: desde los que est\u00e1n nacionalizados hasta los que no cuentan con papeles.<\/p>\n<p>&nbsp;<\/p>\n<p>La Presidenta resalt\u00f3 que la econom\u00eda mexicana es fuerte tanto en M\u00e9xico como en Estados Unidos, derivado de que la inflaci\u00f3n en los primeros 10 d\u00edas de enero, se ubic\u00f3 en 3.69 por ciento.<\/p>\n<p>&nbsp;<\/p>\n<p>\u201cY el peso, con lo que podr\u00eda haber variado frente a la llegada del presidente Trump, se ha mantenido. Entonces, eso quiere decir que hay confianza y que la econom\u00eda de M\u00e9xico est\u00e1 bien, est\u00e1 fuerte. Hay reservas en el Banco de M\u00e9xico, hay recursos en el pueblo de M\u00e9xico (&#8230;) F\u00edjense, esto es con todo y el aumento salarial de 12 por ciento del salario m\u00ednimo; y, adem\u00e1s, tenemos un Plan, que se llama el Plan M\u00e9xico\u201d, asever\u00f3.<\/p>\n<p>&nbsp;<\/p>\n<p>Agreg\u00f3 que el Plan M\u00e9xico tiene como objetivo el desarrollo equitativo y sustentable del pa\u00eds a largo plazo. La directora general de (LDC), Ana Teresa Ram\u00edrez Rodr\u00edguez, present\u00f3 los resultados del estudio.<\/p>\n<p>&nbsp;<\/p>\n<p>Datos R\u00e1pidos: Latinos en Estados Unidos 2024, que se basa en fuentes oficiales de EUA, en el que destaca el impacto econ\u00f3mico de la comunidad latina en Estados Unidos, que est\u00e1 conformada en cerca de 60 por ciento por mexicanos y mexicanas.<\/p>\n<p>&nbsp;<\/p>\n<p>\u201cLo queremos los mexicanoamericanos es contribuir en lo que m\u00e1s podamos, y hacer de esta comunicaci\u00f3n una oportunidad inmensa de crecimiento, no nada m\u00e1s para M\u00e9xico, sino tambi\u00e9n para Estados Unidos\u201d, a\u00f1adi\u00f3.<\/p>\n<p>&nbsp;<\/p>\n<p>&nbsp;<\/p>\n<p>De acuerdo con los Datos R\u00e1pidos: Latinos en Estados Unidos 2024:<\/p>\n<p>&nbsp;<\/p>\n<p>Los latinos en Estados Unidos representan el 19.5 por ciento de la poblaci\u00f3n. El segundo grupo m\u00e1s grande despu\u00e9s de los anglosajones.<\/p>\n<p>8 de cada 10 latinos hablan ingl\u00e9s.<\/p>\n<p>4 de cada 5 latinos son ciudadanos estadounidenses.<\/p>\n<p>Los latinos en EUA son la poblaci\u00f3n m\u00e1s joven; en 2022 el 25% de los j\u00f3venes mayores de 18 a\u00f1os eran latinos. Adem\u00e1s la edad promedio de los latinos fue de 30.7 a\u00f1os en comparaci\u00f3n con 41.1 a\u00f1os de los angloamericanos.<\/p>\n<p>&nbsp;<\/p>\n<p>Si los latinos fueran una sola econom\u00eda, ser\u00edan la quinta m\u00e1s grande del mundo, por encima de India, Reino Unido y Francia.<\/p>\n<p>Hay 4.7 millones de empresas latinas en EUA y aportan 800 mil millones de d\u00f3lares a la econom\u00eda anualmente.<\/p>\n<p>Entre 2022 y 2030, el 78 por ciento de la nueva fuerza de trabajo ser\u00e1 conformada por latinos.<\/p>\n<p>De acuerdo con el Departamento de Comercio, el 49.5% de todas las casas nuevas en EUA son compradas por latinos.<\/p>\n<p>El 14.7% de los votantes en 2024 fueron latinos.<\/p>\n<p><strong>Fecha de publicaci\u00f3n&nbsp; jueves 23<\/strong><strong> de enero de 2025<\/strong><\/p>\n","protected":false},"excerpt":{"rendered":"<p>CIUDAD DE MEXICO. \u0336 \u0336&nbsp; La Presidenta de M\u00e9xico, Claudia Sheinbaum Pardo, reiter\u00f3 que los&#8230;<\/p>\n","protected":false},"author":1,"featured_media":208379,"comment_status":"open","ping_status":"open","sticky":false,"template":"","format":"standard","meta":{"_monsterinsights_skip_tracking":false,"_monsterinsights_sitenote_active":false,"_monsterinsights_sitenote_note":"","_monsterinsights_sitenote_category":0,"footnotes":""},"categories":[5],"tags":[2432,93,1916],"class_list":["post"],"yoast_head":" \n<title>Sonora en Equipo. Sheinbaum destaca aportaci\u00f3n econ\u00f3mica de mexicanos en EUA; contribuyen 2.06 billones de d\u00f3lares al PIB Rep\u00fablica<\/title>\n<meta name=\"description\" content=\"CIUDAD DE MEXICO. \u0336 \u0336&nbsp; La Presidenta de M\u00e9xico, Claudia Sheinbaum Pardo, reiter\u00f3 que los mexicanos y mexicanas que viven en Estados Unidos aportan a En Sonora en Equipo publicamos toda la informaci\u00f3n de Sonora, M\u00e9xico y el Mundo de manera oportuna y busca que la libertad de expresi\u00f3n sea real. Visita nuestro medio informativo publicado desde Hermosillo, Sonora. %\" \/>\n<meta name=\"robots\" content=\"index, follow, max-snippet:-1, max-image-preview:large, max-video-preview:-1\" \/>\n<link rel=\"canonical\" href=\"https:\/\/www.sonoraenequipo.com.mx\/sheinbaum-destaca-aportacion-economica-de-mexicanos-eneua-contribuyen-2-06-billones-de-dolares-al-pib\/\" \/>\n<meta property=\"og:locale\" content=\"es_ES\" \/>\n<meta property=\"og:type\" content=\"article\" \/>\n<meta property=\"og:title\" content=\"Sonora en Equipo. Sheinbaum destaca aportaci\u00f3n econ\u00f3mica de mexicanos en EUA; contribuyen 2.06 billones de d\u00f3lares al PIB Rep\u00fablica\" \/>\n<meta property=\"og:description\" content=\"CIUDAD DE MEXICO. \u0336 \u0336&nbsp; La Presidenta de M\u00e9xico, Claudia Sheinbaum Pardo, reiter\u00f3 que los mexicanos y mexicanas que viven en Estados Unidos aportan a En Sonora en Equipo publicamos toda la informaci\u00f3n de Sonora, M\u00e9xico y el Mundo de manera oportuna y busca que la libertad de expresi\u00f3n sea real. Visita nuestro medio informativo publicado desde Hermosillo, Sonora. %\" \/>\n<meta property=\"og:url\" content=\"https:\/\/www.sonoraenequipo.com.mx\/sheinbaum-destaca-aportacion-economica-de-mexicanos-eneua-contribuyen-2-06-billones-de-dolares-al-pib\/\" \/>\n<meta property=\"og:site_name\" content=\"Sonora en Equipo.\" \/>\n<meta property=\"article:publisher\" content=\"https:\/\/www.facebook.com\/SonoraEE\/\" \/>\n<meta property=\"article:author\" content=\"https:\/\/www.facebook.com\/SonoraEE\" \/>\n<meta property=\"article:published_time\" content=\"2025-01-23T21:55:24+00:00\" \/>\n<meta property=\"article:modified_time\" content=\"2025-01-23T21:56:11+00:00\" \/>\n<meta property=\"og:image\" content=\"https:\/\/www.sonoraenequipo.com.mx\/storage\/2025\/01\/CSP.jpg\" \/>\n\t<meta property=\"og:image:width\" content=\"600\" \/>\n\t<meta property=\"og:image:height\" content=\"400\" \/>\n\t<meta property=\"og:image:type\" content=\"image\/jpeg\" \/>\n<meta name=\"author\" content=\"enequipo\" \/>\n<meta name=\"twitter:card\" content=\"summary_large_image\" \/>\n<meta name=\"twitter:creator\" content=\"@sonoraenequipo\" \/>\n<meta name=\"twitter:site\" content=\"@sonoraenequipo\" \/>\n<meta name=\"twitter:label1\" content=\"Escrito por\" \/>\n\t<meta name=\"twitter:data1\" content=\"enequipo\" \/>\n\t<meta name=\"twitter:label2\" content=\"Tiempo de lectura\" \/>\n\t<meta name=\"twitter:data2\" content=\"3 minutos\" \/>\n<script type=\"application\/ld+json\" class=\"yoast-schema-graph\">{\"@context\":\"https:\/\/schema.org\",\"@graph\":[{\"@type\":\"Article\",\"@id\":\"https:\/\/www.sonoraenequipo.com.mx\/sheinbaum-destaca-aportacion-economica-de-mexicanos-eneua-contribuyen-2-06-billones-de-dolares-al-pib\/#article\",\"isPartOf\":{\"@id\":\"https:\/\/www.sonoraenequipo.com.mx\/sheinbaum-destaca-aportacion-economica-de-mexicanos-eneua-contribuyen-2-06-billones-de-dolares-al-pib\/\"},\"author\":{\"name\":\"enequipo\",\"@id\":\"https:\/\/www.sonoraenequipo.com.mx\/#\/schema\/person\/50102df0fb23a8fa9e8effad8fa81386\"},\"headline\":\"Sheinbaum destaca aportaci\u00f3n econ\u00f3mica de mexicanos en EUA; contribuyen 2.06 billones de d\u00f3lares al PIB\",\"datePublished\":\"2025-01-23T21:55:24+00:00\",\"dateModified\":\"2025-01-23T21:56:11+00:00\",\"mainEntityOfPage\":{\"@id\":\"https:\/\/www.sonoraenequipo.com.mx\/sheinbaum-destaca-aportacion-economica-de-mexicanos-eneua-contribuyen-2-06-billones-de-dolares-al-pib\/\"},\"wordCount\":687,\"commentCount\":0,\"publisher\":{\"@id\":\"https:\/\/www.sonoraenequipo.com.mx\/#organization\"},\"image\":{\"@id\":\"https:\/\/www.sonoraenequipo.com.mx\/sheinbaum-destaca-aportacion-economica-de-mexicanos-eneua-contribuyen-2-06-billones-de-dolares-al-pib\/#primaryimage\"},\"thumbnailUrl\":\"https:\/\/www.sonoraenequipo.com.mx\/storage\/2025\/01\/CSP.jpg\",\"keywords\":[\"Claudia Sheinbaum\",\"econom\u00eda\",\"EE UU\"],\"articleSection\":[\"Rep\u00fablica\"],\"inLanguage\":\"es\",\"potentialAction\":[{\"@type\":\"CommentAction\",\"name\":\"Comment\",\"target\":[\"https:\/\/www.sonoraenequipo.com.mx\/sheinbaum-destaca-aportacion-economica-de-mexicanos-eneua-contribuyen-2-06-billones-de-dolares-al-pib\/#respond\"]}]},{\"@type\":\"WebPage\",\"@id\":\"https:\/\/www.sonoraenequipo.com.mx\/sheinbaum-destaca-aportacion-economica-de-mexicanos-eneua-contribuyen-2-06-billones-de-dolares-al-pib\/\",\"url\":\"https:\/\/www.sonoraenequipo.com.mx\/sheinbaum-destaca-aportacion-economica-de-mexicanos-eneua-contribuyen-2-06-billones-de-dolares-al-pib\/\",\"name\":\"Sonora en Equipo. Sheinbaum destaca aportaci\u00f3n econ\u00f3mica de mexicanos en EUA; contribuyen 2.06 billones de d\u00f3lares al PIB Rep\u00fablica\",\"isPartOf\":{\"@id\":\"https:\/\/www.sonoraenequipo.com.mx\/#website\"},\"primaryImageOfPage\":{\"@id\":\"https:\/\/www.sonoraenequipo.com.mx\/sheinbaum-destaca-aportacion-economica-de-mexicanos-eneua-contribuyen-2-06-billones-de-dolares-al-pib\/#primaryimage\"},\"image\":{\"@id\":\"https:\/\/www.sonoraenequipo.com.mx\/sheinbaum-destaca-aportacion-economica-de-mexicanos-eneua-contribuyen-2-06-billones-de-dolares-al-pib\/#primaryimage\"},\"thumbnailUrl\":\"https:\/\/www.sonoraenequipo.com.mx\/storage\/2025\/01\/CSP.jpg\",\"datePublished\":\"2025-01-23T21:55:24+00:00\",\"dateModified\":\"2025-01-23T21:56:11+00:00\",\"description\":\"CIUDAD DE MEXICO. \u0336 \u0336&nbsp; La Presidenta de M\u00e9xico, Claudia Sheinbaum Pardo, reiter\u00f3 que los mexicanos y mexicanas que viven en Estados Unidos aportan a En Sonora en Equipo publicamos toda la informaci\u00f3n de Sonora, M\u00e9xico y el Mundo de manera oportuna y busca que la libertad de expresi\u00f3n sea real. Visita nuestro medio informativo publicado desde Hermosillo, Sonora. %\",\"breadcrumb\":{\"@id\":\"https:\/\/www.sonoraenequipo.com.mx\/sheinbaum-destaca-aportacion-economica-de-mexicanos-eneua-contribuyen-2-06-billones-de-dolares-al-pib\/#breadcrumb\"},\"inLanguage\":\"es\",\"potentialAction\":[{\"@type\":\"ReadAction\",\"target\":[\"https:\/\/www.sonoraenequipo.com.mx\/sheinbaum-destaca-aportacion-economica-de-mexicanos-eneua-contribuyen-2-06-billones-de-dolares-al-pib\/\"]}]},{\"@type\":\"ImageObject\",\"inLanguage\":\"es\",\"@id\":\"https:\/\/www.sonoraenequipo.com.mx\/sheinbaum-destaca-aportacion-economica-de-mexicanos-eneua-contribuyen-2-06-billones-de-dolares-al-pib\/#primaryimage\",\"url\":\"https:\/\/www.sonoraenequipo.com.mx\/storage\/2025\/01\/CSP.jpg\",\"contentUrl\":\"https:\/\/www.sonoraenequipo.com.mx\/storage\/2025\/01\/CSP.jpg\",\"width\":600,\"height\":400},{\"@type\":\"BreadcrumbList\",\"@id\":\"https:\/\/www.sonoraenequipo.com.mx\/sheinbaum-destaca-aportacion-economica-de-mexicanos-eneua-contribuyen-2-06-billones-de-dolares-al-pib\/#breadcrumb\",\"itemListElement\":[{\"@type\":\"ListItem\",\"position\":1,\"name\":\"Portada\",\"item\":\"https:\/\/www.sonoraenequipo.com.mx\/\"},{\"@type\":\"ListItem\",\"position\":2,\"name\":\"Sheinbaum destaca aportaci\u00f3n econ\u00f3mica de mexicanos en EUA; contribuyen 2.06 billones de d\u00f3lares al PIB\"}]},{\"@type\":\"WebSite\",\"@id\":\"https:\/\/www.sonoraenequipo.com.mx\/#website\",\"url\":\"https:\/\/www.sonoraenequipo.com.mx\/\",\"name\":\"Sonora en Equipo.\",\"description\":\"Diario en l\u00ednea con Noticias desde Hermosillo, Sonora\",\"publisher\":{\"@id\":\"https:\/\/www.sonoraenequipo.com.mx\/#organization\"},\"potentialAction\":[{\"@type\":\"SearchAction\",\"target\":{\"@type\":\"EntryPoint\",\"urlTemplate\":\"https:\/\/www.sonoraenequipo.com.mx\/?s={search_term_string}\"},\"query-input\":{\"@type\":\"PropertyValueSpecification\",\"valueRequired\":true,\"valueName\":\"search_term_string\"}}],\"inLanguage\":\"es\"},{\"@type\":\"Organization\",\"@id\":\"https:\/\/www.sonoraenequipo.com.mx\/#organization\",\"name\":\"Sonoraenequipo.com.mx\",\"url\":\"https:\/\/www.sonoraenequipo.com.mx\/\",\"logo\":{\"@type\":\"ImageObject\",\"inLanguage\":\"es\",\"@id\":\"https:\/\/www.sonoraenequipo.com.mx\/#\/schema\/logo\/image\/\",\"url\":\"https:\/\/www.sonoraenequipo.com.mx\/storage\/2019\/01\/sonoraenequipo_opt.png\",\"contentUrl\":\"https:\/\/www.sonoraenequipo.com.mx\/storage\/2019\/01\/sonoraenequipo_opt.png\",\"width\":375,\"height\":125,\"caption\":\"Sonoraenequipo.com.mx\"},\"image\":{\"@id\":\"https:\/\/www.sonoraenequipo.com.mx\/#\/schema\/logo\/image\/\"},\"sameAs\":[\"https:\/\/www.facebook.com\/SonoraEE\/\",\"https:\/\/x.com\/sonoraenequipo\",\"https:\/\/www.youtube.com\/channel\/UC338nW-lPEYmJQs4ZABQ1SQ\"]},{\"@type\":\"Person\",\"@id\":\"https:\/\/www.sonoraenequipo.com.mx\/#\/schema\/person\/50102df0fb23a8fa9e8effad8fa81386\",\"name\":\"enequipo\",\"image\":{\"@type\":\"ImageObject\",\"inLanguage\":\"es\",\"@id\":\"https:\/\/www.sonoraenequipo.com.mx\/#\/schema\/person\/image\/\",\"url\":\"https:\/\/secure.gravatar.com\/avatar\/049821681b589dabc0bc20695993ccebb09f5b5d4d790cd9251b97faac7c652b?s=96&d=blank&r=g\",\"contentUrl\":\"https:\/\/secure.gravatar.com\/avatar\/049821681b589dabc0bc20695993ccebb09f5b5d4d790cd9251b97faac7c652b?s=96&d=blank&r=g\",\"caption\":\"enequipo\"},\"sameAs\":[\"https:\/\/www.facebook.com\/SonoraEE\"]}]}<\/script>\n ","yoast_head_json":{"title":"Sonora en Equipo. Sheinbaum destaca aportaci\u00f3n econ\u00f3mica de mexicanos en EUA; contribuyen 2.06 billones de d\u00f3lares al PIB Rep\u00fablica","description":"CIUDAD DE MEXICO. \u0336 \u0336&nbsp; La Presidenta de M\u00e9xico, Claudia Sheinbaum Pardo, reiter\u00f3 que los mexicanos y mexicanas que viven en Estados Unidos aportan a En Sonora en Equipo publicamos toda la informaci\u00f3n de Sonora, M\u00e9xico y el Mundo de manera oportuna y busca que la libertad de expresi\u00f3n sea real. Visita nuestro medio informativo publicado desde Hermosillo, Sonora. %","robots":{"index":"index","follow":"follow","max-snippet":"max-snippet:-1","max-image-preview":"max-image-preview:large","max-video-preview":"max-video-preview:-1"},"canonical":"https:\/\/www.sonoraenequipo.com.mx\/sheinbaum-destaca-aportacion-economica-de-mexicanos-eneua-contribuyen-2-06-billones-de-dolares-al-pib\/","og_locale":"es_ES","og_type":"article","og_title":"Sonora en Equipo. Sheinbaum destaca aportaci\u00f3n econ\u00f3mica de mexicanos en EUA; contribuyen 2.06 billones de d\u00f3lares al PIB Rep\u00fablica","og_description":"CIUDAD DE MEXICO. \u0336 \u0336&nbsp; La Presidenta de M\u00e9xico, Claudia Sheinbaum Pardo, reiter\u00f3 que los mexicanos y mexicanas que viven en Estados Unidos aportan a En Sonora en Equipo publicamos toda la informaci\u00f3n de Sonora, M\u00e9xico y el Mundo de manera oportuna y busca que la libertad de expresi\u00f3n sea real. Visita nuestro medio informativo publicado desde Hermosillo, Sonora. %","og_url":"https:\/\/www.sonoraenequipo.com.mx\/sheinbaum-destaca-aportacion-economica-de-mexicanos-eneua-contribuyen-2-06-billones-de-dolares-al-pib\/","og_site_name":"Sonora en Equipo.","article_publisher":"https:\/\/www.facebook.com\/SonoraEE\/","article_author":"https:\/\/www.facebook.com\/SonoraEE","article_published_time":"2025-01-23T21:55:24+00:00","article_modified_time":"2025-01-23T21:56:11+00:00","og_image":[{"width":600,"height":400,"url":"https:\/\/www.sonoraenequipo.com.mx\/storage\/2025\/01\/CSP.jpg","type":"image\/jpeg"}],"author":"enequipo","twitter_card":"summary_large_image","twitter_creator":"@sonoraenequipo","twitter_site":"@sonoraenequipo","twitter_misc":{"Escrito por":"enequipo","Tiempo de lectura":"3 minutos"},"schema":{"@context":"https:\/\/schema.org","@graph":[{"@type":"Article","@id":"https:\/\/www.sonoraenequipo.com.mx\/sheinbaum-destaca-aportacion-economica-de-mexicanos-eneua-contribuyen-2-06-billones-de-dolares-al-pib\/#article","isPartOf":{"@id":"https:\/\/www.sonoraenequipo.com.mx\/sheinbaum-destaca-aportacion-economica-de-mexicanos-eneua-contribuyen-2-06-billones-de-dolares-al-pib\/"},"author":{"name":"enequipo","@id":"https:\/\/www.sonoraenequipo.com.mx\/#\/schema\/person\/50102df0fb23a8fa9e8effad8fa81386"},"headline":"Sheinbaum destaca aportaci\u00f3n econ\u00f3mica de mexicanos en EUA; contribuyen 2.06 billones de d\u00f3lares al PIB","datePublished":"2025-01-23T21:55:24+00:00","dateModified":"2025-01-23T21:56:11+00:00","mainEntityOfPage":{"@id":"https:\/\/www.sonoraenequipo.com.mx\/sheinbaum-destaca-aportacion-economica-de-mexicanos-eneua-contribuyen-2-06-billones-de-dolares-al-pib\/"},"wordCount":687,"commentCount":0,"publisher":{"@id":"https:\/\/www.sonoraenequipo.com.mx\/#organization"},"image":{"@id":"https:\/\/www.sonoraenequipo.com.mx\/sheinbaum-destaca-aportacion-economica-de-mexicanos-eneua-contribuyen-2-06-billones-de-dolares-al-pib\/#primaryimage"},"thumbnailUrl":"https:\/\/www.sonoraenequipo.com.mx\/storage\/2025\/01\/CSP.jpg","keywords":["Claudia Sheinbaum","econom\u00eda","EE UU"],"articleSection":["Rep\u00fablica"],"inLanguage":"es","potentialAction":[{"@type":"CommentAction","name":"Comment","target":["https:\/\/www.sonoraenequipo.com.mx\/sheinbaum-destaca-aportacion-economica-de-mexicanos-eneua-contribuyen-2-06-billones-de-dolares-al-pib\/#respond"]}]},{"@type":"WebPage","@id":"https:\/\/www.sonoraenequipo.com.mx\/sheinbaum-destaca-aportacion-economica-de-mexicanos-eneua-contribuyen-2-06-billones-de-dolares-al-pib\/","url":"https:\/\/www.sonoraenequipo.com.mx\/sheinbaum-destaca-aportacion-economica-de-mexicanos-eneua-contribuyen-2-06-billones-de-dolares-al-pib\/","name":"Sonora en Equipo. Sheinbaum destaca aportaci\u00f3n econ\u00f3mica de mexicanos en EUA; contribuyen 2.06 billones de d\u00f3lares al PIB Rep\u00fablica","isPartOf":{"@id":"https:\/\/www.sonoraenequipo.com.mx\/#website"},"primaryImageOfPage":{"@id":"https:\/\/www.sonoraenequipo.com.mx\/sheinbaum-destaca-aportacion-economica-de-mexicanos-eneua-contribuyen-2-06-billones-de-dolares-al-pib\/#primaryimage"},"image":{"@id":"https:\/\/www.sonoraenequipo.com.mx\/sheinbaum-destaca-aportacion-economica-de-mexicanos-eneua-contribuyen-2-06-billones-de-dolares-al-pib\/#primaryimage"},"thumbnailUrl":"https:\/\/www.sonoraenequipo.com.mx\/storage\/2025\/01\/CSP.jpg","datePublished":"2025-01-23T21:55:24+00:00","dateModified":"2025-01-23T21:56:11+00:00","description":"CIUDAD DE MEXICO. \u0336 \u0336&nbsp; La Presidenta de M\u00e9xico, Claudia Sheinbaum Pardo, reiter\u00f3 que los mexicanos y mexicanas que viven en Estados Unidos aportan a En Sonora en Equipo publicamos toda la informaci\u00f3n de Sonora, M\u00e9xico y el Mundo de manera oportuna y busca que la libertad de expresi\u00f3n sea real. Visita nuestro medio informativo publicado desde Hermosillo, Sonora. %","breadcrumb":{"@id":"https:\/\/www.sonoraenequipo.com.mx\/sheinbaum-destaca-aportacion-economica-de-mexicanos-eneua-contribuyen-2-06-billones-de-dolares-al-pib\/#breadcrumb"},"inLanguage":"es","potentialAction":[{"@type":"ReadAction","target":["https:\/\/www.sonoraenequipo.com.mx\/sheinbaum-destaca-aportacion-economica-de-mexicanos-eneua-contribuyen-2-06-billones-de-dolares-al-pib\/"]}]},{"@type":"ImageObject","inLanguage":"es","@id":"https:\/\/www.sonoraenequipo.com.mx\/sheinbaum-destaca-aportacion-economica-de-mexicanos-eneua-contribuyen-2-06-billones-de-dolares-al-pib\/#primaryimage","url":"https:\/\/www.sonoraenequipo.com.mx\/storage\/2025\/01\/CSP.jpg","contentUrl":"https:\/\/www.sonoraenequipo.com.mx\/storage\/2025\/01\/CSP.jpg","width":600,"height":400},{"@type":"BreadcrumbList","@id":"https:\/\/www.sonoraenequipo.com.mx\/sheinbaum-destaca-aportacion-economica-de-mexicanos-eneua-contribuyen-2-06-billones-de-dolares-al-pib\/#breadcrumb","itemListElement":[{"@type":"ListItem","position":1,"name":"Portada","item":"https:\/\/www.sonoraenequipo.com.mx\/"},{"@type":"ListItem","position":2,"name":"Sheinbaum destaca aportaci\u00f3n econ\u00f3mica de mexicanos en EUA; contribuyen 2.06 billones de d\u00f3lares al PIB"}]},{"@type":"WebSite","@id":"https:\/\/www.sonoraenequipo.com.mx\/#website","url":"https:\/\/www.sonoraenequipo.com.mx\/","name":"Sonora en Equipo.","description":"Diario en l\u00ednea con Noticias desde Hermosillo, Sonora","publisher":{"@id":"https:\/\/www.sonoraenequipo.com.mx\/#organization"},"potentialAction":[{"@type":"SearchAction","target":{"@type":"EntryPoint","urlTemplate":"https:\/\/www.sonoraenequipo.com.mx\/?s={search_term_string}"},"query-input":{"@type":"PropertyValueSpecification","valueRequired":true,"valueName":"search_term_string"}}],"inLanguage":"es"},{"@type":"Organization","@id":"https:\/\/www.sonoraenequipo.com.mx\/#organization","name":"Sonoraenequipo.com.mx","url":"https:\/\/www.sonoraenequipo.com.mx\/","logo":{"@type":"ImageObject","inLanguage":"es","@id":"https:\/\/www.sonoraenequipo.com.mx\/#\/schema\/logo\/image\/","url":"https:\/\/www.sonoraenequipo.com.mx\/storage\/2019\/01\/sonoraenequipo_opt.png","contentUrl":"https:\/\/www.sonoraenequipo.com.mx\/storage\/2019\/01\/sonoraenequipo_opt.png","width":375,"height":125,"caption":"Sonoraenequipo.com.mx"},"image":{"@id":"https:\/\/www.sonoraenequipo.com.mx\/#\/schema\/logo\/image\/"},"sameAs":["https:\/\/www.facebook.com\/SonoraEE\/","https:\/\/x.com\/sonoraenequipo","https:\/\/www.youtube.com\/channel\/UC338nW-lPEYmJQs4ZABQ1SQ"]},{"@type":"Person","@id":"https:\/\/www.sonoraenequipo.com.mx\/#\/schema\/person\/50102df0fb23a8fa9e8effad8fa81386","name":"enequipo","image":{"@type":"ImageObject","inLanguage":"es","@id":"https:\/\/www.sonoraenequipo.com.mx\/#\/schema\/person\/image\/","url":"https:\/\/secure.gravatar.com\/avatar\/049821681b589dabc0bc20695993ccebb09f5b5d4d790cd9251b97faac7c652b?s=96&d=blank&r=g","contentUrl":"https:\/\/secure.gravatar.com\/avatar\/049821681b589dabc0bc20695993ccebb09f5b5d4d790cd9251b97faac7c652b?s=96&d=blank&r=g","caption":"enequipo"},"sameAs":["https:\/\/www.facebook.com\/SonoraEE"]}]}},"jetpack_featured_media_url":"https:\/\/www.sonoraenequipo.com.mx\/storage\/2025\/01\/CSP.jpg","_links":{"self":[{"href":"https:\/\/www.sonoraenequipo.com.mx\/api\/wp\/v2\/posts\/208378","targetHints":{"allow":["GET"]}}],"collection":[{"href":"https:\/\/www.sonoraenequipo.com.mx\/api\/wp\/v2\/posts"}],"about":[{"href":"https:\/\/www.sonoraenequipo.com.mx\/api\/wp\/v2\/types\/post"}],"author":[{"embeddable":true,"href":"https:\/\/www.sonoraenequipo.com.mx\/api\/wp\/v2\/users\/1"}],"replies":[{"embeddable":true,"href":"https:\/\/www.sonoraenequipo.com.mx\/api\/wp\/v2\/comments?post=208378"}],"version-history":[{"count":2,"href":"https:\/\/www.sonoraenequipo.com.mx\/api\/wp\/v2\/posts\/208378\/revisions"}],"predecessor-version":[{"id":208383,"href":"https:\/\/www.sonoraenequipo.com.mx\/api\/wp\/v2\/posts\/208378\/revisions\/208383"}],"wp:featuredmedia":[{"embeddable":true,"href":"https:\/\/www.sonoraenequipo.com.mx\/api\/wp\/v2\/media\/208379"}],"wp:attachment":[{"href":"https:\/\/www.sonoraenequipo.com.mx\/api\/wp\/v2\/media?parent=208378"}],"wp:term":[{"taxonomy":"category","embeddable":true,"href":"https:\/\/www.sonoraenequipo.com.mx\/api\/wp\/v2\/categories?post=208378"},{"taxonomy":"post_tag","embeddable":true,"href":"https:\/\/www.sonoraenequipo.com.mx\/api\/wp\/v2\/tags?post=208378"}],"curies":[{"name":"wp","href":"https:\/\/api.w.org\/{rel}","templated":true}]}}