{"id":208445,"date":"2025-01-24T10:00:08","date_gmt":"2025-01-24T17:00:08","guid":{"rendered":"https:\/\/www.sonoraenequipo.com.mx\/?p=208445"},"modified":"2025-01-24T10:18:05","modified_gmt":"2025-01-24T17:18:05","slug":"trump-y-sheinbaum-destacan-avances-en-relacion-comercial","status":"publish","type":"post","link":"https:\/\/www.sonoraenequipo.com.mx\/trump-y-sheinbaum-destacan-avances-en-relacion-comercial\/","title":{"rendered":"Trump y Sheinbaum destacan avances en relaci\u00f3n comercial"},"content":{"rendered":"<p><strong>CIUDAD DE M\u00c9XICO. MX. \u2014<\/strong> La presidenta de M\u00e9xico, Claudia Sheinbaum, asegur\u00f3 que no ve indicios de una guerra comercial con Estados Unidos tras las declaraciones del mandatario estadounidense, Donald Trump, en el Foro Econ\u00f3mico Mundial en Davos, Suiza. Seg\u00fan Sheinbaum, las palabras de Trump sobre M\u00e9xico reflejan una relaci\u00f3n de colaboraci\u00f3n y respeto entre ambos pa\u00edses.<\/p>\n<p>&nbsp;<\/p>\n<p>&nbsp;<\/p>\n<p>&nbsp;<\/p>\n<p> <\/p>\n<p><strong><em>\u00abNo veo una guerra comercial. Ayer habl\u00f3 de otra manera de M\u00e9xico, por cierto. El presidente Trump tiene su visi\u00f3n del uso de los aranceles, tanto econ\u00f3mica como frente a una negociaci\u00f3n de un pa\u00eds. En el caso de M\u00e9xico, lo que hay es colaboraci\u00f3n, cooperaci\u00f3n, coordinaci\u00f3n con respeto a nuestras soberan\u00edas\u00bb,<\/em> <\/strong>declar\u00f3 Sheinbaum durante su conferencia matutina.<\/p>\n<p>&nbsp;<\/p>\n<p>&nbsp;<\/p>\n<p>Las declaraciones de Trump en Davos contrastaron con su reciente amenaza de imponer un arancel del 25 % a los productos mexicanos a partir del 1 de febrero, como medida para combatir el flujo de drogas y migrantes hacia Estados Unidos. Sin embargo, en el foro econ\u00f3mico, el mandatario estadounidense expres\u00f3 optimismo sobre la relaci\u00f3n bilateral. <strong><em>\u00abCon M\u00e9xico, estamos llegando a acuerdos, creo que vamos muy bien\u00bb,<\/em><\/strong> afirm\u00f3 Trump.<\/p>\n<p>&nbsp;<\/p>\n<p>&nbsp;<\/p>\n<p>La mandataria mexicana destac\u00f3 que estas palabras subrayan la importancia de los acuerdos comerciales entre ambos pa\u00edses, particularmente en el marco del Tratado entre M\u00e9xico, Estados Unidos y Canad\u00e1 (T-MEC). Seg\u00fan Sheinbaum, el tratado es clave para mantener una relaci\u00f3n estable y de beneficio mutuo en la regi\u00f3n.<\/p>\n<p>&nbsp;<\/p>\n<p>&nbsp;<\/p>\n<p>&nbsp;<\/p>\n<p>Por otro lado, Trump mostr\u00f3 una postura distinta hacia Canad\u00e1, afirmando que Estados Unidos \u00abno necesita\u00bb a su vecino del norte para producir madera, extraer petr\u00f3leo y fabricar autom\u00f3viles. Esta declaraci\u00f3n ha generado inquietudes sobre el futuro del comercio en Am\u00e9rica del Norte, aunque M\u00e9xico parece mantener una relaci\u00f3n m\u00e1s estable con Washington.<\/p>\n<p>&nbsp;<\/p>\n<p>&nbsp;<\/p>\n<p>&nbsp;<\/p>\n<p>Sheinbaum enfatiz\u00f3 que su administraci\u00f3n trabaja en estrecha comunicaci\u00f3n con el gobierno estadounidense, especialmente en torno a los decretos firmados por Trump que garantizan la continuidad del T-MEC y su revisi\u00f3n en 2026.<\/p>\n<p>&nbsp;<\/p>\n<p>&nbsp;<\/p>\n<p>&nbsp;<\/p>\n<p><em><strong>\u00abPor eso creo que ha sido bueno el planteamiento que hemos hecho: ver las cosas con calma y establecer una comunicaci\u00f3n institucional y formal con el Gobierno de Estados Unidos\u00bb,<\/strong> <\/em>concluy\u00f3 Sheinbaum.<\/p>\n<p>&nbsp;<\/p>\n<p>&nbsp;<\/p>\n<p>La relaci\u00f3n comercial entre M\u00e9xico y Estados Unidos sigue siendo un tema prioritario para ambas naciones, con desaf\u00edos y negociaciones constantes, pero tambi\u00e9n con se\u00f1ales de cooperaci\u00f3n en temas clave como el comercio y la soberan\u00eda.<\/p>\n<p>&nbsp;<\/p>\n<p>&nbsp;<\/p>\n<p>&nbsp;<\/p>\n<p>PUBLICADO EL 24 DE ENERO DE 2025 Con informaci\u00f3n de Conferencia matutina)<\/p>\n","protected":false},"excerpt":{"rendered":"<p>CIUDAD DE M\u00c9XICO. MX. \u2014 La presidenta de M\u00e9xico, Claudia Sheinbaum, asegur\u00f3 que no ve&#8230;<\/p>\n","protected":false},"author":1,"featured_media":208446,"comment_status":"open","ping_status":"open","sticky":false,"template":"","format":"standard","meta":{"_monsterinsights_skip_tracking":false,"_monsterinsights_sitenote_active":false,"_monsterinsights_sitenote_note":"","_monsterinsights_sitenote_category":0,"footnotes":""},"categories":[5],"tags":[],"class_list":["post"],"yoast_head":" \n<title>Sonora en Equipo. Trump y Sheinbaum destacan avances en relaci\u00f3n comercial Rep\u00fablica<\/title>\n<meta name=\"description\" content=\"CIUDAD DE M\u00c9XICO. MX. \u2014 La presidenta de M\u00e9xico, Claudia Sheinbaum, asegur\u00f3 que no ve indicios de una guerra comercial con Estados Unidos tras las En Sonora en Equipo publicamos toda la informaci\u00f3n de Sonora, M\u00e9xico y el Mundo de manera oportuna y busca que la libertad de expresi\u00f3n sea real. Visita nuestro medio informativo publicado desde Hermosillo, Sonora. %\" \/>\n<meta name=\"robots\" content=\"index, follow, max-snippet:-1, max-image-preview:large, max-video-preview:-1\" \/>\n<link rel=\"canonical\" href=\"https:\/\/www.sonoraenequipo.com.mx\/trump-y-sheinbaum-destacan-avances-en-relacion-comercial\/\" \/>\n<meta property=\"og:locale\" content=\"es_ES\" \/>\n<meta property=\"og:type\" content=\"article\" \/>\n<meta property=\"og:title\" content=\"Sonora en Equipo. Trump y Sheinbaum destacan avances en relaci\u00f3n comercial Rep\u00fablica\" \/>\n<meta property=\"og:description\" content=\"CIUDAD DE M\u00c9XICO. MX. \u2014 La presidenta de M\u00e9xico, Claudia Sheinbaum, asegur\u00f3 que no ve indicios de una guerra comercial con Estados Unidos tras las En Sonora en Equipo publicamos toda la informaci\u00f3n de Sonora, M\u00e9xico y el Mundo de manera oportuna y busca que la libertad de expresi\u00f3n sea real. Visita nuestro medio informativo publicado desde Hermosillo, Sonora. %\" \/>\n<meta property=\"og:url\" content=\"https:\/\/www.sonoraenequipo.com.mx\/trump-y-sheinbaum-destacan-avances-en-relacion-comercial\/\" \/>\n<meta property=\"og:site_name\" content=\"Sonora en Equipo.\" \/>\n<meta property=\"article:publisher\" content=\"https:\/\/www.facebook.com\/SonoraEE\/\" \/>\n<meta property=\"article:author\" content=\"https:\/\/www.facebook.com\/SonoraEE\" \/>\n<meta property=\"article:published_time\" content=\"2025-01-24T17:00:08+00:00\" \/>\n<meta property=\"article:modified_time\" content=\"2025-01-24T17:18:05+00:00\" \/>\n<meta property=\"og:image\" content=\"https:\/\/www.sonoraenequipo.com.mx\/storage\/2025\/01\/claudia-sheinbaum-min-1.jpg\" \/>\n\t<meta property=\"og:image:width\" content=\"900\" \/>\n\t<meta property=\"og:image:height\" content=\"567\" \/>\n\t<meta property=\"og:image:type\" content=\"image\/jpeg\" \/>\n<meta name=\"author\" content=\"enequipo\" \/>\n<meta name=\"twitter:card\" content=\"summary_large_image\" \/>\n<meta name=\"twitter:creator\" content=\"@sonoraenequipo\" \/>\n<meta name=\"twitter:site\" content=\"@sonoraenequipo\" \/>\n<meta name=\"twitter:label1\" content=\"Escrito por\" \/>\n\t<meta name=\"twitter:data1\" content=\"enequipo\" \/>\n\t<meta name=\"twitter:label2\" content=\"Tiempo de lectura\" \/>\n\t<meta name=\"twitter:data2\" content=\"2 minutos\" \/>\n<script type=\"application\/ld+json\" class=\"yoast-schema-graph\">{\"@context\":\"https:\/\/schema.org\",\"@graph\":[{\"@type\":\"Article\",\"@id\":\"https:\/\/www.sonoraenequipo.com.mx\/trump-y-sheinbaum-destacan-avances-en-relacion-comercial\/#article\",\"isPartOf\":{\"@id\":\"https:\/\/www.sonoraenequipo.com.mx\/trump-y-sheinbaum-destacan-avances-en-relacion-comercial\/\"},\"author\":{\"name\":\"enequipo\",\"@id\":\"https:\/\/www.sonoraenequipo.com.mx\/#\/schema\/person\/50102df0fb23a8fa9e8effad8fa81386\"},\"headline\":\"Trump y Sheinbaum destacan avances en relaci\u00f3n comercial\",\"datePublished\":\"2025-01-24T17:00:08+00:00\",\"dateModified\":\"2025-01-24T17:18:05+00:00\",\"mainEntityOfPage\":{\"@id\":\"https:\/\/www.sonoraenequipo.com.mx\/trump-y-sheinbaum-destacan-avances-en-relacion-comercial\/\"},\"wordCount\":466,\"commentCount\":0,\"publisher\":{\"@id\":\"https:\/\/www.sonoraenequipo.com.mx\/#organization\"},\"image\":{\"@id\":\"https:\/\/www.sonoraenequipo.com.mx\/trump-y-sheinbaum-destacan-avances-en-relacion-comercial\/#primaryimage\"},\"thumbnailUrl\":\"https:\/\/www.sonoraenequipo.com.mx\/storage\/2025\/01\/claudia-sheinbaum-min-1.jpg\",\"articleSection\":[\"Rep\u00fablica\"],\"inLanguage\":\"es\",\"potentialAction\":[{\"@type\":\"CommentAction\",\"name\":\"Comment\",\"target\":[\"https:\/\/www.sonoraenequipo.com.mx\/trump-y-sheinbaum-destacan-avances-en-relacion-comercial\/#respond\"]}]},{\"@type\":\"WebPage\",\"@id\":\"https:\/\/www.sonoraenequipo.com.mx\/trump-y-sheinbaum-destacan-avances-en-relacion-comercial\/\",\"url\":\"https:\/\/www.sonoraenequipo.com.mx\/trump-y-sheinbaum-destacan-avances-en-relacion-comercial\/\",\"name\":\"Sonora en Equipo. Trump y Sheinbaum destacan avances en relaci\u00f3n comercial Rep\u00fablica\",\"isPartOf\":{\"@id\":\"https:\/\/www.sonoraenequipo.com.mx\/#website\"},\"primaryImageOfPage\":{\"@id\":\"https:\/\/www.sonoraenequipo.com.mx\/trump-y-sheinbaum-destacan-avances-en-relacion-comercial\/#primaryimage\"},\"image\":{\"@id\":\"https:\/\/www.sonoraenequipo.com.mx\/trump-y-sheinbaum-destacan-avances-en-relacion-comercial\/#primaryimage\"},\"thumbnailUrl\":\"https:\/\/www.sonoraenequipo.com.mx\/storage\/2025\/01\/claudia-sheinbaum-min-1.jpg\",\"datePublished\":\"2025-01-24T17:00:08+00:00\",\"dateModified\":\"2025-01-24T17:18:05+00:00\",\"description\":\"CIUDAD DE M\u00c9XICO. MX. \u2014 La presidenta de M\u00e9xico, Claudia Sheinbaum, asegur\u00f3 que no ve indicios de una guerra comercial con Estados Unidos tras las En Sonora en Equipo publicamos toda la informaci\u00f3n de Sonora, M\u00e9xico y el Mundo de manera oportuna y busca que la libertad de expresi\u00f3n sea real. Visita nuestro medio informativo publicado desde Hermosillo, Sonora. %\",\"breadcrumb\":{\"@id\":\"https:\/\/www.sonoraenequipo.com.mx\/trump-y-sheinbaum-destacan-avances-en-relacion-comercial\/#breadcrumb\"},\"inLanguage\":\"es\",\"potentialAction\":[{\"@type\":\"ReadAction\",\"target\":[\"https:\/\/www.sonoraenequipo.com.mx\/trump-y-sheinbaum-destacan-avances-en-relacion-comercial\/\"]}]},{\"@type\":\"ImageObject\",\"inLanguage\":\"es\",\"@id\":\"https:\/\/www.sonoraenequipo.com.mx\/trump-y-sheinbaum-destacan-avances-en-relacion-comercial\/#primaryimage\",\"url\":\"https:\/\/www.sonoraenequipo.com.mx\/storage\/2025\/01\/claudia-sheinbaum-min-1.jpg\",\"contentUrl\":\"https:\/\/www.sonoraenequipo.com.mx\/storage\/2025\/01\/claudia-sheinbaum-min-1.jpg\",\"width\":900,\"height\":567},{\"@type\":\"BreadcrumbList\",\"@id\":\"https:\/\/www.sonoraenequipo.com.mx\/trump-y-sheinbaum-destacan-avances-en-relacion-comercial\/#breadcrumb\",\"itemListElement\":[{\"@type\":\"ListItem\",\"position\":1,\"name\":\"Portada\",\"item\":\"https:\/\/www.sonoraenequipo.com.mx\/\"},{\"@type\":\"ListItem\",\"position\":2,\"name\":\"Trump y Sheinbaum destacan avances en relaci\u00f3n comercial\"}]},{\"@type\":\"WebSite\",\"@id\":\"https:\/\/www.sonoraenequipo.com.mx\/#website\",\"url\":\"https:\/\/www.sonoraenequipo.com.mx\/\",\"name\":\"Sonora en Equipo.\",\"description\":\"Diario en l\u00ednea con Noticias desde Hermosillo, Sonora\",\"publisher\":{\"@id\":\"https:\/\/www.sonoraenequipo.com.mx\/#organization\"},\"potentialAction\":[{\"@type\":\"SearchAction\",\"target\":{\"@type\":\"EntryPoint\",\"urlTemplate\":\"https:\/\/www.sonoraenequipo.com.mx\/?s={search_term_string}\"},\"query-input\":{\"@type\":\"PropertyValueSpecification\",\"valueRequired\":true,\"valueName\":\"search_term_string\"}}],\"inLanguage\":\"es\"},{\"@type\":\"Organization\",\"@id\":\"https:\/\/www.sonoraenequipo.com.mx\/#organization\",\"name\":\"Sonoraenequipo.com.mx\",\"url\":\"https:\/\/www.sonoraenequipo.com.mx\/\",\"logo\":{\"@type\":\"ImageObject\",\"inLanguage\":\"es\",\"@id\":\"https:\/\/www.sonoraenequipo.com.mx\/#\/schema\/logo\/image\/\",\"url\":\"https:\/\/www.sonoraenequipo.com.mx\/storage\/2019\/01\/sonoraenequipo_opt.png\",\"contentUrl\":\"https:\/\/www.sonoraenequipo.com.mx\/storage\/2019\/01\/sonoraenequipo_opt.png\",\"width\":375,\"height\":125,\"caption\":\"Sonoraenequipo.com.mx\"},\"image\":{\"@id\":\"https:\/\/www.sonoraenequipo.com.mx\/#\/schema\/logo\/image\/\"},\"sameAs\":[\"https:\/\/www.facebook.com\/SonoraEE\/\",\"https:\/\/x.com\/sonoraenequipo\",\"https:\/\/www.youtube.com\/channel\/UC338nW-lPEYmJQs4ZABQ1SQ\"]},{\"@type\":\"Person\",\"@id\":\"https:\/\/www.sonoraenequipo.com.mx\/#\/schema\/person\/50102df0fb23a8fa9e8effad8fa81386\",\"name\":\"enequipo\",\"image\":{\"@type\":\"ImageObject\",\"inLanguage\":\"es\",\"@id\":\"https:\/\/www.sonoraenequipo.com.mx\/#\/schema\/person\/image\/\",\"url\":\"https:\/\/secure.gravatar.com\/avatar\/049821681b589dabc0bc20695993ccebb09f5b5d4d790cd9251b97faac7c652b?s=96&d=blank&r=g\",\"contentUrl\":\"https:\/\/secure.gravatar.com\/avatar\/049821681b589dabc0bc20695993ccebb09f5b5d4d790cd9251b97faac7c652b?s=96&d=blank&r=g\",\"caption\":\"enequipo\"},\"sameAs\":[\"https:\/\/www.facebook.com\/SonoraEE\"]}]}<\/script>\n ","yoast_head_json":{"title":"Sonora en Equipo. Trump y Sheinbaum destacan avances en relaci\u00f3n comercial Rep\u00fablica","description":"CIUDAD DE M\u00c9XICO. MX. \u2014 La presidenta de M\u00e9xico, Claudia Sheinbaum, asegur\u00f3 que no ve indicios de una guerra comercial con Estados Unidos tras las En Sonora en Equipo publicamos toda la informaci\u00f3n de Sonora, M\u00e9xico y el Mundo de manera oportuna y busca que la libertad de expresi\u00f3n sea real. Visita nuestro medio informativo publicado desde Hermosillo, Sonora. %","robots":{"index":"index","follow":"follow","max-snippet":"max-snippet:-1","max-image-preview":"max-image-preview:large","max-video-preview":"max-video-preview:-1"},"canonical":"https:\/\/www.sonoraenequipo.com.mx\/trump-y-sheinbaum-destacan-avances-en-relacion-comercial\/","og_locale":"es_ES","og_type":"article","og_title":"Sonora en Equipo. Trump y Sheinbaum destacan avances en relaci\u00f3n comercial Rep\u00fablica","og_description":"CIUDAD DE M\u00c9XICO. MX. \u2014 La presidenta de M\u00e9xico, Claudia Sheinbaum, asegur\u00f3 que no ve indicios de una guerra comercial con Estados Unidos tras las En Sonora en Equipo publicamos toda la informaci\u00f3n de Sonora, M\u00e9xico y el Mundo de manera oportuna y busca que la libertad de expresi\u00f3n sea real. Visita nuestro medio informativo publicado desde Hermosillo, Sonora. %","og_url":"https:\/\/www.sonoraenequipo.com.mx\/trump-y-sheinbaum-destacan-avances-en-relacion-comercial\/","og_site_name":"Sonora en Equipo.","article_publisher":"https:\/\/www.facebook.com\/SonoraEE\/","article_author":"https:\/\/www.facebook.com\/SonoraEE","article_published_time":"2025-01-24T17:00:08+00:00","article_modified_time":"2025-01-24T17:18:05+00:00","og_image":[{"width":900,"height":567,"url":"https:\/\/www.sonoraenequipo.com.mx\/storage\/2025\/01\/claudia-sheinbaum-min-1.jpg","type":"image\/jpeg"}],"author":"enequipo","twitter_card":"summary_large_image","twitter_creator":"@sonoraenequipo","twitter_site":"@sonoraenequipo","twitter_misc":{"Escrito por":"enequipo","Tiempo de lectura":"2 minutos"},"schema":{"@context":"https:\/\/schema.org","@graph":[{"@type":"Article","@id":"https:\/\/www.sonoraenequipo.com.mx\/trump-y-sheinbaum-destacan-avances-en-relacion-comercial\/#article","isPartOf":{"@id":"https:\/\/www.sonoraenequipo.com.mx\/trump-y-sheinbaum-destacan-avances-en-relacion-comercial\/"},"author":{"name":"enequipo","@id":"https:\/\/www.sonoraenequipo.com.mx\/#\/schema\/person\/50102df0fb23a8fa9e8effad8fa81386"},"headline":"Trump y Sheinbaum destacan avances en relaci\u00f3n comercial","datePublished":"2025-01-24T17:00:08+00:00","dateModified":"2025-01-24T17:18:05+00:00","mainEntityOfPage":{"@id":"https:\/\/www.sonoraenequipo.com.mx\/trump-y-sheinbaum-destacan-avances-en-relacion-comercial\/"},"wordCount":466,"commentCount":0,"publisher":{"@id":"https:\/\/www.sonoraenequipo.com.mx\/#organization"},"image":{"@id":"https:\/\/www.sonoraenequipo.com.mx\/trump-y-sheinbaum-destacan-avances-en-relacion-comercial\/#primaryimage"},"thumbnailUrl":"https:\/\/www.sonoraenequipo.com.mx\/storage\/2025\/01\/claudia-sheinbaum-min-1.jpg","articleSection":["Rep\u00fablica"],"inLanguage":"es","potentialAction":[{"@type":"CommentAction","name":"Comment","target":["https:\/\/www.sonoraenequipo.com.mx\/trump-y-sheinbaum-destacan-avances-en-relacion-comercial\/#respond"]}]},{"@type":"WebPage","@id":"https:\/\/www.sonoraenequipo.com.mx\/trump-y-sheinbaum-destacan-avances-en-relacion-comercial\/","url":"https:\/\/www.sonoraenequipo.com.mx\/trump-y-sheinbaum-destacan-avances-en-relacion-comercial\/","name":"Sonora en Equipo. Trump y Sheinbaum destacan avances en relaci\u00f3n comercial Rep\u00fablica","isPartOf":{"@id":"https:\/\/www.sonoraenequipo.com.mx\/#website"},"primaryImageOfPage":{"@id":"https:\/\/www.sonoraenequipo.com.mx\/trump-y-sheinbaum-destacan-avances-en-relacion-comercial\/#primaryimage"},"image":{"@id":"https:\/\/www.sonoraenequipo.com.mx\/trump-y-sheinbaum-destacan-avances-en-relacion-comercial\/#primaryimage"},"thumbnailUrl":"https:\/\/www.sonoraenequipo.com.mx\/storage\/2025\/01\/claudia-sheinbaum-min-1.jpg","datePublished":"2025-01-24T17:00:08+00:00","dateModified":"2025-01-24T17:18:05+00:00","description":"CIUDAD DE M\u00c9XICO. MX. \u2014 La presidenta de M\u00e9xico, Claudia Sheinbaum, asegur\u00f3 que no ve indicios de una guerra comercial con Estados Unidos tras las En Sonora en Equipo publicamos toda la informaci\u00f3n de Sonora, M\u00e9xico y el Mundo de manera oportuna y busca que la libertad de expresi\u00f3n sea real. Visita nuestro medio informativo publicado desde Hermosillo, Sonora. %","breadcrumb":{"@id":"https:\/\/www.sonoraenequipo.com.mx\/trump-y-sheinbaum-destacan-avances-en-relacion-comercial\/#breadcrumb"},"inLanguage":"es","potentialAction":[{"@type":"ReadAction","target":["https:\/\/www.sonoraenequipo.com.mx\/trump-y-sheinbaum-destacan-avances-en-relacion-comercial\/"]}]},{"@type":"ImageObject","inLanguage":"es","@id":"https:\/\/www.sonoraenequipo.com.mx\/trump-y-sheinbaum-destacan-avances-en-relacion-comercial\/#primaryimage","url":"https:\/\/www.sonoraenequipo.com.mx\/storage\/2025\/01\/claudia-sheinbaum-min-1.jpg","contentUrl":"https:\/\/www.sonoraenequipo.com.mx\/storage\/2025\/01\/claudia-sheinbaum-min-1.jpg","width":900,"height":567},{"@type":"BreadcrumbList","@id":"https:\/\/www.sonoraenequipo.com.mx\/trump-y-sheinbaum-destacan-avances-en-relacion-comercial\/#breadcrumb","itemListElement":[{"@type":"ListItem","position":1,"name":"Portada","item":"https:\/\/www.sonoraenequipo.com.mx\/"},{"@type":"ListItem","position":2,"name":"Trump y Sheinbaum destacan avances en relaci\u00f3n comercial"}]},{"@type":"WebSite","@id":"https:\/\/www.sonoraenequipo.com.mx\/#website","url":"https:\/\/www.sonoraenequipo.com.mx\/","name":"Sonora en Equipo.","description":"Diario en l\u00ednea con Noticias desde Hermosillo, Sonora","publisher":{"@id":"https:\/\/www.sonoraenequipo.com.mx\/#organization"},"potentialAction":[{"@type":"SearchAction","target":{"@type":"EntryPoint","urlTemplate":"https:\/\/www.sonoraenequipo.com.mx\/?s={search_term_string}"},"query-input":{"@type":"PropertyValueSpecification","valueRequired":true,"valueName":"search_term_string"}}],"inLanguage":"es"},{"@type":"Organization","@id":"https:\/\/www.sonoraenequipo.com.mx\/#organization","name":"Sonoraenequipo.com.mx","url":"https:\/\/www.sonoraenequipo.com.mx\/","logo":{"@type":"ImageObject","inLanguage":"es","@id":"https:\/\/www.sonoraenequipo.com.mx\/#\/schema\/logo\/image\/","url":"https:\/\/www.sonoraenequipo.com.mx\/storage\/2019\/01\/sonoraenequipo_opt.png","contentUrl":"https:\/\/www.sonoraenequipo.com.mx\/storage\/2019\/01\/sonoraenequipo_opt.png","width":375,"height":125,"caption":"Sonoraenequipo.com.mx"},"image":{"@id":"https:\/\/www.sonoraenequipo.com.mx\/#\/schema\/logo\/image\/"},"sameAs":["https:\/\/www.facebook.com\/SonoraEE\/","https:\/\/x.com\/sonoraenequipo","https:\/\/www.youtube.com\/channel\/UC338nW-lPEYmJQs4ZABQ1SQ"]},{"@type":"Person","@id":"https:\/\/www.sonoraenequipo.com.mx\/#\/schema\/person\/50102df0fb23a8fa9e8effad8fa81386","name":"enequipo","image":{"@type":"ImageObject","inLanguage":"es","@id":"https:\/\/www.sonoraenequipo.com.mx\/#\/schema\/person\/image\/","url":"https:\/\/secure.gravatar.com\/avatar\/049821681b589dabc0bc20695993ccebb09f5b5d4d790cd9251b97faac7c652b?s=96&d=blank&r=g","contentUrl":"https:\/\/secure.gravatar.com\/avatar\/049821681b589dabc0bc20695993ccebb09f5b5d4d790cd9251b97faac7c652b?s=96&d=blank&r=g","caption":"enequipo"},"sameAs":["https:\/\/www.facebook.com\/SonoraEE"]}]}},"jetpack_featured_media_url":"https:\/\/www.sonoraenequipo.com.mx\/storage\/2025\/01\/claudia-sheinbaum-min-1.jpg","_links":{"self":[{"href":"https:\/\/www.sonoraenequipo.com.mx\/api\/wp\/v2\/posts\/208445","targetHints":{"allow":["GET"]}}],"collection":[{"href":"https:\/\/www.sonoraenequipo.com.mx\/api\/wp\/v2\/posts"}],"about":[{"href":"https:\/\/www.sonoraenequipo.com.mx\/api\/wp\/v2\/types\/post"}],"author":[{"embeddable":true,"href":"https:\/\/www.sonoraenequipo.com.mx\/api\/wp\/v2\/users\/1"}],"replies":[{"embeddable":true,"href":"https:\/\/www.sonoraenequipo.com.mx\/api\/wp\/v2\/comments?post=208445"}],"version-history":[{"count":1,"href":"https:\/\/www.sonoraenequipo.com.mx\/api\/wp\/v2\/posts\/208445\/revisions"}],"predecessor-version":[{"id":208448,"href":"https:\/\/www.sonoraenequipo.com.mx\/api\/wp\/v2\/posts\/208445\/revisions\/208448"}],"wp:featuredmedia":[{"embeddable":true,"href":"https:\/\/www.sonoraenequipo.com.mx\/api\/wp\/v2\/media\/208446"}],"wp:attachment":[{"href":"https:\/\/www.sonoraenequipo.com.mx\/api\/wp\/v2\/media?parent=208445"}],"wp:term":[{"taxonomy":"category","embeddable":true,"href":"https:\/\/www.sonoraenequipo.com.mx\/api\/wp\/v2\/categories?post=208445"},{"taxonomy":"post_tag","embeddable":true,"href":"https:\/\/www.sonoraenequipo.com.mx\/api\/wp\/v2\/tags?post=208445"}],"curies":[{"name":"wp","href":"https:\/\/api.w.org\/{rel}","templated":true}]}}