{"id":208455,"date":"2025-01-24T16:17:42","date_gmt":"2025-01-24T23:17:42","guid":{"rendered":"https:\/\/www.sonoraenequipo.com.mx\/?p=208455"},"modified":"2025-01-24T16:17:42","modified_gmt":"2025-01-24T23:17:42","slug":"formara-unisierra-a-lideres-del-sector-agropecuario-con-nueva-carrera","status":"publish","type":"post","link":"https:\/\/www.sonoraenequipo.com.mx\/formara-unisierra-a-lideres-del-sector-agropecuario-con-nueva-carrera\/","title":{"rendered":"Formar\u00e1 Unisierra a l\u00edderes del sector agropecuario con nueva carrera"},"content":{"rendered":"<p><strong>CAJEME, SONORA, MX.<\/strong><strong> \u0336 \u0336\u00a0 <\/strong>En un esfuerzo por contribuir al desarrollo regional de la sierra sonorense, la Universidad de la Sierra (Unisierra) lanz\u00f3 la convocatoria para aspirantes de nuevo ingreso a formar parte de la primera generaci\u00f3n de la licenciatura en Administraci\u00f3n de Agronegocios, anunci\u00f3 Juan Carlos Avil\u00e9s Miranda.<\/p>\n<p>&nbsp;<\/p>\n<p>&nbsp;<\/p>\n<p>&nbsp;<\/p>\n<p>El rector de la Unisierra enfatiz\u00f3 que, con este nuevo programa educativo, la instituci\u00f3n tiene como objetivo principal dotar a los estudiantes de las destrezas, conocimientos y herramientas necesarias para evaluar los recursos de las empresas agropecuarias y su entorno.<\/p>\n<p>&nbsp;<\/p>\n<p>&nbsp;<\/p>\n<p>&nbsp;<\/p>\n<p>\u00abNuestro prop\u00f3sito es promover un desarrollo participativo, integral y sustentable en la producci\u00f3n, transformaci\u00f3n y comercializaci\u00f3n de bienes y servicios en las distintas zonas del estado\u00bb, se\u00f1al\u00f3.<\/p>\n<p>&nbsp;<\/p>\n<p>&nbsp;<\/p>\n<p>&nbsp;<\/p>\n<p>Avil\u00e9s Miranda a\u00f1adi\u00f3 que el programa se fundamenta en principios de competitividad y sustentabilidad, proporcionando a los futuros profesionales la capacidad de optimizar el uso de los recursos disponibles en sus regiones econ\u00f3micas.<\/p>\n<p>&nbsp;<\/p>\n<p>&nbsp;<\/p>\n<p>&nbsp;<\/p>\n<p>De esta manera, se busca dar respuesta a los nuevos retos que enfrenta la actividad agropecuaria en la regi\u00f3n, el estado y el pa\u00eds, al tiempo que se fomenta una preparaci\u00f3n acad\u00e9mica de vanguardia, con altos valores \u00e9ticos y un esp\u00edritu de servicio a la comunidad.<\/p>\n<p><strong>Fecha de publicaci\u00f3n\u00a0 viernes 24<\/strong><strong> de enero de 2025<\/strong><\/p>\n<p>&nbsp;<\/p>\n","protected":false},"excerpt":{"rendered":"<p>CAJEME, SONORA, MX. \u0336 \u0336\u00a0 En un esfuerzo por contribuir al desarrollo regional de la&#8230;<\/p>\n","protected":false},"author":1,"featured_media":208456,"comment_status":"open","ping_status":"open","sticky":false,"template":"","format":"standard","meta":{"_monsterinsights_skip_tracking":false,"_monsterinsights_sitenote_active":false,"_monsterinsights_sitenote_note":"","_monsterinsights_sitenote_category":0,"footnotes":""},"categories":[2216],"tags":[7560,7187,7562],"class_list":["post"],"yoast_head":" \n<title>Sonora en Equipo. Formar\u00e1 Unisierra a l\u00edderes del sector agropecuario con nueva carrera Ciencia y Tecnolog\u00eda<\/title>\n<meta name=\"description\" content=\"CAJEME, SONORA, MX. \u0336 \u0336\u00a0 En un esfuerzo por contribuir al desarrollo regional de la sierra sonorense, la Universidad de la Sierra (Unisierra) lanz\u00f3 la En Sonora en Equipo publicamos toda la informaci\u00f3n de Sonora, M\u00e9xico y el Mundo de manera oportuna y busca que la libertad de expresi\u00f3n sea real. Visita nuestro medio informativo publicado desde Hermosillo, Sonora. %\" \/>\n<meta name=\"robots\" content=\"index, follow, max-snippet:-1, max-image-preview:large, max-video-preview:-1\" \/>\n<link rel=\"canonical\" href=\"https:\/\/www.sonoraenequipo.com.mx\/formara-unisierra-a-lideres-del-sector-agropecuario-con-nueva-carrera\/\" \/>\n<meta property=\"og:locale\" content=\"es_ES\" \/>\n<meta property=\"og:type\" content=\"article\" \/>\n<meta property=\"og:title\" content=\"Sonora en Equipo. Formar\u00e1 Unisierra a l\u00edderes del sector agropecuario con nueva carrera Ciencia y Tecnolog\u00eda\" \/>\n<meta property=\"og:description\" content=\"CAJEME, SONORA, MX. \u0336 \u0336\u00a0 En un esfuerzo por contribuir al desarrollo regional de la sierra sonorense, la Universidad de la Sierra (Unisierra) lanz\u00f3 la En Sonora en Equipo publicamos toda la informaci\u00f3n de Sonora, M\u00e9xico y el Mundo de manera oportuna y busca que la libertad de expresi\u00f3n sea real. Visita nuestro medio informativo publicado desde Hermosillo, Sonora. %\" \/>\n<meta property=\"og:url\" content=\"https:\/\/www.sonoraenequipo.com.mx\/formara-unisierra-a-lideres-del-sector-agropecuario-con-nueva-carrera\/\" \/>\n<meta property=\"og:site_name\" content=\"Sonora en Equipo.\" \/>\n<meta property=\"article:publisher\" content=\"https:\/\/www.facebook.com\/SonoraEE\/\" \/>\n<meta property=\"article:author\" content=\"https:\/\/www.facebook.com\/SonoraEE\" \/>\n<meta property=\"article:published_time\" content=\"2025-01-24T23:17:42+00:00\" \/>\n<meta property=\"og:image\" content=\"https:\/\/www.sonoraenequipo.com.mx\/storage\/2025\/01\/unisierra-1.jpg\" \/>\n\t<meta property=\"og:image:width\" content=\"600\" \/>\n\t<meta property=\"og:image:height\" content=\"400\" \/>\n\t<meta property=\"og:image:type\" content=\"image\/jpeg\" \/>\n<meta name=\"author\" content=\"enequipo\" \/>\n<meta name=\"twitter:card\" content=\"summary_large_image\" \/>\n<meta name=\"twitter:creator\" content=\"@sonoraenequipo\" \/>\n<meta name=\"twitter:site\" content=\"@sonoraenequipo\" \/>\n<meta name=\"twitter:label1\" content=\"Escrito por\" \/>\n\t<meta name=\"twitter:data1\" content=\"enequipo\" \/>\n\t<meta name=\"twitter:label2\" content=\"Tiempo de lectura\" \/>\n\t<meta name=\"twitter:data2\" content=\"1 minuto\" \/>\n<script type=\"application\/ld+json\" class=\"yoast-schema-graph\">{\"@context\":\"https:\/\/schema.org\",\"@graph\":[{\"@type\":\"Article\",\"@id\":\"https:\/\/www.sonoraenequipo.com.mx\/formara-unisierra-a-lideres-del-sector-agropecuario-con-nueva-carrera\/#article\",\"isPartOf\":{\"@id\":\"https:\/\/www.sonoraenequipo.com.mx\/formara-unisierra-a-lideres-del-sector-agropecuario-con-nueva-carrera\/\"},\"author\":{\"name\":\"enequipo\",\"@id\":\"https:\/\/www.sonoraenequipo.com.mx\/#\/schema\/person\/50102df0fb23a8fa9e8effad8fa81386\"},\"headline\":\"Formar\u00e1 Unisierra a l\u00edderes del sector agropecuario con nueva carrera\",\"datePublished\":\"2025-01-24T23:17:42+00:00\",\"mainEntityOfPage\":{\"@id\":\"https:\/\/www.sonoraenequipo.com.mx\/formara-unisierra-a-lideres-del-sector-agropecuario-con-nueva-carrera\/\"},\"wordCount\":243,\"commentCount\":0,\"publisher\":{\"@id\":\"https:\/\/www.sonoraenequipo.com.mx\/#organization\"},\"image\":{\"@id\":\"https:\/\/www.sonoraenequipo.com.mx\/formara-unisierra-a-lideres-del-sector-agropecuario-con-nueva-carrera\/#primaryimage\"},\"thumbnailUrl\":\"https:\/\/www.sonoraenequipo.com.mx\/storage\/2025\/01\/unisierra-1.jpg\",\"keywords\":[\"agropecuario\",\"sector\",\"unisierra\"],\"articleSection\":[\"Ciencia y Tecnolog\u00eda\"],\"inLanguage\":\"es\",\"potentialAction\":[{\"@type\":\"CommentAction\",\"name\":\"Comment\",\"target\":[\"https:\/\/www.sonoraenequipo.com.mx\/formara-unisierra-a-lideres-del-sector-agropecuario-con-nueva-carrera\/#respond\"]}]},{\"@type\":\"WebPage\",\"@id\":\"https:\/\/www.sonoraenequipo.com.mx\/formara-unisierra-a-lideres-del-sector-agropecuario-con-nueva-carrera\/\",\"url\":\"https:\/\/www.sonoraenequipo.com.mx\/formara-unisierra-a-lideres-del-sector-agropecuario-con-nueva-carrera\/\",\"name\":\"Sonora en Equipo. Formar\u00e1 Unisierra a l\u00edderes del sector agropecuario con nueva carrera Ciencia y Tecnolog\u00eda\",\"isPartOf\":{\"@id\":\"https:\/\/www.sonoraenequipo.com.mx\/#website\"},\"primaryImageOfPage\":{\"@id\":\"https:\/\/www.sonoraenequipo.com.mx\/formara-unisierra-a-lideres-del-sector-agropecuario-con-nueva-carrera\/#primaryimage\"},\"image\":{\"@id\":\"https:\/\/www.sonoraenequipo.com.mx\/formara-unisierra-a-lideres-del-sector-agropecuario-con-nueva-carrera\/#primaryimage\"},\"thumbnailUrl\":\"https:\/\/www.sonoraenequipo.com.mx\/storage\/2025\/01\/unisierra-1.jpg\",\"datePublished\":\"2025-01-24T23:17:42+00:00\",\"description\":\"CAJEME, SONORA, MX. \u0336 \u0336\u00a0 En un esfuerzo por contribuir al desarrollo regional de la sierra sonorense, la Universidad de la Sierra (Unisierra) lanz\u00f3 la En Sonora en Equipo publicamos toda la informaci\u00f3n de Sonora, M\u00e9xico y el Mundo de manera oportuna y busca que la libertad de expresi\u00f3n sea real. Visita nuestro medio informativo publicado desde Hermosillo, Sonora. %\",\"breadcrumb\":{\"@id\":\"https:\/\/www.sonoraenequipo.com.mx\/formara-unisierra-a-lideres-del-sector-agropecuario-con-nueva-carrera\/#breadcrumb\"},\"inLanguage\":\"es\",\"potentialAction\":[{\"@type\":\"ReadAction\",\"target\":[\"https:\/\/www.sonoraenequipo.com.mx\/formara-unisierra-a-lideres-del-sector-agropecuario-con-nueva-carrera\/\"]}]},{\"@type\":\"ImageObject\",\"inLanguage\":\"es\",\"@id\":\"https:\/\/www.sonoraenequipo.com.mx\/formara-unisierra-a-lideres-del-sector-agropecuario-con-nueva-carrera\/#primaryimage\",\"url\":\"https:\/\/www.sonoraenequipo.com.mx\/storage\/2025\/01\/unisierra-1.jpg\",\"contentUrl\":\"https:\/\/www.sonoraenequipo.com.mx\/storage\/2025\/01\/unisierra-1.jpg\",\"width\":600,\"height\":400},{\"@type\":\"BreadcrumbList\",\"@id\":\"https:\/\/www.sonoraenequipo.com.mx\/formara-unisierra-a-lideres-del-sector-agropecuario-con-nueva-carrera\/#breadcrumb\",\"itemListElement\":[{\"@type\":\"ListItem\",\"position\":1,\"name\":\"Portada\",\"item\":\"https:\/\/www.sonoraenequipo.com.mx\/\"},{\"@type\":\"ListItem\",\"position\":2,\"name\":\"Formar\u00e1 Unisierra a l\u00edderes del sector agropecuario con nueva carrera\"}]},{\"@type\":\"WebSite\",\"@id\":\"https:\/\/www.sonoraenequipo.com.mx\/#website\",\"url\":\"https:\/\/www.sonoraenequipo.com.mx\/\",\"name\":\"Sonora en Equipo.\",\"description\":\"Diario en l\u00ednea con Noticias desde Hermosillo, Sonora\",\"publisher\":{\"@id\":\"https:\/\/www.sonoraenequipo.com.mx\/#organization\"},\"potentialAction\":[{\"@type\":\"SearchAction\",\"target\":{\"@type\":\"EntryPoint\",\"urlTemplate\":\"https:\/\/www.sonoraenequipo.com.mx\/?s={search_term_string}\"},\"query-input\":{\"@type\":\"PropertyValueSpecification\",\"valueRequired\":true,\"valueName\":\"search_term_string\"}}],\"inLanguage\":\"es\"},{\"@type\":\"Organization\",\"@id\":\"https:\/\/www.sonoraenequipo.com.mx\/#organization\",\"name\":\"Sonoraenequipo.com.mx\",\"url\":\"https:\/\/www.sonoraenequipo.com.mx\/\",\"logo\":{\"@type\":\"ImageObject\",\"inLanguage\":\"es\",\"@id\":\"https:\/\/www.sonoraenequipo.com.mx\/#\/schema\/logo\/image\/\",\"url\":\"https:\/\/www.sonoraenequipo.com.mx\/storage\/2019\/01\/sonoraenequipo_opt.png\",\"contentUrl\":\"https:\/\/www.sonoraenequipo.com.mx\/storage\/2019\/01\/sonoraenequipo_opt.png\",\"width\":375,\"height\":125,\"caption\":\"Sonoraenequipo.com.mx\"},\"image\":{\"@id\":\"https:\/\/www.sonoraenequipo.com.mx\/#\/schema\/logo\/image\/\"},\"sameAs\":[\"https:\/\/www.facebook.com\/SonoraEE\/\",\"https:\/\/x.com\/sonoraenequipo\",\"https:\/\/www.youtube.com\/channel\/UC338nW-lPEYmJQs4ZABQ1SQ\"]},{\"@type\":\"Person\",\"@id\":\"https:\/\/www.sonoraenequipo.com.mx\/#\/schema\/person\/50102df0fb23a8fa9e8effad8fa81386\",\"name\":\"enequipo\",\"image\":{\"@type\":\"ImageObject\",\"inLanguage\":\"es\",\"@id\":\"https:\/\/www.sonoraenequipo.com.mx\/#\/schema\/person\/image\/\",\"url\":\"https:\/\/secure.gravatar.com\/avatar\/049821681b589dabc0bc20695993ccebb09f5b5d4d790cd9251b97faac7c652b?s=96&d=blank&r=g\",\"contentUrl\":\"https:\/\/secure.gravatar.com\/avatar\/049821681b589dabc0bc20695993ccebb09f5b5d4d790cd9251b97faac7c652b?s=96&d=blank&r=g\",\"caption\":\"enequipo\"},\"sameAs\":[\"https:\/\/www.facebook.com\/SonoraEE\"]}]}<\/script>\n ","yoast_head_json":{"title":"Sonora en Equipo. Formar\u00e1 Unisierra a l\u00edderes del sector agropecuario con nueva carrera Ciencia y Tecnolog\u00eda","description":"CAJEME, SONORA, MX. \u0336 \u0336\u00a0 En un esfuerzo por contribuir al desarrollo regional de la sierra sonorense, la Universidad de la Sierra (Unisierra) lanz\u00f3 la En Sonora en Equipo publicamos toda la informaci\u00f3n de Sonora, M\u00e9xico y el Mundo de manera oportuna y busca que la libertad de expresi\u00f3n sea real. Visita nuestro medio informativo publicado desde Hermosillo, Sonora. %","robots":{"index":"index","follow":"follow","max-snippet":"max-snippet:-1","max-image-preview":"max-image-preview:large","max-video-preview":"max-video-preview:-1"},"canonical":"https:\/\/www.sonoraenequipo.com.mx\/formara-unisierra-a-lideres-del-sector-agropecuario-con-nueva-carrera\/","og_locale":"es_ES","og_type":"article","og_title":"Sonora en Equipo. Formar\u00e1 Unisierra a l\u00edderes del sector agropecuario con nueva carrera Ciencia y Tecnolog\u00eda","og_description":"CAJEME, SONORA, MX. \u0336 \u0336\u00a0 En un esfuerzo por contribuir al desarrollo regional de la sierra sonorense, la Universidad de la Sierra (Unisierra) lanz\u00f3 la En Sonora en Equipo publicamos toda la informaci\u00f3n de Sonora, M\u00e9xico y el Mundo de manera oportuna y busca que la libertad de expresi\u00f3n sea real. Visita nuestro medio informativo publicado desde Hermosillo, Sonora. %","og_url":"https:\/\/www.sonoraenequipo.com.mx\/formara-unisierra-a-lideres-del-sector-agropecuario-con-nueva-carrera\/","og_site_name":"Sonora en Equipo.","article_publisher":"https:\/\/www.facebook.com\/SonoraEE\/","article_author":"https:\/\/www.facebook.com\/SonoraEE","article_published_time":"2025-01-24T23:17:42+00:00","og_image":[{"width":600,"height":400,"url":"https:\/\/www.sonoraenequipo.com.mx\/storage\/2025\/01\/unisierra-1.jpg","type":"image\/jpeg"}],"author":"enequipo","twitter_card":"summary_large_image","twitter_creator":"@sonoraenequipo","twitter_site":"@sonoraenequipo","twitter_misc":{"Escrito por":"enequipo","Tiempo de lectura":"1 minuto"},"schema":{"@context":"https:\/\/schema.org","@graph":[{"@type":"Article","@id":"https:\/\/www.sonoraenequipo.com.mx\/formara-unisierra-a-lideres-del-sector-agropecuario-con-nueva-carrera\/#article","isPartOf":{"@id":"https:\/\/www.sonoraenequipo.com.mx\/formara-unisierra-a-lideres-del-sector-agropecuario-con-nueva-carrera\/"},"author":{"name":"enequipo","@id":"https:\/\/www.sonoraenequipo.com.mx\/#\/schema\/person\/50102df0fb23a8fa9e8effad8fa81386"},"headline":"Formar\u00e1 Unisierra a l\u00edderes del sector agropecuario con nueva carrera","datePublished":"2025-01-24T23:17:42+00:00","mainEntityOfPage":{"@id":"https:\/\/www.sonoraenequipo.com.mx\/formara-unisierra-a-lideres-del-sector-agropecuario-con-nueva-carrera\/"},"wordCount":243,"commentCount":0,"publisher":{"@id":"https:\/\/www.sonoraenequipo.com.mx\/#organization"},"image":{"@id":"https:\/\/www.sonoraenequipo.com.mx\/formara-unisierra-a-lideres-del-sector-agropecuario-con-nueva-carrera\/#primaryimage"},"thumbnailUrl":"https:\/\/www.sonoraenequipo.com.mx\/storage\/2025\/01\/unisierra-1.jpg","keywords":["agropecuario","sector","unisierra"],"articleSection":["Ciencia y Tecnolog\u00eda"],"inLanguage":"es","potentialAction":[{"@type":"CommentAction","name":"Comment","target":["https:\/\/www.sonoraenequipo.com.mx\/formara-unisierra-a-lideres-del-sector-agropecuario-con-nueva-carrera\/#respond"]}]},{"@type":"WebPage","@id":"https:\/\/www.sonoraenequipo.com.mx\/formara-unisierra-a-lideres-del-sector-agropecuario-con-nueva-carrera\/","url":"https:\/\/www.sonoraenequipo.com.mx\/formara-unisierra-a-lideres-del-sector-agropecuario-con-nueva-carrera\/","name":"Sonora en Equipo. Formar\u00e1 Unisierra a l\u00edderes del sector agropecuario con nueva carrera Ciencia y Tecnolog\u00eda","isPartOf":{"@id":"https:\/\/www.sonoraenequipo.com.mx\/#website"},"primaryImageOfPage":{"@id":"https:\/\/www.sonoraenequipo.com.mx\/formara-unisierra-a-lideres-del-sector-agropecuario-con-nueva-carrera\/#primaryimage"},"image":{"@id":"https:\/\/www.sonoraenequipo.com.mx\/formara-unisierra-a-lideres-del-sector-agropecuario-con-nueva-carrera\/#primaryimage"},"thumbnailUrl":"https:\/\/www.sonoraenequipo.com.mx\/storage\/2025\/01\/unisierra-1.jpg","datePublished":"2025-01-24T23:17:42+00:00","description":"CAJEME, SONORA, MX. \u0336 \u0336\u00a0 En un esfuerzo por contribuir al desarrollo regional de la sierra sonorense, la Universidad de la Sierra (Unisierra) lanz\u00f3 la En Sonora en Equipo publicamos toda la informaci\u00f3n de Sonora, M\u00e9xico y el Mundo de manera oportuna y busca que la libertad de expresi\u00f3n sea real. Visita nuestro medio informativo publicado desde Hermosillo, Sonora. %","breadcrumb":{"@id":"https:\/\/www.sonoraenequipo.com.mx\/formara-unisierra-a-lideres-del-sector-agropecuario-con-nueva-carrera\/#breadcrumb"},"inLanguage":"es","potentialAction":[{"@type":"ReadAction","target":["https:\/\/www.sonoraenequipo.com.mx\/formara-unisierra-a-lideres-del-sector-agropecuario-con-nueva-carrera\/"]}]},{"@type":"ImageObject","inLanguage":"es","@id":"https:\/\/www.sonoraenequipo.com.mx\/formara-unisierra-a-lideres-del-sector-agropecuario-con-nueva-carrera\/#primaryimage","url":"https:\/\/www.sonoraenequipo.com.mx\/storage\/2025\/01\/unisierra-1.jpg","contentUrl":"https:\/\/www.sonoraenequipo.com.mx\/storage\/2025\/01\/unisierra-1.jpg","width":600,"height":400},{"@type":"BreadcrumbList","@id":"https:\/\/www.sonoraenequipo.com.mx\/formara-unisierra-a-lideres-del-sector-agropecuario-con-nueva-carrera\/#breadcrumb","itemListElement":[{"@type":"ListItem","position":1,"name":"Portada","item":"https:\/\/www.sonoraenequipo.com.mx\/"},{"@type":"ListItem","position":2,"name":"Formar\u00e1 Unisierra a l\u00edderes del sector agropecuario con nueva carrera"}]},{"@type":"WebSite","@id":"https:\/\/www.sonoraenequipo.com.mx\/#website","url":"https:\/\/www.sonoraenequipo.com.mx\/","name":"Sonora en Equipo.","description":"Diario en l\u00ednea con Noticias desde Hermosillo, Sonora","publisher":{"@id":"https:\/\/www.sonoraenequipo.com.mx\/#organization"},"potentialAction":[{"@type":"SearchAction","target":{"@type":"EntryPoint","urlTemplate":"https:\/\/www.sonoraenequipo.com.mx\/?s={search_term_string}"},"query-input":{"@type":"PropertyValueSpecification","valueRequired":true,"valueName":"search_term_string"}}],"inLanguage":"es"},{"@type":"Organization","@id":"https:\/\/www.sonoraenequipo.com.mx\/#organization","name":"Sonoraenequipo.com.mx","url":"https:\/\/www.sonoraenequipo.com.mx\/","logo":{"@type":"ImageObject","inLanguage":"es","@id":"https:\/\/www.sonoraenequipo.com.mx\/#\/schema\/logo\/image\/","url":"https:\/\/www.sonoraenequipo.com.mx\/storage\/2019\/01\/sonoraenequipo_opt.png","contentUrl":"https:\/\/www.sonoraenequipo.com.mx\/storage\/2019\/01\/sonoraenequipo_opt.png","width":375,"height":125,"caption":"Sonoraenequipo.com.mx"},"image":{"@id":"https:\/\/www.sonoraenequipo.com.mx\/#\/schema\/logo\/image\/"},"sameAs":["https:\/\/www.facebook.com\/SonoraEE\/","https:\/\/x.com\/sonoraenequipo","https:\/\/www.youtube.com\/channel\/UC338nW-lPEYmJQs4ZABQ1SQ"]},{"@type":"Person","@id":"https:\/\/www.sonoraenequipo.com.mx\/#\/schema\/person\/50102df0fb23a8fa9e8effad8fa81386","name":"enequipo","image":{"@type":"ImageObject","inLanguage":"es","@id":"https:\/\/www.sonoraenequipo.com.mx\/#\/schema\/person\/image\/","url":"https:\/\/secure.gravatar.com\/avatar\/049821681b589dabc0bc20695993ccebb09f5b5d4d790cd9251b97faac7c652b?s=96&d=blank&r=g","contentUrl":"https:\/\/secure.gravatar.com\/avatar\/049821681b589dabc0bc20695993ccebb09f5b5d4d790cd9251b97faac7c652b?s=96&d=blank&r=g","caption":"enequipo"},"sameAs":["https:\/\/www.facebook.com\/SonoraEE"]}]}},"jetpack_featured_media_url":"https:\/\/www.sonoraenequipo.com.mx\/storage\/2025\/01\/unisierra-1.jpg","_links":{"self":[{"href":"https:\/\/www.sonoraenequipo.com.mx\/api\/wp\/v2\/posts\/208455","targetHints":{"allow":["GET"]}}],"collection":[{"href":"https:\/\/www.sonoraenequipo.com.mx\/api\/wp\/v2\/posts"}],"about":[{"href":"https:\/\/www.sonoraenequipo.com.mx\/api\/wp\/v2\/types\/post"}],"author":[{"embeddable":true,"href":"https:\/\/www.sonoraenequipo.com.mx\/api\/wp\/v2\/users\/1"}],"replies":[{"embeddable":true,"href":"https:\/\/www.sonoraenequipo.com.mx\/api\/wp\/v2\/comments?post=208455"}],"version-history":[{"count":1,"href":"https:\/\/www.sonoraenequipo.com.mx\/api\/wp\/v2\/posts\/208455\/revisions"}],"predecessor-version":[{"id":208457,"href":"https:\/\/www.sonoraenequipo.com.mx\/api\/wp\/v2\/posts\/208455\/revisions\/208457"}],"wp:featuredmedia":[{"embeddable":true,"href":"https:\/\/www.sonoraenequipo.com.mx\/api\/wp\/v2\/media\/208456"}],"wp:attachment":[{"href":"https:\/\/www.sonoraenequipo.com.mx\/api\/wp\/v2\/media?parent=208455"}],"wp:term":[{"taxonomy":"category","embeddable":true,"href":"https:\/\/www.sonoraenequipo.com.mx\/api\/wp\/v2\/categories?post=208455"},{"taxonomy":"post_tag","embeddable":true,"href":"https:\/\/www.sonoraenequipo.com.mx\/api\/wp\/v2\/tags?post=208455"}],"curies":[{"name":"wp","href":"https:\/\/api.w.org\/{rel}","templated":true}]}}