{"id":208458,"date":"2025-01-24T16:38:08","date_gmt":"2025-01-24T23:38:08","guid":{"rendered":"https:\/\/www.sonoraenequipo.com.mx\/?p=208458"},"modified":"2025-01-24T16:38:08","modified_gmt":"2025-01-24T23:38:08","slug":"participa-uthermosillo-en-capacitacion-sobre-conversion-de-vehiculos-de-combustion-a-electricos","status":"publish","type":"post","link":"https:\/\/www.sonoraenequipo.com.mx\/participa-uthermosillo-en-capacitacion-sobre-conversion-de-vehiculos-de-combustion-a-electricos\/","title":{"rendered":"Participa UTHermosillo en capacitaci\u00f3n sobre conversi\u00f3n de veh\u00edculos de combusti\u00f3n a el\u00e9ctricos"},"content":{"rendered":"<p><strong>HERMOSILLO, SONORA, MX.<\/strong> \u2014 Para fortalecer la transici\u00f3n energ\u00e9tica en Sonora, la Universidad Tecnol\u00f3gica de Hermosillo (UTH) particip\u00f3 en el diplomado \u00abLaboratorio en Conversi\u00f3n de Veh\u00edculos El\u00e9ctricos B\u00e1sicos\u00bb, en colaboraci\u00f3n con Hacsys, empresa internacional especializada en la industria de la energ\u00eda, destac\u00f3 Abel Leyva Castellanos.<\/p>\n<p>&nbsp;<\/p>\n<p>&nbsp;<\/p>\n<p>&nbsp;<\/p>\n<p>El rector de la UTH subray\u00f3 que este tipo de acciones contribuyen a las estrategias en materia de acci\u00f3n clim\u00e1tica impulsadas por el gobernador Alfonso Durazo para el cuidado del medio ambiente, como el Plan Sonora de Energ\u00edas Sostenibles.<\/p>\n<p>&nbsp;<\/p>\n<p>&nbsp;<\/p>\n<p>&nbsp;<\/p>\n<p>A\u00f1adi\u00f3 que la alianza establecida con Hacsys, permitir\u00e1 a la instituci\u00f3n ir a la vanguardia del desarrollo cient\u00edfico y tecnol\u00f3gico a nivel global, adem\u00e1s de consolidar la visi\u00f3n de la presidenta Claudia Sheinbaum Pardo para la producci\u00f3n del primer veh\u00edculo el\u00e9ctrico mexicano, Olinia, en tierras sonorenses.<\/p>\n<p>&nbsp;<\/p>\n<p>&nbsp;<\/p>\n<p>&nbsp;<\/p>\n<p>Leyva Castellanos indic\u00f3 que integrantes del colectivo docente y estudiantil formaron parte del primer grupo de capacitaci\u00f3n que, durante dos meses, adquirieron las competencias necesarias en electromovilidad para convertir veh\u00edculos de combusti\u00f3n interna a el\u00e9ctricos.<\/p>\n<p>&nbsp;<\/p>\n<p>&nbsp;<\/p>\n<p>&nbsp;<\/p>\n<p>La primera edici\u00f3n del diplomado, que ser\u00e1 replicado en un futuro, cont\u00f3 con la participaci\u00f3n de cinco profesores y un estudiante, como parte de la formaci\u00f3n continua promovida por la UTH para que la comunidad escolar se mantenga a la vanguardia de los requerimientos reales del sector productivo.<\/p>\n<p><strong>Fecha de publicaci\u00f3n\u00a0 viernes 24<\/strong><strong> de enero de 2025<\/strong><\/p>\n<p>&nbsp;<\/p>\n","protected":false},"excerpt":{"rendered":"<p>HERMOSILLO, SONORA, MX. \u2014 Para fortalecer la transici\u00f3n energ\u00e9tica en Sonora, la Universidad Tecnol\u00f3gica de&#8230;<\/p>\n","protected":false},"author":1,"featured_media":208459,"comment_status":"open","ping_status":"open","sticky":false,"template":"","format":"standard","meta":{"_monsterinsights_skip_tracking":false,"_monsterinsights_sitenote_active":false,"_monsterinsights_sitenote_note":"","_monsterinsights_sitenote_category":0,"footnotes":""},"categories":[2216],"tags":[10782,10783,7411],"class_list":["post"],"yoast_head":" \n<title>Sonora en Equipo. Participa UTHermosillo en capacitaci\u00f3n sobre conversi\u00f3n de veh\u00edculos de combusti\u00f3n a el\u00e9ctricos Ciencia y Tecnolog\u00eda<\/title>\n<meta name=\"description\" content=\"HERMOSILLO, SONORA, MX. \u2014 Para fortalecer la transici\u00f3n energ\u00e9tica en Sonora, la Universidad Tecnol\u00f3gica de Hermosillo (UTH) particip\u00f3 en el diplomado En Sonora en Equipo publicamos toda la informaci\u00f3n de Sonora, M\u00e9xico y el Mundo de manera oportuna y busca que la libertad de expresi\u00f3n sea real. Visita nuestro medio informativo publicado desde Hermosillo, Sonora. %\" \/>\n<meta name=\"robots\" content=\"index, follow, max-snippet:-1, max-image-preview:large, max-video-preview:-1\" \/>\n<link rel=\"canonical\" href=\"https:\/\/www.sonoraenequipo.com.mx\/participa-uthermosillo-en-capacitacion-sobre-conversion-de-vehiculos-de-combustion-a-electricos\/\" \/>\n<meta property=\"og:locale\" content=\"es_ES\" \/>\n<meta property=\"og:type\" content=\"article\" \/>\n<meta property=\"og:title\" content=\"Sonora en Equipo. Participa UTHermosillo en capacitaci\u00f3n sobre conversi\u00f3n de veh\u00edculos de combusti\u00f3n a el\u00e9ctricos Ciencia y Tecnolog\u00eda\" \/>\n<meta property=\"og:description\" content=\"HERMOSILLO, SONORA, MX. \u2014 Para fortalecer la transici\u00f3n energ\u00e9tica en Sonora, la Universidad Tecnol\u00f3gica de Hermosillo (UTH) particip\u00f3 en el diplomado En Sonora en Equipo publicamos toda la informaci\u00f3n de Sonora, M\u00e9xico y el Mundo de manera oportuna y busca que la libertad de expresi\u00f3n sea real. Visita nuestro medio informativo publicado desde Hermosillo, Sonora. %\" \/>\n<meta property=\"og:url\" content=\"https:\/\/www.sonoraenequipo.com.mx\/participa-uthermosillo-en-capacitacion-sobre-conversion-de-vehiculos-de-combustion-a-electricos\/\" \/>\n<meta property=\"og:site_name\" content=\"Sonora en Equipo.\" \/>\n<meta property=\"article:publisher\" content=\"https:\/\/www.facebook.com\/SonoraEE\/\" \/>\n<meta property=\"article:author\" content=\"https:\/\/www.facebook.com\/SonoraEE\" \/>\n<meta property=\"article:published_time\" content=\"2025-01-24T23:38:08+00:00\" \/>\n<meta property=\"og:image\" content=\"https:\/\/www.sonoraenequipo.com.mx\/storage\/2025\/01\/auto-combustion-a-electrico.jpg\" \/>\n\t<meta property=\"og:image:width\" content=\"600\" \/>\n\t<meta property=\"og:image:height\" content=\"338\" \/>\n\t<meta property=\"og:image:type\" content=\"image\/jpeg\" \/>\n<meta name=\"author\" content=\"enequipo\" \/>\n<meta name=\"twitter:card\" content=\"summary_large_image\" \/>\n<meta name=\"twitter:creator\" content=\"@sonoraenequipo\" \/>\n<meta name=\"twitter:site\" content=\"@sonoraenequipo\" \/>\n<meta name=\"twitter:label1\" content=\"Escrito por\" \/>\n\t<meta name=\"twitter:data1\" content=\"enequipo\" \/>\n\t<meta name=\"twitter:label2\" content=\"Tiempo de lectura\" \/>\n\t<meta name=\"twitter:data2\" content=\"1 minuto\" \/>\n<script type=\"application\/ld+json\" class=\"yoast-schema-graph\">{\"@context\":\"https:\/\/schema.org\",\"@graph\":[{\"@type\":\"Article\",\"@id\":\"https:\/\/www.sonoraenequipo.com.mx\/participa-uthermosillo-en-capacitacion-sobre-conversion-de-vehiculos-de-combustion-a-electricos\/#article\",\"isPartOf\":{\"@id\":\"https:\/\/www.sonoraenequipo.com.mx\/participa-uthermosillo-en-capacitacion-sobre-conversion-de-vehiculos-de-combustion-a-electricos\/\"},\"author\":{\"name\":\"enequipo\",\"@id\":\"https:\/\/www.sonoraenequipo.com.mx\/#\/schema\/person\/50102df0fb23a8fa9e8effad8fa81386\"},\"headline\":\"Participa UTHermosillo en capacitaci\u00f3n sobre conversi\u00f3n de veh\u00edculos de combusti\u00f3n a el\u00e9ctricos\",\"datePublished\":\"2025-01-24T23:38:08+00:00\",\"mainEntityOfPage\":{\"@id\":\"https:\/\/www.sonoraenequipo.com.mx\/participa-uthermosillo-en-capacitacion-sobre-conversion-de-vehiculos-de-combustion-a-electricos\/\"},\"wordCount\":278,\"commentCount\":0,\"publisher\":{\"@id\":\"https:\/\/www.sonoraenequipo.com.mx\/#organization\"},\"image\":{\"@id\":\"https:\/\/www.sonoraenequipo.com.mx\/participa-uthermosillo-en-capacitacion-sobre-conversion-de-vehiculos-de-combustion-a-electricos\/#primaryimage\"},\"thumbnailUrl\":\"https:\/\/www.sonoraenequipo.com.mx\/storage\/2025\/01\/auto-combustion-a-electrico.jpg\",\"keywords\":[\"auto\",\"combustible a el\u00e9ctrico\",\"conversi\u00f3n\"],\"articleSection\":[\"Ciencia y Tecnolog\u00eda\"],\"inLanguage\":\"es\",\"potentialAction\":[{\"@type\":\"CommentAction\",\"name\":\"Comment\",\"target\":[\"https:\/\/www.sonoraenequipo.com.mx\/participa-uthermosillo-en-capacitacion-sobre-conversion-de-vehiculos-de-combustion-a-electricos\/#respond\"]}]},{\"@type\":\"WebPage\",\"@id\":\"https:\/\/www.sonoraenequipo.com.mx\/participa-uthermosillo-en-capacitacion-sobre-conversion-de-vehiculos-de-combustion-a-electricos\/\",\"url\":\"https:\/\/www.sonoraenequipo.com.mx\/participa-uthermosillo-en-capacitacion-sobre-conversion-de-vehiculos-de-combustion-a-electricos\/\",\"name\":\"Sonora en Equipo. Participa UTHermosillo en capacitaci\u00f3n sobre conversi\u00f3n de veh\u00edculos de combusti\u00f3n a el\u00e9ctricos Ciencia y Tecnolog\u00eda\",\"isPartOf\":{\"@id\":\"https:\/\/www.sonoraenequipo.com.mx\/#website\"},\"primaryImageOfPage\":{\"@id\":\"https:\/\/www.sonoraenequipo.com.mx\/participa-uthermosillo-en-capacitacion-sobre-conversion-de-vehiculos-de-combustion-a-electricos\/#primaryimage\"},\"image\":{\"@id\":\"https:\/\/www.sonoraenequipo.com.mx\/participa-uthermosillo-en-capacitacion-sobre-conversion-de-vehiculos-de-combustion-a-electricos\/#primaryimage\"},\"thumbnailUrl\":\"https:\/\/www.sonoraenequipo.com.mx\/storage\/2025\/01\/auto-combustion-a-electrico.jpg\",\"datePublished\":\"2025-01-24T23:38:08+00:00\",\"description\":\"HERMOSILLO, SONORA, MX. \u2014 Para fortalecer la transici\u00f3n energ\u00e9tica en Sonora, la Universidad Tecnol\u00f3gica de Hermosillo (UTH) particip\u00f3 en el diplomado En Sonora en Equipo publicamos toda la informaci\u00f3n de Sonora, M\u00e9xico y el Mundo de manera oportuna y busca que la libertad de expresi\u00f3n sea real. Visita nuestro medio informativo publicado desde Hermosillo, Sonora. %\",\"breadcrumb\":{\"@id\":\"https:\/\/www.sonoraenequipo.com.mx\/participa-uthermosillo-en-capacitacion-sobre-conversion-de-vehiculos-de-combustion-a-electricos\/#breadcrumb\"},\"inLanguage\":\"es\",\"potentialAction\":[{\"@type\":\"ReadAction\",\"target\":[\"https:\/\/www.sonoraenequipo.com.mx\/participa-uthermosillo-en-capacitacion-sobre-conversion-de-vehiculos-de-combustion-a-electricos\/\"]}]},{\"@type\":\"ImageObject\",\"inLanguage\":\"es\",\"@id\":\"https:\/\/www.sonoraenequipo.com.mx\/participa-uthermosillo-en-capacitacion-sobre-conversion-de-vehiculos-de-combustion-a-electricos\/#primaryimage\",\"url\":\"https:\/\/www.sonoraenequipo.com.mx\/storage\/2025\/01\/auto-combustion-a-electrico.jpg\",\"contentUrl\":\"https:\/\/www.sonoraenequipo.com.mx\/storage\/2025\/01\/auto-combustion-a-electrico.jpg\",\"width\":600,\"height\":338,\"caption\":\"Los costos pueden variar, pero en promedio van desde los 159 mil hasta los 179 mil pesos, e incluso, si se quiere un motor el\u00e9ctrico con bater\u00edas que de un mayor alcance podr\u00eda llegar hasta los 250 mil pesos. https:\/\/www.milenio.com\/negocios\/conversion-autos-gasolina-electricos-costos-tipos-coches\"},{\"@type\":\"BreadcrumbList\",\"@id\":\"https:\/\/www.sonoraenequipo.com.mx\/participa-uthermosillo-en-capacitacion-sobre-conversion-de-vehiculos-de-combustion-a-electricos\/#breadcrumb\",\"itemListElement\":[{\"@type\":\"ListItem\",\"position\":1,\"name\":\"Portada\",\"item\":\"https:\/\/www.sonoraenequipo.com.mx\/\"},{\"@type\":\"ListItem\",\"position\":2,\"name\":\"Participa UTHermosillo en capacitaci\u00f3n sobre conversi\u00f3n de veh\u00edculos de combusti\u00f3n a el\u00e9ctricos\"}]},{\"@type\":\"WebSite\",\"@id\":\"https:\/\/www.sonoraenequipo.com.mx\/#website\",\"url\":\"https:\/\/www.sonoraenequipo.com.mx\/\",\"name\":\"Sonora en Equipo.\",\"description\":\"Diario en l\u00ednea con Noticias desde Hermosillo, Sonora\",\"publisher\":{\"@id\":\"https:\/\/www.sonoraenequipo.com.mx\/#organization\"},\"potentialAction\":[{\"@type\":\"SearchAction\",\"target\":{\"@type\":\"EntryPoint\",\"urlTemplate\":\"https:\/\/www.sonoraenequipo.com.mx\/?s={search_term_string}\"},\"query-input\":{\"@type\":\"PropertyValueSpecification\",\"valueRequired\":true,\"valueName\":\"search_term_string\"}}],\"inLanguage\":\"es\"},{\"@type\":\"Organization\",\"@id\":\"https:\/\/www.sonoraenequipo.com.mx\/#organization\",\"name\":\"Sonoraenequipo.com.mx\",\"url\":\"https:\/\/www.sonoraenequipo.com.mx\/\",\"logo\":{\"@type\":\"ImageObject\",\"inLanguage\":\"es\",\"@id\":\"https:\/\/www.sonoraenequipo.com.mx\/#\/schema\/logo\/image\/\",\"url\":\"https:\/\/www.sonoraenequipo.com.mx\/storage\/2019\/01\/sonoraenequipo_opt.png\",\"contentUrl\":\"https:\/\/www.sonoraenequipo.com.mx\/storage\/2019\/01\/sonoraenequipo_opt.png\",\"width\":375,\"height\":125,\"caption\":\"Sonoraenequipo.com.mx\"},\"image\":{\"@id\":\"https:\/\/www.sonoraenequipo.com.mx\/#\/schema\/logo\/image\/\"},\"sameAs\":[\"https:\/\/www.facebook.com\/SonoraEE\/\",\"https:\/\/x.com\/sonoraenequipo\",\"https:\/\/www.youtube.com\/channel\/UC338nW-lPEYmJQs4ZABQ1SQ\"]},{\"@type\":\"Person\",\"@id\":\"https:\/\/www.sonoraenequipo.com.mx\/#\/schema\/person\/50102df0fb23a8fa9e8effad8fa81386\",\"name\":\"enequipo\",\"image\":{\"@type\":\"ImageObject\",\"inLanguage\":\"es\",\"@id\":\"https:\/\/www.sonoraenequipo.com.mx\/#\/schema\/person\/image\/\",\"url\":\"https:\/\/secure.gravatar.com\/avatar\/049821681b589dabc0bc20695993ccebb09f5b5d4d790cd9251b97faac7c652b?s=96&d=blank&r=g\",\"contentUrl\":\"https:\/\/secure.gravatar.com\/avatar\/049821681b589dabc0bc20695993ccebb09f5b5d4d790cd9251b97faac7c652b?s=96&d=blank&r=g\",\"caption\":\"enequipo\"},\"sameAs\":[\"https:\/\/www.facebook.com\/SonoraEE\"]}]}<\/script>\n ","yoast_head_json":{"title":"Sonora en Equipo. Participa UTHermosillo en capacitaci\u00f3n sobre conversi\u00f3n de veh\u00edculos de combusti\u00f3n a el\u00e9ctricos Ciencia y Tecnolog\u00eda","description":"HERMOSILLO, SONORA, MX. \u2014 Para fortalecer la transici\u00f3n energ\u00e9tica en Sonora, la Universidad Tecnol\u00f3gica de Hermosillo (UTH) particip\u00f3 en el diplomado En Sonora en Equipo publicamos toda la informaci\u00f3n de Sonora, M\u00e9xico y el Mundo de manera oportuna y busca que la libertad de expresi\u00f3n sea real. Visita nuestro medio informativo publicado desde Hermosillo, Sonora. %","robots":{"index":"index","follow":"follow","max-snippet":"max-snippet:-1","max-image-preview":"max-image-preview:large","max-video-preview":"max-video-preview:-1"},"canonical":"https:\/\/www.sonoraenequipo.com.mx\/participa-uthermosillo-en-capacitacion-sobre-conversion-de-vehiculos-de-combustion-a-electricos\/","og_locale":"es_ES","og_type":"article","og_title":"Sonora en Equipo. Participa UTHermosillo en capacitaci\u00f3n sobre conversi\u00f3n de veh\u00edculos de combusti\u00f3n a el\u00e9ctricos Ciencia y Tecnolog\u00eda","og_description":"HERMOSILLO, SONORA, MX. \u2014 Para fortalecer la transici\u00f3n energ\u00e9tica en Sonora, la Universidad Tecnol\u00f3gica de Hermosillo (UTH) particip\u00f3 en el diplomado En Sonora en Equipo publicamos toda la informaci\u00f3n de Sonora, M\u00e9xico y el Mundo de manera oportuna y busca que la libertad de expresi\u00f3n sea real. Visita nuestro medio informativo publicado desde Hermosillo, Sonora. %","og_url":"https:\/\/www.sonoraenequipo.com.mx\/participa-uthermosillo-en-capacitacion-sobre-conversion-de-vehiculos-de-combustion-a-electricos\/","og_site_name":"Sonora en Equipo.","article_publisher":"https:\/\/www.facebook.com\/SonoraEE\/","article_author":"https:\/\/www.facebook.com\/SonoraEE","article_published_time":"2025-01-24T23:38:08+00:00","og_image":[{"width":600,"height":338,"url":"https:\/\/www.sonoraenequipo.com.mx\/storage\/2025\/01\/auto-combustion-a-electrico.jpg","type":"image\/jpeg"}],"author":"enequipo","twitter_card":"summary_large_image","twitter_creator":"@sonoraenequipo","twitter_site":"@sonoraenequipo","twitter_misc":{"Escrito por":"enequipo","Tiempo de lectura":"1 minuto"},"schema":{"@context":"https:\/\/schema.org","@graph":[{"@type":"Article","@id":"https:\/\/www.sonoraenequipo.com.mx\/participa-uthermosillo-en-capacitacion-sobre-conversion-de-vehiculos-de-combustion-a-electricos\/#article","isPartOf":{"@id":"https:\/\/www.sonoraenequipo.com.mx\/participa-uthermosillo-en-capacitacion-sobre-conversion-de-vehiculos-de-combustion-a-electricos\/"},"author":{"name":"enequipo","@id":"https:\/\/www.sonoraenequipo.com.mx\/#\/schema\/person\/50102df0fb23a8fa9e8effad8fa81386"},"headline":"Participa UTHermosillo en capacitaci\u00f3n sobre conversi\u00f3n de veh\u00edculos de combusti\u00f3n a el\u00e9ctricos","datePublished":"2025-01-24T23:38:08+00:00","mainEntityOfPage":{"@id":"https:\/\/www.sonoraenequipo.com.mx\/participa-uthermosillo-en-capacitacion-sobre-conversion-de-vehiculos-de-combustion-a-electricos\/"},"wordCount":278,"commentCount":0,"publisher":{"@id":"https:\/\/www.sonoraenequipo.com.mx\/#organization"},"image":{"@id":"https:\/\/www.sonoraenequipo.com.mx\/participa-uthermosillo-en-capacitacion-sobre-conversion-de-vehiculos-de-combustion-a-electricos\/#primaryimage"},"thumbnailUrl":"https:\/\/www.sonoraenequipo.com.mx\/storage\/2025\/01\/auto-combustion-a-electrico.jpg","keywords":["auto","combustible a el\u00e9ctrico","conversi\u00f3n"],"articleSection":["Ciencia y Tecnolog\u00eda"],"inLanguage":"es","potentialAction":[{"@type":"CommentAction","name":"Comment","target":["https:\/\/www.sonoraenequipo.com.mx\/participa-uthermosillo-en-capacitacion-sobre-conversion-de-vehiculos-de-combustion-a-electricos\/#respond"]}]},{"@type":"WebPage","@id":"https:\/\/www.sonoraenequipo.com.mx\/participa-uthermosillo-en-capacitacion-sobre-conversion-de-vehiculos-de-combustion-a-electricos\/","url":"https:\/\/www.sonoraenequipo.com.mx\/participa-uthermosillo-en-capacitacion-sobre-conversion-de-vehiculos-de-combustion-a-electricos\/","name":"Sonora en Equipo. Participa UTHermosillo en capacitaci\u00f3n sobre conversi\u00f3n de veh\u00edculos de combusti\u00f3n a el\u00e9ctricos Ciencia y Tecnolog\u00eda","isPartOf":{"@id":"https:\/\/www.sonoraenequipo.com.mx\/#website"},"primaryImageOfPage":{"@id":"https:\/\/www.sonoraenequipo.com.mx\/participa-uthermosillo-en-capacitacion-sobre-conversion-de-vehiculos-de-combustion-a-electricos\/#primaryimage"},"image":{"@id":"https:\/\/www.sonoraenequipo.com.mx\/participa-uthermosillo-en-capacitacion-sobre-conversion-de-vehiculos-de-combustion-a-electricos\/#primaryimage"},"thumbnailUrl":"https:\/\/www.sonoraenequipo.com.mx\/storage\/2025\/01\/auto-combustion-a-electrico.jpg","datePublished":"2025-01-24T23:38:08+00:00","description":"HERMOSILLO, SONORA, MX. \u2014 Para fortalecer la transici\u00f3n energ\u00e9tica en Sonora, la Universidad Tecnol\u00f3gica de Hermosillo (UTH) particip\u00f3 en el diplomado En Sonora en Equipo publicamos toda la informaci\u00f3n de Sonora, M\u00e9xico y el Mundo de manera oportuna y busca que la libertad de expresi\u00f3n sea real. Visita nuestro medio informativo publicado desde Hermosillo, Sonora. %","breadcrumb":{"@id":"https:\/\/www.sonoraenequipo.com.mx\/participa-uthermosillo-en-capacitacion-sobre-conversion-de-vehiculos-de-combustion-a-electricos\/#breadcrumb"},"inLanguage":"es","potentialAction":[{"@type":"ReadAction","target":["https:\/\/www.sonoraenequipo.com.mx\/participa-uthermosillo-en-capacitacion-sobre-conversion-de-vehiculos-de-combustion-a-electricos\/"]}]},{"@type":"ImageObject","inLanguage":"es","@id":"https:\/\/www.sonoraenequipo.com.mx\/participa-uthermosillo-en-capacitacion-sobre-conversion-de-vehiculos-de-combustion-a-electricos\/#primaryimage","url":"https:\/\/www.sonoraenequipo.com.mx\/storage\/2025\/01\/auto-combustion-a-electrico.jpg","contentUrl":"https:\/\/www.sonoraenequipo.com.mx\/storage\/2025\/01\/auto-combustion-a-electrico.jpg","width":600,"height":338,"caption":"Los costos pueden variar, pero en promedio van desde los 159 mil hasta los 179 mil pesos, e incluso, si se quiere un motor el\u00e9ctrico con bater\u00edas que de un mayor alcance podr\u00eda llegar hasta los 250 mil pesos. https:\/\/www.milenio.com\/negocios\/conversion-autos-gasolina-electricos-costos-tipos-coches"},{"@type":"BreadcrumbList","@id":"https:\/\/www.sonoraenequipo.com.mx\/participa-uthermosillo-en-capacitacion-sobre-conversion-de-vehiculos-de-combustion-a-electricos\/#breadcrumb","itemListElement":[{"@type":"ListItem","position":1,"name":"Portada","item":"https:\/\/www.sonoraenequipo.com.mx\/"},{"@type":"ListItem","position":2,"name":"Participa UTHermosillo en capacitaci\u00f3n sobre conversi\u00f3n de veh\u00edculos de combusti\u00f3n a el\u00e9ctricos"}]},{"@type":"WebSite","@id":"https:\/\/www.sonoraenequipo.com.mx\/#website","url":"https:\/\/www.sonoraenequipo.com.mx\/","name":"Sonora en Equipo.","description":"Diario en l\u00ednea con Noticias desde Hermosillo, Sonora","publisher":{"@id":"https:\/\/www.sonoraenequipo.com.mx\/#organization"},"potentialAction":[{"@type":"SearchAction","target":{"@type":"EntryPoint","urlTemplate":"https:\/\/www.sonoraenequipo.com.mx\/?s={search_term_string}"},"query-input":{"@type":"PropertyValueSpecification","valueRequired":true,"valueName":"search_term_string"}}],"inLanguage":"es"},{"@type":"Organization","@id":"https:\/\/www.sonoraenequipo.com.mx\/#organization","name":"Sonoraenequipo.com.mx","url":"https:\/\/www.sonoraenequipo.com.mx\/","logo":{"@type":"ImageObject","inLanguage":"es","@id":"https:\/\/www.sonoraenequipo.com.mx\/#\/schema\/logo\/image\/","url":"https:\/\/www.sonoraenequipo.com.mx\/storage\/2019\/01\/sonoraenequipo_opt.png","contentUrl":"https:\/\/www.sonoraenequipo.com.mx\/storage\/2019\/01\/sonoraenequipo_opt.png","width":375,"height":125,"caption":"Sonoraenequipo.com.mx"},"image":{"@id":"https:\/\/www.sonoraenequipo.com.mx\/#\/schema\/logo\/image\/"},"sameAs":["https:\/\/www.facebook.com\/SonoraEE\/","https:\/\/x.com\/sonoraenequipo","https:\/\/www.youtube.com\/channel\/UC338nW-lPEYmJQs4ZABQ1SQ"]},{"@type":"Person","@id":"https:\/\/www.sonoraenequipo.com.mx\/#\/schema\/person\/50102df0fb23a8fa9e8effad8fa81386","name":"enequipo","image":{"@type":"ImageObject","inLanguage":"es","@id":"https:\/\/www.sonoraenequipo.com.mx\/#\/schema\/person\/image\/","url":"https:\/\/secure.gravatar.com\/avatar\/049821681b589dabc0bc20695993ccebb09f5b5d4d790cd9251b97faac7c652b?s=96&d=blank&r=g","contentUrl":"https:\/\/secure.gravatar.com\/avatar\/049821681b589dabc0bc20695993ccebb09f5b5d4d790cd9251b97faac7c652b?s=96&d=blank&r=g","caption":"enequipo"},"sameAs":["https:\/\/www.facebook.com\/SonoraEE"]}]}},"jetpack_featured_media_url":"https:\/\/www.sonoraenequipo.com.mx\/storage\/2025\/01\/auto-combustion-a-electrico.jpg","_links":{"self":[{"href":"https:\/\/www.sonoraenequipo.com.mx\/api\/wp\/v2\/posts\/208458","targetHints":{"allow":["GET"]}}],"collection":[{"href":"https:\/\/www.sonoraenequipo.com.mx\/api\/wp\/v2\/posts"}],"about":[{"href":"https:\/\/www.sonoraenequipo.com.mx\/api\/wp\/v2\/types\/post"}],"author":[{"embeddable":true,"href":"https:\/\/www.sonoraenequipo.com.mx\/api\/wp\/v2\/users\/1"}],"replies":[{"embeddable":true,"href":"https:\/\/www.sonoraenequipo.com.mx\/api\/wp\/v2\/comments?post=208458"}],"version-history":[{"count":1,"href":"https:\/\/www.sonoraenequipo.com.mx\/api\/wp\/v2\/posts\/208458\/revisions"}],"predecessor-version":[{"id":208460,"href":"https:\/\/www.sonoraenequipo.com.mx\/api\/wp\/v2\/posts\/208458\/revisions\/208460"}],"wp:featuredmedia":[{"embeddable":true,"href":"https:\/\/www.sonoraenequipo.com.mx\/api\/wp\/v2\/media\/208459"}],"wp:attachment":[{"href":"https:\/\/www.sonoraenequipo.com.mx\/api\/wp\/v2\/media?parent=208458"}],"wp:term":[{"taxonomy":"category","embeddable":true,"href":"https:\/\/www.sonoraenequipo.com.mx\/api\/wp\/v2\/categories?post=208458"},{"taxonomy":"post_tag","embeddable":true,"href":"https:\/\/www.sonoraenequipo.com.mx\/api\/wp\/v2\/tags?post=208458"}],"curies":[{"name":"wp","href":"https:\/\/api.w.org\/{rel}","templated":true}]}}