{"id":208463,"date":"2025-01-24T17:08:29","date_gmt":"2025-01-25T00:08:29","guid":{"rendered":"https:\/\/www.sonoraenequipo.com.mx\/?p=208463"},"modified":"2025-01-24T17:08:29","modified_gmt":"2025-01-25T00:08:29","slug":"sentenciadas-dos-personas-por-homicidio-robo-y-violacion-a-leyes-de-inhumacion-en-magdalena-de-kino","status":"publish","type":"post","link":"https:\/\/www.sonoraenequipo.com.mx\/sentenciadas-dos-personas-por-homicidio-robo-y-violacion-a-leyes-de-inhumacion-en-magdalena-de-kino\/","title":{"rendered":"Sentenciadas dos personas por homicidio, robo y violaci\u00f3n a leyes de inhumaci\u00f3n en Magdalena de Kino"},"content":{"rendered":"<p><strong>MAGDALENA DE KINO, SONORA, MX.<\/strong><strong> \u0336 \u0336\u00a0 <\/strong>La Fiscal\u00eda General de Justicia del Estado de Sonora (FGJES), en conclusi\u00f3n de un procedimiento judicial, obtuvo para Jos\u00e9 Juan \u201cN\u201d, de 54 a\u00f1os, y Mar\u00eda del Carmen \u201cN\u201d, de 43 a\u00f1os, sendas condenas por su responsabilidad en los delitos de homicidio calificado con alevos\u00eda y ventaja, robo de veh\u00edculo y violaci\u00f3n a las leyes de inhumaci\u00f3n.<\/p>\n<p>&nbsp;<\/p>\n<p>En Audiencia de Pr\u00f3rroga, se ofreci\u00f3 a la defensa y a los imputados la opci\u00f3n de un procedimiento abreviado, tras lo cual se dictaron las siguientes penas: 47 a\u00f1os de prisi\u00f3n y una multa de 81 mil 427 pesos, para el hombre, y 38 a\u00f1os y 6 meses de prisi\u00f3n y una multa de 54 mil 285 pesos, para la mujer.<\/p>\n<p>&nbsp;<\/p>\n<p>Investigaciones de gabinete y campo demostraron que el pasado 29 de septiembre, alrededor de las 16:10 horas, en un camino ubicado en la localidad La Bedolla, municipio de Magdalena de Kino, la pareja discuti\u00f3 con Mat\u00edas \u201cN\u201d, de 63 a\u00f1os, derivado de problemas personales.<\/p>\n<p>&nbsp;<\/p>\n<p>Durante el altercado, Jos\u00e9 Juan \u201cN\u201d, con la ayuda de Mar\u00eda del Carmen \u201cN\u201d, utiliz\u00f3 un objeto met\u00e1lico con filo para agredir a la v\u00edctima en diversas partes del cuerpo, dej\u00e1ndolo inconsciente; posteriormente, ambos arrastraron a Mat\u00edas \u201cN\u201d hasta un corral, donde lo sepultaron clandestinamente, causando su muerte por asfixia.<\/p>\n<p>&nbsp;<\/p>\n<p>Tras cometer el homicidio, los agresores se apoderaron del veh\u00edculo de la v\u00edctima, un Chevrolet Malib\u00fa color blanco, y huyeron del lugar.<\/p>\n<p>&nbsp;<\/p>\n<p>Este resultado reafirma la determinaci\u00f3n de la Fiscal\u00eda General de Justicia del Estado de Sonora (FGJES) de actuar con firmeza y transparencia, asegurando que quienes atenten contra la vida y el patrimonio de las personas reciban penas ejemplares, en el compromiso de combatir la impunidad y garantizar justicia para las v\u00edctimas.<\/p>\n<p><strong>Fecha de publicaci\u00f3n\u00a0 viernes 24<\/strong><strong> de enero de 2025<\/strong><\/p>\n","protected":false},"excerpt":{"rendered":"<p>MAGDALENA DE KINO, SONORA, MX. \u0336 \u0336\u00a0 La Fiscal\u00eda General de Justicia del Estado de&#8230;<\/p>\n","protected":false},"author":1,"featured_media":208464,"comment_status":"open","ping_status":"open","sticky":false,"template":"","format":"standard","meta":{"_monsterinsights_skip_tracking":false,"_monsterinsights_sitenote_active":false,"_monsterinsights_sitenote_note":"","_monsterinsights_sitenote_category":0,"footnotes":""},"categories":[3144],"tags":[3434,15],"class_list":["post"],"yoast_head":" \n<title>Sonora en Equipo. Sentenciadas dos personas por homicidio, robo y violaci\u00f3n a leyes de inhumaci\u00f3n en Magdalena de Kino Polic\u00edaca<\/title>\n<meta name=\"description\" content=\"MAGDALENA DE KINO, SONORA, MX. \u0336 \u0336\u00a0 La Fiscal\u00eda General de Justicia del Estado de Sonora (FGJES), en conclusi\u00f3n de un procedimiento judicial, obtuvo para En Sonora en Equipo publicamos toda la informaci\u00f3n de Sonora, M\u00e9xico y el Mundo de manera oportuna y busca que la libertad de expresi\u00f3n sea real. Visita nuestro medio informativo publicado desde Hermosillo, Sonora. %\" \/>\n<meta name=\"robots\" content=\"index, follow, max-snippet:-1, max-image-preview:large, max-video-preview:-1\" \/>\n<link rel=\"canonical\" href=\"https:\/\/www.sonoraenequipo.com.mx\/sentenciadas-dos-personas-por-homicidio-robo-y-violacion-a-leyes-de-inhumacion-en-magdalena-de-kino\/\" \/>\n<meta property=\"og:locale\" content=\"es_ES\" \/>\n<meta property=\"og:type\" content=\"article\" \/>\n<meta property=\"og:title\" content=\"Sonora en Equipo. Sentenciadas dos personas por homicidio, robo y violaci\u00f3n a leyes de inhumaci\u00f3n en Magdalena de Kino Polic\u00edaca\" \/>\n<meta property=\"og:description\" content=\"MAGDALENA DE KINO, SONORA, MX. \u0336 \u0336\u00a0 La Fiscal\u00eda General de Justicia del Estado de Sonora (FGJES), en conclusi\u00f3n de un procedimiento judicial, obtuvo para En Sonora en Equipo publicamos toda la informaci\u00f3n de Sonora, M\u00e9xico y el Mundo de manera oportuna y busca que la libertad de expresi\u00f3n sea real. Visita nuestro medio informativo publicado desde Hermosillo, Sonora. %\" \/>\n<meta property=\"og:url\" content=\"https:\/\/www.sonoraenequipo.com.mx\/sentenciadas-dos-personas-por-homicidio-robo-y-violacion-a-leyes-de-inhumacion-en-magdalena-de-kino\/\" \/>\n<meta property=\"og:site_name\" content=\"Sonora en Equipo.\" \/>\n<meta property=\"article:publisher\" content=\"https:\/\/www.facebook.com\/SonoraEE\/\" \/>\n<meta property=\"article:author\" content=\"https:\/\/www.facebook.com\/SonoraEE\" \/>\n<meta property=\"article:published_time\" content=\"2025-01-25T00:08:29+00:00\" \/>\n<meta property=\"og:image\" content=\"https:\/\/www.sonoraenequipo.com.mx\/storage\/2025\/01\/par-de-secuestradores.jpg\" \/>\n\t<meta property=\"og:image:width\" content=\"600\" \/>\n\t<meta property=\"og:image:height\" content=\"400\" \/>\n\t<meta property=\"og:image:type\" content=\"image\/jpeg\" \/>\n<meta name=\"author\" content=\"enequipo\" \/>\n<meta name=\"twitter:card\" content=\"summary_large_image\" \/>\n<meta name=\"twitter:creator\" content=\"@sonoraenequipo\" \/>\n<meta name=\"twitter:site\" content=\"@sonoraenequipo\" \/>\n<meta name=\"twitter:label1\" content=\"Escrito por\" \/>\n\t<meta name=\"twitter:data1\" content=\"enequipo\" \/>\n\t<meta name=\"twitter:label2\" content=\"Tiempo de lectura\" \/>\n\t<meta name=\"twitter:data2\" content=\"2 minutos\" \/>\n<script type=\"application\/ld+json\" class=\"yoast-schema-graph\">{\"@context\":\"https:\/\/schema.org\",\"@graph\":[{\"@type\":\"Article\",\"@id\":\"https:\/\/www.sonoraenequipo.com.mx\/sentenciadas-dos-personas-por-homicidio-robo-y-violacion-a-leyes-de-inhumacion-en-magdalena-de-kino\/#article\",\"isPartOf\":{\"@id\":\"https:\/\/www.sonoraenequipo.com.mx\/sentenciadas-dos-personas-por-homicidio-robo-y-violacion-a-leyes-de-inhumacion-en-magdalena-de-kino\/\"},\"author\":{\"name\":\"enequipo\",\"@id\":\"https:\/\/www.sonoraenequipo.com.mx\/#\/schema\/person\/50102df0fb23a8fa9e8effad8fa81386\"},\"headline\":\"Sentenciadas dos personas por homicidio, robo y violaci\u00f3n a leyes de inhumaci\u00f3n en Magdalena de Kino\",\"datePublished\":\"2025-01-25T00:08:29+00:00\",\"mainEntityOfPage\":{\"@id\":\"https:\/\/www.sonoraenequipo.com.mx\/sentenciadas-dos-personas-por-homicidio-robo-y-violacion-a-leyes-de-inhumacion-en-magdalena-de-kino\/\"},\"wordCount\":336,\"commentCount\":0,\"publisher\":{\"@id\":\"https:\/\/www.sonoraenequipo.com.mx\/#organization\"},\"image\":{\"@id\":\"https:\/\/www.sonoraenequipo.com.mx\/sentenciadas-dos-personas-por-homicidio-robo-y-violacion-a-leyes-de-inhumacion-en-magdalena-de-kino\/#primaryimage\"},\"thumbnailUrl\":\"https:\/\/www.sonoraenequipo.com.mx\/storage\/2025\/01\/par-de-secuestradores.jpg\",\"keywords\":[\"secuestro\",\"Sonora\"],\"articleSection\":[\"Polic\u00edaca\"],\"inLanguage\":\"es\",\"potentialAction\":[{\"@type\":\"CommentAction\",\"name\":\"Comment\",\"target\":[\"https:\/\/www.sonoraenequipo.com.mx\/sentenciadas-dos-personas-por-homicidio-robo-y-violacion-a-leyes-de-inhumacion-en-magdalena-de-kino\/#respond\"]}]},{\"@type\":\"WebPage\",\"@id\":\"https:\/\/www.sonoraenequipo.com.mx\/sentenciadas-dos-personas-por-homicidio-robo-y-violacion-a-leyes-de-inhumacion-en-magdalena-de-kino\/\",\"url\":\"https:\/\/www.sonoraenequipo.com.mx\/sentenciadas-dos-personas-por-homicidio-robo-y-violacion-a-leyes-de-inhumacion-en-magdalena-de-kino\/\",\"name\":\"Sonora en Equipo. Sentenciadas dos personas por homicidio, robo y violaci\u00f3n a leyes de inhumaci\u00f3n en Magdalena de Kino Polic\u00edaca\",\"isPartOf\":{\"@id\":\"https:\/\/www.sonoraenequipo.com.mx\/#website\"},\"primaryImageOfPage\":{\"@id\":\"https:\/\/www.sonoraenequipo.com.mx\/sentenciadas-dos-personas-por-homicidio-robo-y-violacion-a-leyes-de-inhumacion-en-magdalena-de-kino\/#primaryimage\"},\"image\":{\"@id\":\"https:\/\/www.sonoraenequipo.com.mx\/sentenciadas-dos-personas-por-homicidio-robo-y-violacion-a-leyes-de-inhumacion-en-magdalena-de-kino\/#primaryimage\"},\"thumbnailUrl\":\"https:\/\/www.sonoraenequipo.com.mx\/storage\/2025\/01\/par-de-secuestradores.jpg\",\"datePublished\":\"2025-01-25T00:08:29+00:00\",\"description\":\"MAGDALENA DE KINO, SONORA, MX. \u0336 \u0336\u00a0 La Fiscal\u00eda General de Justicia del Estado de Sonora (FGJES), en conclusi\u00f3n de un procedimiento judicial, obtuvo para En Sonora en Equipo publicamos toda la informaci\u00f3n de Sonora, M\u00e9xico y el Mundo de manera oportuna y busca que la libertad de expresi\u00f3n sea real. Visita nuestro medio informativo publicado desde Hermosillo, Sonora. %\",\"breadcrumb\":{\"@id\":\"https:\/\/www.sonoraenequipo.com.mx\/sentenciadas-dos-personas-por-homicidio-robo-y-violacion-a-leyes-de-inhumacion-en-magdalena-de-kino\/#breadcrumb\"},\"inLanguage\":\"es\",\"potentialAction\":[{\"@type\":\"ReadAction\",\"target\":[\"https:\/\/www.sonoraenequipo.com.mx\/sentenciadas-dos-personas-por-homicidio-robo-y-violacion-a-leyes-de-inhumacion-en-magdalena-de-kino\/\"]}]},{\"@type\":\"ImageObject\",\"inLanguage\":\"es\",\"@id\":\"https:\/\/www.sonoraenequipo.com.mx\/sentenciadas-dos-personas-por-homicidio-robo-y-violacion-a-leyes-de-inhumacion-en-magdalena-de-kino\/#primaryimage\",\"url\":\"https:\/\/www.sonoraenequipo.com.mx\/storage\/2025\/01\/par-de-secuestradores.jpg\",\"contentUrl\":\"https:\/\/www.sonoraenequipo.com.mx\/storage\/2025\/01\/par-de-secuestradores.jpg\",\"width\":600,\"height\":400},{\"@type\":\"BreadcrumbList\",\"@id\":\"https:\/\/www.sonoraenequipo.com.mx\/sentenciadas-dos-personas-por-homicidio-robo-y-violacion-a-leyes-de-inhumacion-en-magdalena-de-kino\/#breadcrumb\",\"itemListElement\":[{\"@type\":\"ListItem\",\"position\":1,\"name\":\"Portada\",\"item\":\"https:\/\/www.sonoraenequipo.com.mx\/\"},{\"@type\":\"ListItem\",\"position\":2,\"name\":\"Sentenciadas dos personas por homicidio, robo y violaci\u00f3n a leyes de inhumaci\u00f3n en Magdalena de Kino\"}]},{\"@type\":\"WebSite\",\"@id\":\"https:\/\/www.sonoraenequipo.com.mx\/#website\",\"url\":\"https:\/\/www.sonoraenequipo.com.mx\/\",\"name\":\"Sonora en Equipo.\",\"description\":\"Diario en l\u00ednea con Noticias desde Hermosillo, Sonora\",\"publisher\":{\"@id\":\"https:\/\/www.sonoraenequipo.com.mx\/#organization\"},\"potentialAction\":[{\"@type\":\"SearchAction\",\"target\":{\"@type\":\"EntryPoint\",\"urlTemplate\":\"https:\/\/www.sonoraenequipo.com.mx\/?s={search_term_string}\"},\"query-input\":{\"@type\":\"PropertyValueSpecification\",\"valueRequired\":true,\"valueName\":\"search_term_string\"}}],\"inLanguage\":\"es\"},{\"@type\":\"Organization\",\"@id\":\"https:\/\/www.sonoraenequipo.com.mx\/#organization\",\"name\":\"Sonoraenequipo.com.mx\",\"url\":\"https:\/\/www.sonoraenequipo.com.mx\/\",\"logo\":{\"@type\":\"ImageObject\",\"inLanguage\":\"es\",\"@id\":\"https:\/\/www.sonoraenequipo.com.mx\/#\/schema\/logo\/image\/\",\"url\":\"https:\/\/www.sonoraenequipo.com.mx\/storage\/2019\/01\/sonoraenequipo_opt.png\",\"contentUrl\":\"https:\/\/www.sonoraenequipo.com.mx\/storage\/2019\/01\/sonoraenequipo_opt.png\",\"width\":375,\"height\":125,\"caption\":\"Sonoraenequipo.com.mx\"},\"image\":{\"@id\":\"https:\/\/www.sonoraenequipo.com.mx\/#\/schema\/logo\/image\/\"},\"sameAs\":[\"https:\/\/www.facebook.com\/SonoraEE\/\",\"https:\/\/x.com\/sonoraenequipo\",\"https:\/\/www.youtube.com\/channel\/UC338nW-lPEYmJQs4ZABQ1SQ\"]},{\"@type\":\"Person\",\"@id\":\"https:\/\/www.sonoraenequipo.com.mx\/#\/schema\/person\/50102df0fb23a8fa9e8effad8fa81386\",\"name\":\"enequipo\",\"image\":{\"@type\":\"ImageObject\",\"inLanguage\":\"es\",\"@id\":\"https:\/\/www.sonoraenequipo.com.mx\/#\/schema\/person\/image\/\",\"url\":\"https:\/\/secure.gravatar.com\/avatar\/049821681b589dabc0bc20695993ccebb09f5b5d4d790cd9251b97faac7c652b?s=96&d=blank&r=g\",\"contentUrl\":\"https:\/\/secure.gravatar.com\/avatar\/049821681b589dabc0bc20695993ccebb09f5b5d4d790cd9251b97faac7c652b?s=96&d=blank&r=g\",\"caption\":\"enequipo\"},\"sameAs\":[\"https:\/\/www.facebook.com\/SonoraEE\"]}]}<\/script>\n ","yoast_head_json":{"title":"Sonora en Equipo. Sentenciadas dos personas por homicidio, robo y violaci\u00f3n a leyes de inhumaci\u00f3n en Magdalena de Kino Polic\u00edaca","description":"MAGDALENA DE KINO, SONORA, MX. \u0336 \u0336\u00a0 La Fiscal\u00eda General de Justicia del Estado de Sonora (FGJES), en conclusi\u00f3n de un procedimiento judicial, obtuvo para En Sonora en Equipo publicamos toda la informaci\u00f3n de Sonora, M\u00e9xico y el Mundo de manera oportuna y busca que la libertad de expresi\u00f3n sea real. Visita nuestro medio informativo publicado desde Hermosillo, Sonora. %","robots":{"index":"index","follow":"follow","max-snippet":"max-snippet:-1","max-image-preview":"max-image-preview:large","max-video-preview":"max-video-preview:-1"},"canonical":"https:\/\/www.sonoraenequipo.com.mx\/sentenciadas-dos-personas-por-homicidio-robo-y-violacion-a-leyes-de-inhumacion-en-magdalena-de-kino\/","og_locale":"es_ES","og_type":"article","og_title":"Sonora en Equipo. Sentenciadas dos personas por homicidio, robo y violaci\u00f3n a leyes de inhumaci\u00f3n en Magdalena de Kino Polic\u00edaca","og_description":"MAGDALENA DE KINO, SONORA, MX. \u0336 \u0336\u00a0 La Fiscal\u00eda General de Justicia del Estado de Sonora (FGJES), en conclusi\u00f3n de un procedimiento judicial, obtuvo para En Sonora en Equipo publicamos toda la informaci\u00f3n de Sonora, M\u00e9xico y el Mundo de manera oportuna y busca que la libertad de expresi\u00f3n sea real. Visita nuestro medio informativo publicado desde Hermosillo, Sonora. %","og_url":"https:\/\/www.sonoraenequipo.com.mx\/sentenciadas-dos-personas-por-homicidio-robo-y-violacion-a-leyes-de-inhumacion-en-magdalena-de-kino\/","og_site_name":"Sonora en Equipo.","article_publisher":"https:\/\/www.facebook.com\/SonoraEE\/","article_author":"https:\/\/www.facebook.com\/SonoraEE","article_published_time":"2025-01-25T00:08:29+00:00","og_image":[{"width":600,"height":400,"url":"https:\/\/www.sonoraenequipo.com.mx\/storage\/2025\/01\/par-de-secuestradores.jpg","type":"image\/jpeg"}],"author":"enequipo","twitter_card":"summary_large_image","twitter_creator":"@sonoraenequipo","twitter_site":"@sonoraenequipo","twitter_misc":{"Escrito por":"enequipo","Tiempo de lectura":"2 minutos"},"schema":{"@context":"https:\/\/schema.org","@graph":[{"@type":"Article","@id":"https:\/\/www.sonoraenequipo.com.mx\/sentenciadas-dos-personas-por-homicidio-robo-y-violacion-a-leyes-de-inhumacion-en-magdalena-de-kino\/#article","isPartOf":{"@id":"https:\/\/www.sonoraenequipo.com.mx\/sentenciadas-dos-personas-por-homicidio-robo-y-violacion-a-leyes-de-inhumacion-en-magdalena-de-kino\/"},"author":{"name":"enequipo","@id":"https:\/\/www.sonoraenequipo.com.mx\/#\/schema\/person\/50102df0fb23a8fa9e8effad8fa81386"},"headline":"Sentenciadas dos personas por homicidio, robo y violaci\u00f3n a leyes de inhumaci\u00f3n en Magdalena de Kino","datePublished":"2025-01-25T00:08:29+00:00","mainEntityOfPage":{"@id":"https:\/\/www.sonoraenequipo.com.mx\/sentenciadas-dos-personas-por-homicidio-robo-y-violacion-a-leyes-de-inhumacion-en-magdalena-de-kino\/"},"wordCount":336,"commentCount":0,"publisher":{"@id":"https:\/\/www.sonoraenequipo.com.mx\/#organization"},"image":{"@id":"https:\/\/www.sonoraenequipo.com.mx\/sentenciadas-dos-personas-por-homicidio-robo-y-violacion-a-leyes-de-inhumacion-en-magdalena-de-kino\/#primaryimage"},"thumbnailUrl":"https:\/\/www.sonoraenequipo.com.mx\/storage\/2025\/01\/par-de-secuestradores.jpg","keywords":["secuestro","Sonora"],"articleSection":["Polic\u00edaca"],"inLanguage":"es","potentialAction":[{"@type":"CommentAction","name":"Comment","target":["https:\/\/www.sonoraenequipo.com.mx\/sentenciadas-dos-personas-por-homicidio-robo-y-violacion-a-leyes-de-inhumacion-en-magdalena-de-kino\/#respond"]}]},{"@type":"WebPage","@id":"https:\/\/www.sonoraenequipo.com.mx\/sentenciadas-dos-personas-por-homicidio-robo-y-violacion-a-leyes-de-inhumacion-en-magdalena-de-kino\/","url":"https:\/\/www.sonoraenequipo.com.mx\/sentenciadas-dos-personas-por-homicidio-robo-y-violacion-a-leyes-de-inhumacion-en-magdalena-de-kino\/","name":"Sonora en Equipo. Sentenciadas dos personas por homicidio, robo y violaci\u00f3n a leyes de inhumaci\u00f3n en Magdalena de Kino Polic\u00edaca","isPartOf":{"@id":"https:\/\/www.sonoraenequipo.com.mx\/#website"},"primaryImageOfPage":{"@id":"https:\/\/www.sonoraenequipo.com.mx\/sentenciadas-dos-personas-por-homicidio-robo-y-violacion-a-leyes-de-inhumacion-en-magdalena-de-kino\/#primaryimage"},"image":{"@id":"https:\/\/www.sonoraenequipo.com.mx\/sentenciadas-dos-personas-por-homicidio-robo-y-violacion-a-leyes-de-inhumacion-en-magdalena-de-kino\/#primaryimage"},"thumbnailUrl":"https:\/\/www.sonoraenequipo.com.mx\/storage\/2025\/01\/par-de-secuestradores.jpg","datePublished":"2025-01-25T00:08:29+00:00","description":"MAGDALENA DE KINO, SONORA, MX. \u0336 \u0336\u00a0 La Fiscal\u00eda General de Justicia del Estado de Sonora (FGJES), en conclusi\u00f3n de un procedimiento judicial, obtuvo para En Sonora en Equipo publicamos toda la informaci\u00f3n de Sonora, M\u00e9xico y el Mundo de manera oportuna y busca que la libertad de expresi\u00f3n sea real. Visita nuestro medio informativo publicado desde Hermosillo, Sonora. %","breadcrumb":{"@id":"https:\/\/www.sonoraenequipo.com.mx\/sentenciadas-dos-personas-por-homicidio-robo-y-violacion-a-leyes-de-inhumacion-en-magdalena-de-kino\/#breadcrumb"},"inLanguage":"es","potentialAction":[{"@type":"ReadAction","target":["https:\/\/www.sonoraenequipo.com.mx\/sentenciadas-dos-personas-por-homicidio-robo-y-violacion-a-leyes-de-inhumacion-en-magdalena-de-kino\/"]}]},{"@type":"ImageObject","inLanguage":"es","@id":"https:\/\/www.sonoraenequipo.com.mx\/sentenciadas-dos-personas-por-homicidio-robo-y-violacion-a-leyes-de-inhumacion-en-magdalena-de-kino\/#primaryimage","url":"https:\/\/www.sonoraenequipo.com.mx\/storage\/2025\/01\/par-de-secuestradores.jpg","contentUrl":"https:\/\/www.sonoraenequipo.com.mx\/storage\/2025\/01\/par-de-secuestradores.jpg","width":600,"height":400},{"@type":"BreadcrumbList","@id":"https:\/\/www.sonoraenequipo.com.mx\/sentenciadas-dos-personas-por-homicidio-robo-y-violacion-a-leyes-de-inhumacion-en-magdalena-de-kino\/#breadcrumb","itemListElement":[{"@type":"ListItem","position":1,"name":"Portada","item":"https:\/\/www.sonoraenequipo.com.mx\/"},{"@type":"ListItem","position":2,"name":"Sentenciadas dos personas por homicidio, robo y violaci\u00f3n a leyes de inhumaci\u00f3n en Magdalena de Kino"}]},{"@type":"WebSite","@id":"https:\/\/www.sonoraenequipo.com.mx\/#website","url":"https:\/\/www.sonoraenequipo.com.mx\/","name":"Sonora en Equipo.","description":"Diario en l\u00ednea con Noticias desde Hermosillo, Sonora","publisher":{"@id":"https:\/\/www.sonoraenequipo.com.mx\/#organization"},"potentialAction":[{"@type":"SearchAction","target":{"@type":"EntryPoint","urlTemplate":"https:\/\/www.sonoraenequipo.com.mx\/?s={search_term_string}"},"query-input":{"@type":"PropertyValueSpecification","valueRequired":true,"valueName":"search_term_string"}}],"inLanguage":"es"},{"@type":"Organization","@id":"https:\/\/www.sonoraenequipo.com.mx\/#organization","name":"Sonoraenequipo.com.mx","url":"https:\/\/www.sonoraenequipo.com.mx\/","logo":{"@type":"ImageObject","inLanguage":"es","@id":"https:\/\/www.sonoraenequipo.com.mx\/#\/schema\/logo\/image\/","url":"https:\/\/www.sonoraenequipo.com.mx\/storage\/2019\/01\/sonoraenequipo_opt.png","contentUrl":"https:\/\/www.sonoraenequipo.com.mx\/storage\/2019\/01\/sonoraenequipo_opt.png","width":375,"height":125,"caption":"Sonoraenequipo.com.mx"},"image":{"@id":"https:\/\/www.sonoraenequipo.com.mx\/#\/schema\/logo\/image\/"},"sameAs":["https:\/\/www.facebook.com\/SonoraEE\/","https:\/\/x.com\/sonoraenequipo","https:\/\/www.youtube.com\/channel\/UC338nW-lPEYmJQs4ZABQ1SQ"]},{"@type":"Person","@id":"https:\/\/www.sonoraenequipo.com.mx\/#\/schema\/person\/50102df0fb23a8fa9e8effad8fa81386","name":"enequipo","image":{"@type":"ImageObject","inLanguage":"es","@id":"https:\/\/www.sonoraenequipo.com.mx\/#\/schema\/person\/image\/","url":"https:\/\/secure.gravatar.com\/avatar\/049821681b589dabc0bc20695993ccebb09f5b5d4d790cd9251b97faac7c652b?s=96&d=blank&r=g","contentUrl":"https:\/\/secure.gravatar.com\/avatar\/049821681b589dabc0bc20695993ccebb09f5b5d4d790cd9251b97faac7c652b?s=96&d=blank&r=g","caption":"enequipo"},"sameAs":["https:\/\/www.facebook.com\/SonoraEE"]}]}},"jetpack_featured_media_url":"https:\/\/www.sonoraenequipo.com.mx\/storage\/2025\/01\/par-de-secuestradores.jpg","_links":{"self":[{"href":"https:\/\/www.sonoraenequipo.com.mx\/api\/wp\/v2\/posts\/208463","targetHints":{"allow":["GET"]}}],"collection":[{"href":"https:\/\/www.sonoraenequipo.com.mx\/api\/wp\/v2\/posts"}],"about":[{"href":"https:\/\/www.sonoraenequipo.com.mx\/api\/wp\/v2\/types\/post"}],"author":[{"embeddable":true,"href":"https:\/\/www.sonoraenequipo.com.mx\/api\/wp\/v2\/users\/1"}],"replies":[{"embeddable":true,"href":"https:\/\/www.sonoraenequipo.com.mx\/api\/wp\/v2\/comments?post=208463"}],"version-history":[{"count":1,"href":"https:\/\/www.sonoraenequipo.com.mx\/api\/wp\/v2\/posts\/208463\/revisions"}],"predecessor-version":[{"id":208465,"href":"https:\/\/www.sonoraenequipo.com.mx\/api\/wp\/v2\/posts\/208463\/revisions\/208465"}],"wp:featuredmedia":[{"embeddable":true,"href":"https:\/\/www.sonoraenequipo.com.mx\/api\/wp\/v2\/media\/208464"}],"wp:attachment":[{"href":"https:\/\/www.sonoraenequipo.com.mx\/api\/wp\/v2\/media?parent=208463"}],"wp:term":[{"taxonomy":"category","embeddable":true,"href":"https:\/\/www.sonoraenequipo.com.mx\/api\/wp\/v2\/categories?post=208463"},{"taxonomy":"post_tag","embeddable":true,"href":"https:\/\/www.sonoraenequipo.com.mx\/api\/wp\/v2\/tags?post=208463"}],"curies":[{"name":"wp","href":"https:\/\/api.w.org\/{rel}","templated":true}]}}