{"id":208472,"date":"2025-01-24T17:44:52","date_gmt":"2025-01-25T00:44:52","guid":{"rendered":"https:\/\/www.sonoraenequipo.com.mx\/?p=208472"},"modified":"2025-01-24T17:44:52","modified_gmt":"2025-01-25T00:44:52","slug":"operativo-conjunto-asegura-vehiculos-y-municiones-en-sonoyta","status":"publish","type":"post","link":"https:\/\/www.sonoraenequipo.com.mx\/operativo-conjunto-asegura-vehiculos-y-municiones-en-sonoyta\/","title":{"rendered":"Operativo conjunto asegura veh\u00edculos y municiones en Sonoyta"},"content":{"rendered":"<p><strong>GENERAL PLUTARCO EL\u00cdAS CALLES, SONORA, MX.<\/strong><strong> \u0336 \u0336\u00a0 <\/strong>\u00a024 de enero de 2025.- La Secretar\u00eda de la Defensa Nacional (DEFENSA), la Agencia Ministerial de Investigaci\u00f3n Criminal (AMIC) y Guardia Nacional (GN), en el marco de acciones coordinadas de investigaci\u00f3n y prevenci\u00f3n del delito, lograron el aseguramiento de veh\u00edculos y municiones en operativo conjunto en el municipio de General Plutarco El\u00edas Calles.<\/p>\n<p>&nbsp;<\/p>\n<p>A las 17:45 horas del pasado 21 de enero, efectivos del DEFENSA en recorridos de reconocimiento y prevenci\u00f3n sobre el camino Ejido Morelia, detectaron a un conductor de una Chevrolet Suburban, modelo 2000, quien al notar la presencia militar, aceler\u00f3 su marcha, perdi\u00e9ndose entre el monte.<\/p>\n<p>&nbsp;<\/p>\n<p>El veh\u00edculo fue abandonado metros adelante, permitiendo a las autoridades la inspecci\u00f3n inmediata, en el interior se localizaron tres cargadores para fusil AR-15, as\u00ed como cinco cartuchos calibre 5.56&#215;45; personal de la AMIC asegur\u00f3 la unidad e indicios, los cuales fueron puestos a disposici\u00f3n del Ministerio P\u00fablico Federal.<\/p>\n<p>&nbsp;<\/p>\n<p>En otro operativo, el pasado 22 de enero en el Ejido el Desierto de Sonora de este municipio fronterizo, se aseguraron dos veh\u00edculos, cartuchos y cargadores cuando los tripulantes de las unidades los dejaron en abandono al notar la presencia de las autoridades.<\/p>\n<p>&nbsp;<\/p>\n<p>Los veh\u00edculos asegurados son una Suburban 2002 en cuyo interior se localizaron 5 cargadores AK-47 y 150 cartuchos calibre 7.26&#215;39, adem\u00e1s una veh\u00edculo GMC Yukon que transportaba 4 cargadores para AK-47 y 113 cartuchos calibre 7.26&#215;39, indicios que fueron puestos a disposici\u00f3n del Ministerio P\u00fablico Federal.<\/p>\n<p>&nbsp;<\/p>\n<p>Estos operativos son parte de la estrategia integral para la detecci\u00f3n y desarticulaci\u00f3n de actividades il\u00edcitas en la regi\u00f3n fronteriza, reafirmando el compromiso de las instituciones con la seguridad y el bienestar de los ciudadanos.<\/p>\n<p>&nbsp;<\/p>\n<p>La Fiscal\u00eda General de Justicia del Estado de Sonora (FGJES) seguir\u00e1 fortaleciendo la coordinaci\u00f3n entre las corporaciones de seguridad, en cumplimiento con su misi\u00f3n de garantizar un entorno seguro y combatir las actividades delictivas que afectan la paz y el orden social a trav\u00e9s de la procuraci\u00f3n de justicia.<\/p>\n<p><strong>Fecha de publicaci\u00f3n\u00a0 viernes 24<\/strong><strong> de enero de 2025<\/strong><\/p>\n","protected":false},"excerpt":{"rendered":"<p>GENERAL PLUTARCO EL\u00cdAS CALLES, SONORA, MX. \u0336 \u0336\u00a0 \u00a024 de enero de 2025.- La Secretar\u00eda&#8230;<\/p>\n","protected":false},"author":1,"featured_media":208473,"comment_status":"open","ping_status":"open","sticky":false,"template":"","format":"standard","meta":{"_monsterinsights_skip_tracking":false,"_monsterinsights_sitenote_active":false,"_monsterinsights_sitenote_note":"","_monsterinsights_sitenote_category":0,"footnotes":""},"categories":[3144],"tags":[170,5674],"class_list":["post"],"yoast_head":" \n<title>Sonora en Equipo. Operativo conjunto asegura veh\u00edculos y municiones en Sonoyta Polic\u00edaca<\/title>\n<meta name=\"description\" content=\"GENERAL PLUTARCO EL\u00cdAS CALLES, SONORA, MX. \u0336 \u0336\u00a0 \u00a024 de enero de 2025.- La Secretar\u00eda de la Defensa Nacional (DEFENSA), la Agencia Ministerial de En Sonora en Equipo publicamos toda la informaci\u00f3n de Sonora, M\u00e9xico y el Mundo de manera oportuna y busca que la libertad de expresi\u00f3n sea real. Visita nuestro medio informativo publicado desde Hermosillo, Sonora. %\" \/>\n<meta name=\"robots\" content=\"index, follow, max-snippet:-1, max-image-preview:large, max-video-preview:-1\" \/>\n<link rel=\"canonical\" href=\"https:\/\/www.sonoraenequipo.com.mx\/operativo-conjunto-asegura-vehiculos-y-municiones-en-sonoyta\/\" \/>\n<meta property=\"og:locale\" content=\"es_ES\" \/>\n<meta property=\"og:type\" content=\"article\" \/>\n<meta property=\"og:title\" content=\"Sonora en Equipo. Operativo conjunto asegura veh\u00edculos y municiones en Sonoyta Polic\u00edaca\" \/>\n<meta property=\"og:description\" content=\"GENERAL PLUTARCO EL\u00cdAS CALLES, SONORA, MX. \u0336 \u0336\u00a0 \u00a024 de enero de 2025.- La Secretar\u00eda de la Defensa Nacional (DEFENSA), la Agencia Ministerial de En Sonora en Equipo publicamos toda la informaci\u00f3n de Sonora, M\u00e9xico y el Mundo de manera oportuna y busca que la libertad de expresi\u00f3n sea real. Visita nuestro medio informativo publicado desde Hermosillo, Sonora. %\" \/>\n<meta property=\"og:url\" content=\"https:\/\/www.sonoraenequipo.com.mx\/operativo-conjunto-asegura-vehiculos-y-municiones-en-sonoyta\/\" \/>\n<meta property=\"og:site_name\" content=\"Sonora en Equipo.\" \/>\n<meta property=\"article:publisher\" content=\"https:\/\/www.facebook.com\/SonoraEE\/\" \/>\n<meta property=\"article:author\" content=\"https:\/\/www.facebook.com\/SonoraEE\" \/>\n<meta property=\"article:published_time\" content=\"2025-01-25T00:44:52+00:00\" \/>\n<meta property=\"og:image\" content=\"https:\/\/www.sonoraenequipo.com.mx\/storage\/2025\/01\/autos-parque-sonoyta.jpg\" \/>\n\t<meta property=\"og:image:width\" content=\"600\" \/>\n\t<meta property=\"og:image:height\" content=\"450\" \/>\n\t<meta property=\"og:image:type\" content=\"image\/jpeg\" \/>\n<meta name=\"author\" content=\"enequipo\" \/>\n<meta name=\"twitter:card\" content=\"summary_large_image\" \/>\n<meta name=\"twitter:creator\" content=\"@sonoraenequipo\" \/>\n<meta name=\"twitter:site\" content=\"@sonoraenequipo\" \/>\n<meta name=\"twitter:label1\" content=\"Escrito por\" \/>\n\t<meta name=\"twitter:data1\" content=\"enequipo\" \/>\n\t<meta name=\"twitter:label2\" content=\"Tiempo de lectura\" \/>\n\t<meta name=\"twitter:data2\" content=\"2 minutos\" \/>\n<script type=\"application\/ld+json\" class=\"yoast-schema-graph\">{\"@context\":\"https:\/\/schema.org\",\"@graph\":[{\"@type\":\"Article\",\"@id\":\"https:\/\/www.sonoraenequipo.com.mx\/operativo-conjunto-asegura-vehiculos-y-municiones-en-sonoyta\/#article\",\"isPartOf\":{\"@id\":\"https:\/\/www.sonoraenequipo.com.mx\/operativo-conjunto-asegura-vehiculos-y-municiones-en-sonoyta\/\"},\"author\":{\"name\":\"enequipo\",\"@id\":\"https:\/\/www.sonoraenequipo.com.mx\/#\/schema\/person\/50102df0fb23a8fa9e8effad8fa81386\"},\"headline\":\"Operativo conjunto asegura veh\u00edculos y municiones en Sonoyta\",\"datePublished\":\"2025-01-25T00:44:52+00:00\",\"mainEntityOfPage\":{\"@id\":\"https:\/\/www.sonoraenequipo.com.mx\/operativo-conjunto-asegura-vehiculos-y-municiones-en-sonoyta\/\"},\"wordCount\":367,\"commentCount\":0,\"publisher\":{\"@id\":\"https:\/\/www.sonoraenequipo.com.mx\/#organization\"},\"image\":{\"@id\":\"https:\/\/www.sonoraenequipo.com.mx\/operativo-conjunto-asegura-vehiculos-y-municiones-en-sonoyta\/#primaryimage\"},\"thumbnailUrl\":\"https:\/\/www.sonoraenequipo.com.mx\/storage\/2025\/01\/autos-parque-sonoyta.jpg\",\"keywords\":[\"Seguridad\",\"sonoyta\"],\"articleSection\":[\"Polic\u00edaca\"],\"inLanguage\":\"es\",\"potentialAction\":[{\"@type\":\"CommentAction\",\"name\":\"Comment\",\"target\":[\"https:\/\/www.sonoraenequipo.com.mx\/operativo-conjunto-asegura-vehiculos-y-municiones-en-sonoyta\/#respond\"]}]},{\"@type\":\"WebPage\",\"@id\":\"https:\/\/www.sonoraenequipo.com.mx\/operativo-conjunto-asegura-vehiculos-y-municiones-en-sonoyta\/\",\"url\":\"https:\/\/www.sonoraenequipo.com.mx\/operativo-conjunto-asegura-vehiculos-y-municiones-en-sonoyta\/\",\"name\":\"Sonora en Equipo. Operativo conjunto asegura veh\u00edculos y municiones en Sonoyta Polic\u00edaca\",\"isPartOf\":{\"@id\":\"https:\/\/www.sonoraenequipo.com.mx\/#website\"},\"primaryImageOfPage\":{\"@id\":\"https:\/\/www.sonoraenequipo.com.mx\/operativo-conjunto-asegura-vehiculos-y-municiones-en-sonoyta\/#primaryimage\"},\"image\":{\"@id\":\"https:\/\/www.sonoraenequipo.com.mx\/operativo-conjunto-asegura-vehiculos-y-municiones-en-sonoyta\/#primaryimage\"},\"thumbnailUrl\":\"https:\/\/www.sonoraenequipo.com.mx\/storage\/2025\/01\/autos-parque-sonoyta.jpg\",\"datePublished\":\"2025-01-25T00:44:52+00:00\",\"description\":\"GENERAL PLUTARCO EL\u00cdAS CALLES, SONORA, MX. \u0336 \u0336\u00a0 \u00a024 de enero de 2025.- La Secretar\u00eda de la Defensa Nacional (DEFENSA), la Agencia Ministerial de En Sonora en Equipo publicamos toda la informaci\u00f3n de Sonora, M\u00e9xico y el Mundo de manera oportuna y busca que la libertad de expresi\u00f3n sea real. Visita nuestro medio informativo publicado desde Hermosillo, Sonora. %\",\"breadcrumb\":{\"@id\":\"https:\/\/www.sonoraenequipo.com.mx\/operativo-conjunto-asegura-vehiculos-y-municiones-en-sonoyta\/#breadcrumb\"},\"inLanguage\":\"es\",\"potentialAction\":[{\"@type\":\"ReadAction\",\"target\":[\"https:\/\/www.sonoraenequipo.com.mx\/operativo-conjunto-asegura-vehiculos-y-municiones-en-sonoyta\/\"]}]},{\"@type\":\"ImageObject\",\"inLanguage\":\"es\",\"@id\":\"https:\/\/www.sonoraenequipo.com.mx\/operativo-conjunto-asegura-vehiculos-y-municiones-en-sonoyta\/#primaryimage\",\"url\":\"https:\/\/www.sonoraenequipo.com.mx\/storage\/2025\/01\/autos-parque-sonoyta.jpg\",\"contentUrl\":\"https:\/\/www.sonoraenequipo.com.mx\/storage\/2025\/01\/autos-parque-sonoyta.jpg\",\"width\":600,\"height\":450},{\"@type\":\"BreadcrumbList\",\"@id\":\"https:\/\/www.sonoraenequipo.com.mx\/operativo-conjunto-asegura-vehiculos-y-municiones-en-sonoyta\/#breadcrumb\",\"itemListElement\":[{\"@type\":\"ListItem\",\"position\":1,\"name\":\"Portada\",\"item\":\"https:\/\/www.sonoraenequipo.com.mx\/\"},{\"@type\":\"ListItem\",\"position\":2,\"name\":\"Operativo conjunto asegura veh\u00edculos y municiones en Sonoyta\"}]},{\"@type\":\"WebSite\",\"@id\":\"https:\/\/www.sonoraenequipo.com.mx\/#website\",\"url\":\"https:\/\/www.sonoraenequipo.com.mx\/\",\"name\":\"Sonora en Equipo.\",\"description\":\"Diario en l\u00ednea con Noticias desde Hermosillo, Sonora\",\"publisher\":{\"@id\":\"https:\/\/www.sonoraenequipo.com.mx\/#organization\"},\"potentialAction\":[{\"@type\":\"SearchAction\",\"target\":{\"@type\":\"EntryPoint\",\"urlTemplate\":\"https:\/\/www.sonoraenequipo.com.mx\/?s={search_term_string}\"},\"query-input\":{\"@type\":\"PropertyValueSpecification\",\"valueRequired\":true,\"valueName\":\"search_term_string\"}}],\"inLanguage\":\"es\"},{\"@type\":\"Organization\",\"@id\":\"https:\/\/www.sonoraenequipo.com.mx\/#organization\",\"name\":\"Sonoraenequipo.com.mx\",\"url\":\"https:\/\/www.sonoraenequipo.com.mx\/\",\"logo\":{\"@type\":\"ImageObject\",\"inLanguage\":\"es\",\"@id\":\"https:\/\/www.sonoraenequipo.com.mx\/#\/schema\/logo\/image\/\",\"url\":\"https:\/\/www.sonoraenequipo.com.mx\/storage\/2019\/01\/sonoraenequipo_opt.png\",\"contentUrl\":\"https:\/\/www.sonoraenequipo.com.mx\/storage\/2019\/01\/sonoraenequipo_opt.png\",\"width\":375,\"height\":125,\"caption\":\"Sonoraenequipo.com.mx\"},\"image\":{\"@id\":\"https:\/\/www.sonoraenequipo.com.mx\/#\/schema\/logo\/image\/\"},\"sameAs\":[\"https:\/\/www.facebook.com\/SonoraEE\/\",\"https:\/\/x.com\/sonoraenequipo\",\"https:\/\/www.youtube.com\/channel\/UC338nW-lPEYmJQs4ZABQ1SQ\"]},{\"@type\":\"Person\",\"@id\":\"https:\/\/www.sonoraenequipo.com.mx\/#\/schema\/person\/50102df0fb23a8fa9e8effad8fa81386\",\"name\":\"enequipo\",\"image\":{\"@type\":\"ImageObject\",\"inLanguage\":\"es\",\"@id\":\"https:\/\/www.sonoraenequipo.com.mx\/#\/schema\/person\/image\/\",\"url\":\"https:\/\/secure.gravatar.com\/avatar\/049821681b589dabc0bc20695993ccebb09f5b5d4d790cd9251b97faac7c652b?s=96&d=blank&r=g\",\"contentUrl\":\"https:\/\/secure.gravatar.com\/avatar\/049821681b589dabc0bc20695993ccebb09f5b5d4d790cd9251b97faac7c652b?s=96&d=blank&r=g\",\"caption\":\"enequipo\"},\"sameAs\":[\"https:\/\/www.facebook.com\/SonoraEE\"]}]}<\/script>\n ","yoast_head_json":{"title":"Sonora en Equipo. Operativo conjunto asegura veh\u00edculos y municiones en Sonoyta Polic\u00edaca","description":"GENERAL PLUTARCO EL\u00cdAS CALLES, SONORA, MX. \u0336 \u0336\u00a0 \u00a024 de enero de 2025.- La Secretar\u00eda de la Defensa Nacional (DEFENSA), la Agencia Ministerial de En Sonora en Equipo publicamos toda la informaci\u00f3n de Sonora, M\u00e9xico y el Mundo de manera oportuna y busca que la libertad de expresi\u00f3n sea real. Visita nuestro medio informativo publicado desde Hermosillo, Sonora. %","robots":{"index":"index","follow":"follow","max-snippet":"max-snippet:-1","max-image-preview":"max-image-preview:large","max-video-preview":"max-video-preview:-1"},"canonical":"https:\/\/www.sonoraenequipo.com.mx\/operativo-conjunto-asegura-vehiculos-y-municiones-en-sonoyta\/","og_locale":"es_ES","og_type":"article","og_title":"Sonora en Equipo. Operativo conjunto asegura veh\u00edculos y municiones en Sonoyta Polic\u00edaca","og_description":"GENERAL PLUTARCO EL\u00cdAS CALLES, SONORA, MX. \u0336 \u0336\u00a0 \u00a024 de enero de 2025.- La Secretar\u00eda de la Defensa Nacional (DEFENSA), la Agencia Ministerial de En Sonora en Equipo publicamos toda la informaci\u00f3n de Sonora, M\u00e9xico y el Mundo de manera oportuna y busca que la libertad de expresi\u00f3n sea real. Visita nuestro medio informativo publicado desde Hermosillo, Sonora. %","og_url":"https:\/\/www.sonoraenequipo.com.mx\/operativo-conjunto-asegura-vehiculos-y-municiones-en-sonoyta\/","og_site_name":"Sonora en Equipo.","article_publisher":"https:\/\/www.facebook.com\/SonoraEE\/","article_author":"https:\/\/www.facebook.com\/SonoraEE","article_published_time":"2025-01-25T00:44:52+00:00","og_image":[{"width":600,"height":450,"url":"https:\/\/www.sonoraenequipo.com.mx\/storage\/2025\/01\/autos-parque-sonoyta.jpg","type":"image\/jpeg"}],"author":"enequipo","twitter_card":"summary_large_image","twitter_creator":"@sonoraenequipo","twitter_site":"@sonoraenequipo","twitter_misc":{"Escrito por":"enequipo","Tiempo de lectura":"2 minutos"},"schema":{"@context":"https:\/\/schema.org","@graph":[{"@type":"Article","@id":"https:\/\/www.sonoraenequipo.com.mx\/operativo-conjunto-asegura-vehiculos-y-municiones-en-sonoyta\/#article","isPartOf":{"@id":"https:\/\/www.sonoraenequipo.com.mx\/operativo-conjunto-asegura-vehiculos-y-municiones-en-sonoyta\/"},"author":{"name":"enequipo","@id":"https:\/\/www.sonoraenequipo.com.mx\/#\/schema\/person\/50102df0fb23a8fa9e8effad8fa81386"},"headline":"Operativo conjunto asegura veh\u00edculos y municiones en Sonoyta","datePublished":"2025-01-25T00:44:52+00:00","mainEntityOfPage":{"@id":"https:\/\/www.sonoraenequipo.com.mx\/operativo-conjunto-asegura-vehiculos-y-municiones-en-sonoyta\/"},"wordCount":367,"commentCount":0,"publisher":{"@id":"https:\/\/www.sonoraenequipo.com.mx\/#organization"},"image":{"@id":"https:\/\/www.sonoraenequipo.com.mx\/operativo-conjunto-asegura-vehiculos-y-municiones-en-sonoyta\/#primaryimage"},"thumbnailUrl":"https:\/\/www.sonoraenequipo.com.mx\/storage\/2025\/01\/autos-parque-sonoyta.jpg","keywords":["Seguridad","sonoyta"],"articleSection":["Polic\u00edaca"],"inLanguage":"es","potentialAction":[{"@type":"CommentAction","name":"Comment","target":["https:\/\/www.sonoraenequipo.com.mx\/operativo-conjunto-asegura-vehiculos-y-municiones-en-sonoyta\/#respond"]}]},{"@type":"WebPage","@id":"https:\/\/www.sonoraenequipo.com.mx\/operativo-conjunto-asegura-vehiculos-y-municiones-en-sonoyta\/","url":"https:\/\/www.sonoraenequipo.com.mx\/operativo-conjunto-asegura-vehiculos-y-municiones-en-sonoyta\/","name":"Sonora en Equipo. Operativo conjunto asegura veh\u00edculos y municiones en Sonoyta Polic\u00edaca","isPartOf":{"@id":"https:\/\/www.sonoraenequipo.com.mx\/#website"},"primaryImageOfPage":{"@id":"https:\/\/www.sonoraenequipo.com.mx\/operativo-conjunto-asegura-vehiculos-y-municiones-en-sonoyta\/#primaryimage"},"image":{"@id":"https:\/\/www.sonoraenequipo.com.mx\/operativo-conjunto-asegura-vehiculos-y-municiones-en-sonoyta\/#primaryimage"},"thumbnailUrl":"https:\/\/www.sonoraenequipo.com.mx\/storage\/2025\/01\/autos-parque-sonoyta.jpg","datePublished":"2025-01-25T00:44:52+00:00","description":"GENERAL PLUTARCO EL\u00cdAS CALLES, SONORA, MX. \u0336 \u0336\u00a0 \u00a024 de enero de 2025.- La Secretar\u00eda de la Defensa Nacional (DEFENSA), la Agencia Ministerial de En Sonora en Equipo publicamos toda la informaci\u00f3n de Sonora, M\u00e9xico y el Mundo de manera oportuna y busca que la libertad de expresi\u00f3n sea real. Visita nuestro medio informativo publicado desde Hermosillo, Sonora. %","breadcrumb":{"@id":"https:\/\/www.sonoraenequipo.com.mx\/operativo-conjunto-asegura-vehiculos-y-municiones-en-sonoyta\/#breadcrumb"},"inLanguage":"es","potentialAction":[{"@type":"ReadAction","target":["https:\/\/www.sonoraenequipo.com.mx\/operativo-conjunto-asegura-vehiculos-y-municiones-en-sonoyta\/"]}]},{"@type":"ImageObject","inLanguage":"es","@id":"https:\/\/www.sonoraenequipo.com.mx\/operativo-conjunto-asegura-vehiculos-y-municiones-en-sonoyta\/#primaryimage","url":"https:\/\/www.sonoraenequipo.com.mx\/storage\/2025\/01\/autos-parque-sonoyta.jpg","contentUrl":"https:\/\/www.sonoraenequipo.com.mx\/storage\/2025\/01\/autos-parque-sonoyta.jpg","width":600,"height":450},{"@type":"BreadcrumbList","@id":"https:\/\/www.sonoraenequipo.com.mx\/operativo-conjunto-asegura-vehiculos-y-municiones-en-sonoyta\/#breadcrumb","itemListElement":[{"@type":"ListItem","position":1,"name":"Portada","item":"https:\/\/www.sonoraenequipo.com.mx\/"},{"@type":"ListItem","position":2,"name":"Operativo conjunto asegura veh\u00edculos y municiones en Sonoyta"}]},{"@type":"WebSite","@id":"https:\/\/www.sonoraenequipo.com.mx\/#website","url":"https:\/\/www.sonoraenequipo.com.mx\/","name":"Sonora en Equipo.","description":"Diario en l\u00ednea con Noticias desde Hermosillo, Sonora","publisher":{"@id":"https:\/\/www.sonoraenequipo.com.mx\/#organization"},"potentialAction":[{"@type":"SearchAction","target":{"@type":"EntryPoint","urlTemplate":"https:\/\/www.sonoraenequipo.com.mx\/?s={search_term_string}"},"query-input":{"@type":"PropertyValueSpecification","valueRequired":true,"valueName":"search_term_string"}}],"inLanguage":"es"},{"@type":"Organization","@id":"https:\/\/www.sonoraenequipo.com.mx\/#organization","name":"Sonoraenequipo.com.mx","url":"https:\/\/www.sonoraenequipo.com.mx\/","logo":{"@type":"ImageObject","inLanguage":"es","@id":"https:\/\/www.sonoraenequipo.com.mx\/#\/schema\/logo\/image\/","url":"https:\/\/www.sonoraenequipo.com.mx\/storage\/2019\/01\/sonoraenequipo_opt.png","contentUrl":"https:\/\/www.sonoraenequipo.com.mx\/storage\/2019\/01\/sonoraenequipo_opt.png","width":375,"height":125,"caption":"Sonoraenequipo.com.mx"},"image":{"@id":"https:\/\/www.sonoraenequipo.com.mx\/#\/schema\/logo\/image\/"},"sameAs":["https:\/\/www.facebook.com\/SonoraEE\/","https:\/\/x.com\/sonoraenequipo","https:\/\/www.youtube.com\/channel\/UC338nW-lPEYmJQs4ZABQ1SQ"]},{"@type":"Person","@id":"https:\/\/www.sonoraenequipo.com.mx\/#\/schema\/person\/50102df0fb23a8fa9e8effad8fa81386","name":"enequipo","image":{"@type":"ImageObject","inLanguage":"es","@id":"https:\/\/www.sonoraenequipo.com.mx\/#\/schema\/person\/image\/","url":"https:\/\/secure.gravatar.com\/avatar\/049821681b589dabc0bc20695993ccebb09f5b5d4d790cd9251b97faac7c652b?s=96&d=blank&r=g","contentUrl":"https:\/\/secure.gravatar.com\/avatar\/049821681b589dabc0bc20695993ccebb09f5b5d4d790cd9251b97faac7c652b?s=96&d=blank&r=g","caption":"enequipo"},"sameAs":["https:\/\/www.facebook.com\/SonoraEE"]}]}},"jetpack_featured_media_url":"https:\/\/www.sonoraenequipo.com.mx\/storage\/2025\/01\/autos-parque-sonoyta.jpg","_links":{"self":[{"href":"https:\/\/www.sonoraenequipo.com.mx\/api\/wp\/v2\/posts\/208472","targetHints":{"allow":["GET"]}}],"collection":[{"href":"https:\/\/www.sonoraenequipo.com.mx\/api\/wp\/v2\/posts"}],"about":[{"href":"https:\/\/www.sonoraenequipo.com.mx\/api\/wp\/v2\/types\/post"}],"author":[{"embeddable":true,"href":"https:\/\/www.sonoraenequipo.com.mx\/api\/wp\/v2\/users\/1"}],"replies":[{"embeddable":true,"href":"https:\/\/www.sonoraenequipo.com.mx\/api\/wp\/v2\/comments?post=208472"}],"version-history":[{"count":1,"href":"https:\/\/www.sonoraenequipo.com.mx\/api\/wp\/v2\/posts\/208472\/revisions"}],"predecessor-version":[{"id":208474,"href":"https:\/\/www.sonoraenequipo.com.mx\/api\/wp\/v2\/posts\/208472\/revisions\/208474"}],"wp:featuredmedia":[{"embeddable":true,"href":"https:\/\/www.sonoraenequipo.com.mx\/api\/wp\/v2\/media\/208473"}],"wp:attachment":[{"href":"https:\/\/www.sonoraenequipo.com.mx\/api\/wp\/v2\/media?parent=208472"}],"wp:term":[{"taxonomy":"category","embeddable":true,"href":"https:\/\/www.sonoraenequipo.com.mx\/api\/wp\/v2\/categories?post=208472"},{"taxonomy":"post_tag","embeddable":true,"href":"https:\/\/www.sonoraenequipo.com.mx\/api\/wp\/v2\/tags?post=208472"}],"curies":[{"name":"wp","href":"https:\/\/api.w.org\/{rel}","templated":true}]}}