{"id":208478,"date":"2025-01-24T18:22:11","date_gmt":"2025-01-25T01:22:11","guid":{"rendered":"https:\/\/www.sonoraenequipo.com.mx\/?p=208478"},"modified":"2025-01-24T18:23:06","modified_gmt":"2025-01-25T01:23:06","slug":"coordina-ayuntamiento-de-hermosillo-acciones-para-asistir-a-poblacion-vulnerable-ante-llegada-del-frente-frio-25","status":"publish","type":"post","link":"https:\/\/www.sonoraenequipo.com.mx\/coordina-ayuntamiento-de-hermosillo-acciones-para-asistir-a-poblacion-vulnerable-ante-llegada-del-frente-frio-25\/","title":{"rendered":"Coordina gobierno de Hermosillo acciones para asistir a poblaci\u00f3n vulnerable ante llegada del frente fr\u00edo 25"},"content":{"rendered":"<p>&nbsp;<\/p>\n<p><strong>HERMOSILLO, SONORA, MX.<\/strong> \u2014Ante el descenso de temperaturas de 9 grados celsius durante la madrugada del viernes, personal del Ayuntamiento de Hermosillo brind\u00f3 albergue temporal a 25 adultos del \u00e1rea urbana y rural.<\/p>\n<p>&nbsp;<\/p>\n<p>&nbsp;<\/p>\n<p>&nbsp;<\/p>\n<p>Fernando Morales Flores, titular de la Coordinaci\u00f3n Municipal de Protecci\u00f3n Civil (CMPC) record\u00f3 que se mantienen activos los albergues como el Centro H\u00e1bitat Caf\u00e9 Combate que recibi\u00f3 a 5 personas, Solidaridad I donde acudi\u00f3 una y 19 en el Poblado Miguel Alem\u00e1n como parte de las acciones que el Ayuntamiento de Hermosillo lleva a cabo.<\/p>\n<p>&nbsp;<\/p>\n<p>&nbsp;<\/p>\n<p>&nbsp;<\/p>\n<p>\u201cPrevenir a la poblaci\u00f3n que el domingo estar\u00eda entrando a Sonora el frente fr\u00edo n\u00famero 25 y eso se ver\u00e1 reflejado en que volver\u00e1n a descender las temperaturas. Continuamos con los albergues abiertos y recorridos\u201d, agreg\u00f3.<\/p>\n<p>&nbsp;<\/p>\n<p>&nbsp;<\/p>\n<p>&nbsp;<\/p>\n<p>Para este fin de semana, se pronostican temperaturas m\u00ednimas de 9 grados cent\u00edgrados con m\u00e1ximas de 29 grados el viernes, 27 el s\u00e1bado y 26 el domingo en la capital sonorense.<\/p>\n<p>&nbsp;<\/p>\n<p>&nbsp;<\/p>\n<p>&nbsp;<\/p>\n<p>El Ayuntamiento de Hermosillo recuerda la importancia de mantener una ventilaci\u00f3n adecuada para personas que utilicen un calefactor en sus hogares, esto, con la finalidad de evitar intoxicaciones por mon\u00f3xido de carbono.<\/p>\n<p><strong>Fecha de publicaci\u00f3n&nbsp; viernes 24<\/strong><strong> de enero de 2025<\/strong><\/p>\n","protected":false},"excerpt":{"rendered":"<p>&nbsp; HERMOSILLO, SONORA, MX. \u2014Ante el descenso de temperaturas de 9 grados celsius durante la&#8230;<\/p>\n","protected":false},"author":1,"featured_media":207396,"comment_status":"open","ping_status":"open","sticky":false,"template":"","format":"standard","meta":{"_monsterinsights_skip_tracking":false,"_monsterinsights_sitenote_active":false,"_monsterinsights_sitenote_note":"","_monsterinsights_sitenote_category":0,"footnotes":""},"categories":[4],"tags":[],"class_list":["post"],"yoast_head":" \n<title>Sonora en Equipo. Coordina gobierno de Hermosillo acciones para asistir a poblaci\u00f3n vulnerable ante llegada del frente fr\u00edo 25 Municipios<\/title>\n<meta name=\"description\" content=\"&nbsp; HERMOSILLO, SONORA, MX. \u2014Ante el descenso de temperaturas de 9 grados celsius durante la madrugada del viernes, personal del Ayuntamiento de En Sonora en Equipo publicamos toda la informaci\u00f3n de Sonora, M\u00e9xico y el Mundo de manera oportuna y busca que la libertad de expresi\u00f3n sea real. Visita nuestro medio informativo publicado desde Hermosillo, Sonora. %\" \/>\n<meta name=\"robots\" content=\"index, follow, max-snippet:-1, max-image-preview:large, max-video-preview:-1\" \/>\n<link rel=\"canonical\" href=\"https:\/\/www.sonoraenequipo.com.mx\/coordina-ayuntamiento-de-hermosillo-acciones-para-asistir-a-poblacion-vulnerable-ante-llegada-del-frente-frio-25\/\" \/>\n<meta property=\"og:locale\" content=\"es_ES\" \/>\n<meta property=\"og:type\" content=\"article\" \/>\n<meta property=\"og:title\" content=\"Sonora en Equipo. Coordina gobierno de Hermosillo acciones para asistir a poblaci\u00f3n vulnerable ante llegada del frente fr\u00edo 25 Municipios\" \/>\n<meta property=\"og:description\" content=\"&nbsp; HERMOSILLO, SONORA, MX. \u2014Ante el descenso de temperaturas de 9 grados celsius durante la madrugada del viernes, personal del Ayuntamiento de En Sonora en Equipo publicamos toda la informaci\u00f3n de Sonora, M\u00e9xico y el Mundo de manera oportuna y busca que la libertad de expresi\u00f3n sea real. Visita nuestro medio informativo publicado desde Hermosillo, Sonora. %\" \/>\n<meta property=\"og:url\" content=\"https:\/\/www.sonoraenequipo.com.mx\/coordina-ayuntamiento-de-hermosillo-acciones-para-asistir-a-poblacion-vulnerable-ante-llegada-del-frente-frio-25\/\" \/>\n<meta property=\"og:site_name\" content=\"Sonora en Equipo.\" \/>\n<meta property=\"article:publisher\" content=\"https:\/\/www.facebook.com\/SonoraEE\/\" \/>\n<meta property=\"article:author\" content=\"https:\/\/www.facebook.com\/SonoraEE\" \/>\n<meta property=\"article:published_time\" content=\"2025-01-25T01:22:11+00:00\" \/>\n<meta property=\"article:modified_time\" content=\"2025-01-25T01:23:06+00:00\" \/>\n<meta property=\"og:image\" content=\"https:\/\/www.sonoraenequipo.com.mx\/storage\/2025\/01\/albergues.jpg\" \/>\n\t<meta property=\"og:image:width\" content=\"600\" \/>\n\t<meta property=\"og:image:height\" content=\"400\" \/>\n\t<meta property=\"og:image:type\" content=\"image\/jpeg\" \/>\n<meta name=\"author\" content=\"enequipo\" \/>\n<meta name=\"twitter:card\" content=\"summary_large_image\" \/>\n<meta name=\"twitter:creator\" content=\"@sonoraenequipo\" \/>\n<meta name=\"twitter:site\" content=\"@sonoraenequipo\" \/>\n<meta name=\"twitter:label1\" content=\"Escrito por\" \/>\n\t<meta name=\"twitter:data1\" content=\"enequipo\" \/>\n\t<meta name=\"twitter:label2\" content=\"Tiempo de lectura\" \/>\n\t<meta name=\"twitter:data2\" content=\"1 minuto\" \/>\n<script type=\"application\/ld+json\" class=\"yoast-schema-graph\">{\"@context\":\"https:\/\/schema.org\",\"@graph\":[{\"@type\":\"Article\",\"@id\":\"https:\/\/www.sonoraenequipo.com.mx\/coordina-ayuntamiento-de-hermosillo-acciones-para-asistir-a-poblacion-vulnerable-ante-llegada-del-frente-frio-25\/#article\",\"isPartOf\":{\"@id\":\"https:\/\/www.sonoraenequipo.com.mx\/coordina-ayuntamiento-de-hermosillo-acciones-para-asistir-a-poblacion-vulnerable-ante-llegada-del-frente-frio-25\/\"},\"author\":{\"name\":\"enequipo\",\"@id\":\"https:\/\/www.sonoraenequipo.com.mx\/#\/schema\/person\/50102df0fb23a8fa9e8effad8fa81386\"},\"headline\":\"Coordina gobierno de Hermosillo acciones para asistir a poblaci\u00f3n vulnerable ante llegada del frente fr\u00edo 25\",\"datePublished\":\"2025-01-25T01:22:11+00:00\",\"dateModified\":\"2025-01-25T01:23:06+00:00\",\"mainEntityOfPage\":{\"@id\":\"https:\/\/www.sonoraenequipo.com.mx\/coordina-ayuntamiento-de-hermosillo-acciones-para-asistir-a-poblacion-vulnerable-ante-llegada-del-frente-frio-25\/\"},\"wordCount\":232,\"commentCount\":0,\"publisher\":{\"@id\":\"https:\/\/www.sonoraenequipo.com.mx\/#organization\"},\"image\":{\"@id\":\"https:\/\/www.sonoraenequipo.com.mx\/coordina-ayuntamiento-de-hermosillo-acciones-para-asistir-a-poblacion-vulnerable-ante-llegada-del-frente-frio-25\/#primaryimage\"},\"thumbnailUrl\":\"https:\/\/www.sonoraenequipo.com.mx\/storage\/2025\/01\/albergues.jpg\",\"articleSection\":[\"Municipios\"],\"inLanguage\":\"es\",\"potentialAction\":[{\"@type\":\"CommentAction\",\"name\":\"Comment\",\"target\":[\"https:\/\/www.sonoraenequipo.com.mx\/coordina-ayuntamiento-de-hermosillo-acciones-para-asistir-a-poblacion-vulnerable-ante-llegada-del-frente-frio-25\/#respond\"]}]},{\"@type\":\"WebPage\",\"@id\":\"https:\/\/www.sonoraenequipo.com.mx\/coordina-ayuntamiento-de-hermosillo-acciones-para-asistir-a-poblacion-vulnerable-ante-llegada-del-frente-frio-25\/\",\"url\":\"https:\/\/www.sonoraenequipo.com.mx\/coordina-ayuntamiento-de-hermosillo-acciones-para-asistir-a-poblacion-vulnerable-ante-llegada-del-frente-frio-25\/\",\"name\":\"Sonora en Equipo. Coordina gobierno de Hermosillo acciones para asistir a poblaci\u00f3n vulnerable ante llegada del frente fr\u00edo 25 Municipios\",\"isPartOf\":{\"@id\":\"https:\/\/www.sonoraenequipo.com.mx\/#website\"},\"primaryImageOfPage\":{\"@id\":\"https:\/\/www.sonoraenequipo.com.mx\/coordina-ayuntamiento-de-hermosillo-acciones-para-asistir-a-poblacion-vulnerable-ante-llegada-del-frente-frio-25\/#primaryimage\"},\"image\":{\"@id\":\"https:\/\/www.sonoraenequipo.com.mx\/coordina-ayuntamiento-de-hermosillo-acciones-para-asistir-a-poblacion-vulnerable-ante-llegada-del-frente-frio-25\/#primaryimage\"},\"thumbnailUrl\":\"https:\/\/www.sonoraenequipo.com.mx\/storage\/2025\/01\/albergues.jpg\",\"datePublished\":\"2025-01-25T01:22:11+00:00\",\"dateModified\":\"2025-01-25T01:23:06+00:00\",\"description\":\"&nbsp; HERMOSILLO, SONORA, MX. \u2014Ante el descenso de temperaturas de 9 grados celsius durante la madrugada del viernes, personal del Ayuntamiento de En Sonora en Equipo publicamos toda la informaci\u00f3n de Sonora, M\u00e9xico y el Mundo de manera oportuna y busca que la libertad de expresi\u00f3n sea real. Visita nuestro medio informativo publicado desde Hermosillo, Sonora. %\",\"breadcrumb\":{\"@id\":\"https:\/\/www.sonoraenequipo.com.mx\/coordina-ayuntamiento-de-hermosillo-acciones-para-asistir-a-poblacion-vulnerable-ante-llegada-del-frente-frio-25\/#breadcrumb\"},\"inLanguage\":\"es\",\"potentialAction\":[{\"@type\":\"ReadAction\",\"target\":[\"https:\/\/www.sonoraenequipo.com.mx\/coordina-ayuntamiento-de-hermosillo-acciones-para-asistir-a-poblacion-vulnerable-ante-llegada-del-frente-frio-25\/\"]}]},{\"@type\":\"ImageObject\",\"inLanguage\":\"es\",\"@id\":\"https:\/\/www.sonoraenequipo.com.mx\/coordina-ayuntamiento-de-hermosillo-acciones-para-asistir-a-poblacion-vulnerable-ante-llegada-del-frente-frio-25\/#primaryimage\",\"url\":\"https:\/\/www.sonoraenequipo.com.mx\/storage\/2025\/01\/albergues.jpg\",\"contentUrl\":\"https:\/\/www.sonoraenequipo.com.mx\/storage\/2025\/01\/albergues.jpg\",\"width\":600,\"height\":400},{\"@type\":\"BreadcrumbList\",\"@id\":\"https:\/\/www.sonoraenequipo.com.mx\/coordina-ayuntamiento-de-hermosillo-acciones-para-asistir-a-poblacion-vulnerable-ante-llegada-del-frente-frio-25\/#breadcrumb\",\"itemListElement\":[{\"@type\":\"ListItem\",\"position\":1,\"name\":\"Portada\",\"item\":\"https:\/\/www.sonoraenequipo.com.mx\/\"},{\"@type\":\"ListItem\",\"position\":2,\"name\":\"Coordina gobierno de Hermosillo acciones para asistir a poblaci\u00f3n vulnerable ante llegada del frente fr\u00edo 25\"}]},{\"@type\":\"WebSite\",\"@id\":\"https:\/\/www.sonoraenequipo.com.mx\/#website\",\"url\":\"https:\/\/www.sonoraenequipo.com.mx\/\",\"name\":\"Sonora en Equipo.\",\"description\":\"Diario en l\u00ednea con Noticias desde Hermosillo, Sonora\",\"publisher\":{\"@id\":\"https:\/\/www.sonoraenequipo.com.mx\/#organization\"},\"potentialAction\":[{\"@type\":\"SearchAction\",\"target\":{\"@type\":\"EntryPoint\",\"urlTemplate\":\"https:\/\/www.sonoraenequipo.com.mx\/?s={search_term_string}\"},\"query-input\":{\"@type\":\"PropertyValueSpecification\",\"valueRequired\":true,\"valueName\":\"search_term_string\"}}],\"inLanguage\":\"es\"},{\"@type\":\"Organization\",\"@id\":\"https:\/\/www.sonoraenequipo.com.mx\/#organization\",\"name\":\"Sonoraenequipo.com.mx\",\"url\":\"https:\/\/www.sonoraenequipo.com.mx\/\",\"logo\":{\"@type\":\"ImageObject\",\"inLanguage\":\"es\",\"@id\":\"https:\/\/www.sonoraenequipo.com.mx\/#\/schema\/logo\/image\/\",\"url\":\"https:\/\/www.sonoraenequipo.com.mx\/storage\/2019\/01\/sonoraenequipo_opt.png\",\"contentUrl\":\"https:\/\/www.sonoraenequipo.com.mx\/storage\/2019\/01\/sonoraenequipo_opt.png\",\"width\":375,\"height\":125,\"caption\":\"Sonoraenequipo.com.mx\"},\"image\":{\"@id\":\"https:\/\/www.sonoraenequipo.com.mx\/#\/schema\/logo\/image\/\"},\"sameAs\":[\"https:\/\/www.facebook.com\/SonoraEE\/\",\"https:\/\/x.com\/sonoraenequipo\",\"https:\/\/www.youtube.com\/channel\/UC338nW-lPEYmJQs4ZABQ1SQ\"]},{\"@type\":\"Person\",\"@id\":\"https:\/\/www.sonoraenequipo.com.mx\/#\/schema\/person\/50102df0fb23a8fa9e8effad8fa81386\",\"name\":\"enequipo\",\"image\":{\"@type\":\"ImageObject\",\"inLanguage\":\"es\",\"@id\":\"https:\/\/www.sonoraenequipo.com.mx\/#\/schema\/person\/image\/\",\"url\":\"https:\/\/secure.gravatar.com\/avatar\/049821681b589dabc0bc20695993ccebb09f5b5d4d790cd9251b97faac7c652b?s=96&d=blank&r=g\",\"contentUrl\":\"https:\/\/secure.gravatar.com\/avatar\/049821681b589dabc0bc20695993ccebb09f5b5d4d790cd9251b97faac7c652b?s=96&d=blank&r=g\",\"caption\":\"enequipo\"},\"sameAs\":[\"https:\/\/www.facebook.com\/SonoraEE\"]}]}<\/script>\n ","yoast_head_json":{"title":"Sonora en Equipo. Coordina gobierno de Hermosillo acciones para asistir a poblaci\u00f3n vulnerable ante llegada del frente fr\u00edo 25 Municipios","description":"&nbsp; HERMOSILLO, SONORA, MX. \u2014Ante el descenso de temperaturas de 9 grados celsius durante la madrugada del viernes, personal del Ayuntamiento de En Sonora en Equipo publicamos toda la informaci\u00f3n de Sonora, M\u00e9xico y el Mundo de manera oportuna y busca que la libertad de expresi\u00f3n sea real. Visita nuestro medio informativo publicado desde Hermosillo, Sonora. %","robots":{"index":"index","follow":"follow","max-snippet":"max-snippet:-1","max-image-preview":"max-image-preview:large","max-video-preview":"max-video-preview:-1"},"canonical":"https:\/\/www.sonoraenequipo.com.mx\/coordina-ayuntamiento-de-hermosillo-acciones-para-asistir-a-poblacion-vulnerable-ante-llegada-del-frente-frio-25\/","og_locale":"es_ES","og_type":"article","og_title":"Sonora en Equipo. Coordina gobierno de Hermosillo acciones para asistir a poblaci\u00f3n vulnerable ante llegada del frente fr\u00edo 25 Municipios","og_description":"&nbsp; HERMOSILLO, SONORA, MX. \u2014Ante el descenso de temperaturas de 9 grados celsius durante la madrugada del viernes, personal del Ayuntamiento de En Sonora en Equipo publicamos toda la informaci\u00f3n de Sonora, M\u00e9xico y el Mundo de manera oportuna y busca que la libertad de expresi\u00f3n sea real. Visita nuestro medio informativo publicado desde Hermosillo, Sonora. %","og_url":"https:\/\/www.sonoraenequipo.com.mx\/coordina-ayuntamiento-de-hermosillo-acciones-para-asistir-a-poblacion-vulnerable-ante-llegada-del-frente-frio-25\/","og_site_name":"Sonora en Equipo.","article_publisher":"https:\/\/www.facebook.com\/SonoraEE\/","article_author":"https:\/\/www.facebook.com\/SonoraEE","article_published_time":"2025-01-25T01:22:11+00:00","article_modified_time":"2025-01-25T01:23:06+00:00","og_image":[{"width":600,"height":400,"url":"https:\/\/www.sonoraenequipo.com.mx\/storage\/2025\/01\/albergues.jpg","type":"image\/jpeg"}],"author":"enequipo","twitter_card":"summary_large_image","twitter_creator":"@sonoraenequipo","twitter_site":"@sonoraenequipo","twitter_misc":{"Escrito por":"enequipo","Tiempo de lectura":"1 minuto"},"schema":{"@context":"https:\/\/schema.org","@graph":[{"@type":"Article","@id":"https:\/\/www.sonoraenequipo.com.mx\/coordina-ayuntamiento-de-hermosillo-acciones-para-asistir-a-poblacion-vulnerable-ante-llegada-del-frente-frio-25\/#article","isPartOf":{"@id":"https:\/\/www.sonoraenequipo.com.mx\/coordina-ayuntamiento-de-hermosillo-acciones-para-asistir-a-poblacion-vulnerable-ante-llegada-del-frente-frio-25\/"},"author":{"name":"enequipo","@id":"https:\/\/www.sonoraenequipo.com.mx\/#\/schema\/person\/50102df0fb23a8fa9e8effad8fa81386"},"headline":"Coordina gobierno de Hermosillo acciones para asistir a poblaci\u00f3n vulnerable ante llegada del frente fr\u00edo 25","datePublished":"2025-01-25T01:22:11+00:00","dateModified":"2025-01-25T01:23:06+00:00","mainEntityOfPage":{"@id":"https:\/\/www.sonoraenequipo.com.mx\/coordina-ayuntamiento-de-hermosillo-acciones-para-asistir-a-poblacion-vulnerable-ante-llegada-del-frente-frio-25\/"},"wordCount":232,"commentCount":0,"publisher":{"@id":"https:\/\/www.sonoraenequipo.com.mx\/#organization"},"image":{"@id":"https:\/\/www.sonoraenequipo.com.mx\/coordina-ayuntamiento-de-hermosillo-acciones-para-asistir-a-poblacion-vulnerable-ante-llegada-del-frente-frio-25\/#primaryimage"},"thumbnailUrl":"https:\/\/www.sonoraenequipo.com.mx\/storage\/2025\/01\/albergues.jpg","articleSection":["Municipios"],"inLanguage":"es","potentialAction":[{"@type":"CommentAction","name":"Comment","target":["https:\/\/www.sonoraenequipo.com.mx\/coordina-ayuntamiento-de-hermosillo-acciones-para-asistir-a-poblacion-vulnerable-ante-llegada-del-frente-frio-25\/#respond"]}]},{"@type":"WebPage","@id":"https:\/\/www.sonoraenequipo.com.mx\/coordina-ayuntamiento-de-hermosillo-acciones-para-asistir-a-poblacion-vulnerable-ante-llegada-del-frente-frio-25\/","url":"https:\/\/www.sonoraenequipo.com.mx\/coordina-ayuntamiento-de-hermosillo-acciones-para-asistir-a-poblacion-vulnerable-ante-llegada-del-frente-frio-25\/","name":"Sonora en Equipo. Coordina gobierno de Hermosillo acciones para asistir a poblaci\u00f3n vulnerable ante llegada del frente fr\u00edo 25 Municipios","isPartOf":{"@id":"https:\/\/www.sonoraenequipo.com.mx\/#website"},"primaryImageOfPage":{"@id":"https:\/\/www.sonoraenequipo.com.mx\/coordina-ayuntamiento-de-hermosillo-acciones-para-asistir-a-poblacion-vulnerable-ante-llegada-del-frente-frio-25\/#primaryimage"},"image":{"@id":"https:\/\/www.sonoraenequipo.com.mx\/coordina-ayuntamiento-de-hermosillo-acciones-para-asistir-a-poblacion-vulnerable-ante-llegada-del-frente-frio-25\/#primaryimage"},"thumbnailUrl":"https:\/\/www.sonoraenequipo.com.mx\/storage\/2025\/01\/albergues.jpg","datePublished":"2025-01-25T01:22:11+00:00","dateModified":"2025-01-25T01:23:06+00:00","description":"&nbsp; HERMOSILLO, SONORA, MX. \u2014Ante el descenso de temperaturas de 9 grados celsius durante la madrugada del viernes, personal del Ayuntamiento de En Sonora en Equipo publicamos toda la informaci\u00f3n de Sonora, M\u00e9xico y el Mundo de manera oportuna y busca que la libertad de expresi\u00f3n sea real. Visita nuestro medio informativo publicado desde Hermosillo, Sonora. %","breadcrumb":{"@id":"https:\/\/www.sonoraenequipo.com.mx\/coordina-ayuntamiento-de-hermosillo-acciones-para-asistir-a-poblacion-vulnerable-ante-llegada-del-frente-frio-25\/#breadcrumb"},"inLanguage":"es","potentialAction":[{"@type":"ReadAction","target":["https:\/\/www.sonoraenequipo.com.mx\/coordina-ayuntamiento-de-hermosillo-acciones-para-asistir-a-poblacion-vulnerable-ante-llegada-del-frente-frio-25\/"]}]},{"@type":"ImageObject","inLanguage":"es","@id":"https:\/\/www.sonoraenequipo.com.mx\/coordina-ayuntamiento-de-hermosillo-acciones-para-asistir-a-poblacion-vulnerable-ante-llegada-del-frente-frio-25\/#primaryimage","url":"https:\/\/www.sonoraenequipo.com.mx\/storage\/2025\/01\/albergues.jpg","contentUrl":"https:\/\/www.sonoraenequipo.com.mx\/storage\/2025\/01\/albergues.jpg","width":600,"height":400},{"@type":"BreadcrumbList","@id":"https:\/\/www.sonoraenequipo.com.mx\/coordina-ayuntamiento-de-hermosillo-acciones-para-asistir-a-poblacion-vulnerable-ante-llegada-del-frente-frio-25\/#breadcrumb","itemListElement":[{"@type":"ListItem","position":1,"name":"Portada","item":"https:\/\/www.sonoraenequipo.com.mx\/"},{"@type":"ListItem","position":2,"name":"Coordina gobierno de Hermosillo acciones para asistir a poblaci\u00f3n vulnerable ante llegada del frente fr\u00edo 25"}]},{"@type":"WebSite","@id":"https:\/\/www.sonoraenequipo.com.mx\/#website","url":"https:\/\/www.sonoraenequipo.com.mx\/","name":"Sonora en Equipo.","description":"Diario en l\u00ednea con Noticias desde Hermosillo, Sonora","publisher":{"@id":"https:\/\/www.sonoraenequipo.com.mx\/#organization"},"potentialAction":[{"@type":"SearchAction","target":{"@type":"EntryPoint","urlTemplate":"https:\/\/www.sonoraenequipo.com.mx\/?s={search_term_string}"},"query-input":{"@type":"PropertyValueSpecification","valueRequired":true,"valueName":"search_term_string"}}],"inLanguage":"es"},{"@type":"Organization","@id":"https:\/\/www.sonoraenequipo.com.mx\/#organization","name":"Sonoraenequipo.com.mx","url":"https:\/\/www.sonoraenequipo.com.mx\/","logo":{"@type":"ImageObject","inLanguage":"es","@id":"https:\/\/www.sonoraenequipo.com.mx\/#\/schema\/logo\/image\/","url":"https:\/\/www.sonoraenequipo.com.mx\/storage\/2019\/01\/sonoraenequipo_opt.png","contentUrl":"https:\/\/www.sonoraenequipo.com.mx\/storage\/2019\/01\/sonoraenequipo_opt.png","width":375,"height":125,"caption":"Sonoraenequipo.com.mx"},"image":{"@id":"https:\/\/www.sonoraenequipo.com.mx\/#\/schema\/logo\/image\/"},"sameAs":["https:\/\/www.facebook.com\/SonoraEE\/","https:\/\/x.com\/sonoraenequipo","https:\/\/www.youtube.com\/channel\/UC338nW-lPEYmJQs4ZABQ1SQ"]},{"@type":"Person","@id":"https:\/\/www.sonoraenequipo.com.mx\/#\/schema\/person\/50102df0fb23a8fa9e8effad8fa81386","name":"enequipo","image":{"@type":"ImageObject","inLanguage":"es","@id":"https:\/\/www.sonoraenequipo.com.mx\/#\/schema\/person\/image\/","url":"https:\/\/secure.gravatar.com\/avatar\/049821681b589dabc0bc20695993ccebb09f5b5d4d790cd9251b97faac7c652b?s=96&d=blank&r=g","contentUrl":"https:\/\/secure.gravatar.com\/avatar\/049821681b589dabc0bc20695993ccebb09f5b5d4d790cd9251b97faac7c652b?s=96&d=blank&r=g","caption":"enequipo"},"sameAs":["https:\/\/www.facebook.com\/SonoraEE"]}]}},"jetpack_featured_media_url":"https:\/\/www.sonoraenequipo.com.mx\/storage\/2025\/01\/albergues.jpg","_links":{"self":[{"href":"https:\/\/www.sonoraenequipo.com.mx\/api\/wp\/v2\/posts\/208478","targetHints":{"allow":["GET"]}}],"collection":[{"href":"https:\/\/www.sonoraenequipo.com.mx\/api\/wp\/v2\/posts"}],"about":[{"href":"https:\/\/www.sonoraenequipo.com.mx\/api\/wp\/v2\/types\/post"}],"author":[{"embeddable":true,"href":"https:\/\/www.sonoraenequipo.com.mx\/api\/wp\/v2\/users\/1"}],"replies":[{"embeddable":true,"href":"https:\/\/www.sonoraenequipo.com.mx\/api\/wp\/v2\/comments?post=208478"}],"version-history":[{"count":2,"href":"https:\/\/www.sonoraenequipo.com.mx\/api\/wp\/v2\/posts\/208478\/revisions"}],"predecessor-version":[{"id":208480,"href":"https:\/\/www.sonoraenequipo.com.mx\/api\/wp\/v2\/posts\/208478\/revisions\/208480"}],"wp:featuredmedia":[{"embeddable":true,"href":"https:\/\/www.sonoraenequipo.com.mx\/api\/wp\/v2\/media\/207396"}],"wp:attachment":[{"href":"https:\/\/www.sonoraenequipo.com.mx\/api\/wp\/v2\/media?parent=208478"}],"wp:term":[{"taxonomy":"category","embeddable":true,"href":"https:\/\/www.sonoraenequipo.com.mx\/api\/wp\/v2\/categories?post=208478"},{"taxonomy":"post_tag","embeddable":true,"href":"https:\/\/www.sonoraenequipo.com.mx\/api\/wp\/v2\/tags?post=208478"}],"curies":[{"name":"wp","href":"https:\/\/api.w.org\/{rel}","templated":true}]}}