{"id":208483,"date":"2025-01-24T19:46:10","date_gmt":"2025-01-25T02:46:10","guid":{"rendered":"https:\/\/www.sonoraenequipo.com.mx\/?p=208483"},"modified":"2025-01-24T19:46:10","modified_gmt":"2025-01-25T02:46:10","slug":"joven-mexicano-es-reconocido-emprendedor-social-del-ano-2025-en-el-foro-economico-mundial-de-davos","status":"publish","type":"post","link":"https:\/\/www.sonoraenequipo.com.mx\/joven-mexicano-es-reconocido-emprendedor-social-del-ano-2025-en-el-foro-economico-mundial-de-davos\/","title":{"rendered":"Joven mexicano es reconocido Emprendedor Social del A\u00f1o 2025 en el Foro Econ\u00f3mico Mundial de Davos"},"content":{"rendered":"<p>&nbsp;<\/p>\n<p>&nbsp;<\/p>\n<p>&nbsp;<\/p>\n<p>&nbsp;<\/p>\n<p><strong>DAVOS, SUIZA.<\/strong><strong> \u0336 \u0336\u00a0 <\/strong>Manuel Rosemberg, destacado emprendedor social mexicano y cofundador de ANA Care, ha sido galardonado como Emprendedor Social del A\u00f1o 2025 por la Schwab Foundation, organizaci\u00f3n hermana del Foro Econ\u00f3mico Mundial. Este reconocimiento resalta su trayectoria de m\u00e1s de dos d\u00e9cadas liderando iniciativas innovadoras en sectores clave como la salud, la educaci\u00f3n y la sostenibilidad, y su impacto transformador en la atenci\u00f3n domiciliaria a trav\u00e9s de ANA Care.<\/p>\n<p>&nbsp;<\/p>\n<p>&nbsp;<\/p>\n<p>&nbsp;<\/p>\n<p>El premio de Emprendedor Social del A\u00f1o de la Schwab Foundation que se otorga cada a\u00f1o en el marco del Foro Econ\u00f3mico Mundial en Davos, Suiza, es un reconocimiento de prestigio internacional que celebra a aquellos l\u00edderes que est\u00e1n haciendo una diferencia significativa en sus comunidades y en el mundo. Este galard\u00f3n destaca la innovaci\u00f3n y el impacto social de emprendedores que utilizan enfoques creativos para abordar problemas sociales y ambientales.<\/p>\n<p>&nbsp;<\/p>\n<p>&nbsp;<\/p>\n<p>&nbsp;<\/p>\n<p><strong>Modelo de Negocio que empodera y transforma<\/strong><\/p>\n<p>&nbsp;<\/p>\n<p>&nbsp;<\/p>\n<p>&nbsp;<\/p>\n<p>ANA Care, co-fundada por Manuel Rosemberg y Ariel Zylbersztejn, ofrece una plataforma impulsada por IA que proporciona educaci\u00f3n, apoyo y herramientas de formaci\u00f3n, certificaci\u00f3n y soporte para cuidadores a domicilio. Dise\u00f1ada para mejorar los est\u00e1ndares de la atenci\u00f3n domiciliaria, la plataforma ANA (Asistente de Enfermer\u00eda Automatizada por sus siglas en ingl\u00e9s) tambi\u00e9n ayuda a los gobiernos y a las empresas que prestan servicios de atenci\u00f3n profesional a hacer frente a la cr\u00edtica falta de monitoreo y soporte a cuidadores en casa.<\/p>\n<p>&nbsp;<\/p>\n<p>&nbsp;<\/p>\n<p>&nbsp;<\/p>\n<p>Actualmente, ANA Care opera en ocho pa\u00edses de Am\u00e9rica Latina y ha involucrado a m\u00e1s de 15,000 cuidadores mediante su plataforma beneficiando a m\u00e1s de 50,000 personas que incluyen familiares y pacientes, logrando transformar el cuidado domiciliario de salud en un modelo digno, sostenible y accesible. Su impacto se extiende desde la reducci\u00f3n de costos m\u00e9dicos, tanto para las personas como para los gobiernos encargados de la salud p\u00fablica, hasta la mejora de la calidad de vida de los cuidadores, pacientes y sus familias.<\/p>\n<p>&nbsp;<\/p>\n<p>&nbsp;<\/p>\n<p>&nbsp;<\/p>\n<p>En Am\u00e9rica Latina, el 70% de los m\u00e1s de 15 millones de cuidadores remunerados de adultos mayores ganan el salario m\u00ednimo o menos, y solo el 28% cuenta con un contrato formal, lo que refleja una precariedad laboral generalizada*. Esta informalidad no solo afecta a los cuidadores que en estas circunstancias son incapaces de dar los mejores servicios, sino tambi\u00e9n a los gobiernos, ya que aumenta los costos derivados de errores en el cuidado y hospitalizaciones evitables elevando los costos de la seguridad social.<\/p>\n<p>&nbsp;<\/p>\n<p>&nbsp;<\/p>\n<p>&nbsp;<\/p>\n<p>A nivel mundial se prev\u00e9 que el n\u00famero de personas mayores de 80 a\u00f1os se triplique para 2050**. Resolver esta crisis es esencial para garantizar sistemas de salud sostenibles y efectivos frente al r\u00e1pido envejecimiento de la poblaci\u00f3n y es a lo que durante 9 a\u00f1os se ha dedicado el equipo de ANA Care, buscando optimizar los sistemas de cuidado en casa.<\/p>\n<p>&nbsp;<\/p>\n<p>&nbsp;<\/p>\n<p>&nbsp;<\/p>\n<p>\u00abCuidamos a quienes cuidan y creemos en un mundo donde cuidar no sea un trabajo invisible y agotador, sino una v\u00eda de crecimiento personal y conexi\u00f3n humana. Este premio refuerza nuestro compromiso de dignificar y profesionalizar el rol del cuidador,\u00bb coment\u00f3 Manuel Rosemberg.<\/p>\n<p>&nbsp;<\/p>\n<p>&nbsp;<\/p>\n<p>&nbsp;<\/p>\n<p><strong>Impacto y reconocimientos<\/strong><\/p>\n<p>&nbsp;<\/p>\n<p>ANA Care ha puesto en marcha con \u00e9xito un programa piloto con el gobierno de la Ciudad de M\u00e9xico para probar la eficacia de la plataforma, demostrando el potencial de beneficiar a m\u00e1s de 2 millones de cuidadores y sus pacientes en todo M\u00e9xico.<\/p>\n<p>&nbsp;<\/p>\n<p>&nbsp;<\/p>\n<p>&nbsp;<\/p>\n<p>Desde su lanzamiento, ANA ha mejorado la efectividad de los programas de atenci\u00f3n domiciliaria, como lo demuestran los resultados en la Ciudad de M\u00e9xico, donde la plataforma increment\u00f3 la efectividad de las visitas en un 50% y redujo los tiempos de respuesta en m\u00e1s del 90%. Adem\u00e1s, su colaboraci\u00f3n con los gobiernos, la certificaci\u00f3n CONOCER y el respaldo del Banco Interamericano de Desarrollo (BID) la posicionan como un referente de credibilidad en la regi\u00f3n.<\/p>\n<p>&nbsp;<\/p>\n<p>&nbsp;<\/p>\n<p>&nbsp;<\/p>\n<p>\u00abEste premio es un hito para ANA, pero tambi\u00e9n para el sector de cuidados. Invitamos a gobiernos, empresas y sociedad civil a sumarse a nuestra misi\u00f3n de construir un ecosistema de cuidado justo y sostenible,\u00bb expres\u00f3 Ariel Zylbersztejn, cofundador de ANA.<\/p>\n<p>&nbsp;<\/p>\n<p>&nbsp;<\/p>\n<p>&nbsp;<\/p>\n<p>&nbsp;<\/p>\n<p>&nbsp;<\/p>\n<p><strong>Cuidar a quienes cuidan: Un llamado a la acci\u00f3n<\/strong><\/p>\n<p>&nbsp;<\/p>\n<p>ANA hace un llamado a los actores gubernamentales, corporativos y organizaciones civiles, y adem\u00e1s a cuidadores interesados en profesionalizarse y mejorar su calidad de vida, a unirse a este movimiento global que busca revolucionar el cuidado de adultos mayores y mejorar la vida y motivaci\u00f3n de sus cuidadores.<\/p>\n<p>&nbsp;<\/p>\n<p>&nbsp;<\/p>\n<p>&nbsp;<\/p>\n<p>\u00abANA representa un compromiso con la dignidad humana. Estoy profundamente agradecido por este premio y lo recibo como un impulso para continuar construyendo soluciones innovadoras que respondan a los retos globales en el cuidado de la salud, invito a que todos los trabajadores dedicados a cuidados en casa a que entren a nuestra plataforma y se unan y nos permitan ayudarlos con herramientas que reforzar\u00e1n la profesionalizaci\u00f3n de su labor fundamental para la sociedad,\u00bb expres\u00f3 Rosemberg.<\/p>\n<p>&nbsp;<\/p>\n<p>&nbsp;<\/p>\n<p>&nbsp;<\/p>\n<p>*Cuidadoras de personas mayores: sobrecargadas y mal pagadas: evidencia de una encuesta del Banco Interamericano de Desarrollo en Ame\u0301rica Latina y el Caribe. Versi\u00f3n 1: junio 2024 \/ Beatrice Fabiani, Marco Stampini, Natalia Aranco, Fiorella Benedetti, Pablo Ibarrara\u0301n.<\/p>\n<p>&nbsp;<\/p>\n<p>&nbsp;<\/p>\n<p>&nbsp;<\/p>\n<p>&nbsp;<\/p>\n<p>&nbsp;<\/p>\n<p>&nbsp;<\/p>\n<p>&nbsp;<\/p>\n<p><strong>M\u00e1s sobre ANA Care<\/strong><\/p>\n<p>&nbsp;<\/p>\n<p>ANA Care es una innovadora plataforma tecnol\u00f3gica que combina herramientas digitales y capacitaci\u00f3n para empoderar a cuidadores, optimizando el cuidado domiciliario y reduciendo costos del sistema de salud. Con presencia en ocho pa\u00edses de Am\u00e9rica Latina y m\u00e1s de 15,000 cuidadores involucrados, ANA Care busca dignificar la labor de los cuidadores, mejorar la calidad de vida de los pacientes y transformar los sistemas de salud. Su misi\u00f3n es construir un ecosistema de cuidado accesible, digno y sostenible que beneficie a pacientes, familias y gobiernos por igual. www.ana.care<\/p>\n<p>&nbsp;<\/p>\n<p>&nbsp;<\/p>\n<p>&nbsp;<\/p>\n<p>&nbsp;<\/p>\n<p>&nbsp;<\/p>\n<p><strong>M\u00e1s sobre los cofundadores<\/strong><\/p>\n<p>&nbsp;<\/p>\n<p>Manuel Rosemberg, cofundador de ANA Care, es un emprendedor social con m\u00e1s de 20 a\u00f1os de experiencia liderando proyectos en educaci\u00f3n, medio ambiente y salud. Graduado en Matem\u00e1ticas Aplicadas de la Universidad de Columbia y especializado en inteligencia artificial aplicada a la salud, ha recibido reconocimientos internacionales, incluyendo el Premio a la Innovaci\u00f3n Social de Fundaci\u00f3n Mapfre y el respaldo del Banco Interamericano de Desarrollo.<\/p>\n<p>&nbsp;<\/p>\n<p>&nbsp;<\/p>\n<p>&nbsp;<\/p>\n<p>Ariel Zylbersztejn, cofundador de ANA Care, es un emprendedor visionario reconocido como \u00abEmprendedor del A\u00f1o\u00bb por el Foro Econ\u00f3mico Mundial. Con experiencia en cine y tecnolog\u00eda, Ariel ha transformado ideas innovadoras en soluciones empresariales exitosas. Posee un MBA en Innovaci\u00f3n en Salud y ha sido un orador destacado en eventos como el Foro Econ\u00f3mico Mundial en Davos.<\/p>\n<p>&nbsp;<\/p>\n<p>&nbsp;<\/p>\n<p>&nbsp;<\/p>\n<p><strong>M\u00e1s sobre la Schwab Foundation y el FEM<\/strong><\/p>\n<p>&nbsp;<\/p>\n<p>La Schwab Foundation for Social Entrepreneurship, creada en colaboraci\u00f3n con el Foro Econ\u00f3mico Mundial, reconoce y apoya a emprendedores sociales que generan impacto significativo en sus comunidades. Desde su creaci\u00f3n, ha impulsado soluciones innovadoras en temas de educaci\u00f3n, salud y sostenibilidad.<\/p>\n<p>&nbsp;<\/p>\n<p>El Foro Econ\u00f3mico Mundial (FEM) es una organizaci\u00f3n internacional que trabaja para promover la estabilidad econ\u00f3mica y el desarrollo sostenible a nivel global. Su colaboraci\u00f3n con iniciativas como ANA refleja su compromiso con la inclusi\u00f3n y el progreso social.<\/p>\n<p><strong>Fecha de publicaci\u00f3n\u00a0 viernes 24<\/strong><strong> de enero de 2025<\/strong><\/p>\n","protected":false},"excerpt":{"rendered":"<p>&nbsp; &nbsp; &nbsp; &nbsp; DAVOS, SUIZA. \u0336 \u0336\u00a0 Manuel Rosemberg, destacado emprendedor social mexicano y&#8230;<\/p>\n","protected":false},"author":1,"featured_media":208484,"comment_status":"open","ping_status":"open","sticky":false,"template":"","format":"standard","meta":{"_monsterinsights_skip_tracking":false,"_monsterinsights_sitenote_active":false,"_monsterinsights_sitenote_note":"","_monsterinsights_sitenote_category":0,"footnotes":""},"categories":[6493],"tags":[],"class_list":["post"],"yoast_head":" \n<title>Sonora en Equipo. Joven mexicano es reconocido Emprendedor Social del A\u00f1o 2025 en el Foro Econ\u00f3mico Mundial de Davos PALABRAS Y N\u00daMEROS<\/title>\n<meta name=\"description\" content=\"&nbsp; &nbsp; &nbsp; &nbsp; DAVOS, SUIZA. \u0336 \u0336\u00a0 Manuel Rosemberg, destacado emprendedor social mexicano y cofundador de ANA Care, ha sido galardonado como En Sonora en Equipo publicamos toda la informaci\u00f3n de Sonora, M\u00e9xico y el Mundo de manera oportuna y busca que la libertad de expresi\u00f3n sea real. Visita nuestro medio informativo publicado desde Hermosillo, Sonora. %\" \/>\n<meta name=\"robots\" content=\"index, follow, max-snippet:-1, max-image-preview:large, max-video-preview:-1\" \/>\n<link rel=\"canonical\" href=\"https:\/\/www.sonoraenequipo.com.mx\/joven-mexicano-es-reconocido-emprendedor-social-del-ano-2025-en-el-foro-economico-mundial-de-davos\/\" \/>\n<meta property=\"og:locale\" content=\"es_ES\" \/>\n<meta property=\"og:type\" content=\"article\" \/>\n<meta property=\"og:title\" content=\"Sonora en Equipo. Joven mexicano es reconocido Emprendedor Social del A\u00f1o 2025 en el Foro Econ\u00f3mico Mundial de Davos PALABRAS Y N\u00daMEROS\" \/>\n<meta property=\"og:description\" content=\"&nbsp; &nbsp; &nbsp; &nbsp; DAVOS, SUIZA. \u0336 \u0336\u00a0 Manuel Rosemberg, destacado emprendedor social mexicano y cofundador de ANA Care, ha sido galardonado como En Sonora en Equipo publicamos toda la informaci\u00f3n de Sonora, M\u00e9xico y el Mundo de manera oportuna y busca que la libertad de expresi\u00f3n sea real. Visita nuestro medio informativo publicado desde Hermosillo, Sonora. %\" \/>\n<meta property=\"og:url\" content=\"https:\/\/www.sonoraenequipo.com.mx\/joven-mexicano-es-reconocido-emprendedor-social-del-ano-2025-en-el-foro-economico-mundial-de-davos\/\" \/>\n<meta property=\"og:site_name\" content=\"Sonora en Equipo.\" \/>\n<meta property=\"article:publisher\" content=\"https:\/\/www.facebook.com\/SonoraEE\/\" \/>\n<meta property=\"article:author\" content=\"https:\/\/www.facebook.com\/SonoraEE\" \/>\n<meta property=\"article:published_time\" content=\"2025-01-25T02:46:10+00:00\" \/>\n<meta property=\"og:image\" content=\"https:\/\/www.sonoraenequipo.com.mx\/storage\/2025\/01\/ana-care.jpg\" \/>\n\t<meta property=\"og:image:width\" content=\"600\" \/>\n\t<meta property=\"og:image:height\" content=\"400\" \/>\n\t<meta property=\"og:image:type\" content=\"image\/jpeg\" \/>\n<meta name=\"author\" content=\"enequipo\" \/>\n<meta name=\"twitter:card\" content=\"summary_large_image\" \/>\n<meta name=\"twitter:creator\" content=\"@sonoraenequipo\" \/>\n<meta name=\"twitter:site\" content=\"@sonoraenequipo\" \/>\n<meta name=\"twitter:label1\" content=\"Escrito por\" \/>\n\t<meta name=\"twitter:data1\" content=\"enequipo\" \/>\n\t<meta name=\"twitter:label2\" content=\"Tiempo de lectura\" \/>\n\t<meta name=\"twitter:data2\" content=\"6 minutos\" \/>\n<script type=\"application\/ld+json\" class=\"yoast-schema-graph\">{\"@context\":\"https:\/\/schema.org\",\"@graph\":[{\"@type\":\"Article\",\"@id\":\"https:\/\/www.sonoraenequipo.com.mx\/joven-mexicano-es-reconocido-emprendedor-social-del-ano-2025-en-el-foro-economico-mundial-de-davos\/#article\",\"isPartOf\":{\"@id\":\"https:\/\/www.sonoraenequipo.com.mx\/joven-mexicano-es-reconocido-emprendedor-social-del-ano-2025-en-el-foro-economico-mundial-de-davos\/\"},\"author\":{\"name\":\"enequipo\",\"@id\":\"https:\/\/www.sonoraenequipo.com.mx\/#\/schema\/person\/50102df0fb23a8fa9e8effad8fa81386\"},\"headline\":\"Joven mexicano es reconocido Emprendedor Social del A\u00f1o 2025 en el Foro Econ\u00f3mico Mundial de Davos\",\"datePublished\":\"2025-01-25T02:46:10+00:00\",\"mainEntityOfPage\":{\"@id\":\"https:\/\/www.sonoraenequipo.com.mx\/joven-mexicano-es-reconocido-emprendedor-social-del-ano-2025-en-el-foro-economico-mundial-de-davos\/\"},\"wordCount\":1311,\"commentCount\":0,\"publisher\":{\"@id\":\"https:\/\/www.sonoraenequipo.com.mx\/#organization\"},\"image\":{\"@id\":\"https:\/\/www.sonoraenequipo.com.mx\/joven-mexicano-es-reconocido-emprendedor-social-del-ano-2025-en-el-foro-economico-mundial-de-davos\/#primaryimage\"},\"thumbnailUrl\":\"https:\/\/www.sonoraenequipo.com.mx\/storage\/2025\/01\/ana-care.jpg\",\"articleSection\":[\"PALABRAS Y N\u00daMEROS\"],\"inLanguage\":\"es\",\"potentialAction\":[{\"@type\":\"CommentAction\",\"name\":\"Comment\",\"target\":[\"https:\/\/www.sonoraenequipo.com.mx\/joven-mexicano-es-reconocido-emprendedor-social-del-ano-2025-en-el-foro-economico-mundial-de-davos\/#respond\"]}]},{\"@type\":\"WebPage\",\"@id\":\"https:\/\/www.sonoraenequipo.com.mx\/joven-mexicano-es-reconocido-emprendedor-social-del-ano-2025-en-el-foro-economico-mundial-de-davos\/\",\"url\":\"https:\/\/www.sonoraenequipo.com.mx\/joven-mexicano-es-reconocido-emprendedor-social-del-ano-2025-en-el-foro-economico-mundial-de-davos\/\",\"name\":\"Sonora en Equipo. Joven mexicano es reconocido Emprendedor Social del A\u00f1o 2025 en el Foro Econ\u00f3mico Mundial de Davos PALABRAS Y N\u00daMEROS\",\"isPartOf\":{\"@id\":\"https:\/\/www.sonoraenequipo.com.mx\/#website\"},\"primaryImageOfPage\":{\"@id\":\"https:\/\/www.sonoraenequipo.com.mx\/joven-mexicano-es-reconocido-emprendedor-social-del-ano-2025-en-el-foro-economico-mundial-de-davos\/#primaryimage\"},\"image\":{\"@id\":\"https:\/\/www.sonoraenequipo.com.mx\/joven-mexicano-es-reconocido-emprendedor-social-del-ano-2025-en-el-foro-economico-mundial-de-davos\/#primaryimage\"},\"thumbnailUrl\":\"https:\/\/www.sonoraenequipo.com.mx\/storage\/2025\/01\/ana-care.jpg\",\"datePublished\":\"2025-01-25T02:46:10+00:00\",\"description\":\"&nbsp; &nbsp; &nbsp; &nbsp; DAVOS, SUIZA. \u0336 \u0336\u00a0 Manuel Rosemberg, destacado emprendedor social mexicano y cofundador de ANA Care, ha sido galardonado como En Sonora en Equipo publicamos toda la informaci\u00f3n de Sonora, M\u00e9xico y el Mundo de manera oportuna y busca que la libertad de expresi\u00f3n sea real. Visita nuestro medio informativo publicado desde Hermosillo, Sonora. %\",\"breadcrumb\":{\"@id\":\"https:\/\/www.sonoraenequipo.com.mx\/joven-mexicano-es-reconocido-emprendedor-social-del-ano-2025-en-el-foro-economico-mundial-de-davos\/#breadcrumb\"},\"inLanguage\":\"es\",\"potentialAction\":[{\"@type\":\"ReadAction\",\"target\":[\"https:\/\/www.sonoraenequipo.com.mx\/joven-mexicano-es-reconocido-emprendedor-social-del-ano-2025-en-el-foro-economico-mundial-de-davos\/\"]}]},{\"@type\":\"ImageObject\",\"inLanguage\":\"es\",\"@id\":\"https:\/\/www.sonoraenequipo.com.mx\/joven-mexicano-es-reconocido-emprendedor-social-del-ano-2025-en-el-foro-economico-mundial-de-davos\/#primaryimage\",\"url\":\"https:\/\/www.sonoraenequipo.com.mx\/storage\/2025\/01\/ana-care.jpg\",\"contentUrl\":\"https:\/\/www.sonoraenequipo.com.mx\/storage\/2025\/01\/ana-care.jpg\",\"width\":600,\"height\":400,\"caption\":\"cuidado adultos mayores: Imagen cortes\u00eda\"},{\"@type\":\"BreadcrumbList\",\"@id\":\"https:\/\/www.sonoraenequipo.com.mx\/joven-mexicano-es-reconocido-emprendedor-social-del-ano-2025-en-el-foro-economico-mundial-de-davos\/#breadcrumb\",\"itemListElement\":[{\"@type\":\"ListItem\",\"position\":1,\"name\":\"Portada\",\"item\":\"https:\/\/www.sonoraenequipo.com.mx\/\"},{\"@type\":\"ListItem\",\"position\":2,\"name\":\"Joven mexicano es reconocido Emprendedor Social del A\u00f1o 2025 en el Foro Econ\u00f3mico Mundial de Davos\"}]},{\"@type\":\"WebSite\",\"@id\":\"https:\/\/www.sonoraenequipo.com.mx\/#website\",\"url\":\"https:\/\/www.sonoraenequipo.com.mx\/\",\"name\":\"Sonora en Equipo.\",\"description\":\"Diario en l\u00ednea con Noticias desde Hermosillo, Sonora\",\"publisher\":{\"@id\":\"https:\/\/www.sonoraenequipo.com.mx\/#organization\"},\"potentialAction\":[{\"@type\":\"SearchAction\",\"target\":{\"@type\":\"EntryPoint\",\"urlTemplate\":\"https:\/\/www.sonoraenequipo.com.mx\/?s={search_term_string}\"},\"query-input\":{\"@type\":\"PropertyValueSpecification\",\"valueRequired\":true,\"valueName\":\"search_term_string\"}}],\"inLanguage\":\"es\"},{\"@type\":\"Organization\",\"@id\":\"https:\/\/www.sonoraenequipo.com.mx\/#organization\",\"name\":\"Sonoraenequipo.com.mx\",\"url\":\"https:\/\/www.sonoraenequipo.com.mx\/\",\"logo\":{\"@type\":\"ImageObject\",\"inLanguage\":\"es\",\"@id\":\"https:\/\/www.sonoraenequipo.com.mx\/#\/schema\/logo\/image\/\",\"url\":\"https:\/\/www.sonoraenequipo.com.mx\/storage\/2019\/01\/sonoraenequipo_opt.png\",\"contentUrl\":\"https:\/\/www.sonoraenequipo.com.mx\/storage\/2019\/01\/sonoraenequipo_opt.png\",\"width\":375,\"height\":125,\"caption\":\"Sonoraenequipo.com.mx\"},\"image\":{\"@id\":\"https:\/\/www.sonoraenequipo.com.mx\/#\/schema\/logo\/image\/\"},\"sameAs\":[\"https:\/\/www.facebook.com\/SonoraEE\/\",\"https:\/\/x.com\/sonoraenequipo\",\"https:\/\/www.youtube.com\/channel\/UC338nW-lPEYmJQs4ZABQ1SQ\"]},{\"@type\":\"Person\",\"@id\":\"https:\/\/www.sonoraenequipo.com.mx\/#\/schema\/person\/50102df0fb23a8fa9e8effad8fa81386\",\"name\":\"enequipo\",\"image\":{\"@type\":\"ImageObject\",\"inLanguage\":\"es\",\"@id\":\"https:\/\/www.sonoraenequipo.com.mx\/#\/schema\/person\/image\/\",\"url\":\"https:\/\/secure.gravatar.com\/avatar\/049821681b589dabc0bc20695993ccebb09f5b5d4d790cd9251b97faac7c652b?s=96&d=blank&r=g\",\"contentUrl\":\"https:\/\/secure.gravatar.com\/avatar\/049821681b589dabc0bc20695993ccebb09f5b5d4d790cd9251b97faac7c652b?s=96&d=blank&r=g\",\"caption\":\"enequipo\"},\"sameAs\":[\"https:\/\/www.facebook.com\/SonoraEE\"]}]}<\/script>\n ","yoast_head_json":{"title":"Sonora en Equipo. Joven mexicano es reconocido Emprendedor Social del A\u00f1o 2025 en el Foro Econ\u00f3mico Mundial de Davos PALABRAS Y N\u00daMEROS","description":"&nbsp; &nbsp; &nbsp; &nbsp; DAVOS, SUIZA. \u0336 \u0336\u00a0 Manuel Rosemberg, destacado emprendedor social mexicano y cofundador de ANA Care, ha sido galardonado como En Sonora en Equipo publicamos toda la informaci\u00f3n de Sonora, M\u00e9xico y el Mundo de manera oportuna y busca que la libertad de expresi\u00f3n sea real. Visita nuestro medio informativo publicado desde Hermosillo, Sonora. %","robots":{"index":"index","follow":"follow","max-snippet":"max-snippet:-1","max-image-preview":"max-image-preview:large","max-video-preview":"max-video-preview:-1"},"canonical":"https:\/\/www.sonoraenequipo.com.mx\/joven-mexicano-es-reconocido-emprendedor-social-del-ano-2025-en-el-foro-economico-mundial-de-davos\/","og_locale":"es_ES","og_type":"article","og_title":"Sonora en Equipo. Joven mexicano es reconocido Emprendedor Social del A\u00f1o 2025 en el Foro Econ\u00f3mico Mundial de Davos PALABRAS Y N\u00daMEROS","og_description":"&nbsp; &nbsp; &nbsp; &nbsp; DAVOS, SUIZA. \u0336 \u0336\u00a0 Manuel Rosemberg, destacado emprendedor social mexicano y cofundador de ANA Care, ha sido galardonado como En Sonora en Equipo publicamos toda la informaci\u00f3n de Sonora, M\u00e9xico y el Mundo de manera oportuna y busca que la libertad de expresi\u00f3n sea real. Visita nuestro medio informativo publicado desde Hermosillo, Sonora. %","og_url":"https:\/\/www.sonoraenequipo.com.mx\/joven-mexicano-es-reconocido-emprendedor-social-del-ano-2025-en-el-foro-economico-mundial-de-davos\/","og_site_name":"Sonora en Equipo.","article_publisher":"https:\/\/www.facebook.com\/SonoraEE\/","article_author":"https:\/\/www.facebook.com\/SonoraEE","article_published_time":"2025-01-25T02:46:10+00:00","og_image":[{"width":600,"height":400,"url":"https:\/\/www.sonoraenequipo.com.mx\/storage\/2025\/01\/ana-care.jpg","type":"image\/jpeg"}],"author":"enequipo","twitter_card":"summary_large_image","twitter_creator":"@sonoraenequipo","twitter_site":"@sonoraenequipo","twitter_misc":{"Escrito por":"enequipo","Tiempo de lectura":"6 minutos"},"schema":{"@context":"https:\/\/schema.org","@graph":[{"@type":"Article","@id":"https:\/\/www.sonoraenequipo.com.mx\/joven-mexicano-es-reconocido-emprendedor-social-del-ano-2025-en-el-foro-economico-mundial-de-davos\/#article","isPartOf":{"@id":"https:\/\/www.sonoraenequipo.com.mx\/joven-mexicano-es-reconocido-emprendedor-social-del-ano-2025-en-el-foro-economico-mundial-de-davos\/"},"author":{"name":"enequipo","@id":"https:\/\/www.sonoraenequipo.com.mx\/#\/schema\/person\/50102df0fb23a8fa9e8effad8fa81386"},"headline":"Joven mexicano es reconocido Emprendedor Social del A\u00f1o 2025 en el Foro Econ\u00f3mico Mundial de Davos","datePublished":"2025-01-25T02:46:10+00:00","mainEntityOfPage":{"@id":"https:\/\/www.sonoraenequipo.com.mx\/joven-mexicano-es-reconocido-emprendedor-social-del-ano-2025-en-el-foro-economico-mundial-de-davos\/"},"wordCount":1311,"commentCount":0,"publisher":{"@id":"https:\/\/www.sonoraenequipo.com.mx\/#organization"},"image":{"@id":"https:\/\/www.sonoraenequipo.com.mx\/joven-mexicano-es-reconocido-emprendedor-social-del-ano-2025-en-el-foro-economico-mundial-de-davos\/#primaryimage"},"thumbnailUrl":"https:\/\/www.sonoraenequipo.com.mx\/storage\/2025\/01\/ana-care.jpg","articleSection":["PALABRAS Y N\u00daMEROS"],"inLanguage":"es","potentialAction":[{"@type":"CommentAction","name":"Comment","target":["https:\/\/www.sonoraenequipo.com.mx\/joven-mexicano-es-reconocido-emprendedor-social-del-ano-2025-en-el-foro-economico-mundial-de-davos\/#respond"]}]},{"@type":"WebPage","@id":"https:\/\/www.sonoraenequipo.com.mx\/joven-mexicano-es-reconocido-emprendedor-social-del-ano-2025-en-el-foro-economico-mundial-de-davos\/","url":"https:\/\/www.sonoraenequipo.com.mx\/joven-mexicano-es-reconocido-emprendedor-social-del-ano-2025-en-el-foro-economico-mundial-de-davos\/","name":"Sonora en Equipo. Joven mexicano es reconocido Emprendedor Social del A\u00f1o 2025 en el Foro Econ\u00f3mico Mundial de Davos PALABRAS Y N\u00daMEROS","isPartOf":{"@id":"https:\/\/www.sonoraenequipo.com.mx\/#website"},"primaryImageOfPage":{"@id":"https:\/\/www.sonoraenequipo.com.mx\/joven-mexicano-es-reconocido-emprendedor-social-del-ano-2025-en-el-foro-economico-mundial-de-davos\/#primaryimage"},"image":{"@id":"https:\/\/www.sonoraenequipo.com.mx\/joven-mexicano-es-reconocido-emprendedor-social-del-ano-2025-en-el-foro-economico-mundial-de-davos\/#primaryimage"},"thumbnailUrl":"https:\/\/www.sonoraenequipo.com.mx\/storage\/2025\/01\/ana-care.jpg","datePublished":"2025-01-25T02:46:10+00:00","description":"&nbsp; &nbsp; &nbsp; &nbsp; DAVOS, SUIZA. \u0336 \u0336\u00a0 Manuel Rosemberg, destacado emprendedor social mexicano y cofundador de ANA Care, ha sido galardonado como En Sonora en Equipo publicamos toda la informaci\u00f3n de Sonora, M\u00e9xico y el Mundo de manera oportuna y busca que la libertad de expresi\u00f3n sea real. Visita nuestro medio informativo publicado desde Hermosillo, Sonora. %","breadcrumb":{"@id":"https:\/\/www.sonoraenequipo.com.mx\/joven-mexicano-es-reconocido-emprendedor-social-del-ano-2025-en-el-foro-economico-mundial-de-davos\/#breadcrumb"},"inLanguage":"es","potentialAction":[{"@type":"ReadAction","target":["https:\/\/www.sonoraenequipo.com.mx\/joven-mexicano-es-reconocido-emprendedor-social-del-ano-2025-en-el-foro-economico-mundial-de-davos\/"]}]},{"@type":"ImageObject","inLanguage":"es","@id":"https:\/\/www.sonoraenequipo.com.mx\/joven-mexicano-es-reconocido-emprendedor-social-del-ano-2025-en-el-foro-economico-mundial-de-davos\/#primaryimage","url":"https:\/\/www.sonoraenequipo.com.mx\/storage\/2025\/01\/ana-care.jpg","contentUrl":"https:\/\/www.sonoraenequipo.com.mx\/storage\/2025\/01\/ana-care.jpg","width":600,"height":400,"caption":"cuidado adultos mayores: Imagen cortes\u00eda"},{"@type":"BreadcrumbList","@id":"https:\/\/www.sonoraenequipo.com.mx\/joven-mexicano-es-reconocido-emprendedor-social-del-ano-2025-en-el-foro-economico-mundial-de-davos\/#breadcrumb","itemListElement":[{"@type":"ListItem","position":1,"name":"Portada","item":"https:\/\/www.sonoraenequipo.com.mx\/"},{"@type":"ListItem","position":2,"name":"Joven mexicano es reconocido Emprendedor Social del A\u00f1o 2025 en el Foro Econ\u00f3mico Mundial de Davos"}]},{"@type":"WebSite","@id":"https:\/\/www.sonoraenequipo.com.mx\/#website","url":"https:\/\/www.sonoraenequipo.com.mx\/","name":"Sonora en Equipo.","description":"Diario en l\u00ednea con Noticias desde Hermosillo, Sonora","publisher":{"@id":"https:\/\/www.sonoraenequipo.com.mx\/#organization"},"potentialAction":[{"@type":"SearchAction","target":{"@type":"EntryPoint","urlTemplate":"https:\/\/www.sonoraenequipo.com.mx\/?s={search_term_string}"},"query-input":{"@type":"PropertyValueSpecification","valueRequired":true,"valueName":"search_term_string"}}],"inLanguage":"es"},{"@type":"Organization","@id":"https:\/\/www.sonoraenequipo.com.mx\/#organization","name":"Sonoraenequipo.com.mx","url":"https:\/\/www.sonoraenequipo.com.mx\/","logo":{"@type":"ImageObject","inLanguage":"es","@id":"https:\/\/www.sonoraenequipo.com.mx\/#\/schema\/logo\/image\/","url":"https:\/\/www.sonoraenequipo.com.mx\/storage\/2019\/01\/sonoraenequipo_opt.png","contentUrl":"https:\/\/www.sonoraenequipo.com.mx\/storage\/2019\/01\/sonoraenequipo_opt.png","width":375,"height":125,"caption":"Sonoraenequipo.com.mx"},"image":{"@id":"https:\/\/www.sonoraenequipo.com.mx\/#\/schema\/logo\/image\/"},"sameAs":["https:\/\/www.facebook.com\/SonoraEE\/","https:\/\/x.com\/sonoraenequipo","https:\/\/www.youtube.com\/channel\/UC338nW-lPEYmJQs4ZABQ1SQ"]},{"@type":"Person","@id":"https:\/\/www.sonoraenequipo.com.mx\/#\/schema\/person\/50102df0fb23a8fa9e8effad8fa81386","name":"enequipo","image":{"@type":"ImageObject","inLanguage":"es","@id":"https:\/\/www.sonoraenequipo.com.mx\/#\/schema\/person\/image\/","url":"https:\/\/secure.gravatar.com\/avatar\/049821681b589dabc0bc20695993ccebb09f5b5d4d790cd9251b97faac7c652b?s=96&d=blank&r=g","contentUrl":"https:\/\/secure.gravatar.com\/avatar\/049821681b589dabc0bc20695993ccebb09f5b5d4d790cd9251b97faac7c652b?s=96&d=blank&r=g","caption":"enequipo"},"sameAs":["https:\/\/www.facebook.com\/SonoraEE"]}]}},"jetpack_featured_media_url":"https:\/\/www.sonoraenequipo.com.mx\/storage\/2025\/01\/ana-care.jpg","_links":{"self":[{"href":"https:\/\/www.sonoraenequipo.com.mx\/api\/wp\/v2\/posts\/208483","targetHints":{"allow":["GET"]}}],"collection":[{"href":"https:\/\/www.sonoraenequipo.com.mx\/api\/wp\/v2\/posts"}],"about":[{"href":"https:\/\/www.sonoraenequipo.com.mx\/api\/wp\/v2\/types\/post"}],"author":[{"embeddable":true,"href":"https:\/\/www.sonoraenequipo.com.mx\/api\/wp\/v2\/users\/1"}],"replies":[{"embeddable":true,"href":"https:\/\/www.sonoraenequipo.com.mx\/api\/wp\/v2\/comments?post=208483"}],"version-history":[{"count":1,"href":"https:\/\/www.sonoraenequipo.com.mx\/api\/wp\/v2\/posts\/208483\/revisions"}],"predecessor-version":[{"id":208485,"href":"https:\/\/www.sonoraenequipo.com.mx\/api\/wp\/v2\/posts\/208483\/revisions\/208485"}],"wp:featuredmedia":[{"embeddable":true,"href":"https:\/\/www.sonoraenequipo.com.mx\/api\/wp\/v2\/media\/208484"}],"wp:attachment":[{"href":"https:\/\/www.sonoraenequipo.com.mx\/api\/wp\/v2\/media?parent=208483"}],"wp:term":[{"taxonomy":"category","embeddable":true,"href":"https:\/\/www.sonoraenequipo.com.mx\/api\/wp\/v2\/categories?post=208483"},{"taxonomy":"post_tag","embeddable":true,"href":"https:\/\/www.sonoraenequipo.com.mx\/api\/wp\/v2\/tags?post=208483"}],"curies":[{"name":"wp","href":"https:\/\/api.w.org\/{rel}","templated":true}]}}