{"id":208949,"date":"2025-02-02T14:05:11","date_gmt":"2025-02-02T21:05:11","guid":{"rendered":"https:\/\/www.sonoraenequipo.com.mx\/?p=208949"},"modified":"2025-02-02T14:05:11","modified_gmt":"2025-02-02T21:05:11","slug":"papa-francisco-a-parejas-jovenes-no-tengan-miedo-de-traer-hijos-al-mundo","status":"publish","type":"post","link":"https:\/\/www.sonoraenequipo.com.mx\/papa-francisco-a-parejas-jovenes-no-tengan-miedo-de-traer-hijos-al-mundo\/","title":{"rendered":"Papa Francisco a parejas j\u00f3venes: No tengan miedo de traer hijos al mundo"},"content":{"rendered":"<p><strong>EL VATICANO.<\/strong><strong> \u0336 \u0336\u00a0 <\/strong>El Papa Francisco anim\u00f3 a las parejas j\u00f3venes a no tener miedo de traer hijos al mundo, en el marco de la 47\u00b0 Jornada por la Vida que se celebra este domingo en Italia con el lema \u201cTrasmitir la vida, esperanza para el mundo\u201d.<\/p>\n<p>&nbsp;<\/p>\n<p>En sus palabras luego del rezo del \u00c1ngelus en la Plaza de San Pedro en el Vaticano, el Santo Padre se uni\u00f3 a los obispos italianos \u201cpara expresar mi gratitud a las numerosas familias que acogen de buen grado el don de la vida y para animar a las parejas j\u00f3venes a no tener miedo de traer hijos al mundo\u201d.<\/p>\n<p>El Pont\u00edfice salud\u00f3 tambi\u00e9n al \u201cMovimiento Provida italiano, que celebra su 50 aniversario\u201d y que este domingo ha anunciado que la Manifestaci\u00f3n Nacional por la Vida se realizar\u00e1 el pr\u00f3ximo 10 de mayo en Roma.<\/p>\n<p>&nbsp;<\/p>\n<p>\u201cSobre el tema del valor primordial de la vida humana, reitero el \u2018no\u2019 a la guerra, que destruye, destruye todo, destruye la vida e induce a despreciarla. Y no olvidemos que la guerra es siempre una derrota\u201d, dijo luego el Papa Francisco.<\/p>\n<p>&nbsp;<\/p>\n<p>\u201cEn este A\u00f1o Jubilar, renuevo mi llamado, especialmente a los gobernantes cristianos, para que pongan el m\u00e1ximo empe\u00f1o en las negociaciones para poner fin a todos los conflictos en curso. Recemos por la paz en la martirizada Ucrania, Palestina, Israel, L\u00edbano, Myanmar, Sud\u00e1n, Kiwu del Norte\u201d, alent\u00f3 el Pont\u00edfice.<\/p>\n<p>&nbsp;<\/p>\n<p>Francisco tambi\u00e9n record\u00f3 que este lunes 3 de febrero se realizar\u00e1 en el Vaticano \u201cla Cumbre Internacional sobre los Derechos del Ni\u00f1o, titulada \u2018Am\u00e9moslos y protej\u00e1moslos\u2019, que he tenido la alegr\u00eda de promover y en la que participar\u00e9\u201d.<\/p>\n<p>&nbsp;<\/p>\n<p>&nbsp;<\/p>\n<p>\u201cEs una oportunidad \u00fanica para llamar la atenci\u00f3n del mundo sobre los problemas m\u00e1s urgentes que afectan a la vida de los m\u00e1s peque\u00f1os. Los invito a unirse a m\u00ed en la oraci\u00f3n por su \u00e9xito\u201d, subray\u00f3.<\/p>\n<p>&nbsp;<\/p>\n<p>La reina Rania de Jordania, la senadora vitalicia italiana Liliana Segre, superviviente del campo de concentraci\u00f3n nazi de Auschwitz; el activista indio, Kailash Satyarthi, Premio Nobel de la Paz en 2014 junto a Malala Yousafzai, y Al Gore, exvicepresidente de EE.UU, son s\u00f3lo algunos de los participantes de este evento que el Papa anunci\u00f3 el 20 de noviembre.<\/p>\n<p>&nbsp;<\/p>\n<p>Ese d\u00eda el Papa Francisco destac\u00f3 que la cumbre\u00a0 \u201cser\u00e1 una oportunidad para identificar nuevas formas de rescatar y proteger a millones de ni\u00f1os a\u00fan sin derechos, que viven en condiciones precarias, son explotados y maltratados, sufren las dram\u00e1ticas consecuencias dram\u00e1ticas consecuencias de las guerras\u00bb.<\/p>\n<p><strong>Fecha de publicaci\u00f3n domingo 2 de febrero de 2025\/ ACI Prensa<\/strong><\/p>\n","protected":false},"excerpt":{"rendered":"<p>EL VATICANO. \u0336 \u0336\u00a0 El Papa Francisco anim\u00f3 a las parejas j\u00f3venes a no tener&#8230;<\/p>\n","protected":false},"author":1,"featured_media":208950,"comment_status":"open","ping_status":"open","sticky":false,"template":"","format":"standard","meta":{"_monsterinsights_skip_tracking":false,"_monsterinsights_sitenote_active":false,"_monsterinsights_sitenote_note":"","_monsterinsights_sitenote_category":0,"footnotes":""},"categories":[3],"tags":[],"class_list":["post"],"yoast_head":" \n<title>Sonora en Equipo. Papa Francisco a parejas j\u00f3venes: No tengan miedo de traer hijos al mundo MUNDO<\/title>\n<meta name=\"description\" content=\"EL VATICANO. \u0336 \u0336\u00a0 El Papa Francisco anim\u00f3 a las parejas j\u00f3venes a no tener miedo de traer hijos al mundo, en el marco de la 47\u00b0 Jornada por la Vida que se En Sonora en Equipo publicamos toda la informaci\u00f3n de Sonora, M\u00e9xico y el Mundo de manera oportuna y busca que la libertad de expresi\u00f3n sea real. Visita nuestro medio informativo publicado desde Hermosillo, Sonora. %\" \/>\n<meta name=\"robots\" content=\"index, follow, max-snippet:-1, max-image-preview:large, max-video-preview:-1\" \/>\n<link rel=\"canonical\" href=\"https:\/\/www.sonoraenequipo.com.mx\/papa-francisco-a-parejas-jovenes-no-tengan-miedo-de-traer-hijos-al-mundo\/\" \/>\n<meta property=\"og:locale\" content=\"es_ES\" \/>\n<meta property=\"og:type\" content=\"article\" \/>\n<meta property=\"og:title\" content=\"Sonora en Equipo. Papa Francisco a parejas j\u00f3venes: No tengan miedo de traer hijos al mundo MUNDO\" \/>\n<meta property=\"og:description\" content=\"EL VATICANO. \u0336 \u0336\u00a0 El Papa Francisco anim\u00f3 a las parejas j\u00f3venes a no tener miedo de traer hijos al mundo, en el marco de la 47\u00b0 Jornada por la Vida que se En Sonora en Equipo publicamos toda la informaci\u00f3n de Sonora, M\u00e9xico y el Mundo de manera oportuna y busca que la libertad de expresi\u00f3n sea real. Visita nuestro medio informativo publicado desde Hermosillo, Sonora. %\" \/>\n<meta property=\"og:url\" content=\"https:\/\/www.sonoraenequipo.com.mx\/papa-francisco-a-parejas-jovenes-no-tengan-miedo-de-traer-hijos-al-mundo\/\" \/>\n<meta property=\"og:site_name\" content=\"Sonora en Equipo.\" \/>\n<meta property=\"article:publisher\" content=\"https:\/\/www.facebook.com\/SonoraEE\/\" \/>\n<meta property=\"article:author\" content=\"https:\/\/www.facebook.com\/SonoraEE\" \/>\n<meta property=\"article:published_time\" content=\"2025-02-02T21:05:11+00:00\" \/>\n<meta property=\"og:image\" content=\"https:\/\/www.sonoraenequipo.com.mx\/storage\/2025\/02\/papa-con-ninos.jpg\" \/>\n\t<meta property=\"og:image:width\" content=\"600\" \/>\n\t<meta property=\"og:image:height\" content=\"400\" \/>\n\t<meta property=\"og:image:type\" content=\"image\/jpeg\" \/>\n<meta name=\"author\" content=\"enequipo\" \/>\n<meta name=\"twitter:card\" content=\"summary_large_image\" \/>\n<meta name=\"twitter:creator\" content=\"@sonoraenequipo\" \/>\n<meta name=\"twitter:site\" content=\"@sonoraenequipo\" \/>\n<meta name=\"twitter:label1\" content=\"Escrito por\" \/>\n\t<meta name=\"twitter:data1\" content=\"enequipo\" \/>\n\t<meta name=\"twitter:label2\" content=\"Tiempo de lectura\" \/>\n\t<meta name=\"twitter:data2\" content=\"2 minutos\" \/>\n<script type=\"application\/ld+json\" class=\"yoast-schema-graph\">{\"@context\":\"https:\/\/schema.org\",\"@graph\":[{\"@type\":\"Article\",\"@id\":\"https:\/\/www.sonoraenequipo.com.mx\/papa-francisco-a-parejas-jovenes-no-tengan-miedo-de-traer-hijos-al-mundo\/#article\",\"isPartOf\":{\"@id\":\"https:\/\/www.sonoraenequipo.com.mx\/papa-francisco-a-parejas-jovenes-no-tengan-miedo-de-traer-hijos-al-mundo\/\"},\"author\":{\"name\":\"enequipo\",\"@id\":\"https:\/\/www.sonoraenequipo.com.mx\/#\/schema\/person\/50102df0fb23a8fa9e8effad8fa81386\"},\"headline\":\"Papa Francisco a parejas j\u00f3venes: No tengan miedo de traer hijos al mundo\",\"datePublished\":\"2025-02-02T21:05:11+00:00\",\"mainEntityOfPage\":{\"@id\":\"https:\/\/www.sonoraenequipo.com.mx\/papa-francisco-a-parejas-jovenes-no-tengan-miedo-de-traer-hijos-al-mundo\/\"},\"wordCount\":466,\"commentCount\":0,\"publisher\":{\"@id\":\"https:\/\/www.sonoraenequipo.com.mx\/#organization\"},\"image\":{\"@id\":\"https:\/\/www.sonoraenequipo.com.mx\/papa-francisco-a-parejas-jovenes-no-tengan-miedo-de-traer-hijos-al-mundo\/#primaryimage\"},\"thumbnailUrl\":\"https:\/\/www.sonoraenequipo.com.mx\/storage\/2025\/02\/papa-con-ninos.jpg\",\"articleSection\":[\"MUNDO\"],\"inLanguage\":\"es\",\"potentialAction\":[{\"@type\":\"CommentAction\",\"name\":\"Comment\",\"target\":[\"https:\/\/www.sonoraenequipo.com.mx\/papa-francisco-a-parejas-jovenes-no-tengan-miedo-de-traer-hijos-al-mundo\/#respond\"]}]},{\"@type\":\"WebPage\",\"@id\":\"https:\/\/www.sonoraenequipo.com.mx\/papa-francisco-a-parejas-jovenes-no-tengan-miedo-de-traer-hijos-al-mundo\/\",\"url\":\"https:\/\/www.sonoraenequipo.com.mx\/papa-francisco-a-parejas-jovenes-no-tengan-miedo-de-traer-hijos-al-mundo\/\",\"name\":\"Sonora en Equipo. Papa Francisco a parejas j\u00f3venes: No tengan miedo de traer hijos al mundo MUNDO\",\"isPartOf\":{\"@id\":\"https:\/\/www.sonoraenequipo.com.mx\/#website\"},\"primaryImageOfPage\":{\"@id\":\"https:\/\/www.sonoraenequipo.com.mx\/papa-francisco-a-parejas-jovenes-no-tengan-miedo-de-traer-hijos-al-mundo\/#primaryimage\"},\"image\":{\"@id\":\"https:\/\/www.sonoraenequipo.com.mx\/papa-francisco-a-parejas-jovenes-no-tengan-miedo-de-traer-hijos-al-mundo\/#primaryimage\"},\"thumbnailUrl\":\"https:\/\/www.sonoraenequipo.com.mx\/storage\/2025\/02\/papa-con-ninos.jpg\",\"datePublished\":\"2025-02-02T21:05:11+00:00\",\"description\":\"EL VATICANO. \u0336 \u0336\u00a0 El Papa Francisco anim\u00f3 a las parejas j\u00f3venes a no tener miedo de traer hijos al mundo, en el marco de la 47\u00b0 Jornada por la Vida que se En Sonora en Equipo publicamos toda la informaci\u00f3n de Sonora, M\u00e9xico y el Mundo de manera oportuna y busca que la libertad de expresi\u00f3n sea real. Visita nuestro medio informativo publicado desde Hermosillo, Sonora. %\",\"breadcrumb\":{\"@id\":\"https:\/\/www.sonoraenequipo.com.mx\/papa-francisco-a-parejas-jovenes-no-tengan-miedo-de-traer-hijos-al-mundo\/#breadcrumb\"},\"inLanguage\":\"es\",\"potentialAction\":[{\"@type\":\"ReadAction\",\"target\":[\"https:\/\/www.sonoraenequipo.com.mx\/papa-francisco-a-parejas-jovenes-no-tengan-miedo-de-traer-hijos-al-mundo\/\"]}]},{\"@type\":\"ImageObject\",\"inLanguage\":\"es\",\"@id\":\"https:\/\/www.sonoraenequipo.com.mx\/papa-francisco-a-parejas-jovenes-no-tengan-miedo-de-traer-hijos-al-mundo\/#primaryimage\",\"url\":\"https:\/\/www.sonoraenequipo.com.mx\/storage\/2025\/02\/papa-con-ninos.jpg\",\"contentUrl\":\"https:\/\/www.sonoraenequipo.com.mx\/storage\/2025\/02\/papa-con-ninos.jpg\",\"width\":600,\"height\":400,\"caption\":\"El Papa Francisco con un grupo de ni\u00f1os en el Vaticano | Cr\u00e9dito: Vatican Media.\"},{\"@type\":\"BreadcrumbList\",\"@id\":\"https:\/\/www.sonoraenequipo.com.mx\/papa-francisco-a-parejas-jovenes-no-tengan-miedo-de-traer-hijos-al-mundo\/#breadcrumb\",\"itemListElement\":[{\"@type\":\"ListItem\",\"position\":1,\"name\":\"Portada\",\"item\":\"https:\/\/www.sonoraenequipo.com.mx\/\"},{\"@type\":\"ListItem\",\"position\":2,\"name\":\"Papa Francisco a parejas j\u00f3venes: No tengan miedo de traer hijos al mundo\"}]},{\"@type\":\"WebSite\",\"@id\":\"https:\/\/www.sonoraenequipo.com.mx\/#website\",\"url\":\"https:\/\/www.sonoraenequipo.com.mx\/\",\"name\":\"Sonora en Equipo.\",\"description\":\"Diario en l\u00ednea con Noticias desde Hermosillo, Sonora\",\"publisher\":{\"@id\":\"https:\/\/www.sonoraenequipo.com.mx\/#organization\"},\"potentialAction\":[{\"@type\":\"SearchAction\",\"target\":{\"@type\":\"EntryPoint\",\"urlTemplate\":\"https:\/\/www.sonoraenequipo.com.mx\/?s={search_term_string}\"},\"query-input\":{\"@type\":\"PropertyValueSpecification\",\"valueRequired\":true,\"valueName\":\"search_term_string\"}}],\"inLanguage\":\"es\"},{\"@type\":\"Organization\",\"@id\":\"https:\/\/www.sonoraenequipo.com.mx\/#organization\",\"name\":\"Sonoraenequipo.com.mx\",\"url\":\"https:\/\/www.sonoraenequipo.com.mx\/\",\"logo\":{\"@type\":\"ImageObject\",\"inLanguage\":\"es\",\"@id\":\"https:\/\/www.sonoraenequipo.com.mx\/#\/schema\/logo\/image\/\",\"url\":\"https:\/\/www.sonoraenequipo.com.mx\/storage\/2019\/01\/sonoraenequipo_opt.png\",\"contentUrl\":\"https:\/\/www.sonoraenequipo.com.mx\/storage\/2019\/01\/sonoraenequipo_opt.png\",\"width\":375,\"height\":125,\"caption\":\"Sonoraenequipo.com.mx\"},\"image\":{\"@id\":\"https:\/\/www.sonoraenequipo.com.mx\/#\/schema\/logo\/image\/\"},\"sameAs\":[\"https:\/\/www.facebook.com\/SonoraEE\/\",\"https:\/\/x.com\/sonoraenequipo\",\"https:\/\/www.youtube.com\/channel\/UC338nW-lPEYmJQs4ZABQ1SQ\"]},{\"@type\":\"Person\",\"@id\":\"https:\/\/www.sonoraenequipo.com.mx\/#\/schema\/person\/50102df0fb23a8fa9e8effad8fa81386\",\"name\":\"enequipo\",\"image\":{\"@type\":\"ImageObject\",\"inLanguage\":\"es\",\"@id\":\"https:\/\/www.sonoraenequipo.com.mx\/#\/schema\/person\/image\/\",\"url\":\"https:\/\/secure.gravatar.com\/avatar\/049821681b589dabc0bc20695993ccebb09f5b5d4d790cd9251b97faac7c652b?s=96&d=blank&r=g\",\"contentUrl\":\"https:\/\/secure.gravatar.com\/avatar\/049821681b589dabc0bc20695993ccebb09f5b5d4d790cd9251b97faac7c652b?s=96&d=blank&r=g\",\"caption\":\"enequipo\"},\"sameAs\":[\"https:\/\/www.facebook.com\/SonoraEE\"]}]}<\/script>\n ","yoast_head_json":{"title":"Sonora en Equipo. Papa Francisco a parejas j\u00f3venes: No tengan miedo de traer hijos al mundo MUNDO","description":"EL VATICANO. \u0336 \u0336\u00a0 El Papa Francisco anim\u00f3 a las parejas j\u00f3venes a no tener miedo de traer hijos al mundo, en el marco de la 47\u00b0 Jornada por la Vida que se En Sonora en Equipo publicamos toda la informaci\u00f3n de Sonora, M\u00e9xico y el Mundo de manera oportuna y busca que la libertad de expresi\u00f3n sea real. Visita nuestro medio informativo publicado desde Hermosillo, Sonora. %","robots":{"index":"index","follow":"follow","max-snippet":"max-snippet:-1","max-image-preview":"max-image-preview:large","max-video-preview":"max-video-preview:-1"},"canonical":"https:\/\/www.sonoraenequipo.com.mx\/papa-francisco-a-parejas-jovenes-no-tengan-miedo-de-traer-hijos-al-mundo\/","og_locale":"es_ES","og_type":"article","og_title":"Sonora en Equipo. Papa Francisco a parejas j\u00f3venes: No tengan miedo de traer hijos al mundo MUNDO","og_description":"EL VATICANO. \u0336 \u0336\u00a0 El Papa Francisco anim\u00f3 a las parejas j\u00f3venes a no tener miedo de traer hijos al mundo, en el marco de la 47\u00b0 Jornada por la Vida que se En Sonora en Equipo publicamos toda la informaci\u00f3n de Sonora, M\u00e9xico y el Mundo de manera oportuna y busca que la libertad de expresi\u00f3n sea real. Visita nuestro medio informativo publicado desde Hermosillo, Sonora. %","og_url":"https:\/\/www.sonoraenequipo.com.mx\/papa-francisco-a-parejas-jovenes-no-tengan-miedo-de-traer-hijos-al-mundo\/","og_site_name":"Sonora en Equipo.","article_publisher":"https:\/\/www.facebook.com\/SonoraEE\/","article_author":"https:\/\/www.facebook.com\/SonoraEE","article_published_time":"2025-02-02T21:05:11+00:00","og_image":[{"width":600,"height":400,"url":"https:\/\/www.sonoraenequipo.com.mx\/storage\/2025\/02\/papa-con-ninos.jpg","type":"image\/jpeg"}],"author":"enequipo","twitter_card":"summary_large_image","twitter_creator":"@sonoraenequipo","twitter_site":"@sonoraenequipo","twitter_misc":{"Escrito por":"enequipo","Tiempo de lectura":"2 minutos"},"schema":{"@context":"https:\/\/schema.org","@graph":[{"@type":"Article","@id":"https:\/\/www.sonoraenequipo.com.mx\/papa-francisco-a-parejas-jovenes-no-tengan-miedo-de-traer-hijos-al-mundo\/#article","isPartOf":{"@id":"https:\/\/www.sonoraenequipo.com.mx\/papa-francisco-a-parejas-jovenes-no-tengan-miedo-de-traer-hijos-al-mundo\/"},"author":{"name":"enequipo","@id":"https:\/\/www.sonoraenequipo.com.mx\/#\/schema\/person\/50102df0fb23a8fa9e8effad8fa81386"},"headline":"Papa Francisco a parejas j\u00f3venes: No tengan miedo de traer hijos al mundo","datePublished":"2025-02-02T21:05:11+00:00","mainEntityOfPage":{"@id":"https:\/\/www.sonoraenequipo.com.mx\/papa-francisco-a-parejas-jovenes-no-tengan-miedo-de-traer-hijos-al-mundo\/"},"wordCount":466,"commentCount":0,"publisher":{"@id":"https:\/\/www.sonoraenequipo.com.mx\/#organization"},"image":{"@id":"https:\/\/www.sonoraenequipo.com.mx\/papa-francisco-a-parejas-jovenes-no-tengan-miedo-de-traer-hijos-al-mundo\/#primaryimage"},"thumbnailUrl":"https:\/\/www.sonoraenequipo.com.mx\/storage\/2025\/02\/papa-con-ninos.jpg","articleSection":["MUNDO"],"inLanguage":"es","potentialAction":[{"@type":"CommentAction","name":"Comment","target":["https:\/\/www.sonoraenequipo.com.mx\/papa-francisco-a-parejas-jovenes-no-tengan-miedo-de-traer-hijos-al-mundo\/#respond"]}]},{"@type":"WebPage","@id":"https:\/\/www.sonoraenequipo.com.mx\/papa-francisco-a-parejas-jovenes-no-tengan-miedo-de-traer-hijos-al-mundo\/","url":"https:\/\/www.sonoraenequipo.com.mx\/papa-francisco-a-parejas-jovenes-no-tengan-miedo-de-traer-hijos-al-mundo\/","name":"Sonora en Equipo. Papa Francisco a parejas j\u00f3venes: No tengan miedo de traer hijos al mundo MUNDO","isPartOf":{"@id":"https:\/\/www.sonoraenequipo.com.mx\/#website"},"primaryImageOfPage":{"@id":"https:\/\/www.sonoraenequipo.com.mx\/papa-francisco-a-parejas-jovenes-no-tengan-miedo-de-traer-hijos-al-mundo\/#primaryimage"},"image":{"@id":"https:\/\/www.sonoraenequipo.com.mx\/papa-francisco-a-parejas-jovenes-no-tengan-miedo-de-traer-hijos-al-mundo\/#primaryimage"},"thumbnailUrl":"https:\/\/www.sonoraenequipo.com.mx\/storage\/2025\/02\/papa-con-ninos.jpg","datePublished":"2025-02-02T21:05:11+00:00","description":"EL VATICANO. \u0336 \u0336\u00a0 El Papa Francisco anim\u00f3 a las parejas j\u00f3venes a no tener miedo de traer hijos al mundo, en el marco de la 47\u00b0 Jornada por la Vida que se En Sonora en Equipo publicamos toda la informaci\u00f3n de Sonora, M\u00e9xico y el Mundo de manera oportuna y busca que la libertad de expresi\u00f3n sea real. Visita nuestro medio informativo publicado desde Hermosillo, Sonora. %","breadcrumb":{"@id":"https:\/\/www.sonoraenequipo.com.mx\/papa-francisco-a-parejas-jovenes-no-tengan-miedo-de-traer-hijos-al-mundo\/#breadcrumb"},"inLanguage":"es","potentialAction":[{"@type":"ReadAction","target":["https:\/\/www.sonoraenequipo.com.mx\/papa-francisco-a-parejas-jovenes-no-tengan-miedo-de-traer-hijos-al-mundo\/"]}]},{"@type":"ImageObject","inLanguage":"es","@id":"https:\/\/www.sonoraenequipo.com.mx\/papa-francisco-a-parejas-jovenes-no-tengan-miedo-de-traer-hijos-al-mundo\/#primaryimage","url":"https:\/\/www.sonoraenequipo.com.mx\/storage\/2025\/02\/papa-con-ninos.jpg","contentUrl":"https:\/\/www.sonoraenequipo.com.mx\/storage\/2025\/02\/papa-con-ninos.jpg","width":600,"height":400,"caption":"El Papa Francisco con un grupo de ni\u00f1os en el Vaticano | Cr\u00e9dito: Vatican Media."},{"@type":"BreadcrumbList","@id":"https:\/\/www.sonoraenequipo.com.mx\/papa-francisco-a-parejas-jovenes-no-tengan-miedo-de-traer-hijos-al-mundo\/#breadcrumb","itemListElement":[{"@type":"ListItem","position":1,"name":"Portada","item":"https:\/\/www.sonoraenequipo.com.mx\/"},{"@type":"ListItem","position":2,"name":"Papa Francisco a parejas j\u00f3venes: No tengan miedo de traer hijos al mundo"}]},{"@type":"WebSite","@id":"https:\/\/www.sonoraenequipo.com.mx\/#website","url":"https:\/\/www.sonoraenequipo.com.mx\/","name":"Sonora en Equipo.","description":"Diario en l\u00ednea con Noticias desde Hermosillo, Sonora","publisher":{"@id":"https:\/\/www.sonoraenequipo.com.mx\/#organization"},"potentialAction":[{"@type":"SearchAction","target":{"@type":"EntryPoint","urlTemplate":"https:\/\/www.sonoraenequipo.com.mx\/?s={search_term_string}"},"query-input":{"@type":"PropertyValueSpecification","valueRequired":true,"valueName":"search_term_string"}}],"inLanguage":"es"},{"@type":"Organization","@id":"https:\/\/www.sonoraenequipo.com.mx\/#organization","name":"Sonoraenequipo.com.mx","url":"https:\/\/www.sonoraenequipo.com.mx\/","logo":{"@type":"ImageObject","inLanguage":"es","@id":"https:\/\/www.sonoraenequipo.com.mx\/#\/schema\/logo\/image\/","url":"https:\/\/www.sonoraenequipo.com.mx\/storage\/2019\/01\/sonoraenequipo_opt.png","contentUrl":"https:\/\/www.sonoraenequipo.com.mx\/storage\/2019\/01\/sonoraenequipo_opt.png","width":375,"height":125,"caption":"Sonoraenequipo.com.mx"},"image":{"@id":"https:\/\/www.sonoraenequipo.com.mx\/#\/schema\/logo\/image\/"},"sameAs":["https:\/\/www.facebook.com\/SonoraEE\/","https:\/\/x.com\/sonoraenequipo","https:\/\/www.youtube.com\/channel\/UC338nW-lPEYmJQs4ZABQ1SQ"]},{"@type":"Person","@id":"https:\/\/www.sonoraenequipo.com.mx\/#\/schema\/person\/50102df0fb23a8fa9e8effad8fa81386","name":"enequipo","image":{"@type":"ImageObject","inLanguage":"es","@id":"https:\/\/www.sonoraenequipo.com.mx\/#\/schema\/person\/image\/","url":"https:\/\/secure.gravatar.com\/avatar\/049821681b589dabc0bc20695993ccebb09f5b5d4d790cd9251b97faac7c652b?s=96&d=blank&r=g","contentUrl":"https:\/\/secure.gravatar.com\/avatar\/049821681b589dabc0bc20695993ccebb09f5b5d4d790cd9251b97faac7c652b?s=96&d=blank&r=g","caption":"enequipo"},"sameAs":["https:\/\/www.facebook.com\/SonoraEE"]}]}},"jetpack_featured_media_url":"https:\/\/www.sonoraenequipo.com.mx\/storage\/2025\/02\/papa-con-ninos.jpg","_links":{"self":[{"href":"https:\/\/www.sonoraenequipo.com.mx\/api\/wp\/v2\/posts\/208949","targetHints":{"allow":["GET"]}}],"collection":[{"href":"https:\/\/www.sonoraenequipo.com.mx\/api\/wp\/v2\/posts"}],"about":[{"href":"https:\/\/www.sonoraenequipo.com.mx\/api\/wp\/v2\/types\/post"}],"author":[{"embeddable":true,"href":"https:\/\/www.sonoraenequipo.com.mx\/api\/wp\/v2\/users\/1"}],"replies":[{"embeddable":true,"href":"https:\/\/www.sonoraenequipo.com.mx\/api\/wp\/v2\/comments?post=208949"}],"version-history":[{"count":1,"href":"https:\/\/www.sonoraenequipo.com.mx\/api\/wp\/v2\/posts\/208949\/revisions"}],"predecessor-version":[{"id":208951,"href":"https:\/\/www.sonoraenequipo.com.mx\/api\/wp\/v2\/posts\/208949\/revisions\/208951"}],"wp:featuredmedia":[{"embeddable":true,"href":"https:\/\/www.sonoraenequipo.com.mx\/api\/wp\/v2\/media\/208950"}],"wp:attachment":[{"href":"https:\/\/www.sonoraenequipo.com.mx\/api\/wp\/v2\/media?parent=208949"}],"wp:term":[{"taxonomy":"category","embeddable":true,"href":"https:\/\/www.sonoraenequipo.com.mx\/api\/wp\/v2\/categories?post=208949"},{"taxonomy":"post_tag","embeddable":true,"href":"https:\/\/www.sonoraenequipo.com.mx\/api\/wp\/v2\/tags?post=208949"}],"curies":[{"name":"wp","href":"https:\/\/api.w.org\/{rel}","templated":true}]}}