{"id":208962,"date":"2025-02-03T11:09:01","date_gmt":"2025-02-03T18:09:01","guid":{"rendered":"https:\/\/www.sonoraenequipo.com.mx\/?p=208962"},"modified":"2025-02-03T11:09:01","modified_gmt":"2025-02-03T18:09:01","slug":"en-tamaulipas-fue-detenido-el-lider-regional-de-un-grupo-delictivo","status":"publish","type":"post","link":"https:\/\/www.sonoraenequipo.com.mx\/en-tamaulipas-fue-detenido-el-lider-regional-de-un-grupo-delictivo\/","title":{"rendered":"En Tamaulipas fue detenido el l\u00edder regional de un grupo delictivo"},"content":{"rendered":"<p><strong>CIUDAD DE M\u00c9XICO.<\/strong><strong> \u0336 \u0336\u00a0 <\/strong>Como parte del reforzamiento a la seguridad en el estado de Tamaulipas y en seguimiento a trabajos de investigaci\u00f3n, en una acci\u00f3n encabezada por elementos de la Secretar\u00eda de la Defensa Nacional (Defensa), junto a la Secretar\u00eda de Marina (Semar), Fiscal\u00eda General de la Rep\u00fablica (FGR), Guardia Nacional (GN) y Secretar\u00eda de Seguridad y Protecci\u00f3n Ciudadana (SSPC), fue detenido Ricardo \u201cN\u201d, vinculado a un grupo delictivo generador de violencia en los estados de Tamaulipas, Nuevo Le\u00f3n y Coahuila.<\/p>\n<p>&nbsp;<\/p>\n<p>En seguimiento a l\u00edneas de investigaci\u00f3n para detener a generadores de violencia en el pa\u00eds, los agentes de seguridad ubicaron la zona de movilidad de uno de los l\u00edderes regionales de un grupo delictivo en el municipio de Nuevo Laredo, por lo que se le dio seguimiento.<\/p>\n<p>&nbsp;<\/p>\n<p>&nbsp;<\/p>\n<p>Fue as\u00ed que, durante las acciones de vigilancia y seguimiento, los agentes observaron a una persona que coincid\u00eda con las investigaciones, la cual portaba lo que parec\u00eda ser un arma de fuego y, con el fin de prevenir una acci\u00f3n que pusiera en riesgo la seguridad de los habitantes de la zona, fue detenido.<\/p>\n<p>&nbsp;<\/p>\n<p>Al hombre, de 27 a\u00f1os de edad, se le informaron sus derechos constitucionales y fue puesto a disposici\u00f3n del agente del Ministerio P\u00fablico correspondiente, quien determinar\u00e1 su situaci\u00f3n legal y continuar\u00e1 con las indagatorias subsecuentes.<\/p>\n<p>&nbsp;<\/p>\n<p>Se tiene conocimiento que el detenido cuenta con dos \u00f3rdenes de aprehensi\u00f3n vigentes, adem\u00e1s se le identifica como autor intelectual de extorsiones, homicidios y ataques a los cuerpos policiacos.<\/p>\n<p>&nbsp;<\/p>\n<p>Con estas acciones, las instituciones que del Gabinete de Seguridad refrendan su compromiso de trabajar de manera coordinada para recuperar la paz y tranquilidad de la ciudadan\u00eda en el pa\u00eds.<\/p>\n<p>&nbsp;<\/p>\n<p><strong>Fecha de publicaci\u00f3n lunes 3 de febrero de 2025<\/strong><\/p>\n","protected":false},"excerpt":{"rendered":"<p>CIUDAD DE M\u00c9XICO. \u0336 \u0336\u00a0 Como parte del reforzamiento a la seguridad en el estado&#8230;<\/p>\n","protected":false},"author":1,"featured_media":208963,"comment_status":"open","ping_status":"open","sticky":false,"template":"","format":"standard","meta":{"_monsterinsights_skip_tracking":false,"_monsterinsights_sitenote_active":false,"_monsterinsights_sitenote_note":"","_monsterinsights_sitenote_category":0,"footnotes":""},"categories":[3144],"tags":[],"class_list":["post"],"yoast_head":" \n<title>Sonora en Equipo. En Tamaulipas fue detenido el l\u00edder regional de un grupo delictivo Polic\u00edaca<\/title>\n<meta name=\"description\" content=\"CIUDAD DE M\u00c9XICO. \u0336 \u0336\u00a0 Como parte del reforzamiento a la seguridad en el estado de Tamaulipas y en seguimiento a trabajos de investigaci\u00f3n, en una acci\u00f3n En Sonora en Equipo publicamos toda la informaci\u00f3n de Sonora, M\u00e9xico y el Mundo de manera oportuna y busca que la libertad de expresi\u00f3n sea real. Visita nuestro medio informativo publicado desde Hermosillo, Sonora. %\" \/>\n<meta name=\"robots\" content=\"index, follow, max-snippet:-1, max-image-preview:large, max-video-preview:-1\" \/>\n<link rel=\"canonical\" href=\"https:\/\/www.sonoraenequipo.com.mx\/en-tamaulipas-fue-detenido-el-lider-regional-de-un-grupo-delictivo\/\" \/>\n<meta property=\"og:locale\" content=\"es_ES\" \/>\n<meta property=\"og:type\" content=\"article\" \/>\n<meta property=\"og:title\" content=\"Sonora en Equipo. En Tamaulipas fue detenido el l\u00edder regional de un grupo delictivo Polic\u00edaca\" \/>\n<meta property=\"og:description\" content=\"CIUDAD DE M\u00c9XICO. \u0336 \u0336\u00a0 Como parte del reforzamiento a la seguridad en el estado de Tamaulipas y en seguimiento a trabajos de investigaci\u00f3n, en una acci\u00f3n En Sonora en Equipo publicamos toda la informaci\u00f3n de Sonora, M\u00e9xico y el Mundo de manera oportuna y busca que la libertad de expresi\u00f3n sea real. Visita nuestro medio informativo publicado desde Hermosillo, Sonora. %\" \/>\n<meta property=\"og:url\" content=\"https:\/\/www.sonoraenequipo.com.mx\/en-tamaulipas-fue-detenido-el-lider-regional-de-un-grupo-delictivo\/\" \/>\n<meta property=\"og:site_name\" content=\"Sonora en Equipo.\" \/>\n<meta property=\"article:publisher\" content=\"https:\/\/www.facebook.com\/SonoraEE\/\" \/>\n<meta property=\"article:author\" content=\"https:\/\/www.facebook.com\/SonoraEE\" \/>\n<meta property=\"article:published_time\" content=\"2025-02-03T18:09:01+00:00\" \/>\n<meta property=\"og:image\" content=\"https:\/\/www.sonoraenequipo.com.mx\/storage\/2025\/02\/detenido-tamaulipas.jpg\" \/>\n\t<meta property=\"og:image:width\" content=\"600\" \/>\n\t<meta property=\"og:image:height\" content=\"400\" \/>\n\t<meta property=\"og:image:type\" content=\"image\/jpeg\" \/>\n<meta name=\"author\" content=\"enequipo\" \/>\n<meta name=\"twitter:card\" content=\"summary_large_image\" \/>\n<meta name=\"twitter:creator\" content=\"@sonoraenequipo\" \/>\n<meta name=\"twitter:site\" content=\"@sonoraenequipo\" \/>\n<meta name=\"twitter:label1\" content=\"Escrito por\" \/>\n\t<meta name=\"twitter:data1\" content=\"enequipo\" \/>\n\t<meta name=\"twitter:label2\" content=\"Tiempo de lectura\" \/>\n\t<meta name=\"twitter:data2\" content=\"2 minutos\" \/>\n<script type=\"application\/ld+json\" class=\"yoast-schema-graph\">{\"@context\":\"https:\/\/schema.org\",\"@graph\":[{\"@type\":\"Article\",\"@id\":\"https:\/\/www.sonoraenequipo.com.mx\/en-tamaulipas-fue-detenido-el-lider-regional-de-un-grupo-delictivo\/#article\",\"isPartOf\":{\"@id\":\"https:\/\/www.sonoraenequipo.com.mx\/en-tamaulipas-fue-detenido-el-lider-regional-de-un-grupo-delictivo\/\"},\"author\":{\"name\":\"enequipo\",\"@id\":\"https:\/\/www.sonoraenequipo.com.mx\/#\/schema\/person\/50102df0fb23a8fa9e8effad8fa81386\"},\"headline\":\"En Tamaulipas fue detenido el l\u00edder regional de un grupo delictivo\",\"datePublished\":\"2025-02-03T18:09:01+00:00\",\"mainEntityOfPage\":{\"@id\":\"https:\/\/www.sonoraenequipo.com.mx\/en-tamaulipas-fue-detenido-el-lider-regional-de-un-grupo-delictivo\/\"},\"wordCount\":327,\"commentCount\":0,\"publisher\":{\"@id\":\"https:\/\/www.sonoraenequipo.com.mx\/#organization\"},\"image\":{\"@id\":\"https:\/\/www.sonoraenequipo.com.mx\/en-tamaulipas-fue-detenido-el-lider-regional-de-un-grupo-delictivo\/#primaryimage\"},\"thumbnailUrl\":\"https:\/\/www.sonoraenequipo.com.mx\/storage\/2025\/02\/detenido-tamaulipas.jpg\",\"articleSection\":[\"Polic\u00edaca\"],\"inLanguage\":\"es\",\"potentialAction\":[{\"@type\":\"CommentAction\",\"name\":\"Comment\",\"target\":[\"https:\/\/www.sonoraenequipo.com.mx\/en-tamaulipas-fue-detenido-el-lider-regional-de-un-grupo-delictivo\/#respond\"]}]},{\"@type\":\"WebPage\",\"@id\":\"https:\/\/www.sonoraenequipo.com.mx\/en-tamaulipas-fue-detenido-el-lider-regional-de-un-grupo-delictivo\/\",\"url\":\"https:\/\/www.sonoraenequipo.com.mx\/en-tamaulipas-fue-detenido-el-lider-regional-de-un-grupo-delictivo\/\",\"name\":\"Sonora en Equipo. En Tamaulipas fue detenido el l\u00edder regional de un grupo delictivo Polic\u00edaca\",\"isPartOf\":{\"@id\":\"https:\/\/www.sonoraenequipo.com.mx\/#website\"},\"primaryImageOfPage\":{\"@id\":\"https:\/\/www.sonoraenequipo.com.mx\/en-tamaulipas-fue-detenido-el-lider-regional-de-un-grupo-delictivo\/#primaryimage\"},\"image\":{\"@id\":\"https:\/\/www.sonoraenequipo.com.mx\/en-tamaulipas-fue-detenido-el-lider-regional-de-un-grupo-delictivo\/#primaryimage\"},\"thumbnailUrl\":\"https:\/\/www.sonoraenequipo.com.mx\/storage\/2025\/02\/detenido-tamaulipas.jpg\",\"datePublished\":\"2025-02-03T18:09:01+00:00\",\"description\":\"CIUDAD DE M\u00c9XICO. \u0336 \u0336\u00a0 Como parte del reforzamiento a la seguridad en el estado de Tamaulipas y en seguimiento a trabajos de investigaci\u00f3n, en una acci\u00f3n En Sonora en Equipo publicamos toda la informaci\u00f3n de Sonora, M\u00e9xico y el Mundo de manera oportuna y busca que la libertad de expresi\u00f3n sea real. Visita nuestro medio informativo publicado desde Hermosillo, Sonora. %\",\"breadcrumb\":{\"@id\":\"https:\/\/www.sonoraenequipo.com.mx\/en-tamaulipas-fue-detenido-el-lider-regional-de-un-grupo-delictivo\/#breadcrumb\"},\"inLanguage\":\"es\",\"potentialAction\":[{\"@type\":\"ReadAction\",\"target\":[\"https:\/\/www.sonoraenequipo.com.mx\/en-tamaulipas-fue-detenido-el-lider-regional-de-un-grupo-delictivo\/\"]}]},{\"@type\":\"ImageObject\",\"inLanguage\":\"es\",\"@id\":\"https:\/\/www.sonoraenequipo.com.mx\/en-tamaulipas-fue-detenido-el-lider-regional-de-un-grupo-delictivo\/#primaryimage\",\"url\":\"https:\/\/www.sonoraenequipo.com.mx\/storage\/2025\/02\/detenido-tamaulipas.jpg\",\"contentUrl\":\"https:\/\/www.sonoraenequipo.com.mx\/storage\/2025\/02\/detenido-tamaulipas.jpg\",\"width\":600,\"height\":400},{\"@type\":\"BreadcrumbList\",\"@id\":\"https:\/\/www.sonoraenequipo.com.mx\/en-tamaulipas-fue-detenido-el-lider-regional-de-un-grupo-delictivo\/#breadcrumb\",\"itemListElement\":[{\"@type\":\"ListItem\",\"position\":1,\"name\":\"Portada\",\"item\":\"https:\/\/www.sonoraenequipo.com.mx\/\"},{\"@type\":\"ListItem\",\"position\":2,\"name\":\"En Tamaulipas fue detenido el l\u00edder regional de un grupo delictivo\"}]},{\"@type\":\"WebSite\",\"@id\":\"https:\/\/www.sonoraenequipo.com.mx\/#website\",\"url\":\"https:\/\/www.sonoraenequipo.com.mx\/\",\"name\":\"Sonora en Equipo.\",\"description\":\"Diario en l\u00ednea con Noticias desde Hermosillo, Sonora\",\"publisher\":{\"@id\":\"https:\/\/www.sonoraenequipo.com.mx\/#organization\"},\"potentialAction\":[{\"@type\":\"SearchAction\",\"target\":{\"@type\":\"EntryPoint\",\"urlTemplate\":\"https:\/\/www.sonoraenequipo.com.mx\/?s={search_term_string}\"},\"query-input\":{\"@type\":\"PropertyValueSpecification\",\"valueRequired\":true,\"valueName\":\"search_term_string\"}}],\"inLanguage\":\"es\"},{\"@type\":\"Organization\",\"@id\":\"https:\/\/www.sonoraenequipo.com.mx\/#organization\",\"name\":\"Sonoraenequipo.com.mx\",\"url\":\"https:\/\/www.sonoraenequipo.com.mx\/\",\"logo\":{\"@type\":\"ImageObject\",\"inLanguage\":\"es\",\"@id\":\"https:\/\/www.sonoraenequipo.com.mx\/#\/schema\/logo\/image\/\",\"url\":\"https:\/\/www.sonoraenequipo.com.mx\/storage\/2019\/01\/sonoraenequipo_opt.png\",\"contentUrl\":\"https:\/\/www.sonoraenequipo.com.mx\/storage\/2019\/01\/sonoraenequipo_opt.png\",\"width\":375,\"height\":125,\"caption\":\"Sonoraenequipo.com.mx\"},\"image\":{\"@id\":\"https:\/\/www.sonoraenequipo.com.mx\/#\/schema\/logo\/image\/\"},\"sameAs\":[\"https:\/\/www.facebook.com\/SonoraEE\/\",\"https:\/\/x.com\/sonoraenequipo\",\"https:\/\/www.youtube.com\/channel\/UC338nW-lPEYmJQs4ZABQ1SQ\"]},{\"@type\":\"Person\",\"@id\":\"https:\/\/www.sonoraenequipo.com.mx\/#\/schema\/person\/50102df0fb23a8fa9e8effad8fa81386\",\"name\":\"enequipo\",\"image\":{\"@type\":\"ImageObject\",\"inLanguage\":\"es\",\"@id\":\"https:\/\/www.sonoraenequipo.com.mx\/#\/schema\/person\/image\/\",\"url\":\"https:\/\/secure.gravatar.com\/avatar\/049821681b589dabc0bc20695993ccebb09f5b5d4d790cd9251b97faac7c652b?s=96&d=blank&r=g\",\"contentUrl\":\"https:\/\/secure.gravatar.com\/avatar\/049821681b589dabc0bc20695993ccebb09f5b5d4d790cd9251b97faac7c652b?s=96&d=blank&r=g\",\"caption\":\"enequipo\"},\"sameAs\":[\"https:\/\/www.facebook.com\/SonoraEE\"]}]}<\/script>\n ","yoast_head_json":{"title":"Sonora en Equipo. En Tamaulipas fue detenido el l\u00edder regional de un grupo delictivo Polic\u00edaca","description":"CIUDAD DE M\u00c9XICO. \u0336 \u0336\u00a0 Como parte del reforzamiento a la seguridad en el estado de Tamaulipas y en seguimiento a trabajos de investigaci\u00f3n, en una acci\u00f3n En Sonora en Equipo publicamos toda la informaci\u00f3n de Sonora, M\u00e9xico y el Mundo de manera oportuna y busca que la libertad de expresi\u00f3n sea real. Visita nuestro medio informativo publicado desde Hermosillo, Sonora. %","robots":{"index":"index","follow":"follow","max-snippet":"max-snippet:-1","max-image-preview":"max-image-preview:large","max-video-preview":"max-video-preview:-1"},"canonical":"https:\/\/www.sonoraenequipo.com.mx\/en-tamaulipas-fue-detenido-el-lider-regional-de-un-grupo-delictivo\/","og_locale":"es_ES","og_type":"article","og_title":"Sonora en Equipo. En Tamaulipas fue detenido el l\u00edder regional de un grupo delictivo Polic\u00edaca","og_description":"CIUDAD DE M\u00c9XICO. \u0336 \u0336\u00a0 Como parte del reforzamiento a la seguridad en el estado de Tamaulipas y en seguimiento a trabajos de investigaci\u00f3n, en una acci\u00f3n En Sonora en Equipo publicamos toda la informaci\u00f3n de Sonora, M\u00e9xico y el Mundo de manera oportuna y busca que la libertad de expresi\u00f3n sea real. Visita nuestro medio informativo publicado desde Hermosillo, Sonora. %","og_url":"https:\/\/www.sonoraenequipo.com.mx\/en-tamaulipas-fue-detenido-el-lider-regional-de-un-grupo-delictivo\/","og_site_name":"Sonora en Equipo.","article_publisher":"https:\/\/www.facebook.com\/SonoraEE\/","article_author":"https:\/\/www.facebook.com\/SonoraEE","article_published_time":"2025-02-03T18:09:01+00:00","og_image":[{"width":600,"height":400,"url":"https:\/\/www.sonoraenequipo.com.mx\/storage\/2025\/02\/detenido-tamaulipas.jpg","type":"image\/jpeg"}],"author":"enequipo","twitter_card":"summary_large_image","twitter_creator":"@sonoraenequipo","twitter_site":"@sonoraenequipo","twitter_misc":{"Escrito por":"enequipo","Tiempo de lectura":"2 minutos"},"schema":{"@context":"https:\/\/schema.org","@graph":[{"@type":"Article","@id":"https:\/\/www.sonoraenequipo.com.mx\/en-tamaulipas-fue-detenido-el-lider-regional-de-un-grupo-delictivo\/#article","isPartOf":{"@id":"https:\/\/www.sonoraenequipo.com.mx\/en-tamaulipas-fue-detenido-el-lider-regional-de-un-grupo-delictivo\/"},"author":{"name":"enequipo","@id":"https:\/\/www.sonoraenequipo.com.mx\/#\/schema\/person\/50102df0fb23a8fa9e8effad8fa81386"},"headline":"En Tamaulipas fue detenido el l\u00edder regional de un grupo delictivo","datePublished":"2025-02-03T18:09:01+00:00","mainEntityOfPage":{"@id":"https:\/\/www.sonoraenequipo.com.mx\/en-tamaulipas-fue-detenido-el-lider-regional-de-un-grupo-delictivo\/"},"wordCount":327,"commentCount":0,"publisher":{"@id":"https:\/\/www.sonoraenequipo.com.mx\/#organization"},"image":{"@id":"https:\/\/www.sonoraenequipo.com.mx\/en-tamaulipas-fue-detenido-el-lider-regional-de-un-grupo-delictivo\/#primaryimage"},"thumbnailUrl":"https:\/\/www.sonoraenequipo.com.mx\/storage\/2025\/02\/detenido-tamaulipas.jpg","articleSection":["Polic\u00edaca"],"inLanguage":"es","potentialAction":[{"@type":"CommentAction","name":"Comment","target":["https:\/\/www.sonoraenequipo.com.mx\/en-tamaulipas-fue-detenido-el-lider-regional-de-un-grupo-delictivo\/#respond"]}]},{"@type":"WebPage","@id":"https:\/\/www.sonoraenequipo.com.mx\/en-tamaulipas-fue-detenido-el-lider-regional-de-un-grupo-delictivo\/","url":"https:\/\/www.sonoraenequipo.com.mx\/en-tamaulipas-fue-detenido-el-lider-regional-de-un-grupo-delictivo\/","name":"Sonora en Equipo. En Tamaulipas fue detenido el l\u00edder regional de un grupo delictivo Polic\u00edaca","isPartOf":{"@id":"https:\/\/www.sonoraenequipo.com.mx\/#website"},"primaryImageOfPage":{"@id":"https:\/\/www.sonoraenequipo.com.mx\/en-tamaulipas-fue-detenido-el-lider-regional-de-un-grupo-delictivo\/#primaryimage"},"image":{"@id":"https:\/\/www.sonoraenequipo.com.mx\/en-tamaulipas-fue-detenido-el-lider-regional-de-un-grupo-delictivo\/#primaryimage"},"thumbnailUrl":"https:\/\/www.sonoraenequipo.com.mx\/storage\/2025\/02\/detenido-tamaulipas.jpg","datePublished":"2025-02-03T18:09:01+00:00","description":"CIUDAD DE M\u00c9XICO. \u0336 \u0336\u00a0 Como parte del reforzamiento a la seguridad en el estado de Tamaulipas y en seguimiento a trabajos de investigaci\u00f3n, en una acci\u00f3n En Sonora en Equipo publicamos toda la informaci\u00f3n de Sonora, M\u00e9xico y el Mundo de manera oportuna y busca que la libertad de expresi\u00f3n sea real. Visita nuestro medio informativo publicado desde Hermosillo, Sonora. %","breadcrumb":{"@id":"https:\/\/www.sonoraenequipo.com.mx\/en-tamaulipas-fue-detenido-el-lider-regional-de-un-grupo-delictivo\/#breadcrumb"},"inLanguage":"es","potentialAction":[{"@type":"ReadAction","target":["https:\/\/www.sonoraenequipo.com.mx\/en-tamaulipas-fue-detenido-el-lider-regional-de-un-grupo-delictivo\/"]}]},{"@type":"ImageObject","inLanguage":"es","@id":"https:\/\/www.sonoraenequipo.com.mx\/en-tamaulipas-fue-detenido-el-lider-regional-de-un-grupo-delictivo\/#primaryimage","url":"https:\/\/www.sonoraenequipo.com.mx\/storage\/2025\/02\/detenido-tamaulipas.jpg","contentUrl":"https:\/\/www.sonoraenequipo.com.mx\/storage\/2025\/02\/detenido-tamaulipas.jpg","width":600,"height":400},{"@type":"BreadcrumbList","@id":"https:\/\/www.sonoraenequipo.com.mx\/en-tamaulipas-fue-detenido-el-lider-regional-de-un-grupo-delictivo\/#breadcrumb","itemListElement":[{"@type":"ListItem","position":1,"name":"Portada","item":"https:\/\/www.sonoraenequipo.com.mx\/"},{"@type":"ListItem","position":2,"name":"En Tamaulipas fue detenido el l\u00edder regional de un grupo delictivo"}]},{"@type":"WebSite","@id":"https:\/\/www.sonoraenequipo.com.mx\/#website","url":"https:\/\/www.sonoraenequipo.com.mx\/","name":"Sonora en Equipo.","description":"Diario en l\u00ednea con Noticias desde Hermosillo, Sonora","publisher":{"@id":"https:\/\/www.sonoraenequipo.com.mx\/#organization"},"potentialAction":[{"@type":"SearchAction","target":{"@type":"EntryPoint","urlTemplate":"https:\/\/www.sonoraenequipo.com.mx\/?s={search_term_string}"},"query-input":{"@type":"PropertyValueSpecification","valueRequired":true,"valueName":"search_term_string"}}],"inLanguage":"es"},{"@type":"Organization","@id":"https:\/\/www.sonoraenequipo.com.mx\/#organization","name":"Sonoraenequipo.com.mx","url":"https:\/\/www.sonoraenequipo.com.mx\/","logo":{"@type":"ImageObject","inLanguage":"es","@id":"https:\/\/www.sonoraenequipo.com.mx\/#\/schema\/logo\/image\/","url":"https:\/\/www.sonoraenequipo.com.mx\/storage\/2019\/01\/sonoraenequipo_opt.png","contentUrl":"https:\/\/www.sonoraenequipo.com.mx\/storage\/2019\/01\/sonoraenequipo_opt.png","width":375,"height":125,"caption":"Sonoraenequipo.com.mx"},"image":{"@id":"https:\/\/www.sonoraenequipo.com.mx\/#\/schema\/logo\/image\/"},"sameAs":["https:\/\/www.facebook.com\/SonoraEE\/","https:\/\/x.com\/sonoraenequipo","https:\/\/www.youtube.com\/channel\/UC338nW-lPEYmJQs4ZABQ1SQ"]},{"@type":"Person","@id":"https:\/\/www.sonoraenequipo.com.mx\/#\/schema\/person\/50102df0fb23a8fa9e8effad8fa81386","name":"enequipo","image":{"@type":"ImageObject","inLanguage":"es","@id":"https:\/\/www.sonoraenequipo.com.mx\/#\/schema\/person\/image\/","url":"https:\/\/secure.gravatar.com\/avatar\/049821681b589dabc0bc20695993ccebb09f5b5d4d790cd9251b97faac7c652b?s=96&d=blank&r=g","contentUrl":"https:\/\/secure.gravatar.com\/avatar\/049821681b589dabc0bc20695993ccebb09f5b5d4d790cd9251b97faac7c652b?s=96&d=blank&r=g","caption":"enequipo"},"sameAs":["https:\/\/www.facebook.com\/SonoraEE"]}]}},"jetpack_featured_media_url":"https:\/\/www.sonoraenequipo.com.mx\/storage\/2025\/02\/detenido-tamaulipas.jpg","_links":{"self":[{"href":"https:\/\/www.sonoraenequipo.com.mx\/api\/wp\/v2\/posts\/208962","targetHints":{"allow":["GET"]}}],"collection":[{"href":"https:\/\/www.sonoraenequipo.com.mx\/api\/wp\/v2\/posts"}],"about":[{"href":"https:\/\/www.sonoraenequipo.com.mx\/api\/wp\/v2\/types\/post"}],"author":[{"embeddable":true,"href":"https:\/\/www.sonoraenequipo.com.mx\/api\/wp\/v2\/users\/1"}],"replies":[{"embeddable":true,"href":"https:\/\/www.sonoraenequipo.com.mx\/api\/wp\/v2\/comments?post=208962"}],"version-history":[{"count":1,"href":"https:\/\/www.sonoraenequipo.com.mx\/api\/wp\/v2\/posts\/208962\/revisions"}],"predecessor-version":[{"id":208964,"href":"https:\/\/www.sonoraenequipo.com.mx\/api\/wp\/v2\/posts\/208962\/revisions\/208964"}],"wp:featuredmedia":[{"embeddable":true,"href":"https:\/\/www.sonoraenequipo.com.mx\/api\/wp\/v2\/media\/208963"}],"wp:attachment":[{"href":"https:\/\/www.sonoraenequipo.com.mx\/api\/wp\/v2\/media?parent=208962"}],"wp:term":[{"taxonomy":"category","embeddable":true,"href":"https:\/\/www.sonoraenequipo.com.mx\/api\/wp\/v2\/categories?post=208962"},{"taxonomy":"post_tag","embeddable":true,"href":"https:\/\/www.sonoraenequipo.com.mx\/api\/wp\/v2\/tags?post=208962"}],"curies":[{"name":"wp","href":"https:\/\/api.w.org\/{rel}","templated":true}]}}