{"id":208975,"date":"2025-02-03T10:19:58","date_gmt":"2025-02-03T17:19:58","guid":{"rendered":"https:\/\/www.sonoraenequipo.com.mx\/?p=208975"},"modified":"2025-02-03T13:49:26","modified_gmt":"2025-02-03T20:49:26","slug":"sheinbaum-revela-que-aun-no-definia-respuesta-a-aranceles","status":"publish","type":"post","link":"https:\/\/www.sonoraenequipo.com.mx\/sheinbaum-revela-que-aun-no-definia-respuesta-a-aranceles\/","title":{"rendered":"Sheinbaum revela que a\u00fan no defin\u00eda respuesta a aranceles"},"content":{"rendered":"<p><strong>CIUDAD DE M\u00c9XICO. MX. \u2014<\/strong> La presidenta de M\u00e9xico, Claudia Sheinbaum, dio a conocer este lunes que, durante su conversaci\u00f3n con el primer ministro de Canad\u00e1, Justin Trudeau, el pasado s\u00e1bado, a\u00fan no se hab\u00eda tomado una decisi\u00f3n sobre si M\u00e9xico responder\u00eda con medidas rec\u00edprocas a los aranceles del 25 % anunciados por el presidente de Estados Unidos, Donald Trump.<\/p>\n<p>&nbsp;<\/p>\n<p>&nbsp;<\/p>\n<p>&nbsp;<\/p>\n<p> <\/p>\n<p>En su conferencia matutina, Sheinbaum explic\u00f3 que durante la charla, Trudeau le pregunt\u00f3 sobre la postura de M\u00e9xico respecto a los aranceles, a lo que ella respondi\u00f3 que a\u00fan no ten\u00edan una definici\u00f3n al respecto.<\/p>\n<p>&nbsp;<\/p>\n<p>&nbsp;<\/p>\n<p>&nbsp;<\/p>\n<p><em><strong>\u00abLe coment\u00e9 que en el tema de los aranceles todav\u00eda no ten\u00edamos una definici\u00f3n\u00bb,<\/strong><\/em> relat\u00f3 Sheinbaum. Esta conversaci\u00f3n ocurri\u00f3 horas despu\u00e9s de que la Casa Blanca anunciara los aranceles como respuesta a diversas disputas comerciales y pol\u00edticas, un golpe potencial para las econom\u00edas de M\u00e9xico y Canad\u00e1.<\/p>\n<p>&nbsp;<\/p>\n<p>&nbsp;<\/p>\n<p>&nbsp;<\/p>\n<p>A pesar de la incertidumbre en cuanto a la respuesta de M\u00e9xico, Sheinbaum asegur\u00f3 que durante esa misma charla le hab\u00eda informado a Trudeau que iba a emitir un comunicado importante en relaci\u00f3n con el tema. Aunque M\u00e9xico no hab\u00eda tomado a\u00fan una decisi\u00f3n sobre los aranceles, la presidenta mexicana coment\u00f3 que estaba preparada para presentar su \u00abplan B\u00bb, el cual, sin embargo, qued\u00f3 \u00abguardado\u00bb ante los recientes desarrollos.<\/p>\n<p>&nbsp;<\/p>\n<p>&nbsp;<\/p>\n<p>&nbsp;<\/p>\n<p>El s\u00e1bado, Trudeau tambi\u00e9n hab\u00eda reaccionado ante el anuncio de Trump, confirmando que Canad\u00e1 adoptar\u00eda medidas de represalia ante los aranceles. El pa\u00eds vecino decidi\u00f3 aplicar un gravamen del 25 % sobre un comercio equivalente a 155,000 millones de d\u00f3lares con Estados Unidos. Aunque Sheinbaum hab\u00eda mencionado que M\u00e9xico tambi\u00e9n tomar\u00eda acciones similares, el acuerdo entre Trump y ella el lunes para suspender los aranceles a M\u00e9xico por un mes cambi\u00f3 parcialmente el panorama.<\/p>\n<p>&nbsp;<\/p>\n<p>&nbsp;<\/p>\n<p>&nbsp;<\/p>\n<p>En este contexto, Sheinbaum destac\u00f3 que seguir\u00edan en comunicaci\u00f3n con Canad\u00e1 para coordinar las respuestas, dada la cercan\u00eda de las decisiones comerciales que afectan a toda Am\u00e9rica del Norte. Adem\u00e1s, a pesar de la pausa de los aranceles a M\u00e9xico, la medida anunciada por Trump sigue siendo v\u00e1lida para Canad\u00e1, cuyos impuestos comerciales seguir\u00e1n en vigor a partir del martes.<\/p>\n<p>&nbsp;<\/p>\n<p>&nbsp;<\/p>\n<p>&nbsp;<\/p>\n<p>El impasse entre M\u00e9xico, Estados Unidos y Canad\u00e1 tambi\u00e9n tiene implicaciones en el Tratado entre M\u00e9xico, Estados Unidos y Canad\u00e1 (T-MEC). Algunos pol\u00edticos canadienses, en particular los miembros del opositor Partido Conservador, han sugerido que M\u00e9xico deber\u00eda ser excluido de este acuerdo en respuesta a las pol\u00edticas de Trump, lo que a\u00f1ade un nuevo nivel de tensi\u00f3n en las relaciones comerciales entre los tres pa\u00edses.<\/p>\n<p>&nbsp;<\/p>\n<p>&nbsp;<\/p>\n<p>&nbsp;<\/p>\n<p>Finalmente, Sheinbaum destac\u00f3 que, gracias a la conversaci\u00f3n con Trump, se logr\u00f3 la suspensi\u00f3n temporal de los aranceles a M\u00e9xico, lo que permitir\u00e1 ganar tiempo para evaluar la situaci\u00f3n y continuar negociando en busca de una soluci\u00f3n definitiva. Mientras tanto, M\u00e9xico reforzar\u00e1 su frontera con 10,000 elementos de la Guardia Nacional, como parte del compromiso con la administraci\u00f3n de Trump.<\/p>\n<p>&nbsp;<\/p>\n<p>&nbsp;<\/p>\n<p>&nbsp;<\/p>\n<p>PUBLICADO EL 03 DE FEBRERO DE 2025 Con informaci\u00f3n de Conferencia matutina)<\/p>\n","protected":false},"excerpt":{"rendered":"<p>CIUDAD DE M\u00c9XICO. MX. \u2014 La presidenta de M\u00e9xico, Claudia Sheinbaum, dio a conocer este&#8230;<\/p>\n","protected":false},"author":1,"featured_media":208978,"comment_status":"open","ping_status":"open","sticky":false,"template":"","format":"standard","meta":{"_monsterinsights_skip_tracking":false,"_monsterinsights_sitenote_active":false,"_monsterinsights_sitenote_note":"","_monsterinsights_sitenote_category":0,"footnotes":""},"categories":[5],"tags":[],"class_list":["post"],"yoast_head":" \n<title>Sonora en Equipo. Sheinbaum revela que a\u00fan no defin\u00eda respuesta a aranceles Rep\u00fablica<\/title>\n<meta name=\"description\" content=\"CIUDAD DE M\u00c9XICO. MX. \u2014 La presidenta de M\u00e9xico, Claudia Sheinbaum, dio a conocer este lunes que, durante su conversaci\u00f3n con el primer ministro de En Sonora en Equipo publicamos toda la informaci\u00f3n de Sonora, M\u00e9xico y el Mundo de manera oportuna y busca que la libertad de expresi\u00f3n sea real. Visita nuestro medio informativo publicado desde Hermosillo, Sonora. %\" \/>\n<meta name=\"robots\" content=\"index, follow, max-snippet:-1, max-image-preview:large, max-video-preview:-1\" \/>\n<link rel=\"canonical\" href=\"https:\/\/www.sonoraenequipo.com.mx\/sheinbaum-revela-que-aun-no-definia-respuesta-a-aranceles\/\" \/>\n<meta property=\"og:locale\" content=\"es_ES\" \/>\n<meta property=\"og:type\" content=\"article\" \/>\n<meta property=\"og:title\" content=\"Sonora en Equipo. Sheinbaum revela que a\u00fan no defin\u00eda respuesta a aranceles Rep\u00fablica\" \/>\n<meta property=\"og:description\" content=\"CIUDAD DE M\u00c9XICO. MX. \u2014 La presidenta de M\u00e9xico, Claudia Sheinbaum, dio a conocer este lunes que, durante su conversaci\u00f3n con el primer ministro de En Sonora en Equipo publicamos toda la informaci\u00f3n de Sonora, M\u00e9xico y el Mundo de manera oportuna y busca que la libertad de expresi\u00f3n sea real. Visita nuestro medio informativo publicado desde Hermosillo, Sonora. %\" \/>\n<meta property=\"og:url\" content=\"https:\/\/www.sonoraenequipo.com.mx\/sheinbaum-revela-que-aun-no-definia-respuesta-a-aranceles\/\" \/>\n<meta property=\"og:site_name\" content=\"Sonora en Equipo.\" \/>\n<meta property=\"article:publisher\" content=\"https:\/\/www.facebook.com\/SonoraEE\/\" \/>\n<meta property=\"article:author\" content=\"https:\/\/www.facebook.com\/SonoraEE\" \/>\n<meta property=\"article:published_time\" content=\"2025-02-03T17:19:58+00:00\" \/>\n<meta property=\"article:modified_time\" content=\"2025-02-03T20:49:26+00:00\" \/>\n<meta property=\"og:image\" content=\"https:\/\/www.sonoraenequipo.com.mx\/storage\/2025\/02\/sheinbaum-03.02.2025.jpg-min.jpeg\" \/>\n\t<meta property=\"og:image:width\" content=\"921\" \/>\n\t<meta property=\"og:image:height\" content=\"493\" \/>\n\t<meta property=\"og:image:type\" content=\"image\/jpeg\" \/>\n<meta name=\"author\" content=\"enequipo\" \/>\n<meta name=\"twitter:card\" content=\"summary_large_image\" \/>\n<meta name=\"twitter:creator\" content=\"@sonoraenequipo\" \/>\n<meta name=\"twitter:site\" content=\"@sonoraenequipo\" \/>\n<meta name=\"twitter:label1\" content=\"Escrito por\" \/>\n\t<meta name=\"twitter:data1\" content=\"enequipo\" \/>\n\t<meta name=\"twitter:label2\" content=\"Tiempo de lectura\" \/>\n\t<meta name=\"twitter:data2\" content=\"3 minutos\" \/>\n<script type=\"application\/ld+json\" class=\"yoast-schema-graph\">{\"@context\":\"https:\/\/schema.org\",\"@graph\":[{\"@type\":\"Article\",\"@id\":\"https:\/\/www.sonoraenequipo.com.mx\/sheinbaum-revela-que-aun-no-definia-respuesta-a-aranceles\/#article\",\"isPartOf\":{\"@id\":\"https:\/\/www.sonoraenequipo.com.mx\/sheinbaum-revela-que-aun-no-definia-respuesta-a-aranceles\/\"},\"author\":{\"name\":\"enequipo\",\"@id\":\"https:\/\/www.sonoraenequipo.com.mx\/#\/schema\/person\/50102df0fb23a8fa9e8effad8fa81386\"},\"headline\":\"Sheinbaum revela que a\u00fan no defin\u00eda respuesta a aranceles\",\"datePublished\":\"2025-02-03T17:19:58+00:00\",\"dateModified\":\"2025-02-03T20:49:26+00:00\",\"mainEntityOfPage\":{\"@id\":\"https:\/\/www.sonoraenequipo.com.mx\/sheinbaum-revela-que-aun-no-definia-respuesta-a-aranceles\/\"},\"wordCount\":574,\"commentCount\":0,\"publisher\":{\"@id\":\"https:\/\/www.sonoraenequipo.com.mx\/#organization\"},\"image\":{\"@id\":\"https:\/\/www.sonoraenequipo.com.mx\/sheinbaum-revela-que-aun-no-definia-respuesta-a-aranceles\/#primaryimage\"},\"thumbnailUrl\":\"https:\/\/www.sonoraenequipo.com.mx\/storage\/2025\/02\/sheinbaum-03.02.2025.jpg-min.jpeg\",\"articleSection\":[\"Rep\u00fablica\"],\"inLanguage\":\"es\",\"potentialAction\":[{\"@type\":\"CommentAction\",\"name\":\"Comment\",\"target\":[\"https:\/\/www.sonoraenequipo.com.mx\/sheinbaum-revela-que-aun-no-definia-respuesta-a-aranceles\/#respond\"]}]},{\"@type\":\"WebPage\",\"@id\":\"https:\/\/www.sonoraenequipo.com.mx\/sheinbaum-revela-que-aun-no-definia-respuesta-a-aranceles\/\",\"url\":\"https:\/\/www.sonoraenequipo.com.mx\/sheinbaum-revela-que-aun-no-definia-respuesta-a-aranceles\/\",\"name\":\"Sonora en Equipo. Sheinbaum revela que a\u00fan no defin\u00eda respuesta a aranceles Rep\u00fablica\",\"isPartOf\":{\"@id\":\"https:\/\/www.sonoraenequipo.com.mx\/#website\"},\"primaryImageOfPage\":{\"@id\":\"https:\/\/www.sonoraenequipo.com.mx\/sheinbaum-revela-que-aun-no-definia-respuesta-a-aranceles\/#primaryimage\"},\"image\":{\"@id\":\"https:\/\/www.sonoraenequipo.com.mx\/sheinbaum-revela-que-aun-no-definia-respuesta-a-aranceles\/#primaryimage\"},\"thumbnailUrl\":\"https:\/\/www.sonoraenequipo.com.mx\/storage\/2025\/02\/sheinbaum-03.02.2025.jpg-min.jpeg\",\"datePublished\":\"2025-02-03T17:19:58+00:00\",\"dateModified\":\"2025-02-03T20:49:26+00:00\",\"description\":\"CIUDAD DE M\u00c9XICO. MX. \u2014 La presidenta de M\u00e9xico, Claudia Sheinbaum, dio a conocer este lunes que, durante su conversaci\u00f3n con el primer ministro de En Sonora en Equipo publicamos toda la informaci\u00f3n de Sonora, M\u00e9xico y el Mundo de manera oportuna y busca que la libertad de expresi\u00f3n sea real. Visita nuestro medio informativo publicado desde Hermosillo, Sonora. %\",\"breadcrumb\":{\"@id\":\"https:\/\/www.sonoraenequipo.com.mx\/sheinbaum-revela-que-aun-no-definia-respuesta-a-aranceles\/#breadcrumb\"},\"inLanguage\":\"es\",\"potentialAction\":[{\"@type\":\"ReadAction\",\"target\":[\"https:\/\/www.sonoraenequipo.com.mx\/sheinbaum-revela-que-aun-no-definia-respuesta-a-aranceles\/\"]}]},{\"@type\":\"ImageObject\",\"inLanguage\":\"es\",\"@id\":\"https:\/\/www.sonoraenequipo.com.mx\/sheinbaum-revela-que-aun-no-definia-respuesta-a-aranceles\/#primaryimage\",\"url\":\"https:\/\/www.sonoraenequipo.com.mx\/storage\/2025\/02\/sheinbaum-03.02.2025.jpg-min.jpeg\",\"contentUrl\":\"https:\/\/www.sonoraenequipo.com.mx\/storage\/2025\/02\/sheinbaum-03.02.2025.jpg-min.jpeg\",\"width\":921,\"height\":493},{\"@type\":\"BreadcrumbList\",\"@id\":\"https:\/\/www.sonoraenequipo.com.mx\/sheinbaum-revela-que-aun-no-definia-respuesta-a-aranceles\/#breadcrumb\",\"itemListElement\":[{\"@type\":\"ListItem\",\"position\":1,\"name\":\"Portada\",\"item\":\"https:\/\/www.sonoraenequipo.com.mx\/\"},{\"@type\":\"ListItem\",\"position\":2,\"name\":\"Sheinbaum revela que a\u00fan no defin\u00eda respuesta a aranceles\"}]},{\"@type\":\"WebSite\",\"@id\":\"https:\/\/www.sonoraenequipo.com.mx\/#website\",\"url\":\"https:\/\/www.sonoraenequipo.com.mx\/\",\"name\":\"Sonora en Equipo.\",\"description\":\"Diario en l\u00ednea con Noticias desde Hermosillo, Sonora\",\"publisher\":{\"@id\":\"https:\/\/www.sonoraenequipo.com.mx\/#organization\"},\"potentialAction\":[{\"@type\":\"SearchAction\",\"target\":{\"@type\":\"EntryPoint\",\"urlTemplate\":\"https:\/\/www.sonoraenequipo.com.mx\/?s={search_term_string}\"},\"query-input\":{\"@type\":\"PropertyValueSpecification\",\"valueRequired\":true,\"valueName\":\"search_term_string\"}}],\"inLanguage\":\"es\"},{\"@type\":\"Organization\",\"@id\":\"https:\/\/www.sonoraenequipo.com.mx\/#organization\",\"name\":\"Sonoraenequipo.com.mx\",\"url\":\"https:\/\/www.sonoraenequipo.com.mx\/\",\"logo\":{\"@type\":\"ImageObject\",\"inLanguage\":\"es\",\"@id\":\"https:\/\/www.sonoraenequipo.com.mx\/#\/schema\/logo\/image\/\",\"url\":\"https:\/\/www.sonoraenequipo.com.mx\/storage\/2019\/01\/sonoraenequipo_opt.png\",\"contentUrl\":\"https:\/\/www.sonoraenequipo.com.mx\/storage\/2019\/01\/sonoraenequipo_opt.png\",\"width\":375,\"height\":125,\"caption\":\"Sonoraenequipo.com.mx\"},\"image\":{\"@id\":\"https:\/\/www.sonoraenequipo.com.mx\/#\/schema\/logo\/image\/\"},\"sameAs\":[\"https:\/\/www.facebook.com\/SonoraEE\/\",\"https:\/\/x.com\/sonoraenequipo\",\"https:\/\/www.youtube.com\/channel\/UC338nW-lPEYmJQs4ZABQ1SQ\"]},{\"@type\":\"Person\",\"@id\":\"https:\/\/www.sonoraenequipo.com.mx\/#\/schema\/person\/50102df0fb23a8fa9e8effad8fa81386\",\"name\":\"enequipo\",\"image\":{\"@type\":\"ImageObject\",\"inLanguage\":\"es\",\"@id\":\"https:\/\/www.sonoraenequipo.com.mx\/#\/schema\/person\/image\/\",\"url\":\"https:\/\/secure.gravatar.com\/avatar\/049821681b589dabc0bc20695993ccebb09f5b5d4d790cd9251b97faac7c652b?s=96&d=blank&r=g\",\"contentUrl\":\"https:\/\/secure.gravatar.com\/avatar\/049821681b589dabc0bc20695993ccebb09f5b5d4d790cd9251b97faac7c652b?s=96&d=blank&r=g\",\"caption\":\"enequipo\"},\"sameAs\":[\"https:\/\/www.facebook.com\/SonoraEE\"]}]}<\/script>\n ","yoast_head_json":{"title":"Sonora en Equipo. Sheinbaum revela que a\u00fan no defin\u00eda respuesta a aranceles Rep\u00fablica","description":"CIUDAD DE M\u00c9XICO. MX. \u2014 La presidenta de M\u00e9xico, Claudia Sheinbaum, dio a conocer este lunes que, durante su conversaci\u00f3n con el primer ministro de En Sonora en Equipo publicamos toda la informaci\u00f3n de Sonora, M\u00e9xico y el Mundo de manera oportuna y busca que la libertad de expresi\u00f3n sea real. Visita nuestro medio informativo publicado desde Hermosillo, Sonora. %","robots":{"index":"index","follow":"follow","max-snippet":"max-snippet:-1","max-image-preview":"max-image-preview:large","max-video-preview":"max-video-preview:-1"},"canonical":"https:\/\/www.sonoraenequipo.com.mx\/sheinbaum-revela-que-aun-no-definia-respuesta-a-aranceles\/","og_locale":"es_ES","og_type":"article","og_title":"Sonora en Equipo. Sheinbaum revela que a\u00fan no defin\u00eda respuesta a aranceles Rep\u00fablica","og_description":"CIUDAD DE M\u00c9XICO. MX. \u2014 La presidenta de M\u00e9xico, Claudia Sheinbaum, dio a conocer este lunes que, durante su conversaci\u00f3n con el primer ministro de En Sonora en Equipo publicamos toda la informaci\u00f3n de Sonora, M\u00e9xico y el Mundo de manera oportuna y busca que la libertad de expresi\u00f3n sea real. Visita nuestro medio informativo publicado desde Hermosillo, Sonora. %","og_url":"https:\/\/www.sonoraenequipo.com.mx\/sheinbaum-revela-que-aun-no-definia-respuesta-a-aranceles\/","og_site_name":"Sonora en Equipo.","article_publisher":"https:\/\/www.facebook.com\/SonoraEE\/","article_author":"https:\/\/www.facebook.com\/SonoraEE","article_published_time":"2025-02-03T17:19:58+00:00","article_modified_time":"2025-02-03T20:49:26+00:00","og_image":[{"width":921,"height":493,"url":"https:\/\/www.sonoraenequipo.com.mx\/storage\/2025\/02\/sheinbaum-03.02.2025.jpg-min.jpeg","type":"image\/jpeg"}],"author":"enequipo","twitter_card":"summary_large_image","twitter_creator":"@sonoraenequipo","twitter_site":"@sonoraenequipo","twitter_misc":{"Escrito por":"enequipo","Tiempo de lectura":"3 minutos"},"schema":{"@context":"https:\/\/schema.org","@graph":[{"@type":"Article","@id":"https:\/\/www.sonoraenequipo.com.mx\/sheinbaum-revela-que-aun-no-definia-respuesta-a-aranceles\/#article","isPartOf":{"@id":"https:\/\/www.sonoraenequipo.com.mx\/sheinbaum-revela-que-aun-no-definia-respuesta-a-aranceles\/"},"author":{"name":"enequipo","@id":"https:\/\/www.sonoraenequipo.com.mx\/#\/schema\/person\/50102df0fb23a8fa9e8effad8fa81386"},"headline":"Sheinbaum revela que a\u00fan no defin\u00eda respuesta a aranceles","datePublished":"2025-02-03T17:19:58+00:00","dateModified":"2025-02-03T20:49:26+00:00","mainEntityOfPage":{"@id":"https:\/\/www.sonoraenequipo.com.mx\/sheinbaum-revela-que-aun-no-definia-respuesta-a-aranceles\/"},"wordCount":574,"commentCount":0,"publisher":{"@id":"https:\/\/www.sonoraenequipo.com.mx\/#organization"},"image":{"@id":"https:\/\/www.sonoraenequipo.com.mx\/sheinbaum-revela-que-aun-no-definia-respuesta-a-aranceles\/#primaryimage"},"thumbnailUrl":"https:\/\/www.sonoraenequipo.com.mx\/storage\/2025\/02\/sheinbaum-03.02.2025.jpg-min.jpeg","articleSection":["Rep\u00fablica"],"inLanguage":"es","potentialAction":[{"@type":"CommentAction","name":"Comment","target":["https:\/\/www.sonoraenequipo.com.mx\/sheinbaum-revela-que-aun-no-definia-respuesta-a-aranceles\/#respond"]}]},{"@type":"WebPage","@id":"https:\/\/www.sonoraenequipo.com.mx\/sheinbaum-revela-que-aun-no-definia-respuesta-a-aranceles\/","url":"https:\/\/www.sonoraenequipo.com.mx\/sheinbaum-revela-que-aun-no-definia-respuesta-a-aranceles\/","name":"Sonora en Equipo. Sheinbaum revela que a\u00fan no defin\u00eda respuesta a aranceles Rep\u00fablica","isPartOf":{"@id":"https:\/\/www.sonoraenequipo.com.mx\/#website"},"primaryImageOfPage":{"@id":"https:\/\/www.sonoraenequipo.com.mx\/sheinbaum-revela-que-aun-no-definia-respuesta-a-aranceles\/#primaryimage"},"image":{"@id":"https:\/\/www.sonoraenequipo.com.mx\/sheinbaum-revela-que-aun-no-definia-respuesta-a-aranceles\/#primaryimage"},"thumbnailUrl":"https:\/\/www.sonoraenequipo.com.mx\/storage\/2025\/02\/sheinbaum-03.02.2025.jpg-min.jpeg","datePublished":"2025-02-03T17:19:58+00:00","dateModified":"2025-02-03T20:49:26+00:00","description":"CIUDAD DE M\u00c9XICO. MX. \u2014 La presidenta de M\u00e9xico, Claudia Sheinbaum, dio a conocer este lunes que, durante su conversaci\u00f3n con el primer ministro de En Sonora en Equipo publicamos toda la informaci\u00f3n de Sonora, M\u00e9xico y el Mundo de manera oportuna y busca que la libertad de expresi\u00f3n sea real. Visita nuestro medio informativo publicado desde Hermosillo, Sonora. %","breadcrumb":{"@id":"https:\/\/www.sonoraenequipo.com.mx\/sheinbaum-revela-que-aun-no-definia-respuesta-a-aranceles\/#breadcrumb"},"inLanguage":"es","potentialAction":[{"@type":"ReadAction","target":["https:\/\/www.sonoraenequipo.com.mx\/sheinbaum-revela-que-aun-no-definia-respuesta-a-aranceles\/"]}]},{"@type":"ImageObject","inLanguage":"es","@id":"https:\/\/www.sonoraenequipo.com.mx\/sheinbaum-revela-que-aun-no-definia-respuesta-a-aranceles\/#primaryimage","url":"https:\/\/www.sonoraenequipo.com.mx\/storage\/2025\/02\/sheinbaum-03.02.2025.jpg-min.jpeg","contentUrl":"https:\/\/www.sonoraenequipo.com.mx\/storage\/2025\/02\/sheinbaum-03.02.2025.jpg-min.jpeg","width":921,"height":493},{"@type":"BreadcrumbList","@id":"https:\/\/www.sonoraenequipo.com.mx\/sheinbaum-revela-que-aun-no-definia-respuesta-a-aranceles\/#breadcrumb","itemListElement":[{"@type":"ListItem","position":1,"name":"Portada","item":"https:\/\/www.sonoraenequipo.com.mx\/"},{"@type":"ListItem","position":2,"name":"Sheinbaum revela que a\u00fan no defin\u00eda respuesta a aranceles"}]},{"@type":"WebSite","@id":"https:\/\/www.sonoraenequipo.com.mx\/#website","url":"https:\/\/www.sonoraenequipo.com.mx\/","name":"Sonora en Equipo.","description":"Diario en l\u00ednea con Noticias desde Hermosillo, Sonora","publisher":{"@id":"https:\/\/www.sonoraenequipo.com.mx\/#organization"},"potentialAction":[{"@type":"SearchAction","target":{"@type":"EntryPoint","urlTemplate":"https:\/\/www.sonoraenequipo.com.mx\/?s={search_term_string}"},"query-input":{"@type":"PropertyValueSpecification","valueRequired":true,"valueName":"search_term_string"}}],"inLanguage":"es"},{"@type":"Organization","@id":"https:\/\/www.sonoraenequipo.com.mx\/#organization","name":"Sonoraenequipo.com.mx","url":"https:\/\/www.sonoraenequipo.com.mx\/","logo":{"@type":"ImageObject","inLanguage":"es","@id":"https:\/\/www.sonoraenequipo.com.mx\/#\/schema\/logo\/image\/","url":"https:\/\/www.sonoraenequipo.com.mx\/storage\/2019\/01\/sonoraenequipo_opt.png","contentUrl":"https:\/\/www.sonoraenequipo.com.mx\/storage\/2019\/01\/sonoraenequipo_opt.png","width":375,"height":125,"caption":"Sonoraenequipo.com.mx"},"image":{"@id":"https:\/\/www.sonoraenequipo.com.mx\/#\/schema\/logo\/image\/"},"sameAs":["https:\/\/www.facebook.com\/SonoraEE\/","https:\/\/x.com\/sonoraenequipo","https:\/\/www.youtube.com\/channel\/UC338nW-lPEYmJQs4ZABQ1SQ"]},{"@type":"Person","@id":"https:\/\/www.sonoraenequipo.com.mx\/#\/schema\/person\/50102df0fb23a8fa9e8effad8fa81386","name":"enequipo","image":{"@type":"ImageObject","inLanguage":"es","@id":"https:\/\/www.sonoraenequipo.com.mx\/#\/schema\/person\/image\/","url":"https:\/\/secure.gravatar.com\/avatar\/049821681b589dabc0bc20695993ccebb09f5b5d4d790cd9251b97faac7c652b?s=96&d=blank&r=g","contentUrl":"https:\/\/secure.gravatar.com\/avatar\/049821681b589dabc0bc20695993ccebb09f5b5d4d790cd9251b97faac7c652b?s=96&d=blank&r=g","caption":"enequipo"},"sameAs":["https:\/\/www.facebook.com\/SonoraEE"]}]}},"jetpack_featured_media_url":"https:\/\/www.sonoraenequipo.com.mx\/storage\/2025\/02\/sheinbaum-03.02.2025.jpg-min.jpeg","_links":{"self":[{"href":"https:\/\/www.sonoraenequipo.com.mx\/api\/wp\/v2\/posts\/208975","targetHints":{"allow":["GET"]}}],"collection":[{"href":"https:\/\/www.sonoraenequipo.com.mx\/api\/wp\/v2\/posts"}],"about":[{"href":"https:\/\/www.sonoraenequipo.com.mx\/api\/wp\/v2\/types\/post"}],"author":[{"embeddable":true,"href":"https:\/\/www.sonoraenequipo.com.mx\/api\/wp\/v2\/users\/1"}],"replies":[{"embeddable":true,"href":"https:\/\/www.sonoraenequipo.com.mx\/api\/wp\/v2\/comments?post=208975"}],"version-history":[{"count":1,"href":"https:\/\/www.sonoraenequipo.com.mx\/api\/wp\/v2\/posts\/208975\/revisions"}],"predecessor-version":[{"id":208981,"href":"https:\/\/www.sonoraenequipo.com.mx\/api\/wp\/v2\/posts\/208975\/revisions\/208981"}],"wp:featuredmedia":[{"embeddable":true,"href":"https:\/\/www.sonoraenequipo.com.mx\/api\/wp\/v2\/media\/208978"}],"wp:attachment":[{"href":"https:\/\/www.sonoraenequipo.com.mx\/api\/wp\/v2\/media?parent=208975"}],"wp:term":[{"taxonomy":"category","embeddable":true,"href":"https:\/\/www.sonoraenequipo.com.mx\/api\/wp\/v2\/categories?post=208975"},{"taxonomy":"post_tag","embeddable":true,"href":"https:\/\/www.sonoraenequipo.com.mx\/api\/wp\/v2\/tags?post=208975"}],"curies":[{"name":"wp","href":"https:\/\/api.w.org\/{rel}","templated":true}]}}