{"id":208982,"date":"2025-02-03T09:50:22","date_gmt":"2025-02-03T16:50:22","guid":{"rendered":"https:\/\/www.sonoraenequipo.com.mx\/?p=208982"},"modified":"2025-02-03T14:06:15","modified_gmt":"2025-02-03T21:06:15","slug":"los-migrantes-del-otro-lado-protestan-con-un-dia-sin-latinos-en-estados-unidos","status":"publish","type":"post","link":"https:\/\/www.sonoraenequipo.com.mx\/los-migrantes-del-otro-lado-protestan-con-un-dia-sin-latinos-en-estados-unidos\/","title":{"rendered":"Los migrantes del Otro Lado, protestan con \u201cUn d\u00eda sin Latinos en Estados Unidos\u201d"},"content":{"rendered":"<p><strong>LOS \u00c1NGELES, CALIFORNIA. ESTADOS UNIDOS.<\/strong> \u2014 Ante las deportaciones masivas en Estados Unidos, los latinos se unieron para protestar este 3 de febrero. Al movimiento lo titularon \u00abUn d\u00eda sin latinos\u00bb y acordaron que hoy no acudir\u00e1n a la escuela, a trabajar ni ir\u00e1n a hacer compras, para demostrarle al presidente Donald Trump la importancia de la fuerza migrante.<\/p>\n<p>&nbsp;<\/p>\n<p>&nbsp;<\/p>\n<p> <\/p>\n<p>La movilizaci\u00f3n ha ganado fuerza a trav\u00e9s de redes sociales y tiene como objetivo visibilizar la importancia econ\u00f3mica y social de los migrantes, en respuesta a las nuevas pol\u00edticas antinmigrantes implementadas por el republicano.<\/p>\n<p>&nbsp;<\/p>\n<p>&nbsp;<\/p>\n<p>El enojo de la comunidad migrante ha aumentado en los \u00faltimos d\u00edas debido a las nuevas pol\u00edticas migratorias, entre las que destacan:<\/p>\n<p>&nbsp;<\/p>\n<p>&nbsp;<\/p>\n<p>&nbsp;<\/p>\n<p><strong>Declaraci\u00f3n de emergencia nacional en la frontera sur:**<\/strong> Permite reasignar fondos federales para la construcci\u00f3n de barreras f\u00edsicas adicionales y el despliegue de personal militar.<\/p>\n<p>&nbsp;<\/p>\n<p><strong>Restricci\u00f3n de la ciudadan\u00eda por nacimiento:**<\/strong> Solo los hijos de ciudadanos o residentes permanentes legales podr\u00e1n obtener la ciudadan\u00eda estadounidense de forma autom\u00e1tica.<\/p>\n<p>&nbsp;<\/p>\n<p><strong>Reinstauraci\u00f3n de la pol\u00edtica \u00abQu\u00e9date en M\u00e9xico\u00bb:*<\/strong>* Obliga a los solicitantes de asilo a permanecer en M\u00e9xico mientras sus casos son evaluados.<\/p>\n<p>&nbsp;<\/p>\n<p><strong>Suspensi\u00f3n del Programa de Admisiones de Refugiados:**<\/strong> Detiene temporalmente la aceptaci\u00f3n de refugiados en EE.UU.<br \/>\nInhabilitaci\u00f3n de la aplicaci\u00f3n fronteriza CBP One, que permit\u00eda a los migrantes solicitar la entrada legal a Estados Unidos.<\/p>\n<p>&nbsp;<\/p>\n<p>&nbsp;<\/p>\n<p>La comunidad latina busca resaltar su rol clave en sectores como la agricultura, la construcci\u00f3n, los servicios y el comercio.<\/p>\n<p>&nbsp;<\/p>\n<p>&nbsp;<\/p>\n<p>&nbsp;<\/p>\n<p>Lo que comenz\u00f3 como una protesta local en el Distrito de Columbia, Maryland y Virginia, se viraliz\u00f3 r\u00e1pidamente en redes sociales, atrayendo la participaci\u00f3n de latinos en distintos estados. Se espera que la manifestaci\u00f3n tenga un impacto significativo, no solo en la econom\u00eda, sino tambi\u00e9n en el debate pol\u00edtico y social sobre los derechos de los migrantes.<\/p>\n<p>&nbsp;<\/p>\n<p>&nbsp;<\/p>\n<p>&nbsp;<\/p>\n<p>Organizaciones pro-migrantes y l\u00edderes comunitarios han expresado su respaldo a la protesta, mientras que el gobierno federal ha reiterado su postura firme respecto a la seguridad fronteriza y la aplicaci\u00f3n de las nuevas pol\u00edticas migratorias.<\/p>\n<p>&nbsp;<\/p>\n<p>&nbsp;<\/p>\n<p>&nbsp;<\/p>\n<p>PUBLICADO EL 03 DE FEBRERO DE 2025 Con informaci\u00f3n de AFP)<\/p>\n","protected":false},"excerpt":{"rendered":"<p>LOS \u00c1NGELES, CALIFORNIA. ESTADOS UNIDOS. \u2014 Ante las deportaciones masivas en Estados Unidos, los latinos&#8230;<\/p>\n","protected":false},"author":1,"featured_media":208987,"comment_status":"open","ping_status":"open","sticky":false,"template":"","format":"standard","meta":{"_monsterinsights_skip_tracking":false,"_monsterinsights_sitenote_active":false,"_monsterinsights_sitenote_note":"","_monsterinsights_sitenote_category":0,"footnotes":""},"categories":[3],"tags":[],"class_list":["post"],"yoast_head":" \n<title>Sonora en Equipo. Los migrantes del Otro Lado, protestan con \u201cUn d\u00eda sin Latinos en Estados Unidos\u201d MUNDO<\/title>\n<meta name=\"description\" content=\"LOS \u00c1NGELES, CALIFORNIA. ESTADOS UNIDOS. \u2014 Ante las deportaciones masivas en Estados Unidos, los latinos se unieron para protestar este 3 de febrero. Al En Sonora en Equipo publicamos toda la informaci\u00f3n de Sonora, M\u00e9xico y el Mundo de manera oportuna y busca que la libertad de expresi\u00f3n sea real. Visita nuestro medio informativo publicado desde Hermosillo, Sonora. %\" \/>\n<meta name=\"robots\" content=\"index, follow, max-snippet:-1, max-image-preview:large, max-video-preview:-1\" \/>\n<link rel=\"canonical\" href=\"https:\/\/www.sonoraenequipo.com.mx\/los-migrantes-del-otro-lado-protestan-con-un-dia-sin-latinos-en-estados-unidos\/\" \/>\n<meta property=\"og:locale\" content=\"es_ES\" \/>\n<meta property=\"og:type\" content=\"article\" \/>\n<meta property=\"og:title\" content=\"Sonora en Equipo. Los migrantes del Otro Lado, protestan con \u201cUn d\u00eda sin Latinos en Estados Unidos\u201d MUNDO\" \/>\n<meta property=\"og:description\" content=\"LOS \u00c1NGELES, CALIFORNIA. ESTADOS UNIDOS. \u2014 Ante las deportaciones masivas en Estados Unidos, los latinos se unieron para protestar este 3 de febrero. Al En Sonora en Equipo publicamos toda la informaci\u00f3n de Sonora, M\u00e9xico y el Mundo de manera oportuna y busca que la libertad de expresi\u00f3n sea real. Visita nuestro medio informativo publicado desde Hermosillo, Sonora. %\" \/>\n<meta property=\"og:url\" content=\"https:\/\/www.sonoraenequipo.com.mx\/los-migrantes-del-otro-lado-protestan-con-un-dia-sin-latinos-en-estados-unidos\/\" \/>\n<meta property=\"og:site_name\" content=\"Sonora en Equipo.\" \/>\n<meta property=\"article:publisher\" content=\"https:\/\/www.facebook.com\/SonoraEE\/\" \/>\n<meta property=\"article:author\" content=\"https:\/\/www.facebook.com\/SonoraEE\" \/>\n<meta property=\"article:published_time\" content=\"2025-02-03T16:50:22+00:00\" \/>\n<meta property=\"article:modified_time\" content=\"2025-02-03T21:06:15+00:00\" \/>\n<meta property=\"og:image\" content=\"https:\/\/www.sonoraenequipo.com.mx\/storage\/2025\/02\/un-dia-sin-latinos-en-EUA-min.jpg\" \/>\n\t<meta property=\"og:image:width\" content=\"900\" \/>\n\t<meta property=\"og:image:height\" content=\"599\" \/>\n\t<meta property=\"og:image:type\" content=\"image\/jpeg\" \/>\n<meta name=\"author\" content=\"enequipo\" \/>\n<meta name=\"twitter:card\" content=\"summary_large_image\" \/>\n<meta name=\"twitter:creator\" content=\"@sonoraenequipo\" \/>\n<meta name=\"twitter:site\" content=\"@sonoraenequipo\" \/>\n<meta name=\"twitter:label1\" content=\"Escrito por\" \/>\n\t<meta name=\"twitter:data1\" content=\"enequipo\" \/>\n\t<meta name=\"twitter:label2\" content=\"Tiempo de lectura\" \/>\n\t<meta name=\"twitter:data2\" content=\"2 minutos\" \/>\n<script type=\"application\/ld+json\" class=\"yoast-schema-graph\">{\"@context\":\"https:\/\/schema.org\",\"@graph\":[{\"@type\":\"Article\",\"@id\":\"https:\/\/www.sonoraenequipo.com.mx\/los-migrantes-del-otro-lado-protestan-con-un-dia-sin-latinos-en-estados-unidos\/#article\",\"isPartOf\":{\"@id\":\"https:\/\/www.sonoraenequipo.com.mx\/los-migrantes-del-otro-lado-protestan-con-un-dia-sin-latinos-en-estados-unidos\/\"},\"author\":{\"name\":\"enequipo\",\"@id\":\"https:\/\/www.sonoraenequipo.com.mx\/#\/schema\/person\/50102df0fb23a8fa9e8effad8fa81386\"},\"headline\":\"Los migrantes del Otro Lado, protestan con \u201cUn d\u00eda sin Latinos en Estados Unidos\u201d\",\"datePublished\":\"2025-02-03T16:50:22+00:00\",\"dateModified\":\"2025-02-03T21:06:15+00:00\",\"mainEntityOfPage\":{\"@id\":\"https:\/\/www.sonoraenequipo.com.mx\/los-migrantes-del-otro-lado-protestan-con-un-dia-sin-latinos-en-estados-unidos\/\"},\"wordCount\":413,\"commentCount\":0,\"publisher\":{\"@id\":\"https:\/\/www.sonoraenequipo.com.mx\/#organization\"},\"image\":{\"@id\":\"https:\/\/www.sonoraenequipo.com.mx\/los-migrantes-del-otro-lado-protestan-con-un-dia-sin-latinos-en-estados-unidos\/#primaryimage\"},\"thumbnailUrl\":\"https:\/\/www.sonoraenequipo.com.mx\/storage\/2025\/02\/un-dia-sin-latinos-en-EUA-min.jpg\",\"articleSection\":[\"MUNDO\"],\"inLanguage\":\"es\",\"potentialAction\":[{\"@type\":\"CommentAction\",\"name\":\"Comment\",\"target\":[\"https:\/\/www.sonoraenequipo.com.mx\/los-migrantes-del-otro-lado-protestan-con-un-dia-sin-latinos-en-estados-unidos\/#respond\"]}]},{\"@type\":\"WebPage\",\"@id\":\"https:\/\/www.sonoraenequipo.com.mx\/los-migrantes-del-otro-lado-protestan-con-un-dia-sin-latinos-en-estados-unidos\/\",\"url\":\"https:\/\/www.sonoraenequipo.com.mx\/los-migrantes-del-otro-lado-protestan-con-un-dia-sin-latinos-en-estados-unidos\/\",\"name\":\"Sonora en Equipo. Los migrantes del Otro Lado, protestan con \u201cUn d\u00eda sin Latinos en Estados Unidos\u201d MUNDO\",\"isPartOf\":{\"@id\":\"https:\/\/www.sonoraenequipo.com.mx\/#website\"},\"primaryImageOfPage\":{\"@id\":\"https:\/\/www.sonoraenequipo.com.mx\/los-migrantes-del-otro-lado-protestan-con-un-dia-sin-latinos-en-estados-unidos\/#primaryimage\"},\"image\":{\"@id\":\"https:\/\/www.sonoraenequipo.com.mx\/los-migrantes-del-otro-lado-protestan-con-un-dia-sin-latinos-en-estados-unidos\/#primaryimage\"},\"thumbnailUrl\":\"https:\/\/www.sonoraenequipo.com.mx\/storage\/2025\/02\/un-dia-sin-latinos-en-EUA-min.jpg\",\"datePublished\":\"2025-02-03T16:50:22+00:00\",\"dateModified\":\"2025-02-03T21:06:15+00:00\",\"description\":\"LOS \u00c1NGELES, CALIFORNIA. ESTADOS UNIDOS. \u2014 Ante las deportaciones masivas en Estados Unidos, los latinos se unieron para protestar este 3 de febrero. Al En Sonora en Equipo publicamos toda la informaci\u00f3n de Sonora, M\u00e9xico y el Mundo de manera oportuna y busca que la libertad de expresi\u00f3n sea real. Visita nuestro medio informativo publicado desde Hermosillo, Sonora. %\",\"breadcrumb\":{\"@id\":\"https:\/\/www.sonoraenequipo.com.mx\/los-migrantes-del-otro-lado-protestan-con-un-dia-sin-latinos-en-estados-unidos\/#breadcrumb\"},\"inLanguage\":\"es\",\"potentialAction\":[{\"@type\":\"ReadAction\",\"target\":[\"https:\/\/www.sonoraenequipo.com.mx\/los-migrantes-del-otro-lado-protestan-con-un-dia-sin-latinos-en-estados-unidos\/\"]}]},{\"@type\":\"ImageObject\",\"inLanguage\":\"es\",\"@id\":\"https:\/\/www.sonoraenequipo.com.mx\/los-migrantes-del-otro-lado-protestan-con-un-dia-sin-latinos-en-estados-unidos\/#primaryimage\",\"url\":\"https:\/\/www.sonoraenequipo.com.mx\/storage\/2025\/02\/un-dia-sin-latinos-en-EUA-min.jpg\",\"contentUrl\":\"https:\/\/www.sonoraenequipo.com.mx\/storage\/2025\/02\/un-dia-sin-latinos-en-EUA-min.jpg\",\"width\":900,\"height\":599},{\"@type\":\"BreadcrumbList\",\"@id\":\"https:\/\/www.sonoraenequipo.com.mx\/los-migrantes-del-otro-lado-protestan-con-un-dia-sin-latinos-en-estados-unidos\/#breadcrumb\",\"itemListElement\":[{\"@type\":\"ListItem\",\"position\":1,\"name\":\"Portada\",\"item\":\"https:\/\/www.sonoraenequipo.com.mx\/\"},{\"@type\":\"ListItem\",\"position\":2,\"name\":\"Los migrantes del Otro Lado, protestan con \u201cUn d\u00eda sin Latinos en Estados Unidos\u201d\"}]},{\"@type\":\"WebSite\",\"@id\":\"https:\/\/www.sonoraenequipo.com.mx\/#website\",\"url\":\"https:\/\/www.sonoraenequipo.com.mx\/\",\"name\":\"Sonora en Equipo.\",\"description\":\"Diario en l\u00ednea con Noticias desde Hermosillo, Sonora\",\"publisher\":{\"@id\":\"https:\/\/www.sonoraenequipo.com.mx\/#organization\"},\"potentialAction\":[{\"@type\":\"SearchAction\",\"target\":{\"@type\":\"EntryPoint\",\"urlTemplate\":\"https:\/\/www.sonoraenequipo.com.mx\/?s={search_term_string}\"},\"query-input\":{\"@type\":\"PropertyValueSpecification\",\"valueRequired\":true,\"valueName\":\"search_term_string\"}}],\"inLanguage\":\"es\"},{\"@type\":\"Organization\",\"@id\":\"https:\/\/www.sonoraenequipo.com.mx\/#organization\",\"name\":\"Sonoraenequipo.com.mx\",\"url\":\"https:\/\/www.sonoraenequipo.com.mx\/\",\"logo\":{\"@type\":\"ImageObject\",\"inLanguage\":\"es\",\"@id\":\"https:\/\/www.sonoraenequipo.com.mx\/#\/schema\/logo\/image\/\",\"url\":\"https:\/\/www.sonoraenequipo.com.mx\/storage\/2019\/01\/sonoraenequipo_opt.png\",\"contentUrl\":\"https:\/\/www.sonoraenequipo.com.mx\/storage\/2019\/01\/sonoraenequipo_opt.png\",\"width\":375,\"height\":125,\"caption\":\"Sonoraenequipo.com.mx\"},\"image\":{\"@id\":\"https:\/\/www.sonoraenequipo.com.mx\/#\/schema\/logo\/image\/\"},\"sameAs\":[\"https:\/\/www.facebook.com\/SonoraEE\/\",\"https:\/\/x.com\/sonoraenequipo\",\"https:\/\/www.youtube.com\/channel\/UC338nW-lPEYmJQs4ZABQ1SQ\"]},{\"@type\":\"Person\",\"@id\":\"https:\/\/www.sonoraenequipo.com.mx\/#\/schema\/person\/50102df0fb23a8fa9e8effad8fa81386\",\"name\":\"enequipo\",\"image\":{\"@type\":\"ImageObject\",\"inLanguage\":\"es\",\"@id\":\"https:\/\/www.sonoraenequipo.com.mx\/#\/schema\/person\/image\/\",\"url\":\"https:\/\/secure.gravatar.com\/avatar\/049821681b589dabc0bc20695993ccebb09f5b5d4d790cd9251b97faac7c652b?s=96&d=blank&r=g\",\"contentUrl\":\"https:\/\/secure.gravatar.com\/avatar\/049821681b589dabc0bc20695993ccebb09f5b5d4d790cd9251b97faac7c652b?s=96&d=blank&r=g\",\"caption\":\"enequipo\"},\"sameAs\":[\"https:\/\/www.facebook.com\/SonoraEE\"]}]}<\/script>\n ","yoast_head_json":{"title":"Sonora en Equipo. Los migrantes del Otro Lado, protestan con \u201cUn d\u00eda sin Latinos en Estados Unidos\u201d MUNDO","description":"LOS \u00c1NGELES, CALIFORNIA. ESTADOS UNIDOS. \u2014 Ante las deportaciones masivas en Estados Unidos, los latinos se unieron para protestar este 3 de febrero. Al En Sonora en Equipo publicamos toda la informaci\u00f3n de Sonora, M\u00e9xico y el Mundo de manera oportuna y busca que la libertad de expresi\u00f3n sea real. Visita nuestro medio informativo publicado desde Hermosillo, Sonora. %","robots":{"index":"index","follow":"follow","max-snippet":"max-snippet:-1","max-image-preview":"max-image-preview:large","max-video-preview":"max-video-preview:-1"},"canonical":"https:\/\/www.sonoraenequipo.com.mx\/los-migrantes-del-otro-lado-protestan-con-un-dia-sin-latinos-en-estados-unidos\/","og_locale":"es_ES","og_type":"article","og_title":"Sonora en Equipo. Los migrantes del Otro Lado, protestan con \u201cUn d\u00eda sin Latinos en Estados Unidos\u201d MUNDO","og_description":"LOS \u00c1NGELES, CALIFORNIA. ESTADOS UNIDOS. \u2014 Ante las deportaciones masivas en Estados Unidos, los latinos se unieron para protestar este 3 de febrero. Al En Sonora en Equipo publicamos toda la informaci\u00f3n de Sonora, M\u00e9xico y el Mundo de manera oportuna y busca que la libertad de expresi\u00f3n sea real. Visita nuestro medio informativo publicado desde Hermosillo, Sonora. %","og_url":"https:\/\/www.sonoraenequipo.com.mx\/los-migrantes-del-otro-lado-protestan-con-un-dia-sin-latinos-en-estados-unidos\/","og_site_name":"Sonora en Equipo.","article_publisher":"https:\/\/www.facebook.com\/SonoraEE\/","article_author":"https:\/\/www.facebook.com\/SonoraEE","article_published_time":"2025-02-03T16:50:22+00:00","article_modified_time":"2025-02-03T21:06:15+00:00","og_image":[{"width":900,"height":599,"url":"https:\/\/www.sonoraenequipo.com.mx\/storage\/2025\/02\/un-dia-sin-latinos-en-EUA-min.jpg","type":"image\/jpeg"}],"author":"enequipo","twitter_card":"summary_large_image","twitter_creator":"@sonoraenequipo","twitter_site":"@sonoraenequipo","twitter_misc":{"Escrito por":"enequipo","Tiempo de lectura":"2 minutos"},"schema":{"@context":"https:\/\/schema.org","@graph":[{"@type":"Article","@id":"https:\/\/www.sonoraenequipo.com.mx\/los-migrantes-del-otro-lado-protestan-con-un-dia-sin-latinos-en-estados-unidos\/#article","isPartOf":{"@id":"https:\/\/www.sonoraenequipo.com.mx\/los-migrantes-del-otro-lado-protestan-con-un-dia-sin-latinos-en-estados-unidos\/"},"author":{"name":"enequipo","@id":"https:\/\/www.sonoraenequipo.com.mx\/#\/schema\/person\/50102df0fb23a8fa9e8effad8fa81386"},"headline":"Los migrantes del Otro Lado, protestan con \u201cUn d\u00eda sin Latinos en Estados Unidos\u201d","datePublished":"2025-02-03T16:50:22+00:00","dateModified":"2025-02-03T21:06:15+00:00","mainEntityOfPage":{"@id":"https:\/\/www.sonoraenequipo.com.mx\/los-migrantes-del-otro-lado-protestan-con-un-dia-sin-latinos-en-estados-unidos\/"},"wordCount":413,"commentCount":0,"publisher":{"@id":"https:\/\/www.sonoraenequipo.com.mx\/#organization"},"image":{"@id":"https:\/\/www.sonoraenequipo.com.mx\/los-migrantes-del-otro-lado-protestan-con-un-dia-sin-latinos-en-estados-unidos\/#primaryimage"},"thumbnailUrl":"https:\/\/www.sonoraenequipo.com.mx\/storage\/2025\/02\/un-dia-sin-latinos-en-EUA-min.jpg","articleSection":["MUNDO"],"inLanguage":"es","potentialAction":[{"@type":"CommentAction","name":"Comment","target":["https:\/\/www.sonoraenequipo.com.mx\/los-migrantes-del-otro-lado-protestan-con-un-dia-sin-latinos-en-estados-unidos\/#respond"]}]},{"@type":"WebPage","@id":"https:\/\/www.sonoraenequipo.com.mx\/los-migrantes-del-otro-lado-protestan-con-un-dia-sin-latinos-en-estados-unidos\/","url":"https:\/\/www.sonoraenequipo.com.mx\/los-migrantes-del-otro-lado-protestan-con-un-dia-sin-latinos-en-estados-unidos\/","name":"Sonora en Equipo. Los migrantes del Otro Lado, protestan con \u201cUn d\u00eda sin Latinos en Estados Unidos\u201d MUNDO","isPartOf":{"@id":"https:\/\/www.sonoraenequipo.com.mx\/#website"},"primaryImageOfPage":{"@id":"https:\/\/www.sonoraenequipo.com.mx\/los-migrantes-del-otro-lado-protestan-con-un-dia-sin-latinos-en-estados-unidos\/#primaryimage"},"image":{"@id":"https:\/\/www.sonoraenequipo.com.mx\/los-migrantes-del-otro-lado-protestan-con-un-dia-sin-latinos-en-estados-unidos\/#primaryimage"},"thumbnailUrl":"https:\/\/www.sonoraenequipo.com.mx\/storage\/2025\/02\/un-dia-sin-latinos-en-EUA-min.jpg","datePublished":"2025-02-03T16:50:22+00:00","dateModified":"2025-02-03T21:06:15+00:00","description":"LOS \u00c1NGELES, CALIFORNIA. ESTADOS UNIDOS. \u2014 Ante las deportaciones masivas en Estados Unidos, los latinos se unieron para protestar este 3 de febrero. Al En Sonora en Equipo publicamos toda la informaci\u00f3n de Sonora, M\u00e9xico y el Mundo de manera oportuna y busca que la libertad de expresi\u00f3n sea real. Visita nuestro medio informativo publicado desde Hermosillo, Sonora. %","breadcrumb":{"@id":"https:\/\/www.sonoraenequipo.com.mx\/los-migrantes-del-otro-lado-protestan-con-un-dia-sin-latinos-en-estados-unidos\/#breadcrumb"},"inLanguage":"es","potentialAction":[{"@type":"ReadAction","target":["https:\/\/www.sonoraenequipo.com.mx\/los-migrantes-del-otro-lado-protestan-con-un-dia-sin-latinos-en-estados-unidos\/"]}]},{"@type":"ImageObject","inLanguage":"es","@id":"https:\/\/www.sonoraenequipo.com.mx\/los-migrantes-del-otro-lado-protestan-con-un-dia-sin-latinos-en-estados-unidos\/#primaryimage","url":"https:\/\/www.sonoraenequipo.com.mx\/storage\/2025\/02\/un-dia-sin-latinos-en-EUA-min.jpg","contentUrl":"https:\/\/www.sonoraenequipo.com.mx\/storage\/2025\/02\/un-dia-sin-latinos-en-EUA-min.jpg","width":900,"height":599},{"@type":"BreadcrumbList","@id":"https:\/\/www.sonoraenequipo.com.mx\/los-migrantes-del-otro-lado-protestan-con-un-dia-sin-latinos-en-estados-unidos\/#breadcrumb","itemListElement":[{"@type":"ListItem","position":1,"name":"Portada","item":"https:\/\/www.sonoraenequipo.com.mx\/"},{"@type":"ListItem","position":2,"name":"Los migrantes del Otro Lado, protestan con \u201cUn d\u00eda sin Latinos en Estados Unidos\u201d"}]},{"@type":"WebSite","@id":"https:\/\/www.sonoraenequipo.com.mx\/#website","url":"https:\/\/www.sonoraenequipo.com.mx\/","name":"Sonora en Equipo.","description":"Diario en l\u00ednea con Noticias desde Hermosillo, Sonora","publisher":{"@id":"https:\/\/www.sonoraenequipo.com.mx\/#organization"},"potentialAction":[{"@type":"SearchAction","target":{"@type":"EntryPoint","urlTemplate":"https:\/\/www.sonoraenequipo.com.mx\/?s={search_term_string}"},"query-input":{"@type":"PropertyValueSpecification","valueRequired":true,"valueName":"search_term_string"}}],"inLanguage":"es"},{"@type":"Organization","@id":"https:\/\/www.sonoraenequipo.com.mx\/#organization","name":"Sonoraenequipo.com.mx","url":"https:\/\/www.sonoraenequipo.com.mx\/","logo":{"@type":"ImageObject","inLanguage":"es","@id":"https:\/\/www.sonoraenequipo.com.mx\/#\/schema\/logo\/image\/","url":"https:\/\/www.sonoraenequipo.com.mx\/storage\/2019\/01\/sonoraenequipo_opt.png","contentUrl":"https:\/\/www.sonoraenequipo.com.mx\/storage\/2019\/01\/sonoraenequipo_opt.png","width":375,"height":125,"caption":"Sonoraenequipo.com.mx"},"image":{"@id":"https:\/\/www.sonoraenequipo.com.mx\/#\/schema\/logo\/image\/"},"sameAs":["https:\/\/www.facebook.com\/SonoraEE\/","https:\/\/x.com\/sonoraenequipo","https:\/\/www.youtube.com\/channel\/UC338nW-lPEYmJQs4ZABQ1SQ"]},{"@type":"Person","@id":"https:\/\/www.sonoraenequipo.com.mx\/#\/schema\/person\/50102df0fb23a8fa9e8effad8fa81386","name":"enequipo","image":{"@type":"ImageObject","inLanguage":"es","@id":"https:\/\/www.sonoraenequipo.com.mx\/#\/schema\/person\/image\/","url":"https:\/\/secure.gravatar.com\/avatar\/049821681b589dabc0bc20695993ccebb09f5b5d4d790cd9251b97faac7c652b?s=96&d=blank&r=g","contentUrl":"https:\/\/secure.gravatar.com\/avatar\/049821681b589dabc0bc20695993ccebb09f5b5d4d790cd9251b97faac7c652b?s=96&d=blank&r=g","caption":"enequipo"},"sameAs":["https:\/\/www.facebook.com\/SonoraEE"]}]}},"jetpack_featured_media_url":"https:\/\/www.sonoraenequipo.com.mx\/storage\/2025\/02\/un-dia-sin-latinos-en-EUA-min.jpg","_links":{"self":[{"href":"https:\/\/www.sonoraenequipo.com.mx\/api\/wp\/v2\/posts\/208982","targetHints":{"allow":["GET"]}}],"collection":[{"href":"https:\/\/www.sonoraenequipo.com.mx\/api\/wp\/v2\/posts"}],"about":[{"href":"https:\/\/www.sonoraenequipo.com.mx\/api\/wp\/v2\/types\/post"}],"author":[{"embeddable":true,"href":"https:\/\/www.sonoraenequipo.com.mx\/api\/wp\/v2\/users\/1"}],"replies":[{"embeddable":true,"href":"https:\/\/www.sonoraenequipo.com.mx\/api\/wp\/v2\/comments?post=208982"}],"version-history":[{"count":1,"href":"https:\/\/www.sonoraenequipo.com.mx\/api\/wp\/v2\/posts\/208982\/revisions"}],"predecessor-version":[{"id":208988,"href":"https:\/\/www.sonoraenequipo.com.mx\/api\/wp\/v2\/posts\/208982\/revisions\/208988"}],"wp:featuredmedia":[{"embeddable":true,"href":"https:\/\/www.sonoraenequipo.com.mx\/api\/wp\/v2\/media\/208987"}],"wp:attachment":[{"href":"https:\/\/www.sonoraenequipo.com.mx\/api\/wp\/v2\/media?parent=208982"}],"wp:term":[{"taxonomy":"category","embeddable":true,"href":"https:\/\/www.sonoraenequipo.com.mx\/api\/wp\/v2\/categories?post=208982"},{"taxonomy":"post_tag","embeddable":true,"href":"https:\/\/www.sonoraenequipo.com.mx\/api\/wp\/v2\/tags?post=208982"}],"curies":[{"name":"wp","href":"https:\/\/api.w.org\/{rel}","templated":true}]}}