{"id":208992,"date":"2025-02-03T15:33:05","date_gmt":"2025-02-03T22:33:05","guid":{"rendered":"https:\/\/www.sonoraenequipo.com.mx\/?p=208992"},"modified":"2025-02-03T15:33:05","modified_gmt":"2025-02-03T22:33:05","slug":"alemania-ue-reaccionara-con-aranceles-si-trump-los-impone","status":"publish","type":"post","link":"https:\/\/www.sonoraenequipo.com.mx\/alemania-ue-reaccionara-con-aranceles-si-trump-los-impone\/","title":{"rendered":"Alemania: UE reaccionar\u00e1 con aranceles si Trump los impone"},"content":{"rendered":"<p>El canciller alem\u00e1n, Olaf Scholz, asegur\u00f3 este lunes (3.02.2025) que la Uni\u00f3n Europea (UE) reaccionar\u00e1 con medidas arancelarias contra Estados Unidos en caso de que el presidente Donald Trump imponga nuevas penalizaciones al bloque comunitario, como ya ha hecho contra Canad\u00e1, M\u00e9xico y China.<\/p>\n<p>&nbsp;<\/p>\n<p>\u00abEst\u00e1 claro que como el espacio econ\u00f3mico m\u00e1s fuerte (del mundo), podemos dise\u00f1ar nuestras propias cuestiones y tambi\u00e9n podemos reaccionar con medidas arancelarias a medidas arancelarias. Esto debemos hacerlo y lo haremos, pero el objetivo debe ser que haya cooperaci\u00f3n\u00bb, dijo Scholz a su llegada a la cumbre informal que los l\u00edderes europeos celebran hoy en Bruselas.<\/p>\n<p>&nbsp;<\/p>\n<p>El canciller alem\u00e1n se\u00f1al\u00f3 que Estados Unidos y la UE se \u00abbenefician\u00bb del intercambio comercial y que \u00abahora, pol\u00edticamente, se dificulta, ser\u00eda negativo para Estados Unidos y Europa.<\/p>\n<p>&nbsp;<\/p>\n<p>Francia y Polonia: la UE debe \u00abhacerse respetar\u00bb<\/p>\n<p>\u00abSi somos atacados en temas comerciales, Europa, como una potencia firme, tendr\u00e1 que hacerse respetar y, por lo tanto, reaccionar\u00bb, advirti\u00f3 tambi\u00e9n el presidente franc\u00e9s, Emmanuel Macron, al llegar a la reuni\u00f3n informal de dirigentes de la UE, dedicada a la defensa.<\/p>\n<p>&nbsp;<\/p>\n<p>Poco antes, el primer ministro de Polonia, Donald Tusk, hab\u00eda comentado que, en su opini\u00f3n, las tensiones y guerras comerciales son \u00abinnecesarias\u00bb y \u00abest\u00fapidas\u00bb. Al mismo tiempo, \u00abno podemos perder el sentido com\u00fan\u00bb, dijo Tusk, cuyo pa\u00eds ejerce la presidencia semestral rotativa de la UE. \u00abNo podemos perder el respeto por nosotros mismos y nuestra confianza en nosotros mismos\u00bb, insisti\u00f3.<\/p>\n<p>&nbsp;<\/p>\n<p>Trump firm\u00f3 el s\u00e1bado tres \u00f3rdenes ejecutivas con las que cumpl\u00eda sus amenazas de imponer aranceles del 25 % a Canad\u00e1 y M\u00e9xico y del 10 % a China, unas medidas que entrar\u00e1n en vigor el martes. Adem\u00e1s, el viernes pasado anunci\u00f3 que \u00abdefinitivamente\u00bb impondr\u00e1 aranceles a los productos que la Uni\u00f3n Europea exporta a su pa\u00eds.<\/p>\n<p>Bolsas europeas caen m\u00e1s del 1 % frente a aranceles de Trump<\/p>\n<p>Las bolsas europeas registraron en los primeros compases de cotizaci\u00f3n de este lunes, ca\u00eddas superiores al 1 %, con el euro cotizando por debajo de 1,03 d\u00f3lares, ante la inminente imposici\u00f3n de aranceles del presidente de EE. UU., Donald Trump, a M\u00e9xico y Canad\u00e1, del 25 %, y del 10 % a China.<\/p>\n<p>&nbsp;<\/p>\n<p>En los primeros minutos de sesi\u00f3n, la bolsa que m\u00e1s ca\u00eda era la de Fr\u00e1ncfort, con el 1,95 %; seguida de Par\u00eds, con el 1,88 %; Mil\u00e1n, con el 1,54 %; Madrid, con el 1,30 %, y Londres, con el 1,23 %; mientras que el Euro Stoxx50, \u00edndice en el que cotizan las empresas europeas de mayor capitalizaci\u00f3n, tambi\u00e9n se deja el 1,94 %.<\/p>\n<p>&nbsp;<\/p>\n<p>El euro registraba una destacada ca\u00edda, del 1,18 %, y se sit\u00faa el cambio en 1,024 d\u00f3lares, acerc\u00e1ndose cada vez m\u00e1s a la paridad, y situ\u00e1ndose en niveles de noviembre de 2022.<\/p>\n<p>&nbsp;<\/p>\n<p>Caen las bolsas asi\u00e1ticas<\/p>\n<p>Las bolsas asi\u00e1ticas se derrumbaron este lunes, con Tokio y Se\u00fal liderando las p\u00e9rdidas, ante las medidas arancelarias del presidente Trump, que aprob\u00f3 este fin de semana para Canad\u00e1, M\u00e9xico y China.<\/p>\n<p>&nbsp;<\/p>\n<p>El principal \u00edndice de la Bolsa de Tokio, el Nikkei, cay\u00f3 un 2,66 %; el selectivo m\u00e1s amplio Topix, que incluye a las firmas de la secci\u00f3n principal, las de mayor capitalizaci\u00f3n, perdi\u00f3 un 2,45 %; el principal \u00edndice de la Bolsa de Se\u00fal, el Kospi, cerr\u00f3 con una ca\u00edda del 2,52 %; y el \u00edndice de referencia de la Bolsa de Hong Kong, el Hang Seng, perdi\u00f3 un 1,08 %.<\/p>\n<p>&nbsp;<\/p>\n<p>Las bolsas de Shangh\u00e1i y Shenzhen no operan este lunes por la \u00e9poca festiva del A\u00f1o Nuevo lunar; como tampoco lo har\u00e1n ma\u00f1ana martes, de manera que el parqu\u00e9 retomar\u00e1 su actividad el mi\u00e9rcoles 5 de febrero.<\/p>\n<p>&nbsp;<\/p>\n<p>\u00abNada dram\u00e1tico\u00bb espera Trump de Trudeau y Sheinbaum<\/p>\n<p>Donald Trump avanz\u00f3 ayer que espera hablar por tel\u00e9fono este lunes con el primer ministro canadiense, Justin Trudeau, y con la presidenta mexicana, Claudia Sheinbaum, y no espera \u00abnada dram\u00e1tico\u00bb de esas conversaciones que ocurrir\u00e1n poco antes del inicio de los nuevos aranceles del 25 % a la mayor\u00eda de importaciones de esos dos pa\u00edses vecinos.<\/p>\n<p><strong>Fecha de publicaci\u00f3n lunes 3 de febrero de 2025\/ DW<\/strong><\/p>\n<p>rml (efe, afp)<\/p>\n","protected":false},"excerpt":{"rendered":"<p>El canciller alem\u00e1n, Olaf Scholz, asegur\u00f3 este lunes (3.02.2025) que la Uni\u00f3n Europea (UE) reaccionar\u00e1&#8230;<\/p>\n","protected":false},"author":1,"featured_media":208993,"comment_status":"open","ping_status":"open","sticky":false,"template":"","format":"standard","meta":{"_monsterinsights_skip_tracking":false,"_monsterinsights_sitenote_active":false,"_monsterinsights_sitenote_note":"","_monsterinsights_sitenote_category":0,"footnotes":""},"categories":[3],"tags":[10497,490],"class_list":["post"],"yoast_head":" \n<title>Sonora en Equipo. Alemania: UE reaccionar\u00e1 con aranceles si Trump los impone MUNDO<\/title>\n<meta name=\"description\" content=\"El canciller alem\u00e1n, Olaf Scholz, asegur\u00f3 este lunes (3.02.2025) que la Uni\u00f3n Europea (UE) reaccionar\u00e1 con medidas arancelarias contra Estados Unidos en En Sonora en Equipo publicamos toda la informaci\u00f3n de Sonora, M\u00e9xico y el Mundo de manera oportuna y busca que la libertad de expresi\u00f3n sea real. Visita nuestro medio informativo publicado desde Hermosillo, Sonora. %\" \/>\n<meta name=\"robots\" content=\"index, follow, max-snippet:-1, max-image-preview:large, max-video-preview:-1\" \/>\n<link rel=\"canonical\" href=\"https:\/\/www.sonoraenequipo.com.mx\/alemania-ue-reaccionara-con-aranceles-si-trump-los-impone\/\" \/>\n<meta property=\"og:locale\" content=\"es_ES\" \/>\n<meta property=\"og:type\" content=\"article\" \/>\n<meta property=\"og:title\" content=\"Sonora en Equipo. Alemania: UE reaccionar\u00e1 con aranceles si Trump los impone MUNDO\" \/>\n<meta property=\"og:description\" content=\"El canciller alem\u00e1n, Olaf Scholz, asegur\u00f3 este lunes (3.02.2025) que la Uni\u00f3n Europea (UE) reaccionar\u00e1 con medidas arancelarias contra Estados Unidos en En Sonora en Equipo publicamos toda la informaci\u00f3n de Sonora, M\u00e9xico y el Mundo de manera oportuna y busca que la libertad de expresi\u00f3n sea real. Visita nuestro medio informativo publicado desde Hermosillo, Sonora. %\" \/>\n<meta property=\"og:url\" content=\"https:\/\/www.sonoraenequipo.com.mx\/alemania-ue-reaccionara-con-aranceles-si-trump-los-impone\/\" \/>\n<meta property=\"og:site_name\" content=\"Sonora en Equipo.\" \/>\n<meta property=\"article:publisher\" content=\"https:\/\/www.facebook.com\/SonoraEE\/\" \/>\n<meta property=\"article:author\" content=\"https:\/\/www.facebook.com\/SonoraEE\" \/>\n<meta property=\"article:published_time\" content=\"2025-02-03T22:33:05+00:00\" \/>\n<meta property=\"og:image\" content=\"https:\/\/www.sonoraenequipo.com.mx\/storage\/2025\/02\/sholz.jpg\" \/>\n\t<meta property=\"og:image:width\" content=\"600\" \/>\n\t<meta property=\"og:image:height\" content=\"400\" \/>\n\t<meta property=\"og:image:type\" content=\"image\/jpeg\" \/>\n<meta name=\"author\" content=\"enequipo\" \/>\n<meta name=\"twitter:card\" content=\"summary_large_image\" \/>\n<meta name=\"twitter:creator\" content=\"@sonoraenequipo\" \/>\n<meta name=\"twitter:site\" content=\"@sonoraenequipo\" \/>\n<meta name=\"twitter:label1\" content=\"Escrito por\" \/>\n\t<meta name=\"twitter:data1\" content=\"enequipo\" \/>\n\t<meta name=\"twitter:label2\" content=\"Tiempo de lectura\" \/>\n\t<meta name=\"twitter:data2\" content=\"4 minutos\" \/>\n<script type=\"application\/ld+json\" class=\"yoast-schema-graph\">{\"@context\":\"https:\/\/schema.org\",\"@graph\":[{\"@type\":\"Article\",\"@id\":\"https:\/\/www.sonoraenequipo.com.mx\/alemania-ue-reaccionara-con-aranceles-si-trump-los-impone\/#article\",\"isPartOf\":{\"@id\":\"https:\/\/www.sonoraenequipo.com.mx\/alemania-ue-reaccionara-con-aranceles-si-trump-los-impone\/\"},\"author\":{\"name\":\"enequipo\",\"@id\":\"https:\/\/www.sonoraenequipo.com.mx\/#\/schema\/person\/50102df0fb23a8fa9e8effad8fa81386\"},\"headline\":\"Alemania: UE reaccionar\u00e1 con aranceles si Trump los impone\",\"datePublished\":\"2025-02-03T22:33:05+00:00\",\"mainEntityOfPage\":{\"@id\":\"https:\/\/www.sonoraenequipo.com.mx\/alemania-ue-reaccionara-con-aranceles-si-trump-los-impone\/\"},\"wordCount\":725,\"commentCount\":0,\"publisher\":{\"@id\":\"https:\/\/www.sonoraenequipo.com.mx\/#organization\"},\"image\":{\"@id\":\"https:\/\/www.sonoraenequipo.com.mx\/alemania-ue-reaccionara-con-aranceles-si-trump-los-impone\/#primaryimage\"},\"thumbnailUrl\":\"https:\/\/www.sonoraenequipo.com.mx\/storage\/2025\/02\/sholz.jpg\",\"keywords\":[\"sholz\",\"UE\"],\"articleSection\":[\"MUNDO\"],\"inLanguage\":\"es\",\"potentialAction\":[{\"@type\":\"CommentAction\",\"name\":\"Comment\",\"target\":[\"https:\/\/www.sonoraenequipo.com.mx\/alemania-ue-reaccionara-con-aranceles-si-trump-los-impone\/#respond\"]}]},{\"@type\":\"WebPage\",\"@id\":\"https:\/\/www.sonoraenequipo.com.mx\/alemania-ue-reaccionara-con-aranceles-si-trump-los-impone\/\",\"url\":\"https:\/\/www.sonoraenequipo.com.mx\/alemania-ue-reaccionara-con-aranceles-si-trump-los-impone\/\",\"name\":\"Sonora en Equipo. Alemania: UE reaccionar\u00e1 con aranceles si Trump los impone MUNDO\",\"isPartOf\":{\"@id\":\"https:\/\/www.sonoraenequipo.com.mx\/#website\"},\"primaryImageOfPage\":{\"@id\":\"https:\/\/www.sonoraenequipo.com.mx\/alemania-ue-reaccionara-con-aranceles-si-trump-los-impone\/#primaryimage\"},\"image\":{\"@id\":\"https:\/\/www.sonoraenequipo.com.mx\/alemania-ue-reaccionara-con-aranceles-si-trump-los-impone\/#primaryimage\"},\"thumbnailUrl\":\"https:\/\/www.sonoraenequipo.com.mx\/storage\/2025\/02\/sholz.jpg\",\"datePublished\":\"2025-02-03T22:33:05+00:00\",\"description\":\"El canciller alem\u00e1n, Olaf Scholz, asegur\u00f3 este lunes (3.02.2025) que la Uni\u00f3n Europea (UE) reaccionar\u00e1 con medidas arancelarias contra Estados Unidos en En Sonora en Equipo publicamos toda la informaci\u00f3n de Sonora, M\u00e9xico y el Mundo de manera oportuna y busca que la libertad de expresi\u00f3n sea real. Visita nuestro medio informativo publicado desde Hermosillo, Sonora. %\",\"breadcrumb\":{\"@id\":\"https:\/\/www.sonoraenequipo.com.mx\/alemania-ue-reaccionara-con-aranceles-si-trump-los-impone\/#breadcrumb\"},\"inLanguage\":\"es\",\"potentialAction\":[{\"@type\":\"ReadAction\",\"target\":[\"https:\/\/www.sonoraenequipo.com.mx\/alemania-ue-reaccionara-con-aranceles-si-trump-los-impone\/\"]}]},{\"@type\":\"ImageObject\",\"inLanguage\":\"es\",\"@id\":\"https:\/\/www.sonoraenequipo.com.mx\/alemania-ue-reaccionara-con-aranceles-si-trump-los-impone\/#primaryimage\",\"url\":\"https:\/\/www.sonoraenequipo.com.mx\/storage\/2025\/02\/sholz.jpg\",\"contentUrl\":\"https:\/\/www.sonoraenequipo.com.mx\/storage\/2025\/02\/sholz.jpg\",\"width\":600,\"height\":400},{\"@type\":\"BreadcrumbList\",\"@id\":\"https:\/\/www.sonoraenequipo.com.mx\/alemania-ue-reaccionara-con-aranceles-si-trump-los-impone\/#breadcrumb\",\"itemListElement\":[{\"@type\":\"ListItem\",\"position\":1,\"name\":\"Portada\",\"item\":\"https:\/\/www.sonoraenequipo.com.mx\/\"},{\"@type\":\"ListItem\",\"position\":2,\"name\":\"Alemania: UE reaccionar\u00e1 con aranceles si Trump los impone\"}]},{\"@type\":\"WebSite\",\"@id\":\"https:\/\/www.sonoraenequipo.com.mx\/#website\",\"url\":\"https:\/\/www.sonoraenequipo.com.mx\/\",\"name\":\"Sonora en Equipo.\",\"description\":\"Diario en l\u00ednea con Noticias desde Hermosillo, Sonora\",\"publisher\":{\"@id\":\"https:\/\/www.sonoraenequipo.com.mx\/#organization\"},\"potentialAction\":[{\"@type\":\"SearchAction\",\"target\":{\"@type\":\"EntryPoint\",\"urlTemplate\":\"https:\/\/www.sonoraenequipo.com.mx\/?s={search_term_string}\"},\"query-input\":{\"@type\":\"PropertyValueSpecification\",\"valueRequired\":true,\"valueName\":\"search_term_string\"}}],\"inLanguage\":\"es\"},{\"@type\":\"Organization\",\"@id\":\"https:\/\/www.sonoraenequipo.com.mx\/#organization\",\"name\":\"Sonoraenequipo.com.mx\",\"url\":\"https:\/\/www.sonoraenequipo.com.mx\/\",\"logo\":{\"@type\":\"ImageObject\",\"inLanguage\":\"es\",\"@id\":\"https:\/\/www.sonoraenequipo.com.mx\/#\/schema\/logo\/image\/\",\"url\":\"https:\/\/www.sonoraenequipo.com.mx\/storage\/2019\/01\/sonoraenequipo_opt.png\",\"contentUrl\":\"https:\/\/www.sonoraenequipo.com.mx\/storage\/2019\/01\/sonoraenequipo_opt.png\",\"width\":375,\"height\":125,\"caption\":\"Sonoraenequipo.com.mx\"},\"image\":{\"@id\":\"https:\/\/www.sonoraenequipo.com.mx\/#\/schema\/logo\/image\/\"},\"sameAs\":[\"https:\/\/www.facebook.com\/SonoraEE\/\",\"https:\/\/x.com\/sonoraenequipo\",\"https:\/\/www.youtube.com\/channel\/UC338nW-lPEYmJQs4ZABQ1SQ\"]},{\"@type\":\"Person\",\"@id\":\"https:\/\/www.sonoraenequipo.com.mx\/#\/schema\/person\/50102df0fb23a8fa9e8effad8fa81386\",\"name\":\"enequipo\",\"image\":{\"@type\":\"ImageObject\",\"inLanguage\":\"es\",\"@id\":\"https:\/\/www.sonoraenequipo.com.mx\/#\/schema\/person\/image\/\",\"url\":\"https:\/\/secure.gravatar.com\/avatar\/049821681b589dabc0bc20695993ccebb09f5b5d4d790cd9251b97faac7c652b?s=96&d=blank&r=g\",\"contentUrl\":\"https:\/\/secure.gravatar.com\/avatar\/049821681b589dabc0bc20695993ccebb09f5b5d4d790cd9251b97faac7c652b?s=96&d=blank&r=g\",\"caption\":\"enequipo\"},\"sameAs\":[\"https:\/\/www.facebook.com\/SonoraEE\"]}]}<\/script>\n ","yoast_head_json":{"title":"Sonora en Equipo. Alemania: UE reaccionar\u00e1 con aranceles si Trump los impone MUNDO","description":"El canciller alem\u00e1n, Olaf Scholz, asegur\u00f3 este lunes (3.02.2025) que la Uni\u00f3n Europea (UE) reaccionar\u00e1 con medidas arancelarias contra Estados Unidos en En Sonora en Equipo publicamos toda la informaci\u00f3n de Sonora, M\u00e9xico y el Mundo de manera oportuna y busca que la libertad de expresi\u00f3n sea real. Visita nuestro medio informativo publicado desde Hermosillo, Sonora. %","robots":{"index":"index","follow":"follow","max-snippet":"max-snippet:-1","max-image-preview":"max-image-preview:large","max-video-preview":"max-video-preview:-1"},"canonical":"https:\/\/www.sonoraenequipo.com.mx\/alemania-ue-reaccionara-con-aranceles-si-trump-los-impone\/","og_locale":"es_ES","og_type":"article","og_title":"Sonora en Equipo. Alemania: UE reaccionar\u00e1 con aranceles si Trump los impone MUNDO","og_description":"El canciller alem\u00e1n, Olaf Scholz, asegur\u00f3 este lunes (3.02.2025) que la Uni\u00f3n Europea (UE) reaccionar\u00e1 con medidas arancelarias contra Estados Unidos en En Sonora en Equipo publicamos toda la informaci\u00f3n de Sonora, M\u00e9xico y el Mundo de manera oportuna y busca que la libertad de expresi\u00f3n sea real. Visita nuestro medio informativo publicado desde Hermosillo, Sonora. %","og_url":"https:\/\/www.sonoraenequipo.com.mx\/alemania-ue-reaccionara-con-aranceles-si-trump-los-impone\/","og_site_name":"Sonora en Equipo.","article_publisher":"https:\/\/www.facebook.com\/SonoraEE\/","article_author":"https:\/\/www.facebook.com\/SonoraEE","article_published_time":"2025-02-03T22:33:05+00:00","og_image":[{"width":600,"height":400,"url":"https:\/\/www.sonoraenequipo.com.mx\/storage\/2025\/02\/sholz.jpg","type":"image\/jpeg"}],"author":"enequipo","twitter_card":"summary_large_image","twitter_creator":"@sonoraenequipo","twitter_site":"@sonoraenequipo","twitter_misc":{"Escrito por":"enequipo","Tiempo de lectura":"4 minutos"},"schema":{"@context":"https:\/\/schema.org","@graph":[{"@type":"Article","@id":"https:\/\/www.sonoraenequipo.com.mx\/alemania-ue-reaccionara-con-aranceles-si-trump-los-impone\/#article","isPartOf":{"@id":"https:\/\/www.sonoraenequipo.com.mx\/alemania-ue-reaccionara-con-aranceles-si-trump-los-impone\/"},"author":{"name":"enequipo","@id":"https:\/\/www.sonoraenequipo.com.mx\/#\/schema\/person\/50102df0fb23a8fa9e8effad8fa81386"},"headline":"Alemania: UE reaccionar\u00e1 con aranceles si Trump los impone","datePublished":"2025-02-03T22:33:05+00:00","mainEntityOfPage":{"@id":"https:\/\/www.sonoraenequipo.com.mx\/alemania-ue-reaccionara-con-aranceles-si-trump-los-impone\/"},"wordCount":725,"commentCount":0,"publisher":{"@id":"https:\/\/www.sonoraenequipo.com.mx\/#organization"},"image":{"@id":"https:\/\/www.sonoraenequipo.com.mx\/alemania-ue-reaccionara-con-aranceles-si-trump-los-impone\/#primaryimage"},"thumbnailUrl":"https:\/\/www.sonoraenequipo.com.mx\/storage\/2025\/02\/sholz.jpg","keywords":["sholz","UE"],"articleSection":["MUNDO"],"inLanguage":"es","potentialAction":[{"@type":"CommentAction","name":"Comment","target":["https:\/\/www.sonoraenequipo.com.mx\/alemania-ue-reaccionara-con-aranceles-si-trump-los-impone\/#respond"]}]},{"@type":"WebPage","@id":"https:\/\/www.sonoraenequipo.com.mx\/alemania-ue-reaccionara-con-aranceles-si-trump-los-impone\/","url":"https:\/\/www.sonoraenequipo.com.mx\/alemania-ue-reaccionara-con-aranceles-si-trump-los-impone\/","name":"Sonora en Equipo. Alemania: UE reaccionar\u00e1 con aranceles si Trump los impone MUNDO","isPartOf":{"@id":"https:\/\/www.sonoraenequipo.com.mx\/#website"},"primaryImageOfPage":{"@id":"https:\/\/www.sonoraenequipo.com.mx\/alemania-ue-reaccionara-con-aranceles-si-trump-los-impone\/#primaryimage"},"image":{"@id":"https:\/\/www.sonoraenequipo.com.mx\/alemania-ue-reaccionara-con-aranceles-si-trump-los-impone\/#primaryimage"},"thumbnailUrl":"https:\/\/www.sonoraenequipo.com.mx\/storage\/2025\/02\/sholz.jpg","datePublished":"2025-02-03T22:33:05+00:00","description":"El canciller alem\u00e1n, Olaf Scholz, asegur\u00f3 este lunes (3.02.2025) que la Uni\u00f3n Europea (UE) reaccionar\u00e1 con medidas arancelarias contra Estados Unidos en En Sonora en Equipo publicamos toda la informaci\u00f3n de Sonora, M\u00e9xico y el Mundo de manera oportuna y busca que la libertad de expresi\u00f3n sea real. Visita nuestro medio informativo publicado desde Hermosillo, Sonora. %","breadcrumb":{"@id":"https:\/\/www.sonoraenequipo.com.mx\/alemania-ue-reaccionara-con-aranceles-si-trump-los-impone\/#breadcrumb"},"inLanguage":"es","potentialAction":[{"@type":"ReadAction","target":["https:\/\/www.sonoraenequipo.com.mx\/alemania-ue-reaccionara-con-aranceles-si-trump-los-impone\/"]}]},{"@type":"ImageObject","inLanguage":"es","@id":"https:\/\/www.sonoraenequipo.com.mx\/alemania-ue-reaccionara-con-aranceles-si-trump-los-impone\/#primaryimage","url":"https:\/\/www.sonoraenequipo.com.mx\/storage\/2025\/02\/sholz.jpg","contentUrl":"https:\/\/www.sonoraenequipo.com.mx\/storage\/2025\/02\/sholz.jpg","width":600,"height":400},{"@type":"BreadcrumbList","@id":"https:\/\/www.sonoraenequipo.com.mx\/alemania-ue-reaccionara-con-aranceles-si-trump-los-impone\/#breadcrumb","itemListElement":[{"@type":"ListItem","position":1,"name":"Portada","item":"https:\/\/www.sonoraenequipo.com.mx\/"},{"@type":"ListItem","position":2,"name":"Alemania: UE reaccionar\u00e1 con aranceles si Trump los impone"}]},{"@type":"WebSite","@id":"https:\/\/www.sonoraenequipo.com.mx\/#website","url":"https:\/\/www.sonoraenequipo.com.mx\/","name":"Sonora en Equipo.","description":"Diario en l\u00ednea con Noticias desde Hermosillo, Sonora","publisher":{"@id":"https:\/\/www.sonoraenequipo.com.mx\/#organization"},"potentialAction":[{"@type":"SearchAction","target":{"@type":"EntryPoint","urlTemplate":"https:\/\/www.sonoraenequipo.com.mx\/?s={search_term_string}"},"query-input":{"@type":"PropertyValueSpecification","valueRequired":true,"valueName":"search_term_string"}}],"inLanguage":"es"},{"@type":"Organization","@id":"https:\/\/www.sonoraenequipo.com.mx\/#organization","name":"Sonoraenequipo.com.mx","url":"https:\/\/www.sonoraenequipo.com.mx\/","logo":{"@type":"ImageObject","inLanguage":"es","@id":"https:\/\/www.sonoraenequipo.com.mx\/#\/schema\/logo\/image\/","url":"https:\/\/www.sonoraenequipo.com.mx\/storage\/2019\/01\/sonoraenequipo_opt.png","contentUrl":"https:\/\/www.sonoraenequipo.com.mx\/storage\/2019\/01\/sonoraenequipo_opt.png","width":375,"height":125,"caption":"Sonoraenequipo.com.mx"},"image":{"@id":"https:\/\/www.sonoraenequipo.com.mx\/#\/schema\/logo\/image\/"},"sameAs":["https:\/\/www.facebook.com\/SonoraEE\/","https:\/\/x.com\/sonoraenequipo","https:\/\/www.youtube.com\/channel\/UC338nW-lPEYmJQs4ZABQ1SQ"]},{"@type":"Person","@id":"https:\/\/www.sonoraenequipo.com.mx\/#\/schema\/person\/50102df0fb23a8fa9e8effad8fa81386","name":"enequipo","image":{"@type":"ImageObject","inLanguage":"es","@id":"https:\/\/www.sonoraenequipo.com.mx\/#\/schema\/person\/image\/","url":"https:\/\/secure.gravatar.com\/avatar\/049821681b589dabc0bc20695993ccebb09f5b5d4d790cd9251b97faac7c652b?s=96&d=blank&r=g","contentUrl":"https:\/\/secure.gravatar.com\/avatar\/049821681b589dabc0bc20695993ccebb09f5b5d4d790cd9251b97faac7c652b?s=96&d=blank&r=g","caption":"enequipo"},"sameAs":["https:\/\/www.facebook.com\/SonoraEE"]}]}},"jetpack_featured_media_url":"https:\/\/www.sonoraenequipo.com.mx\/storage\/2025\/02\/sholz.jpg","_links":{"self":[{"href":"https:\/\/www.sonoraenequipo.com.mx\/api\/wp\/v2\/posts\/208992","targetHints":{"allow":["GET"]}}],"collection":[{"href":"https:\/\/www.sonoraenequipo.com.mx\/api\/wp\/v2\/posts"}],"about":[{"href":"https:\/\/www.sonoraenequipo.com.mx\/api\/wp\/v2\/types\/post"}],"author":[{"embeddable":true,"href":"https:\/\/www.sonoraenequipo.com.mx\/api\/wp\/v2\/users\/1"}],"replies":[{"embeddable":true,"href":"https:\/\/www.sonoraenequipo.com.mx\/api\/wp\/v2\/comments?post=208992"}],"version-history":[{"count":1,"href":"https:\/\/www.sonoraenequipo.com.mx\/api\/wp\/v2\/posts\/208992\/revisions"}],"predecessor-version":[{"id":208994,"href":"https:\/\/www.sonoraenequipo.com.mx\/api\/wp\/v2\/posts\/208992\/revisions\/208994"}],"wp:featuredmedia":[{"embeddable":true,"href":"https:\/\/www.sonoraenequipo.com.mx\/api\/wp\/v2\/media\/208993"}],"wp:attachment":[{"href":"https:\/\/www.sonoraenequipo.com.mx\/api\/wp\/v2\/media?parent=208992"}],"wp:term":[{"taxonomy":"category","embeddable":true,"href":"https:\/\/www.sonoraenequipo.com.mx\/api\/wp\/v2\/categories?post=208992"},{"taxonomy":"post_tag","embeddable":true,"href":"https:\/\/www.sonoraenequipo.com.mx\/api\/wp\/v2\/tags?post=208992"}],"curies":[{"name":"wp","href":"https:\/\/api.w.org\/{rel}","templated":true}]}}