{"id":209001,"date":"2025-02-03T14:54:38","date_gmt":"2025-02-03T21:54:38","guid":{"rendered":"https:\/\/www.sonoraenequipo.com.mx\/?p=209001"},"modified":"2025-02-03T21:08:49","modified_gmt":"2025-02-04T04:08:49","slug":"el-pan-busca-que-sea-deducible-el-cien-por-ciento-de-las-colegiaturas-pagadas-en-escuelas-privadas","status":"publish","type":"post","link":"https:\/\/www.sonoraenequipo.com.mx\/el-pan-busca-que-sea-deducible-el-cien-por-ciento-de-las-colegiaturas-pagadas-en-escuelas-privadas\/","title":{"rendered":"El PAN busca que sea deducible el cien por ciento de las colegiaturas pagadas en escuelas privadas"},"content":{"rendered":"<p><strong>CIUDAD DE M\u00c9XICO. MX. \u2014<\/strong> La diputada Diana Estefan\u00eda Guti\u00e9rrez Valtierra, representante del Partido Acci\u00f3n Nacional (PAN), ha presentado una iniciativa legislativa que busca reformar el art\u00edculo 151 de la Ley del Impuesto Sobre la Renta<\/p>\n<p>&nbsp;<\/p>\n<p>&nbsp;<\/p>\n<p>&nbsp;<\/p>\n<p> <br \/>\nEsta propuesta tiene como objetivo permitir la deducci\u00f3n total de las colegiaturas pagadas en instituciones educativas privadas, abarcando desde la educaci\u00f3n b\u00e1sica hasta el nivel superior. La iniciativa ha sido remitida a la Comisi\u00f3n de Hacienda y Cr\u00e9dito P\u00fablico para su an\u00e1lisis.<\/p>\n<p>&nbsp;<\/p>\n<p>&nbsp;<\/p>\n<p>&nbsp;<\/p>\n<p>El proyecto establece que los contribuyentes podr\u00e1n deducir el 100% de los pagos realizados por servicios educativos en escuelas privadas que cuenten con la debida autorizaci\u00f3n o reconocimiento de validez. Esto incluye gastos para s\u00ed mismos, sus c\u00f3nyuges, parejas en concubinato, ascendientes y descendientes directos, siempre que se destinen a programas educativos aprobados. Las deducciones abarcar\u00edan cuotas de inscripci\u00f3n y reinscripci\u00f3n, y los pagos deber\u00e1n realizarse a trav\u00e9s de m\u00e9todos que permitan su comprobaci\u00f3n fiscal.<\/p>\n<p>&nbsp;<\/p>\n<p>&nbsp;<\/p>\n<p>En M\u00e9xico, aproximadamente el 11% de los estudiantes asisten a escuelas privadas, lo que se traduce en cerca de 3.4 millones de alumnos en este tipo de instituciones. Este porcentaje es considerablemente bajo en comparaci\u00f3n con otros pa\u00edses de Am\u00e9rica Latina, donde el promedio es del 20%<\/p>\n<p>&nbsp;<\/p>\n<p>&nbsp;<\/p>\n<p>La diputada Guti\u00e9rrez Valtierra argumenta que el actual marco legal no considera las colegiaturas como deducibles personales, lo que representa una carga impositiva desproporcionada para las familias que eligen este tipo de educaci\u00f3n. Adem\u00e1s, resalta que muchas familias recurren a escuelas privadas debido a la falta de opciones adecuadas en el sistema p\u00fablico, especialmente para atender necesidades especiales o condiciones espec\u00edficas de salud<\/p>\n<p>&nbsp;<\/p>\n<p>&nbsp;<\/p>\n<p>&nbsp;<\/p>\n<p>PUBLICADO EL 03 DE FEBRERO DE 2025 Con informaci\u00f3n de Missael Nava)<\/p>\n","protected":false},"excerpt":{"rendered":"<p>CIUDAD DE M\u00c9XICO. MX. \u2014 La diputada Diana Estefan\u00eda Guti\u00e9rrez Valtierra, representante del Partido Acci\u00f3n&#8230;<\/p>\n","protected":false},"author":1,"featured_media":209002,"comment_status":"open","ping_status":"open","sticky":false,"template":"","format":"standard","meta":{"_monsterinsights_skip_tracking":false,"_monsterinsights_sitenote_active":false,"_monsterinsights_sitenote_note":"","_monsterinsights_sitenote_category":0,"footnotes":""},"categories":[5],"tags":[],"class_list":["post"],"yoast_head":" \n<title>Sonora en Equipo. El PAN busca que sea deducible el cien por ciento de las colegiaturas pagadas en escuelas privadas Rep\u00fablica<\/title>\n<meta name=\"description\" content=\"CIUDAD DE M\u00c9XICO. MX. \u2014 La diputada Diana Estefan\u00eda Guti\u00e9rrez Valtierra, representante del Partido Acci\u00f3n Nacional (PAN), ha presentado una iniciativa En Sonora en Equipo publicamos toda la informaci\u00f3n de Sonora, M\u00e9xico y el Mundo de manera oportuna y busca que la libertad de expresi\u00f3n sea real. Visita nuestro medio informativo publicado desde Hermosillo, Sonora. %\" \/>\n<meta name=\"robots\" content=\"index, follow, max-snippet:-1, max-image-preview:large, max-video-preview:-1\" \/>\n<link rel=\"canonical\" href=\"https:\/\/www.sonoraenequipo.com.mx\/el-pan-busca-que-sea-deducible-el-cien-por-ciento-de-las-colegiaturas-pagadas-en-escuelas-privadas\/\" \/>\n<meta property=\"og:locale\" content=\"es_ES\" \/>\n<meta property=\"og:type\" content=\"article\" \/>\n<meta property=\"og:title\" content=\"Sonora en Equipo. El PAN busca que sea deducible el cien por ciento de las colegiaturas pagadas en escuelas privadas Rep\u00fablica\" \/>\n<meta property=\"og:description\" content=\"CIUDAD DE M\u00c9XICO. MX. \u2014 La diputada Diana Estefan\u00eda Guti\u00e9rrez Valtierra, representante del Partido Acci\u00f3n Nacional (PAN), ha presentado una iniciativa En Sonora en Equipo publicamos toda la informaci\u00f3n de Sonora, M\u00e9xico y el Mundo de manera oportuna y busca que la libertad de expresi\u00f3n sea real. Visita nuestro medio informativo publicado desde Hermosillo, Sonora. %\" \/>\n<meta property=\"og:url\" content=\"https:\/\/www.sonoraenequipo.com.mx\/el-pan-busca-que-sea-deducible-el-cien-por-ciento-de-las-colegiaturas-pagadas-en-escuelas-privadas\/\" \/>\n<meta property=\"og:site_name\" content=\"Sonora en Equipo.\" \/>\n<meta property=\"article:publisher\" content=\"https:\/\/www.facebook.com\/SonoraEE\/\" \/>\n<meta property=\"article:author\" content=\"https:\/\/www.facebook.com\/SonoraEE\" \/>\n<meta property=\"article:published_time\" content=\"2025-02-03T21:54:38+00:00\" \/>\n<meta property=\"article:modified_time\" content=\"2025-02-04T04:08:49+00:00\" \/>\n<meta property=\"og:image\" content=\"https:\/\/www.sonoraenequipo.com.mx\/storage\/2025\/02\/escuelas-privadas-min-1.jpg\" \/>\n\t<meta property=\"og:image:width\" content=\"900\" \/>\n\t<meta property=\"og:image:height\" content=\"472\" \/>\n\t<meta property=\"og:image:type\" content=\"image\/jpeg\" \/>\n<meta name=\"author\" content=\"enequipo\" \/>\n<meta name=\"twitter:card\" content=\"summary_large_image\" \/>\n<meta name=\"twitter:creator\" content=\"@sonoraenequipo\" \/>\n<meta name=\"twitter:site\" content=\"@sonoraenequipo\" \/>\n<meta name=\"twitter:label1\" content=\"Escrito por\" \/>\n\t<meta name=\"twitter:data1\" content=\"enequipo\" \/>\n\t<meta name=\"twitter:label2\" content=\"Tiempo de lectura\" \/>\n\t<meta name=\"twitter:data2\" content=\"2 minutos\" \/>\n<script type=\"application\/ld+json\" class=\"yoast-schema-graph\">{\"@context\":\"https:\/\/schema.org\",\"@graph\":[{\"@type\":\"Article\",\"@id\":\"https:\/\/www.sonoraenequipo.com.mx\/el-pan-busca-que-sea-deducible-el-cien-por-ciento-de-las-colegiaturas-pagadas-en-escuelas-privadas\/#article\",\"isPartOf\":{\"@id\":\"https:\/\/www.sonoraenequipo.com.mx\/el-pan-busca-que-sea-deducible-el-cien-por-ciento-de-las-colegiaturas-pagadas-en-escuelas-privadas\/\"},\"author\":{\"name\":\"enequipo\",\"@id\":\"https:\/\/www.sonoraenequipo.com.mx\/#\/schema\/person\/50102df0fb23a8fa9e8effad8fa81386\"},\"headline\":\"El PAN busca que sea deducible el cien por ciento de las colegiaturas pagadas en escuelas privadas\",\"datePublished\":\"2025-02-03T21:54:38+00:00\",\"dateModified\":\"2025-02-04T04:08:49+00:00\",\"mainEntityOfPage\":{\"@id\":\"https:\/\/www.sonoraenequipo.com.mx\/el-pan-busca-que-sea-deducible-el-cien-por-ciento-de-las-colegiaturas-pagadas-en-escuelas-privadas\/\"},\"wordCount\":329,\"commentCount\":0,\"publisher\":{\"@id\":\"https:\/\/www.sonoraenequipo.com.mx\/#organization\"},\"image\":{\"@id\":\"https:\/\/www.sonoraenequipo.com.mx\/el-pan-busca-que-sea-deducible-el-cien-por-ciento-de-las-colegiaturas-pagadas-en-escuelas-privadas\/#primaryimage\"},\"thumbnailUrl\":\"https:\/\/www.sonoraenequipo.com.mx\/storage\/2025\/02\/escuelas-privadas-min-1.jpg\",\"articleSection\":[\"Rep\u00fablica\"],\"inLanguage\":\"es\",\"potentialAction\":[{\"@type\":\"CommentAction\",\"name\":\"Comment\",\"target\":[\"https:\/\/www.sonoraenequipo.com.mx\/el-pan-busca-que-sea-deducible-el-cien-por-ciento-de-las-colegiaturas-pagadas-en-escuelas-privadas\/#respond\"]}]},{\"@type\":\"WebPage\",\"@id\":\"https:\/\/www.sonoraenequipo.com.mx\/el-pan-busca-que-sea-deducible-el-cien-por-ciento-de-las-colegiaturas-pagadas-en-escuelas-privadas\/\",\"url\":\"https:\/\/www.sonoraenequipo.com.mx\/el-pan-busca-que-sea-deducible-el-cien-por-ciento-de-las-colegiaturas-pagadas-en-escuelas-privadas\/\",\"name\":\"Sonora en Equipo. El PAN busca que sea deducible el cien por ciento de las colegiaturas pagadas en escuelas privadas Rep\u00fablica\",\"isPartOf\":{\"@id\":\"https:\/\/www.sonoraenequipo.com.mx\/#website\"},\"primaryImageOfPage\":{\"@id\":\"https:\/\/www.sonoraenequipo.com.mx\/el-pan-busca-que-sea-deducible-el-cien-por-ciento-de-las-colegiaturas-pagadas-en-escuelas-privadas\/#primaryimage\"},\"image\":{\"@id\":\"https:\/\/www.sonoraenequipo.com.mx\/el-pan-busca-que-sea-deducible-el-cien-por-ciento-de-las-colegiaturas-pagadas-en-escuelas-privadas\/#primaryimage\"},\"thumbnailUrl\":\"https:\/\/www.sonoraenequipo.com.mx\/storage\/2025\/02\/escuelas-privadas-min-1.jpg\",\"datePublished\":\"2025-02-03T21:54:38+00:00\",\"dateModified\":\"2025-02-04T04:08:49+00:00\",\"description\":\"CIUDAD DE M\u00c9XICO. MX. \u2014 La diputada Diana Estefan\u00eda Guti\u00e9rrez Valtierra, representante del Partido Acci\u00f3n Nacional (PAN), ha presentado una iniciativa En Sonora en Equipo publicamos toda la informaci\u00f3n de Sonora, M\u00e9xico y el Mundo de manera oportuna y busca que la libertad de expresi\u00f3n sea real. Visita nuestro medio informativo publicado desde Hermosillo, Sonora. %\",\"breadcrumb\":{\"@id\":\"https:\/\/www.sonoraenequipo.com.mx\/el-pan-busca-que-sea-deducible-el-cien-por-ciento-de-las-colegiaturas-pagadas-en-escuelas-privadas\/#breadcrumb\"},\"inLanguage\":\"es\",\"potentialAction\":[{\"@type\":\"ReadAction\",\"target\":[\"https:\/\/www.sonoraenequipo.com.mx\/el-pan-busca-que-sea-deducible-el-cien-por-ciento-de-las-colegiaturas-pagadas-en-escuelas-privadas\/\"]}]},{\"@type\":\"ImageObject\",\"inLanguage\":\"es\",\"@id\":\"https:\/\/www.sonoraenequipo.com.mx\/el-pan-busca-que-sea-deducible-el-cien-por-ciento-de-las-colegiaturas-pagadas-en-escuelas-privadas\/#primaryimage\",\"url\":\"https:\/\/www.sonoraenequipo.com.mx\/storage\/2025\/02\/escuelas-privadas-min-1.jpg\",\"contentUrl\":\"https:\/\/www.sonoraenequipo.com.mx\/storage\/2025\/02\/escuelas-privadas-min-1.jpg\",\"width\":900,\"height\":472},{\"@type\":\"BreadcrumbList\",\"@id\":\"https:\/\/www.sonoraenequipo.com.mx\/el-pan-busca-que-sea-deducible-el-cien-por-ciento-de-las-colegiaturas-pagadas-en-escuelas-privadas\/#breadcrumb\",\"itemListElement\":[{\"@type\":\"ListItem\",\"position\":1,\"name\":\"Portada\",\"item\":\"https:\/\/www.sonoraenequipo.com.mx\/\"},{\"@type\":\"ListItem\",\"position\":2,\"name\":\"El PAN busca que sea deducible el cien por ciento de las colegiaturas pagadas en escuelas privadas\"}]},{\"@type\":\"WebSite\",\"@id\":\"https:\/\/www.sonoraenequipo.com.mx\/#website\",\"url\":\"https:\/\/www.sonoraenequipo.com.mx\/\",\"name\":\"Sonora en Equipo.\",\"description\":\"Diario en l\u00ednea con Noticias desde Hermosillo, Sonora\",\"publisher\":{\"@id\":\"https:\/\/www.sonoraenequipo.com.mx\/#organization\"},\"potentialAction\":[{\"@type\":\"SearchAction\",\"target\":{\"@type\":\"EntryPoint\",\"urlTemplate\":\"https:\/\/www.sonoraenequipo.com.mx\/?s={search_term_string}\"},\"query-input\":{\"@type\":\"PropertyValueSpecification\",\"valueRequired\":true,\"valueName\":\"search_term_string\"}}],\"inLanguage\":\"es\"},{\"@type\":\"Organization\",\"@id\":\"https:\/\/www.sonoraenequipo.com.mx\/#organization\",\"name\":\"Sonoraenequipo.com.mx\",\"url\":\"https:\/\/www.sonoraenequipo.com.mx\/\",\"logo\":{\"@type\":\"ImageObject\",\"inLanguage\":\"es\",\"@id\":\"https:\/\/www.sonoraenequipo.com.mx\/#\/schema\/logo\/image\/\",\"url\":\"https:\/\/www.sonoraenequipo.com.mx\/storage\/2019\/01\/sonoraenequipo_opt.png\",\"contentUrl\":\"https:\/\/www.sonoraenequipo.com.mx\/storage\/2019\/01\/sonoraenequipo_opt.png\",\"width\":375,\"height\":125,\"caption\":\"Sonoraenequipo.com.mx\"},\"image\":{\"@id\":\"https:\/\/www.sonoraenequipo.com.mx\/#\/schema\/logo\/image\/\"},\"sameAs\":[\"https:\/\/www.facebook.com\/SonoraEE\/\",\"https:\/\/x.com\/sonoraenequipo\",\"https:\/\/www.youtube.com\/channel\/UC338nW-lPEYmJQs4ZABQ1SQ\"]},{\"@type\":\"Person\",\"@id\":\"https:\/\/www.sonoraenequipo.com.mx\/#\/schema\/person\/50102df0fb23a8fa9e8effad8fa81386\",\"name\":\"enequipo\",\"image\":{\"@type\":\"ImageObject\",\"inLanguage\":\"es\",\"@id\":\"https:\/\/www.sonoraenequipo.com.mx\/#\/schema\/person\/image\/\",\"url\":\"https:\/\/secure.gravatar.com\/avatar\/049821681b589dabc0bc20695993ccebb09f5b5d4d790cd9251b97faac7c652b?s=96&d=blank&r=g\",\"contentUrl\":\"https:\/\/secure.gravatar.com\/avatar\/049821681b589dabc0bc20695993ccebb09f5b5d4d790cd9251b97faac7c652b?s=96&d=blank&r=g\",\"caption\":\"enequipo\"},\"sameAs\":[\"https:\/\/www.facebook.com\/SonoraEE\"]}]}<\/script>\n ","yoast_head_json":{"title":"Sonora en Equipo. El PAN busca que sea deducible el cien por ciento de las colegiaturas pagadas en escuelas privadas Rep\u00fablica","description":"CIUDAD DE M\u00c9XICO. MX. \u2014 La diputada Diana Estefan\u00eda Guti\u00e9rrez Valtierra, representante del Partido Acci\u00f3n Nacional (PAN), ha presentado una iniciativa En Sonora en Equipo publicamos toda la informaci\u00f3n de Sonora, M\u00e9xico y el Mundo de manera oportuna y busca que la libertad de expresi\u00f3n sea real. Visita nuestro medio informativo publicado desde Hermosillo, Sonora. %","robots":{"index":"index","follow":"follow","max-snippet":"max-snippet:-1","max-image-preview":"max-image-preview:large","max-video-preview":"max-video-preview:-1"},"canonical":"https:\/\/www.sonoraenequipo.com.mx\/el-pan-busca-que-sea-deducible-el-cien-por-ciento-de-las-colegiaturas-pagadas-en-escuelas-privadas\/","og_locale":"es_ES","og_type":"article","og_title":"Sonora en Equipo. El PAN busca que sea deducible el cien por ciento de las colegiaturas pagadas en escuelas privadas Rep\u00fablica","og_description":"CIUDAD DE M\u00c9XICO. MX. \u2014 La diputada Diana Estefan\u00eda Guti\u00e9rrez Valtierra, representante del Partido Acci\u00f3n Nacional (PAN), ha presentado una iniciativa En Sonora en Equipo publicamos toda la informaci\u00f3n de Sonora, M\u00e9xico y el Mundo de manera oportuna y busca que la libertad de expresi\u00f3n sea real. Visita nuestro medio informativo publicado desde Hermosillo, Sonora. %","og_url":"https:\/\/www.sonoraenequipo.com.mx\/el-pan-busca-que-sea-deducible-el-cien-por-ciento-de-las-colegiaturas-pagadas-en-escuelas-privadas\/","og_site_name":"Sonora en Equipo.","article_publisher":"https:\/\/www.facebook.com\/SonoraEE\/","article_author":"https:\/\/www.facebook.com\/SonoraEE","article_published_time":"2025-02-03T21:54:38+00:00","article_modified_time":"2025-02-04T04:08:49+00:00","og_image":[{"width":900,"height":472,"url":"https:\/\/www.sonoraenequipo.com.mx\/storage\/2025\/02\/escuelas-privadas-min-1.jpg","type":"image\/jpeg"}],"author":"enequipo","twitter_card":"summary_large_image","twitter_creator":"@sonoraenequipo","twitter_site":"@sonoraenequipo","twitter_misc":{"Escrito por":"enequipo","Tiempo de lectura":"2 minutos"},"schema":{"@context":"https:\/\/schema.org","@graph":[{"@type":"Article","@id":"https:\/\/www.sonoraenequipo.com.mx\/el-pan-busca-que-sea-deducible-el-cien-por-ciento-de-las-colegiaturas-pagadas-en-escuelas-privadas\/#article","isPartOf":{"@id":"https:\/\/www.sonoraenequipo.com.mx\/el-pan-busca-que-sea-deducible-el-cien-por-ciento-de-las-colegiaturas-pagadas-en-escuelas-privadas\/"},"author":{"name":"enequipo","@id":"https:\/\/www.sonoraenequipo.com.mx\/#\/schema\/person\/50102df0fb23a8fa9e8effad8fa81386"},"headline":"El PAN busca que sea deducible el cien por ciento de las colegiaturas pagadas en escuelas privadas","datePublished":"2025-02-03T21:54:38+00:00","dateModified":"2025-02-04T04:08:49+00:00","mainEntityOfPage":{"@id":"https:\/\/www.sonoraenequipo.com.mx\/el-pan-busca-que-sea-deducible-el-cien-por-ciento-de-las-colegiaturas-pagadas-en-escuelas-privadas\/"},"wordCount":329,"commentCount":0,"publisher":{"@id":"https:\/\/www.sonoraenequipo.com.mx\/#organization"},"image":{"@id":"https:\/\/www.sonoraenequipo.com.mx\/el-pan-busca-que-sea-deducible-el-cien-por-ciento-de-las-colegiaturas-pagadas-en-escuelas-privadas\/#primaryimage"},"thumbnailUrl":"https:\/\/www.sonoraenequipo.com.mx\/storage\/2025\/02\/escuelas-privadas-min-1.jpg","articleSection":["Rep\u00fablica"],"inLanguage":"es","potentialAction":[{"@type":"CommentAction","name":"Comment","target":["https:\/\/www.sonoraenequipo.com.mx\/el-pan-busca-que-sea-deducible-el-cien-por-ciento-de-las-colegiaturas-pagadas-en-escuelas-privadas\/#respond"]}]},{"@type":"WebPage","@id":"https:\/\/www.sonoraenequipo.com.mx\/el-pan-busca-que-sea-deducible-el-cien-por-ciento-de-las-colegiaturas-pagadas-en-escuelas-privadas\/","url":"https:\/\/www.sonoraenequipo.com.mx\/el-pan-busca-que-sea-deducible-el-cien-por-ciento-de-las-colegiaturas-pagadas-en-escuelas-privadas\/","name":"Sonora en Equipo. El PAN busca que sea deducible el cien por ciento de las colegiaturas pagadas en escuelas privadas Rep\u00fablica","isPartOf":{"@id":"https:\/\/www.sonoraenequipo.com.mx\/#website"},"primaryImageOfPage":{"@id":"https:\/\/www.sonoraenequipo.com.mx\/el-pan-busca-que-sea-deducible-el-cien-por-ciento-de-las-colegiaturas-pagadas-en-escuelas-privadas\/#primaryimage"},"image":{"@id":"https:\/\/www.sonoraenequipo.com.mx\/el-pan-busca-que-sea-deducible-el-cien-por-ciento-de-las-colegiaturas-pagadas-en-escuelas-privadas\/#primaryimage"},"thumbnailUrl":"https:\/\/www.sonoraenequipo.com.mx\/storage\/2025\/02\/escuelas-privadas-min-1.jpg","datePublished":"2025-02-03T21:54:38+00:00","dateModified":"2025-02-04T04:08:49+00:00","description":"CIUDAD DE M\u00c9XICO. MX. \u2014 La diputada Diana Estefan\u00eda Guti\u00e9rrez Valtierra, representante del Partido Acci\u00f3n Nacional (PAN), ha presentado una iniciativa En Sonora en Equipo publicamos toda la informaci\u00f3n de Sonora, M\u00e9xico y el Mundo de manera oportuna y busca que la libertad de expresi\u00f3n sea real. Visita nuestro medio informativo publicado desde Hermosillo, Sonora. %","breadcrumb":{"@id":"https:\/\/www.sonoraenequipo.com.mx\/el-pan-busca-que-sea-deducible-el-cien-por-ciento-de-las-colegiaturas-pagadas-en-escuelas-privadas\/#breadcrumb"},"inLanguage":"es","potentialAction":[{"@type":"ReadAction","target":["https:\/\/www.sonoraenequipo.com.mx\/el-pan-busca-que-sea-deducible-el-cien-por-ciento-de-las-colegiaturas-pagadas-en-escuelas-privadas\/"]}]},{"@type":"ImageObject","inLanguage":"es","@id":"https:\/\/www.sonoraenequipo.com.mx\/el-pan-busca-que-sea-deducible-el-cien-por-ciento-de-las-colegiaturas-pagadas-en-escuelas-privadas\/#primaryimage","url":"https:\/\/www.sonoraenequipo.com.mx\/storage\/2025\/02\/escuelas-privadas-min-1.jpg","contentUrl":"https:\/\/www.sonoraenequipo.com.mx\/storage\/2025\/02\/escuelas-privadas-min-1.jpg","width":900,"height":472},{"@type":"BreadcrumbList","@id":"https:\/\/www.sonoraenequipo.com.mx\/el-pan-busca-que-sea-deducible-el-cien-por-ciento-de-las-colegiaturas-pagadas-en-escuelas-privadas\/#breadcrumb","itemListElement":[{"@type":"ListItem","position":1,"name":"Portada","item":"https:\/\/www.sonoraenequipo.com.mx\/"},{"@type":"ListItem","position":2,"name":"El PAN busca que sea deducible el cien por ciento de las colegiaturas pagadas en escuelas privadas"}]},{"@type":"WebSite","@id":"https:\/\/www.sonoraenequipo.com.mx\/#website","url":"https:\/\/www.sonoraenequipo.com.mx\/","name":"Sonora en Equipo.","description":"Diario en l\u00ednea con Noticias desde Hermosillo, Sonora","publisher":{"@id":"https:\/\/www.sonoraenequipo.com.mx\/#organization"},"potentialAction":[{"@type":"SearchAction","target":{"@type":"EntryPoint","urlTemplate":"https:\/\/www.sonoraenequipo.com.mx\/?s={search_term_string}"},"query-input":{"@type":"PropertyValueSpecification","valueRequired":true,"valueName":"search_term_string"}}],"inLanguage":"es"},{"@type":"Organization","@id":"https:\/\/www.sonoraenequipo.com.mx\/#organization","name":"Sonoraenequipo.com.mx","url":"https:\/\/www.sonoraenequipo.com.mx\/","logo":{"@type":"ImageObject","inLanguage":"es","@id":"https:\/\/www.sonoraenequipo.com.mx\/#\/schema\/logo\/image\/","url":"https:\/\/www.sonoraenequipo.com.mx\/storage\/2019\/01\/sonoraenequipo_opt.png","contentUrl":"https:\/\/www.sonoraenequipo.com.mx\/storage\/2019\/01\/sonoraenequipo_opt.png","width":375,"height":125,"caption":"Sonoraenequipo.com.mx"},"image":{"@id":"https:\/\/www.sonoraenequipo.com.mx\/#\/schema\/logo\/image\/"},"sameAs":["https:\/\/www.facebook.com\/SonoraEE\/","https:\/\/x.com\/sonoraenequipo","https:\/\/www.youtube.com\/channel\/UC338nW-lPEYmJQs4ZABQ1SQ"]},{"@type":"Person","@id":"https:\/\/www.sonoraenequipo.com.mx\/#\/schema\/person\/50102df0fb23a8fa9e8effad8fa81386","name":"enequipo","image":{"@type":"ImageObject","inLanguage":"es","@id":"https:\/\/www.sonoraenequipo.com.mx\/#\/schema\/person\/image\/","url":"https:\/\/secure.gravatar.com\/avatar\/049821681b589dabc0bc20695993ccebb09f5b5d4d790cd9251b97faac7c652b?s=96&d=blank&r=g","contentUrl":"https:\/\/secure.gravatar.com\/avatar\/049821681b589dabc0bc20695993ccebb09f5b5d4d790cd9251b97faac7c652b?s=96&d=blank&r=g","caption":"enequipo"},"sameAs":["https:\/\/www.facebook.com\/SonoraEE"]}]}},"jetpack_featured_media_url":"https:\/\/www.sonoraenequipo.com.mx\/storage\/2025\/02\/escuelas-privadas-min-1.jpg","_links":{"self":[{"href":"https:\/\/www.sonoraenequipo.com.mx\/api\/wp\/v2\/posts\/209001","targetHints":{"allow":["GET"]}}],"collection":[{"href":"https:\/\/www.sonoraenequipo.com.mx\/api\/wp\/v2\/posts"}],"about":[{"href":"https:\/\/www.sonoraenequipo.com.mx\/api\/wp\/v2\/types\/post"}],"author":[{"embeddable":true,"href":"https:\/\/www.sonoraenequipo.com.mx\/api\/wp\/v2\/users\/1"}],"replies":[{"embeddable":true,"href":"https:\/\/www.sonoraenequipo.com.mx\/api\/wp\/v2\/comments?post=209001"}],"version-history":[{"count":1,"href":"https:\/\/www.sonoraenequipo.com.mx\/api\/wp\/v2\/posts\/209001\/revisions"}],"predecessor-version":[{"id":209004,"href":"https:\/\/www.sonoraenequipo.com.mx\/api\/wp\/v2\/posts\/209001\/revisions\/209004"}],"wp:featuredmedia":[{"embeddable":true,"href":"https:\/\/www.sonoraenequipo.com.mx\/api\/wp\/v2\/media\/209002"}],"wp:attachment":[{"href":"https:\/\/www.sonoraenequipo.com.mx\/api\/wp\/v2\/media?parent=209001"}],"wp:term":[{"taxonomy":"category","embeddable":true,"href":"https:\/\/www.sonoraenequipo.com.mx\/api\/wp\/v2\/categories?post=209001"},{"taxonomy":"post_tag","embeddable":true,"href":"https:\/\/www.sonoraenequipo.com.mx\/api\/wp\/v2\/tags?post=209001"}],"curies":[{"name":"wp","href":"https:\/\/api.w.org\/{rel}","templated":true}]}}