{"id":209229,"date":"2025-02-08T11:24:46","date_gmt":"2025-02-08T18:24:46","guid":{"rendered":"https:\/\/www.sonoraenequipo.com.mx\/?p=209229"},"modified":"2025-02-08T11:24:46","modified_gmt":"2025-02-08T18:24:46","slug":"republica-dominicana-es-el-campeon-de-la-serie-del-caribe-mexicali-2025","status":"publish","type":"post","link":"https:\/\/www.sonoraenequipo.com.mx\/republica-dominicana-es-el-campeon-de-la-serie-del-caribe-mexicali-2025\/","title":{"rendered":"Rep\u00fablica Dominicana es el Campe\u00f3n de la Serie del Caribe Mexicali 2025"},"content":{"rendered":"<p><strong>MEXICALI, BAJA CALIFORNIA, MX.<\/strong><strong> \u0336 \u0336\u00a0 <\/strong>Con una soberbia labor monticular, encabezada por Esmil Rogers, Leones del Escogido de la Rep\u00fablica Dominicana super\u00f3 a Charros de Jalisco de M\u00e9xico 1 carrera por 0 en el juego final de la Serie del Caribe Mexicali 2025 que finaliz\u00f3 en esta ciudad del Estado de Baja California, M\u00e9xico y de esa manera levant\u00f3 su quinta corona de \u00e9stos cl\u00e1sicos.<\/p>\n<p>&nbsp;<\/p>\n<p>El dominicano de 39 a\u00f1os Esmil Rogers, quien ya fue Campe\u00f3n con Tigres del Licey en Caracas \u2013 La Guaira 2023 se anot\u00f3 la mejor labor para un pitcher abridor en un partido final en los \u00faltimos a\u00f1os al cubrir una ruta de 6.0 entradas, sin carreras, solamente 1 hit, 4 ponches y 4 boletos. En su relevo vino un bullpen integrado por Joe Corbett (1.0), Ulises Joaquin (1.0) y el salvador Jimmy Cordero quienes no le permitieron hit a la ofensiva rival.<\/p>\n<p>&nbsp;<\/p>\n<p>En lo que fue la primera corona de la Serie del Caribe para el debutante dirigente Albert Pujols, la decisi\u00f3n vino en la tercera entrada frente al abridor Manny Ba\u00f1uelos (0-1) cuando Junior Lake entr\u00f3 en circulaci\u00f3n por boleto, lleg\u00f3 a segunda por base robada y avanz\u00f3 a tercera por wild pitch; S\u00f3crates Brito negoci\u00f3 la transferencia y se rob\u00f3 la segunda para igualar el r\u00e9cord hist\u00f3rico de 6. Con la primera desocupada Yamaico Navarro tambi\u00e9n recibi\u00f3 base por bolas y aunque Robinson Can\u00f3 bate\u00f3 para doble play, Junior Lake anot\u00f3 la carrera que a la postre decidi\u00f3 el Campeonato.<\/p>\n<p>&nbsp;<\/p>\n<p>El abridor por M\u00e9xico fue Manny Ba\u00f1uelos (0-1) quien salt\u00f3 del mont\u00edculo despu\u00e9s de trabajar 4 innings completos con 1 carrera, 3 hits, 2 ponches y 2 boletos. Detr\u00e1s de \u00e9l vinieron David Guti\u00e9rrez quien lanz\u00f3 2 completos, Jes\u00fas Cruz (2.0) y Stephen Nogosek (1.0), un tr\u00edo que tampoco permiti\u00f3 hit a los bateadores quisqueyanos.<\/p>\n<p>&nbsp;<\/p>\n<p>Las 23 coronas de Rep\u00fablica Dominica se las reparten Tigres del Licey (11), Aguilas Cibae\u00f1as (6), Leones del Escogido (5) y Toros del Este (1).<\/p>\n<p>&nbsp;<\/p>\n<p>Los campeonatos anteriores de Leones del Escogido llegaron en Santo Domingo 1988 bajo la direcci\u00f3n de Phil Reagan; Miami 1990 (Felipe Rojas Alou); Isla Margarita 2010 (Ken Oberkfell) y Santo Domingo 2012 (Ken Oberkfell).<\/p>\n<p><strong>Fecha de publicaci\u00f3n s\u00e1bado 8 de febrero de 2025 \/ LMP<\/strong><\/p>\n","protected":false},"excerpt":{"rendered":"<p>MEXICALI, BAJA CALIFORNIA, MX. \u0336 \u0336\u00a0 Con una soberbia labor monticular, encabezada por Esmil Rogers,&#8230;<\/p>\n","protected":false},"author":1,"featured_media":209230,"comment_status":"open","ping_status":"open","sticky":false,"template":"","format":"standard","meta":{"_monsterinsights_skip_tracking":false,"_monsterinsights_sitenote_active":false,"_monsterinsights_sitenote_note":"","_monsterinsights_sitenote_category":0,"footnotes":""},"categories":[10],"tags":[10821],"class_list":["post"],"yoast_head":" \n<title>Sonora en Equipo. Rep\u00fablica Dominicana es el Campe\u00f3n de la Serie del Caribe Mexicali 2025 Deportes<\/title>\n<meta name=\"description\" content=\"MEXICALI, BAJA CALIFORNIA, MX. \u0336 \u0336\u00a0 Con una soberbia labor monticular, encabezada por Esmil Rogers, Leones del Escogido de la Rep\u00fablica Dominicana super\u00f3 En Sonora en Equipo publicamos toda la informaci\u00f3n de Sonora, M\u00e9xico y el Mundo de manera oportuna y busca que la libertad de expresi\u00f3n sea real. Visita nuestro medio informativo publicado desde Hermosillo, Sonora. %\" \/>\n<meta name=\"robots\" content=\"index, follow, max-snippet:-1, max-image-preview:large, max-video-preview:-1\" \/>\n<link rel=\"canonical\" href=\"https:\/\/www.sonoraenequipo.com.mx\/republica-dominicana-es-el-campeon-de-la-serie-del-caribe-mexicali-2025\/\" \/>\n<meta property=\"og:locale\" content=\"es_ES\" \/>\n<meta property=\"og:type\" content=\"article\" \/>\n<meta property=\"og:title\" content=\"Sonora en Equipo. Rep\u00fablica Dominicana es el Campe\u00f3n de la Serie del Caribe Mexicali 2025 Deportes\" \/>\n<meta property=\"og:description\" content=\"MEXICALI, BAJA CALIFORNIA, MX. \u0336 \u0336\u00a0 Con una soberbia labor monticular, encabezada por Esmil Rogers, Leones del Escogido de la Rep\u00fablica Dominicana super\u00f3 En Sonora en Equipo publicamos toda la informaci\u00f3n de Sonora, M\u00e9xico y el Mundo de manera oportuna y busca que la libertad de expresi\u00f3n sea real. Visita nuestro medio informativo publicado desde Hermosillo, Sonora. %\" \/>\n<meta property=\"og:url\" content=\"https:\/\/www.sonoraenequipo.com.mx\/republica-dominicana-es-el-campeon-de-la-serie-del-caribe-mexicali-2025\/\" \/>\n<meta property=\"og:site_name\" content=\"Sonora en Equipo.\" \/>\n<meta property=\"article:publisher\" content=\"https:\/\/www.facebook.com\/SonoraEE\/\" \/>\n<meta property=\"article:author\" content=\"https:\/\/www.facebook.com\/SonoraEE\" \/>\n<meta property=\"article:published_time\" content=\"2025-02-08T18:24:46+00:00\" \/>\n<meta property=\"og:image\" content=\"https:\/\/www.sonoraenequipo.com.mx\/storage\/2025\/02\/dominicana.jpg\" \/>\n\t<meta property=\"og:image:width\" content=\"600\" \/>\n\t<meta property=\"og:image:height\" content=\"400\" \/>\n\t<meta property=\"og:image:type\" content=\"image\/jpeg\" \/>\n<meta name=\"author\" content=\"enequipo\" \/>\n<meta name=\"twitter:card\" content=\"summary_large_image\" \/>\n<meta name=\"twitter:creator\" content=\"@sonoraenequipo\" \/>\n<meta name=\"twitter:site\" content=\"@sonoraenequipo\" \/>\n<meta name=\"twitter:label1\" content=\"Escrito por\" \/>\n\t<meta name=\"twitter:data1\" content=\"enequipo\" \/>\n\t<meta name=\"twitter:label2\" content=\"Tiempo de lectura\" \/>\n\t<meta name=\"twitter:data2\" content=\"2 minutos\" \/>\n<script type=\"application\/ld+json\" class=\"yoast-schema-graph\">{\"@context\":\"https:\/\/schema.org\",\"@graph\":[{\"@type\":\"Article\",\"@id\":\"https:\/\/www.sonoraenequipo.com.mx\/republica-dominicana-es-el-campeon-de-la-serie-del-caribe-mexicali-2025\/#article\",\"isPartOf\":{\"@id\":\"https:\/\/www.sonoraenequipo.com.mx\/republica-dominicana-es-el-campeon-de-la-serie-del-caribe-mexicali-2025\/\"},\"author\":{\"name\":\"enequipo\",\"@id\":\"https:\/\/www.sonoraenequipo.com.mx\/#\/schema\/person\/50102df0fb23a8fa9e8effad8fa81386\"},\"headline\":\"Rep\u00fablica Dominicana es el Campe\u00f3n de la Serie del Caribe Mexicali 2025\",\"datePublished\":\"2025-02-08T18:24:46+00:00\",\"mainEntityOfPage\":{\"@id\":\"https:\/\/www.sonoraenequipo.com.mx\/republica-dominicana-es-el-campeon-de-la-serie-del-caribe-mexicali-2025\/\"},\"wordCount\":384,\"commentCount\":0,\"publisher\":{\"@id\":\"https:\/\/www.sonoraenequipo.com.mx\/#organization\"},\"image\":{\"@id\":\"https:\/\/www.sonoraenequipo.com.mx\/republica-dominicana-es-el-campeon-de-la-serie-del-caribe-mexicali-2025\/#primaryimage\"},\"thumbnailUrl\":\"https:\/\/www.sonoraenequipo.com.mx\/storage\/2025\/02\/dominicana.jpg\",\"keywords\":[\"serie caribe 2025\"],\"articleSection\":[\"Deportes\"],\"inLanguage\":\"es\",\"potentialAction\":[{\"@type\":\"CommentAction\",\"name\":\"Comment\",\"target\":[\"https:\/\/www.sonoraenequipo.com.mx\/republica-dominicana-es-el-campeon-de-la-serie-del-caribe-mexicali-2025\/#respond\"]}]},{\"@type\":\"WebPage\",\"@id\":\"https:\/\/www.sonoraenequipo.com.mx\/republica-dominicana-es-el-campeon-de-la-serie-del-caribe-mexicali-2025\/\",\"url\":\"https:\/\/www.sonoraenequipo.com.mx\/republica-dominicana-es-el-campeon-de-la-serie-del-caribe-mexicali-2025\/\",\"name\":\"Sonora en Equipo. Rep\u00fablica Dominicana es el Campe\u00f3n de la Serie del Caribe Mexicali 2025 Deportes\",\"isPartOf\":{\"@id\":\"https:\/\/www.sonoraenequipo.com.mx\/#website\"},\"primaryImageOfPage\":{\"@id\":\"https:\/\/www.sonoraenequipo.com.mx\/republica-dominicana-es-el-campeon-de-la-serie-del-caribe-mexicali-2025\/#primaryimage\"},\"image\":{\"@id\":\"https:\/\/www.sonoraenequipo.com.mx\/republica-dominicana-es-el-campeon-de-la-serie-del-caribe-mexicali-2025\/#primaryimage\"},\"thumbnailUrl\":\"https:\/\/www.sonoraenequipo.com.mx\/storage\/2025\/02\/dominicana.jpg\",\"datePublished\":\"2025-02-08T18:24:46+00:00\",\"description\":\"MEXICALI, BAJA CALIFORNIA, MX. \u0336 \u0336\u00a0 Con una soberbia labor monticular, encabezada por Esmil Rogers, Leones del Escogido de la Rep\u00fablica Dominicana super\u00f3 En Sonora en Equipo publicamos toda la informaci\u00f3n de Sonora, M\u00e9xico y el Mundo de manera oportuna y busca que la libertad de expresi\u00f3n sea real. Visita nuestro medio informativo publicado desde Hermosillo, Sonora. %\",\"breadcrumb\":{\"@id\":\"https:\/\/www.sonoraenequipo.com.mx\/republica-dominicana-es-el-campeon-de-la-serie-del-caribe-mexicali-2025\/#breadcrumb\"},\"inLanguage\":\"es\",\"potentialAction\":[{\"@type\":\"ReadAction\",\"target\":[\"https:\/\/www.sonoraenequipo.com.mx\/republica-dominicana-es-el-campeon-de-la-serie-del-caribe-mexicali-2025\/\"]}]},{\"@type\":\"ImageObject\",\"inLanguage\":\"es\",\"@id\":\"https:\/\/www.sonoraenequipo.com.mx\/republica-dominicana-es-el-campeon-de-la-serie-del-caribe-mexicali-2025\/#primaryimage\",\"url\":\"https:\/\/www.sonoraenequipo.com.mx\/storage\/2025\/02\/dominicana.jpg\",\"contentUrl\":\"https:\/\/www.sonoraenequipo.com.mx\/storage\/2025\/02\/dominicana.jpg\",\"width\":600,\"height\":400},{\"@type\":\"BreadcrumbList\",\"@id\":\"https:\/\/www.sonoraenequipo.com.mx\/republica-dominicana-es-el-campeon-de-la-serie-del-caribe-mexicali-2025\/#breadcrumb\",\"itemListElement\":[{\"@type\":\"ListItem\",\"position\":1,\"name\":\"Portada\",\"item\":\"https:\/\/www.sonoraenequipo.com.mx\/\"},{\"@type\":\"ListItem\",\"position\":2,\"name\":\"Rep\u00fablica Dominicana es el Campe\u00f3n de la Serie del Caribe Mexicali 2025\"}]},{\"@type\":\"WebSite\",\"@id\":\"https:\/\/www.sonoraenequipo.com.mx\/#website\",\"url\":\"https:\/\/www.sonoraenequipo.com.mx\/\",\"name\":\"Sonora en Equipo.\",\"description\":\"Diario en l\u00ednea con Noticias desde Hermosillo, Sonora\",\"publisher\":{\"@id\":\"https:\/\/www.sonoraenequipo.com.mx\/#organization\"},\"potentialAction\":[{\"@type\":\"SearchAction\",\"target\":{\"@type\":\"EntryPoint\",\"urlTemplate\":\"https:\/\/www.sonoraenequipo.com.mx\/?s={search_term_string}\"},\"query-input\":{\"@type\":\"PropertyValueSpecification\",\"valueRequired\":true,\"valueName\":\"search_term_string\"}}],\"inLanguage\":\"es\"},{\"@type\":\"Organization\",\"@id\":\"https:\/\/www.sonoraenequipo.com.mx\/#organization\",\"name\":\"Sonoraenequipo.com.mx\",\"url\":\"https:\/\/www.sonoraenequipo.com.mx\/\",\"logo\":{\"@type\":\"ImageObject\",\"inLanguage\":\"es\",\"@id\":\"https:\/\/www.sonoraenequipo.com.mx\/#\/schema\/logo\/image\/\",\"url\":\"https:\/\/www.sonoraenequipo.com.mx\/storage\/2019\/01\/sonoraenequipo_opt.png\",\"contentUrl\":\"https:\/\/www.sonoraenequipo.com.mx\/storage\/2019\/01\/sonoraenequipo_opt.png\",\"width\":375,\"height\":125,\"caption\":\"Sonoraenequipo.com.mx\"},\"image\":{\"@id\":\"https:\/\/www.sonoraenequipo.com.mx\/#\/schema\/logo\/image\/\"},\"sameAs\":[\"https:\/\/www.facebook.com\/SonoraEE\/\",\"https:\/\/x.com\/sonoraenequipo\",\"https:\/\/www.youtube.com\/channel\/UC338nW-lPEYmJQs4ZABQ1SQ\"]},{\"@type\":\"Person\",\"@id\":\"https:\/\/www.sonoraenequipo.com.mx\/#\/schema\/person\/50102df0fb23a8fa9e8effad8fa81386\",\"name\":\"enequipo\",\"image\":{\"@type\":\"ImageObject\",\"inLanguage\":\"es\",\"@id\":\"https:\/\/www.sonoraenequipo.com.mx\/#\/schema\/person\/image\/\",\"url\":\"https:\/\/secure.gravatar.com\/avatar\/049821681b589dabc0bc20695993ccebb09f5b5d4d790cd9251b97faac7c652b?s=96&d=blank&r=g\",\"contentUrl\":\"https:\/\/secure.gravatar.com\/avatar\/049821681b589dabc0bc20695993ccebb09f5b5d4d790cd9251b97faac7c652b?s=96&d=blank&r=g\",\"caption\":\"enequipo\"},\"sameAs\":[\"https:\/\/www.facebook.com\/SonoraEE\"]}]}<\/script>\n ","yoast_head_json":{"title":"Sonora en Equipo. Rep\u00fablica Dominicana es el Campe\u00f3n de la Serie del Caribe Mexicali 2025 Deportes","description":"MEXICALI, BAJA CALIFORNIA, MX. \u0336 \u0336\u00a0 Con una soberbia labor monticular, encabezada por Esmil Rogers, Leones del Escogido de la Rep\u00fablica Dominicana super\u00f3 En Sonora en Equipo publicamos toda la informaci\u00f3n de Sonora, M\u00e9xico y el Mundo de manera oportuna y busca que la libertad de expresi\u00f3n sea real. Visita nuestro medio informativo publicado desde Hermosillo, Sonora. %","robots":{"index":"index","follow":"follow","max-snippet":"max-snippet:-1","max-image-preview":"max-image-preview:large","max-video-preview":"max-video-preview:-1"},"canonical":"https:\/\/www.sonoraenequipo.com.mx\/republica-dominicana-es-el-campeon-de-la-serie-del-caribe-mexicali-2025\/","og_locale":"es_ES","og_type":"article","og_title":"Sonora en Equipo. Rep\u00fablica Dominicana es el Campe\u00f3n de la Serie del Caribe Mexicali 2025 Deportes","og_description":"MEXICALI, BAJA CALIFORNIA, MX. \u0336 \u0336\u00a0 Con una soberbia labor monticular, encabezada por Esmil Rogers, Leones del Escogido de la Rep\u00fablica Dominicana super\u00f3 En Sonora en Equipo publicamos toda la informaci\u00f3n de Sonora, M\u00e9xico y el Mundo de manera oportuna y busca que la libertad de expresi\u00f3n sea real. Visita nuestro medio informativo publicado desde Hermosillo, Sonora. %","og_url":"https:\/\/www.sonoraenequipo.com.mx\/republica-dominicana-es-el-campeon-de-la-serie-del-caribe-mexicali-2025\/","og_site_name":"Sonora en Equipo.","article_publisher":"https:\/\/www.facebook.com\/SonoraEE\/","article_author":"https:\/\/www.facebook.com\/SonoraEE","article_published_time":"2025-02-08T18:24:46+00:00","og_image":[{"width":600,"height":400,"url":"https:\/\/www.sonoraenequipo.com.mx\/storage\/2025\/02\/dominicana.jpg","type":"image\/jpeg"}],"author":"enequipo","twitter_card":"summary_large_image","twitter_creator":"@sonoraenequipo","twitter_site":"@sonoraenequipo","twitter_misc":{"Escrito por":"enequipo","Tiempo de lectura":"2 minutos"},"schema":{"@context":"https:\/\/schema.org","@graph":[{"@type":"Article","@id":"https:\/\/www.sonoraenequipo.com.mx\/republica-dominicana-es-el-campeon-de-la-serie-del-caribe-mexicali-2025\/#article","isPartOf":{"@id":"https:\/\/www.sonoraenequipo.com.mx\/republica-dominicana-es-el-campeon-de-la-serie-del-caribe-mexicali-2025\/"},"author":{"name":"enequipo","@id":"https:\/\/www.sonoraenequipo.com.mx\/#\/schema\/person\/50102df0fb23a8fa9e8effad8fa81386"},"headline":"Rep\u00fablica Dominicana es el Campe\u00f3n de la Serie del Caribe Mexicali 2025","datePublished":"2025-02-08T18:24:46+00:00","mainEntityOfPage":{"@id":"https:\/\/www.sonoraenequipo.com.mx\/republica-dominicana-es-el-campeon-de-la-serie-del-caribe-mexicali-2025\/"},"wordCount":384,"commentCount":0,"publisher":{"@id":"https:\/\/www.sonoraenequipo.com.mx\/#organization"},"image":{"@id":"https:\/\/www.sonoraenequipo.com.mx\/republica-dominicana-es-el-campeon-de-la-serie-del-caribe-mexicali-2025\/#primaryimage"},"thumbnailUrl":"https:\/\/www.sonoraenequipo.com.mx\/storage\/2025\/02\/dominicana.jpg","keywords":["serie caribe 2025"],"articleSection":["Deportes"],"inLanguage":"es","potentialAction":[{"@type":"CommentAction","name":"Comment","target":["https:\/\/www.sonoraenequipo.com.mx\/republica-dominicana-es-el-campeon-de-la-serie-del-caribe-mexicali-2025\/#respond"]}]},{"@type":"WebPage","@id":"https:\/\/www.sonoraenequipo.com.mx\/republica-dominicana-es-el-campeon-de-la-serie-del-caribe-mexicali-2025\/","url":"https:\/\/www.sonoraenequipo.com.mx\/republica-dominicana-es-el-campeon-de-la-serie-del-caribe-mexicali-2025\/","name":"Sonora en Equipo. Rep\u00fablica Dominicana es el Campe\u00f3n de la Serie del Caribe Mexicali 2025 Deportes","isPartOf":{"@id":"https:\/\/www.sonoraenequipo.com.mx\/#website"},"primaryImageOfPage":{"@id":"https:\/\/www.sonoraenequipo.com.mx\/republica-dominicana-es-el-campeon-de-la-serie-del-caribe-mexicali-2025\/#primaryimage"},"image":{"@id":"https:\/\/www.sonoraenequipo.com.mx\/republica-dominicana-es-el-campeon-de-la-serie-del-caribe-mexicali-2025\/#primaryimage"},"thumbnailUrl":"https:\/\/www.sonoraenequipo.com.mx\/storage\/2025\/02\/dominicana.jpg","datePublished":"2025-02-08T18:24:46+00:00","description":"MEXICALI, BAJA CALIFORNIA, MX. \u0336 \u0336\u00a0 Con una soberbia labor monticular, encabezada por Esmil Rogers, Leones del Escogido de la Rep\u00fablica Dominicana super\u00f3 En Sonora en Equipo publicamos toda la informaci\u00f3n de Sonora, M\u00e9xico y el Mundo de manera oportuna y busca que la libertad de expresi\u00f3n sea real. Visita nuestro medio informativo publicado desde Hermosillo, Sonora. %","breadcrumb":{"@id":"https:\/\/www.sonoraenequipo.com.mx\/republica-dominicana-es-el-campeon-de-la-serie-del-caribe-mexicali-2025\/#breadcrumb"},"inLanguage":"es","potentialAction":[{"@type":"ReadAction","target":["https:\/\/www.sonoraenequipo.com.mx\/republica-dominicana-es-el-campeon-de-la-serie-del-caribe-mexicali-2025\/"]}]},{"@type":"ImageObject","inLanguage":"es","@id":"https:\/\/www.sonoraenequipo.com.mx\/republica-dominicana-es-el-campeon-de-la-serie-del-caribe-mexicali-2025\/#primaryimage","url":"https:\/\/www.sonoraenequipo.com.mx\/storage\/2025\/02\/dominicana.jpg","contentUrl":"https:\/\/www.sonoraenequipo.com.mx\/storage\/2025\/02\/dominicana.jpg","width":600,"height":400},{"@type":"BreadcrumbList","@id":"https:\/\/www.sonoraenequipo.com.mx\/republica-dominicana-es-el-campeon-de-la-serie-del-caribe-mexicali-2025\/#breadcrumb","itemListElement":[{"@type":"ListItem","position":1,"name":"Portada","item":"https:\/\/www.sonoraenequipo.com.mx\/"},{"@type":"ListItem","position":2,"name":"Rep\u00fablica Dominicana es el Campe\u00f3n de la Serie del Caribe Mexicali 2025"}]},{"@type":"WebSite","@id":"https:\/\/www.sonoraenequipo.com.mx\/#website","url":"https:\/\/www.sonoraenequipo.com.mx\/","name":"Sonora en Equipo.","description":"Diario en l\u00ednea con Noticias desde Hermosillo, Sonora","publisher":{"@id":"https:\/\/www.sonoraenequipo.com.mx\/#organization"},"potentialAction":[{"@type":"SearchAction","target":{"@type":"EntryPoint","urlTemplate":"https:\/\/www.sonoraenequipo.com.mx\/?s={search_term_string}"},"query-input":{"@type":"PropertyValueSpecification","valueRequired":true,"valueName":"search_term_string"}}],"inLanguage":"es"},{"@type":"Organization","@id":"https:\/\/www.sonoraenequipo.com.mx\/#organization","name":"Sonoraenequipo.com.mx","url":"https:\/\/www.sonoraenequipo.com.mx\/","logo":{"@type":"ImageObject","inLanguage":"es","@id":"https:\/\/www.sonoraenequipo.com.mx\/#\/schema\/logo\/image\/","url":"https:\/\/www.sonoraenequipo.com.mx\/storage\/2019\/01\/sonoraenequipo_opt.png","contentUrl":"https:\/\/www.sonoraenequipo.com.mx\/storage\/2019\/01\/sonoraenequipo_opt.png","width":375,"height":125,"caption":"Sonoraenequipo.com.mx"},"image":{"@id":"https:\/\/www.sonoraenequipo.com.mx\/#\/schema\/logo\/image\/"},"sameAs":["https:\/\/www.facebook.com\/SonoraEE\/","https:\/\/x.com\/sonoraenequipo","https:\/\/www.youtube.com\/channel\/UC338nW-lPEYmJQs4ZABQ1SQ"]},{"@type":"Person","@id":"https:\/\/www.sonoraenequipo.com.mx\/#\/schema\/person\/50102df0fb23a8fa9e8effad8fa81386","name":"enequipo","image":{"@type":"ImageObject","inLanguage":"es","@id":"https:\/\/www.sonoraenequipo.com.mx\/#\/schema\/person\/image\/","url":"https:\/\/secure.gravatar.com\/avatar\/049821681b589dabc0bc20695993ccebb09f5b5d4d790cd9251b97faac7c652b?s=96&d=blank&r=g","contentUrl":"https:\/\/secure.gravatar.com\/avatar\/049821681b589dabc0bc20695993ccebb09f5b5d4d790cd9251b97faac7c652b?s=96&d=blank&r=g","caption":"enequipo"},"sameAs":["https:\/\/www.facebook.com\/SonoraEE"]}]}},"jetpack_featured_media_url":"https:\/\/www.sonoraenequipo.com.mx\/storage\/2025\/02\/dominicana.jpg","_links":{"self":[{"href":"https:\/\/www.sonoraenequipo.com.mx\/api\/wp\/v2\/posts\/209229","targetHints":{"allow":["GET"]}}],"collection":[{"href":"https:\/\/www.sonoraenequipo.com.mx\/api\/wp\/v2\/posts"}],"about":[{"href":"https:\/\/www.sonoraenequipo.com.mx\/api\/wp\/v2\/types\/post"}],"author":[{"embeddable":true,"href":"https:\/\/www.sonoraenequipo.com.mx\/api\/wp\/v2\/users\/1"}],"replies":[{"embeddable":true,"href":"https:\/\/www.sonoraenequipo.com.mx\/api\/wp\/v2\/comments?post=209229"}],"version-history":[{"count":1,"href":"https:\/\/www.sonoraenequipo.com.mx\/api\/wp\/v2\/posts\/209229\/revisions"}],"predecessor-version":[{"id":209231,"href":"https:\/\/www.sonoraenequipo.com.mx\/api\/wp\/v2\/posts\/209229\/revisions\/209231"}],"wp:featuredmedia":[{"embeddable":true,"href":"https:\/\/www.sonoraenequipo.com.mx\/api\/wp\/v2\/media\/209230"}],"wp:attachment":[{"href":"https:\/\/www.sonoraenequipo.com.mx\/api\/wp\/v2\/media?parent=209229"}],"wp:term":[{"taxonomy":"category","embeddable":true,"href":"https:\/\/www.sonoraenequipo.com.mx\/api\/wp\/v2\/categories?post=209229"},{"taxonomy":"post_tag","embeddable":true,"href":"https:\/\/www.sonoraenequipo.com.mx\/api\/wp\/v2\/tags?post=209229"}],"curies":[{"name":"wp","href":"https:\/\/api.w.org\/{rel}","templated":true}]}}