{"id":209240,"date":"2025-02-08T14:09:14","date_gmt":"2025-02-08T21:09:14","guid":{"rendered":"https:\/\/www.sonoraenequipo.com.mx\/?p=209240"},"modified":"2025-02-08T14:09:14","modified_gmt":"2025-02-08T21:09:14","slug":"en-marzo-iniciara-programa-cosechando-soberania-en-michoacananuncia-presidenta-shainbaum","status":"publish","type":"post","link":"https:\/\/www.sonoraenequipo.com.mx\/en-marzo-iniciara-programa-cosechando-soberania-en-michoacananuncia-presidenta-shainbaum\/","title":{"rendered":"En marzo iniciar\u00e1 programa cosechando soberan\u00eda en Michoac\u00e1n,anuncia presidenta Shainbaum"},"content":{"rendered":"<p><strong>CUITZEO, MICHOAC\u00c1N,MX.&#8211;<\/strong> En el municipio de Cuitzeo, la Presidenta de M\u00e9xico, Claudia Sheinbaum Pardo, anunci\u00f3 que en marzo iniciar\u00e1 el programa Cosechando Soberan\u00eda en Michoac\u00e1n, a trav\u00e9s del cual productores y productoras podr\u00e1n acceder a cr\u00e9ditos con bajas tasas de inter\u00e9s, entre otros beneficios.<\/p>\n<p>&nbsp;<\/p>\n<p>\u201cVa a haber cr\u00e9ditos a baja tasa de inter\u00e9s con coberturas para los peque\u00f1os productores y medianos productores, para que puedan adquirir ese cr\u00e9dito, que tenga su cobertura por si hay sequ\u00eda o alg\u00fan otro problema que tengan, y que puedan adquirir desde semilla hasta peque\u00f1as m\u00e1quinas, hasta algunas otras acciones que permitan mayor producci\u00f3n\u201d.<\/p>\n<p>&nbsp;<\/p>\n<p>&nbsp;<\/p>\n<p>As\u00ed lo inform\u00f3 durante el arranque del programa de Fertilizantes para el Bienestar que en 2025 otorgar\u00e1 en Michoac\u00e1n 40 mil 435 toneladas a 74 mil 252 productores y productoras de peque\u00f1a escala y con ello cubrir 135 hect\u00e1reas (ha) para garantizar la soberan\u00eda alimentaria en M\u00e9xico y lo cual es posible gracias a que con la llegada de la Cuarta Transformaci\u00f3n, Petr\u00f3leos Mexicanos (Pemex) retom\u00f3 la producci\u00f3n de fertilizantes para entregarlos de manera gratuita a las y los campesinos.<\/p>\n<p>&nbsp;<\/p>\n<p>Precis\u00f3 que para la implementaci\u00f3n del programa Cosechando Soberan\u00eda en Michoac\u00e1n, el secretario de Agricultura y Desarrollo Rural, Julio Berdegu\u00e9 Sacrist\u00e1n; el subsecretario Leonel Cota Monta\u00f1o; y la coordinadora general de Bienestar para el Campo, Columba Jazm\u00edn L\u00f3pez Guti\u00e9rrez, realizar\u00e1n una asamblea para explicar a detalle este nuevo apoyo.<\/p>\n<p>&nbsp;<\/p>\n<p>\u201cLa tasa de inter\u00e9s para el campo est\u00e1 en 18 por ciento, es much\u00edsimo, y hemos estado trabajando con Banco de M\u00e9xico, con Secretar\u00eda de Hacienda, para que esa tasa baje a un nivel adecuado para que pueda ayudarles a las y a los campesinos de nuestro pa\u00eds\u201d, agreg\u00f3.<\/p>\n<p>&nbsp;<\/p>\n<p>Record\u00f3 que el Gobierno de M\u00e9xico tiene otros programas de apoyo al campo como los Precios de Garant\u00eda; Producci\u00f3n para el Bienestar, as\u00ed como la creaci\u00f3n del organismo Alimentaci\u00f3n para el Bienestar, que surge de la fusi\u00f3n de Seguridad Alimentaria Mexicana (Segalmex) y Diconsa, la cual se encargar\u00e1 de comprar directamente a productores del campo para garantizar un precio justo y comercializar sus productos en las Tiendas del Bienestar.<\/p>\n<p>&nbsp;<\/p>\n<p>\u201cEn la producci\u00f3n de caf\u00e9 se va a acopiar el caf\u00e9, se va a transformar y se va a producir Caf\u00e9 Soluble para el Bienestar que se va a vender en las Tiendas del Bienestar. En el caso del cacao, se va a acopiar el cacao a precios justos, se va a transformar junto con los productores y ahora se va a vender chocolate en las Tiendas del Bienestar con la marca Chocolate para el Bienestar. Y as\u00ed con la miel igual, vamos a venderla en las Tiendas del Bienestar a precios justos, pero que el productor tambi\u00e9n reciba precios justos\u201d, explic\u00f3.<\/p>\n<p>&nbsp;<\/p>\n<p>&nbsp;<\/p>\n<p>Puntualiz\u00f3 que Michoac\u00e1n es tierra de muchos mexicanos que viven en Estados Unidos, por ello refrend\u00f3 su compromiso para defenderlos. \u201cQue sepan nuestros paisanos y nuestras paisanas que estamos para ayudarles, que estamos para protegerlos, que aqu\u00ed est\u00e1 su presidenta y un pueblo entero que los quiere, que los ama y los abraza\u201d, expres\u00f3.<\/p>\n<p>&nbsp;<\/p>\n<p>Fertilizantes para el Bienestar beneficiar\u00e1 a m\u00e1s de 2 millones de campesinas y campesinos en 2025<\/p>\n<p>&nbsp;<\/p>\n<p>El secretario de Agricultura y Desarrollo Rural, Julio Berdegu\u00e9 Sacrist\u00e1n, inform\u00f3 que, en 2025, en Michoac\u00e1n se beneficiar\u00e1 a 74 mil 252 campesinos y campesinas con 40 mil 435 toneladas para poder sembrar en 135 mil hect\u00e1reas; y a nivel nacional, la meta es entregar un mill\u00f3n de toneladas de fertilizantes gratuitos para 2 millones 62 mil campesinos.<\/p>\n<p>&nbsp;<\/p>\n<p>\u201cDefiendan ese nuevo derecho que ustedes tienen usando el fertilizante para demostrar que no hay mejores productores de alimentos en el mundo que las y los campesinos mexicanos; que cuando el gobierno est\u00e1 de su lado y les da una mano, ustedes, las y los campesinos son absolutamente capaces de alimentar a todo nuestro pueblo\u201d, destac\u00f3.<\/p>\n<p>&nbsp;<\/p>\n<p>El director general de PEMEX, V\u00edctor Rodr\u00edguez Padilla, inform\u00f3 que la entrega de fertilizantes inici\u00f3 en 2019 como una prueba piloto y al d\u00eda de hoy suman 2 millones 800 mil toneladas de fertilizantes distribuidos de manera gratuita a micro y peque\u00f1os agricultores de todo el pa\u00eds.<\/p>\n<p>&nbsp;<\/p>\n<p>Destac\u00f3 que Michoac\u00e1n se sum\u00f3 oficialmente a este programa en 2024 como parte de la cobertura nacional y desde su planta en L\u00e1zaro C\u00e1rdenas, produce m\u00e1s del 30 por ciento de todo el fertilizante entregado a nivel nacional en los \u00faltimos seis a\u00f1os, que adem\u00e1s da empleo a mil 700 trabajadores y trabajadoras michoacanas.<\/p>\n<p>&nbsp;<\/p>\n<p>&nbsp;<\/p>\n<p>El gobernador de Michoac\u00e1n, Alfredo Ram\u00edrez Bedolla, afirm\u00f3 que con la entrega de estos Fertilizantes para el Bienestar se confirma que sigue en camino el segundo piso de la Cuarta Transformaci\u00f3n. El beneficiario del programa de Fertilizantes para el Bienestar, Armando Ojeda L\u00f3pez expres\u00f3 su agradecimiento por este apoyo que beneficia directamente sus ingresos y mejora su calidad de vida.<\/p>\n<p>&nbsp;<\/p>\n<p>Tambi\u00e9n acompa\u00f1aron a la Presidenta en este evento el subsecretario de Agricultura y Desarrollo Rural, Leonel Cota Monta\u00f1o; la directora general Alimentaci\u00f3n para el Bienestar, Mar\u00eda Luisa Albores Gonz\u00e1lez; el secretario t\u00e9cnico de la Presidencia de la Rep\u00fablica y coordinador general de Programas para el Bienestar, Carlos Torres Rosas; la coordinadora general de Bienestar para el Campo de la Secretar\u00eda de Agricultura y Desarrollo Rural, Columba Jazm\u00edn L\u00f3pez Guti\u00e9rrez; la presidenta municipal de Cuitzeo, Rosa Elia Mil\u00e1n Pintor; y la beneficiaria del programa de Fertilizantes para el Bienestar, Amada Hern\u00e1ndez Hern\u00e1ndez.<\/p>\n<p><strong>Fecha de publicaci\u00f3n s\u00e1bado 8 de febrero de 2025<\/strong><\/p>\n","protected":false},"excerpt":{"rendered":"<p>CUITZEO, MICHOAC\u00c1N,MX.&#8211; En el municipio de Cuitzeo, la Presidenta de M\u00e9xico, Claudia Sheinbaum Pardo, anunci\u00f3&#8230;<\/p>\n","protected":false},"author":1,"featured_media":209241,"comment_status":"open","ping_status":"open","sticky":false,"template":"","format":"standard","meta":{"_monsterinsights_skip_tracking":false,"_monsterinsights_sitenote_active":false,"_monsterinsights_sitenote_note":"","_monsterinsights_sitenote_category":0,"footnotes":""},"categories":[5],"tags":[2432,10846,10847],"class_list":["post"],"yoast_head":" \n<title>Sonora en Equipo. En marzo iniciar\u00e1 programa cosechando soberan\u00eda en Michoac\u00e1n,anuncia presidenta Shainbaum Rep\u00fablica<\/title>\n<meta name=\"description\" content=\"CUITZEO, MICHOAC\u00c1N,MX.-- En el municipio de Cuitzeo, la Presidenta de M\u00e9xico, Claudia Sheinbaum Pardo, anunci\u00f3 que en marzo iniciar\u00e1 el programa En Sonora en Equipo publicamos toda la informaci\u00f3n de Sonora, M\u00e9xico y el Mundo de manera oportuna y busca que la libertad de expresi\u00f3n sea real. Visita nuestro medio informativo publicado desde Hermosillo, Sonora. %\" \/>\n<meta name=\"robots\" content=\"index, follow, max-snippet:-1, max-image-preview:large, max-video-preview:-1\" \/>\n<link rel=\"canonical\" href=\"https:\/\/www.sonoraenequipo.com.mx\/en-marzo-iniciara-programa-cosechando-soberania-en-michoacananuncia-presidenta-shainbaum\/\" \/>\n<meta property=\"og:locale\" content=\"es_ES\" \/>\n<meta property=\"og:type\" content=\"article\" \/>\n<meta property=\"og:title\" content=\"Sonora en Equipo. En marzo iniciar\u00e1 programa cosechando soberan\u00eda en Michoac\u00e1n,anuncia presidenta Shainbaum Rep\u00fablica\" \/>\n<meta property=\"og:description\" content=\"CUITZEO, MICHOAC\u00c1N,MX.-- En el municipio de Cuitzeo, la Presidenta de M\u00e9xico, Claudia Sheinbaum Pardo, anunci\u00f3 que en marzo iniciar\u00e1 el programa En Sonora en Equipo publicamos toda la informaci\u00f3n de Sonora, M\u00e9xico y el Mundo de manera oportuna y busca que la libertad de expresi\u00f3n sea real. Visita nuestro medio informativo publicado desde Hermosillo, Sonora. %\" \/>\n<meta property=\"og:url\" content=\"https:\/\/www.sonoraenequipo.com.mx\/en-marzo-iniciara-programa-cosechando-soberania-en-michoacananuncia-presidenta-shainbaum\/\" \/>\n<meta property=\"og:site_name\" content=\"Sonora en Equipo.\" \/>\n<meta property=\"article:publisher\" content=\"https:\/\/www.facebook.com\/SonoraEE\/\" \/>\n<meta property=\"article:author\" content=\"https:\/\/www.facebook.com\/SonoraEE\" \/>\n<meta property=\"article:published_time\" content=\"2025-02-08T21:09:14+00:00\" \/>\n<meta property=\"og:image\" content=\"https:\/\/www.sonoraenequipo.com.mx\/storage\/2025\/02\/csp-granos.jpg\" \/>\n\t<meta property=\"og:image:width\" content=\"600\" \/>\n\t<meta property=\"og:image:height\" content=\"400\" \/>\n\t<meta property=\"og:image:type\" content=\"image\/jpeg\" \/>\n<meta name=\"author\" content=\"enequipo\" \/>\n<meta name=\"twitter:card\" content=\"summary_large_image\" \/>\n<meta name=\"twitter:creator\" content=\"@sonoraenequipo\" \/>\n<meta name=\"twitter:site\" content=\"@sonoraenequipo\" \/>\n<meta name=\"twitter:label1\" content=\"Escrito por\" \/>\n\t<meta name=\"twitter:data1\" content=\"enequipo\" \/>\n\t<meta name=\"twitter:label2\" content=\"Tiempo de lectura\" \/>\n\t<meta name=\"twitter:data2\" content=\"5 minutos\" \/>\n<script type=\"application\/ld+json\" class=\"yoast-schema-graph\">{\"@context\":\"https:\/\/schema.org\",\"@graph\":[{\"@type\":\"Article\",\"@id\":\"https:\/\/www.sonoraenequipo.com.mx\/en-marzo-iniciara-programa-cosechando-soberania-en-michoacananuncia-presidenta-shainbaum\/#article\",\"isPartOf\":{\"@id\":\"https:\/\/www.sonoraenequipo.com.mx\/en-marzo-iniciara-programa-cosechando-soberania-en-michoacananuncia-presidenta-shainbaum\/\"},\"author\":{\"name\":\"enequipo\",\"@id\":\"https:\/\/www.sonoraenequipo.com.mx\/#\/schema\/person\/50102df0fb23a8fa9e8effad8fa81386\"},\"headline\":\"En marzo iniciar\u00e1 programa cosechando soberan\u00eda en Michoac\u00e1n,anuncia presidenta Shainbaum\",\"datePublished\":\"2025-02-08T21:09:14+00:00\",\"mainEntityOfPage\":{\"@id\":\"https:\/\/www.sonoraenequipo.com.mx\/en-marzo-iniciara-programa-cosechando-soberania-en-michoacananuncia-presidenta-shainbaum\/\"},\"wordCount\":985,\"commentCount\":0,\"publisher\":{\"@id\":\"https:\/\/www.sonoraenequipo.com.mx\/#organization\"},\"image\":{\"@id\":\"https:\/\/www.sonoraenequipo.com.mx\/en-marzo-iniciara-programa-cosechando-soberania-en-michoacananuncia-presidenta-shainbaum\/#primaryimage\"},\"thumbnailUrl\":\"https:\/\/www.sonoraenequipo.com.mx\/storage\/2025\/02\/csp-granos.jpg\",\"keywords\":[\"Claudia Sheinbaum\",\"cosechando\",\"soberan\u00eda\"],\"articleSection\":[\"Rep\u00fablica\"],\"inLanguage\":\"es\",\"potentialAction\":[{\"@type\":\"CommentAction\",\"name\":\"Comment\",\"target\":[\"https:\/\/www.sonoraenequipo.com.mx\/en-marzo-iniciara-programa-cosechando-soberania-en-michoacananuncia-presidenta-shainbaum\/#respond\"]}]},{\"@type\":\"WebPage\",\"@id\":\"https:\/\/www.sonoraenequipo.com.mx\/en-marzo-iniciara-programa-cosechando-soberania-en-michoacananuncia-presidenta-shainbaum\/\",\"url\":\"https:\/\/www.sonoraenequipo.com.mx\/en-marzo-iniciara-programa-cosechando-soberania-en-michoacananuncia-presidenta-shainbaum\/\",\"name\":\"Sonora en Equipo. En marzo iniciar\u00e1 programa cosechando soberan\u00eda en Michoac\u00e1n,anuncia presidenta Shainbaum Rep\u00fablica\",\"isPartOf\":{\"@id\":\"https:\/\/www.sonoraenequipo.com.mx\/#website\"},\"primaryImageOfPage\":{\"@id\":\"https:\/\/www.sonoraenequipo.com.mx\/en-marzo-iniciara-programa-cosechando-soberania-en-michoacananuncia-presidenta-shainbaum\/#primaryimage\"},\"image\":{\"@id\":\"https:\/\/www.sonoraenequipo.com.mx\/en-marzo-iniciara-programa-cosechando-soberania-en-michoacananuncia-presidenta-shainbaum\/#primaryimage\"},\"thumbnailUrl\":\"https:\/\/www.sonoraenequipo.com.mx\/storage\/2025\/02\/csp-granos.jpg\",\"datePublished\":\"2025-02-08T21:09:14+00:00\",\"description\":\"CUITZEO, MICHOAC\u00c1N,MX.-- En el municipio de Cuitzeo, la Presidenta de M\u00e9xico, Claudia Sheinbaum Pardo, anunci\u00f3 que en marzo iniciar\u00e1 el programa En Sonora en Equipo publicamos toda la informaci\u00f3n de Sonora, M\u00e9xico y el Mundo de manera oportuna y busca que la libertad de expresi\u00f3n sea real. Visita nuestro medio informativo publicado desde Hermosillo, Sonora. %\",\"breadcrumb\":{\"@id\":\"https:\/\/www.sonoraenequipo.com.mx\/en-marzo-iniciara-programa-cosechando-soberania-en-michoacananuncia-presidenta-shainbaum\/#breadcrumb\"},\"inLanguage\":\"es\",\"potentialAction\":[{\"@type\":\"ReadAction\",\"target\":[\"https:\/\/www.sonoraenequipo.com.mx\/en-marzo-iniciara-programa-cosechando-soberania-en-michoacananuncia-presidenta-shainbaum\/\"]}]},{\"@type\":\"ImageObject\",\"inLanguage\":\"es\",\"@id\":\"https:\/\/www.sonoraenequipo.com.mx\/en-marzo-iniciara-programa-cosechando-soberania-en-michoacananuncia-presidenta-shainbaum\/#primaryimage\",\"url\":\"https:\/\/www.sonoraenequipo.com.mx\/storage\/2025\/02\/csp-granos.jpg\",\"contentUrl\":\"https:\/\/www.sonoraenequipo.com.mx\/storage\/2025\/02\/csp-granos.jpg\",\"width\":600,\"height\":400},{\"@type\":\"BreadcrumbList\",\"@id\":\"https:\/\/www.sonoraenequipo.com.mx\/en-marzo-iniciara-programa-cosechando-soberania-en-michoacananuncia-presidenta-shainbaum\/#breadcrumb\",\"itemListElement\":[{\"@type\":\"ListItem\",\"position\":1,\"name\":\"Portada\",\"item\":\"https:\/\/www.sonoraenequipo.com.mx\/\"},{\"@type\":\"ListItem\",\"position\":2,\"name\":\"En marzo iniciar\u00e1 programa cosechando soberan\u00eda en Michoac\u00e1n,anuncia presidenta Shainbaum\"}]},{\"@type\":\"WebSite\",\"@id\":\"https:\/\/www.sonoraenequipo.com.mx\/#website\",\"url\":\"https:\/\/www.sonoraenequipo.com.mx\/\",\"name\":\"Sonora en Equipo.\",\"description\":\"Diario en l\u00ednea con Noticias desde Hermosillo, Sonora\",\"publisher\":{\"@id\":\"https:\/\/www.sonoraenequipo.com.mx\/#organization\"},\"potentialAction\":[{\"@type\":\"SearchAction\",\"target\":{\"@type\":\"EntryPoint\",\"urlTemplate\":\"https:\/\/www.sonoraenequipo.com.mx\/?s={search_term_string}\"},\"query-input\":{\"@type\":\"PropertyValueSpecification\",\"valueRequired\":true,\"valueName\":\"search_term_string\"}}],\"inLanguage\":\"es\"},{\"@type\":\"Organization\",\"@id\":\"https:\/\/www.sonoraenequipo.com.mx\/#organization\",\"name\":\"Sonoraenequipo.com.mx\",\"url\":\"https:\/\/www.sonoraenequipo.com.mx\/\",\"logo\":{\"@type\":\"ImageObject\",\"inLanguage\":\"es\",\"@id\":\"https:\/\/www.sonoraenequipo.com.mx\/#\/schema\/logo\/image\/\",\"url\":\"https:\/\/www.sonoraenequipo.com.mx\/storage\/2019\/01\/sonoraenequipo_opt.png\",\"contentUrl\":\"https:\/\/www.sonoraenequipo.com.mx\/storage\/2019\/01\/sonoraenequipo_opt.png\",\"width\":375,\"height\":125,\"caption\":\"Sonoraenequipo.com.mx\"},\"image\":{\"@id\":\"https:\/\/www.sonoraenequipo.com.mx\/#\/schema\/logo\/image\/\"},\"sameAs\":[\"https:\/\/www.facebook.com\/SonoraEE\/\",\"https:\/\/x.com\/sonoraenequipo\",\"https:\/\/www.youtube.com\/channel\/UC338nW-lPEYmJQs4ZABQ1SQ\"]},{\"@type\":\"Person\",\"@id\":\"https:\/\/www.sonoraenequipo.com.mx\/#\/schema\/person\/50102df0fb23a8fa9e8effad8fa81386\",\"name\":\"enequipo\",\"image\":{\"@type\":\"ImageObject\",\"inLanguage\":\"es\",\"@id\":\"https:\/\/www.sonoraenequipo.com.mx\/#\/schema\/person\/image\/\",\"url\":\"https:\/\/secure.gravatar.com\/avatar\/049821681b589dabc0bc20695993ccebb09f5b5d4d790cd9251b97faac7c652b?s=96&d=blank&r=g\",\"contentUrl\":\"https:\/\/secure.gravatar.com\/avatar\/049821681b589dabc0bc20695993ccebb09f5b5d4d790cd9251b97faac7c652b?s=96&d=blank&r=g\",\"caption\":\"enequipo\"},\"sameAs\":[\"https:\/\/www.facebook.com\/SonoraEE\"]}]}<\/script>\n ","yoast_head_json":{"title":"Sonora en Equipo. En marzo iniciar\u00e1 programa cosechando soberan\u00eda en Michoac\u00e1n,anuncia presidenta Shainbaum Rep\u00fablica","description":"CUITZEO, MICHOAC\u00c1N,MX.-- En el municipio de Cuitzeo, la Presidenta de M\u00e9xico, Claudia Sheinbaum Pardo, anunci\u00f3 que en marzo iniciar\u00e1 el programa En Sonora en Equipo publicamos toda la informaci\u00f3n de Sonora, M\u00e9xico y el Mundo de manera oportuna y busca que la libertad de expresi\u00f3n sea real. Visita nuestro medio informativo publicado desde Hermosillo, Sonora. %","robots":{"index":"index","follow":"follow","max-snippet":"max-snippet:-1","max-image-preview":"max-image-preview:large","max-video-preview":"max-video-preview:-1"},"canonical":"https:\/\/www.sonoraenequipo.com.mx\/en-marzo-iniciara-programa-cosechando-soberania-en-michoacananuncia-presidenta-shainbaum\/","og_locale":"es_ES","og_type":"article","og_title":"Sonora en Equipo. En marzo iniciar\u00e1 programa cosechando soberan\u00eda en Michoac\u00e1n,anuncia presidenta Shainbaum Rep\u00fablica","og_description":"CUITZEO, MICHOAC\u00c1N,MX.-- En el municipio de Cuitzeo, la Presidenta de M\u00e9xico, Claudia Sheinbaum Pardo, anunci\u00f3 que en marzo iniciar\u00e1 el programa En Sonora en Equipo publicamos toda la informaci\u00f3n de Sonora, M\u00e9xico y el Mundo de manera oportuna y busca que la libertad de expresi\u00f3n sea real. Visita nuestro medio informativo publicado desde Hermosillo, Sonora. %","og_url":"https:\/\/www.sonoraenequipo.com.mx\/en-marzo-iniciara-programa-cosechando-soberania-en-michoacananuncia-presidenta-shainbaum\/","og_site_name":"Sonora en Equipo.","article_publisher":"https:\/\/www.facebook.com\/SonoraEE\/","article_author":"https:\/\/www.facebook.com\/SonoraEE","article_published_time":"2025-02-08T21:09:14+00:00","og_image":[{"width":600,"height":400,"url":"https:\/\/www.sonoraenequipo.com.mx\/storage\/2025\/02\/csp-granos.jpg","type":"image\/jpeg"}],"author":"enequipo","twitter_card":"summary_large_image","twitter_creator":"@sonoraenequipo","twitter_site":"@sonoraenequipo","twitter_misc":{"Escrito por":"enequipo","Tiempo de lectura":"5 minutos"},"schema":{"@context":"https:\/\/schema.org","@graph":[{"@type":"Article","@id":"https:\/\/www.sonoraenequipo.com.mx\/en-marzo-iniciara-programa-cosechando-soberania-en-michoacananuncia-presidenta-shainbaum\/#article","isPartOf":{"@id":"https:\/\/www.sonoraenequipo.com.mx\/en-marzo-iniciara-programa-cosechando-soberania-en-michoacananuncia-presidenta-shainbaum\/"},"author":{"name":"enequipo","@id":"https:\/\/www.sonoraenequipo.com.mx\/#\/schema\/person\/50102df0fb23a8fa9e8effad8fa81386"},"headline":"En marzo iniciar\u00e1 programa cosechando soberan\u00eda en Michoac\u00e1n,anuncia presidenta Shainbaum","datePublished":"2025-02-08T21:09:14+00:00","mainEntityOfPage":{"@id":"https:\/\/www.sonoraenequipo.com.mx\/en-marzo-iniciara-programa-cosechando-soberania-en-michoacananuncia-presidenta-shainbaum\/"},"wordCount":985,"commentCount":0,"publisher":{"@id":"https:\/\/www.sonoraenequipo.com.mx\/#organization"},"image":{"@id":"https:\/\/www.sonoraenequipo.com.mx\/en-marzo-iniciara-programa-cosechando-soberania-en-michoacananuncia-presidenta-shainbaum\/#primaryimage"},"thumbnailUrl":"https:\/\/www.sonoraenequipo.com.mx\/storage\/2025\/02\/csp-granos.jpg","keywords":["Claudia Sheinbaum","cosechando","soberan\u00eda"],"articleSection":["Rep\u00fablica"],"inLanguage":"es","potentialAction":[{"@type":"CommentAction","name":"Comment","target":["https:\/\/www.sonoraenequipo.com.mx\/en-marzo-iniciara-programa-cosechando-soberania-en-michoacananuncia-presidenta-shainbaum\/#respond"]}]},{"@type":"WebPage","@id":"https:\/\/www.sonoraenequipo.com.mx\/en-marzo-iniciara-programa-cosechando-soberania-en-michoacananuncia-presidenta-shainbaum\/","url":"https:\/\/www.sonoraenequipo.com.mx\/en-marzo-iniciara-programa-cosechando-soberania-en-michoacananuncia-presidenta-shainbaum\/","name":"Sonora en Equipo. En marzo iniciar\u00e1 programa cosechando soberan\u00eda en Michoac\u00e1n,anuncia presidenta Shainbaum Rep\u00fablica","isPartOf":{"@id":"https:\/\/www.sonoraenequipo.com.mx\/#website"},"primaryImageOfPage":{"@id":"https:\/\/www.sonoraenequipo.com.mx\/en-marzo-iniciara-programa-cosechando-soberania-en-michoacananuncia-presidenta-shainbaum\/#primaryimage"},"image":{"@id":"https:\/\/www.sonoraenequipo.com.mx\/en-marzo-iniciara-programa-cosechando-soberania-en-michoacananuncia-presidenta-shainbaum\/#primaryimage"},"thumbnailUrl":"https:\/\/www.sonoraenequipo.com.mx\/storage\/2025\/02\/csp-granos.jpg","datePublished":"2025-02-08T21:09:14+00:00","description":"CUITZEO, MICHOAC\u00c1N,MX.-- En el municipio de Cuitzeo, la Presidenta de M\u00e9xico, Claudia Sheinbaum Pardo, anunci\u00f3 que en marzo iniciar\u00e1 el programa En Sonora en Equipo publicamos toda la informaci\u00f3n de Sonora, M\u00e9xico y el Mundo de manera oportuna y busca que la libertad de expresi\u00f3n sea real. Visita nuestro medio informativo publicado desde Hermosillo, Sonora. %","breadcrumb":{"@id":"https:\/\/www.sonoraenequipo.com.mx\/en-marzo-iniciara-programa-cosechando-soberania-en-michoacananuncia-presidenta-shainbaum\/#breadcrumb"},"inLanguage":"es","potentialAction":[{"@type":"ReadAction","target":["https:\/\/www.sonoraenequipo.com.mx\/en-marzo-iniciara-programa-cosechando-soberania-en-michoacananuncia-presidenta-shainbaum\/"]}]},{"@type":"ImageObject","inLanguage":"es","@id":"https:\/\/www.sonoraenequipo.com.mx\/en-marzo-iniciara-programa-cosechando-soberania-en-michoacananuncia-presidenta-shainbaum\/#primaryimage","url":"https:\/\/www.sonoraenequipo.com.mx\/storage\/2025\/02\/csp-granos.jpg","contentUrl":"https:\/\/www.sonoraenequipo.com.mx\/storage\/2025\/02\/csp-granos.jpg","width":600,"height":400},{"@type":"BreadcrumbList","@id":"https:\/\/www.sonoraenequipo.com.mx\/en-marzo-iniciara-programa-cosechando-soberania-en-michoacananuncia-presidenta-shainbaum\/#breadcrumb","itemListElement":[{"@type":"ListItem","position":1,"name":"Portada","item":"https:\/\/www.sonoraenequipo.com.mx\/"},{"@type":"ListItem","position":2,"name":"En marzo iniciar\u00e1 programa cosechando soberan\u00eda en Michoac\u00e1n,anuncia presidenta Shainbaum"}]},{"@type":"WebSite","@id":"https:\/\/www.sonoraenequipo.com.mx\/#website","url":"https:\/\/www.sonoraenequipo.com.mx\/","name":"Sonora en Equipo.","description":"Diario en l\u00ednea con Noticias desde Hermosillo, Sonora","publisher":{"@id":"https:\/\/www.sonoraenequipo.com.mx\/#organization"},"potentialAction":[{"@type":"SearchAction","target":{"@type":"EntryPoint","urlTemplate":"https:\/\/www.sonoraenequipo.com.mx\/?s={search_term_string}"},"query-input":{"@type":"PropertyValueSpecification","valueRequired":true,"valueName":"search_term_string"}}],"inLanguage":"es"},{"@type":"Organization","@id":"https:\/\/www.sonoraenequipo.com.mx\/#organization","name":"Sonoraenequipo.com.mx","url":"https:\/\/www.sonoraenequipo.com.mx\/","logo":{"@type":"ImageObject","inLanguage":"es","@id":"https:\/\/www.sonoraenequipo.com.mx\/#\/schema\/logo\/image\/","url":"https:\/\/www.sonoraenequipo.com.mx\/storage\/2019\/01\/sonoraenequipo_opt.png","contentUrl":"https:\/\/www.sonoraenequipo.com.mx\/storage\/2019\/01\/sonoraenequipo_opt.png","width":375,"height":125,"caption":"Sonoraenequipo.com.mx"},"image":{"@id":"https:\/\/www.sonoraenequipo.com.mx\/#\/schema\/logo\/image\/"},"sameAs":["https:\/\/www.facebook.com\/SonoraEE\/","https:\/\/x.com\/sonoraenequipo","https:\/\/www.youtube.com\/channel\/UC338nW-lPEYmJQs4ZABQ1SQ"]},{"@type":"Person","@id":"https:\/\/www.sonoraenequipo.com.mx\/#\/schema\/person\/50102df0fb23a8fa9e8effad8fa81386","name":"enequipo","image":{"@type":"ImageObject","inLanguage":"es","@id":"https:\/\/www.sonoraenequipo.com.mx\/#\/schema\/person\/image\/","url":"https:\/\/secure.gravatar.com\/avatar\/049821681b589dabc0bc20695993ccebb09f5b5d4d790cd9251b97faac7c652b?s=96&d=blank&r=g","contentUrl":"https:\/\/secure.gravatar.com\/avatar\/049821681b589dabc0bc20695993ccebb09f5b5d4d790cd9251b97faac7c652b?s=96&d=blank&r=g","caption":"enequipo"},"sameAs":["https:\/\/www.facebook.com\/SonoraEE"]}]}},"jetpack_featured_media_url":"https:\/\/www.sonoraenequipo.com.mx\/storage\/2025\/02\/csp-granos.jpg","_links":{"self":[{"href":"https:\/\/www.sonoraenequipo.com.mx\/api\/wp\/v2\/posts\/209240","targetHints":{"allow":["GET"]}}],"collection":[{"href":"https:\/\/www.sonoraenequipo.com.mx\/api\/wp\/v2\/posts"}],"about":[{"href":"https:\/\/www.sonoraenequipo.com.mx\/api\/wp\/v2\/types\/post"}],"author":[{"embeddable":true,"href":"https:\/\/www.sonoraenequipo.com.mx\/api\/wp\/v2\/users\/1"}],"replies":[{"embeddable":true,"href":"https:\/\/www.sonoraenequipo.com.mx\/api\/wp\/v2\/comments?post=209240"}],"version-history":[{"count":1,"href":"https:\/\/www.sonoraenequipo.com.mx\/api\/wp\/v2\/posts\/209240\/revisions"}],"predecessor-version":[{"id":209242,"href":"https:\/\/www.sonoraenequipo.com.mx\/api\/wp\/v2\/posts\/209240\/revisions\/209242"}],"wp:featuredmedia":[{"embeddable":true,"href":"https:\/\/www.sonoraenequipo.com.mx\/api\/wp\/v2\/media\/209241"}],"wp:attachment":[{"href":"https:\/\/www.sonoraenequipo.com.mx\/api\/wp\/v2\/media?parent=209240"}],"wp:term":[{"taxonomy":"category","embeddable":true,"href":"https:\/\/www.sonoraenequipo.com.mx\/api\/wp\/v2\/categories?post=209240"},{"taxonomy":"post_tag","embeddable":true,"href":"https:\/\/www.sonoraenequipo.com.mx\/api\/wp\/v2\/tags?post=209240"}],"curies":[{"name":"wp","href":"https:\/\/api.w.org\/{rel}","templated":true}]}}