{"id":209259,"date":"2025-02-08T21:21:18","date_gmt":"2025-02-09T04:21:18","guid":{"rendered":"https:\/\/www.sonoraenequipo.com.mx\/?p=209259"},"modified":"2025-02-08T21:21:18","modified_gmt":"2025-02-09T04:21:18","slug":"sismo-sacudio-el-caribe-y-provoco-alerta-de-tsunami","status":"publish","type":"post","link":"https:\/\/www.sonoraenequipo.com.mx\/sismo-sacudio-el-caribe-y-provoco-alerta-de-tsunami\/","title":{"rendered":"Sismo sacudi\u00f3 el Caribe y provoc\u00f3 alerta de tsunami"},"content":{"rendered":"<p>&nbsp;<\/p>\n<p>Un terremoto de magnitud 7.6 sacudi\u00f3 el Caribe y gener\u00f3 alerta de tsunami en varios territorios, as\u00ed lo inform\u00f3 la U.S. Geological Survey (USGS, por sus siglas en ingl\u00e9s). Dicho movimiento tel\u00farico fue perceptible tambi\u00e9n en Quintana Roo, as\u00ed lo confirm\u00f3 la gobernadora del estado, Mara Lezama.<\/p>\n<p>Por su parte, el Servicio Sismol\u00f3gico Nacional (SSN) de la UNAM, comparti\u00f3 informaci\u00f3n sobre el terremoto ocurrido en el Mar Caribe; ah\u00ed, en ese enlace se direcciona a la National Oceanic and Atmospheric Administration, en donde se pueden revisar los territorios en los que hay alg\u00fan tipo de alerta.<\/p>\n<p>El movimiento se produjo a 7.6 millas de profundidad a unos 209 kil\u00f3metros al sursuroeste Islas Cayman<\/p>\n<p>Alerta de Tsunami<\/p>\n<p>De acuerdo con la National Oceanic and Atmospheric Administration (NOAA, por sus siglas en ingl\u00e9s), con corte a las 6:40 horas (tiempo de la CDMX) se emiti\u00f3 una alerta de tsunami que podr\u00eda afectar algunas zonas de los siguientes pa\u00edses:<\/p>\n<p>Puerto Rico<\/p>\n<p>Islas V\u00edrgenes<\/p>\n<p>Islas Caim\u00e1n<\/p>\n<p>Cuba<\/p>\n<p><strong>Fecha de publicaci\u00f3n s\u00e1bado 8 de febrero de 2025\/ Uno TV<\/strong><\/p>\n<p>&nbsp;<\/p>\n","protected":false},"excerpt":{"rendered":"<p>&nbsp; Un terremoto de magnitud 7.6 sacudi\u00f3 el Caribe y gener\u00f3 alerta de tsunami en&#8230;<\/p>\n","protected":false},"author":1,"featured_media":209260,"comment_status":"open","ping_status":"open","sticky":false,"template":"","format":"standard","meta":{"_monsterinsights_skip_tracking":false,"_monsterinsights_sitenote_active":false,"_monsterinsights_sitenote_note":"","_monsterinsights_sitenote_category":0,"footnotes":""},"categories":[5],"tags":[5126,2383,572,10582],"class_list":["post"],"yoast_head":" \n<title>Sonora en Equipo. Sismo sacudi\u00f3 el Caribe y provoc\u00f3 alerta de tsunami Rep\u00fablica<\/title>\n<meta name=\"description\" content=\"&nbsp; Un terremoto de magnitud 7.6 sacudi\u00f3 el Caribe y gener\u00f3 alerta de tsunami en varios territorios, as\u00ed lo inform\u00f3 la U.S. Geological Survey (USGS, En Sonora en Equipo publicamos toda la informaci\u00f3n de Sonora, M\u00e9xico y el Mundo de manera oportuna y busca que la libertad de expresi\u00f3n sea real. Visita nuestro medio informativo publicado desde Hermosillo, Sonora. %\" \/>\n<meta name=\"robots\" content=\"index, follow, max-snippet:-1, max-image-preview:large, max-video-preview:-1\" \/>\n<link rel=\"canonical\" href=\"https:\/\/www.sonoraenequipo.com.mx\/sismo-sacudio-el-caribe-y-provoco-alerta-de-tsunami\/\" \/>\n<meta property=\"og:locale\" content=\"es_ES\" \/>\n<meta property=\"og:type\" content=\"article\" \/>\n<meta property=\"og:title\" content=\"Sonora en Equipo. Sismo sacudi\u00f3 el Caribe y provoc\u00f3 alerta de tsunami Rep\u00fablica\" \/>\n<meta property=\"og:description\" content=\"&nbsp; Un terremoto de magnitud 7.6 sacudi\u00f3 el Caribe y gener\u00f3 alerta de tsunami en varios territorios, as\u00ed lo inform\u00f3 la U.S. Geological Survey (USGS, En Sonora en Equipo publicamos toda la informaci\u00f3n de Sonora, M\u00e9xico y el Mundo de manera oportuna y busca que la libertad de expresi\u00f3n sea real. Visita nuestro medio informativo publicado desde Hermosillo, Sonora. %\" \/>\n<meta property=\"og:url\" content=\"https:\/\/www.sonoraenequipo.com.mx\/sismo-sacudio-el-caribe-y-provoco-alerta-de-tsunami\/\" \/>\n<meta property=\"og:site_name\" content=\"Sonora en Equipo.\" \/>\n<meta property=\"article:publisher\" content=\"https:\/\/www.facebook.com\/SonoraEE\/\" \/>\n<meta property=\"article:author\" content=\"https:\/\/www.facebook.com\/SonoraEE\" \/>\n<meta property=\"article:published_time\" content=\"2025-02-09T04:21:18+00:00\" \/>\n<meta property=\"og:image\" content=\"https:\/\/www.sonoraenequipo.com.mx\/storage\/2025\/02\/sismo-caribe.jpg\" \/>\n\t<meta property=\"og:image:width\" content=\"600\" \/>\n\t<meta property=\"og:image:height\" content=\"367\" \/>\n\t<meta property=\"og:image:type\" content=\"image\/jpeg\" \/>\n<meta name=\"author\" content=\"enequipo\" \/>\n<meta name=\"twitter:card\" content=\"summary_large_image\" \/>\n<meta name=\"twitter:creator\" content=\"@sonoraenequipo\" \/>\n<meta name=\"twitter:site\" content=\"@sonoraenequipo\" \/>\n<meta name=\"twitter:label1\" content=\"Escrito por\" \/>\n\t<meta name=\"twitter:data1\" content=\"enequipo\" \/>\n\t<meta name=\"twitter:label2\" content=\"Tiempo de lectura\" \/>\n\t<meta name=\"twitter:data2\" content=\"1 minuto\" \/>\n<script type=\"application\/ld+json\" class=\"yoast-schema-graph\">{\"@context\":\"https:\/\/schema.org\",\"@graph\":[{\"@type\":\"Article\",\"@id\":\"https:\/\/www.sonoraenequipo.com.mx\/sismo-sacudio-el-caribe-y-provoco-alerta-de-tsunami\/#article\",\"isPartOf\":{\"@id\":\"https:\/\/www.sonoraenequipo.com.mx\/sismo-sacudio-el-caribe-y-provoco-alerta-de-tsunami\/\"},\"author\":{\"name\":\"enequipo\",\"@id\":\"https:\/\/www.sonoraenequipo.com.mx\/#\/schema\/person\/50102df0fb23a8fa9e8effad8fa81386\"},\"headline\":\"Sismo sacudi\u00f3 el Caribe y provoc\u00f3 alerta de tsunami\",\"datePublished\":\"2025-02-09T04:21:18+00:00\",\"mainEntityOfPage\":{\"@id\":\"https:\/\/www.sonoraenequipo.com.mx\/sismo-sacudio-el-caribe-y-provoco-alerta-de-tsunami\/\"},\"wordCount\":194,\"commentCount\":0,\"publisher\":{\"@id\":\"https:\/\/www.sonoraenequipo.com.mx\/#organization\"},\"image\":{\"@id\":\"https:\/\/www.sonoraenequipo.com.mx\/sismo-sacudio-el-caribe-y-provoco-alerta-de-tsunami\/#primaryimage\"},\"thumbnailUrl\":\"https:\/\/www.sonoraenequipo.com.mx\/storage\/2025\/02\/sismo-caribe.jpg\",\"keywords\":[\"Alerta\",\"Caribe\",\"SISMO\",\"tsunami\"],\"articleSection\":[\"Rep\u00fablica\"],\"inLanguage\":\"es\",\"potentialAction\":[{\"@type\":\"CommentAction\",\"name\":\"Comment\",\"target\":[\"https:\/\/www.sonoraenequipo.com.mx\/sismo-sacudio-el-caribe-y-provoco-alerta-de-tsunami\/#respond\"]}]},{\"@type\":\"WebPage\",\"@id\":\"https:\/\/www.sonoraenequipo.com.mx\/sismo-sacudio-el-caribe-y-provoco-alerta-de-tsunami\/\",\"url\":\"https:\/\/www.sonoraenequipo.com.mx\/sismo-sacudio-el-caribe-y-provoco-alerta-de-tsunami\/\",\"name\":\"Sonora en Equipo. Sismo sacudi\u00f3 el Caribe y provoc\u00f3 alerta de tsunami Rep\u00fablica\",\"isPartOf\":{\"@id\":\"https:\/\/www.sonoraenequipo.com.mx\/#website\"},\"primaryImageOfPage\":{\"@id\":\"https:\/\/www.sonoraenequipo.com.mx\/sismo-sacudio-el-caribe-y-provoco-alerta-de-tsunami\/#primaryimage\"},\"image\":{\"@id\":\"https:\/\/www.sonoraenequipo.com.mx\/sismo-sacudio-el-caribe-y-provoco-alerta-de-tsunami\/#primaryimage\"},\"thumbnailUrl\":\"https:\/\/www.sonoraenequipo.com.mx\/storage\/2025\/02\/sismo-caribe.jpg\",\"datePublished\":\"2025-02-09T04:21:18+00:00\",\"description\":\"&nbsp; Un terremoto de magnitud 7.6 sacudi\u00f3 el Caribe y gener\u00f3 alerta de tsunami en varios territorios, as\u00ed lo inform\u00f3 la U.S. Geological Survey (USGS, En Sonora en Equipo publicamos toda la informaci\u00f3n de Sonora, M\u00e9xico y el Mundo de manera oportuna y busca que la libertad de expresi\u00f3n sea real. Visita nuestro medio informativo publicado desde Hermosillo, Sonora. %\",\"breadcrumb\":{\"@id\":\"https:\/\/www.sonoraenequipo.com.mx\/sismo-sacudio-el-caribe-y-provoco-alerta-de-tsunami\/#breadcrumb\"},\"inLanguage\":\"es\",\"potentialAction\":[{\"@type\":\"ReadAction\",\"target\":[\"https:\/\/www.sonoraenequipo.com.mx\/sismo-sacudio-el-caribe-y-provoco-alerta-de-tsunami\/\"]}]},{\"@type\":\"ImageObject\",\"inLanguage\":\"es\",\"@id\":\"https:\/\/www.sonoraenequipo.com.mx\/sismo-sacudio-el-caribe-y-provoco-alerta-de-tsunami\/#primaryimage\",\"url\":\"https:\/\/www.sonoraenequipo.com.mx\/storage\/2025\/02\/sismo-caribe.jpg\",\"contentUrl\":\"https:\/\/www.sonoraenequipo.com.mx\/storage\/2025\/02\/sismo-caribe.jpg\",\"width\":600,\"height\":367},{\"@type\":\"BreadcrumbList\",\"@id\":\"https:\/\/www.sonoraenequipo.com.mx\/sismo-sacudio-el-caribe-y-provoco-alerta-de-tsunami\/#breadcrumb\",\"itemListElement\":[{\"@type\":\"ListItem\",\"position\":1,\"name\":\"Portada\",\"item\":\"https:\/\/www.sonoraenequipo.com.mx\/\"},{\"@type\":\"ListItem\",\"position\":2,\"name\":\"Sismo sacudi\u00f3 el Caribe y provoc\u00f3 alerta de tsunami\"}]},{\"@type\":\"WebSite\",\"@id\":\"https:\/\/www.sonoraenequipo.com.mx\/#website\",\"url\":\"https:\/\/www.sonoraenequipo.com.mx\/\",\"name\":\"Sonora en Equipo.\",\"description\":\"Diario en l\u00ednea con Noticias desde Hermosillo, Sonora\",\"publisher\":{\"@id\":\"https:\/\/www.sonoraenequipo.com.mx\/#organization\"},\"potentialAction\":[{\"@type\":\"SearchAction\",\"target\":{\"@type\":\"EntryPoint\",\"urlTemplate\":\"https:\/\/www.sonoraenequipo.com.mx\/?s={search_term_string}\"},\"query-input\":{\"@type\":\"PropertyValueSpecification\",\"valueRequired\":true,\"valueName\":\"search_term_string\"}}],\"inLanguage\":\"es\"},{\"@type\":\"Organization\",\"@id\":\"https:\/\/www.sonoraenequipo.com.mx\/#organization\",\"name\":\"Sonoraenequipo.com.mx\",\"url\":\"https:\/\/www.sonoraenequipo.com.mx\/\",\"logo\":{\"@type\":\"ImageObject\",\"inLanguage\":\"es\",\"@id\":\"https:\/\/www.sonoraenequipo.com.mx\/#\/schema\/logo\/image\/\",\"url\":\"https:\/\/www.sonoraenequipo.com.mx\/storage\/2019\/01\/sonoraenequipo_opt.png\",\"contentUrl\":\"https:\/\/www.sonoraenequipo.com.mx\/storage\/2019\/01\/sonoraenequipo_opt.png\",\"width\":375,\"height\":125,\"caption\":\"Sonoraenequipo.com.mx\"},\"image\":{\"@id\":\"https:\/\/www.sonoraenequipo.com.mx\/#\/schema\/logo\/image\/\"},\"sameAs\":[\"https:\/\/www.facebook.com\/SonoraEE\/\",\"https:\/\/x.com\/sonoraenequipo\",\"https:\/\/www.youtube.com\/channel\/UC338nW-lPEYmJQs4ZABQ1SQ\"]},{\"@type\":\"Person\",\"@id\":\"https:\/\/www.sonoraenequipo.com.mx\/#\/schema\/person\/50102df0fb23a8fa9e8effad8fa81386\",\"name\":\"enequipo\",\"image\":{\"@type\":\"ImageObject\",\"inLanguage\":\"es\",\"@id\":\"https:\/\/www.sonoraenequipo.com.mx\/#\/schema\/person\/image\/\",\"url\":\"https:\/\/secure.gravatar.com\/avatar\/049821681b589dabc0bc20695993ccebb09f5b5d4d790cd9251b97faac7c652b?s=96&d=blank&r=g\",\"contentUrl\":\"https:\/\/secure.gravatar.com\/avatar\/049821681b589dabc0bc20695993ccebb09f5b5d4d790cd9251b97faac7c652b?s=96&d=blank&r=g\",\"caption\":\"enequipo\"},\"sameAs\":[\"https:\/\/www.facebook.com\/SonoraEE\"]}]}<\/script>\n ","yoast_head_json":{"title":"Sonora en Equipo. Sismo sacudi\u00f3 el Caribe y provoc\u00f3 alerta de tsunami Rep\u00fablica","description":"&nbsp; Un terremoto de magnitud 7.6 sacudi\u00f3 el Caribe y gener\u00f3 alerta de tsunami en varios territorios, as\u00ed lo inform\u00f3 la U.S. Geological Survey (USGS, En Sonora en Equipo publicamos toda la informaci\u00f3n de Sonora, M\u00e9xico y el Mundo de manera oportuna y busca que la libertad de expresi\u00f3n sea real. Visita nuestro medio informativo publicado desde Hermosillo, Sonora. %","robots":{"index":"index","follow":"follow","max-snippet":"max-snippet:-1","max-image-preview":"max-image-preview:large","max-video-preview":"max-video-preview:-1"},"canonical":"https:\/\/www.sonoraenequipo.com.mx\/sismo-sacudio-el-caribe-y-provoco-alerta-de-tsunami\/","og_locale":"es_ES","og_type":"article","og_title":"Sonora en Equipo. Sismo sacudi\u00f3 el Caribe y provoc\u00f3 alerta de tsunami Rep\u00fablica","og_description":"&nbsp; Un terremoto de magnitud 7.6 sacudi\u00f3 el Caribe y gener\u00f3 alerta de tsunami en varios territorios, as\u00ed lo inform\u00f3 la U.S. Geological Survey (USGS, En Sonora en Equipo publicamos toda la informaci\u00f3n de Sonora, M\u00e9xico y el Mundo de manera oportuna y busca que la libertad de expresi\u00f3n sea real. Visita nuestro medio informativo publicado desde Hermosillo, Sonora. %","og_url":"https:\/\/www.sonoraenequipo.com.mx\/sismo-sacudio-el-caribe-y-provoco-alerta-de-tsunami\/","og_site_name":"Sonora en Equipo.","article_publisher":"https:\/\/www.facebook.com\/SonoraEE\/","article_author":"https:\/\/www.facebook.com\/SonoraEE","article_published_time":"2025-02-09T04:21:18+00:00","og_image":[{"width":600,"height":367,"url":"https:\/\/www.sonoraenequipo.com.mx\/storage\/2025\/02\/sismo-caribe.jpg","type":"image\/jpeg"}],"author":"enequipo","twitter_card":"summary_large_image","twitter_creator":"@sonoraenequipo","twitter_site":"@sonoraenequipo","twitter_misc":{"Escrito por":"enequipo","Tiempo de lectura":"1 minuto"},"schema":{"@context":"https:\/\/schema.org","@graph":[{"@type":"Article","@id":"https:\/\/www.sonoraenequipo.com.mx\/sismo-sacudio-el-caribe-y-provoco-alerta-de-tsunami\/#article","isPartOf":{"@id":"https:\/\/www.sonoraenequipo.com.mx\/sismo-sacudio-el-caribe-y-provoco-alerta-de-tsunami\/"},"author":{"name":"enequipo","@id":"https:\/\/www.sonoraenequipo.com.mx\/#\/schema\/person\/50102df0fb23a8fa9e8effad8fa81386"},"headline":"Sismo sacudi\u00f3 el Caribe y provoc\u00f3 alerta de tsunami","datePublished":"2025-02-09T04:21:18+00:00","mainEntityOfPage":{"@id":"https:\/\/www.sonoraenequipo.com.mx\/sismo-sacudio-el-caribe-y-provoco-alerta-de-tsunami\/"},"wordCount":194,"commentCount":0,"publisher":{"@id":"https:\/\/www.sonoraenequipo.com.mx\/#organization"},"image":{"@id":"https:\/\/www.sonoraenequipo.com.mx\/sismo-sacudio-el-caribe-y-provoco-alerta-de-tsunami\/#primaryimage"},"thumbnailUrl":"https:\/\/www.sonoraenequipo.com.mx\/storage\/2025\/02\/sismo-caribe.jpg","keywords":["Alerta","Caribe","SISMO","tsunami"],"articleSection":["Rep\u00fablica"],"inLanguage":"es","potentialAction":[{"@type":"CommentAction","name":"Comment","target":["https:\/\/www.sonoraenequipo.com.mx\/sismo-sacudio-el-caribe-y-provoco-alerta-de-tsunami\/#respond"]}]},{"@type":"WebPage","@id":"https:\/\/www.sonoraenequipo.com.mx\/sismo-sacudio-el-caribe-y-provoco-alerta-de-tsunami\/","url":"https:\/\/www.sonoraenequipo.com.mx\/sismo-sacudio-el-caribe-y-provoco-alerta-de-tsunami\/","name":"Sonora en Equipo. Sismo sacudi\u00f3 el Caribe y provoc\u00f3 alerta de tsunami Rep\u00fablica","isPartOf":{"@id":"https:\/\/www.sonoraenequipo.com.mx\/#website"},"primaryImageOfPage":{"@id":"https:\/\/www.sonoraenequipo.com.mx\/sismo-sacudio-el-caribe-y-provoco-alerta-de-tsunami\/#primaryimage"},"image":{"@id":"https:\/\/www.sonoraenequipo.com.mx\/sismo-sacudio-el-caribe-y-provoco-alerta-de-tsunami\/#primaryimage"},"thumbnailUrl":"https:\/\/www.sonoraenequipo.com.mx\/storage\/2025\/02\/sismo-caribe.jpg","datePublished":"2025-02-09T04:21:18+00:00","description":"&nbsp; Un terremoto de magnitud 7.6 sacudi\u00f3 el Caribe y gener\u00f3 alerta de tsunami en varios territorios, as\u00ed lo inform\u00f3 la U.S. Geological Survey (USGS, En Sonora en Equipo publicamos toda la informaci\u00f3n de Sonora, M\u00e9xico y el Mundo de manera oportuna y busca que la libertad de expresi\u00f3n sea real. Visita nuestro medio informativo publicado desde Hermosillo, Sonora. %","breadcrumb":{"@id":"https:\/\/www.sonoraenequipo.com.mx\/sismo-sacudio-el-caribe-y-provoco-alerta-de-tsunami\/#breadcrumb"},"inLanguage":"es","potentialAction":[{"@type":"ReadAction","target":["https:\/\/www.sonoraenequipo.com.mx\/sismo-sacudio-el-caribe-y-provoco-alerta-de-tsunami\/"]}]},{"@type":"ImageObject","inLanguage":"es","@id":"https:\/\/www.sonoraenequipo.com.mx\/sismo-sacudio-el-caribe-y-provoco-alerta-de-tsunami\/#primaryimage","url":"https:\/\/www.sonoraenequipo.com.mx\/storage\/2025\/02\/sismo-caribe.jpg","contentUrl":"https:\/\/www.sonoraenequipo.com.mx\/storage\/2025\/02\/sismo-caribe.jpg","width":600,"height":367},{"@type":"BreadcrumbList","@id":"https:\/\/www.sonoraenequipo.com.mx\/sismo-sacudio-el-caribe-y-provoco-alerta-de-tsunami\/#breadcrumb","itemListElement":[{"@type":"ListItem","position":1,"name":"Portada","item":"https:\/\/www.sonoraenequipo.com.mx\/"},{"@type":"ListItem","position":2,"name":"Sismo sacudi\u00f3 el Caribe y provoc\u00f3 alerta de tsunami"}]},{"@type":"WebSite","@id":"https:\/\/www.sonoraenequipo.com.mx\/#website","url":"https:\/\/www.sonoraenequipo.com.mx\/","name":"Sonora en Equipo.","description":"Diario en l\u00ednea con Noticias desde Hermosillo, Sonora","publisher":{"@id":"https:\/\/www.sonoraenequipo.com.mx\/#organization"},"potentialAction":[{"@type":"SearchAction","target":{"@type":"EntryPoint","urlTemplate":"https:\/\/www.sonoraenequipo.com.mx\/?s={search_term_string}"},"query-input":{"@type":"PropertyValueSpecification","valueRequired":true,"valueName":"search_term_string"}}],"inLanguage":"es"},{"@type":"Organization","@id":"https:\/\/www.sonoraenequipo.com.mx\/#organization","name":"Sonoraenequipo.com.mx","url":"https:\/\/www.sonoraenequipo.com.mx\/","logo":{"@type":"ImageObject","inLanguage":"es","@id":"https:\/\/www.sonoraenequipo.com.mx\/#\/schema\/logo\/image\/","url":"https:\/\/www.sonoraenequipo.com.mx\/storage\/2019\/01\/sonoraenequipo_opt.png","contentUrl":"https:\/\/www.sonoraenequipo.com.mx\/storage\/2019\/01\/sonoraenequipo_opt.png","width":375,"height":125,"caption":"Sonoraenequipo.com.mx"},"image":{"@id":"https:\/\/www.sonoraenequipo.com.mx\/#\/schema\/logo\/image\/"},"sameAs":["https:\/\/www.facebook.com\/SonoraEE\/","https:\/\/x.com\/sonoraenequipo","https:\/\/www.youtube.com\/channel\/UC338nW-lPEYmJQs4ZABQ1SQ"]},{"@type":"Person","@id":"https:\/\/www.sonoraenequipo.com.mx\/#\/schema\/person\/50102df0fb23a8fa9e8effad8fa81386","name":"enequipo","image":{"@type":"ImageObject","inLanguage":"es","@id":"https:\/\/www.sonoraenequipo.com.mx\/#\/schema\/person\/image\/","url":"https:\/\/secure.gravatar.com\/avatar\/049821681b589dabc0bc20695993ccebb09f5b5d4d790cd9251b97faac7c652b?s=96&d=blank&r=g","contentUrl":"https:\/\/secure.gravatar.com\/avatar\/049821681b589dabc0bc20695993ccebb09f5b5d4d790cd9251b97faac7c652b?s=96&d=blank&r=g","caption":"enequipo"},"sameAs":["https:\/\/www.facebook.com\/SonoraEE"]}]}},"jetpack_featured_media_url":"https:\/\/www.sonoraenequipo.com.mx\/storage\/2025\/02\/sismo-caribe.jpg","_links":{"self":[{"href":"https:\/\/www.sonoraenequipo.com.mx\/api\/wp\/v2\/posts\/209259","targetHints":{"allow":["GET"]}}],"collection":[{"href":"https:\/\/www.sonoraenequipo.com.mx\/api\/wp\/v2\/posts"}],"about":[{"href":"https:\/\/www.sonoraenequipo.com.mx\/api\/wp\/v2\/types\/post"}],"author":[{"embeddable":true,"href":"https:\/\/www.sonoraenequipo.com.mx\/api\/wp\/v2\/users\/1"}],"replies":[{"embeddable":true,"href":"https:\/\/www.sonoraenequipo.com.mx\/api\/wp\/v2\/comments?post=209259"}],"version-history":[{"count":1,"href":"https:\/\/www.sonoraenequipo.com.mx\/api\/wp\/v2\/posts\/209259\/revisions"}],"predecessor-version":[{"id":209261,"href":"https:\/\/www.sonoraenequipo.com.mx\/api\/wp\/v2\/posts\/209259\/revisions\/209261"}],"wp:featuredmedia":[{"embeddable":true,"href":"https:\/\/www.sonoraenequipo.com.mx\/api\/wp\/v2\/media\/209260"}],"wp:attachment":[{"href":"https:\/\/www.sonoraenequipo.com.mx\/api\/wp\/v2\/media?parent=209259"}],"wp:term":[{"taxonomy":"category","embeddable":true,"href":"https:\/\/www.sonoraenequipo.com.mx\/api\/wp\/v2\/categories?post=209259"},{"taxonomy":"post_tag","embeddable":true,"href":"https:\/\/www.sonoraenequipo.com.mx\/api\/wp\/v2\/tags?post=209259"}],"curies":[{"name":"wp","href":"https:\/\/api.w.org\/{rel}","templated":true}]}}