{"id":209262,"date":"2025-02-08T21:34:09","date_gmt":"2025-02-09T04:34:09","guid":{"rendered":"https:\/\/www.sonoraenequipo.com.mx\/?p=209262"},"modified":"2025-02-09T09:58:51","modified_gmt":"2025-02-09T16:58:51","slug":"campeche-choque-entre-autobus-y-trailer-deja-al-menos-30-muertos","status":"publish","type":"post","link":"https:\/\/www.sonoraenequipo.com.mx\/campeche-choque-entre-autobus-y-trailer-deja-al-menos-30-muertos\/","title":{"rendered":"Campeche. Choque entre \u00a0Autob\u00fas y tr\u00e1iler deja al menos 30 muertos"},"content":{"rendered":"<p>Un tr\u00e1gico accidente de autob\u00fas de pasajeros cobr\u00f3 la vida de m\u00e1s de 30 personas en la carretera Villahermosa &#8211; Esc\u00e1rcega, luego de que la unidad se impact\u00f3 contra un tr\u00e1iler y ocasion\u00f3 que ambas quedaran en llamas. Sin embargo, no se ha dado el n\u00famero exacto de los muertos, debido a la magnitud de la colisi\u00f3n que se registr\u00f3 en el estado de Campeche.<\/p>\n<p>De acuerdo con los primeros reportes de corresponsales, el autob\u00fas viajaba de Canc\u00fan, Quintana Roo, a la ciudad de Tabasco, cuando ocurri\u00f3 el incidente. Seg\u00fan la informaci\u00f3n de medios locales, se contabilizaron varios muertos y al menos 10 sobrevivientes.<\/p>\n<p>La tragedia ocurri\u00f3 cuando el conductor del tr\u00e1iler invadi\u00f3 el carril de sentido contrario y choc\u00f3 contra la unidad de \u201cTours Acosta\u201d alrededor de la 1:00 de la ma\u00f1ana, pero debido a la magnitud de \u00e9ste, ambas unidades se incendiaron.<\/p>\n<p>El gobernador de Tabasco, Javier May, lament\u00f3 el fallecimiento de las v\u00edctimas del accidente y anunci\u00f3 que trabaj\u00f3 en coordinaci\u00f3n con las autoridades, para brindar la atenci\u00f3n requerida en la zona del choque que se origin\u00f3 en la madrugada de este s\u00e1bado.<\/p>\n<p><strong>Fecha de publicaci\u00f3n s\u00e1bado 8 de febrero de 2025\/Infobae<\/strong><\/p>\n","protected":false},"excerpt":{"rendered":"<p>Un tr\u00e1gico accidente de autob\u00fas de pasajeros cobr\u00f3 la vida de m\u00e1s de 30 personas&#8230;<\/p>\n","protected":false},"author":1,"featured_media":209263,"comment_status":"open","ping_status":"open","sticky":false,"template":"","format":"standard","meta":{"_monsterinsights_skip_tracking":false,"_monsterinsights_sitenote_active":false,"_monsterinsights_sitenote_note":"","_monsterinsights_sitenote_category":0,"footnotes":""},"categories":[5],"tags":[6487,2812,10849,10850],"class_list":["post"],"yoast_head":" \n<title>Sonora en Equipo. Campeche. Choque entre \u00a0Autob\u00fas y tr\u00e1iler deja al menos 30 muertos Rep\u00fablica<\/title>\n<meta name=\"description\" content=\"Un tr\u00e1gico accidente de autob\u00fas de pasajeros cobr\u00f3 la vida de m\u00e1s de 30 personas en la carretera Villahermosa - Esc\u00e1rcega, luego de que la unidad se En Sonora en Equipo publicamos toda la informaci\u00f3n de Sonora, M\u00e9xico y el Mundo de manera oportuna y busca que la libertad de expresi\u00f3n sea real. Visita nuestro medio informativo publicado desde Hermosillo, Sonora. %\" \/>\n<meta name=\"robots\" content=\"index, follow, max-snippet:-1, max-image-preview:large, max-video-preview:-1\" \/>\n<link rel=\"canonical\" href=\"https:\/\/www.sonoraenequipo.com.mx\/campeche-choque-entre-autobus-y-trailer-deja-al-menos-30-muertos\/\" \/>\n<meta property=\"og:locale\" content=\"es_ES\" \/>\n<meta property=\"og:type\" content=\"article\" \/>\n<meta property=\"og:title\" content=\"Sonora en Equipo. Campeche. Choque entre \u00a0Autob\u00fas y tr\u00e1iler deja al menos 30 muertos Rep\u00fablica\" \/>\n<meta property=\"og:description\" content=\"Un tr\u00e1gico accidente de autob\u00fas de pasajeros cobr\u00f3 la vida de m\u00e1s de 30 personas en la carretera Villahermosa - Esc\u00e1rcega, luego de que la unidad se En Sonora en Equipo publicamos toda la informaci\u00f3n de Sonora, M\u00e9xico y el Mundo de manera oportuna y busca que la libertad de expresi\u00f3n sea real. Visita nuestro medio informativo publicado desde Hermosillo, Sonora. %\" \/>\n<meta property=\"og:url\" content=\"https:\/\/www.sonoraenequipo.com.mx\/campeche-choque-entre-autobus-y-trailer-deja-al-menos-30-muertos\/\" \/>\n<meta property=\"og:site_name\" content=\"Sonora en Equipo.\" \/>\n<meta property=\"article:publisher\" content=\"https:\/\/www.facebook.com\/SonoraEE\/\" \/>\n<meta property=\"article:author\" content=\"https:\/\/www.facebook.com\/SonoraEE\" \/>\n<meta property=\"article:published_time\" content=\"2025-02-09T04:34:09+00:00\" \/>\n<meta property=\"article:modified_time\" content=\"2025-02-09T16:58:51+00:00\" \/>\n<meta property=\"og:image\" content=\"https:\/\/www.sonoraenequipo.com.mx\/storage\/2025\/02\/autobus-tabasco.jpg\" \/>\n\t<meta property=\"og:image:width\" content=\"600\" \/>\n\t<meta property=\"og:image:height\" content=\"400\" \/>\n\t<meta property=\"og:image:type\" content=\"image\/jpeg\" \/>\n<meta name=\"author\" content=\"enequipo\" \/>\n<meta name=\"twitter:card\" content=\"summary_large_image\" \/>\n<meta name=\"twitter:creator\" content=\"@sonoraenequipo\" \/>\n<meta name=\"twitter:site\" content=\"@sonoraenequipo\" \/>\n<meta name=\"twitter:label1\" content=\"Escrito por\" \/>\n\t<meta name=\"twitter:data1\" content=\"enequipo\" \/>\n\t<meta name=\"twitter:label2\" content=\"Tiempo de lectura\" \/>\n\t<meta name=\"twitter:data2\" content=\"1 minuto\" \/>\n<script type=\"application\/ld+json\" class=\"yoast-schema-graph\">{\"@context\":\"https:\/\/schema.org\",\"@graph\":[{\"@type\":\"Article\",\"@id\":\"https:\/\/www.sonoraenequipo.com.mx\/campeche-choque-entre-autobus-y-trailer-deja-al-menos-30-muertos\/#article\",\"isPartOf\":{\"@id\":\"https:\/\/www.sonoraenequipo.com.mx\/campeche-choque-entre-autobus-y-trailer-deja-al-menos-30-muertos\/\"},\"author\":{\"name\":\"enequipo\",\"@id\":\"https:\/\/www.sonoraenequipo.com.mx\/#\/schema\/person\/50102df0fb23a8fa9e8effad8fa81386\"},\"headline\":\"Campeche. Choque entre \u00a0Autob\u00fas y tr\u00e1iler deja al menos 30 muertos\",\"datePublished\":\"2025-02-09T04:34:09+00:00\",\"dateModified\":\"2025-02-09T16:58:51+00:00\",\"mainEntityOfPage\":{\"@id\":\"https:\/\/www.sonoraenequipo.com.mx\/campeche-choque-entre-autobus-y-trailer-deja-al-menos-30-muertos\/\"},\"wordCount\":222,\"commentCount\":0,\"publisher\":{\"@id\":\"https:\/\/www.sonoraenequipo.com.mx\/#organization\"},\"image\":{\"@id\":\"https:\/\/www.sonoraenequipo.com.mx\/campeche-choque-entre-autobus-y-trailer-deja-al-menos-30-muertos\/#primaryimage\"},\"thumbnailUrl\":\"https:\/\/www.sonoraenequipo.com.mx\/storage\/2025\/02\/autobus-tabasco.jpg\",\"keywords\":[\"autobus\",\"campeche\",\"choque\",\"trailer\"],\"articleSection\":[\"Rep\u00fablica\"],\"inLanguage\":\"es\",\"potentialAction\":[{\"@type\":\"CommentAction\",\"name\":\"Comment\",\"target\":[\"https:\/\/www.sonoraenequipo.com.mx\/campeche-choque-entre-autobus-y-trailer-deja-al-menos-30-muertos\/#respond\"]}]},{\"@type\":\"WebPage\",\"@id\":\"https:\/\/www.sonoraenequipo.com.mx\/campeche-choque-entre-autobus-y-trailer-deja-al-menos-30-muertos\/\",\"url\":\"https:\/\/www.sonoraenequipo.com.mx\/campeche-choque-entre-autobus-y-trailer-deja-al-menos-30-muertos\/\",\"name\":\"Sonora en Equipo. Campeche. Choque entre \u00a0Autob\u00fas y tr\u00e1iler deja al menos 30 muertos Rep\u00fablica\",\"isPartOf\":{\"@id\":\"https:\/\/www.sonoraenequipo.com.mx\/#website\"},\"primaryImageOfPage\":{\"@id\":\"https:\/\/www.sonoraenequipo.com.mx\/campeche-choque-entre-autobus-y-trailer-deja-al-menos-30-muertos\/#primaryimage\"},\"image\":{\"@id\":\"https:\/\/www.sonoraenequipo.com.mx\/campeche-choque-entre-autobus-y-trailer-deja-al-menos-30-muertos\/#primaryimage\"},\"thumbnailUrl\":\"https:\/\/www.sonoraenequipo.com.mx\/storage\/2025\/02\/autobus-tabasco.jpg\",\"datePublished\":\"2025-02-09T04:34:09+00:00\",\"dateModified\":\"2025-02-09T16:58:51+00:00\",\"description\":\"Un tr\u00e1gico accidente de autob\u00fas de pasajeros cobr\u00f3 la vida de m\u00e1s de 30 personas en la carretera Villahermosa - Esc\u00e1rcega, luego de que la unidad se En Sonora en Equipo publicamos toda la informaci\u00f3n de Sonora, M\u00e9xico y el Mundo de manera oportuna y busca que la libertad de expresi\u00f3n sea real. Visita nuestro medio informativo publicado desde Hermosillo, Sonora. %\",\"breadcrumb\":{\"@id\":\"https:\/\/www.sonoraenequipo.com.mx\/campeche-choque-entre-autobus-y-trailer-deja-al-menos-30-muertos\/#breadcrumb\"},\"inLanguage\":\"es\",\"potentialAction\":[{\"@type\":\"ReadAction\",\"target\":[\"https:\/\/www.sonoraenequipo.com.mx\/campeche-choque-entre-autobus-y-trailer-deja-al-menos-30-muertos\/\"]}]},{\"@type\":\"ImageObject\",\"inLanguage\":\"es\",\"@id\":\"https:\/\/www.sonoraenequipo.com.mx\/campeche-choque-entre-autobus-y-trailer-deja-al-menos-30-muertos\/#primaryimage\",\"url\":\"https:\/\/www.sonoraenequipo.com.mx\/storage\/2025\/02\/autobus-tabasco.jpg\",\"contentUrl\":\"https:\/\/www.sonoraenequipo.com.mx\/storage\/2025\/02\/autobus-tabasco.jpg\",\"width\":600,\"height\":400,\"caption\":\"Imagen: X\"},{\"@type\":\"BreadcrumbList\",\"@id\":\"https:\/\/www.sonoraenequipo.com.mx\/campeche-choque-entre-autobus-y-trailer-deja-al-menos-30-muertos\/#breadcrumb\",\"itemListElement\":[{\"@type\":\"ListItem\",\"position\":1,\"name\":\"Portada\",\"item\":\"https:\/\/www.sonoraenequipo.com.mx\/\"},{\"@type\":\"ListItem\",\"position\":2,\"name\":\"Campeche. Choque entre \u00a0Autob\u00fas y tr\u00e1iler deja al menos 30 muertos\"}]},{\"@type\":\"WebSite\",\"@id\":\"https:\/\/www.sonoraenequipo.com.mx\/#website\",\"url\":\"https:\/\/www.sonoraenequipo.com.mx\/\",\"name\":\"Sonora en Equipo.\",\"description\":\"Diario en l\u00ednea con Noticias desde Hermosillo, Sonora\",\"publisher\":{\"@id\":\"https:\/\/www.sonoraenequipo.com.mx\/#organization\"},\"potentialAction\":[{\"@type\":\"SearchAction\",\"target\":{\"@type\":\"EntryPoint\",\"urlTemplate\":\"https:\/\/www.sonoraenequipo.com.mx\/?s={search_term_string}\"},\"query-input\":{\"@type\":\"PropertyValueSpecification\",\"valueRequired\":true,\"valueName\":\"search_term_string\"}}],\"inLanguage\":\"es\"},{\"@type\":\"Organization\",\"@id\":\"https:\/\/www.sonoraenequipo.com.mx\/#organization\",\"name\":\"Sonoraenequipo.com.mx\",\"url\":\"https:\/\/www.sonoraenequipo.com.mx\/\",\"logo\":{\"@type\":\"ImageObject\",\"inLanguage\":\"es\",\"@id\":\"https:\/\/www.sonoraenequipo.com.mx\/#\/schema\/logo\/image\/\",\"url\":\"https:\/\/www.sonoraenequipo.com.mx\/storage\/2019\/01\/sonoraenequipo_opt.png\",\"contentUrl\":\"https:\/\/www.sonoraenequipo.com.mx\/storage\/2019\/01\/sonoraenequipo_opt.png\",\"width\":375,\"height\":125,\"caption\":\"Sonoraenequipo.com.mx\"},\"image\":{\"@id\":\"https:\/\/www.sonoraenequipo.com.mx\/#\/schema\/logo\/image\/\"},\"sameAs\":[\"https:\/\/www.facebook.com\/SonoraEE\/\",\"https:\/\/x.com\/sonoraenequipo\",\"https:\/\/www.youtube.com\/channel\/UC338nW-lPEYmJQs4ZABQ1SQ\"]},{\"@type\":\"Person\",\"@id\":\"https:\/\/www.sonoraenequipo.com.mx\/#\/schema\/person\/50102df0fb23a8fa9e8effad8fa81386\",\"name\":\"enequipo\",\"image\":{\"@type\":\"ImageObject\",\"inLanguage\":\"es\",\"@id\":\"https:\/\/www.sonoraenequipo.com.mx\/#\/schema\/person\/image\/\",\"url\":\"https:\/\/secure.gravatar.com\/avatar\/049821681b589dabc0bc20695993ccebb09f5b5d4d790cd9251b97faac7c652b?s=96&d=blank&r=g\",\"contentUrl\":\"https:\/\/secure.gravatar.com\/avatar\/049821681b589dabc0bc20695993ccebb09f5b5d4d790cd9251b97faac7c652b?s=96&d=blank&r=g\",\"caption\":\"enequipo\"},\"sameAs\":[\"https:\/\/www.facebook.com\/SonoraEE\"]}]}<\/script>\n ","yoast_head_json":{"title":"Sonora en Equipo. Campeche. Choque entre \u00a0Autob\u00fas y tr\u00e1iler deja al menos 30 muertos Rep\u00fablica","description":"Un tr\u00e1gico accidente de autob\u00fas de pasajeros cobr\u00f3 la vida de m\u00e1s de 30 personas en la carretera Villahermosa - Esc\u00e1rcega, luego de que la unidad se En Sonora en Equipo publicamos toda la informaci\u00f3n de Sonora, M\u00e9xico y el Mundo de manera oportuna y busca que la libertad de expresi\u00f3n sea real. Visita nuestro medio informativo publicado desde Hermosillo, Sonora. %","robots":{"index":"index","follow":"follow","max-snippet":"max-snippet:-1","max-image-preview":"max-image-preview:large","max-video-preview":"max-video-preview:-1"},"canonical":"https:\/\/www.sonoraenequipo.com.mx\/campeche-choque-entre-autobus-y-trailer-deja-al-menos-30-muertos\/","og_locale":"es_ES","og_type":"article","og_title":"Sonora en Equipo. Campeche. Choque entre \u00a0Autob\u00fas y tr\u00e1iler deja al menos 30 muertos Rep\u00fablica","og_description":"Un tr\u00e1gico accidente de autob\u00fas de pasajeros cobr\u00f3 la vida de m\u00e1s de 30 personas en la carretera Villahermosa - Esc\u00e1rcega, luego de que la unidad se En Sonora en Equipo publicamos toda la informaci\u00f3n de Sonora, M\u00e9xico y el Mundo de manera oportuna y busca que la libertad de expresi\u00f3n sea real. Visita nuestro medio informativo publicado desde Hermosillo, Sonora. %","og_url":"https:\/\/www.sonoraenequipo.com.mx\/campeche-choque-entre-autobus-y-trailer-deja-al-menos-30-muertos\/","og_site_name":"Sonora en Equipo.","article_publisher":"https:\/\/www.facebook.com\/SonoraEE\/","article_author":"https:\/\/www.facebook.com\/SonoraEE","article_published_time":"2025-02-09T04:34:09+00:00","article_modified_time":"2025-02-09T16:58:51+00:00","og_image":[{"width":600,"height":400,"url":"https:\/\/www.sonoraenequipo.com.mx\/storage\/2025\/02\/autobus-tabasco.jpg","type":"image\/jpeg"}],"author":"enequipo","twitter_card":"summary_large_image","twitter_creator":"@sonoraenequipo","twitter_site":"@sonoraenequipo","twitter_misc":{"Escrito por":"enequipo","Tiempo de lectura":"1 minuto"},"schema":{"@context":"https:\/\/schema.org","@graph":[{"@type":"Article","@id":"https:\/\/www.sonoraenequipo.com.mx\/campeche-choque-entre-autobus-y-trailer-deja-al-menos-30-muertos\/#article","isPartOf":{"@id":"https:\/\/www.sonoraenequipo.com.mx\/campeche-choque-entre-autobus-y-trailer-deja-al-menos-30-muertos\/"},"author":{"name":"enequipo","@id":"https:\/\/www.sonoraenequipo.com.mx\/#\/schema\/person\/50102df0fb23a8fa9e8effad8fa81386"},"headline":"Campeche. Choque entre \u00a0Autob\u00fas y tr\u00e1iler deja al menos 30 muertos","datePublished":"2025-02-09T04:34:09+00:00","dateModified":"2025-02-09T16:58:51+00:00","mainEntityOfPage":{"@id":"https:\/\/www.sonoraenequipo.com.mx\/campeche-choque-entre-autobus-y-trailer-deja-al-menos-30-muertos\/"},"wordCount":222,"commentCount":0,"publisher":{"@id":"https:\/\/www.sonoraenequipo.com.mx\/#organization"},"image":{"@id":"https:\/\/www.sonoraenequipo.com.mx\/campeche-choque-entre-autobus-y-trailer-deja-al-menos-30-muertos\/#primaryimage"},"thumbnailUrl":"https:\/\/www.sonoraenequipo.com.mx\/storage\/2025\/02\/autobus-tabasco.jpg","keywords":["autobus","campeche","choque","trailer"],"articleSection":["Rep\u00fablica"],"inLanguage":"es","potentialAction":[{"@type":"CommentAction","name":"Comment","target":["https:\/\/www.sonoraenequipo.com.mx\/campeche-choque-entre-autobus-y-trailer-deja-al-menos-30-muertos\/#respond"]}]},{"@type":"WebPage","@id":"https:\/\/www.sonoraenequipo.com.mx\/campeche-choque-entre-autobus-y-trailer-deja-al-menos-30-muertos\/","url":"https:\/\/www.sonoraenequipo.com.mx\/campeche-choque-entre-autobus-y-trailer-deja-al-menos-30-muertos\/","name":"Sonora en Equipo. Campeche. Choque entre \u00a0Autob\u00fas y tr\u00e1iler deja al menos 30 muertos Rep\u00fablica","isPartOf":{"@id":"https:\/\/www.sonoraenequipo.com.mx\/#website"},"primaryImageOfPage":{"@id":"https:\/\/www.sonoraenequipo.com.mx\/campeche-choque-entre-autobus-y-trailer-deja-al-menos-30-muertos\/#primaryimage"},"image":{"@id":"https:\/\/www.sonoraenequipo.com.mx\/campeche-choque-entre-autobus-y-trailer-deja-al-menos-30-muertos\/#primaryimage"},"thumbnailUrl":"https:\/\/www.sonoraenequipo.com.mx\/storage\/2025\/02\/autobus-tabasco.jpg","datePublished":"2025-02-09T04:34:09+00:00","dateModified":"2025-02-09T16:58:51+00:00","description":"Un tr\u00e1gico accidente de autob\u00fas de pasajeros cobr\u00f3 la vida de m\u00e1s de 30 personas en la carretera Villahermosa - Esc\u00e1rcega, luego de que la unidad se En Sonora en Equipo publicamos toda la informaci\u00f3n de Sonora, M\u00e9xico y el Mundo de manera oportuna y busca que la libertad de expresi\u00f3n sea real. Visita nuestro medio informativo publicado desde Hermosillo, Sonora. %","breadcrumb":{"@id":"https:\/\/www.sonoraenequipo.com.mx\/campeche-choque-entre-autobus-y-trailer-deja-al-menos-30-muertos\/#breadcrumb"},"inLanguage":"es","potentialAction":[{"@type":"ReadAction","target":["https:\/\/www.sonoraenequipo.com.mx\/campeche-choque-entre-autobus-y-trailer-deja-al-menos-30-muertos\/"]}]},{"@type":"ImageObject","inLanguage":"es","@id":"https:\/\/www.sonoraenequipo.com.mx\/campeche-choque-entre-autobus-y-trailer-deja-al-menos-30-muertos\/#primaryimage","url":"https:\/\/www.sonoraenequipo.com.mx\/storage\/2025\/02\/autobus-tabasco.jpg","contentUrl":"https:\/\/www.sonoraenequipo.com.mx\/storage\/2025\/02\/autobus-tabasco.jpg","width":600,"height":400,"caption":"Imagen: X"},{"@type":"BreadcrumbList","@id":"https:\/\/www.sonoraenequipo.com.mx\/campeche-choque-entre-autobus-y-trailer-deja-al-menos-30-muertos\/#breadcrumb","itemListElement":[{"@type":"ListItem","position":1,"name":"Portada","item":"https:\/\/www.sonoraenequipo.com.mx\/"},{"@type":"ListItem","position":2,"name":"Campeche. Choque entre \u00a0Autob\u00fas y tr\u00e1iler deja al menos 30 muertos"}]},{"@type":"WebSite","@id":"https:\/\/www.sonoraenequipo.com.mx\/#website","url":"https:\/\/www.sonoraenequipo.com.mx\/","name":"Sonora en Equipo.","description":"Diario en l\u00ednea con Noticias desde Hermosillo, Sonora","publisher":{"@id":"https:\/\/www.sonoraenequipo.com.mx\/#organization"},"potentialAction":[{"@type":"SearchAction","target":{"@type":"EntryPoint","urlTemplate":"https:\/\/www.sonoraenequipo.com.mx\/?s={search_term_string}"},"query-input":{"@type":"PropertyValueSpecification","valueRequired":true,"valueName":"search_term_string"}}],"inLanguage":"es"},{"@type":"Organization","@id":"https:\/\/www.sonoraenequipo.com.mx\/#organization","name":"Sonoraenequipo.com.mx","url":"https:\/\/www.sonoraenequipo.com.mx\/","logo":{"@type":"ImageObject","inLanguage":"es","@id":"https:\/\/www.sonoraenequipo.com.mx\/#\/schema\/logo\/image\/","url":"https:\/\/www.sonoraenequipo.com.mx\/storage\/2019\/01\/sonoraenequipo_opt.png","contentUrl":"https:\/\/www.sonoraenequipo.com.mx\/storage\/2019\/01\/sonoraenequipo_opt.png","width":375,"height":125,"caption":"Sonoraenequipo.com.mx"},"image":{"@id":"https:\/\/www.sonoraenequipo.com.mx\/#\/schema\/logo\/image\/"},"sameAs":["https:\/\/www.facebook.com\/SonoraEE\/","https:\/\/x.com\/sonoraenequipo","https:\/\/www.youtube.com\/channel\/UC338nW-lPEYmJQs4ZABQ1SQ"]},{"@type":"Person","@id":"https:\/\/www.sonoraenequipo.com.mx\/#\/schema\/person\/50102df0fb23a8fa9e8effad8fa81386","name":"enequipo","image":{"@type":"ImageObject","inLanguage":"es","@id":"https:\/\/www.sonoraenequipo.com.mx\/#\/schema\/person\/image\/","url":"https:\/\/secure.gravatar.com\/avatar\/049821681b589dabc0bc20695993ccebb09f5b5d4d790cd9251b97faac7c652b?s=96&d=blank&r=g","contentUrl":"https:\/\/secure.gravatar.com\/avatar\/049821681b589dabc0bc20695993ccebb09f5b5d4d790cd9251b97faac7c652b?s=96&d=blank&r=g","caption":"enequipo"},"sameAs":["https:\/\/www.facebook.com\/SonoraEE"]}]}},"jetpack_featured_media_url":"https:\/\/www.sonoraenequipo.com.mx\/storage\/2025\/02\/autobus-tabasco.jpg","_links":{"self":[{"href":"https:\/\/www.sonoraenequipo.com.mx\/api\/wp\/v2\/posts\/209262","targetHints":{"allow":["GET"]}}],"collection":[{"href":"https:\/\/www.sonoraenequipo.com.mx\/api\/wp\/v2\/posts"}],"about":[{"href":"https:\/\/www.sonoraenequipo.com.mx\/api\/wp\/v2\/types\/post"}],"author":[{"embeddable":true,"href":"https:\/\/www.sonoraenequipo.com.mx\/api\/wp\/v2\/users\/1"}],"replies":[{"embeddable":true,"href":"https:\/\/www.sonoraenequipo.com.mx\/api\/wp\/v2\/comments?post=209262"}],"version-history":[{"count":1,"href":"https:\/\/www.sonoraenequipo.com.mx\/api\/wp\/v2\/posts\/209262\/revisions"}],"predecessor-version":[{"id":209264,"href":"https:\/\/www.sonoraenequipo.com.mx\/api\/wp\/v2\/posts\/209262\/revisions\/209264"}],"wp:featuredmedia":[{"embeddable":true,"href":"https:\/\/www.sonoraenequipo.com.mx\/api\/wp\/v2\/media\/209263"}],"wp:attachment":[{"href":"https:\/\/www.sonoraenequipo.com.mx\/api\/wp\/v2\/media?parent=209262"}],"wp:term":[{"taxonomy":"category","embeddable":true,"href":"https:\/\/www.sonoraenequipo.com.mx\/api\/wp\/v2\/categories?post=209262"},{"taxonomy":"post_tag","embeddable":true,"href":"https:\/\/www.sonoraenequipo.com.mx\/api\/wp\/v2\/tags?post=209262"}],"curies":[{"name":"wp","href":"https:\/\/api.w.org\/{rel}","templated":true}]}}