{"id":2093,"date":"2016-01-07T12:57:40","date_gmt":"2016-01-07T12:57:40","guid":{"rendered":"http:\/\/www.sonoraenequipo.com.mx\/?p=2093"},"modified":"2016-01-08T12:59:06","modified_gmt":"2016-01-08T12:59:06","slug":"dif-hermosillo-beneficiara-con-sillas-de-ruedas-a-personas-con-discapacidad","status":"publish","type":"post","link":"https:\/\/www.sonoraenequipo.com.mx\/dif-hermosillo-beneficiara-con-sillas-de-ruedas-a-personas-con-discapacidad\/","title":{"rendered":"DIF Hermosillo beneficiar\u00e1 con sillas de ruedas a personas con discapacidad"},"content":{"rendered":"<p>07012016. HERMOSILLO, SONORA.MX.\u2014 La presidenta de DIF Hermosillo, Martha Ant\u00fanez de Acosta, recibi\u00f3 en donaci\u00f3n sillas de rueda por parte del presidente de la Fundaci\u00f3n Veterans for Movility Impaired Am\u00e9rica, Jeffrey Martin de Le\u00f3n. <br \/>\nDurante la entrega simb\u00f3lica de una de las sillas a la ni\u00f1a Rosa Isela Rasc\u00f3n Ochoa, la primera beneficiada gracias a este donativo, Ant\u00fanez de Acosta agradeci\u00f3 a Jeffrey Martin de Le\u00f3n por apoyar a las personas con discapacidad en esta capital.<\/p>\n<p>\u201cNosotros tendremos durante los pr\u00f3ximos tres a\u00f1os mucho trabajo; buscamos rescatar la dignidad de las personas en condici\u00f3n vulnerable y con el apoyo de gente como ustedes vamos a reforzar nuestras actividades\u201d, dijo la Presidenta de DIF Municipal.<\/p>\n<p>El paquete que recibi\u00f3 Martha Ant\u00fanez de Acosta junto con el Director de DIF, Ernesto Molina Rodr\u00edguez favorecer\u00e1 a quienes requieren de apoyo para su desplazamiento en esta capital e incluye 25 andaderas, 7 sillas motorizadas y una infantil para deporte.<\/p>\n<p>El presidente de la fundaci\u00f3n Veterans for Movility Impaired Am\u00e9rica, radica en la ciudad de Oregon, en Estados Unidos, lugar donde cre\u00f3 esta organizaci\u00f3n para ayudar a personas como \u00e9l, para que logren una integraci\u00f3n a la sociedad y una mejor calidad de vida.<\/p>\n<p>\u201cYo he venido de viaje varias veces a esta ciudad, y me he dado cuenta que aqu\u00ed hay mucha necesidad. Con mucho gusto ponemos a disposici\u00f3n de DIF estas sillas de ruedas y andaderas, para que las personas de escasos recursos salgan adelante, porque s\u00e9 lo dif\u00edcil que es y m\u00e1s cuando se carece de recursos\u201d, dijo el presidente de la Fundaci\u00f3n.<\/p>\n","protected":false},"excerpt":{"rendered":"<p>07012016. HERMOSILLO, SONORA.MX.\u2014 La presidenta de DIF Hermosillo, Martha Ant\u00fanez de Acosta, recibi\u00f3 en donaci\u00f3n&#8230;<\/p>\n","protected":false},"author":1,"featured_media":0,"comment_status":"open","ping_status":"open","sticky":false,"template":"","format":"standard","meta":{"_monsterinsights_skip_tracking":false,"_monsterinsights_sitenote_active":false,"_monsterinsights_sitenote_note":"","_monsterinsights_sitenote_category":0,"footnotes":""},"categories":[13,4],"tags":[],"class_list":["post"],"yoast_head":" \n<title>Sonora en Equipo. DIF Hermosillo beneficiar\u00e1 con sillas de ruedas a personas con discapacidad<\/title>\n<meta name=\"description\" content=\"07012016. HERMOSILLO, SONORA.MX.\u2014 La presidenta de DIF Hermosillo, Martha Ant\u00fanez de Acosta, recibi\u00f3 en donaci\u00f3n sillas de rueda por parte del presidente En Sonora en Equipo publicamos toda la informaci\u00f3n de Sonora, M\u00e9xico y el Mundo de manera oportuna y busca que la libertad de expresi\u00f3n sea real. Visita nuestro medio informativo publicado desde Hermosillo, Sonora. %\" \/>\n<meta name=\"robots\" content=\"index, follow, max-snippet:-1, max-image-preview:large, max-video-preview:-1\" \/>\n<link rel=\"canonical\" href=\"https:\/\/www.sonoraenequipo.com.mx\/dif-hermosillo-beneficiara-con-sillas-de-ruedas-a-personas-con-discapacidad\/\" \/>\n<meta property=\"og:locale\" content=\"es_ES\" \/>\n<meta property=\"og:type\" content=\"article\" \/>\n<meta property=\"og:title\" content=\"Sonora en Equipo. DIF Hermosillo beneficiar\u00e1 con sillas de ruedas a personas con discapacidad\" \/>\n<meta property=\"og:description\" content=\"07012016. HERMOSILLO, SONORA.MX.\u2014 La presidenta de DIF Hermosillo, Martha Ant\u00fanez de Acosta, recibi\u00f3 en donaci\u00f3n sillas de rueda por parte del presidente En Sonora en Equipo publicamos toda la informaci\u00f3n de Sonora, M\u00e9xico y el Mundo de manera oportuna y busca que la libertad de expresi\u00f3n sea real. Visita nuestro medio informativo publicado desde Hermosillo, Sonora. %\" \/>\n<meta property=\"og:url\" content=\"https:\/\/www.sonoraenequipo.com.mx\/dif-hermosillo-beneficiara-con-sillas-de-ruedas-a-personas-con-discapacidad\/\" \/>\n<meta property=\"og:site_name\" content=\"Sonora en Equipo.\" \/>\n<meta property=\"article:publisher\" content=\"https:\/\/www.facebook.com\/SonoraEE\/\" \/>\n<meta property=\"article:author\" content=\"https:\/\/www.facebook.com\/SonoraEE\" \/>\n<meta property=\"article:published_time\" content=\"2016-01-07T12:57:40+00:00\" \/>\n<meta property=\"article:modified_time\" content=\"2016-01-08T12:59:06+00:00\" \/>\n<meta name=\"author\" content=\"enequipo\" \/>\n<meta name=\"twitter:card\" content=\"summary_large_image\" \/>\n<meta name=\"twitter:creator\" content=\"@sonoraenequipo\" \/>\n<meta name=\"twitter:site\" content=\"@sonoraenequipo\" \/>\n<meta name=\"twitter:label1\" content=\"Escrito por\" \/>\n\t<meta name=\"twitter:data1\" content=\"enequipo\" \/>\n\t<meta name=\"twitter:label2\" content=\"Tiempo de lectura\" \/>\n\t<meta name=\"twitter:data2\" content=\"1 minuto\" \/>\n<script type=\"application\/ld+json\" class=\"yoast-schema-graph\">{\"@context\":\"https:\/\/schema.org\",\"@graph\":[{\"@type\":\"Article\",\"@id\":\"https:\/\/www.sonoraenequipo.com.mx\/dif-hermosillo-beneficiara-con-sillas-de-ruedas-a-personas-con-discapacidad\/#article\",\"isPartOf\":{\"@id\":\"https:\/\/www.sonoraenequipo.com.mx\/dif-hermosillo-beneficiara-con-sillas-de-ruedas-a-personas-con-discapacidad\/\"},\"author\":{\"name\":\"enequipo\",\"@id\":\"https:\/\/www.sonoraenequipo.com.mx\/#\/schema\/person\/50102df0fb23a8fa9e8effad8fa81386\"},\"headline\":\"DIF Hermosillo beneficiar\u00e1 con sillas de ruedas a personas con discapacidad\",\"datePublished\":\"2016-01-07T12:57:40+00:00\",\"dateModified\":\"2016-01-08T12:59:06+00:00\",\"mainEntityOfPage\":{\"@id\":\"https:\/\/www.sonoraenequipo.com.mx\/dif-hermosillo-beneficiara-con-sillas-de-ruedas-a-personas-con-discapacidad\/\"},\"wordCount\":293,\"commentCount\":0,\"publisher\":{\"@id\":\"https:\/\/www.sonoraenequipo.com.mx\/#organization\"},\"articleSection\":[\"Destacadas\",\"Municipios\"],\"inLanguage\":\"es\",\"potentialAction\":[{\"@type\":\"CommentAction\",\"name\":\"Comment\",\"target\":[\"https:\/\/www.sonoraenequipo.com.mx\/dif-hermosillo-beneficiara-con-sillas-de-ruedas-a-personas-con-discapacidad\/#respond\"]}]},{\"@type\":\"WebPage\",\"@id\":\"https:\/\/www.sonoraenequipo.com.mx\/dif-hermosillo-beneficiara-con-sillas-de-ruedas-a-personas-con-discapacidad\/\",\"url\":\"https:\/\/www.sonoraenequipo.com.mx\/dif-hermosillo-beneficiara-con-sillas-de-ruedas-a-personas-con-discapacidad\/\",\"name\":\"Sonora en Equipo. DIF Hermosillo beneficiar\u00e1 con sillas de ruedas a personas con discapacidad\",\"isPartOf\":{\"@id\":\"https:\/\/www.sonoraenequipo.com.mx\/#website\"},\"datePublished\":\"2016-01-07T12:57:40+00:00\",\"dateModified\":\"2016-01-08T12:59:06+00:00\",\"description\":\"07012016. HERMOSILLO, SONORA.MX.\u2014 La presidenta de DIF Hermosillo, Martha Ant\u00fanez de Acosta, recibi\u00f3 en donaci\u00f3n sillas de rueda por parte del presidente En Sonora en Equipo publicamos toda la informaci\u00f3n de Sonora, M\u00e9xico y el Mundo de manera oportuna y busca que la libertad de expresi\u00f3n sea real. Visita nuestro medio informativo publicado desde Hermosillo, Sonora. %\",\"breadcrumb\":{\"@id\":\"https:\/\/www.sonoraenequipo.com.mx\/dif-hermosillo-beneficiara-con-sillas-de-ruedas-a-personas-con-discapacidad\/#breadcrumb\"},\"inLanguage\":\"es\",\"potentialAction\":[{\"@type\":\"ReadAction\",\"target\":[\"https:\/\/www.sonoraenequipo.com.mx\/dif-hermosillo-beneficiara-con-sillas-de-ruedas-a-personas-con-discapacidad\/\"]}]},{\"@type\":\"BreadcrumbList\",\"@id\":\"https:\/\/www.sonoraenequipo.com.mx\/dif-hermosillo-beneficiara-con-sillas-de-ruedas-a-personas-con-discapacidad\/#breadcrumb\",\"itemListElement\":[{\"@type\":\"ListItem\",\"position\":1,\"name\":\"Portada\",\"item\":\"https:\/\/www.sonoraenequipo.com.mx\/\"},{\"@type\":\"ListItem\",\"position\":2,\"name\":\"DIF Hermosillo beneficiar\u00e1 con sillas de ruedas a personas con discapacidad\"}]},{\"@type\":\"WebSite\",\"@id\":\"https:\/\/www.sonoraenequipo.com.mx\/#website\",\"url\":\"https:\/\/www.sonoraenequipo.com.mx\/\",\"name\":\"Sonora en Equipo.\",\"description\":\"Diario en l\u00ednea con Noticias desde Hermosillo, Sonora\",\"publisher\":{\"@id\":\"https:\/\/www.sonoraenequipo.com.mx\/#organization\"},\"potentialAction\":[{\"@type\":\"SearchAction\",\"target\":{\"@type\":\"EntryPoint\",\"urlTemplate\":\"https:\/\/www.sonoraenequipo.com.mx\/?s={search_term_string}\"},\"query-input\":{\"@type\":\"PropertyValueSpecification\",\"valueRequired\":true,\"valueName\":\"search_term_string\"}}],\"inLanguage\":\"es\"},{\"@type\":\"Organization\",\"@id\":\"https:\/\/www.sonoraenequipo.com.mx\/#organization\",\"name\":\"Sonoraenequipo.com.mx\",\"url\":\"https:\/\/www.sonoraenequipo.com.mx\/\",\"logo\":{\"@type\":\"ImageObject\",\"inLanguage\":\"es\",\"@id\":\"https:\/\/www.sonoraenequipo.com.mx\/#\/schema\/logo\/image\/\",\"url\":\"https:\/\/www.sonoraenequipo.com.mx\/storage\/2019\/01\/sonoraenequipo_opt.png\",\"contentUrl\":\"https:\/\/www.sonoraenequipo.com.mx\/storage\/2019\/01\/sonoraenequipo_opt.png\",\"width\":375,\"height\":125,\"caption\":\"Sonoraenequipo.com.mx\"},\"image\":{\"@id\":\"https:\/\/www.sonoraenequipo.com.mx\/#\/schema\/logo\/image\/\"},\"sameAs\":[\"https:\/\/www.facebook.com\/SonoraEE\/\",\"https:\/\/x.com\/sonoraenequipo\",\"https:\/\/www.youtube.com\/channel\/UC338nW-lPEYmJQs4ZABQ1SQ\"]},{\"@type\":\"Person\",\"@id\":\"https:\/\/www.sonoraenequipo.com.mx\/#\/schema\/person\/50102df0fb23a8fa9e8effad8fa81386\",\"name\":\"enequipo\",\"image\":{\"@type\":\"ImageObject\",\"inLanguage\":\"es\",\"@id\":\"https:\/\/www.sonoraenequipo.com.mx\/#\/schema\/person\/image\/\",\"url\":\"https:\/\/secure.gravatar.com\/avatar\/049821681b589dabc0bc20695993ccebb09f5b5d4d790cd9251b97faac7c652b?s=96&d=blank&r=g\",\"contentUrl\":\"https:\/\/secure.gravatar.com\/avatar\/049821681b589dabc0bc20695993ccebb09f5b5d4d790cd9251b97faac7c652b?s=96&d=blank&r=g\",\"caption\":\"enequipo\"},\"sameAs\":[\"https:\/\/www.facebook.com\/SonoraEE\"]}]}<\/script>\n ","yoast_head_json":{"title":"Sonora en Equipo. DIF Hermosillo beneficiar\u00e1 con sillas de ruedas a personas con discapacidad","description":"07012016. HERMOSILLO, SONORA.MX.\u2014 La presidenta de DIF Hermosillo, Martha Ant\u00fanez de Acosta, recibi\u00f3 en donaci\u00f3n sillas de rueda por parte del presidente En Sonora en Equipo publicamos toda la informaci\u00f3n de Sonora, M\u00e9xico y el Mundo de manera oportuna y busca que la libertad de expresi\u00f3n sea real. Visita nuestro medio informativo publicado desde Hermosillo, Sonora. %","robots":{"index":"index","follow":"follow","max-snippet":"max-snippet:-1","max-image-preview":"max-image-preview:large","max-video-preview":"max-video-preview:-1"},"canonical":"https:\/\/www.sonoraenequipo.com.mx\/dif-hermosillo-beneficiara-con-sillas-de-ruedas-a-personas-con-discapacidad\/","og_locale":"es_ES","og_type":"article","og_title":"Sonora en Equipo. DIF Hermosillo beneficiar\u00e1 con sillas de ruedas a personas con discapacidad","og_description":"07012016. HERMOSILLO, SONORA.MX.\u2014 La presidenta de DIF Hermosillo, Martha Ant\u00fanez de Acosta, recibi\u00f3 en donaci\u00f3n sillas de rueda por parte del presidente En Sonora en Equipo publicamos toda la informaci\u00f3n de Sonora, M\u00e9xico y el Mundo de manera oportuna y busca que la libertad de expresi\u00f3n sea real. Visita nuestro medio informativo publicado desde Hermosillo, Sonora. %","og_url":"https:\/\/www.sonoraenequipo.com.mx\/dif-hermosillo-beneficiara-con-sillas-de-ruedas-a-personas-con-discapacidad\/","og_site_name":"Sonora en Equipo.","article_publisher":"https:\/\/www.facebook.com\/SonoraEE\/","article_author":"https:\/\/www.facebook.com\/SonoraEE","article_published_time":"2016-01-07T12:57:40+00:00","article_modified_time":"2016-01-08T12:59:06+00:00","author":"enequipo","twitter_card":"summary_large_image","twitter_creator":"@sonoraenequipo","twitter_site":"@sonoraenequipo","twitter_misc":{"Escrito por":"enequipo","Tiempo de lectura":"1 minuto"},"schema":{"@context":"https:\/\/schema.org","@graph":[{"@type":"Article","@id":"https:\/\/www.sonoraenequipo.com.mx\/dif-hermosillo-beneficiara-con-sillas-de-ruedas-a-personas-con-discapacidad\/#article","isPartOf":{"@id":"https:\/\/www.sonoraenequipo.com.mx\/dif-hermosillo-beneficiara-con-sillas-de-ruedas-a-personas-con-discapacidad\/"},"author":{"name":"enequipo","@id":"https:\/\/www.sonoraenequipo.com.mx\/#\/schema\/person\/50102df0fb23a8fa9e8effad8fa81386"},"headline":"DIF Hermosillo beneficiar\u00e1 con sillas de ruedas a personas con discapacidad","datePublished":"2016-01-07T12:57:40+00:00","dateModified":"2016-01-08T12:59:06+00:00","mainEntityOfPage":{"@id":"https:\/\/www.sonoraenequipo.com.mx\/dif-hermosillo-beneficiara-con-sillas-de-ruedas-a-personas-con-discapacidad\/"},"wordCount":293,"commentCount":0,"publisher":{"@id":"https:\/\/www.sonoraenequipo.com.mx\/#organization"},"articleSection":["Destacadas","Municipios"],"inLanguage":"es","potentialAction":[{"@type":"CommentAction","name":"Comment","target":["https:\/\/www.sonoraenequipo.com.mx\/dif-hermosillo-beneficiara-con-sillas-de-ruedas-a-personas-con-discapacidad\/#respond"]}]},{"@type":"WebPage","@id":"https:\/\/www.sonoraenequipo.com.mx\/dif-hermosillo-beneficiara-con-sillas-de-ruedas-a-personas-con-discapacidad\/","url":"https:\/\/www.sonoraenequipo.com.mx\/dif-hermosillo-beneficiara-con-sillas-de-ruedas-a-personas-con-discapacidad\/","name":"Sonora en Equipo. DIF Hermosillo beneficiar\u00e1 con sillas de ruedas a personas con discapacidad","isPartOf":{"@id":"https:\/\/www.sonoraenequipo.com.mx\/#website"},"datePublished":"2016-01-07T12:57:40+00:00","dateModified":"2016-01-08T12:59:06+00:00","description":"07012016. HERMOSILLO, SONORA.MX.\u2014 La presidenta de DIF Hermosillo, Martha Ant\u00fanez de Acosta, recibi\u00f3 en donaci\u00f3n sillas de rueda por parte del presidente En Sonora en Equipo publicamos toda la informaci\u00f3n de Sonora, M\u00e9xico y el Mundo de manera oportuna y busca que la libertad de expresi\u00f3n sea real. Visita nuestro medio informativo publicado desde Hermosillo, Sonora. %","breadcrumb":{"@id":"https:\/\/www.sonoraenequipo.com.mx\/dif-hermosillo-beneficiara-con-sillas-de-ruedas-a-personas-con-discapacidad\/#breadcrumb"},"inLanguage":"es","potentialAction":[{"@type":"ReadAction","target":["https:\/\/www.sonoraenequipo.com.mx\/dif-hermosillo-beneficiara-con-sillas-de-ruedas-a-personas-con-discapacidad\/"]}]},{"@type":"BreadcrumbList","@id":"https:\/\/www.sonoraenequipo.com.mx\/dif-hermosillo-beneficiara-con-sillas-de-ruedas-a-personas-con-discapacidad\/#breadcrumb","itemListElement":[{"@type":"ListItem","position":1,"name":"Portada","item":"https:\/\/www.sonoraenequipo.com.mx\/"},{"@type":"ListItem","position":2,"name":"DIF Hermosillo beneficiar\u00e1 con sillas de ruedas a personas con discapacidad"}]},{"@type":"WebSite","@id":"https:\/\/www.sonoraenequipo.com.mx\/#website","url":"https:\/\/www.sonoraenequipo.com.mx\/","name":"Sonora en Equipo.","description":"Diario en l\u00ednea con Noticias desde Hermosillo, Sonora","publisher":{"@id":"https:\/\/www.sonoraenequipo.com.mx\/#organization"},"potentialAction":[{"@type":"SearchAction","target":{"@type":"EntryPoint","urlTemplate":"https:\/\/www.sonoraenequipo.com.mx\/?s={search_term_string}"},"query-input":{"@type":"PropertyValueSpecification","valueRequired":true,"valueName":"search_term_string"}}],"inLanguage":"es"},{"@type":"Organization","@id":"https:\/\/www.sonoraenequipo.com.mx\/#organization","name":"Sonoraenequipo.com.mx","url":"https:\/\/www.sonoraenequipo.com.mx\/","logo":{"@type":"ImageObject","inLanguage":"es","@id":"https:\/\/www.sonoraenequipo.com.mx\/#\/schema\/logo\/image\/","url":"https:\/\/www.sonoraenequipo.com.mx\/storage\/2019\/01\/sonoraenequipo_opt.png","contentUrl":"https:\/\/www.sonoraenequipo.com.mx\/storage\/2019\/01\/sonoraenequipo_opt.png","width":375,"height":125,"caption":"Sonoraenequipo.com.mx"},"image":{"@id":"https:\/\/www.sonoraenequipo.com.mx\/#\/schema\/logo\/image\/"},"sameAs":["https:\/\/www.facebook.com\/SonoraEE\/","https:\/\/x.com\/sonoraenequipo","https:\/\/www.youtube.com\/channel\/UC338nW-lPEYmJQs4ZABQ1SQ"]},{"@type":"Person","@id":"https:\/\/www.sonoraenequipo.com.mx\/#\/schema\/person\/50102df0fb23a8fa9e8effad8fa81386","name":"enequipo","image":{"@type":"ImageObject","inLanguage":"es","@id":"https:\/\/www.sonoraenequipo.com.mx\/#\/schema\/person\/image\/","url":"https:\/\/secure.gravatar.com\/avatar\/049821681b589dabc0bc20695993ccebb09f5b5d4d790cd9251b97faac7c652b?s=96&d=blank&r=g","contentUrl":"https:\/\/secure.gravatar.com\/avatar\/049821681b589dabc0bc20695993ccebb09f5b5d4d790cd9251b97faac7c652b?s=96&d=blank&r=g","caption":"enequipo"},"sameAs":["https:\/\/www.facebook.com\/SonoraEE"]}]}},"jetpack_featured_media_url":"","_links":{"self":[{"href":"https:\/\/www.sonoraenequipo.com.mx\/api\/wp\/v2\/posts\/2093","targetHints":{"allow":["GET"]}}],"collection":[{"href":"https:\/\/www.sonoraenequipo.com.mx\/api\/wp\/v2\/posts"}],"about":[{"href":"https:\/\/www.sonoraenequipo.com.mx\/api\/wp\/v2\/types\/post"}],"author":[{"embeddable":true,"href":"https:\/\/www.sonoraenequipo.com.mx\/api\/wp\/v2\/users\/1"}],"replies":[{"embeddable":true,"href":"https:\/\/www.sonoraenequipo.com.mx\/api\/wp\/v2\/comments?post=2093"}],"version-history":[{"count":0,"href":"https:\/\/www.sonoraenequipo.com.mx\/api\/wp\/v2\/posts\/2093\/revisions"}],"wp:attachment":[{"href":"https:\/\/www.sonoraenequipo.com.mx\/api\/wp\/v2\/media?parent=2093"}],"wp:term":[{"taxonomy":"category","embeddable":true,"href":"https:\/\/www.sonoraenequipo.com.mx\/api\/wp\/v2\/categories?post=2093"},{"taxonomy":"post_tag","embeddable":true,"href":"https:\/\/www.sonoraenequipo.com.mx\/api\/wp\/v2\/tags?post=2093"}],"curies":[{"name":"wp","href":"https:\/\/api.w.org\/{rel}","templated":true}]}}