{"id":209600,"date":"2025-02-14T15:41:56","date_gmt":"2025-02-14T22:41:56","guid":{"rendered":"https:\/\/www.sonoraenequipo.com.mx\/?p=209600"},"modified":"2025-02-14T15:41:56","modified_gmt":"2025-02-14T22:41:56","slug":"publican-convocatoria-para-eleccion-de-rectoria-2025-2030-en-la-unison","status":"publish","type":"post","link":"https:\/\/www.sonoraenequipo.com.mx\/publican-convocatoria-para-eleccion-de-rectoria-2025-2030-en-la-unison\/","title":{"rendered":"Publican convocatoria para elecci\u00f3n de Rector\u00eda 2025-2030 en la Unison"},"content":{"rendered":"<p><strong>HERMOSILLO, SONORA, MX.<\/strong> \u2014 Conforme a lo establecido en los art\u00edculos 18, 10 y 21 de la Ley N\u00famero 169, Org\u00e1nica de la Universidad de Sonora, as\u00ed como en el Estatuto General y el Reglamento General de Elecciones, hoy se public\u00f3 la convocatoria del Proceso de Elecci\u00f3n de la Persona Titular de Rector\u00eda de la Universidad de Sonora para el periodo 2025-2030.<\/p>\n<p>En rueda de prensa, la rectora de la m\u00e1xima casa de estudios, Mar\u00eda Rita Plancarte Mart\u00ednez, especific\u00f3 que el Colegiado Permanente de Asuntos Electorales fue la instancia responsable, tal como lo marca la normatividad vigente, de nombrar a los integrantes de la Comisi\u00f3n Electoral, la cual deriv\u00f3 de una insaculaci\u00f3n de personas que fueron propuestas por las distintas unidades acad\u00e9micas y \u00e1reas de la universidad.<\/p>\n<p>Como presidente de la Comisi\u00f3n Electoral fue designado Jes\u00fas Manuel Quiroz Castillo, profesor investigador del Departamento de Investigaci\u00f3n en Pol\u00edmeros y Materiales, mientras que, como secretaria, se nombr\u00f3 a Estrella Aurora D\u00f3rame Bustamante, trabajadora administrativa de la instituci\u00f3n.<\/p>\n<p>Plancarte Mart\u00ednez agradeci\u00f3 a los integrantes de la comisi\u00f3n y confi\u00f3 en el trabajo que desempe\u00f1ar\u00e1n durante el proceso de elecci\u00f3n porque, enfatiz\u00f3, \u201cmarca un momento hist\u00f3rico para la Universidad\u201d.<\/p>\n<p>En este sentido, tambi\u00e9n integran la Comisi\u00f3n Electoral los universitarios Alba Lucina Mart\u00ednez Haros, \u00c1ngel Eduardo Ramos C\u00e1rdenas, Ricardo Abdali Villa Enr\u00edquez, Manuel Mar\u00eda Tapia Fonllem, Ana Carolina Garc\u00eda Valenzuela, Paola Edith Rodr\u00edguez Reyes, Jael Teresa de Jes\u00fas Quintero Vargas, Iris Clarissa Contreras Torres, Alma Teresita del Ni\u00f1o Jes\u00fas Velarde Mend\u00edvil, Karen Alexa Cruz Manjarrez e Irene Marincic Lovriha.<\/p>\n<p>&nbsp;<\/p>\n<p>Aspectos generales<\/p>\n<p>Por su parte, el secretario General Administrativo, Luis Enrique Riojas Duarte, explic\u00f3 que el registro de aspirantes se llevar\u00e1 a cabo del 17 al 20 de febrero de 2025 en la Oficina T\u00e9cnica del Colegio Universitario, ubicada en la planta baja del edificio de Rector\u00eda.<\/p>\n<p>Los interesados deber\u00e1n presentarse de 9:00 a 14:00 y de 17:00 a 19:00 horas. Para solicitar cita, la Oficina T\u00e9cnica del Colegio Universitario habilit\u00f3 el correo colegio.universitario@unison.mx y los tel\u00e9fonos (662) 2592261, extensiones 1452 y 1070.<\/p>\n<p>El 21 de febrero, la Comisi\u00f3n Electoral publicar\u00e1 la lista de aspirantes que cumplan con los requisitos establecidos. Entre el 24 y el 26 de febrero, los aspirantes se presentar\u00e1n en audiencia ante la Comisi\u00f3n Electoral para exponer sus propuestas de trabajo. Posteriormente, el 27 de febrero, se dar\u00e1 a conocer la lista de personas seleccionadas que participar\u00e1n en la consulta universitaria, con base en la evaluaci\u00f3n de su experiencia, m\u00e9ritos acad\u00e9micos y plan de trabajo.<\/p>\n<p>Entre el 28 de febrero y el 24 de marzo, los aspirantes desarrollar\u00e1n su campa\u00f1a de promoci\u00f3n ante la comunidad universitaria. La Comisi\u00f3n Electoral, con apoyo de la Direcci\u00f3n de Comunicaci\u00f3n, difundir\u00e1 los perfiles y propuestas de los candidatos a trav\u00e9s de medios institucionales como el portal web, la radio universitaria y redes sociales.<\/p>\n<p>Tambi\u00e9n se organizar\u00e1n foros en los diferentes campus, programados para el 10 de marzo en Navojoa, el 11 de marzo en Cajeme, el 12 y el 20 de marzo en Hermosillo, el 13 de marzo en Santa Ana, el 18 de marzo en Caborca y el 19 de marzo en Nogales.<\/p>\n<p>La Comisi\u00f3n Electoral publicar\u00e1 el 4 de marzo las listas preliminares de votantes; entre el 4 y el 11 de marzo, la comunidad universitaria podr\u00e1 presentar solicitudes de correcci\u00f3n en caso de inconformidades y la lista definitiva de votantes se publicar\u00e1 el 18 de marzo, mientras que el 26 de marzo se realizar\u00e1 la consulta a la comunidad universitaria mediante votaci\u00f3n electr\u00f3nica, universal, directa, libre y secreta.<\/p>\n<p>El 28 de marzo, la Comisi\u00f3n Electoral publicar\u00e1 la terna de candidaturas integrada por los tres aspirantes con mayor porcentaje de votos por parte de la comunidad universitaria, de acuerdo con la ponderaci\u00f3n establecida en la Ley Org\u00e1nica de la Universidad de Sonora. Los finalistas entregar\u00e1n, a m\u00e1s tardar el 31 de marzo, un documento con la ampliaci\u00f3n de su propuesta de Plan de Desarrollo Institucional para el periodo 2025-2030.<\/p>\n<p>El 8 de abril, el Colegio Universitario se instalar\u00e1 en sesi\u00f3n permanente para recibir a los candidatos de la terna y proceder a la elecci\u00f3n de la persona que ocupar\u00e1 la Rector\u00eda durante el periodo 2025-2030.<\/p>\n<p>&nbsp;<\/p>\n<p>Requisitos de los aspirantes<\/p>\n<p>Asimismo, Jes\u00fas Manuel Quiroz Castillo, presidente de la Comisi\u00f3n Electoral dio a conocer las bases de la convocatoria del Proceso de Elecci\u00f3n de la Persona Titular de Rector\u00eda de la Universidad de Sonora para el periodo 2025-2030, que comprende del 16 de junio de 2025 al 15 de junio de 2030.<\/p>\n<p>Mencion\u00f3 que requisitos para ser titular de Rector\u00eda, de acuerdo al art\u00edculo 21 de la Ley 169 Org\u00e1nica de la Universidad de Sonora, debe tener nacionalidad mexicana por nacimiento, una edad de entre 35 y 70 a\u00f1os al momento de la designaci\u00f3n, t\u00edtulo profesional y estudios de posgrado. Adem\u00e1s, se requiere una antig\u00fcedad m\u00ednima de cinco a\u00f1os en labores de docencia e investigaci\u00f3n en la Universidad y estar laborando activamente al momento del registro.<\/p>\n<p>Tambi\u00e9n deber\u00e1n haberse distinguido de manera relevante en el \u00e1mbito profesional y tener reconocidos m\u00e9ritos acad\u00e9micos, cient\u00edficos, culturales, de innovaci\u00f3n, desarrollo tecnol\u00f3gico y\/o de participaci\u00f3n social.<\/p>\n<p>La convocatoria tambi\u00e9n establece que los aspirantes no deben haber ocupado cargos de liderazgo en partidos pol\u00edticos en los \u00faltimos cinco a\u00f1os ni contar con antecedentes de delitos graves, violencia de g\u00e9nero, violencia pol\u00edtica ni ser persona deudora alimenticia.<\/p>\n<p>Los detalles del proceso estar\u00e1n disponibles \u00fanicamente a trav\u00e9s de los medios oficiales de la Universidad de Sonora.<\/p>\n<p>&nbsp;<\/p>\n<p>La convocatoria se puede consultar AQU\u00cd. <a href=\"https:\/\/www.unison.mx\/storage\/2025\/02\/CONVO-RECTORIA-2025-2030.pdf\">https:\/\/www.unison.mx\/storage\/2025\/02\/CONVO-RECTORIA-2025-2030.pdf<\/a><\/p>\n<p><strong>Fecha de publicaci\u00f3n viernes 14 de febrero de 2025 \/<\/strong><\/p>\n","protected":false},"excerpt":{"rendered":"<p>HERMOSILLO, SONORA, MX. \u2014 Conforme a lo establecido en los art\u00edculos 18, 10 y 21&#8230;<\/p>\n","protected":false},"author":1,"featured_media":209601,"comment_status":"open","ping_status":"open","sticky":false,"template":"","format":"standard","meta":{"_monsterinsights_skip_tracking":false,"_monsterinsights_sitenote_active":false,"_monsterinsights_sitenote_note":"","_monsterinsights_sitenote_category":0,"footnotes":""},"categories":[22],"tags":[10863],"class_list":["post"],"yoast_head":" \n<title>Sonora en Equipo. Publican convocatoria para elecci\u00f3n de Rector\u00eda 2025-2030 en la Unison Sonora<\/title>\n<meta name=\"description\" content=\"HERMOSILLO, SONORA, MX. \u2014 Conforme a lo establecido en los art\u00edculos 18, 10 y 21 de la Ley N\u00famero 169, Org\u00e1nica de la Universidad de Sonora, as\u00ed como en En Sonora en Equipo publicamos toda la informaci\u00f3n de Sonora, M\u00e9xico y el Mundo de manera oportuna y busca que la libertad de expresi\u00f3n sea real. Visita nuestro medio informativo publicado desde Hermosillo, Sonora. %\" \/>\n<meta name=\"robots\" content=\"index, follow, max-snippet:-1, max-image-preview:large, max-video-preview:-1\" \/>\n<link rel=\"canonical\" href=\"https:\/\/www.sonoraenequipo.com.mx\/publican-convocatoria-para-eleccion-de-rectoria-2025-2030-en-la-unison\/\" \/>\n<meta property=\"og:locale\" content=\"es_ES\" \/>\n<meta property=\"og:type\" content=\"article\" \/>\n<meta property=\"og:title\" content=\"Sonora en Equipo. Publican convocatoria para elecci\u00f3n de Rector\u00eda 2025-2030 en la Unison Sonora\" \/>\n<meta property=\"og:description\" content=\"HERMOSILLO, SONORA, MX. \u2014 Conforme a lo establecido en los art\u00edculos 18, 10 y 21 de la Ley N\u00famero 169, Org\u00e1nica de la Universidad de Sonora, as\u00ed como en En Sonora en Equipo publicamos toda la informaci\u00f3n de Sonora, M\u00e9xico y el Mundo de manera oportuna y busca que la libertad de expresi\u00f3n sea real. Visita nuestro medio informativo publicado desde Hermosillo, Sonora. %\" \/>\n<meta property=\"og:url\" content=\"https:\/\/www.sonoraenequipo.com.mx\/publican-convocatoria-para-eleccion-de-rectoria-2025-2030-en-la-unison\/\" \/>\n<meta property=\"og:site_name\" content=\"Sonora en Equipo.\" \/>\n<meta property=\"article:publisher\" content=\"https:\/\/www.facebook.com\/SonoraEE\/\" \/>\n<meta property=\"article:author\" content=\"https:\/\/www.facebook.com\/SonoraEE\" \/>\n<meta property=\"article:published_time\" content=\"2025-02-14T22:41:56+00:00\" \/>\n<meta property=\"og:image\" content=\"https:\/\/www.sonoraenequipo.com.mx\/storage\/2025\/02\/unison-convocatoria.jpg\" \/>\n\t<meta property=\"og:image:width\" content=\"600\" \/>\n\t<meta property=\"og:image:height\" content=\"400\" \/>\n\t<meta property=\"og:image:type\" content=\"image\/jpeg\" \/>\n<meta name=\"author\" content=\"enequipo\" \/>\n<meta name=\"twitter:card\" content=\"summary_large_image\" \/>\n<meta name=\"twitter:creator\" content=\"@sonoraenequipo\" \/>\n<meta name=\"twitter:site\" content=\"@sonoraenequipo\" \/>\n<meta name=\"twitter:label1\" content=\"Escrito por\" \/>\n\t<meta name=\"twitter:data1\" content=\"enequipo\" \/>\n\t<meta name=\"twitter:label2\" content=\"Tiempo de lectura\" \/>\n\t<meta name=\"twitter:data2\" content=\"5 minutos\" \/>\n<script type=\"application\/ld+json\" class=\"yoast-schema-graph\">{\"@context\":\"https:\/\/schema.org\",\"@graph\":[{\"@type\":\"Article\",\"@id\":\"https:\/\/www.sonoraenequipo.com.mx\/publican-convocatoria-para-eleccion-de-rectoria-2025-2030-en-la-unison\/#article\",\"isPartOf\":{\"@id\":\"https:\/\/www.sonoraenequipo.com.mx\/publican-convocatoria-para-eleccion-de-rectoria-2025-2030-en-la-unison\/\"},\"author\":{\"name\":\"enequipo\",\"@id\":\"https:\/\/www.sonoraenequipo.com.mx\/#\/schema\/person\/50102df0fb23a8fa9e8effad8fa81386\"},\"headline\":\"Publican convocatoria para elecci\u00f3n de Rector\u00eda 2025-2030 en la Unison\",\"datePublished\":\"2025-02-14T22:41:56+00:00\",\"mainEntityOfPage\":{\"@id\":\"https:\/\/www.sonoraenequipo.com.mx\/publican-convocatoria-para-eleccion-de-rectoria-2025-2030-en-la-unison\/\"},\"wordCount\":999,\"commentCount\":0,\"publisher\":{\"@id\":\"https:\/\/www.sonoraenequipo.com.mx\/#organization\"},\"image\":{\"@id\":\"https:\/\/www.sonoraenequipo.com.mx\/publican-convocatoria-para-eleccion-de-rectoria-2025-2030-en-la-unison\/#primaryimage\"},\"thumbnailUrl\":\"https:\/\/www.sonoraenequipo.com.mx\/storage\/2025\/02\/unison-convocatoria.jpg\",\"keywords\":[\"nueva rector\u00eda Unison\"],\"articleSection\":[\"Sonora\"],\"inLanguage\":\"es\",\"potentialAction\":[{\"@type\":\"CommentAction\",\"name\":\"Comment\",\"target\":[\"https:\/\/www.sonoraenequipo.com.mx\/publican-convocatoria-para-eleccion-de-rectoria-2025-2030-en-la-unison\/#respond\"]}]},{\"@type\":\"WebPage\",\"@id\":\"https:\/\/www.sonoraenequipo.com.mx\/publican-convocatoria-para-eleccion-de-rectoria-2025-2030-en-la-unison\/\",\"url\":\"https:\/\/www.sonoraenequipo.com.mx\/publican-convocatoria-para-eleccion-de-rectoria-2025-2030-en-la-unison\/\",\"name\":\"Sonora en Equipo. Publican convocatoria para elecci\u00f3n de Rector\u00eda 2025-2030 en la Unison Sonora\",\"isPartOf\":{\"@id\":\"https:\/\/www.sonoraenequipo.com.mx\/#website\"},\"primaryImageOfPage\":{\"@id\":\"https:\/\/www.sonoraenequipo.com.mx\/publican-convocatoria-para-eleccion-de-rectoria-2025-2030-en-la-unison\/#primaryimage\"},\"image\":{\"@id\":\"https:\/\/www.sonoraenequipo.com.mx\/publican-convocatoria-para-eleccion-de-rectoria-2025-2030-en-la-unison\/#primaryimage\"},\"thumbnailUrl\":\"https:\/\/www.sonoraenequipo.com.mx\/storage\/2025\/02\/unison-convocatoria.jpg\",\"datePublished\":\"2025-02-14T22:41:56+00:00\",\"description\":\"HERMOSILLO, SONORA, MX. \u2014 Conforme a lo establecido en los art\u00edculos 18, 10 y 21 de la Ley N\u00famero 169, Org\u00e1nica de la Universidad de Sonora, as\u00ed como en En Sonora en Equipo publicamos toda la informaci\u00f3n de Sonora, M\u00e9xico y el Mundo de manera oportuna y busca que la libertad de expresi\u00f3n sea real. Visita nuestro medio informativo publicado desde Hermosillo, Sonora. %\",\"breadcrumb\":{\"@id\":\"https:\/\/www.sonoraenequipo.com.mx\/publican-convocatoria-para-eleccion-de-rectoria-2025-2030-en-la-unison\/#breadcrumb\"},\"inLanguage\":\"es\",\"potentialAction\":[{\"@type\":\"ReadAction\",\"target\":[\"https:\/\/www.sonoraenequipo.com.mx\/publican-convocatoria-para-eleccion-de-rectoria-2025-2030-en-la-unison\/\"]}]},{\"@type\":\"ImageObject\",\"inLanguage\":\"es\",\"@id\":\"https:\/\/www.sonoraenequipo.com.mx\/publican-convocatoria-para-eleccion-de-rectoria-2025-2030-en-la-unison\/#primaryimage\",\"url\":\"https:\/\/www.sonoraenequipo.com.mx\/storage\/2025\/02\/unison-convocatoria.jpg\",\"contentUrl\":\"https:\/\/www.sonoraenequipo.com.mx\/storage\/2025\/02\/unison-convocatoria.jpg\",\"width\":600,\"height\":400},{\"@type\":\"BreadcrumbList\",\"@id\":\"https:\/\/www.sonoraenequipo.com.mx\/publican-convocatoria-para-eleccion-de-rectoria-2025-2030-en-la-unison\/#breadcrumb\",\"itemListElement\":[{\"@type\":\"ListItem\",\"position\":1,\"name\":\"Portada\",\"item\":\"https:\/\/www.sonoraenequipo.com.mx\/\"},{\"@type\":\"ListItem\",\"position\":2,\"name\":\"Publican convocatoria para elecci\u00f3n de Rector\u00eda 2025-2030 en la Unison\"}]},{\"@type\":\"WebSite\",\"@id\":\"https:\/\/www.sonoraenequipo.com.mx\/#website\",\"url\":\"https:\/\/www.sonoraenequipo.com.mx\/\",\"name\":\"Sonora en Equipo.\",\"description\":\"Diario en l\u00ednea con Noticias desde Hermosillo, Sonora\",\"publisher\":{\"@id\":\"https:\/\/www.sonoraenequipo.com.mx\/#organization\"},\"potentialAction\":[{\"@type\":\"SearchAction\",\"target\":{\"@type\":\"EntryPoint\",\"urlTemplate\":\"https:\/\/www.sonoraenequipo.com.mx\/?s={search_term_string}\"},\"query-input\":{\"@type\":\"PropertyValueSpecification\",\"valueRequired\":true,\"valueName\":\"search_term_string\"}}],\"inLanguage\":\"es\"},{\"@type\":\"Organization\",\"@id\":\"https:\/\/www.sonoraenequipo.com.mx\/#organization\",\"name\":\"Sonoraenequipo.com.mx\",\"url\":\"https:\/\/www.sonoraenequipo.com.mx\/\",\"logo\":{\"@type\":\"ImageObject\",\"inLanguage\":\"es\",\"@id\":\"https:\/\/www.sonoraenequipo.com.mx\/#\/schema\/logo\/image\/\",\"url\":\"https:\/\/www.sonoraenequipo.com.mx\/storage\/2019\/01\/sonoraenequipo_opt.png\",\"contentUrl\":\"https:\/\/www.sonoraenequipo.com.mx\/storage\/2019\/01\/sonoraenequipo_opt.png\",\"width\":375,\"height\":125,\"caption\":\"Sonoraenequipo.com.mx\"},\"image\":{\"@id\":\"https:\/\/www.sonoraenequipo.com.mx\/#\/schema\/logo\/image\/\"},\"sameAs\":[\"https:\/\/www.facebook.com\/SonoraEE\/\",\"https:\/\/x.com\/sonoraenequipo\",\"https:\/\/www.youtube.com\/channel\/UC338nW-lPEYmJQs4ZABQ1SQ\"]},{\"@type\":\"Person\",\"@id\":\"https:\/\/www.sonoraenequipo.com.mx\/#\/schema\/person\/50102df0fb23a8fa9e8effad8fa81386\",\"name\":\"enequipo\",\"image\":{\"@type\":\"ImageObject\",\"inLanguage\":\"es\",\"@id\":\"https:\/\/www.sonoraenequipo.com.mx\/#\/schema\/person\/image\/\",\"url\":\"https:\/\/secure.gravatar.com\/avatar\/049821681b589dabc0bc20695993ccebb09f5b5d4d790cd9251b97faac7c652b?s=96&d=blank&r=g\",\"contentUrl\":\"https:\/\/secure.gravatar.com\/avatar\/049821681b589dabc0bc20695993ccebb09f5b5d4d790cd9251b97faac7c652b?s=96&d=blank&r=g\",\"caption\":\"enequipo\"},\"sameAs\":[\"https:\/\/www.facebook.com\/SonoraEE\"]}]}<\/script>\n ","yoast_head_json":{"title":"Sonora en Equipo. Publican convocatoria para elecci\u00f3n de Rector\u00eda 2025-2030 en la Unison Sonora","description":"HERMOSILLO, SONORA, MX. \u2014 Conforme a lo establecido en los art\u00edculos 18, 10 y 21 de la Ley N\u00famero 169, Org\u00e1nica de la Universidad de Sonora, as\u00ed como en En Sonora en Equipo publicamos toda la informaci\u00f3n de Sonora, M\u00e9xico y el Mundo de manera oportuna y busca que la libertad de expresi\u00f3n sea real. Visita nuestro medio informativo publicado desde Hermosillo, Sonora. %","robots":{"index":"index","follow":"follow","max-snippet":"max-snippet:-1","max-image-preview":"max-image-preview:large","max-video-preview":"max-video-preview:-1"},"canonical":"https:\/\/www.sonoraenequipo.com.mx\/publican-convocatoria-para-eleccion-de-rectoria-2025-2030-en-la-unison\/","og_locale":"es_ES","og_type":"article","og_title":"Sonora en Equipo. Publican convocatoria para elecci\u00f3n de Rector\u00eda 2025-2030 en la Unison Sonora","og_description":"HERMOSILLO, SONORA, MX. \u2014 Conforme a lo establecido en los art\u00edculos 18, 10 y 21 de la Ley N\u00famero 169, Org\u00e1nica de la Universidad de Sonora, as\u00ed como en En Sonora en Equipo publicamos toda la informaci\u00f3n de Sonora, M\u00e9xico y el Mundo de manera oportuna y busca que la libertad de expresi\u00f3n sea real. Visita nuestro medio informativo publicado desde Hermosillo, Sonora. %","og_url":"https:\/\/www.sonoraenequipo.com.mx\/publican-convocatoria-para-eleccion-de-rectoria-2025-2030-en-la-unison\/","og_site_name":"Sonora en Equipo.","article_publisher":"https:\/\/www.facebook.com\/SonoraEE\/","article_author":"https:\/\/www.facebook.com\/SonoraEE","article_published_time":"2025-02-14T22:41:56+00:00","og_image":[{"width":600,"height":400,"url":"https:\/\/www.sonoraenequipo.com.mx\/storage\/2025\/02\/unison-convocatoria.jpg","type":"image\/jpeg"}],"author":"enequipo","twitter_card":"summary_large_image","twitter_creator":"@sonoraenequipo","twitter_site":"@sonoraenequipo","twitter_misc":{"Escrito por":"enequipo","Tiempo de lectura":"5 minutos"},"schema":{"@context":"https:\/\/schema.org","@graph":[{"@type":"Article","@id":"https:\/\/www.sonoraenequipo.com.mx\/publican-convocatoria-para-eleccion-de-rectoria-2025-2030-en-la-unison\/#article","isPartOf":{"@id":"https:\/\/www.sonoraenequipo.com.mx\/publican-convocatoria-para-eleccion-de-rectoria-2025-2030-en-la-unison\/"},"author":{"name":"enequipo","@id":"https:\/\/www.sonoraenequipo.com.mx\/#\/schema\/person\/50102df0fb23a8fa9e8effad8fa81386"},"headline":"Publican convocatoria para elecci\u00f3n de Rector\u00eda 2025-2030 en la Unison","datePublished":"2025-02-14T22:41:56+00:00","mainEntityOfPage":{"@id":"https:\/\/www.sonoraenequipo.com.mx\/publican-convocatoria-para-eleccion-de-rectoria-2025-2030-en-la-unison\/"},"wordCount":999,"commentCount":0,"publisher":{"@id":"https:\/\/www.sonoraenequipo.com.mx\/#organization"},"image":{"@id":"https:\/\/www.sonoraenequipo.com.mx\/publican-convocatoria-para-eleccion-de-rectoria-2025-2030-en-la-unison\/#primaryimage"},"thumbnailUrl":"https:\/\/www.sonoraenequipo.com.mx\/storage\/2025\/02\/unison-convocatoria.jpg","keywords":["nueva rector\u00eda Unison"],"articleSection":["Sonora"],"inLanguage":"es","potentialAction":[{"@type":"CommentAction","name":"Comment","target":["https:\/\/www.sonoraenequipo.com.mx\/publican-convocatoria-para-eleccion-de-rectoria-2025-2030-en-la-unison\/#respond"]}]},{"@type":"WebPage","@id":"https:\/\/www.sonoraenequipo.com.mx\/publican-convocatoria-para-eleccion-de-rectoria-2025-2030-en-la-unison\/","url":"https:\/\/www.sonoraenequipo.com.mx\/publican-convocatoria-para-eleccion-de-rectoria-2025-2030-en-la-unison\/","name":"Sonora en Equipo. Publican convocatoria para elecci\u00f3n de Rector\u00eda 2025-2030 en la Unison Sonora","isPartOf":{"@id":"https:\/\/www.sonoraenequipo.com.mx\/#website"},"primaryImageOfPage":{"@id":"https:\/\/www.sonoraenequipo.com.mx\/publican-convocatoria-para-eleccion-de-rectoria-2025-2030-en-la-unison\/#primaryimage"},"image":{"@id":"https:\/\/www.sonoraenequipo.com.mx\/publican-convocatoria-para-eleccion-de-rectoria-2025-2030-en-la-unison\/#primaryimage"},"thumbnailUrl":"https:\/\/www.sonoraenequipo.com.mx\/storage\/2025\/02\/unison-convocatoria.jpg","datePublished":"2025-02-14T22:41:56+00:00","description":"HERMOSILLO, SONORA, MX. \u2014 Conforme a lo establecido en los art\u00edculos 18, 10 y 21 de la Ley N\u00famero 169, Org\u00e1nica de la Universidad de Sonora, as\u00ed como en En Sonora en Equipo publicamos toda la informaci\u00f3n de Sonora, M\u00e9xico y el Mundo de manera oportuna y busca que la libertad de expresi\u00f3n sea real. Visita nuestro medio informativo publicado desde Hermosillo, Sonora. %","breadcrumb":{"@id":"https:\/\/www.sonoraenequipo.com.mx\/publican-convocatoria-para-eleccion-de-rectoria-2025-2030-en-la-unison\/#breadcrumb"},"inLanguage":"es","potentialAction":[{"@type":"ReadAction","target":["https:\/\/www.sonoraenequipo.com.mx\/publican-convocatoria-para-eleccion-de-rectoria-2025-2030-en-la-unison\/"]}]},{"@type":"ImageObject","inLanguage":"es","@id":"https:\/\/www.sonoraenequipo.com.mx\/publican-convocatoria-para-eleccion-de-rectoria-2025-2030-en-la-unison\/#primaryimage","url":"https:\/\/www.sonoraenequipo.com.mx\/storage\/2025\/02\/unison-convocatoria.jpg","contentUrl":"https:\/\/www.sonoraenequipo.com.mx\/storage\/2025\/02\/unison-convocatoria.jpg","width":600,"height":400},{"@type":"BreadcrumbList","@id":"https:\/\/www.sonoraenequipo.com.mx\/publican-convocatoria-para-eleccion-de-rectoria-2025-2030-en-la-unison\/#breadcrumb","itemListElement":[{"@type":"ListItem","position":1,"name":"Portada","item":"https:\/\/www.sonoraenequipo.com.mx\/"},{"@type":"ListItem","position":2,"name":"Publican convocatoria para elecci\u00f3n de Rector\u00eda 2025-2030 en la Unison"}]},{"@type":"WebSite","@id":"https:\/\/www.sonoraenequipo.com.mx\/#website","url":"https:\/\/www.sonoraenequipo.com.mx\/","name":"Sonora en Equipo.","description":"Diario en l\u00ednea con Noticias desde Hermosillo, Sonora","publisher":{"@id":"https:\/\/www.sonoraenequipo.com.mx\/#organization"},"potentialAction":[{"@type":"SearchAction","target":{"@type":"EntryPoint","urlTemplate":"https:\/\/www.sonoraenequipo.com.mx\/?s={search_term_string}"},"query-input":{"@type":"PropertyValueSpecification","valueRequired":true,"valueName":"search_term_string"}}],"inLanguage":"es"},{"@type":"Organization","@id":"https:\/\/www.sonoraenequipo.com.mx\/#organization","name":"Sonoraenequipo.com.mx","url":"https:\/\/www.sonoraenequipo.com.mx\/","logo":{"@type":"ImageObject","inLanguage":"es","@id":"https:\/\/www.sonoraenequipo.com.mx\/#\/schema\/logo\/image\/","url":"https:\/\/www.sonoraenequipo.com.mx\/storage\/2019\/01\/sonoraenequipo_opt.png","contentUrl":"https:\/\/www.sonoraenequipo.com.mx\/storage\/2019\/01\/sonoraenequipo_opt.png","width":375,"height":125,"caption":"Sonoraenequipo.com.mx"},"image":{"@id":"https:\/\/www.sonoraenequipo.com.mx\/#\/schema\/logo\/image\/"},"sameAs":["https:\/\/www.facebook.com\/SonoraEE\/","https:\/\/x.com\/sonoraenequipo","https:\/\/www.youtube.com\/channel\/UC338nW-lPEYmJQs4ZABQ1SQ"]},{"@type":"Person","@id":"https:\/\/www.sonoraenequipo.com.mx\/#\/schema\/person\/50102df0fb23a8fa9e8effad8fa81386","name":"enequipo","image":{"@type":"ImageObject","inLanguage":"es","@id":"https:\/\/www.sonoraenequipo.com.mx\/#\/schema\/person\/image\/","url":"https:\/\/secure.gravatar.com\/avatar\/049821681b589dabc0bc20695993ccebb09f5b5d4d790cd9251b97faac7c652b?s=96&d=blank&r=g","contentUrl":"https:\/\/secure.gravatar.com\/avatar\/049821681b589dabc0bc20695993ccebb09f5b5d4d790cd9251b97faac7c652b?s=96&d=blank&r=g","caption":"enequipo"},"sameAs":["https:\/\/www.facebook.com\/SonoraEE"]}]}},"jetpack_featured_media_url":"https:\/\/www.sonoraenequipo.com.mx\/storage\/2025\/02\/unison-convocatoria.jpg","_links":{"self":[{"href":"https:\/\/www.sonoraenequipo.com.mx\/api\/wp\/v2\/posts\/209600","targetHints":{"allow":["GET"]}}],"collection":[{"href":"https:\/\/www.sonoraenequipo.com.mx\/api\/wp\/v2\/posts"}],"about":[{"href":"https:\/\/www.sonoraenequipo.com.mx\/api\/wp\/v2\/types\/post"}],"author":[{"embeddable":true,"href":"https:\/\/www.sonoraenequipo.com.mx\/api\/wp\/v2\/users\/1"}],"replies":[{"embeddable":true,"href":"https:\/\/www.sonoraenequipo.com.mx\/api\/wp\/v2\/comments?post=209600"}],"version-history":[{"count":1,"href":"https:\/\/www.sonoraenequipo.com.mx\/api\/wp\/v2\/posts\/209600\/revisions"}],"predecessor-version":[{"id":209602,"href":"https:\/\/www.sonoraenequipo.com.mx\/api\/wp\/v2\/posts\/209600\/revisions\/209602"}],"wp:featuredmedia":[{"embeddable":true,"href":"https:\/\/www.sonoraenequipo.com.mx\/api\/wp\/v2\/media\/209601"}],"wp:attachment":[{"href":"https:\/\/www.sonoraenequipo.com.mx\/api\/wp\/v2\/media?parent=209600"}],"wp:term":[{"taxonomy":"category","embeddable":true,"href":"https:\/\/www.sonoraenequipo.com.mx\/api\/wp\/v2\/categories?post=209600"},{"taxonomy":"post_tag","embeddable":true,"href":"https:\/\/www.sonoraenequipo.com.mx\/api\/wp\/v2\/tags?post=209600"}],"curies":[{"name":"wp","href":"https:\/\/api.w.org\/{rel}","templated":true}]}}