{"id":209614,"date":"2025-02-14T09:07:53","date_gmt":"2025-02-14T16:07:53","guid":{"rendered":"https:\/\/www.sonoraenequipo.com.mx\/?p=209614"},"modified":"2025-02-14T19:10:23","modified_gmt":"2025-02-15T02:10:23","slug":"sheinbaum-confirma-a-rafael-marin-como-director-de-la-agencia-de-aduanas","status":"publish","type":"post","link":"https:\/\/www.sonoraenequipo.com.mx\/sheinbaum-confirma-a-rafael-marin-como-director-de-la-agencia-de-aduanas\/","title":{"rendered":"Sheinbaum confirma a Rafael Mar\u00edn como director de la Agencia de Aduanas"},"content":{"rendered":"<p><b>CIUDAD DE M\u00c9XICO. MX. \u2014 <\/b>Este viernes la presidenta Claudia Sheinbaum fue cuestionada sobre el retorno de Rafael Mar\u00edn Mollinedo a su gabinete presidencial, por lo que la mandataria lo confirm\u00f3.<\/p>\n<p> <br \/>\nEl jueves 13 de febrero se dio a conocer que Rafael Mar\u00edn asumir\u00eda la direcci\u00f3n de la Agencia Nacional de Aduanas de M\u00e9xico (ANAM) el d\u00eda 16 del mismo mes, por lo que la titular del Poder Ejecutivo fue cuestionada en La Ma\u00f1anera qu\u00e9 tan cierto era este cambio, llev\u00e1ndola a mencionar que s\u00ed cuenta con dicha invitaci\u00f3n e incluso, se le ha asignado una tarea muy importante.<\/p>\n<p><em><strong>\u201cS\u00ed se confirma&#8230; no s\u00e9 si se acuerdan que desde antes de la campa\u00f1a yo dec\u00eda que en Aduanas, por muchos mecanismos, es indispensable aumentar la recaudaci\u00f3n, esa es su tarea, aumentar la recaudaci\u00f3n de las aduanas\u201d,<\/strong><\/em> dijo ante la prensa.<\/p>\n<p>La presidenta destac\u00f3 que este anuncio forma parte de las acciones que el Gobierno de M\u00e9xico lleva a cabo a modo de recaudar m\u00e1s recursos para el erario p\u00fablico, por lo cual resalt\u00f3 que, durante el primer mes del 2025 se ha conseguido tal acci\u00f3n; sin embargo, con la llegada del nuevo encargado se espera que los recursos aumenten.<\/p>\n<p><em><strong>\u201c\u00c9l tiene la tarea ahora de coordinar elementos, que hay de la secretar\u00eda de la Defensa, de Marina, civiles tambi\u00e9n, y trabajar muy de la mano con la Agencia Digital, con Agencia de Transformaci\u00f3n Digital\u201d,<\/strong> <\/em>asegur\u00f3.<\/p>\n<p>La presidenta adem\u00e1s declar\u00f3 que cada semana se encargar\u00e1 de coordinar acciones con la ANAM, especialmente porque se ha mostrado confiada en que se lograr\u00e1 m\u00e1s recaudaci\u00f3n que, insisti\u00f3, beneficiar\u00e1 al pueblo de M\u00e9xico.<\/p>\n<p>\u201cEstoy segura de que vamos a tener m\u00e1s recaudaci\u00f3n y con ello poder cumplir con los compromisos que hemos dicho y m\u00e1s para el pueblo de M\u00e9xico\u201d, concluy\u00f3 la presidenta.<\/p>\n<p>PUBLICADO EL 14 DE FEBRERO DE 2025 Con informaci\u00f3n de Conferencia matutina)<\/p>\n","protected":false},"excerpt":{"rendered":"<p>CIUDAD DE M\u00c9XICO. MX. \u2014 Este viernes la presidenta Claudia Sheinbaum fue cuestionada sobre el&#8230;<\/p>\n","protected":false},"author":1,"featured_media":209622,"comment_status":"open","ping_status":"open","sticky":false,"template":"","format":"standard","meta":{"_monsterinsights_skip_tracking":false,"_monsterinsights_sitenote_active":false,"_monsterinsights_sitenote_note":"","_monsterinsights_sitenote_category":0,"footnotes":""},"categories":[5],"tags":[],"class_list":["post"],"yoast_head":" \n<title>Sonora en Equipo. Sheinbaum confirma a Rafael Mar\u00edn como director de la Agencia de Aduanas Rep\u00fablica<\/title>\n<meta name=\"description\" content=\"CIUDAD DE M\u00c9XICO. MX. \u2014 Este viernes la presidenta Claudia Sheinbaum fue cuestionada sobre el retorno de Rafael Mar\u00edn Mollinedo a su gabinete En Sonora en Equipo publicamos toda la informaci\u00f3n de Sonora, M\u00e9xico y el Mundo de manera oportuna y busca que la libertad de expresi\u00f3n sea real. Visita nuestro medio informativo publicado desde Hermosillo, Sonora. %\" \/>\n<meta name=\"robots\" content=\"index, follow, max-snippet:-1, max-image-preview:large, max-video-preview:-1\" \/>\n<link rel=\"canonical\" href=\"https:\/\/www.sonoraenequipo.com.mx\/sheinbaum-confirma-a-rafael-marin-como-director-de-la-agencia-de-aduanas\/\" \/>\n<meta property=\"og:locale\" content=\"es_ES\" \/>\n<meta property=\"og:type\" content=\"article\" \/>\n<meta property=\"og:title\" content=\"Sonora en Equipo. Sheinbaum confirma a Rafael Mar\u00edn como director de la Agencia de Aduanas Rep\u00fablica\" \/>\n<meta property=\"og:description\" content=\"CIUDAD DE M\u00c9XICO. MX. \u2014 Este viernes la presidenta Claudia Sheinbaum fue cuestionada sobre el retorno de Rafael Mar\u00edn Mollinedo a su gabinete En Sonora en Equipo publicamos toda la informaci\u00f3n de Sonora, M\u00e9xico y el Mundo de manera oportuna y busca que la libertad de expresi\u00f3n sea real. Visita nuestro medio informativo publicado desde Hermosillo, Sonora. %\" \/>\n<meta property=\"og:url\" content=\"https:\/\/www.sonoraenequipo.com.mx\/sheinbaum-confirma-a-rafael-marin-como-director-de-la-agencia-de-aduanas\/\" \/>\n<meta property=\"og:site_name\" content=\"Sonora en Equipo.\" \/>\n<meta property=\"article:publisher\" content=\"https:\/\/www.facebook.com\/SonoraEE\/\" \/>\n<meta property=\"article:author\" content=\"https:\/\/www.facebook.com\/SonoraEE\" \/>\n<meta property=\"article:published_time\" content=\"2025-02-14T16:07:53+00:00\" \/>\n<meta property=\"article:modified_time\" content=\"2025-02-15T02:10:23+00:00\" \/>\n<meta property=\"og:image\" content=\"https:\/\/www.sonoraenequipo.com.mx\/storage\/2025\/02\/rafael-marin-mollinedo.jpg\" \/>\n\t<meta property=\"og:image:width\" content=\"1920\" \/>\n\t<meta property=\"og:image:height\" content=\"1280\" \/>\n\t<meta property=\"og:image:type\" content=\"image\/jpeg\" \/>\n<meta name=\"author\" content=\"enequipo\" \/>\n<meta name=\"twitter:card\" content=\"summary_large_image\" \/>\n<meta name=\"twitter:creator\" content=\"@sonoraenequipo\" \/>\n<meta name=\"twitter:site\" content=\"@sonoraenequipo\" \/>\n<meta name=\"twitter:label1\" content=\"Escrito por\" \/>\n\t<meta name=\"twitter:data1\" content=\"enequipo\" \/>\n\t<meta name=\"twitter:label2\" content=\"Tiempo de lectura\" \/>\n\t<meta name=\"twitter:data2\" content=\"2 minutos\" \/>\n<script type=\"application\/ld+json\" class=\"yoast-schema-graph\">{\"@context\":\"https:\/\/schema.org\",\"@graph\":[{\"@type\":\"Article\",\"@id\":\"https:\/\/www.sonoraenequipo.com.mx\/sheinbaum-confirma-a-rafael-marin-como-director-de-la-agencia-de-aduanas\/#article\",\"isPartOf\":{\"@id\":\"https:\/\/www.sonoraenequipo.com.mx\/sheinbaum-confirma-a-rafael-marin-como-director-de-la-agencia-de-aduanas\/\"},\"author\":{\"name\":\"enequipo\",\"@id\":\"https:\/\/www.sonoraenequipo.com.mx\/#\/schema\/person\/50102df0fb23a8fa9e8effad8fa81386\"},\"headline\":\"Sheinbaum confirma a Rafael Mar\u00edn como director de la Agencia de Aduanas\",\"datePublished\":\"2025-02-14T16:07:53+00:00\",\"dateModified\":\"2025-02-15T02:10:23+00:00\",\"mainEntityOfPage\":{\"@id\":\"https:\/\/www.sonoraenequipo.com.mx\/sheinbaum-confirma-a-rafael-marin-como-director-de-la-agencia-de-aduanas\/\"},\"wordCount\":348,\"commentCount\":0,\"publisher\":{\"@id\":\"https:\/\/www.sonoraenequipo.com.mx\/#organization\"},\"image\":{\"@id\":\"https:\/\/www.sonoraenequipo.com.mx\/sheinbaum-confirma-a-rafael-marin-como-director-de-la-agencia-de-aduanas\/#primaryimage\"},\"thumbnailUrl\":\"https:\/\/www.sonoraenequipo.com.mx\/storage\/2025\/02\/rafael-marin-mollinedo.jpg\",\"articleSection\":[\"Rep\u00fablica\"],\"inLanguage\":\"es\",\"potentialAction\":[{\"@type\":\"CommentAction\",\"name\":\"Comment\",\"target\":[\"https:\/\/www.sonoraenequipo.com.mx\/sheinbaum-confirma-a-rafael-marin-como-director-de-la-agencia-de-aduanas\/#respond\"]}]},{\"@type\":\"WebPage\",\"@id\":\"https:\/\/www.sonoraenequipo.com.mx\/sheinbaum-confirma-a-rafael-marin-como-director-de-la-agencia-de-aduanas\/\",\"url\":\"https:\/\/www.sonoraenequipo.com.mx\/sheinbaum-confirma-a-rafael-marin-como-director-de-la-agencia-de-aduanas\/\",\"name\":\"Sonora en Equipo. Sheinbaum confirma a Rafael Mar\u00edn como director de la Agencia de Aduanas Rep\u00fablica\",\"isPartOf\":{\"@id\":\"https:\/\/www.sonoraenequipo.com.mx\/#website\"},\"primaryImageOfPage\":{\"@id\":\"https:\/\/www.sonoraenequipo.com.mx\/sheinbaum-confirma-a-rafael-marin-como-director-de-la-agencia-de-aduanas\/#primaryimage\"},\"image\":{\"@id\":\"https:\/\/www.sonoraenequipo.com.mx\/sheinbaum-confirma-a-rafael-marin-como-director-de-la-agencia-de-aduanas\/#primaryimage\"},\"thumbnailUrl\":\"https:\/\/www.sonoraenequipo.com.mx\/storage\/2025\/02\/rafael-marin-mollinedo.jpg\",\"datePublished\":\"2025-02-14T16:07:53+00:00\",\"dateModified\":\"2025-02-15T02:10:23+00:00\",\"description\":\"CIUDAD DE M\u00c9XICO. MX. \u2014 Este viernes la presidenta Claudia Sheinbaum fue cuestionada sobre el retorno de Rafael Mar\u00edn Mollinedo a su gabinete En Sonora en Equipo publicamos toda la informaci\u00f3n de Sonora, M\u00e9xico y el Mundo de manera oportuna y busca que la libertad de expresi\u00f3n sea real. Visita nuestro medio informativo publicado desde Hermosillo, Sonora. %\",\"breadcrumb\":{\"@id\":\"https:\/\/www.sonoraenequipo.com.mx\/sheinbaum-confirma-a-rafael-marin-como-director-de-la-agencia-de-aduanas\/#breadcrumb\"},\"inLanguage\":\"es\",\"potentialAction\":[{\"@type\":\"ReadAction\",\"target\":[\"https:\/\/www.sonoraenequipo.com.mx\/sheinbaum-confirma-a-rafael-marin-como-director-de-la-agencia-de-aduanas\/\"]}]},{\"@type\":\"ImageObject\",\"inLanguage\":\"es\",\"@id\":\"https:\/\/www.sonoraenequipo.com.mx\/sheinbaum-confirma-a-rafael-marin-como-director-de-la-agencia-de-aduanas\/#primaryimage\",\"url\":\"https:\/\/www.sonoraenequipo.com.mx\/storage\/2025\/02\/rafael-marin-mollinedo.jpg\",\"contentUrl\":\"https:\/\/www.sonoraenequipo.com.mx\/storage\/2025\/02\/rafael-marin-mollinedo.jpg\",\"width\":1920,\"height\":1280},{\"@type\":\"BreadcrumbList\",\"@id\":\"https:\/\/www.sonoraenequipo.com.mx\/sheinbaum-confirma-a-rafael-marin-como-director-de-la-agencia-de-aduanas\/#breadcrumb\",\"itemListElement\":[{\"@type\":\"ListItem\",\"position\":1,\"name\":\"Portada\",\"item\":\"https:\/\/www.sonoraenequipo.com.mx\/\"},{\"@type\":\"ListItem\",\"position\":2,\"name\":\"Sheinbaum confirma a Rafael Mar\u00edn como director de la Agencia de Aduanas\"}]},{\"@type\":\"WebSite\",\"@id\":\"https:\/\/www.sonoraenequipo.com.mx\/#website\",\"url\":\"https:\/\/www.sonoraenequipo.com.mx\/\",\"name\":\"Sonora en Equipo.\",\"description\":\"Diario en l\u00ednea con Noticias desde Hermosillo, Sonora\",\"publisher\":{\"@id\":\"https:\/\/www.sonoraenequipo.com.mx\/#organization\"},\"potentialAction\":[{\"@type\":\"SearchAction\",\"target\":{\"@type\":\"EntryPoint\",\"urlTemplate\":\"https:\/\/www.sonoraenequipo.com.mx\/?s={search_term_string}\"},\"query-input\":{\"@type\":\"PropertyValueSpecification\",\"valueRequired\":true,\"valueName\":\"search_term_string\"}}],\"inLanguage\":\"es\"},{\"@type\":\"Organization\",\"@id\":\"https:\/\/www.sonoraenequipo.com.mx\/#organization\",\"name\":\"Sonoraenequipo.com.mx\",\"url\":\"https:\/\/www.sonoraenequipo.com.mx\/\",\"logo\":{\"@type\":\"ImageObject\",\"inLanguage\":\"es\",\"@id\":\"https:\/\/www.sonoraenequipo.com.mx\/#\/schema\/logo\/image\/\",\"url\":\"https:\/\/www.sonoraenequipo.com.mx\/storage\/2019\/01\/sonoraenequipo_opt.png\",\"contentUrl\":\"https:\/\/www.sonoraenequipo.com.mx\/storage\/2019\/01\/sonoraenequipo_opt.png\",\"width\":375,\"height\":125,\"caption\":\"Sonoraenequipo.com.mx\"},\"image\":{\"@id\":\"https:\/\/www.sonoraenequipo.com.mx\/#\/schema\/logo\/image\/\"},\"sameAs\":[\"https:\/\/www.facebook.com\/SonoraEE\/\",\"https:\/\/x.com\/sonoraenequipo\",\"https:\/\/www.youtube.com\/channel\/UC338nW-lPEYmJQs4ZABQ1SQ\"]},{\"@type\":\"Person\",\"@id\":\"https:\/\/www.sonoraenequipo.com.mx\/#\/schema\/person\/50102df0fb23a8fa9e8effad8fa81386\",\"name\":\"enequipo\",\"image\":{\"@type\":\"ImageObject\",\"inLanguage\":\"es\",\"@id\":\"https:\/\/www.sonoraenequipo.com.mx\/#\/schema\/person\/image\/\",\"url\":\"https:\/\/secure.gravatar.com\/avatar\/049821681b589dabc0bc20695993ccebb09f5b5d4d790cd9251b97faac7c652b?s=96&d=blank&r=g\",\"contentUrl\":\"https:\/\/secure.gravatar.com\/avatar\/049821681b589dabc0bc20695993ccebb09f5b5d4d790cd9251b97faac7c652b?s=96&d=blank&r=g\",\"caption\":\"enequipo\"},\"sameAs\":[\"https:\/\/www.facebook.com\/SonoraEE\"]}]}<\/script>\n ","yoast_head_json":{"title":"Sonora en Equipo. Sheinbaum confirma a Rafael Mar\u00edn como director de la Agencia de Aduanas Rep\u00fablica","description":"CIUDAD DE M\u00c9XICO. MX. \u2014 Este viernes la presidenta Claudia Sheinbaum fue cuestionada sobre el retorno de Rafael Mar\u00edn Mollinedo a su gabinete En Sonora en Equipo publicamos toda la informaci\u00f3n de Sonora, M\u00e9xico y el Mundo de manera oportuna y busca que la libertad de expresi\u00f3n sea real. Visita nuestro medio informativo publicado desde Hermosillo, Sonora. %","robots":{"index":"index","follow":"follow","max-snippet":"max-snippet:-1","max-image-preview":"max-image-preview:large","max-video-preview":"max-video-preview:-1"},"canonical":"https:\/\/www.sonoraenequipo.com.mx\/sheinbaum-confirma-a-rafael-marin-como-director-de-la-agencia-de-aduanas\/","og_locale":"es_ES","og_type":"article","og_title":"Sonora en Equipo. Sheinbaum confirma a Rafael Mar\u00edn como director de la Agencia de Aduanas Rep\u00fablica","og_description":"CIUDAD DE M\u00c9XICO. MX. \u2014 Este viernes la presidenta Claudia Sheinbaum fue cuestionada sobre el retorno de Rafael Mar\u00edn Mollinedo a su gabinete En Sonora en Equipo publicamos toda la informaci\u00f3n de Sonora, M\u00e9xico y el Mundo de manera oportuna y busca que la libertad de expresi\u00f3n sea real. Visita nuestro medio informativo publicado desde Hermosillo, Sonora. %","og_url":"https:\/\/www.sonoraenequipo.com.mx\/sheinbaum-confirma-a-rafael-marin-como-director-de-la-agencia-de-aduanas\/","og_site_name":"Sonora en Equipo.","article_publisher":"https:\/\/www.facebook.com\/SonoraEE\/","article_author":"https:\/\/www.facebook.com\/SonoraEE","article_published_time":"2025-02-14T16:07:53+00:00","article_modified_time":"2025-02-15T02:10:23+00:00","og_image":[{"width":1920,"height":1280,"url":"https:\/\/www.sonoraenequipo.com.mx\/storage\/2025\/02\/rafael-marin-mollinedo.jpg","type":"image\/jpeg"}],"author":"enequipo","twitter_card":"summary_large_image","twitter_creator":"@sonoraenequipo","twitter_site":"@sonoraenequipo","twitter_misc":{"Escrito por":"enequipo","Tiempo de lectura":"2 minutos"},"schema":{"@context":"https:\/\/schema.org","@graph":[{"@type":"Article","@id":"https:\/\/www.sonoraenequipo.com.mx\/sheinbaum-confirma-a-rafael-marin-como-director-de-la-agencia-de-aduanas\/#article","isPartOf":{"@id":"https:\/\/www.sonoraenequipo.com.mx\/sheinbaum-confirma-a-rafael-marin-como-director-de-la-agencia-de-aduanas\/"},"author":{"name":"enequipo","@id":"https:\/\/www.sonoraenequipo.com.mx\/#\/schema\/person\/50102df0fb23a8fa9e8effad8fa81386"},"headline":"Sheinbaum confirma a Rafael Mar\u00edn como director de la Agencia de Aduanas","datePublished":"2025-02-14T16:07:53+00:00","dateModified":"2025-02-15T02:10:23+00:00","mainEntityOfPage":{"@id":"https:\/\/www.sonoraenequipo.com.mx\/sheinbaum-confirma-a-rafael-marin-como-director-de-la-agencia-de-aduanas\/"},"wordCount":348,"commentCount":0,"publisher":{"@id":"https:\/\/www.sonoraenequipo.com.mx\/#organization"},"image":{"@id":"https:\/\/www.sonoraenequipo.com.mx\/sheinbaum-confirma-a-rafael-marin-como-director-de-la-agencia-de-aduanas\/#primaryimage"},"thumbnailUrl":"https:\/\/www.sonoraenequipo.com.mx\/storage\/2025\/02\/rafael-marin-mollinedo.jpg","articleSection":["Rep\u00fablica"],"inLanguage":"es","potentialAction":[{"@type":"CommentAction","name":"Comment","target":["https:\/\/www.sonoraenequipo.com.mx\/sheinbaum-confirma-a-rafael-marin-como-director-de-la-agencia-de-aduanas\/#respond"]}]},{"@type":"WebPage","@id":"https:\/\/www.sonoraenequipo.com.mx\/sheinbaum-confirma-a-rafael-marin-como-director-de-la-agencia-de-aduanas\/","url":"https:\/\/www.sonoraenequipo.com.mx\/sheinbaum-confirma-a-rafael-marin-como-director-de-la-agencia-de-aduanas\/","name":"Sonora en Equipo. Sheinbaum confirma a Rafael Mar\u00edn como director de la Agencia de Aduanas Rep\u00fablica","isPartOf":{"@id":"https:\/\/www.sonoraenequipo.com.mx\/#website"},"primaryImageOfPage":{"@id":"https:\/\/www.sonoraenequipo.com.mx\/sheinbaum-confirma-a-rafael-marin-como-director-de-la-agencia-de-aduanas\/#primaryimage"},"image":{"@id":"https:\/\/www.sonoraenequipo.com.mx\/sheinbaum-confirma-a-rafael-marin-como-director-de-la-agencia-de-aduanas\/#primaryimage"},"thumbnailUrl":"https:\/\/www.sonoraenequipo.com.mx\/storage\/2025\/02\/rafael-marin-mollinedo.jpg","datePublished":"2025-02-14T16:07:53+00:00","dateModified":"2025-02-15T02:10:23+00:00","description":"CIUDAD DE M\u00c9XICO. MX. \u2014 Este viernes la presidenta Claudia Sheinbaum fue cuestionada sobre el retorno de Rafael Mar\u00edn Mollinedo a su gabinete En Sonora en Equipo publicamos toda la informaci\u00f3n de Sonora, M\u00e9xico y el Mundo de manera oportuna y busca que la libertad de expresi\u00f3n sea real. Visita nuestro medio informativo publicado desde Hermosillo, Sonora. %","breadcrumb":{"@id":"https:\/\/www.sonoraenequipo.com.mx\/sheinbaum-confirma-a-rafael-marin-como-director-de-la-agencia-de-aduanas\/#breadcrumb"},"inLanguage":"es","potentialAction":[{"@type":"ReadAction","target":["https:\/\/www.sonoraenequipo.com.mx\/sheinbaum-confirma-a-rafael-marin-como-director-de-la-agencia-de-aduanas\/"]}]},{"@type":"ImageObject","inLanguage":"es","@id":"https:\/\/www.sonoraenequipo.com.mx\/sheinbaum-confirma-a-rafael-marin-como-director-de-la-agencia-de-aduanas\/#primaryimage","url":"https:\/\/www.sonoraenequipo.com.mx\/storage\/2025\/02\/rafael-marin-mollinedo.jpg","contentUrl":"https:\/\/www.sonoraenequipo.com.mx\/storage\/2025\/02\/rafael-marin-mollinedo.jpg","width":1920,"height":1280},{"@type":"BreadcrumbList","@id":"https:\/\/www.sonoraenequipo.com.mx\/sheinbaum-confirma-a-rafael-marin-como-director-de-la-agencia-de-aduanas\/#breadcrumb","itemListElement":[{"@type":"ListItem","position":1,"name":"Portada","item":"https:\/\/www.sonoraenequipo.com.mx\/"},{"@type":"ListItem","position":2,"name":"Sheinbaum confirma a Rafael Mar\u00edn como director de la Agencia de Aduanas"}]},{"@type":"WebSite","@id":"https:\/\/www.sonoraenequipo.com.mx\/#website","url":"https:\/\/www.sonoraenequipo.com.mx\/","name":"Sonora en Equipo.","description":"Diario en l\u00ednea con Noticias desde Hermosillo, Sonora","publisher":{"@id":"https:\/\/www.sonoraenequipo.com.mx\/#organization"},"potentialAction":[{"@type":"SearchAction","target":{"@type":"EntryPoint","urlTemplate":"https:\/\/www.sonoraenequipo.com.mx\/?s={search_term_string}"},"query-input":{"@type":"PropertyValueSpecification","valueRequired":true,"valueName":"search_term_string"}}],"inLanguage":"es"},{"@type":"Organization","@id":"https:\/\/www.sonoraenequipo.com.mx\/#organization","name":"Sonoraenequipo.com.mx","url":"https:\/\/www.sonoraenequipo.com.mx\/","logo":{"@type":"ImageObject","inLanguage":"es","@id":"https:\/\/www.sonoraenequipo.com.mx\/#\/schema\/logo\/image\/","url":"https:\/\/www.sonoraenequipo.com.mx\/storage\/2019\/01\/sonoraenequipo_opt.png","contentUrl":"https:\/\/www.sonoraenequipo.com.mx\/storage\/2019\/01\/sonoraenequipo_opt.png","width":375,"height":125,"caption":"Sonoraenequipo.com.mx"},"image":{"@id":"https:\/\/www.sonoraenequipo.com.mx\/#\/schema\/logo\/image\/"},"sameAs":["https:\/\/www.facebook.com\/SonoraEE\/","https:\/\/x.com\/sonoraenequipo","https:\/\/www.youtube.com\/channel\/UC338nW-lPEYmJQs4ZABQ1SQ"]},{"@type":"Person","@id":"https:\/\/www.sonoraenequipo.com.mx\/#\/schema\/person\/50102df0fb23a8fa9e8effad8fa81386","name":"enequipo","image":{"@type":"ImageObject","inLanguage":"es","@id":"https:\/\/www.sonoraenequipo.com.mx\/#\/schema\/person\/image\/","url":"https:\/\/secure.gravatar.com\/avatar\/049821681b589dabc0bc20695993ccebb09f5b5d4d790cd9251b97faac7c652b?s=96&d=blank&r=g","contentUrl":"https:\/\/secure.gravatar.com\/avatar\/049821681b589dabc0bc20695993ccebb09f5b5d4d790cd9251b97faac7c652b?s=96&d=blank&r=g","caption":"enequipo"},"sameAs":["https:\/\/www.facebook.com\/SonoraEE"]}]}},"jetpack_featured_media_url":"https:\/\/www.sonoraenequipo.com.mx\/storage\/2025\/02\/rafael-marin-mollinedo.jpg","_links":{"self":[{"href":"https:\/\/www.sonoraenequipo.com.mx\/api\/wp\/v2\/posts\/209614","targetHints":{"allow":["GET"]}}],"collection":[{"href":"https:\/\/www.sonoraenequipo.com.mx\/api\/wp\/v2\/posts"}],"about":[{"href":"https:\/\/www.sonoraenequipo.com.mx\/api\/wp\/v2\/types\/post"}],"author":[{"embeddable":true,"href":"https:\/\/www.sonoraenequipo.com.mx\/api\/wp\/v2\/users\/1"}],"replies":[{"embeddable":true,"href":"https:\/\/www.sonoraenequipo.com.mx\/api\/wp\/v2\/comments?post=209614"}],"version-history":[{"count":2,"href":"https:\/\/www.sonoraenequipo.com.mx\/api\/wp\/v2\/posts\/209614\/revisions"}],"predecessor-version":[{"id":209624,"href":"https:\/\/www.sonoraenequipo.com.mx\/api\/wp\/v2\/posts\/209614\/revisions\/209624"}],"wp:featuredmedia":[{"embeddable":true,"href":"https:\/\/www.sonoraenequipo.com.mx\/api\/wp\/v2\/media\/209622"}],"wp:attachment":[{"href":"https:\/\/www.sonoraenequipo.com.mx\/api\/wp\/v2\/media?parent=209614"}],"wp:term":[{"taxonomy":"category","embeddable":true,"href":"https:\/\/www.sonoraenequipo.com.mx\/api\/wp\/v2\/categories?post=209614"},{"taxonomy":"post_tag","embeddable":true,"href":"https:\/\/www.sonoraenequipo.com.mx\/api\/wp\/v2\/tags?post=209614"}],"curies":[{"name":"wp","href":"https:\/\/api.w.org\/{rel}","templated":true}]}}