{"id":209625,"date":"2025-02-14T11:10:34","date_gmt":"2025-02-14T18:10:34","guid":{"rendered":"https:\/\/www.sonoraenequipo.com.mx\/?p=209625"},"modified":"2025-02-14T19:17:44","modified_gmt":"2025-02-15T02:17:44","slug":"senado-aprueba-reforma-al-infonavit-para-usar-ahorros-en-vivienda","status":"publish","type":"post","link":"https:\/\/www.sonoraenequipo.com.mx\/senado-aprueba-reforma-al-infonavit-para-usar-ahorros-en-vivienda\/","title":{"rendered":"Senado aprueba reforma al Infonavit para usar ahorros en vivienda"},"content":{"rendered":"<p><b>CIUDAD DE M\u00c9XICO. MX. \u2014 <\/b>El Senado de la Rep\u00fablica aprob\u00f3 la reforma a la Ley del Instituto del Fondo Nacional de la Vivienda para los Trabajadores (Infonavit) otorgando facultades al instituto para construir viviendas y establecer esquemas de arrendamiento accesibles para los trabajadores. La reforma fue avalada con 71 votos a favor y 36 en contra, despu\u00e9s de una intensa discusi\u00f3n de cuatro horas y media.<\/p>\n<p> <br \/>\nLas modificaciones permitir\u00e1n que los trabajadores participen en programas de arrendamiento social y compra tras un a\u00f1o de cotizaci\u00f3n continua. Adem\u00e1s, recibir\u00e1n informaci\u00f3n detallada sobre las condiciones jur\u00eddicas y financieras de los cr\u00e9ditos antes de contratarlos, y podr\u00e1n acceder a pr\u00f3rrogas en el pago de capital e intereses en caso de p\u00e9rdida de ingresos salariales.<\/p>\n<p>La creaci\u00f3n de una empresa filial para la construcci\u00f3n de viviendas ha generado controversia, ya que la oposici\u00f3n argumenta que se pone en riesgo la subcuenta y los ahorros de los trabajadores. A pesar de las cr\u00edticas, la reforma fue aprobada y enviada a la presidenta Claudia Sheinbaum para su publicaci\u00f3n en el Diario Oficial de la Federaci\u00f3n.<\/p>\n<p>Congelaci\u00f3n de cr\u00e9ditos hipotecarios: La reforma congelar\u00e1 los saldos y pagos de dos millones de cr\u00e9ditos hipotecarios otorgados antes de 2013, brindando mayor estabilidad financiera a los beneficiarios y evitando que los aumentos en la inflaci\u00f3n perjudiquen a los trabajadores.<\/p>\n<p>Programa de arrendamiento social con opci\u00f3n a compra: Los trabajadores podr\u00e1n rentar una vivienda a trav\u00e9s de un esquema de arrendamiento social, pagando una mensualidad que no exceda el 30 por ciento de su salario. Despu\u00e9s de 10 a\u00f1os de arrendamiento, podr\u00e1n optar por comprar la propiedad.<\/p>\n<p>Uso del Fondo de Vivienda: La instituci\u00f3n podr\u00e1 disponer de 2.4 billones de pesos para la adquisici\u00f3n, construcci\u00f3n y mantenimiento de inmuebles. La supervisi\u00f3n del Infonavit pasar\u00e1 de la Comisi\u00f3n Nacional Bancaria y de Valores (CNBV) a la Secretar\u00eda de Hacienda y Cr\u00e9dito P\u00fablico (SHCP) que emitir\u00e1 las reglas para el manejo de su balance financiero<\/p>\n<p>PUBLICADO EL 14 DE FEBRERO DE 2025 Con informaci\u00f3n de CS Senado)<\/p>\n","protected":false},"excerpt":{"rendered":"<p>CIUDAD DE M\u00c9XICO. MX. \u2014 El Senado de la Rep\u00fablica aprob\u00f3 la reforma a la&#8230;<\/p>\n","protected":false},"author":1,"featured_media":209615,"comment_status":"open","ping_status":"open","sticky":false,"template":"","format":"standard","meta":{"_monsterinsights_skip_tracking":false,"_monsterinsights_sitenote_active":false,"_monsterinsights_sitenote_note":"","_monsterinsights_sitenote_category":0,"footnotes":""},"categories":[5],"tags":[],"class_list":["post"],"yoast_head":" \n<title>Sonora en Equipo. Senado aprueba reforma al Infonavit para usar ahorros en vivienda Rep\u00fablica<\/title>\n<meta name=\"description\" content=\"CIUDAD DE M\u00c9XICO. MX. \u2014 El Senado de la Rep\u00fablica aprob\u00f3 la reforma a la Ley del Instituto del Fondo Nacional de la Vivienda para los Trabajadores En Sonora en Equipo publicamos toda la informaci\u00f3n de Sonora, M\u00e9xico y el Mundo de manera oportuna y busca que la libertad de expresi\u00f3n sea real. Visita nuestro medio informativo publicado desde Hermosillo, Sonora. %\" \/>\n<meta name=\"robots\" content=\"index, follow, max-snippet:-1, max-image-preview:large, max-video-preview:-1\" \/>\n<link rel=\"canonical\" href=\"https:\/\/www.sonoraenequipo.com.mx\/senado-aprueba-reforma-al-infonavit-para-usar-ahorros-en-vivienda\/\" \/>\n<meta property=\"og:locale\" content=\"es_ES\" \/>\n<meta property=\"og:type\" content=\"article\" \/>\n<meta property=\"og:title\" content=\"Sonora en Equipo. Senado aprueba reforma al Infonavit para usar ahorros en vivienda Rep\u00fablica\" \/>\n<meta property=\"og:description\" content=\"CIUDAD DE M\u00c9XICO. MX. \u2014 El Senado de la Rep\u00fablica aprob\u00f3 la reforma a la Ley del Instituto del Fondo Nacional de la Vivienda para los Trabajadores En Sonora en Equipo publicamos toda la informaci\u00f3n de Sonora, M\u00e9xico y el Mundo de manera oportuna y busca que la libertad de expresi\u00f3n sea real. Visita nuestro medio informativo publicado desde Hermosillo, Sonora. %\" \/>\n<meta property=\"og:url\" content=\"https:\/\/www.sonoraenequipo.com.mx\/senado-aprueba-reforma-al-infonavit-para-usar-ahorros-en-vivienda\/\" \/>\n<meta property=\"og:site_name\" content=\"Sonora en Equipo.\" \/>\n<meta property=\"article:publisher\" content=\"https:\/\/www.facebook.com\/SonoraEE\/\" \/>\n<meta property=\"article:author\" content=\"https:\/\/www.facebook.com\/SonoraEE\" \/>\n<meta property=\"article:published_time\" content=\"2025-02-14T18:10:34+00:00\" \/>\n<meta property=\"article:modified_time\" content=\"2025-02-15T02:17:44+00:00\" \/>\n<meta property=\"og:image\" content=\"https:\/\/www.sonoraenequipo.com.mx\/storage\/2025\/02\/senado-aprueba-ley-infonavit-min.jpg\" \/>\n\t<meta property=\"og:image:width\" content=\"1000\" \/>\n\t<meta property=\"og:image:height\" content=\"666\" \/>\n\t<meta property=\"og:image:type\" content=\"image\/jpeg\" \/>\n<meta name=\"author\" content=\"enequipo\" \/>\n<meta name=\"twitter:card\" content=\"summary_large_image\" \/>\n<meta name=\"twitter:creator\" content=\"@sonoraenequipo\" \/>\n<meta name=\"twitter:site\" content=\"@sonoraenequipo\" \/>\n<meta name=\"twitter:label1\" content=\"Escrito por\" \/>\n\t<meta name=\"twitter:data1\" content=\"enequipo\" \/>\n\t<meta name=\"twitter:label2\" content=\"Tiempo de lectura\" \/>\n\t<meta name=\"twitter:data2\" content=\"2 minutos\" \/>\n<script type=\"application\/ld+json\" class=\"yoast-schema-graph\">{\"@context\":\"https:\/\/schema.org\",\"@graph\":[{\"@type\":\"Article\",\"@id\":\"https:\/\/www.sonoraenequipo.com.mx\/senado-aprueba-reforma-al-infonavit-para-usar-ahorros-en-vivienda\/#article\",\"isPartOf\":{\"@id\":\"https:\/\/www.sonoraenequipo.com.mx\/senado-aprueba-reforma-al-infonavit-para-usar-ahorros-en-vivienda\/\"},\"author\":{\"name\":\"enequipo\",\"@id\":\"https:\/\/www.sonoraenequipo.com.mx\/#\/schema\/person\/50102df0fb23a8fa9e8effad8fa81386\"},\"headline\":\"Senado aprueba reforma al Infonavit para usar ahorros en vivienda\",\"datePublished\":\"2025-02-14T18:10:34+00:00\",\"dateModified\":\"2025-02-15T02:17:44+00:00\",\"mainEntityOfPage\":{\"@id\":\"https:\/\/www.sonoraenequipo.com.mx\/senado-aprueba-reforma-al-infonavit-para-usar-ahorros-en-vivienda\/\"},\"wordCount\":376,\"commentCount\":0,\"publisher\":{\"@id\":\"https:\/\/www.sonoraenequipo.com.mx\/#organization\"},\"image\":{\"@id\":\"https:\/\/www.sonoraenequipo.com.mx\/senado-aprueba-reforma-al-infonavit-para-usar-ahorros-en-vivienda\/#primaryimage\"},\"thumbnailUrl\":\"https:\/\/www.sonoraenequipo.com.mx\/storage\/2025\/02\/senado-aprueba-ley-infonavit-min.jpg\",\"articleSection\":[\"Rep\u00fablica\"],\"inLanguage\":\"es\",\"potentialAction\":[{\"@type\":\"CommentAction\",\"name\":\"Comment\",\"target\":[\"https:\/\/www.sonoraenequipo.com.mx\/senado-aprueba-reforma-al-infonavit-para-usar-ahorros-en-vivienda\/#respond\"]}]},{\"@type\":\"WebPage\",\"@id\":\"https:\/\/www.sonoraenequipo.com.mx\/senado-aprueba-reforma-al-infonavit-para-usar-ahorros-en-vivienda\/\",\"url\":\"https:\/\/www.sonoraenequipo.com.mx\/senado-aprueba-reforma-al-infonavit-para-usar-ahorros-en-vivienda\/\",\"name\":\"Sonora en Equipo. Senado aprueba reforma al Infonavit para usar ahorros en vivienda Rep\u00fablica\",\"isPartOf\":{\"@id\":\"https:\/\/www.sonoraenequipo.com.mx\/#website\"},\"primaryImageOfPage\":{\"@id\":\"https:\/\/www.sonoraenequipo.com.mx\/senado-aprueba-reforma-al-infonavit-para-usar-ahorros-en-vivienda\/#primaryimage\"},\"image\":{\"@id\":\"https:\/\/www.sonoraenequipo.com.mx\/senado-aprueba-reforma-al-infonavit-para-usar-ahorros-en-vivienda\/#primaryimage\"},\"thumbnailUrl\":\"https:\/\/www.sonoraenequipo.com.mx\/storage\/2025\/02\/senado-aprueba-ley-infonavit-min.jpg\",\"datePublished\":\"2025-02-14T18:10:34+00:00\",\"dateModified\":\"2025-02-15T02:17:44+00:00\",\"description\":\"CIUDAD DE M\u00c9XICO. MX. \u2014 El Senado de la Rep\u00fablica aprob\u00f3 la reforma a la Ley del Instituto del Fondo Nacional de la Vivienda para los Trabajadores En Sonora en Equipo publicamos toda la informaci\u00f3n de Sonora, M\u00e9xico y el Mundo de manera oportuna y busca que la libertad de expresi\u00f3n sea real. Visita nuestro medio informativo publicado desde Hermosillo, Sonora. %\",\"breadcrumb\":{\"@id\":\"https:\/\/www.sonoraenequipo.com.mx\/senado-aprueba-reforma-al-infonavit-para-usar-ahorros-en-vivienda\/#breadcrumb\"},\"inLanguage\":\"es\",\"potentialAction\":[{\"@type\":\"ReadAction\",\"target\":[\"https:\/\/www.sonoraenequipo.com.mx\/senado-aprueba-reforma-al-infonavit-para-usar-ahorros-en-vivienda\/\"]}]},{\"@type\":\"ImageObject\",\"inLanguage\":\"es\",\"@id\":\"https:\/\/www.sonoraenequipo.com.mx\/senado-aprueba-reforma-al-infonavit-para-usar-ahorros-en-vivienda\/#primaryimage\",\"url\":\"https:\/\/www.sonoraenequipo.com.mx\/storage\/2025\/02\/senado-aprueba-ley-infonavit-min.jpg\",\"contentUrl\":\"https:\/\/www.sonoraenequipo.com.mx\/storage\/2025\/02\/senado-aprueba-ley-infonavit-min.jpg\",\"width\":1000,\"height\":666},{\"@type\":\"BreadcrumbList\",\"@id\":\"https:\/\/www.sonoraenequipo.com.mx\/senado-aprueba-reforma-al-infonavit-para-usar-ahorros-en-vivienda\/#breadcrumb\",\"itemListElement\":[{\"@type\":\"ListItem\",\"position\":1,\"name\":\"Portada\",\"item\":\"https:\/\/www.sonoraenequipo.com.mx\/\"},{\"@type\":\"ListItem\",\"position\":2,\"name\":\"Senado aprueba reforma al Infonavit para usar ahorros en vivienda\"}]},{\"@type\":\"WebSite\",\"@id\":\"https:\/\/www.sonoraenequipo.com.mx\/#website\",\"url\":\"https:\/\/www.sonoraenequipo.com.mx\/\",\"name\":\"Sonora en Equipo.\",\"description\":\"Diario en l\u00ednea con Noticias desde Hermosillo, Sonora\",\"publisher\":{\"@id\":\"https:\/\/www.sonoraenequipo.com.mx\/#organization\"},\"potentialAction\":[{\"@type\":\"SearchAction\",\"target\":{\"@type\":\"EntryPoint\",\"urlTemplate\":\"https:\/\/www.sonoraenequipo.com.mx\/?s={search_term_string}\"},\"query-input\":{\"@type\":\"PropertyValueSpecification\",\"valueRequired\":true,\"valueName\":\"search_term_string\"}}],\"inLanguage\":\"es\"},{\"@type\":\"Organization\",\"@id\":\"https:\/\/www.sonoraenequipo.com.mx\/#organization\",\"name\":\"Sonoraenequipo.com.mx\",\"url\":\"https:\/\/www.sonoraenequipo.com.mx\/\",\"logo\":{\"@type\":\"ImageObject\",\"inLanguage\":\"es\",\"@id\":\"https:\/\/www.sonoraenequipo.com.mx\/#\/schema\/logo\/image\/\",\"url\":\"https:\/\/www.sonoraenequipo.com.mx\/storage\/2019\/01\/sonoraenequipo_opt.png\",\"contentUrl\":\"https:\/\/www.sonoraenequipo.com.mx\/storage\/2019\/01\/sonoraenequipo_opt.png\",\"width\":375,\"height\":125,\"caption\":\"Sonoraenequipo.com.mx\"},\"image\":{\"@id\":\"https:\/\/www.sonoraenequipo.com.mx\/#\/schema\/logo\/image\/\"},\"sameAs\":[\"https:\/\/www.facebook.com\/SonoraEE\/\",\"https:\/\/x.com\/sonoraenequipo\",\"https:\/\/www.youtube.com\/channel\/UC338nW-lPEYmJQs4ZABQ1SQ\"]},{\"@type\":\"Person\",\"@id\":\"https:\/\/www.sonoraenequipo.com.mx\/#\/schema\/person\/50102df0fb23a8fa9e8effad8fa81386\",\"name\":\"enequipo\",\"image\":{\"@type\":\"ImageObject\",\"inLanguage\":\"es\",\"@id\":\"https:\/\/www.sonoraenequipo.com.mx\/#\/schema\/person\/image\/\",\"url\":\"https:\/\/secure.gravatar.com\/avatar\/049821681b589dabc0bc20695993ccebb09f5b5d4d790cd9251b97faac7c652b?s=96&d=blank&r=g\",\"contentUrl\":\"https:\/\/secure.gravatar.com\/avatar\/049821681b589dabc0bc20695993ccebb09f5b5d4d790cd9251b97faac7c652b?s=96&d=blank&r=g\",\"caption\":\"enequipo\"},\"sameAs\":[\"https:\/\/www.facebook.com\/SonoraEE\"]}]}<\/script>\n ","yoast_head_json":{"title":"Sonora en Equipo. Senado aprueba reforma al Infonavit para usar ahorros en vivienda Rep\u00fablica","description":"CIUDAD DE M\u00c9XICO. MX. \u2014 El Senado de la Rep\u00fablica aprob\u00f3 la reforma a la Ley del Instituto del Fondo Nacional de la Vivienda para los Trabajadores En Sonora en Equipo publicamos toda la informaci\u00f3n de Sonora, M\u00e9xico y el Mundo de manera oportuna y busca que la libertad de expresi\u00f3n sea real. Visita nuestro medio informativo publicado desde Hermosillo, Sonora. %","robots":{"index":"index","follow":"follow","max-snippet":"max-snippet:-1","max-image-preview":"max-image-preview:large","max-video-preview":"max-video-preview:-1"},"canonical":"https:\/\/www.sonoraenequipo.com.mx\/senado-aprueba-reforma-al-infonavit-para-usar-ahorros-en-vivienda\/","og_locale":"es_ES","og_type":"article","og_title":"Sonora en Equipo. Senado aprueba reforma al Infonavit para usar ahorros en vivienda Rep\u00fablica","og_description":"CIUDAD DE M\u00c9XICO. MX. \u2014 El Senado de la Rep\u00fablica aprob\u00f3 la reforma a la Ley del Instituto del Fondo Nacional de la Vivienda para los Trabajadores En Sonora en Equipo publicamos toda la informaci\u00f3n de Sonora, M\u00e9xico y el Mundo de manera oportuna y busca que la libertad de expresi\u00f3n sea real. Visita nuestro medio informativo publicado desde Hermosillo, Sonora. %","og_url":"https:\/\/www.sonoraenequipo.com.mx\/senado-aprueba-reforma-al-infonavit-para-usar-ahorros-en-vivienda\/","og_site_name":"Sonora en Equipo.","article_publisher":"https:\/\/www.facebook.com\/SonoraEE\/","article_author":"https:\/\/www.facebook.com\/SonoraEE","article_published_time":"2025-02-14T18:10:34+00:00","article_modified_time":"2025-02-15T02:17:44+00:00","og_image":[{"width":1000,"height":666,"url":"https:\/\/www.sonoraenequipo.com.mx\/storage\/2025\/02\/senado-aprueba-ley-infonavit-min.jpg","type":"image\/jpeg"}],"author":"enequipo","twitter_card":"summary_large_image","twitter_creator":"@sonoraenequipo","twitter_site":"@sonoraenequipo","twitter_misc":{"Escrito por":"enequipo","Tiempo de lectura":"2 minutos"},"schema":{"@context":"https:\/\/schema.org","@graph":[{"@type":"Article","@id":"https:\/\/www.sonoraenequipo.com.mx\/senado-aprueba-reforma-al-infonavit-para-usar-ahorros-en-vivienda\/#article","isPartOf":{"@id":"https:\/\/www.sonoraenequipo.com.mx\/senado-aprueba-reforma-al-infonavit-para-usar-ahorros-en-vivienda\/"},"author":{"name":"enequipo","@id":"https:\/\/www.sonoraenequipo.com.mx\/#\/schema\/person\/50102df0fb23a8fa9e8effad8fa81386"},"headline":"Senado aprueba reforma al Infonavit para usar ahorros en vivienda","datePublished":"2025-02-14T18:10:34+00:00","dateModified":"2025-02-15T02:17:44+00:00","mainEntityOfPage":{"@id":"https:\/\/www.sonoraenequipo.com.mx\/senado-aprueba-reforma-al-infonavit-para-usar-ahorros-en-vivienda\/"},"wordCount":376,"commentCount":0,"publisher":{"@id":"https:\/\/www.sonoraenequipo.com.mx\/#organization"},"image":{"@id":"https:\/\/www.sonoraenequipo.com.mx\/senado-aprueba-reforma-al-infonavit-para-usar-ahorros-en-vivienda\/#primaryimage"},"thumbnailUrl":"https:\/\/www.sonoraenequipo.com.mx\/storage\/2025\/02\/senado-aprueba-ley-infonavit-min.jpg","articleSection":["Rep\u00fablica"],"inLanguage":"es","potentialAction":[{"@type":"CommentAction","name":"Comment","target":["https:\/\/www.sonoraenequipo.com.mx\/senado-aprueba-reforma-al-infonavit-para-usar-ahorros-en-vivienda\/#respond"]}]},{"@type":"WebPage","@id":"https:\/\/www.sonoraenequipo.com.mx\/senado-aprueba-reforma-al-infonavit-para-usar-ahorros-en-vivienda\/","url":"https:\/\/www.sonoraenequipo.com.mx\/senado-aprueba-reforma-al-infonavit-para-usar-ahorros-en-vivienda\/","name":"Sonora en Equipo. Senado aprueba reforma al Infonavit para usar ahorros en vivienda Rep\u00fablica","isPartOf":{"@id":"https:\/\/www.sonoraenequipo.com.mx\/#website"},"primaryImageOfPage":{"@id":"https:\/\/www.sonoraenequipo.com.mx\/senado-aprueba-reforma-al-infonavit-para-usar-ahorros-en-vivienda\/#primaryimage"},"image":{"@id":"https:\/\/www.sonoraenequipo.com.mx\/senado-aprueba-reforma-al-infonavit-para-usar-ahorros-en-vivienda\/#primaryimage"},"thumbnailUrl":"https:\/\/www.sonoraenequipo.com.mx\/storage\/2025\/02\/senado-aprueba-ley-infonavit-min.jpg","datePublished":"2025-02-14T18:10:34+00:00","dateModified":"2025-02-15T02:17:44+00:00","description":"CIUDAD DE M\u00c9XICO. MX. \u2014 El Senado de la Rep\u00fablica aprob\u00f3 la reforma a la Ley del Instituto del Fondo Nacional de la Vivienda para los Trabajadores En Sonora en Equipo publicamos toda la informaci\u00f3n de Sonora, M\u00e9xico y el Mundo de manera oportuna y busca que la libertad de expresi\u00f3n sea real. Visita nuestro medio informativo publicado desde Hermosillo, Sonora. %","breadcrumb":{"@id":"https:\/\/www.sonoraenequipo.com.mx\/senado-aprueba-reforma-al-infonavit-para-usar-ahorros-en-vivienda\/#breadcrumb"},"inLanguage":"es","potentialAction":[{"@type":"ReadAction","target":["https:\/\/www.sonoraenequipo.com.mx\/senado-aprueba-reforma-al-infonavit-para-usar-ahorros-en-vivienda\/"]}]},{"@type":"ImageObject","inLanguage":"es","@id":"https:\/\/www.sonoraenequipo.com.mx\/senado-aprueba-reforma-al-infonavit-para-usar-ahorros-en-vivienda\/#primaryimage","url":"https:\/\/www.sonoraenequipo.com.mx\/storage\/2025\/02\/senado-aprueba-ley-infonavit-min.jpg","contentUrl":"https:\/\/www.sonoraenequipo.com.mx\/storage\/2025\/02\/senado-aprueba-ley-infonavit-min.jpg","width":1000,"height":666},{"@type":"BreadcrumbList","@id":"https:\/\/www.sonoraenequipo.com.mx\/senado-aprueba-reforma-al-infonavit-para-usar-ahorros-en-vivienda\/#breadcrumb","itemListElement":[{"@type":"ListItem","position":1,"name":"Portada","item":"https:\/\/www.sonoraenequipo.com.mx\/"},{"@type":"ListItem","position":2,"name":"Senado aprueba reforma al Infonavit para usar ahorros en vivienda"}]},{"@type":"WebSite","@id":"https:\/\/www.sonoraenequipo.com.mx\/#website","url":"https:\/\/www.sonoraenequipo.com.mx\/","name":"Sonora en Equipo.","description":"Diario en l\u00ednea con Noticias desde Hermosillo, Sonora","publisher":{"@id":"https:\/\/www.sonoraenequipo.com.mx\/#organization"},"potentialAction":[{"@type":"SearchAction","target":{"@type":"EntryPoint","urlTemplate":"https:\/\/www.sonoraenequipo.com.mx\/?s={search_term_string}"},"query-input":{"@type":"PropertyValueSpecification","valueRequired":true,"valueName":"search_term_string"}}],"inLanguage":"es"},{"@type":"Organization","@id":"https:\/\/www.sonoraenequipo.com.mx\/#organization","name":"Sonoraenequipo.com.mx","url":"https:\/\/www.sonoraenequipo.com.mx\/","logo":{"@type":"ImageObject","inLanguage":"es","@id":"https:\/\/www.sonoraenequipo.com.mx\/#\/schema\/logo\/image\/","url":"https:\/\/www.sonoraenequipo.com.mx\/storage\/2019\/01\/sonoraenequipo_opt.png","contentUrl":"https:\/\/www.sonoraenequipo.com.mx\/storage\/2019\/01\/sonoraenequipo_opt.png","width":375,"height":125,"caption":"Sonoraenequipo.com.mx"},"image":{"@id":"https:\/\/www.sonoraenequipo.com.mx\/#\/schema\/logo\/image\/"},"sameAs":["https:\/\/www.facebook.com\/SonoraEE\/","https:\/\/x.com\/sonoraenequipo","https:\/\/www.youtube.com\/channel\/UC338nW-lPEYmJQs4ZABQ1SQ"]},{"@type":"Person","@id":"https:\/\/www.sonoraenequipo.com.mx\/#\/schema\/person\/50102df0fb23a8fa9e8effad8fa81386","name":"enequipo","image":{"@type":"ImageObject","inLanguage":"es","@id":"https:\/\/www.sonoraenequipo.com.mx\/#\/schema\/person\/image\/","url":"https:\/\/secure.gravatar.com\/avatar\/049821681b589dabc0bc20695993ccebb09f5b5d4d790cd9251b97faac7c652b?s=96&d=blank&r=g","contentUrl":"https:\/\/secure.gravatar.com\/avatar\/049821681b589dabc0bc20695993ccebb09f5b5d4d790cd9251b97faac7c652b?s=96&d=blank&r=g","caption":"enequipo"},"sameAs":["https:\/\/www.facebook.com\/SonoraEE"]}]}},"jetpack_featured_media_url":"https:\/\/www.sonoraenequipo.com.mx\/storage\/2025\/02\/senado-aprueba-ley-infonavit-min.jpg","_links":{"self":[{"href":"https:\/\/www.sonoraenequipo.com.mx\/api\/wp\/v2\/posts\/209625","targetHints":{"allow":["GET"]}}],"collection":[{"href":"https:\/\/www.sonoraenequipo.com.mx\/api\/wp\/v2\/posts"}],"about":[{"href":"https:\/\/www.sonoraenequipo.com.mx\/api\/wp\/v2\/types\/post"}],"author":[{"embeddable":true,"href":"https:\/\/www.sonoraenequipo.com.mx\/api\/wp\/v2\/users\/1"}],"replies":[{"embeddable":true,"href":"https:\/\/www.sonoraenequipo.com.mx\/api\/wp\/v2\/comments?post=209625"}],"version-history":[{"count":2,"href":"https:\/\/www.sonoraenequipo.com.mx\/api\/wp\/v2\/posts\/209625\/revisions"}],"predecessor-version":[{"id":209630,"href":"https:\/\/www.sonoraenequipo.com.mx\/api\/wp\/v2\/posts\/209625\/revisions\/209630"}],"wp:featuredmedia":[{"embeddable":true,"href":"https:\/\/www.sonoraenequipo.com.mx\/api\/wp\/v2\/media\/209615"}],"wp:attachment":[{"href":"https:\/\/www.sonoraenequipo.com.mx\/api\/wp\/v2\/media?parent=209625"}],"wp:term":[{"taxonomy":"category","embeddable":true,"href":"https:\/\/www.sonoraenequipo.com.mx\/api\/wp\/v2\/categories?post=209625"},{"taxonomy":"post_tag","embeddable":true,"href":"https:\/\/www.sonoraenequipo.com.mx\/api\/wp\/v2\/tags?post=209625"}],"curies":[{"name":"wp","href":"https:\/\/api.w.org\/{rel}","templated":true}]}}