{"id":209631,"date":"2025-02-14T14:54:23","date_gmt":"2025-02-14T21:54:23","guid":{"rendered":"https:\/\/www.sonoraenequipo.com.mx\/?p=209631"},"modified":"2025-02-14T19:29:05","modified_gmt":"2025-02-15T02:29:05","slug":"recuperan-restos-de-ultimo-minero-en-el-pinabete","status":"publish","type":"post","link":"https:\/\/www.sonoraenequipo.com.mx\/recuperan-restos-de-ultimo-minero-en-el-pinabete\/","title":{"rendered":"Recuperan restos de \u00faltimo minero en El Pinabete."},"content":{"rendered":"<p><strong>SALTILLO, COAHUILA. MX. \u2014<\/strong> A 926 d\u00edas del inicio de la b\u00fasqueda y recuperaci\u00f3n de los mineros atrapados en la mina \u201cEl Pinabete\u201d, la coordinadora nacional de Protecci\u00f3n Civil, Laura Vel\u00e1zquez Alz\u00faa, de la Secretar\u00eda de Seguridad y Protecci\u00f3n Ciudadana (SSPC), inform\u00f3 que este viernes se logr\u00f3 la recuperaci\u00f3n de los restos del d\u00e9cimo y \u00faltimo trabajador que permanec\u00eda en el interior de las galer\u00edas de ese pozo carbon\u00edfero.<\/p>\n<p>&nbsp;<\/p>\n<p>&nbsp;<\/p>\n<p>&nbsp;<\/p>\n<p> <br \/>\nLa recuperaci\u00f3n fue posible gracias a la coordinaci\u00f3n de las instituciones que integran el Comando Unificado de \u201cEl Pinabete\u201d, conformado por la Comisi\u00f3n Federal de Electricidad (CFE), la Coordinaci\u00f3n Nacional de Protecci\u00f3n Civil (CNPC), la Secretar\u00eda de la Defensa Nacional (Defensa) y la fiscal\u00eda general del Estado de Coahuila de Zaragoza (FGEC), quienes garantizaron la seguridad del equipo de rescate y el cumplimiento del \u201cProtocolo para la Recuperaci\u00f3n de Hallazgos Biol\u00f3gicos\u201d.<\/p>\n<p>&nbsp;<\/p>\n<p>&nbsp;<\/p>\n<p>&nbsp;<\/p>\n<p>El Comando Unificado precis\u00f3 que, a 233 d\u00edas de haber iniciado la segunda fase de recuperaci\u00f3n de los mineros atrapados en la mina \u201cEl Pinabete\u201d, a las 10:09 de la ma\u00f1ana, se localizaron restos \u00f3seos en la galer\u00eda GSN6 Norte, en la intersecci\u00f3n con el Tiro Vertical 2 (TV-2). Estos restos ser\u00e1n trasladados al Servicio M\u00e9dico Forense en Saltillo, Coahuila, para su an\u00e1lisis e identificaci\u00f3n, con el prop\u00f3sito de brindar certeza a sus familiares.<\/p>\n<p>&nbsp;<\/p>\n<p>&nbsp;<\/p>\n<p>&nbsp;<\/p>\n<p>De esta forma se dan por finalizados los trabajos de la etapa de b\u00fasqueda y recuperaci\u00f3n de los mineros de \u201cEl Pinabete\u201d, sin embargo, se continuar\u00e1 trabajando en el regreso del material extra\u00eddo del tajo y la restauraci\u00f3n ecol\u00f3gica del predio.<\/p>\n<p>&nbsp;<\/p>\n<p>&nbsp;<\/p>\n<p>&nbsp;<\/p>\n<p>El derrumbe ocurri\u00f3 el 3 de agosto del 2022.<\/p>\n<p>&nbsp;<\/p>\n<p>&nbsp;<\/p>\n<p>PUBLICADO EL 14 FEBRERO 2025 Con informaci\u00f3n de AFP)<\/p>\n","protected":false},"excerpt":{"rendered":"<p>SALTILLO, COAHUILA. MX. \u2014 A 926 d\u00edas del inicio de la b\u00fasqueda y recuperaci\u00f3n de&#8230;<\/p>\n","protected":false},"author":1,"featured_media":209618,"comment_status":"open","ping_status":"open","sticky":false,"template":"","format":"standard","meta":{"_monsterinsights_skip_tracking":false,"_monsterinsights_sitenote_active":false,"_monsterinsights_sitenote_note":"","_monsterinsights_sitenote_category":0,"footnotes":""},"categories":[5],"tags":[],"class_list":["post"],"yoast_head":" \n<title>Sonora en Equipo. Recuperan restos de \u00faltimo minero en El Pinabete. Rep\u00fablica<\/title>\n<meta name=\"description\" content=\"SALTILLO, COAHUILA. MX. \u2014 A 926 d\u00edas del inicio de la b\u00fasqueda y recuperaci\u00f3n de los mineros atrapados en la mina \u201cEl Pinabete\u201d, la coordinadora nacional En Sonora en Equipo publicamos toda la informaci\u00f3n de Sonora, M\u00e9xico y el Mundo de manera oportuna y busca que la libertad de expresi\u00f3n sea real. Visita nuestro medio informativo publicado desde Hermosillo, Sonora. %\" \/>\n<meta name=\"robots\" content=\"index, follow, max-snippet:-1, max-image-preview:large, max-video-preview:-1\" \/>\n<link rel=\"canonical\" href=\"https:\/\/www.sonoraenequipo.com.mx\/recuperan-restos-de-ultimo-minero-en-el-pinabete\/\" \/>\n<meta property=\"og:locale\" content=\"es_ES\" \/>\n<meta property=\"og:type\" content=\"article\" \/>\n<meta property=\"og:title\" content=\"Sonora en Equipo. Recuperan restos de \u00faltimo minero en El Pinabete. Rep\u00fablica\" \/>\n<meta property=\"og:description\" content=\"SALTILLO, COAHUILA. MX. \u2014 A 926 d\u00edas del inicio de la b\u00fasqueda y recuperaci\u00f3n de los mineros atrapados en la mina \u201cEl Pinabete\u201d, la coordinadora nacional En Sonora en Equipo publicamos toda la informaci\u00f3n de Sonora, M\u00e9xico y el Mundo de manera oportuna y busca que la libertad de expresi\u00f3n sea real. Visita nuestro medio informativo publicado desde Hermosillo, Sonora. %\" \/>\n<meta property=\"og:url\" content=\"https:\/\/www.sonoraenequipo.com.mx\/recuperan-restos-de-ultimo-minero-en-el-pinabete\/\" \/>\n<meta property=\"og:site_name\" content=\"Sonora en Equipo.\" \/>\n<meta property=\"article:publisher\" content=\"https:\/\/www.facebook.com\/SonoraEE\/\" \/>\n<meta property=\"article:author\" content=\"https:\/\/www.facebook.com\/SonoraEE\" \/>\n<meta property=\"article:published_time\" content=\"2025-02-14T21:54:23+00:00\" \/>\n<meta property=\"article:modified_time\" content=\"2025-02-15T02:29:05+00:00\" \/>\n<meta property=\"og:image\" content=\"https:\/\/www.sonoraenequipo.com.mx\/storage\/2025\/02\/mina-El-Pinabete-min.jpg\" \/>\n\t<meta property=\"og:image:width\" content=\"988\" \/>\n\t<meta property=\"og:image:height\" content=\"598\" \/>\n\t<meta property=\"og:image:type\" content=\"image\/jpeg\" \/>\n<meta name=\"author\" content=\"enequipo\" \/>\n<meta name=\"twitter:card\" content=\"summary_large_image\" \/>\n<meta name=\"twitter:creator\" content=\"@sonoraenequipo\" \/>\n<meta name=\"twitter:site\" content=\"@sonoraenequipo\" \/>\n<meta name=\"twitter:label1\" content=\"Escrito por\" \/>\n\t<meta name=\"twitter:data1\" content=\"enequipo\" \/>\n\t<meta name=\"twitter:label2\" content=\"Tiempo de lectura\" \/>\n\t<meta name=\"twitter:data2\" content=\"2 minutos\" \/>\n<script type=\"application\/ld+json\" class=\"yoast-schema-graph\">{\"@context\":\"https:\/\/schema.org\",\"@graph\":[{\"@type\":\"Article\",\"@id\":\"https:\/\/www.sonoraenequipo.com.mx\/recuperan-restos-de-ultimo-minero-en-el-pinabete\/#article\",\"isPartOf\":{\"@id\":\"https:\/\/www.sonoraenequipo.com.mx\/recuperan-restos-de-ultimo-minero-en-el-pinabete\/\"},\"author\":{\"name\":\"enequipo\",\"@id\":\"https:\/\/www.sonoraenequipo.com.mx\/#\/schema\/person\/50102df0fb23a8fa9e8effad8fa81386\"},\"headline\":\"Recuperan restos de \u00faltimo minero en El Pinabete.\",\"datePublished\":\"2025-02-14T21:54:23+00:00\",\"dateModified\":\"2025-02-15T02:29:05+00:00\",\"mainEntityOfPage\":{\"@id\":\"https:\/\/www.sonoraenequipo.com.mx\/recuperan-restos-de-ultimo-minero-en-el-pinabete\/\"},\"wordCount\":324,\"commentCount\":0,\"publisher\":{\"@id\":\"https:\/\/www.sonoraenequipo.com.mx\/#organization\"},\"image\":{\"@id\":\"https:\/\/www.sonoraenequipo.com.mx\/recuperan-restos-de-ultimo-minero-en-el-pinabete\/#primaryimage\"},\"thumbnailUrl\":\"https:\/\/www.sonoraenequipo.com.mx\/storage\/2025\/02\/mina-El-Pinabete-min.jpg\",\"articleSection\":[\"Rep\u00fablica\"],\"inLanguage\":\"es\",\"potentialAction\":[{\"@type\":\"CommentAction\",\"name\":\"Comment\",\"target\":[\"https:\/\/www.sonoraenequipo.com.mx\/recuperan-restos-de-ultimo-minero-en-el-pinabete\/#respond\"]}]},{\"@type\":\"WebPage\",\"@id\":\"https:\/\/www.sonoraenequipo.com.mx\/recuperan-restos-de-ultimo-minero-en-el-pinabete\/\",\"url\":\"https:\/\/www.sonoraenequipo.com.mx\/recuperan-restos-de-ultimo-minero-en-el-pinabete\/\",\"name\":\"Sonora en Equipo. Recuperan restos de \u00faltimo minero en El Pinabete. Rep\u00fablica\",\"isPartOf\":{\"@id\":\"https:\/\/www.sonoraenequipo.com.mx\/#website\"},\"primaryImageOfPage\":{\"@id\":\"https:\/\/www.sonoraenequipo.com.mx\/recuperan-restos-de-ultimo-minero-en-el-pinabete\/#primaryimage\"},\"image\":{\"@id\":\"https:\/\/www.sonoraenequipo.com.mx\/recuperan-restos-de-ultimo-minero-en-el-pinabete\/#primaryimage\"},\"thumbnailUrl\":\"https:\/\/www.sonoraenequipo.com.mx\/storage\/2025\/02\/mina-El-Pinabete-min.jpg\",\"datePublished\":\"2025-02-14T21:54:23+00:00\",\"dateModified\":\"2025-02-15T02:29:05+00:00\",\"description\":\"SALTILLO, COAHUILA. MX. \u2014 A 926 d\u00edas del inicio de la b\u00fasqueda y recuperaci\u00f3n de los mineros atrapados en la mina \u201cEl Pinabete\u201d, la coordinadora nacional En Sonora en Equipo publicamos toda la informaci\u00f3n de Sonora, M\u00e9xico y el Mundo de manera oportuna y busca que la libertad de expresi\u00f3n sea real. Visita nuestro medio informativo publicado desde Hermosillo, Sonora. %\",\"breadcrumb\":{\"@id\":\"https:\/\/www.sonoraenequipo.com.mx\/recuperan-restos-de-ultimo-minero-en-el-pinabete\/#breadcrumb\"},\"inLanguage\":\"es\",\"potentialAction\":[{\"@type\":\"ReadAction\",\"target\":[\"https:\/\/www.sonoraenequipo.com.mx\/recuperan-restos-de-ultimo-minero-en-el-pinabete\/\"]}]},{\"@type\":\"ImageObject\",\"inLanguage\":\"es\",\"@id\":\"https:\/\/www.sonoraenequipo.com.mx\/recuperan-restos-de-ultimo-minero-en-el-pinabete\/#primaryimage\",\"url\":\"https:\/\/www.sonoraenequipo.com.mx\/storage\/2025\/02\/mina-El-Pinabete-min.jpg\",\"contentUrl\":\"https:\/\/www.sonoraenequipo.com.mx\/storage\/2025\/02\/mina-El-Pinabete-min.jpg\",\"width\":988,\"height\":598},{\"@type\":\"BreadcrumbList\",\"@id\":\"https:\/\/www.sonoraenequipo.com.mx\/recuperan-restos-de-ultimo-minero-en-el-pinabete\/#breadcrumb\",\"itemListElement\":[{\"@type\":\"ListItem\",\"position\":1,\"name\":\"Portada\",\"item\":\"https:\/\/www.sonoraenequipo.com.mx\/\"},{\"@type\":\"ListItem\",\"position\":2,\"name\":\"Recuperan restos de \u00faltimo minero en El Pinabete.\"}]},{\"@type\":\"WebSite\",\"@id\":\"https:\/\/www.sonoraenequipo.com.mx\/#website\",\"url\":\"https:\/\/www.sonoraenequipo.com.mx\/\",\"name\":\"Sonora en Equipo.\",\"description\":\"Diario en l\u00ednea con Noticias desde Hermosillo, Sonora\",\"publisher\":{\"@id\":\"https:\/\/www.sonoraenequipo.com.mx\/#organization\"},\"potentialAction\":[{\"@type\":\"SearchAction\",\"target\":{\"@type\":\"EntryPoint\",\"urlTemplate\":\"https:\/\/www.sonoraenequipo.com.mx\/?s={search_term_string}\"},\"query-input\":{\"@type\":\"PropertyValueSpecification\",\"valueRequired\":true,\"valueName\":\"search_term_string\"}}],\"inLanguage\":\"es\"},{\"@type\":\"Organization\",\"@id\":\"https:\/\/www.sonoraenequipo.com.mx\/#organization\",\"name\":\"Sonoraenequipo.com.mx\",\"url\":\"https:\/\/www.sonoraenequipo.com.mx\/\",\"logo\":{\"@type\":\"ImageObject\",\"inLanguage\":\"es\",\"@id\":\"https:\/\/www.sonoraenequipo.com.mx\/#\/schema\/logo\/image\/\",\"url\":\"https:\/\/www.sonoraenequipo.com.mx\/storage\/2019\/01\/sonoraenequipo_opt.png\",\"contentUrl\":\"https:\/\/www.sonoraenequipo.com.mx\/storage\/2019\/01\/sonoraenequipo_opt.png\",\"width\":375,\"height\":125,\"caption\":\"Sonoraenequipo.com.mx\"},\"image\":{\"@id\":\"https:\/\/www.sonoraenequipo.com.mx\/#\/schema\/logo\/image\/\"},\"sameAs\":[\"https:\/\/www.facebook.com\/SonoraEE\/\",\"https:\/\/x.com\/sonoraenequipo\",\"https:\/\/www.youtube.com\/channel\/UC338nW-lPEYmJQs4ZABQ1SQ\"]},{\"@type\":\"Person\",\"@id\":\"https:\/\/www.sonoraenequipo.com.mx\/#\/schema\/person\/50102df0fb23a8fa9e8effad8fa81386\",\"name\":\"enequipo\",\"image\":{\"@type\":\"ImageObject\",\"inLanguage\":\"es\",\"@id\":\"https:\/\/www.sonoraenequipo.com.mx\/#\/schema\/person\/image\/\",\"url\":\"https:\/\/secure.gravatar.com\/avatar\/049821681b589dabc0bc20695993ccebb09f5b5d4d790cd9251b97faac7c652b?s=96&d=blank&r=g\",\"contentUrl\":\"https:\/\/secure.gravatar.com\/avatar\/049821681b589dabc0bc20695993ccebb09f5b5d4d790cd9251b97faac7c652b?s=96&d=blank&r=g\",\"caption\":\"enequipo\"},\"sameAs\":[\"https:\/\/www.facebook.com\/SonoraEE\"]}]}<\/script>\n ","yoast_head_json":{"title":"Sonora en Equipo. Recuperan restos de \u00faltimo minero en El Pinabete. Rep\u00fablica","description":"SALTILLO, COAHUILA. MX. \u2014 A 926 d\u00edas del inicio de la b\u00fasqueda y recuperaci\u00f3n de los mineros atrapados en la mina \u201cEl Pinabete\u201d, la coordinadora nacional En Sonora en Equipo publicamos toda la informaci\u00f3n de Sonora, M\u00e9xico y el Mundo de manera oportuna y busca que la libertad de expresi\u00f3n sea real. Visita nuestro medio informativo publicado desde Hermosillo, Sonora. %","robots":{"index":"index","follow":"follow","max-snippet":"max-snippet:-1","max-image-preview":"max-image-preview:large","max-video-preview":"max-video-preview:-1"},"canonical":"https:\/\/www.sonoraenequipo.com.mx\/recuperan-restos-de-ultimo-minero-en-el-pinabete\/","og_locale":"es_ES","og_type":"article","og_title":"Sonora en Equipo. Recuperan restos de \u00faltimo minero en El Pinabete. Rep\u00fablica","og_description":"SALTILLO, COAHUILA. MX. \u2014 A 926 d\u00edas del inicio de la b\u00fasqueda y recuperaci\u00f3n de los mineros atrapados en la mina \u201cEl Pinabete\u201d, la coordinadora nacional En Sonora en Equipo publicamos toda la informaci\u00f3n de Sonora, M\u00e9xico y el Mundo de manera oportuna y busca que la libertad de expresi\u00f3n sea real. Visita nuestro medio informativo publicado desde Hermosillo, Sonora. %","og_url":"https:\/\/www.sonoraenequipo.com.mx\/recuperan-restos-de-ultimo-minero-en-el-pinabete\/","og_site_name":"Sonora en Equipo.","article_publisher":"https:\/\/www.facebook.com\/SonoraEE\/","article_author":"https:\/\/www.facebook.com\/SonoraEE","article_published_time":"2025-02-14T21:54:23+00:00","article_modified_time":"2025-02-15T02:29:05+00:00","og_image":[{"width":988,"height":598,"url":"https:\/\/www.sonoraenequipo.com.mx\/storage\/2025\/02\/mina-El-Pinabete-min.jpg","type":"image\/jpeg"}],"author":"enequipo","twitter_card":"summary_large_image","twitter_creator":"@sonoraenequipo","twitter_site":"@sonoraenequipo","twitter_misc":{"Escrito por":"enequipo","Tiempo de lectura":"2 minutos"},"schema":{"@context":"https:\/\/schema.org","@graph":[{"@type":"Article","@id":"https:\/\/www.sonoraenequipo.com.mx\/recuperan-restos-de-ultimo-minero-en-el-pinabete\/#article","isPartOf":{"@id":"https:\/\/www.sonoraenequipo.com.mx\/recuperan-restos-de-ultimo-minero-en-el-pinabete\/"},"author":{"name":"enequipo","@id":"https:\/\/www.sonoraenequipo.com.mx\/#\/schema\/person\/50102df0fb23a8fa9e8effad8fa81386"},"headline":"Recuperan restos de \u00faltimo minero en El Pinabete.","datePublished":"2025-02-14T21:54:23+00:00","dateModified":"2025-02-15T02:29:05+00:00","mainEntityOfPage":{"@id":"https:\/\/www.sonoraenequipo.com.mx\/recuperan-restos-de-ultimo-minero-en-el-pinabete\/"},"wordCount":324,"commentCount":0,"publisher":{"@id":"https:\/\/www.sonoraenequipo.com.mx\/#organization"},"image":{"@id":"https:\/\/www.sonoraenequipo.com.mx\/recuperan-restos-de-ultimo-minero-en-el-pinabete\/#primaryimage"},"thumbnailUrl":"https:\/\/www.sonoraenequipo.com.mx\/storage\/2025\/02\/mina-El-Pinabete-min.jpg","articleSection":["Rep\u00fablica"],"inLanguage":"es","potentialAction":[{"@type":"CommentAction","name":"Comment","target":["https:\/\/www.sonoraenequipo.com.mx\/recuperan-restos-de-ultimo-minero-en-el-pinabete\/#respond"]}]},{"@type":"WebPage","@id":"https:\/\/www.sonoraenequipo.com.mx\/recuperan-restos-de-ultimo-minero-en-el-pinabete\/","url":"https:\/\/www.sonoraenequipo.com.mx\/recuperan-restos-de-ultimo-minero-en-el-pinabete\/","name":"Sonora en Equipo. Recuperan restos de \u00faltimo minero en El Pinabete. Rep\u00fablica","isPartOf":{"@id":"https:\/\/www.sonoraenequipo.com.mx\/#website"},"primaryImageOfPage":{"@id":"https:\/\/www.sonoraenequipo.com.mx\/recuperan-restos-de-ultimo-minero-en-el-pinabete\/#primaryimage"},"image":{"@id":"https:\/\/www.sonoraenequipo.com.mx\/recuperan-restos-de-ultimo-minero-en-el-pinabete\/#primaryimage"},"thumbnailUrl":"https:\/\/www.sonoraenequipo.com.mx\/storage\/2025\/02\/mina-El-Pinabete-min.jpg","datePublished":"2025-02-14T21:54:23+00:00","dateModified":"2025-02-15T02:29:05+00:00","description":"SALTILLO, COAHUILA. MX. \u2014 A 926 d\u00edas del inicio de la b\u00fasqueda y recuperaci\u00f3n de los mineros atrapados en la mina \u201cEl Pinabete\u201d, la coordinadora nacional En Sonora en Equipo publicamos toda la informaci\u00f3n de Sonora, M\u00e9xico y el Mundo de manera oportuna y busca que la libertad de expresi\u00f3n sea real. Visita nuestro medio informativo publicado desde Hermosillo, Sonora. %","breadcrumb":{"@id":"https:\/\/www.sonoraenequipo.com.mx\/recuperan-restos-de-ultimo-minero-en-el-pinabete\/#breadcrumb"},"inLanguage":"es","potentialAction":[{"@type":"ReadAction","target":["https:\/\/www.sonoraenequipo.com.mx\/recuperan-restos-de-ultimo-minero-en-el-pinabete\/"]}]},{"@type":"ImageObject","inLanguage":"es","@id":"https:\/\/www.sonoraenequipo.com.mx\/recuperan-restos-de-ultimo-minero-en-el-pinabete\/#primaryimage","url":"https:\/\/www.sonoraenequipo.com.mx\/storage\/2025\/02\/mina-El-Pinabete-min.jpg","contentUrl":"https:\/\/www.sonoraenequipo.com.mx\/storage\/2025\/02\/mina-El-Pinabete-min.jpg","width":988,"height":598},{"@type":"BreadcrumbList","@id":"https:\/\/www.sonoraenequipo.com.mx\/recuperan-restos-de-ultimo-minero-en-el-pinabete\/#breadcrumb","itemListElement":[{"@type":"ListItem","position":1,"name":"Portada","item":"https:\/\/www.sonoraenequipo.com.mx\/"},{"@type":"ListItem","position":2,"name":"Recuperan restos de \u00faltimo minero en El Pinabete."}]},{"@type":"WebSite","@id":"https:\/\/www.sonoraenequipo.com.mx\/#website","url":"https:\/\/www.sonoraenequipo.com.mx\/","name":"Sonora en Equipo.","description":"Diario en l\u00ednea con Noticias desde Hermosillo, Sonora","publisher":{"@id":"https:\/\/www.sonoraenequipo.com.mx\/#organization"},"potentialAction":[{"@type":"SearchAction","target":{"@type":"EntryPoint","urlTemplate":"https:\/\/www.sonoraenequipo.com.mx\/?s={search_term_string}"},"query-input":{"@type":"PropertyValueSpecification","valueRequired":true,"valueName":"search_term_string"}}],"inLanguage":"es"},{"@type":"Organization","@id":"https:\/\/www.sonoraenequipo.com.mx\/#organization","name":"Sonoraenequipo.com.mx","url":"https:\/\/www.sonoraenequipo.com.mx\/","logo":{"@type":"ImageObject","inLanguage":"es","@id":"https:\/\/www.sonoraenequipo.com.mx\/#\/schema\/logo\/image\/","url":"https:\/\/www.sonoraenequipo.com.mx\/storage\/2019\/01\/sonoraenequipo_opt.png","contentUrl":"https:\/\/www.sonoraenequipo.com.mx\/storage\/2019\/01\/sonoraenequipo_opt.png","width":375,"height":125,"caption":"Sonoraenequipo.com.mx"},"image":{"@id":"https:\/\/www.sonoraenequipo.com.mx\/#\/schema\/logo\/image\/"},"sameAs":["https:\/\/www.facebook.com\/SonoraEE\/","https:\/\/x.com\/sonoraenequipo","https:\/\/www.youtube.com\/channel\/UC338nW-lPEYmJQs4ZABQ1SQ"]},{"@type":"Person","@id":"https:\/\/www.sonoraenequipo.com.mx\/#\/schema\/person\/50102df0fb23a8fa9e8effad8fa81386","name":"enequipo","image":{"@type":"ImageObject","inLanguage":"es","@id":"https:\/\/www.sonoraenequipo.com.mx\/#\/schema\/person\/image\/","url":"https:\/\/secure.gravatar.com\/avatar\/049821681b589dabc0bc20695993ccebb09f5b5d4d790cd9251b97faac7c652b?s=96&d=blank&r=g","contentUrl":"https:\/\/secure.gravatar.com\/avatar\/049821681b589dabc0bc20695993ccebb09f5b5d4d790cd9251b97faac7c652b?s=96&d=blank&r=g","caption":"enequipo"},"sameAs":["https:\/\/www.facebook.com\/SonoraEE"]}]}},"jetpack_featured_media_url":"https:\/\/www.sonoraenequipo.com.mx\/storage\/2025\/02\/mina-El-Pinabete-min.jpg","_links":{"self":[{"href":"https:\/\/www.sonoraenequipo.com.mx\/api\/wp\/v2\/posts\/209631","targetHints":{"allow":["GET"]}}],"collection":[{"href":"https:\/\/www.sonoraenequipo.com.mx\/api\/wp\/v2\/posts"}],"about":[{"href":"https:\/\/www.sonoraenequipo.com.mx\/api\/wp\/v2\/types\/post"}],"author":[{"embeddable":true,"href":"https:\/\/www.sonoraenequipo.com.mx\/api\/wp\/v2\/users\/1"}],"replies":[{"embeddable":true,"href":"https:\/\/www.sonoraenequipo.com.mx\/api\/wp\/v2\/comments?post=209631"}],"version-history":[{"count":1,"href":"https:\/\/www.sonoraenequipo.com.mx\/api\/wp\/v2\/posts\/209631\/revisions"}],"predecessor-version":[{"id":209632,"href":"https:\/\/www.sonoraenequipo.com.mx\/api\/wp\/v2\/posts\/209631\/revisions\/209632"}],"wp:featuredmedia":[{"embeddable":true,"href":"https:\/\/www.sonoraenequipo.com.mx\/api\/wp\/v2\/media\/209618"}],"wp:attachment":[{"href":"https:\/\/www.sonoraenequipo.com.mx\/api\/wp\/v2\/media?parent=209631"}],"wp:term":[{"taxonomy":"category","embeddable":true,"href":"https:\/\/www.sonoraenequipo.com.mx\/api\/wp\/v2\/categories?post=209631"},{"taxonomy":"post_tag","embeddable":true,"href":"https:\/\/www.sonoraenequipo.com.mx\/api\/wp\/v2\/tags?post=209631"}],"curies":[{"name":"wp","href":"https:\/\/api.w.org\/{rel}","templated":true}]}}