{"id":209638,"date":"2025-02-15T11:23:51","date_gmt":"2025-02-15T18:23:51","guid":{"rendered":"https:\/\/www.sonoraenequipo.com.mx\/?p=209638"},"modified":"2025-02-15T11:25:17","modified_gmt":"2025-02-15T18:25:17","slug":"capturan-en-cdmx-a-lider-de-grupo-delincuencial-de-acapulco","status":"publish","type":"post","link":"https:\/\/www.sonoraenequipo.com.mx\/capturan-en-cdmx-a-lider-de-grupo-delincuencial-de-acapulco\/","title":{"rendered":"Capturan en CDMX a l\u00edder de grupo delincuencial en Acapulco"},"content":{"rendered":"<p><strong>Ciudad de M\u00c9XICO.<\/strong> <strong>\u0336 \u0336&nbsp; <\/strong>Como parte de la Estrategia Nacional de Seguridad, en la alcald\u00eda Venustiano Carranza de la Ciudad de M\u00e9xico, elementos de la Secretar\u00eda de la Defensa Nacional (Defensa), Secretar\u00eda de Marina (Semar), Fiscal\u00eda General de la Rep\u00fablica (FGR), Guardia Nacional (GN), Secretar\u00eda de Seguridad y Protecci\u00f3n Ciudadana (SSPC), junto con la Fiscal\u00eda General de Justicia (FGJ) y Secretar\u00eda de Seguridad Ciudadana (SSC), ambas de la Ciudad de M\u00e9xico y la Fiscal\u00eda General del Estado de Guerrero (FGE), detuvieron a Abner \u201cN\u201d, l\u00edder y fundador de un grupo delictivo generador de violencia en Acapulco, Guerrero.<\/p>\n<p>&nbsp;<\/p>\n<p>Mediante el intercambio de informaci\u00f3n interinstitucional se tuvo conocimiento que Abner \u201cN\u201d no cumpli\u00f3 con la medida cautelar de prisi\u00f3n preventiva domiciliaria, impuesta por un Juez de Control en Guerrero y, con trabajos de inteligencia, se ubic\u00f3 en la alcald\u00eda Venustiano Carranza en la capital del pa\u00eds como su zona de movilidad.<\/p>\n<p>&nbsp;<\/p>\n<p>Con los datos obtenidos, se realiz\u00f3 un despliegue coordinado en la calle Cer\u00e1mica, donde se identific\u00f3 a Abner \u201cN\u201d, luego de comprobar su identidad, los agentes de seguridad cumplimentaron una orden de reaprehensi\u00f3n por delitos Contra la Salud en su modalidad de Posesi\u00f3n con fines de Comercio y otra orden de aprehensi\u00f3n por el delito de homicidio calificado en agravio de un hombre, por hechos ocurridos en Acapulco.<\/p>\n<p>&nbsp;<\/p>\n<p>Al sujeto se le inform\u00f3 el motivo de su detenci\u00f3n, se le dio lectura a sus derechos constitucionales y fue puesto a disposici\u00f3n del Juez de Control y Juicio Penal que lo requiere.<\/p>\n<p>DATOS ADICIONALES<\/p>\n<p>&nbsp;<\/p>\n<p>En la Ciudad de M\u00e9xico, elementos de la Defensa, Semar, FGR, GN, SSPC junto con FGJ y SSC de la Ciudad de M\u00e9xico y FGE de Guerrero detuvieron a Abner No\u00e9 Cervantes Magno de 38 a\u00f1os, alias \u201cEl Traumado\u201d y\/o \u201cEl Pedo Sucio\u201d, identificado como uno de los l\u00edderes del C\u00e1rtel Independiente de Acapulco (CIDA) y generador de violencia en el puerto.<\/p>\n<p>&nbsp;<\/p>\n<p>Se cumpliment\u00f3 una orden de reaprehensi\u00f3n por delitos Contra la Salud en su modalidad de Posesi\u00f3n con fines de Comercio y otra orden de aprehensi\u00f3n por homicidio calificado en agravio de un hombre, por hechos ocurridos en Acapulco.<\/p>\n<p><strong>Fecha de publicaci\u00f3n s\u00e1bado 15 de febrero de 2025 \/<\/strong><\/p>\n","protected":false},"excerpt":{"rendered":"<p>Ciudad de M\u00c9XICO. \u0336 \u0336&nbsp; Como parte de la Estrategia Nacional de Seguridad, en la&#8230;<\/p>\n","protected":false},"author":1,"featured_media":209639,"comment_status":"open","ping_status":"open","sticky":false,"template":"","format":"standard","meta":{"_monsterinsights_skip_tracking":false,"_monsterinsights_sitenote_active":false,"_monsterinsights_sitenote_note":"","_monsterinsights_sitenote_category":0,"footnotes":""},"categories":[3144],"tags":[],"class_list":["post"],"yoast_head":" \n<title>Sonora en Equipo. Capturan en CDMX a l\u00edder de grupo delincuencial en Acapulco Polic\u00edaca<\/title>\n<meta name=\"description\" content=\"Ciudad de M\u00c9XICO. \u0336 \u0336&nbsp; Como parte de la Estrategia Nacional de Seguridad, en la alcald\u00eda Venustiano Carranza de la Ciudad de M\u00e9xico, elementos de la En Sonora en Equipo publicamos toda la informaci\u00f3n de Sonora, M\u00e9xico y el Mundo de manera oportuna y busca que la libertad de expresi\u00f3n sea real. Visita nuestro medio informativo publicado desde Hermosillo, Sonora. %\" \/>\n<meta name=\"robots\" content=\"index, follow, max-snippet:-1, max-image-preview:large, max-video-preview:-1\" \/>\n<link rel=\"canonical\" href=\"https:\/\/www.sonoraenequipo.com.mx\/capturan-en-cdmx-a-lider-de-grupo-delincuencial-de-acapulco\/\" \/>\n<meta property=\"og:locale\" content=\"es_ES\" \/>\n<meta property=\"og:type\" content=\"article\" \/>\n<meta property=\"og:title\" content=\"Sonora en Equipo. Capturan en CDMX a l\u00edder de grupo delincuencial en Acapulco Polic\u00edaca\" \/>\n<meta property=\"og:description\" content=\"Ciudad de M\u00c9XICO. \u0336 \u0336&nbsp; Como parte de la Estrategia Nacional de Seguridad, en la alcald\u00eda Venustiano Carranza de la Ciudad de M\u00e9xico, elementos de la En Sonora en Equipo publicamos toda la informaci\u00f3n de Sonora, M\u00e9xico y el Mundo de manera oportuna y busca que la libertad de expresi\u00f3n sea real. Visita nuestro medio informativo publicado desde Hermosillo, Sonora. %\" \/>\n<meta property=\"og:url\" content=\"https:\/\/www.sonoraenequipo.com.mx\/capturan-en-cdmx-a-lider-de-grupo-delincuencial-de-acapulco\/\" \/>\n<meta property=\"og:site_name\" content=\"Sonora en Equipo.\" \/>\n<meta property=\"article:publisher\" content=\"https:\/\/www.facebook.com\/SonoraEE\/\" \/>\n<meta property=\"article:author\" content=\"https:\/\/www.facebook.com\/SonoraEE\" \/>\n<meta property=\"article:published_time\" content=\"2025-02-15T18:23:51+00:00\" \/>\n<meta property=\"article:modified_time\" content=\"2025-02-15T18:25:17+00:00\" \/>\n<meta property=\"og:image\" content=\"https:\/\/www.sonoraenequipo.com.mx\/storage\/2025\/02\/pedo-sucio.jpg\" \/>\n\t<meta property=\"og:image:width\" content=\"600\" \/>\n\t<meta property=\"og:image:height\" content=\"400\" \/>\n\t<meta property=\"og:image:type\" content=\"image\/jpeg\" \/>\n<meta name=\"author\" content=\"enequipo\" \/>\n<meta name=\"twitter:card\" content=\"summary_large_image\" \/>\n<meta name=\"twitter:creator\" content=\"@sonoraenequipo\" \/>\n<meta name=\"twitter:site\" content=\"@sonoraenequipo\" \/>\n<meta name=\"twitter:label1\" content=\"Escrito por\" \/>\n\t<meta name=\"twitter:data1\" content=\"enequipo\" \/>\n\t<meta name=\"twitter:label2\" content=\"Tiempo de lectura\" \/>\n\t<meta name=\"twitter:data2\" content=\"2 minutos\" \/>\n<script type=\"application\/ld+json\" class=\"yoast-schema-graph\">{\"@context\":\"https:\/\/schema.org\",\"@graph\":[{\"@type\":\"Article\",\"@id\":\"https:\/\/www.sonoraenequipo.com.mx\/capturan-en-cdmx-a-lider-de-grupo-delincuencial-de-acapulco\/#article\",\"isPartOf\":{\"@id\":\"https:\/\/www.sonoraenequipo.com.mx\/capturan-en-cdmx-a-lider-de-grupo-delincuencial-de-acapulco\/\"},\"author\":{\"name\":\"enequipo\",\"@id\":\"https:\/\/www.sonoraenequipo.com.mx\/#\/schema\/person\/50102df0fb23a8fa9e8effad8fa81386\"},\"headline\":\"Capturan en CDMX a l\u00edder de grupo delincuencial en Acapulco\",\"datePublished\":\"2025-02-15T18:23:51+00:00\",\"dateModified\":\"2025-02-15T18:25:17+00:00\",\"mainEntityOfPage\":{\"@id\":\"https:\/\/www.sonoraenequipo.com.mx\/capturan-en-cdmx-a-lider-de-grupo-delincuencial-de-acapulco\/\"},\"wordCount\":409,\"commentCount\":0,\"publisher\":{\"@id\":\"https:\/\/www.sonoraenequipo.com.mx\/#organization\"},\"image\":{\"@id\":\"https:\/\/www.sonoraenequipo.com.mx\/capturan-en-cdmx-a-lider-de-grupo-delincuencial-de-acapulco\/#primaryimage\"},\"thumbnailUrl\":\"https:\/\/www.sonoraenequipo.com.mx\/storage\/2025\/02\/pedo-sucio.jpg\",\"articleSection\":[\"Polic\u00edaca\"],\"inLanguage\":\"es\",\"potentialAction\":[{\"@type\":\"CommentAction\",\"name\":\"Comment\",\"target\":[\"https:\/\/www.sonoraenequipo.com.mx\/capturan-en-cdmx-a-lider-de-grupo-delincuencial-de-acapulco\/#respond\"]}]},{\"@type\":\"WebPage\",\"@id\":\"https:\/\/www.sonoraenequipo.com.mx\/capturan-en-cdmx-a-lider-de-grupo-delincuencial-de-acapulco\/\",\"url\":\"https:\/\/www.sonoraenequipo.com.mx\/capturan-en-cdmx-a-lider-de-grupo-delincuencial-de-acapulco\/\",\"name\":\"Sonora en Equipo. Capturan en CDMX a l\u00edder de grupo delincuencial en Acapulco Polic\u00edaca\",\"isPartOf\":{\"@id\":\"https:\/\/www.sonoraenequipo.com.mx\/#website\"},\"primaryImageOfPage\":{\"@id\":\"https:\/\/www.sonoraenequipo.com.mx\/capturan-en-cdmx-a-lider-de-grupo-delincuencial-de-acapulco\/#primaryimage\"},\"image\":{\"@id\":\"https:\/\/www.sonoraenequipo.com.mx\/capturan-en-cdmx-a-lider-de-grupo-delincuencial-de-acapulco\/#primaryimage\"},\"thumbnailUrl\":\"https:\/\/www.sonoraenequipo.com.mx\/storage\/2025\/02\/pedo-sucio.jpg\",\"datePublished\":\"2025-02-15T18:23:51+00:00\",\"dateModified\":\"2025-02-15T18:25:17+00:00\",\"description\":\"Ciudad de M\u00c9XICO. \u0336 \u0336&nbsp; Como parte de la Estrategia Nacional de Seguridad, en la alcald\u00eda Venustiano Carranza de la Ciudad de M\u00e9xico, elementos de la En Sonora en Equipo publicamos toda la informaci\u00f3n de Sonora, M\u00e9xico y el Mundo de manera oportuna y busca que la libertad de expresi\u00f3n sea real. Visita nuestro medio informativo publicado desde Hermosillo, Sonora. %\",\"breadcrumb\":{\"@id\":\"https:\/\/www.sonoraenequipo.com.mx\/capturan-en-cdmx-a-lider-de-grupo-delincuencial-de-acapulco\/#breadcrumb\"},\"inLanguage\":\"es\",\"potentialAction\":[{\"@type\":\"ReadAction\",\"target\":[\"https:\/\/www.sonoraenequipo.com.mx\/capturan-en-cdmx-a-lider-de-grupo-delincuencial-de-acapulco\/\"]}]},{\"@type\":\"ImageObject\",\"inLanguage\":\"es\",\"@id\":\"https:\/\/www.sonoraenequipo.com.mx\/capturan-en-cdmx-a-lider-de-grupo-delincuencial-de-acapulco\/#primaryimage\",\"url\":\"https:\/\/www.sonoraenequipo.com.mx\/storage\/2025\/02\/pedo-sucio.jpg\",\"contentUrl\":\"https:\/\/www.sonoraenequipo.com.mx\/storage\/2025\/02\/pedo-sucio.jpg\",\"width\":600,\"height\":400},{\"@type\":\"BreadcrumbList\",\"@id\":\"https:\/\/www.sonoraenequipo.com.mx\/capturan-en-cdmx-a-lider-de-grupo-delincuencial-de-acapulco\/#breadcrumb\",\"itemListElement\":[{\"@type\":\"ListItem\",\"position\":1,\"name\":\"Portada\",\"item\":\"https:\/\/www.sonoraenequipo.com.mx\/\"},{\"@type\":\"ListItem\",\"position\":2,\"name\":\"Capturan en CDMX a l\u00edder de grupo delincuencial en Acapulco\"}]},{\"@type\":\"WebSite\",\"@id\":\"https:\/\/www.sonoraenequipo.com.mx\/#website\",\"url\":\"https:\/\/www.sonoraenequipo.com.mx\/\",\"name\":\"Sonora en Equipo.\",\"description\":\"Diario en l\u00ednea con Noticias desde Hermosillo, Sonora\",\"publisher\":{\"@id\":\"https:\/\/www.sonoraenequipo.com.mx\/#organization\"},\"potentialAction\":[{\"@type\":\"SearchAction\",\"target\":{\"@type\":\"EntryPoint\",\"urlTemplate\":\"https:\/\/www.sonoraenequipo.com.mx\/?s={search_term_string}\"},\"query-input\":{\"@type\":\"PropertyValueSpecification\",\"valueRequired\":true,\"valueName\":\"search_term_string\"}}],\"inLanguage\":\"es\"},{\"@type\":\"Organization\",\"@id\":\"https:\/\/www.sonoraenequipo.com.mx\/#organization\",\"name\":\"Sonoraenequipo.com.mx\",\"url\":\"https:\/\/www.sonoraenequipo.com.mx\/\",\"logo\":{\"@type\":\"ImageObject\",\"inLanguage\":\"es\",\"@id\":\"https:\/\/www.sonoraenequipo.com.mx\/#\/schema\/logo\/image\/\",\"url\":\"https:\/\/www.sonoraenequipo.com.mx\/storage\/2019\/01\/sonoraenequipo_opt.png\",\"contentUrl\":\"https:\/\/www.sonoraenequipo.com.mx\/storage\/2019\/01\/sonoraenequipo_opt.png\",\"width\":375,\"height\":125,\"caption\":\"Sonoraenequipo.com.mx\"},\"image\":{\"@id\":\"https:\/\/www.sonoraenequipo.com.mx\/#\/schema\/logo\/image\/\"},\"sameAs\":[\"https:\/\/www.facebook.com\/SonoraEE\/\",\"https:\/\/x.com\/sonoraenequipo\",\"https:\/\/www.youtube.com\/channel\/UC338nW-lPEYmJQs4ZABQ1SQ\"]},{\"@type\":\"Person\",\"@id\":\"https:\/\/www.sonoraenequipo.com.mx\/#\/schema\/person\/50102df0fb23a8fa9e8effad8fa81386\",\"name\":\"enequipo\",\"image\":{\"@type\":\"ImageObject\",\"inLanguage\":\"es\",\"@id\":\"https:\/\/www.sonoraenequipo.com.mx\/#\/schema\/person\/image\/\",\"url\":\"https:\/\/secure.gravatar.com\/avatar\/049821681b589dabc0bc20695993ccebb09f5b5d4d790cd9251b97faac7c652b?s=96&d=blank&r=g\",\"contentUrl\":\"https:\/\/secure.gravatar.com\/avatar\/049821681b589dabc0bc20695993ccebb09f5b5d4d790cd9251b97faac7c652b?s=96&d=blank&r=g\",\"caption\":\"enequipo\"},\"sameAs\":[\"https:\/\/www.facebook.com\/SonoraEE\"]}]}<\/script>\n ","yoast_head_json":{"title":"Sonora en Equipo. Capturan en CDMX a l\u00edder de grupo delincuencial en Acapulco Polic\u00edaca","description":"Ciudad de M\u00c9XICO. \u0336 \u0336&nbsp; Como parte de la Estrategia Nacional de Seguridad, en la alcald\u00eda Venustiano Carranza de la Ciudad de M\u00e9xico, elementos de la En Sonora en Equipo publicamos toda la informaci\u00f3n de Sonora, M\u00e9xico y el Mundo de manera oportuna y busca que la libertad de expresi\u00f3n sea real. Visita nuestro medio informativo publicado desde Hermosillo, Sonora. %","robots":{"index":"index","follow":"follow","max-snippet":"max-snippet:-1","max-image-preview":"max-image-preview:large","max-video-preview":"max-video-preview:-1"},"canonical":"https:\/\/www.sonoraenequipo.com.mx\/capturan-en-cdmx-a-lider-de-grupo-delincuencial-de-acapulco\/","og_locale":"es_ES","og_type":"article","og_title":"Sonora en Equipo. Capturan en CDMX a l\u00edder de grupo delincuencial en Acapulco Polic\u00edaca","og_description":"Ciudad de M\u00c9XICO. \u0336 \u0336&nbsp; Como parte de la Estrategia Nacional de Seguridad, en la alcald\u00eda Venustiano Carranza de la Ciudad de M\u00e9xico, elementos de la En Sonora en Equipo publicamos toda la informaci\u00f3n de Sonora, M\u00e9xico y el Mundo de manera oportuna y busca que la libertad de expresi\u00f3n sea real. Visita nuestro medio informativo publicado desde Hermosillo, Sonora. %","og_url":"https:\/\/www.sonoraenequipo.com.mx\/capturan-en-cdmx-a-lider-de-grupo-delincuencial-de-acapulco\/","og_site_name":"Sonora en Equipo.","article_publisher":"https:\/\/www.facebook.com\/SonoraEE\/","article_author":"https:\/\/www.facebook.com\/SonoraEE","article_published_time":"2025-02-15T18:23:51+00:00","article_modified_time":"2025-02-15T18:25:17+00:00","og_image":[{"width":600,"height":400,"url":"https:\/\/www.sonoraenequipo.com.mx\/storage\/2025\/02\/pedo-sucio.jpg","type":"image\/jpeg"}],"author":"enequipo","twitter_card":"summary_large_image","twitter_creator":"@sonoraenequipo","twitter_site":"@sonoraenequipo","twitter_misc":{"Escrito por":"enequipo","Tiempo de lectura":"2 minutos"},"schema":{"@context":"https:\/\/schema.org","@graph":[{"@type":"Article","@id":"https:\/\/www.sonoraenequipo.com.mx\/capturan-en-cdmx-a-lider-de-grupo-delincuencial-de-acapulco\/#article","isPartOf":{"@id":"https:\/\/www.sonoraenequipo.com.mx\/capturan-en-cdmx-a-lider-de-grupo-delincuencial-de-acapulco\/"},"author":{"name":"enequipo","@id":"https:\/\/www.sonoraenequipo.com.mx\/#\/schema\/person\/50102df0fb23a8fa9e8effad8fa81386"},"headline":"Capturan en CDMX a l\u00edder de grupo delincuencial en Acapulco","datePublished":"2025-02-15T18:23:51+00:00","dateModified":"2025-02-15T18:25:17+00:00","mainEntityOfPage":{"@id":"https:\/\/www.sonoraenequipo.com.mx\/capturan-en-cdmx-a-lider-de-grupo-delincuencial-de-acapulco\/"},"wordCount":409,"commentCount":0,"publisher":{"@id":"https:\/\/www.sonoraenequipo.com.mx\/#organization"},"image":{"@id":"https:\/\/www.sonoraenequipo.com.mx\/capturan-en-cdmx-a-lider-de-grupo-delincuencial-de-acapulco\/#primaryimage"},"thumbnailUrl":"https:\/\/www.sonoraenequipo.com.mx\/storage\/2025\/02\/pedo-sucio.jpg","articleSection":["Polic\u00edaca"],"inLanguage":"es","potentialAction":[{"@type":"CommentAction","name":"Comment","target":["https:\/\/www.sonoraenequipo.com.mx\/capturan-en-cdmx-a-lider-de-grupo-delincuencial-de-acapulco\/#respond"]}]},{"@type":"WebPage","@id":"https:\/\/www.sonoraenequipo.com.mx\/capturan-en-cdmx-a-lider-de-grupo-delincuencial-de-acapulco\/","url":"https:\/\/www.sonoraenequipo.com.mx\/capturan-en-cdmx-a-lider-de-grupo-delincuencial-de-acapulco\/","name":"Sonora en Equipo. Capturan en CDMX a l\u00edder de grupo delincuencial en Acapulco Polic\u00edaca","isPartOf":{"@id":"https:\/\/www.sonoraenequipo.com.mx\/#website"},"primaryImageOfPage":{"@id":"https:\/\/www.sonoraenequipo.com.mx\/capturan-en-cdmx-a-lider-de-grupo-delincuencial-de-acapulco\/#primaryimage"},"image":{"@id":"https:\/\/www.sonoraenequipo.com.mx\/capturan-en-cdmx-a-lider-de-grupo-delincuencial-de-acapulco\/#primaryimage"},"thumbnailUrl":"https:\/\/www.sonoraenequipo.com.mx\/storage\/2025\/02\/pedo-sucio.jpg","datePublished":"2025-02-15T18:23:51+00:00","dateModified":"2025-02-15T18:25:17+00:00","description":"Ciudad de M\u00c9XICO. \u0336 \u0336&nbsp; Como parte de la Estrategia Nacional de Seguridad, en la alcald\u00eda Venustiano Carranza de la Ciudad de M\u00e9xico, elementos de la En Sonora en Equipo publicamos toda la informaci\u00f3n de Sonora, M\u00e9xico y el Mundo de manera oportuna y busca que la libertad de expresi\u00f3n sea real. Visita nuestro medio informativo publicado desde Hermosillo, Sonora. %","breadcrumb":{"@id":"https:\/\/www.sonoraenequipo.com.mx\/capturan-en-cdmx-a-lider-de-grupo-delincuencial-de-acapulco\/#breadcrumb"},"inLanguage":"es","potentialAction":[{"@type":"ReadAction","target":["https:\/\/www.sonoraenequipo.com.mx\/capturan-en-cdmx-a-lider-de-grupo-delincuencial-de-acapulco\/"]}]},{"@type":"ImageObject","inLanguage":"es","@id":"https:\/\/www.sonoraenequipo.com.mx\/capturan-en-cdmx-a-lider-de-grupo-delincuencial-de-acapulco\/#primaryimage","url":"https:\/\/www.sonoraenequipo.com.mx\/storage\/2025\/02\/pedo-sucio.jpg","contentUrl":"https:\/\/www.sonoraenequipo.com.mx\/storage\/2025\/02\/pedo-sucio.jpg","width":600,"height":400},{"@type":"BreadcrumbList","@id":"https:\/\/www.sonoraenequipo.com.mx\/capturan-en-cdmx-a-lider-de-grupo-delincuencial-de-acapulco\/#breadcrumb","itemListElement":[{"@type":"ListItem","position":1,"name":"Portada","item":"https:\/\/www.sonoraenequipo.com.mx\/"},{"@type":"ListItem","position":2,"name":"Capturan en CDMX a l\u00edder de grupo delincuencial en Acapulco"}]},{"@type":"WebSite","@id":"https:\/\/www.sonoraenequipo.com.mx\/#website","url":"https:\/\/www.sonoraenequipo.com.mx\/","name":"Sonora en Equipo.","description":"Diario en l\u00ednea con Noticias desde Hermosillo, Sonora","publisher":{"@id":"https:\/\/www.sonoraenequipo.com.mx\/#organization"},"potentialAction":[{"@type":"SearchAction","target":{"@type":"EntryPoint","urlTemplate":"https:\/\/www.sonoraenequipo.com.mx\/?s={search_term_string}"},"query-input":{"@type":"PropertyValueSpecification","valueRequired":true,"valueName":"search_term_string"}}],"inLanguage":"es"},{"@type":"Organization","@id":"https:\/\/www.sonoraenequipo.com.mx\/#organization","name":"Sonoraenequipo.com.mx","url":"https:\/\/www.sonoraenequipo.com.mx\/","logo":{"@type":"ImageObject","inLanguage":"es","@id":"https:\/\/www.sonoraenequipo.com.mx\/#\/schema\/logo\/image\/","url":"https:\/\/www.sonoraenequipo.com.mx\/storage\/2019\/01\/sonoraenequipo_opt.png","contentUrl":"https:\/\/www.sonoraenequipo.com.mx\/storage\/2019\/01\/sonoraenequipo_opt.png","width":375,"height":125,"caption":"Sonoraenequipo.com.mx"},"image":{"@id":"https:\/\/www.sonoraenequipo.com.mx\/#\/schema\/logo\/image\/"},"sameAs":["https:\/\/www.facebook.com\/SonoraEE\/","https:\/\/x.com\/sonoraenequipo","https:\/\/www.youtube.com\/channel\/UC338nW-lPEYmJQs4ZABQ1SQ"]},{"@type":"Person","@id":"https:\/\/www.sonoraenequipo.com.mx\/#\/schema\/person\/50102df0fb23a8fa9e8effad8fa81386","name":"enequipo","image":{"@type":"ImageObject","inLanguage":"es","@id":"https:\/\/www.sonoraenequipo.com.mx\/#\/schema\/person\/image\/","url":"https:\/\/secure.gravatar.com\/avatar\/049821681b589dabc0bc20695993ccebb09f5b5d4d790cd9251b97faac7c652b?s=96&d=blank&r=g","contentUrl":"https:\/\/secure.gravatar.com\/avatar\/049821681b589dabc0bc20695993ccebb09f5b5d4d790cd9251b97faac7c652b?s=96&d=blank&r=g","caption":"enequipo"},"sameAs":["https:\/\/www.facebook.com\/SonoraEE"]}]}},"jetpack_featured_media_url":"https:\/\/www.sonoraenequipo.com.mx\/storage\/2025\/02\/pedo-sucio.jpg","_links":{"self":[{"href":"https:\/\/www.sonoraenequipo.com.mx\/api\/wp\/v2\/posts\/209638","targetHints":{"allow":["GET"]}}],"collection":[{"href":"https:\/\/www.sonoraenequipo.com.mx\/api\/wp\/v2\/posts"}],"about":[{"href":"https:\/\/www.sonoraenequipo.com.mx\/api\/wp\/v2\/types\/post"}],"author":[{"embeddable":true,"href":"https:\/\/www.sonoraenequipo.com.mx\/api\/wp\/v2\/users\/1"}],"replies":[{"embeddable":true,"href":"https:\/\/www.sonoraenequipo.com.mx\/api\/wp\/v2\/comments?post=209638"}],"version-history":[{"count":2,"href":"https:\/\/www.sonoraenequipo.com.mx\/api\/wp\/v2\/posts\/209638\/revisions"}],"predecessor-version":[{"id":209641,"href":"https:\/\/www.sonoraenequipo.com.mx\/api\/wp\/v2\/posts\/209638\/revisions\/209641"}],"wp:featuredmedia":[{"embeddable":true,"href":"https:\/\/www.sonoraenequipo.com.mx\/api\/wp\/v2\/media\/209639"}],"wp:attachment":[{"href":"https:\/\/www.sonoraenequipo.com.mx\/api\/wp\/v2\/media?parent=209638"}],"wp:term":[{"taxonomy":"category","embeddable":true,"href":"https:\/\/www.sonoraenequipo.com.mx\/api\/wp\/v2\/categories?post=209638"},{"taxonomy":"post_tag","embeddable":true,"href":"https:\/\/www.sonoraenequipo.com.mx\/api\/wp\/v2\/tags?post=209638"}],"curies":[{"name":"wp","href":"https:\/\/api.w.org\/{rel}","templated":true}]}}