{"id":209642,"date":"2025-02-15T12:11:59","date_gmt":"2025-02-15T19:11:59","guid":{"rendered":"https:\/\/www.sonoraenequipo.com.mx\/?p=209642"},"modified":"2025-02-15T12:12:35","modified_gmt":"2025-02-15T19:12:35","slug":"presidenta-sheinbaum-y-gobernador-durazo-y-fortalecen-estrategia-de-paz-a-traves-del-deporte-en-jovenes","status":"publish","type":"post","link":"https:\/\/www.sonoraenequipo.com.mx\/presidenta-sheinbaum-y-gobernador-durazo-y-fortalecen-estrategia-de-paz-a-traves-del-deporte-en-jovenes\/","title":{"rendered":"Presidenta Sheinbaum y Gobernador Durazo  fortalecen estrategia de paz a trav\u00e9s del deporte en j\u00f3venes"},"content":{"rendered":"<p><strong>HERMOSILLO, SONORA, MX.<\/strong> \u2014 Con el prop\u00f3sito de fortalecer el sano esparcimiento y el desarrollo de la juventud sonorense, el gobernador Alfonso Durazo Monta\u00f1o anunci\u00f3 la participaci\u00f3n de Sonora en la Clase Nacional de Boxeo, una iniciativa impulsada por la presidenta Claudia Sheinbaum Pardo que reunir\u00e1 simult\u00e1neamente a los 32 estados del pa\u00eds.<\/p>\n<p>Acompa\u00f1ado por Miguel Torruco Garza, director nacional de Promoci\u00f3n al Deporte y Bienestar, el mandatario estatal destac\u00f3 las acciones emprendidas en Sonora para fomentar la paz a trav\u00e9s del deporte. En este sentido, la Clase Nacional de Boxeo, que se llevar\u00e1 a cabo el pr\u00f3ximo 6 de abril en el marco del D\u00eda Internacional del Deporte para el Desarrollo y la Paz, representa una oportunidad clave para inculcar valores en la ni\u00f1ez y la juventud.<\/p>\n<p>&nbsp;<\/p>\n<p>&nbsp;<\/p>\n<p>&nbsp;<\/p>\n<p>\u00abEs fundamental promover el deporte en todos los \u00e1mbitos de nuestra vida. Una sociedad que participa activamente en actividades deportivas y comunitarias contribuye de manera significativa a la lucha contra las adicciones y al fortalecimiento de la paz y la tranquilidad. Este es uno de los grandes objetivos de la estrategia de promoci\u00f3n deportiva que encabeza a nivel nacional nuestra presidenta, la doctora Claudia Sheinbaum\u00bb, enfatiz\u00f3 Durazo.<\/p>\n<p>&nbsp;<\/p>\n<p>&nbsp;<\/p>\n<p>&nbsp;<\/p>\n<p>Durante la reuni\u00f3n, el gobernador firm\u00f3 el Cintur\u00f3n de la Paz, sumando a Sonora como el estado n\u00famero 16 en adherirse a este compromiso nacional de promoci\u00f3n deportiva.<\/p>\n<p>&nbsp;<\/p>\n<p>&nbsp;<\/p>\n<p>&nbsp;<\/p>\n<p>Con esta iniciativa, el Gobierno de Sonora reafirma su compromiso de generar espacios y oportunidades para que ni\u00f1as, ni\u00f1os y j\u00f3venes accedan al deporte como una v\u00eda para su bienestar y desarrollo integral.<\/p>\n<p><strong>Fecha de publicaci\u00f3n s\u00e1bado 15 de febrero de 2025 \/<\/strong><\/p>\n<p>&nbsp;<\/p>\n","protected":false},"excerpt":{"rendered":"<p>HERMOSILLO, SONORA, MX. \u2014 Con el prop\u00f3sito de fortalecer el sano esparcimiento y el desarrollo&#8230;<\/p>\n","protected":false},"author":1,"featured_media":209643,"comment_status":"open","ping_status":"open","sticky":false,"template":"","format":"standard","meta":{"_monsterinsights_skip_tracking":false,"_monsterinsights_sitenote_active":false,"_monsterinsights_sitenote_note":"","_monsterinsights_sitenote_category":0,"footnotes":""},"categories":[10],"tags":[10864],"class_list":["post"],"yoast_head":" \n<title>Sonora en Equipo. Presidenta Sheinbaum y Gobernador Durazo fortalecen estrategia de paz a trav\u00e9s del deporte en j\u00f3venes Deportes<\/title>\n<meta name=\"description\" content=\"HERMOSILLO, SONORA, MX. \u2014 Con el prop\u00f3sito de fortalecer el sano esparcimiento y el desarrollo de la juventud sonorense, el gobernador Alfonso Durazo En Sonora en Equipo publicamos toda la informaci\u00f3n de Sonora, M\u00e9xico y el Mundo de manera oportuna y busca que la libertad de expresi\u00f3n sea real. Visita nuestro medio informativo publicado desde Hermosillo, Sonora. %\" \/>\n<meta name=\"robots\" content=\"index, follow, max-snippet:-1, max-image-preview:large, max-video-preview:-1\" \/>\n<link rel=\"canonical\" href=\"https:\/\/www.sonoraenequipo.com.mx\/presidenta-sheinbaum-y-gobernador-durazo-y-fortalecen-estrategia-de-paz-a-traves-del-deporte-en-jovenes\/\" \/>\n<meta property=\"og:locale\" content=\"es_ES\" \/>\n<meta property=\"og:type\" content=\"article\" \/>\n<meta property=\"og:title\" content=\"Sonora en Equipo. Presidenta Sheinbaum y Gobernador Durazo fortalecen estrategia de paz a trav\u00e9s del deporte en j\u00f3venes Deportes\" \/>\n<meta property=\"og:description\" content=\"HERMOSILLO, SONORA, MX. \u2014 Con el prop\u00f3sito de fortalecer el sano esparcimiento y el desarrollo de la juventud sonorense, el gobernador Alfonso Durazo En Sonora en Equipo publicamos toda la informaci\u00f3n de Sonora, M\u00e9xico y el Mundo de manera oportuna y busca que la libertad de expresi\u00f3n sea real. Visita nuestro medio informativo publicado desde Hermosillo, Sonora. %\" \/>\n<meta property=\"og:url\" content=\"https:\/\/www.sonoraenequipo.com.mx\/presidenta-sheinbaum-y-gobernador-durazo-y-fortalecen-estrategia-de-paz-a-traves-del-deporte-en-jovenes\/\" \/>\n<meta property=\"og:site_name\" content=\"Sonora en Equipo.\" \/>\n<meta property=\"article:publisher\" content=\"https:\/\/www.facebook.com\/SonoraEE\/\" \/>\n<meta property=\"article:author\" content=\"https:\/\/www.facebook.com\/SonoraEE\" \/>\n<meta property=\"article:published_time\" content=\"2025-02-15T19:11:59+00:00\" \/>\n<meta property=\"article:modified_time\" content=\"2025-02-15T19:12:35+00:00\" \/>\n<meta property=\"og:image\" content=\"https:\/\/www.sonoraenequipo.com.mx\/storage\/2025\/02\/cinturon-de-la-paz.jpg\" \/>\n\t<meta property=\"og:image:width\" content=\"600\" \/>\n\t<meta property=\"og:image:height\" content=\"400\" \/>\n\t<meta property=\"og:image:type\" content=\"image\/jpeg\" \/>\n<meta name=\"author\" content=\"enequipo\" \/>\n<meta name=\"twitter:card\" content=\"summary_large_image\" \/>\n<meta name=\"twitter:creator\" content=\"@sonoraenequipo\" \/>\n<meta name=\"twitter:site\" content=\"@sonoraenequipo\" \/>\n<meta name=\"twitter:label1\" content=\"Escrito por\" \/>\n\t<meta name=\"twitter:data1\" content=\"enequipo\" \/>\n\t<meta name=\"twitter:label2\" content=\"Tiempo de lectura\" \/>\n\t<meta name=\"twitter:data2\" content=\"1 minuto\" \/>\n<script type=\"application\/ld+json\" class=\"yoast-schema-graph\">{\"@context\":\"https:\/\/schema.org\",\"@graph\":[{\"@type\":\"Article\",\"@id\":\"https:\/\/www.sonoraenequipo.com.mx\/presidenta-sheinbaum-y-gobernador-durazo-y-fortalecen-estrategia-de-paz-a-traves-del-deporte-en-jovenes\/#article\",\"isPartOf\":{\"@id\":\"https:\/\/www.sonoraenequipo.com.mx\/presidenta-sheinbaum-y-gobernador-durazo-y-fortalecen-estrategia-de-paz-a-traves-del-deporte-en-jovenes\/\"},\"author\":{\"name\":\"enequipo\",\"@id\":\"https:\/\/www.sonoraenequipo.com.mx\/#\/schema\/person\/50102df0fb23a8fa9e8effad8fa81386\"},\"headline\":\"Presidenta Sheinbaum y Gobernador Durazo fortalecen estrategia de paz a trav\u00e9s del deporte en j\u00f3venes\",\"datePublished\":\"2025-02-15T19:11:59+00:00\",\"dateModified\":\"2025-02-15T19:12:35+00:00\",\"mainEntityOfPage\":{\"@id\":\"https:\/\/www.sonoraenequipo.com.mx\/presidenta-sheinbaum-y-gobernador-durazo-y-fortalecen-estrategia-de-paz-a-traves-del-deporte-en-jovenes\/\"},\"wordCount\":308,\"commentCount\":0,\"publisher\":{\"@id\":\"https:\/\/www.sonoraenequipo.com.mx\/#organization\"},\"image\":{\"@id\":\"https:\/\/www.sonoraenequipo.com.mx\/presidenta-sheinbaum-y-gobernador-durazo-y-fortalecen-estrategia-de-paz-a-traves-del-deporte-en-jovenes\/#primaryimage\"},\"thumbnailUrl\":\"https:\/\/www.sonoraenequipo.com.mx\/storage\/2025\/02\/cinturon-de-la-paz.jpg\",\"keywords\":[\"deporte j\u00f3venes\"],\"articleSection\":[\"Deportes\"],\"inLanguage\":\"es\",\"potentialAction\":[{\"@type\":\"CommentAction\",\"name\":\"Comment\",\"target\":[\"https:\/\/www.sonoraenequipo.com.mx\/presidenta-sheinbaum-y-gobernador-durazo-y-fortalecen-estrategia-de-paz-a-traves-del-deporte-en-jovenes\/#respond\"]}]},{\"@type\":\"WebPage\",\"@id\":\"https:\/\/www.sonoraenequipo.com.mx\/presidenta-sheinbaum-y-gobernador-durazo-y-fortalecen-estrategia-de-paz-a-traves-del-deporte-en-jovenes\/\",\"url\":\"https:\/\/www.sonoraenequipo.com.mx\/presidenta-sheinbaum-y-gobernador-durazo-y-fortalecen-estrategia-de-paz-a-traves-del-deporte-en-jovenes\/\",\"name\":\"Sonora en Equipo. Presidenta Sheinbaum y Gobernador Durazo fortalecen estrategia de paz a trav\u00e9s del deporte en j\u00f3venes Deportes\",\"isPartOf\":{\"@id\":\"https:\/\/www.sonoraenequipo.com.mx\/#website\"},\"primaryImageOfPage\":{\"@id\":\"https:\/\/www.sonoraenequipo.com.mx\/presidenta-sheinbaum-y-gobernador-durazo-y-fortalecen-estrategia-de-paz-a-traves-del-deporte-en-jovenes\/#primaryimage\"},\"image\":{\"@id\":\"https:\/\/www.sonoraenequipo.com.mx\/presidenta-sheinbaum-y-gobernador-durazo-y-fortalecen-estrategia-de-paz-a-traves-del-deporte-en-jovenes\/#primaryimage\"},\"thumbnailUrl\":\"https:\/\/www.sonoraenequipo.com.mx\/storage\/2025\/02\/cinturon-de-la-paz.jpg\",\"datePublished\":\"2025-02-15T19:11:59+00:00\",\"dateModified\":\"2025-02-15T19:12:35+00:00\",\"description\":\"HERMOSILLO, SONORA, MX. \u2014 Con el prop\u00f3sito de fortalecer el sano esparcimiento y el desarrollo de la juventud sonorense, el gobernador Alfonso Durazo En Sonora en Equipo publicamos toda la informaci\u00f3n de Sonora, M\u00e9xico y el Mundo de manera oportuna y busca que la libertad de expresi\u00f3n sea real. Visita nuestro medio informativo publicado desde Hermosillo, Sonora. %\",\"breadcrumb\":{\"@id\":\"https:\/\/www.sonoraenequipo.com.mx\/presidenta-sheinbaum-y-gobernador-durazo-y-fortalecen-estrategia-de-paz-a-traves-del-deporte-en-jovenes\/#breadcrumb\"},\"inLanguage\":\"es\",\"potentialAction\":[{\"@type\":\"ReadAction\",\"target\":[\"https:\/\/www.sonoraenequipo.com.mx\/presidenta-sheinbaum-y-gobernador-durazo-y-fortalecen-estrategia-de-paz-a-traves-del-deporte-en-jovenes\/\"]}]},{\"@type\":\"ImageObject\",\"inLanguage\":\"es\",\"@id\":\"https:\/\/www.sonoraenequipo.com.mx\/presidenta-sheinbaum-y-gobernador-durazo-y-fortalecen-estrategia-de-paz-a-traves-del-deporte-en-jovenes\/#primaryimage\",\"url\":\"https:\/\/www.sonoraenequipo.com.mx\/storage\/2025\/02\/cinturon-de-la-paz.jpg\",\"contentUrl\":\"https:\/\/www.sonoraenequipo.com.mx\/storage\/2025\/02\/cinturon-de-la-paz.jpg\",\"width\":600,\"height\":400,\"caption\":\"El gobernador firm\u00f3 el Cintur\u00f3n de la Paz, sumando a Sonora como el estado n\u00famero 16 en adherirse a este compromiso nacional de promoci\u00f3n deportiva.\"},{\"@type\":\"BreadcrumbList\",\"@id\":\"https:\/\/www.sonoraenequipo.com.mx\/presidenta-sheinbaum-y-gobernador-durazo-y-fortalecen-estrategia-de-paz-a-traves-del-deporte-en-jovenes\/#breadcrumb\",\"itemListElement\":[{\"@type\":\"ListItem\",\"position\":1,\"name\":\"Portada\",\"item\":\"https:\/\/www.sonoraenequipo.com.mx\/\"},{\"@type\":\"ListItem\",\"position\":2,\"name\":\"Presidenta Sheinbaum y Gobernador Durazo fortalecen estrategia de paz a trav\u00e9s del deporte en j\u00f3venes\"}]},{\"@type\":\"WebSite\",\"@id\":\"https:\/\/www.sonoraenequipo.com.mx\/#website\",\"url\":\"https:\/\/www.sonoraenequipo.com.mx\/\",\"name\":\"Sonora en Equipo.\",\"description\":\"Diario en l\u00ednea con Noticias desde Hermosillo, Sonora\",\"publisher\":{\"@id\":\"https:\/\/www.sonoraenequipo.com.mx\/#organization\"},\"potentialAction\":[{\"@type\":\"SearchAction\",\"target\":{\"@type\":\"EntryPoint\",\"urlTemplate\":\"https:\/\/www.sonoraenequipo.com.mx\/?s={search_term_string}\"},\"query-input\":{\"@type\":\"PropertyValueSpecification\",\"valueRequired\":true,\"valueName\":\"search_term_string\"}}],\"inLanguage\":\"es\"},{\"@type\":\"Organization\",\"@id\":\"https:\/\/www.sonoraenequipo.com.mx\/#organization\",\"name\":\"Sonoraenequipo.com.mx\",\"url\":\"https:\/\/www.sonoraenequipo.com.mx\/\",\"logo\":{\"@type\":\"ImageObject\",\"inLanguage\":\"es\",\"@id\":\"https:\/\/www.sonoraenequipo.com.mx\/#\/schema\/logo\/image\/\",\"url\":\"https:\/\/www.sonoraenequipo.com.mx\/storage\/2019\/01\/sonoraenequipo_opt.png\",\"contentUrl\":\"https:\/\/www.sonoraenequipo.com.mx\/storage\/2019\/01\/sonoraenequipo_opt.png\",\"width\":375,\"height\":125,\"caption\":\"Sonoraenequipo.com.mx\"},\"image\":{\"@id\":\"https:\/\/www.sonoraenequipo.com.mx\/#\/schema\/logo\/image\/\"},\"sameAs\":[\"https:\/\/www.facebook.com\/SonoraEE\/\",\"https:\/\/x.com\/sonoraenequipo\",\"https:\/\/www.youtube.com\/channel\/UC338nW-lPEYmJQs4ZABQ1SQ\"]},{\"@type\":\"Person\",\"@id\":\"https:\/\/www.sonoraenequipo.com.mx\/#\/schema\/person\/50102df0fb23a8fa9e8effad8fa81386\",\"name\":\"enequipo\",\"image\":{\"@type\":\"ImageObject\",\"inLanguage\":\"es\",\"@id\":\"https:\/\/www.sonoraenequipo.com.mx\/#\/schema\/person\/image\/\",\"url\":\"https:\/\/secure.gravatar.com\/avatar\/049821681b589dabc0bc20695993ccebb09f5b5d4d790cd9251b97faac7c652b?s=96&d=blank&r=g\",\"contentUrl\":\"https:\/\/secure.gravatar.com\/avatar\/049821681b589dabc0bc20695993ccebb09f5b5d4d790cd9251b97faac7c652b?s=96&d=blank&r=g\",\"caption\":\"enequipo\"},\"sameAs\":[\"https:\/\/www.facebook.com\/SonoraEE\"]}]}<\/script>\n ","yoast_head_json":{"title":"Sonora en Equipo. Presidenta Sheinbaum y Gobernador Durazo fortalecen estrategia de paz a trav\u00e9s del deporte en j\u00f3venes Deportes","description":"HERMOSILLO, SONORA, MX. \u2014 Con el prop\u00f3sito de fortalecer el sano esparcimiento y el desarrollo de la juventud sonorense, el gobernador Alfonso Durazo En Sonora en Equipo publicamos toda la informaci\u00f3n de Sonora, M\u00e9xico y el Mundo de manera oportuna y busca que la libertad de expresi\u00f3n sea real. Visita nuestro medio informativo publicado desde Hermosillo, Sonora. %","robots":{"index":"index","follow":"follow","max-snippet":"max-snippet:-1","max-image-preview":"max-image-preview:large","max-video-preview":"max-video-preview:-1"},"canonical":"https:\/\/www.sonoraenequipo.com.mx\/presidenta-sheinbaum-y-gobernador-durazo-y-fortalecen-estrategia-de-paz-a-traves-del-deporte-en-jovenes\/","og_locale":"es_ES","og_type":"article","og_title":"Sonora en Equipo. Presidenta Sheinbaum y Gobernador Durazo fortalecen estrategia de paz a trav\u00e9s del deporte en j\u00f3venes Deportes","og_description":"HERMOSILLO, SONORA, MX. \u2014 Con el prop\u00f3sito de fortalecer el sano esparcimiento y el desarrollo de la juventud sonorense, el gobernador Alfonso Durazo En Sonora en Equipo publicamos toda la informaci\u00f3n de Sonora, M\u00e9xico y el Mundo de manera oportuna y busca que la libertad de expresi\u00f3n sea real. Visita nuestro medio informativo publicado desde Hermosillo, Sonora. %","og_url":"https:\/\/www.sonoraenequipo.com.mx\/presidenta-sheinbaum-y-gobernador-durazo-y-fortalecen-estrategia-de-paz-a-traves-del-deporte-en-jovenes\/","og_site_name":"Sonora en Equipo.","article_publisher":"https:\/\/www.facebook.com\/SonoraEE\/","article_author":"https:\/\/www.facebook.com\/SonoraEE","article_published_time":"2025-02-15T19:11:59+00:00","article_modified_time":"2025-02-15T19:12:35+00:00","og_image":[{"width":600,"height":400,"url":"https:\/\/www.sonoraenequipo.com.mx\/storage\/2025\/02\/cinturon-de-la-paz.jpg","type":"image\/jpeg"}],"author":"enequipo","twitter_card":"summary_large_image","twitter_creator":"@sonoraenequipo","twitter_site":"@sonoraenequipo","twitter_misc":{"Escrito por":"enequipo","Tiempo de lectura":"1 minuto"},"schema":{"@context":"https:\/\/schema.org","@graph":[{"@type":"Article","@id":"https:\/\/www.sonoraenequipo.com.mx\/presidenta-sheinbaum-y-gobernador-durazo-y-fortalecen-estrategia-de-paz-a-traves-del-deporte-en-jovenes\/#article","isPartOf":{"@id":"https:\/\/www.sonoraenequipo.com.mx\/presidenta-sheinbaum-y-gobernador-durazo-y-fortalecen-estrategia-de-paz-a-traves-del-deporte-en-jovenes\/"},"author":{"name":"enequipo","@id":"https:\/\/www.sonoraenequipo.com.mx\/#\/schema\/person\/50102df0fb23a8fa9e8effad8fa81386"},"headline":"Presidenta Sheinbaum y Gobernador Durazo fortalecen estrategia de paz a trav\u00e9s del deporte en j\u00f3venes","datePublished":"2025-02-15T19:11:59+00:00","dateModified":"2025-02-15T19:12:35+00:00","mainEntityOfPage":{"@id":"https:\/\/www.sonoraenequipo.com.mx\/presidenta-sheinbaum-y-gobernador-durazo-y-fortalecen-estrategia-de-paz-a-traves-del-deporte-en-jovenes\/"},"wordCount":308,"commentCount":0,"publisher":{"@id":"https:\/\/www.sonoraenequipo.com.mx\/#organization"},"image":{"@id":"https:\/\/www.sonoraenequipo.com.mx\/presidenta-sheinbaum-y-gobernador-durazo-y-fortalecen-estrategia-de-paz-a-traves-del-deporte-en-jovenes\/#primaryimage"},"thumbnailUrl":"https:\/\/www.sonoraenequipo.com.mx\/storage\/2025\/02\/cinturon-de-la-paz.jpg","keywords":["deporte j\u00f3venes"],"articleSection":["Deportes"],"inLanguage":"es","potentialAction":[{"@type":"CommentAction","name":"Comment","target":["https:\/\/www.sonoraenequipo.com.mx\/presidenta-sheinbaum-y-gobernador-durazo-y-fortalecen-estrategia-de-paz-a-traves-del-deporte-en-jovenes\/#respond"]}]},{"@type":"WebPage","@id":"https:\/\/www.sonoraenequipo.com.mx\/presidenta-sheinbaum-y-gobernador-durazo-y-fortalecen-estrategia-de-paz-a-traves-del-deporte-en-jovenes\/","url":"https:\/\/www.sonoraenequipo.com.mx\/presidenta-sheinbaum-y-gobernador-durazo-y-fortalecen-estrategia-de-paz-a-traves-del-deporte-en-jovenes\/","name":"Sonora en Equipo. Presidenta Sheinbaum y Gobernador Durazo fortalecen estrategia de paz a trav\u00e9s del deporte en j\u00f3venes Deportes","isPartOf":{"@id":"https:\/\/www.sonoraenequipo.com.mx\/#website"},"primaryImageOfPage":{"@id":"https:\/\/www.sonoraenequipo.com.mx\/presidenta-sheinbaum-y-gobernador-durazo-y-fortalecen-estrategia-de-paz-a-traves-del-deporte-en-jovenes\/#primaryimage"},"image":{"@id":"https:\/\/www.sonoraenequipo.com.mx\/presidenta-sheinbaum-y-gobernador-durazo-y-fortalecen-estrategia-de-paz-a-traves-del-deporte-en-jovenes\/#primaryimage"},"thumbnailUrl":"https:\/\/www.sonoraenequipo.com.mx\/storage\/2025\/02\/cinturon-de-la-paz.jpg","datePublished":"2025-02-15T19:11:59+00:00","dateModified":"2025-02-15T19:12:35+00:00","description":"HERMOSILLO, SONORA, MX. \u2014 Con el prop\u00f3sito de fortalecer el sano esparcimiento y el desarrollo de la juventud sonorense, el gobernador Alfonso Durazo En Sonora en Equipo publicamos toda la informaci\u00f3n de Sonora, M\u00e9xico y el Mundo de manera oportuna y busca que la libertad de expresi\u00f3n sea real. Visita nuestro medio informativo publicado desde Hermosillo, Sonora. %","breadcrumb":{"@id":"https:\/\/www.sonoraenequipo.com.mx\/presidenta-sheinbaum-y-gobernador-durazo-y-fortalecen-estrategia-de-paz-a-traves-del-deporte-en-jovenes\/#breadcrumb"},"inLanguage":"es","potentialAction":[{"@type":"ReadAction","target":["https:\/\/www.sonoraenequipo.com.mx\/presidenta-sheinbaum-y-gobernador-durazo-y-fortalecen-estrategia-de-paz-a-traves-del-deporte-en-jovenes\/"]}]},{"@type":"ImageObject","inLanguage":"es","@id":"https:\/\/www.sonoraenequipo.com.mx\/presidenta-sheinbaum-y-gobernador-durazo-y-fortalecen-estrategia-de-paz-a-traves-del-deporte-en-jovenes\/#primaryimage","url":"https:\/\/www.sonoraenequipo.com.mx\/storage\/2025\/02\/cinturon-de-la-paz.jpg","contentUrl":"https:\/\/www.sonoraenequipo.com.mx\/storage\/2025\/02\/cinturon-de-la-paz.jpg","width":600,"height":400,"caption":"El gobernador firm\u00f3 el Cintur\u00f3n de la Paz, sumando a Sonora como el estado n\u00famero 16 en adherirse a este compromiso nacional de promoci\u00f3n deportiva."},{"@type":"BreadcrumbList","@id":"https:\/\/www.sonoraenequipo.com.mx\/presidenta-sheinbaum-y-gobernador-durazo-y-fortalecen-estrategia-de-paz-a-traves-del-deporte-en-jovenes\/#breadcrumb","itemListElement":[{"@type":"ListItem","position":1,"name":"Portada","item":"https:\/\/www.sonoraenequipo.com.mx\/"},{"@type":"ListItem","position":2,"name":"Presidenta Sheinbaum y Gobernador Durazo fortalecen estrategia de paz a trav\u00e9s del deporte en j\u00f3venes"}]},{"@type":"WebSite","@id":"https:\/\/www.sonoraenequipo.com.mx\/#website","url":"https:\/\/www.sonoraenequipo.com.mx\/","name":"Sonora en Equipo.","description":"Diario en l\u00ednea con Noticias desde Hermosillo, Sonora","publisher":{"@id":"https:\/\/www.sonoraenequipo.com.mx\/#organization"},"potentialAction":[{"@type":"SearchAction","target":{"@type":"EntryPoint","urlTemplate":"https:\/\/www.sonoraenequipo.com.mx\/?s={search_term_string}"},"query-input":{"@type":"PropertyValueSpecification","valueRequired":true,"valueName":"search_term_string"}}],"inLanguage":"es"},{"@type":"Organization","@id":"https:\/\/www.sonoraenequipo.com.mx\/#organization","name":"Sonoraenequipo.com.mx","url":"https:\/\/www.sonoraenequipo.com.mx\/","logo":{"@type":"ImageObject","inLanguage":"es","@id":"https:\/\/www.sonoraenequipo.com.mx\/#\/schema\/logo\/image\/","url":"https:\/\/www.sonoraenequipo.com.mx\/storage\/2019\/01\/sonoraenequipo_opt.png","contentUrl":"https:\/\/www.sonoraenequipo.com.mx\/storage\/2019\/01\/sonoraenequipo_opt.png","width":375,"height":125,"caption":"Sonoraenequipo.com.mx"},"image":{"@id":"https:\/\/www.sonoraenequipo.com.mx\/#\/schema\/logo\/image\/"},"sameAs":["https:\/\/www.facebook.com\/SonoraEE\/","https:\/\/x.com\/sonoraenequipo","https:\/\/www.youtube.com\/channel\/UC338nW-lPEYmJQs4ZABQ1SQ"]},{"@type":"Person","@id":"https:\/\/www.sonoraenequipo.com.mx\/#\/schema\/person\/50102df0fb23a8fa9e8effad8fa81386","name":"enequipo","image":{"@type":"ImageObject","inLanguage":"es","@id":"https:\/\/www.sonoraenequipo.com.mx\/#\/schema\/person\/image\/","url":"https:\/\/secure.gravatar.com\/avatar\/049821681b589dabc0bc20695993ccebb09f5b5d4d790cd9251b97faac7c652b?s=96&d=blank&r=g","contentUrl":"https:\/\/secure.gravatar.com\/avatar\/049821681b589dabc0bc20695993ccebb09f5b5d4d790cd9251b97faac7c652b?s=96&d=blank&r=g","caption":"enequipo"},"sameAs":["https:\/\/www.facebook.com\/SonoraEE"]}]}},"jetpack_featured_media_url":"https:\/\/www.sonoraenequipo.com.mx\/storage\/2025\/02\/cinturon-de-la-paz.jpg","_links":{"self":[{"href":"https:\/\/www.sonoraenequipo.com.mx\/api\/wp\/v2\/posts\/209642","targetHints":{"allow":["GET"]}}],"collection":[{"href":"https:\/\/www.sonoraenequipo.com.mx\/api\/wp\/v2\/posts"}],"about":[{"href":"https:\/\/www.sonoraenequipo.com.mx\/api\/wp\/v2\/types\/post"}],"author":[{"embeddable":true,"href":"https:\/\/www.sonoraenequipo.com.mx\/api\/wp\/v2\/users\/1"}],"replies":[{"embeddable":true,"href":"https:\/\/www.sonoraenequipo.com.mx\/api\/wp\/v2\/comments?post=209642"}],"version-history":[{"count":2,"href":"https:\/\/www.sonoraenequipo.com.mx\/api\/wp\/v2\/posts\/209642\/revisions"}],"predecessor-version":[{"id":209645,"href":"https:\/\/www.sonoraenequipo.com.mx\/api\/wp\/v2\/posts\/209642\/revisions\/209645"}],"wp:featuredmedia":[{"embeddable":true,"href":"https:\/\/www.sonoraenequipo.com.mx\/api\/wp\/v2\/media\/209643"}],"wp:attachment":[{"href":"https:\/\/www.sonoraenequipo.com.mx\/api\/wp\/v2\/media?parent=209642"}],"wp:term":[{"taxonomy":"category","embeddable":true,"href":"https:\/\/www.sonoraenequipo.com.mx\/api\/wp\/v2\/categories?post=209642"},{"taxonomy":"post_tag","embeddable":true,"href":"https:\/\/www.sonoraenequipo.com.mx\/api\/wp\/v2\/tags?post=209642"}],"curies":[{"name":"wp","href":"https:\/\/api.w.org\/{rel}","templated":true}]}}