{"id":209646,"date":"2025-02-15T12:23:03","date_gmt":"2025-02-15T19:23:03","guid":{"rendered":"https:\/\/www.sonoraenequipo.com.mx\/?p=209646"},"modified":"2025-02-15T12:31:11","modified_gmt":"2025-02-15T19:31:11","slug":"papa-francisco-tuvo-noche-tranquila-tras-ser-hospitalizado-por-bronquitis","status":"publish","type":"post","link":"https:\/\/www.sonoraenequipo.com.mx\/papa-francisco-tuvo-noche-tranquila-tras-ser-hospitalizado-por-bronquitis\/","title":{"rendered":"Papa Francisco tuvo \u00abnoche tranquila\u00bb tras ser hospitalizado por bronquitis"},"content":{"rendered":"<p>El papa Francisco, que fue hospitalizado el viernes en Roma para tratarle una bronquitis que le provocaba dificultades respiratorias, tuvo una positiva primera noche internado y contin\u00faa con su tratamiento, indic\u00f3 un portavoz del Vaticano este s\u00e1bado (15.02.2025).<\/p>\n<p>&nbsp;<\/p>\n<p>El sumo pont\u00edfice de 88 a\u00f1os, que padece esta afecci\u00f3n desde la semana pasada, tuvo que renunciar a leer su discurso durante su audiencia general semanal a mitad de semana.<\/p>\n<p>&nbsp;<\/p>\n<p>\u00abEl papa Francisco pas\u00f3 una noche tranquila y durmi\u00f3 bien\u00bb, dijo el director del servicio de prensa del Vaticano, Matteo Bruni, a la prensa este s\u00e1bado. \u00abDesayun\u00f3 esta ma\u00f1ana y ley\u00f3 los peri\u00f3dicos. Los ex\u00e1menes y tratamientos contin\u00faan\u00bb, precis\u00f3.<\/p>\n<p>El Vaticano indic\u00f3 el viernes que el papa fue sido sometido a ex\u00e1menes que mostraron \u00abuna infecci\u00f3n en las v\u00edas respiratorias\u00bb y presentaba \u00abfiebre leve\u00bb. Seg\u00fan los medios Italianos, podr\u00eda permanecer en el hospital varios d\u00edas.<\/p>\n<p>&nbsp;<\/p>\n<p>Francisco ha venido mostrando una salud deteriorada en los \u00faltimos a\u00f1os, con problemas de cadera, dolores en una rodilla, operaciones e infecciones respiratorias, y sufri\u00f3 varias alertas, lo que no le ha impedido mantener una agenda muy cargada.<\/p>\n<p>&nbsp;<\/p>\n<p>El l\u00edder de la Iglesia cat\u00f3lica, que se someti\u00f3 a una extirpaci\u00f3n parcial de un pulm\u00f3n en su juventud, ya hab\u00eda sufrido dos bronquitis en 2023, una de las cuales le oblig\u00f3 a cancelar una visita a Dub\u00e1i para participar en la COP28 de la ONU sobre el clima.<\/p>\n<p>&nbsp;<\/p>\n<p>Desde 2022, se desplaza en silla de ruedas debido a dolores persistentes en una rodilla y debe apoyarse en un bast\u00f3n las pocas veces que se le ve de pie. Tambi\u00e9n lleva desde hace poco un aud\u00edfono.<\/p>\n<p><strong>Fecha de publicaci\u00f3n s\u00e1bado 15 de febrero de 2025 \/<\/strong><\/p>\n<p>&nbsp;<\/p>\n<p>&nbsp;<\/p>\n<p>rr (afp\/dpa)<\/p>\n","protected":false},"excerpt":{"rendered":"<p>El papa Francisco, que fue hospitalizado el viernes en Roma para tratarle una bronquitis que&#8230;<\/p>\n","protected":false},"author":1,"featured_media":209647,"comment_status":"open","ping_status":"open","sticky":false,"template":"","format":"standard","meta":{"_monsterinsights_skip_tracking":false,"_monsterinsights_sitenote_active":false,"_monsterinsights_sitenote_note":"","_monsterinsights_sitenote_category":0,"footnotes":""},"categories":[3],"tags":[10865,579],"class_list":["post"],"yoast_head":" \n<title>Sonora en Equipo. Papa Francisco tuvo &quot;noche tranquila&quot; tras ser hospitalizado por bronquitis MUNDO<\/title>\n<meta name=\"description\" content=\"El papa Francisco, que fue hospitalizado el viernes en Roma para tratarle una bronquitis que le provocaba dificultades respiratorias, tuvo una positiva En Sonora en Equipo publicamos toda la informaci\u00f3n de Sonora, M\u00e9xico y el Mundo de manera oportuna y busca que la libertad de expresi\u00f3n sea real. Visita nuestro medio informativo publicado desde Hermosillo, Sonora. %\" \/>\n<meta name=\"robots\" content=\"index, follow, max-snippet:-1, max-image-preview:large, max-video-preview:-1\" \/>\n<link rel=\"canonical\" href=\"https:\/\/www.sonoraenequipo.com.mx\/papa-francisco-tuvo-noche-tranquila-tras-ser-hospitalizado-por-bronquitis\/\" \/>\n<meta property=\"og:locale\" content=\"es_ES\" \/>\n<meta property=\"og:type\" content=\"article\" \/>\n<meta property=\"og:title\" content=\"Sonora en Equipo. Papa Francisco tuvo &quot;noche tranquila&quot; tras ser hospitalizado por bronquitis MUNDO\" \/>\n<meta property=\"og:description\" content=\"El papa Francisco, que fue hospitalizado el viernes en Roma para tratarle una bronquitis que le provocaba dificultades respiratorias, tuvo una positiva En Sonora en Equipo publicamos toda la informaci\u00f3n de Sonora, M\u00e9xico y el Mundo de manera oportuna y busca que la libertad de expresi\u00f3n sea real. Visita nuestro medio informativo publicado desde Hermosillo, Sonora. %\" \/>\n<meta property=\"og:url\" content=\"https:\/\/www.sonoraenequipo.com.mx\/papa-francisco-tuvo-noche-tranquila-tras-ser-hospitalizado-por-bronquitis\/\" \/>\n<meta property=\"og:site_name\" content=\"Sonora en Equipo.\" \/>\n<meta property=\"article:publisher\" content=\"https:\/\/www.facebook.com\/SonoraEE\/\" \/>\n<meta property=\"article:author\" content=\"https:\/\/www.facebook.com\/SonoraEE\" \/>\n<meta property=\"article:published_time\" content=\"2025-02-15T19:23:03+00:00\" \/>\n<meta property=\"article:modified_time\" content=\"2025-02-15T19:31:11+00:00\" \/>\n<meta property=\"og:image\" content=\"https:\/\/www.sonoraenequipo.com.mx\/storage\/2025\/02\/papa-enfermo.jpg\" \/>\n\t<meta property=\"og:image:width\" content=\"600\" \/>\n\t<meta property=\"og:image:height\" content=\"337\" \/>\n\t<meta property=\"og:image:type\" content=\"image\/jpeg\" \/>\n<meta name=\"author\" content=\"enequipo\" \/>\n<meta name=\"twitter:card\" content=\"summary_large_image\" \/>\n<meta name=\"twitter:creator\" content=\"@sonoraenequipo\" \/>\n<meta name=\"twitter:site\" content=\"@sonoraenequipo\" \/>\n<meta name=\"twitter:label1\" content=\"Escrito por\" \/>\n\t<meta name=\"twitter:data1\" content=\"enequipo\" \/>\n\t<meta name=\"twitter:label2\" content=\"Tiempo de lectura\" \/>\n\t<meta name=\"twitter:data2\" content=\"2 minutos\" \/>\n<script type=\"application\/ld+json\" class=\"yoast-schema-graph\">{\"@context\":\"https:\/\/schema.org\",\"@graph\":[{\"@type\":\"Article\",\"@id\":\"https:\/\/www.sonoraenequipo.com.mx\/papa-francisco-tuvo-noche-tranquila-tras-ser-hospitalizado-por-bronquitis\/#article\",\"isPartOf\":{\"@id\":\"https:\/\/www.sonoraenequipo.com.mx\/papa-francisco-tuvo-noche-tranquila-tras-ser-hospitalizado-por-bronquitis\/\"},\"author\":{\"name\":\"enequipo\",\"@id\":\"https:\/\/www.sonoraenequipo.com.mx\/#\/schema\/person\/50102df0fb23a8fa9e8effad8fa81386\"},\"headline\":\"Papa Francisco tuvo \u00abnoche tranquila\u00bb tras ser hospitalizado por bronquitis\",\"datePublished\":\"2025-02-15T19:23:03+00:00\",\"dateModified\":\"2025-02-15T19:31:11+00:00\",\"mainEntityOfPage\":{\"@id\":\"https:\/\/www.sonoraenequipo.com.mx\/papa-francisco-tuvo-noche-tranquila-tras-ser-hospitalizado-por-bronquitis\/\"},\"wordCount\":318,\"commentCount\":0,\"publisher\":{\"@id\":\"https:\/\/www.sonoraenequipo.com.mx\/#organization\"},\"image\":{\"@id\":\"https:\/\/www.sonoraenequipo.com.mx\/papa-francisco-tuvo-noche-tranquila-tras-ser-hospitalizado-por-bronquitis\/#primaryimage\"},\"thumbnailUrl\":\"https:\/\/www.sonoraenequipo.com.mx\/storage\/2025\/02\/papa-enfermo.jpg\",\"keywords\":[\"bronquitis\",\"PAPA FRANCISCO\"],\"articleSection\":[\"MUNDO\"],\"inLanguage\":\"es\",\"potentialAction\":[{\"@type\":\"CommentAction\",\"name\":\"Comment\",\"target\":[\"https:\/\/www.sonoraenequipo.com.mx\/papa-francisco-tuvo-noche-tranquila-tras-ser-hospitalizado-por-bronquitis\/#respond\"]}]},{\"@type\":\"WebPage\",\"@id\":\"https:\/\/www.sonoraenequipo.com.mx\/papa-francisco-tuvo-noche-tranquila-tras-ser-hospitalizado-por-bronquitis\/\",\"url\":\"https:\/\/www.sonoraenequipo.com.mx\/papa-francisco-tuvo-noche-tranquila-tras-ser-hospitalizado-por-bronquitis\/\",\"name\":\"Sonora en Equipo. Papa Francisco tuvo \\\"noche tranquila\\\" tras ser hospitalizado por bronquitis MUNDO\",\"isPartOf\":{\"@id\":\"https:\/\/www.sonoraenequipo.com.mx\/#website\"},\"primaryImageOfPage\":{\"@id\":\"https:\/\/www.sonoraenequipo.com.mx\/papa-francisco-tuvo-noche-tranquila-tras-ser-hospitalizado-por-bronquitis\/#primaryimage\"},\"image\":{\"@id\":\"https:\/\/www.sonoraenequipo.com.mx\/papa-francisco-tuvo-noche-tranquila-tras-ser-hospitalizado-por-bronquitis\/#primaryimage\"},\"thumbnailUrl\":\"https:\/\/www.sonoraenequipo.com.mx\/storage\/2025\/02\/papa-enfermo.jpg\",\"datePublished\":\"2025-02-15T19:23:03+00:00\",\"dateModified\":\"2025-02-15T19:31:11+00:00\",\"description\":\"El papa Francisco, que fue hospitalizado el viernes en Roma para tratarle una bronquitis que le provocaba dificultades respiratorias, tuvo una positiva En Sonora en Equipo publicamos toda la informaci\u00f3n de Sonora, M\u00e9xico y el Mundo de manera oportuna y busca que la libertad de expresi\u00f3n sea real. Visita nuestro medio informativo publicado desde Hermosillo, Sonora. %\",\"breadcrumb\":{\"@id\":\"https:\/\/www.sonoraenequipo.com.mx\/papa-francisco-tuvo-noche-tranquila-tras-ser-hospitalizado-por-bronquitis\/#breadcrumb\"},\"inLanguage\":\"es\",\"potentialAction\":[{\"@type\":\"ReadAction\",\"target\":[\"https:\/\/www.sonoraenequipo.com.mx\/papa-francisco-tuvo-noche-tranquila-tras-ser-hospitalizado-por-bronquitis\/\"]}]},{\"@type\":\"ImageObject\",\"inLanguage\":\"es\",\"@id\":\"https:\/\/www.sonoraenequipo.com.mx\/papa-francisco-tuvo-noche-tranquila-tras-ser-hospitalizado-por-bronquitis\/#primaryimage\",\"url\":\"https:\/\/www.sonoraenequipo.com.mx\/storage\/2025\/02\/papa-enfermo.jpg\",\"contentUrl\":\"https:\/\/www.sonoraenequipo.com.mx\/storage\/2025\/02\/papa-enfermo.jpg\",\"width\":600,\"height\":337,\"caption\":\"El papa se desplaza en silla de ruedas desde 2022 debido a dolores persistentes en una rodillaImagen: Stefano Costantino\/TTL\/Avalon\/Photoshot\/picture alliance\"},{\"@type\":\"BreadcrumbList\",\"@id\":\"https:\/\/www.sonoraenequipo.com.mx\/papa-francisco-tuvo-noche-tranquila-tras-ser-hospitalizado-por-bronquitis\/#breadcrumb\",\"itemListElement\":[{\"@type\":\"ListItem\",\"position\":1,\"name\":\"Portada\",\"item\":\"https:\/\/www.sonoraenequipo.com.mx\/\"},{\"@type\":\"ListItem\",\"position\":2,\"name\":\"Papa Francisco tuvo \u00abnoche tranquila\u00bb tras ser hospitalizado por bronquitis\"}]},{\"@type\":\"WebSite\",\"@id\":\"https:\/\/www.sonoraenequipo.com.mx\/#website\",\"url\":\"https:\/\/www.sonoraenequipo.com.mx\/\",\"name\":\"Sonora en Equipo.\",\"description\":\"Diario en l\u00ednea con Noticias desde Hermosillo, Sonora\",\"publisher\":{\"@id\":\"https:\/\/www.sonoraenequipo.com.mx\/#organization\"},\"potentialAction\":[{\"@type\":\"SearchAction\",\"target\":{\"@type\":\"EntryPoint\",\"urlTemplate\":\"https:\/\/www.sonoraenequipo.com.mx\/?s={search_term_string}\"},\"query-input\":{\"@type\":\"PropertyValueSpecification\",\"valueRequired\":true,\"valueName\":\"search_term_string\"}}],\"inLanguage\":\"es\"},{\"@type\":\"Organization\",\"@id\":\"https:\/\/www.sonoraenequipo.com.mx\/#organization\",\"name\":\"Sonoraenequipo.com.mx\",\"url\":\"https:\/\/www.sonoraenequipo.com.mx\/\",\"logo\":{\"@type\":\"ImageObject\",\"inLanguage\":\"es\",\"@id\":\"https:\/\/www.sonoraenequipo.com.mx\/#\/schema\/logo\/image\/\",\"url\":\"https:\/\/www.sonoraenequipo.com.mx\/storage\/2019\/01\/sonoraenequipo_opt.png\",\"contentUrl\":\"https:\/\/www.sonoraenequipo.com.mx\/storage\/2019\/01\/sonoraenequipo_opt.png\",\"width\":375,\"height\":125,\"caption\":\"Sonoraenequipo.com.mx\"},\"image\":{\"@id\":\"https:\/\/www.sonoraenequipo.com.mx\/#\/schema\/logo\/image\/\"},\"sameAs\":[\"https:\/\/www.facebook.com\/SonoraEE\/\",\"https:\/\/x.com\/sonoraenequipo\",\"https:\/\/www.youtube.com\/channel\/UC338nW-lPEYmJQs4ZABQ1SQ\"]},{\"@type\":\"Person\",\"@id\":\"https:\/\/www.sonoraenequipo.com.mx\/#\/schema\/person\/50102df0fb23a8fa9e8effad8fa81386\",\"name\":\"enequipo\",\"image\":{\"@type\":\"ImageObject\",\"inLanguage\":\"es\",\"@id\":\"https:\/\/www.sonoraenequipo.com.mx\/#\/schema\/person\/image\/\",\"url\":\"https:\/\/secure.gravatar.com\/avatar\/049821681b589dabc0bc20695993ccebb09f5b5d4d790cd9251b97faac7c652b?s=96&d=blank&r=g\",\"contentUrl\":\"https:\/\/secure.gravatar.com\/avatar\/049821681b589dabc0bc20695993ccebb09f5b5d4d790cd9251b97faac7c652b?s=96&d=blank&r=g\",\"caption\":\"enequipo\"},\"sameAs\":[\"https:\/\/www.facebook.com\/SonoraEE\"]}]}<\/script>\n ","yoast_head_json":{"title":"Sonora en Equipo. Papa Francisco tuvo \"noche tranquila\" tras ser hospitalizado por bronquitis MUNDO","description":"El papa Francisco, que fue hospitalizado el viernes en Roma para tratarle una bronquitis que le provocaba dificultades respiratorias, tuvo una positiva En Sonora en Equipo publicamos toda la informaci\u00f3n de Sonora, M\u00e9xico y el Mundo de manera oportuna y busca que la libertad de expresi\u00f3n sea real. Visita nuestro medio informativo publicado desde Hermosillo, Sonora. %","robots":{"index":"index","follow":"follow","max-snippet":"max-snippet:-1","max-image-preview":"max-image-preview:large","max-video-preview":"max-video-preview:-1"},"canonical":"https:\/\/www.sonoraenequipo.com.mx\/papa-francisco-tuvo-noche-tranquila-tras-ser-hospitalizado-por-bronquitis\/","og_locale":"es_ES","og_type":"article","og_title":"Sonora en Equipo. Papa Francisco tuvo \"noche tranquila\" tras ser hospitalizado por bronquitis MUNDO","og_description":"El papa Francisco, que fue hospitalizado el viernes en Roma para tratarle una bronquitis que le provocaba dificultades respiratorias, tuvo una positiva En Sonora en Equipo publicamos toda la informaci\u00f3n de Sonora, M\u00e9xico y el Mundo de manera oportuna y busca que la libertad de expresi\u00f3n sea real. Visita nuestro medio informativo publicado desde Hermosillo, Sonora. %","og_url":"https:\/\/www.sonoraenequipo.com.mx\/papa-francisco-tuvo-noche-tranquila-tras-ser-hospitalizado-por-bronquitis\/","og_site_name":"Sonora en Equipo.","article_publisher":"https:\/\/www.facebook.com\/SonoraEE\/","article_author":"https:\/\/www.facebook.com\/SonoraEE","article_published_time":"2025-02-15T19:23:03+00:00","article_modified_time":"2025-02-15T19:31:11+00:00","og_image":[{"width":600,"height":337,"url":"https:\/\/www.sonoraenequipo.com.mx\/storage\/2025\/02\/papa-enfermo.jpg","type":"image\/jpeg"}],"author":"enequipo","twitter_card":"summary_large_image","twitter_creator":"@sonoraenequipo","twitter_site":"@sonoraenequipo","twitter_misc":{"Escrito por":"enequipo","Tiempo de lectura":"2 minutos"},"schema":{"@context":"https:\/\/schema.org","@graph":[{"@type":"Article","@id":"https:\/\/www.sonoraenequipo.com.mx\/papa-francisco-tuvo-noche-tranquila-tras-ser-hospitalizado-por-bronquitis\/#article","isPartOf":{"@id":"https:\/\/www.sonoraenequipo.com.mx\/papa-francisco-tuvo-noche-tranquila-tras-ser-hospitalizado-por-bronquitis\/"},"author":{"name":"enequipo","@id":"https:\/\/www.sonoraenequipo.com.mx\/#\/schema\/person\/50102df0fb23a8fa9e8effad8fa81386"},"headline":"Papa Francisco tuvo \u00abnoche tranquila\u00bb tras ser hospitalizado por bronquitis","datePublished":"2025-02-15T19:23:03+00:00","dateModified":"2025-02-15T19:31:11+00:00","mainEntityOfPage":{"@id":"https:\/\/www.sonoraenequipo.com.mx\/papa-francisco-tuvo-noche-tranquila-tras-ser-hospitalizado-por-bronquitis\/"},"wordCount":318,"commentCount":0,"publisher":{"@id":"https:\/\/www.sonoraenequipo.com.mx\/#organization"},"image":{"@id":"https:\/\/www.sonoraenequipo.com.mx\/papa-francisco-tuvo-noche-tranquila-tras-ser-hospitalizado-por-bronquitis\/#primaryimage"},"thumbnailUrl":"https:\/\/www.sonoraenequipo.com.mx\/storage\/2025\/02\/papa-enfermo.jpg","keywords":["bronquitis","PAPA FRANCISCO"],"articleSection":["MUNDO"],"inLanguage":"es","potentialAction":[{"@type":"CommentAction","name":"Comment","target":["https:\/\/www.sonoraenequipo.com.mx\/papa-francisco-tuvo-noche-tranquila-tras-ser-hospitalizado-por-bronquitis\/#respond"]}]},{"@type":"WebPage","@id":"https:\/\/www.sonoraenequipo.com.mx\/papa-francisco-tuvo-noche-tranquila-tras-ser-hospitalizado-por-bronquitis\/","url":"https:\/\/www.sonoraenequipo.com.mx\/papa-francisco-tuvo-noche-tranquila-tras-ser-hospitalizado-por-bronquitis\/","name":"Sonora en Equipo. Papa Francisco tuvo \"noche tranquila\" tras ser hospitalizado por bronquitis MUNDO","isPartOf":{"@id":"https:\/\/www.sonoraenequipo.com.mx\/#website"},"primaryImageOfPage":{"@id":"https:\/\/www.sonoraenequipo.com.mx\/papa-francisco-tuvo-noche-tranquila-tras-ser-hospitalizado-por-bronquitis\/#primaryimage"},"image":{"@id":"https:\/\/www.sonoraenequipo.com.mx\/papa-francisco-tuvo-noche-tranquila-tras-ser-hospitalizado-por-bronquitis\/#primaryimage"},"thumbnailUrl":"https:\/\/www.sonoraenequipo.com.mx\/storage\/2025\/02\/papa-enfermo.jpg","datePublished":"2025-02-15T19:23:03+00:00","dateModified":"2025-02-15T19:31:11+00:00","description":"El papa Francisco, que fue hospitalizado el viernes en Roma para tratarle una bronquitis que le provocaba dificultades respiratorias, tuvo una positiva En Sonora en Equipo publicamos toda la informaci\u00f3n de Sonora, M\u00e9xico y el Mundo de manera oportuna y busca que la libertad de expresi\u00f3n sea real. Visita nuestro medio informativo publicado desde Hermosillo, Sonora. %","breadcrumb":{"@id":"https:\/\/www.sonoraenequipo.com.mx\/papa-francisco-tuvo-noche-tranquila-tras-ser-hospitalizado-por-bronquitis\/#breadcrumb"},"inLanguage":"es","potentialAction":[{"@type":"ReadAction","target":["https:\/\/www.sonoraenequipo.com.mx\/papa-francisco-tuvo-noche-tranquila-tras-ser-hospitalizado-por-bronquitis\/"]}]},{"@type":"ImageObject","inLanguage":"es","@id":"https:\/\/www.sonoraenequipo.com.mx\/papa-francisco-tuvo-noche-tranquila-tras-ser-hospitalizado-por-bronquitis\/#primaryimage","url":"https:\/\/www.sonoraenequipo.com.mx\/storage\/2025\/02\/papa-enfermo.jpg","contentUrl":"https:\/\/www.sonoraenequipo.com.mx\/storage\/2025\/02\/papa-enfermo.jpg","width":600,"height":337,"caption":"El papa se desplaza en silla de ruedas desde 2022 debido a dolores persistentes en una rodillaImagen: Stefano Costantino\/TTL\/Avalon\/Photoshot\/picture alliance"},{"@type":"BreadcrumbList","@id":"https:\/\/www.sonoraenequipo.com.mx\/papa-francisco-tuvo-noche-tranquila-tras-ser-hospitalizado-por-bronquitis\/#breadcrumb","itemListElement":[{"@type":"ListItem","position":1,"name":"Portada","item":"https:\/\/www.sonoraenequipo.com.mx\/"},{"@type":"ListItem","position":2,"name":"Papa Francisco tuvo \u00abnoche tranquila\u00bb tras ser hospitalizado por bronquitis"}]},{"@type":"WebSite","@id":"https:\/\/www.sonoraenequipo.com.mx\/#website","url":"https:\/\/www.sonoraenequipo.com.mx\/","name":"Sonora en Equipo.","description":"Diario en l\u00ednea con Noticias desde Hermosillo, Sonora","publisher":{"@id":"https:\/\/www.sonoraenequipo.com.mx\/#organization"},"potentialAction":[{"@type":"SearchAction","target":{"@type":"EntryPoint","urlTemplate":"https:\/\/www.sonoraenequipo.com.mx\/?s={search_term_string}"},"query-input":{"@type":"PropertyValueSpecification","valueRequired":true,"valueName":"search_term_string"}}],"inLanguage":"es"},{"@type":"Organization","@id":"https:\/\/www.sonoraenequipo.com.mx\/#organization","name":"Sonoraenequipo.com.mx","url":"https:\/\/www.sonoraenequipo.com.mx\/","logo":{"@type":"ImageObject","inLanguage":"es","@id":"https:\/\/www.sonoraenequipo.com.mx\/#\/schema\/logo\/image\/","url":"https:\/\/www.sonoraenequipo.com.mx\/storage\/2019\/01\/sonoraenequipo_opt.png","contentUrl":"https:\/\/www.sonoraenequipo.com.mx\/storage\/2019\/01\/sonoraenequipo_opt.png","width":375,"height":125,"caption":"Sonoraenequipo.com.mx"},"image":{"@id":"https:\/\/www.sonoraenequipo.com.mx\/#\/schema\/logo\/image\/"},"sameAs":["https:\/\/www.facebook.com\/SonoraEE\/","https:\/\/x.com\/sonoraenequipo","https:\/\/www.youtube.com\/channel\/UC338nW-lPEYmJQs4ZABQ1SQ"]},{"@type":"Person","@id":"https:\/\/www.sonoraenequipo.com.mx\/#\/schema\/person\/50102df0fb23a8fa9e8effad8fa81386","name":"enequipo","image":{"@type":"ImageObject","inLanguage":"es","@id":"https:\/\/www.sonoraenequipo.com.mx\/#\/schema\/person\/image\/","url":"https:\/\/secure.gravatar.com\/avatar\/049821681b589dabc0bc20695993ccebb09f5b5d4d790cd9251b97faac7c652b?s=96&d=blank&r=g","contentUrl":"https:\/\/secure.gravatar.com\/avatar\/049821681b589dabc0bc20695993ccebb09f5b5d4d790cd9251b97faac7c652b?s=96&d=blank&r=g","caption":"enequipo"},"sameAs":["https:\/\/www.facebook.com\/SonoraEE"]}]}},"jetpack_featured_media_url":"https:\/\/www.sonoraenequipo.com.mx\/storage\/2025\/02\/papa-enfermo.jpg","_links":{"self":[{"href":"https:\/\/www.sonoraenequipo.com.mx\/api\/wp\/v2\/posts\/209646","targetHints":{"allow":["GET"]}}],"collection":[{"href":"https:\/\/www.sonoraenequipo.com.mx\/api\/wp\/v2\/posts"}],"about":[{"href":"https:\/\/www.sonoraenequipo.com.mx\/api\/wp\/v2\/types\/post"}],"author":[{"embeddable":true,"href":"https:\/\/www.sonoraenequipo.com.mx\/api\/wp\/v2\/users\/1"}],"replies":[{"embeddable":true,"href":"https:\/\/www.sonoraenequipo.com.mx\/api\/wp\/v2\/comments?post=209646"}],"version-history":[{"count":1,"href":"https:\/\/www.sonoraenequipo.com.mx\/api\/wp\/v2\/posts\/209646\/revisions"}],"predecessor-version":[{"id":209648,"href":"https:\/\/www.sonoraenequipo.com.mx\/api\/wp\/v2\/posts\/209646\/revisions\/209648"}],"wp:featuredmedia":[{"embeddable":true,"href":"https:\/\/www.sonoraenequipo.com.mx\/api\/wp\/v2\/media\/209647"}],"wp:attachment":[{"href":"https:\/\/www.sonoraenequipo.com.mx\/api\/wp\/v2\/media?parent=209646"}],"wp:term":[{"taxonomy":"category","embeddable":true,"href":"https:\/\/www.sonoraenequipo.com.mx\/api\/wp\/v2\/categories?post=209646"},{"taxonomy":"post_tag","embeddable":true,"href":"https:\/\/www.sonoraenequipo.com.mx\/api\/wp\/v2\/tags?post=209646"}],"curies":[{"name":"wp","href":"https:\/\/api.w.org\/{rel}","templated":true}]}}