{"id":209649,"date":"2025-02-15T12:35:50","date_gmt":"2025-02-15T19:35:50","guid":{"rendered":"https:\/\/www.sonoraenequipo.com.mx\/?p=209649"},"modified":"2025-02-15T12:35:50","modified_gmt":"2025-02-15T19:35:50","slug":"zelenski-pide-crear-un-ejercito-europeo","status":"publish","type":"post","link":"https:\/\/www.sonoraenequipo.com.mx\/zelenski-pide-crear-un-ejercito-europeo\/","title":{"rendered":"Zelenski pide crear \u00abun ej\u00e9rcito europeo\u00bb"},"content":{"rendered":"<p>El presidente ucraniano Volod\u00edmir Zelenski pidi\u00f3 este s\u00e1bado (15.02.2025) la creaci\u00f3n de un ej\u00e9rcito europeo, ya que el continente ya no pod\u00eda estar seguro de la protecci\u00f3n de los Estados Unidos y que s\u00f3lo obtendr\u00eda el respeto de Washington con un ej\u00e9rcito fuerte.<\/p>\n<p>&nbsp;<\/p>\n<p>El mandatario afirm\u00f3 que Europa no puede descartar la posibilidad de que \u00abEstados Unidos diga no a Europa en cuestiones que la amenazan\u00bb, y se\u00f1al\u00f3 que muchos l\u00edderes han hablado por mucho tiempo sobre c\u00f3mo Europa necesita su propio ej\u00e9rcito.<\/p>\n<p>&nbsp;<\/p>\n<p>\u00abRealmente creo que ha llegado el momento\u00bb, dijo Zelenski en la Conferencia de Seguridad de M\u00fanich (CSM). \u00abEs necesario crear las fuerzas armadas de Europa\u00bb, sostuvo.<\/p>\n<p>&nbsp;<\/p>\n<p>\u00abD\u00e9cadas de la antigua relaci\u00f3n entre Europa y Estados Unidos est\u00e1n terminando\u00bb<\/p>\n<p>\u00abEstas tropas no deber\u00edan reemplazar a la OTAN, sino equiparar las contribuciones europeas a la defensa con las realizadas por Estados Unidos\u00bb, apunt\u00f3.<\/p>\n<p>&nbsp;<\/p>\n<p>\u00abAyer, aqu\u00ed en M\u00fanich, el vicepresidente estadounidense lo dej\u00f3 claro. D\u00e9cadas, dijo, d\u00e9cadas de la antigua relaci\u00f3n entre Europa y Estados Unidos est\u00e1n terminando\u00bb, se\u00f1alo Zelenski en referencia al vicepresidente estadounidense J.D. Vance, quien se dirigi\u00f3 a la CSM el viernes.<\/p>\n<p>&nbsp;<\/p>\n<p>\u00abDe ahora en adelante las cosas ser\u00e1n diferentes y Europa necesita adaptarse a eso\u00bb, agreg\u00f3, a la vez que asegur\u00f3 que el presidente estadounidense Donald Trump reducir\u00eda el gasto en defensa europea.<\/p>\n<p>&nbsp;<\/p>\n<p>\u00abEuropa necesita una sola voz, no una docena de voces diferentes\u00bb, sentenci\u00f3 el president ucraniano. \u00abAl presidente Trump no le gustan los amigos d\u00e9biles\u00bb.<\/p>\n<p><strong>Fecha de publicaci\u00f3n s\u00e1bado 15 de febrero de 2025 \/DW<\/strong><\/p>\n<p>rr (dpa\/reuters\/ap)<\/p>\n","protected":false},"excerpt":{"rendered":"<p>El presidente ucraniano Volod\u00edmir Zelenski pidi\u00f3 este s\u00e1bado (15.02.2025) la creaci\u00f3n de un ej\u00e9rcito europeo,&#8230;<\/p>\n","protected":false},"author":1,"featured_media":158644,"comment_status":"open","ping_status":"open","sticky":false,"template":"","format":"standard","meta":{"_monsterinsights_skip_tracking":false,"_monsterinsights_sitenote_active":false,"_monsterinsights_sitenote_note":"","_monsterinsights_sitenote_category":0,"footnotes":""},"categories":[3],"tags":[10866],"class_list":["post"],"yoast_head":" \n<title>Sonora en Equipo. Zelenski pide crear &quot;un ej\u00e9rcito europeo&quot; MUNDO<\/title>\n<meta name=\"description\" content=\"El presidente ucraniano Volod\u00edmir Zelenski pidi\u00f3 este s\u00e1bado (15.02.2025) la creaci\u00f3n de un ej\u00e9rcito europeo, ya que el continente ya no pod\u00eda estar En Sonora en Equipo publicamos toda la informaci\u00f3n de Sonora, M\u00e9xico y el Mundo de manera oportuna y busca que la libertad de expresi\u00f3n sea real. Visita nuestro medio informativo publicado desde Hermosillo, Sonora. %\" \/>\n<meta name=\"robots\" content=\"index, follow, max-snippet:-1, max-image-preview:large, max-video-preview:-1\" \/>\n<link rel=\"canonical\" href=\"https:\/\/www.sonoraenequipo.com.mx\/zelenski-pide-crear-un-ejercito-europeo\/\" \/>\n<meta property=\"og:locale\" content=\"es_ES\" \/>\n<meta property=\"og:type\" content=\"article\" \/>\n<meta property=\"og:title\" content=\"Sonora en Equipo. Zelenski pide crear &quot;un ej\u00e9rcito europeo&quot; MUNDO\" \/>\n<meta property=\"og:description\" content=\"El presidente ucraniano Volod\u00edmir Zelenski pidi\u00f3 este s\u00e1bado (15.02.2025) la creaci\u00f3n de un ej\u00e9rcito europeo, ya que el continente ya no pod\u00eda estar En Sonora en Equipo publicamos toda la informaci\u00f3n de Sonora, M\u00e9xico y el Mundo de manera oportuna y busca que la libertad de expresi\u00f3n sea real. Visita nuestro medio informativo publicado desde Hermosillo, Sonora. %\" \/>\n<meta property=\"og:url\" content=\"https:\/\/www.sonoraenequipo.com.mx\/zelenski-pide-crear-un-ejercito-europeo\/\" \/>\n<meta property=\"og:site_name\" content=\"Sonora en Equipo.\" \/>\n<meta property=\"article:publisher\" content=\"https:\/\/www.facebook.com\/SonoraEE\/\" \/>\n<meta property=\"article:author\" content=\"https:\/\/www.facebook.com\/SonoraEE\" \/>\n<meta property=\"article:published_time\" content=\"2025-02-15T19:35:50+00:00\" \/>\n<meta property=\"og:image\" content=\"https:\/\/www.sonoraenequipo.com.mx\/storage\/2023\/02\/zelenskyy.jpg\" \/>\n\t<meta property=\"og:image:width\" content=\"600\" \/>\n\t<meta property=\"og:image:height\" content=\"400\" \/>\n\t<meta property=\"og:image:type\" content=\"image\/jpeg\" \/>\n<meta name=\"author\" content=\"enequipo\" \/>\n<meta name=\"twitter:card\" content=\"summary_large_image\" \/>\n<meta name=\"twitter:creator\" content=\"@sonoraenequipo\" \/>\n<meta name=\"twitter:site\" content=\"@sonoraenequipo\" \/>\n<meta name=\"twitter:label1\" content=\"Escrito por\" \/>\n\t<meta name=\"twitter:data1\" content=\"enequipo\" \/>\n\t<meta name=\"twitter:label2\" content=\"Tiempo de lectura\" \/>\n\t<meta name=\"twitter:data2\" content=\"1 minuto\" \/>\n<script type=\"application\/ld+json\" class=\"yoast-schema-graph\">{\"@context\":\"https:\/\/schema.org\",\"@graph\":[{\"@type\":\"Article\",\"@id\":\"https:\/\/www.sonoraenequipo.com.mx\/zelenski-pide-crear-un-ejercito-europeo\/#article\",\"isPartOf\":{\"@id\":\"https:\/\/www.sonoraenequipo.com.mx\/zelenski-pide-crear-un-ejercito-europeo\/\"},\"author\":{\"name\":\"enequipo\",\"@id\":\"https:\/\/www.sonoraenequipo.com.mx\/#\/schema\/person\/50102df0fb23a8fa9e8effad8fa81386\"},\"headline\":\"Zelenski pide crear \u00abun ej\u00e9rcito europeo\u00bb\",\"datePublished\":\"2025-02-15T19:35:50+00:00\",\"mainEntityOfPage\":{\"@id\":\"https:\/\/www.sonoraenequipo.com.mx\/zelenski-pide-crear-un-ejercito-europeo\/\"},\"wordCount\":295,\"commentCount\":0,\"publisher\":{\"@id\":\"https:\/\/www.sonoraenequipo.com.mx\/#organization\"},\"image\":{\"@id\":\"https:\/\/www.sonoraenequipo.com.mx\/zelenski-pide-crear-un-ejercito-europeo\/#primaryimage\"},\"thumbnailUrl\":\"https:\/\/www.sonoraenequipo.com.mx\/storage\/2023\/02\/zelenskyy.jpg\",\"keywords\":[\"relacion EE.UU. Europa\"],\"articleSection\":[\"MUNDO\"],\"inLanguage\":\"es\",\"potentialAction\":[{\"@type\":\"CommentAction\",\"name\":\"Comment\",\"target\":[\"https:\/\/www.sonoraenequipo.com.mx\/zelenski-pide-crear-un-ejercito-europeo\/#respond\"]}]},{\"@type\":\"WebPage\",\"@id\":\"https:\/\/www.sonoraenequipo.com.mx\/zelenski-pide-crear-un-ejercito-europeo\/\",\"url\":\"https:\/\/www.sonoraenequipo.com.mx\/zelenski-pide-crear-un-ejercito-europeo\/\",\"name\":\"Sonora en Equipo. Zelenski pide crear \\\"un ej\u00e9rcito europeo\\\" MUNDO\",\"isPartOf\":{\"@id\":\"https:\/\/www.sonoraenequipo.com.mx\/#website\"},\"primaryImageOfPage\":{\"@id\":\"https:\/\/www.sonoraenequipo.com.mx\/zelenski-pide-crear-un-ejercito-europeo\/#primaryimage\"},\"image\":{\"@id\":\"https:\/\/www.sonoraenequipo.com.mx\/zelenski-pide-crear-un-ejercito-europeo\/#primaryimage\"},\"thumbnailUrl\":\"https:\/\/www.sonoraenequipo.com.mx\/storage\/2023\/02\/zelenskyy.jpg\",\"datePublished\":\"2025-02-15T19:35:50+00:00\",\"description\":\"El presidente ucraniano Volod\u00edmir Zelenski pidi\u00f3 este s\u00e1bado (15.02.2025) la creaci\u00f3n de un ej\u00e9rcito europeo, ya que el continente ya no pod\u00eda estar En Sonora en Equipo publicamos toda la informaci\u00f3n de Sonora, M\u00e9xico y el Mundo de manera oportuna y busca que la libertad de expresi\u00f3n sea real. Visita nuestro medio informativo publicado desde Hermosillo, Sonora. %\",\"breadcrumb\":{\"@id\":\"https:\/\/www.sonoraenequipo.com.mx\/zelenski-pide-crear-un-ejercito-europeo\/#breadcrumb\"},\"inLanguage\":\"es\",\"potentialAction\":[{\"@type\":\"ReadAction\",\"target\":[\"https:\/\/www.sonoraenequipo.com.mx\/zelenski-pide-crear-un-ejercito-europeo\/\"]}]},{\"@type\":\"ImageObject\",\"inLanguage\":\"es\",\"@id\":\"https:\/\/www.sonoraenequipo.com.mx\/zelenski-pide-crear-un-ejercito-europeo\/#primaryimage\",\"url\":\"https:\/\/www.sonoraenequipo.com.mx\/storage\/2023\/02\/zelenskyy.jpg\",\"contentUrl\":\"https:\/\/www.sonoraenequipo.com.mx\/storage\/2023\/02\/zelenskyy.jpg\",\"width\":600,\"height\":400,\"caption\":\"Zelenskyy en el parlamento europeo donde fue recibido con v\u00edtores y aplausos.Imagen Reuters, Archivo\"},{\"@type\":\"BreadcrumbList\",\"@id\":\"https:\/\/www.sonoraenequipo.com.mx\/zelenski-pide-crear-un-ejercito-europeo\/#breadcrumb\",\"itemListElement\":[{\"@type\":\"ListItem\",\"position\":1,\"name\":\"Portada\",\"item\":\"https:\/\/www.sonoraenequipo.com.mx\/\"},{\"@type\":\"ListItem\",\"position\":2,\"name\":\"Zelenski pide crear \u00abun ej\u00e9rcito europeo\u00bb\"}]},{\"@type\":\"WebSite\",\"@id\":\"https:\/\/www.sonoraenequipo.com.mx\/#website\",\"url\":\"https:\/\/www.sonoraenequipo.com.mx\/\",\"name\":\"Sonora en Equipo.\",\"description\":\"Diario en l\u00ednea con Noticias desde Hermosillo, Sonora\",\"publisher\":{\"@id\":\"https:\/\/www.sonoraenequipo.com.mx\/#organization\"},\"potentialAction\":[{\"@type\":\"SearchAction\",\"target\":{\"@type\":\"EntryPoint\",\"urlTemplate\":\"https:\/\/www.sonoraenequipo.com.mx\/?s={search_term_string}\"},\"query-input\":{\"@type\":\"PropertyValueSpecification\",\"valueRequired\":true,\"valueName\":\"search_term_string\"}}],\"inLanguage\":\"es\"},{\"@type\":\"Organization\",\"@id\":\"https:\/\/www.sonoraenequipo.com.mx\/#organization\",\"name\":\"Sonoraenequipo.com.mx\",\"url\":\"https:\/\/www.sonoraenequipo.com.mx\/\",\"logo\":{\"@type\":\"ImageObject\",\"inLanguage\":\"es\",\"@id\":\"https:\/\/www.sonoraenequipo.com.mx\/#\/schema\/logo\/image\/\",\"url\":\"https:\/\/www.sonoraenequipo.com.mx\/storage\/2019\/01\/sonoraenequipo_opt.png\",\"contentUrl\":\"https:\/\/www.sonoraenequipo.com.mx\/storage\/2019\/01\/sonoraenequipo_opt.png\",\"width\":375,\"height\":125,\"caption\":\"Sonoraenequipo.com.mx\"},\"image\":{\"@id\":\"https:\/\/www.sonoraenequipo.com.mx\/#\/schema\/logo\/image\/\"},\"sameAs\":[\"https:\/\/www.facebook.com\/SonoraEE\/\",\"https:\/\/x.com\/sonoraenequipo\",\"https:\/\/www.youtube.com\/channel\/UC338nW-lPEYmJQs4ZABQ1SQ\"]},{\"@type\":\"Person\",\"@id\":\"https:\/\/www.sonoraenequipo.com.mx\/#\/schema\/person\/50102df0fb23a8fa9e8effad8fa81386\",\"name\":\"enequipo\",\"image\":{\"@type\":\"ImageObject\",\"inLanguage\":\"es\",\"@id\":\"https:\/\/www.sonoraenequipo.com.mx\/#\/schema\/person\/image\/\",\"url\":\"https:\/\/secure.gravatar.com\/avatar\/049821681b589dabc0bc20695993ccebb09f5b5d4d790cd9251b97faac7c652b?s=96&d=blank&r=g\",\"contentUrl\":\"https:\/\/secure.gravatar.com\/avatar\/049821681b589dabc0bc20695993ccebb09f5b5d4d790cd9251b97faac7c652b?s=96&d=blank&r=g\",\"caption\":\"enequipo\"},\"sameAs\":[\"https:\/\/www.facebook.com\/SonoraEE\"]}]}<\/script>\n ","yoast_head_json":{"title":"Sonora en Equipo. Zelenski pide crear \"un ej\u00e9rcito europeo\" MUNDO","description":"El presidente ucraniano Volod\u00edmir Zelenski pidi\u00f3 este s\u00e1bado (15.02.2025) la creaci\u00f3n de un ej\u00e9rcito europeo, ya que el continente ya no pod\u00eda estar En Sonora en Equipo publicamos toda la informaci\u00f3n de Sonora, M\u00e9xico y el Mundo de manera oportuna y busca que la libertad de expresi\u00f3n sea real. Visita nuestro medio informativo publicado desde Hermosillo, Sonora. %","robots":{"index":"index","follow":"follow","max-snippet":"max-snippet:-1","max-image-preview":"max-image-preview:large","max-video-preview":"max-video-preview:-1"},"canonical":"https:\/\/www.sonoraenequipo.com.mx\/zelenski-pide-crear-un-ejercito-europeo\/","og_locale":"es_ES","og_type":"article","og_title":"Sonora en Equipo. Zelenski pide crear \"un ej\u00e9rcito europeo\" MUNDO","og_description":"El presidente ucraniano Volod\u00edmir Zelenski pidi\u00f3 este s\u00e1bado (15.02.2025) la creaci\u00f3n de un ej\u00e9rcito europeo, ya que el continente ya no pod\u00eda estar En Sonora en Equipo publicamos toda la informaci\u00f3n de Sonora, M\u00e9xico y el Mundo de manera oportuna y busca que la libertad de expresi\u00f3n sea real. Visita nuestro medio informativo publicado desde Hermosillo, Sonora. %","og_url":"https:\/\/www.sonoraenequipo.com.mx\/zelenski-pide-crear-un-ejercito-europeo\/","og_site_name":"Sonora en Equipo.","article_publisher":"https:\/\/www.facebook.com\/SonoraEE\/","article_author":"https:\/\/www.facebook.com\/SonoraEE","article_published_time":"2025-02-15T19:35:50+00:00","og_image":[{"width":600,"height":400,"url":"https:\/\/www.sonoraenequipo.com.mx\/storage\/2023\/02\/zelenskyy.jpg","type":"image\/jpeg"}],"author":"enequipo","twitter_card":"summary_large_image","twitter_creator":"@sonoraenequipo","twitter_site":"@sonoraenequipo","twitter_misc":{"Escrito por":"enequipo","Tiempo de lectura":"1 minuto"},"schema":{"@context":"https:\/\/schema.org","@graph":[{"@type":"Article","@id":"https:\/\/www.sonoraenequipo.com.mx\/zelenski-pide-crear-un-ejercito-europeo\/#article","isPartOf":{"@id":"https:\/\/www.sonoraenequipo.com.mx\/zelenski-pide-crear-un-ejercito-europeo\/"},"author":{"name":"enequipo","@id":"https:\/\/www.sonoraenequipo.com.mx\/#\/schema\/person\/50102df0fb23a8fa9e8effad8fa81386"},"headline":"Zelenski pide crear \u00abun ej\u00e9rcito europeo\u00bb","datePublished":"2025-02-15T19:35:50+00:00","mainEntityOfPage":{"@id":"https:\/\/www.sonoraenequipo.com.mx\/zelenski-pide-crear-un-ejercito-europeo\/"},"wordCount":295,"commentCount":0,"publisher":{"@id":"https:\/\/www.sonoraenequipo.com.mx\/#organization"},"image":{"@id":"https:\/\/www.sonoraenequipo.com.mx\/zelenski-pide-crear-un-ejercito-europeo\/#primaryimage"},"thumbnailUrl":"https:\/\/www.sonoraenequipo.com.mx\/storage\/2023\/02\/zelenskyy.jpg","keywords":["relacion EE.UU. Europa"],"articleSection":["MUNDO"],"inLanguage":"es","potentialAction":[{"@type":"CommentAction","name":"Comment","target":["https:\/\/www.sonoraenequipo.com.mx\/zelenski-pide-crear-un-ejercito-europeo\/#respond"]}]},{"@type":"WebPage","@id":"https:\/\/www.sonoraenequipo.com.mx\/zelenski-pide-crear-un-ejercito-europeo\/","url":"https:\/\/www.sonoraenequipo.com.mx\/zelenski-pide-crear-un-ejercito-europeo\/","name":"Sonora en Equipo. Zelenski pide crear \"un ej\u00e9rcito europeo\" MUNDO","isPartOf":{"@id":"https:\/\/www.sonoraenequipo.com.mx\/#website"},"primaryImageOfPage":{"@id":"https:\/\/www.sonoraenequipo.com.mx\/zelenski-pide-crear-un-ejercito-europeo\/#primaryimage"},"image":{"@id":"https:\/\/www.sonoraenequipo.com.mx\/zelenski-pide-crear-un-ejercito-europeo\/#primaryimage"},"thumbnailUrl":"https:\/\/www.sonoraenequipo.com.mx\/storage\/2023\/02\/zelenskyy.jpg","datePublished":"2025-02-15T19:35:50+00:00","description":"El presidente ucraniano Volod\u00edmir Zelenski pidi\u00f3 este s\u00e1bado (15.02.2025) la creaci\u00f3n de un ej\u00e9rcito europeo, ya que el continente ya no pod\u00eda estar En Sonora en Equipo publicamos toda la informaci\u00f3n de Sonora, M\u00e9xico y el Mundo de manera oportuna y busca que la libertad de expresi\u00f3n sea real. Visita nuestro medio informativo publicado desde Hermosillo, Sonora. %","breadcrumb":{"@id":"https:\/\/www.sonoraenequipo.com.mx\/zelenski-pide-crear-un-ejercito-europeo\/#breadcrumb"},"inLanguage":"es","potentialAction":[{"@type":"ReadAction","target":["https:\/\/www.sonoraenequipo.com.mx\/zelenski-pide-crear-un-ejercito-europeo\/"]}]},{"@type":"ImageObject","inLanguage":"es","@id":"https:\/\/www.sonoraenequipo.com.mx\/zelenski-pide-crear-un-ejercito-europeo\/#primaryimage","url":"https:\/\/www.sonoraenequipo.com.mx\/storage\/2023\/02\/zelenskyy.jpg","contentUrl":"https:\/\/www.sonoraenequipo.com.mx\/storage\/2023\/02\/zelenskyy.jpg","width":600,"height":400,"caption":"Zelenskyy en el parlamento europeo donde fue recibido con v\u00edtores y aplausos.Imagen Reuters, Archivo"},{"@type":"BreadcrumbList","@id":"https:\/\/www.sonoraenequipo.com.mx\/zelenski-pide-crear-un-ejercito-europeo\/#breadcrumb","itemListElement":[{"@type":"ListItem","position":1,"name":"Portada","item":"https:\/\/www.sonoraenequipo.com.mx\/"},{"@type":"ListItem","position":2,"name":"Zelenski pide crear \u00abun ej\u00e9rcito europeo\u00bb"}]},{"@type":"WebSite","@id":"https:\/\/www.sonoraenequipo.com.mx\/#website","url":"https:\/\/www.sonoraenequipo.com.mx\/","name":"Sonora en Equipo.","description":"Diario en l\u00ednea con Noticias desde Hermosillo, Sonora","publisher":{"@id":"https:\/\/www.sonoraenequipo.com.mx\/#organization"},"potentialAction":[{"@type":"SearchAction","target":{"@type":"EntryPoint","urlTemplate":"https:\/\/www.sonoraenequipo.com.mx\/?s={search_term_string}"},"query-input":{"@type":"PropertyValueSpecification","valueRequired":true,"valueName":"search_term_string"}}],"inLanguage":"es"},{"@type":"Organization","@id":"https:\/\/www.sonoraenequipo.com.mx\/#organization","name":"Sonoraenequipo.com.mx","url":"https:\/\/www.sonoraenequipo.com.mx\/","logo":{"@type":"ImageObject","inLanguage":"es","@id":"https:\/\/www.sonoraenequipo.com.mx\/#\/schema\/logo\/image\/","url":"https:\/\/www.sonoraenequipo.com.mx\/storage\/2019\/01\/sonoraenequipo_opt.png","contentUrl":"https:\/\/www.sonoraenequipo.com.mx\/storage\/2019\/01\/sonoraenequipo_opt.png","width":375,"height":125,"caption":"Sonoraenequipo.com.mx"},"image":{"@id":"https:\/\/www.sonoraenequipo.com.mx\/#\/schema\/logo\/image\/"},"sameAs":["https:\/\/www.facebook.com\/SonoraEE\/","https:\/\/x.com\/sonoraenequipo","https:\/\/www.youtube.com\/channel\/UC338nW-lPEYmJQs4ZABQ1SQ"]},{"@type":"Person","@id":"https:\/\/www.sonoraenequipo.com.mx\/#\/schema\/person\/50102df0fb23a8fa9e8effad8fa81386","name":"enequipo","image":{"@type":"ImageObject","inLanguage":"es","@id":"https:\/\/www.sonoraenequipo.com.mx\/#\/schema\/person\/image\/","url":"https:\/\/secure.gravatar.com\/avatar\/049821681b589dabc0bc20695993ccebb09f5b5d4d790cd9251b97faac7c652b?s=96&d=blank&r=g","contentUrl":"https:\/\/secure.gravatar.com\/avatar\/049821681b589dabc0bc20695993ccebb09f5b5d4d790cd9251b97faac7c652b?s=96&d=blank&r=g","caption":"enequipo"},"sameAs":["https:\/\/www.facebook.com\/SonoraEE"]}]}},"jetpack_featured_media_url":"https:\/\/www.sonoraenequipo.com.mx\/storage\/2023\/02\/zelenskyy.jpg","_links":{"self":[{"href":"https:\/\/www.sonoraenequipo.com.mx\/api\/wp\/v2\/posts\/209649","targetHints":{"allow":["GET"]}}],"collection":[{"href":"https:\/\/www.sonoraenequipo.com.mx\/api\/wp\/v2\/posts"}],"about":[{"href":"https:\/\/www.sonoraenequipo.com.mx\/api\/wp\/v2\/types\/post"}],"author":[{"embeddable":true,"href":"https:\/\/www.sonoraenequipo.com.mx\/api\/wp\/v2\/users\/1"}],"replies":[{"embeddable":true,"href":"https:\/\/www.sonoraenequipo.com.mx\/api\/wp\/v2\/comments?post=209649"}],"version-history":[{"count":1,"href":"https:\/\/www.sonoraenequipo.com.mx\/api\/wp\/v2\/posts\/209649\/revisions"}],"predecessor-version":[{"id":209650,"href":"https:\/\/www.sonoraenequipo.com.mx\/api\/wp\/v2\/posts\/209649\/revisions\/209650"}],"wp:featuredmedia":[{"embeddable":true,"href":"https:\/\/www.sonoraenequipo.com.mx\/api\/wp\/v2\/media\/158644"}],"wp:attachment":[{"href":"https:\/\/www.sonoraenequipo.com.mx\/api\/wp\/v2\/media?parent=209649"}],"wp:term":[{"taxonomy":"category","embeddable":true,"href":"https:\/\/www.sonoraenequipo.com.mx\/api\/wp\/v2\/categories?post=209649"},{"taxonomy":"post_tag","embeddable":true,"href":"https:\/\/www.sonoraenequipo.com.mx\/api\/wp\/v2\/tags?post=209649"}],"curies":[{"name":"wp","href":"https:\/\/api.w.org\/{rel}","templated":true}]}}