{"id":209656,"date":"2025-02-14T13:28:00","date_gmt":"2025-02-14T20:28:00","guid":{"rendered":"https:\/\/www.sonoraenequipo.com.mx\/?p=209656"},"modified":"2025-02-15T13:18:06","modified_gmt":"2025-02-15T20:18:06","slug":"celebra-isj-dia-del-amor-y-la-amistad-con-la-carrera-match","status":"publish","type":"post","link":"https:\/\/www.sonoraenequipo.com.mx\/celebra-isj-dia-del-amor-y-la-amistad-con-la-carrera-match\/","title":{"rendered":"Celebra ISJ D\u00eda del Amor y la Amistad con la Carrera Match"},"content":{"rendered":"<p><strong>HERMOSILLO, SONORA.\u00a0 MX. \u2014\u00a0<\/strong> El Gobierno de Sonora, a trav\u00e9s del Instituto Sonorense de la Juventud (ISJ), invita a la comunidad a participar en la Carrera Match, que se llevar\u00e1 a cabo el pr\u00f3ximo 22 de febrero a las 4:00 p.m. y que tiene como objetivo ofrecer un espacio deportivo y recreativo para las juventudes sonorenses, fomentando la convivencia y el bienestar.<\/p>\n<p>&nbsp;<\/p>\n<p>&nbsp;<\/p>\n<p>&nbsp;<\/p>\n<p> <\/p>\n<p>Rebeca Valenzuela \u00c1lvarez, directora general del ISJ, destac\u00f3 que esta carrera se organiza en el marco del D\u00eda del Amor y la Amistad y busca reunir a las personas en un ambiente festivo y saludable.<\/p>\n<p>&nbsp;<\/p>\n<p>&nbsp;<\/p>\n<p><em><strong>\u201cEl prop\u00f3sito de la Carrera Match es ofrecer mucho m\u00e1s que una simple competencia. Queremos crear una experiencia \u00fanica, donde las juventudes puedan disfrutar de un espacio de sano esparcimiento, promoviendo un estilo de vida activo y saludable mientras se divierten\u201d,<\/strong><\/em> coment\u00f3 Valenzuela \u00c1lvarez.<\/p>\n<p>&nbsp;<\/p>\n<p>&nbsp;<\/p>\n<p>El evento tendr\u00e1 lugar en el Fraccionamiento Altozano, en Hermosillo. Los participantes comenzar\u00e1n la carrera de manera independiente, pero a mitad del recorrido encontrar\u00e1n una Zona Match, donde podr\u00e1n invitar a alguien para que los acompa\u00f1e en el tramo final y terminen juntos la carrera.<\/p>\n<p>&nbsp;<\/p>\n<p>&nbsp;<\/p>\n<p>Para inscribirse, los interesados deben registrarse en bio.link\/isjuventud y, como parte del proceso de inscripci\u00f3n, donar un juguete en buen estado o alimentos no perecederos, los cuales ser\u00e1n destinados a organizaciones ben\u00e9ficas.<\/p>\n<p>&nbsp;<\/p>\n<p>&nbsp;<\/p>\n<p>&nbsp;<\/p>\n<p>PUBLICADO EL 14 FEBRERO 2025 Con informaci\u00f3n de GOBSON 0225085)<\/p>\n","protected":false},"excerpt":{"rendered":"<p>HERMOSILLO, SONORA.\u00a0 MX. \u2014\u00a0 El Gobierno de Sonora, a trav\u00e9s del Instituto Sonorense de la&#8230;<\/p>\n","protected":false},"author":1,"featured_media":209661,"comment_status":"open","ping_status":"open","sticky":false,"template":"","format":"standard","meta":{"_monsterinsights_skip_tracking":false,"_monsterinsights_sitenote_active":false,"_monsterinsights_sitenote_note":"","_monsterinsights_sitenote_category":0,"footnotes":""},"categories":[10],"tags":[],"class_list":["post"],"yoast_head":" \n<title>Sonora en Equipo. Celebra ISJ D\u00eda del Amor y la Amistad con la Carrera Match Deportes<\/title>\n<meta name=\"description\" content=\"HERMOSILLO, SONORA.\u00a0 MX. \u2014\u00a0 El Gobierno de Sonora, a trav\u00e9s del Instituto Sonorense de la Juventud (ISJ), invita a la comunidad a participar en la Carrera En Sonora en Equipo publicamos toda la informaci\u00f3n de Sonora, M\u00e9xico y el Mundo de manera oportuna y busca que la libertad de expresi\u00f3n sea real. Visita nuestro medio informativo publicado desde Hermosillo, Sonora. %\" \/>\n<meta name=\"robots\" content=\"index, follow, max-snippet:-1, max-image-preview:large, max-video-preview:-1\" \/>\n<link rel=\"canonical\" href=\"https:\/\/www.sonoraenequipo.com.mx\/celebra-isj-dia-del-amor-y-la-amistad-con-la-carrera-match\/\" \/>\n<meta property=\"og:locale\" content=\"es_ES\" \/>\n<meta property=\"og:type\" content=\"article\" \/>\n<meta property=\"og:title\" content=\"Sonora en Equipo. Celebra ISJ D\u00eda del Amor y la Amistad con la Carrera Match Deportes\" \/>\n<meta property=\"og:description\" content=\"HERMOSILLO, SONORA.\u00a0 MX. \u2014\u00a0 El Gobierno de Sonora, a trav\u00e9s del Instituto Sonorense de la Juventud (ISJ), invita a la comunidad a participar en la Carrera En Sonora en Equipo publicamos toda la informaci\u00f3n de Sonora, M\u00e9xico y el Mundo de manera oportuna y busca que la libertad de expresi\u00f3n sea real. Visita nuestro medio informativo publicado desde Hermosillo, Sonora. %\" \/>\n<meta property=\"og:url\" content=\"https:\/\/www.sonoraenequipo.com.mx\/celebra-isj-dia-del-amor-y-la-amistad-con-la-carrera-match\/\" \/>\n<meta property=\"og:site_name\" content=\"Sonora en Equipo.\" \/>\n<meta property=\"article:publisher\" content=\"https:\/\/www.facebook.com\/SonoraEE\/\" \/>\n<meta property=\"article:author\" content=\"https:\/\/www.facebook.com\/SonoraEE\" \/>\n<meta property=\"article:published_time\" content=\"2025-02-14T20:28:00+00:00\" \/>\n<meta property=\"article:modified_time\" content=\"2025-02-15T20:18:06+00:00\" \/>\n<meta property=\"og:image\" content=\"https:\/\/www.sonoraenequipo.com.mx\/storage\/2025\/02\/Celebra-ISJ-Dia-del-Amor-y-la-Amistad-min.jpg\" \/>\n\t<meta property=\"og:image:width\" content=\"900\" \/>\n\t<meta property=\"og:image:height\" content=\"600\" \/>\n\t<meta property=\"og:image:type\" content=\"image\/jpeg\" \/>\n<meta name=\"author\" content=\"enequipo\" \/>\n<meta name=\"twitter:card\" content=\"summary_large_image\" \/>\n<meta name=\"twitter:creator\" content=\"@sonoraenequipo\" \/>\n<meta name=\"twitter:site\" content=\"@sonoraenequipo\" \/>\n<meta name=\"twitter:label1\" content=\"Escrito por\" \/>\n\t<meta name=\"twitter:data1\" content=\"enequipo\" \/>\n\t<meta name=\"twitter:label2\" content=\"Tiempo de lectura\" \/>\n\t<meta name=\"twitter:data2\" content=\"1 minuto\" \/>\n<script type=\"application\/ld+json\" class=\"yoast-schema-graph\">{\"@context\":\"https:\/\/schema.org\",\"@graph\":[{\"@type\":\"Article\",\"@id\":\"https:\/\/www.sonoraenequipo.com.mx\/celebra-isj-dia-del-amor-y-la-amistad-con-la-carrera-match\/#article\",\"isPartOf\":{\"@id\":\"https:\/\/www.sonoraenequipo.com.mx\/celebra-isj-dia-del-amor-y-la-amistad-con-la-carrera-match\/\"},\"author\":{\"name\":\"enequipo\",\"@id\":\"https:\/\/www.sonoraenequipo.com.mx\/#\/schema\/person\/50102df0fb23a8fa9e8effad8fa81386\"},\"headline\":\"Celebra ISJ D\u00eda del Amor y la Amistad con la Carrera Match\",\"datePublished\":\"2025-02-14T20:28:00+00:00\",\"dateModified\":\"2025-02-15T20:18:06+00:00\",\"mainEntityOfPage\":{\"@id\":\"https:\/\/www.sonoraenequipo.com.mx\/celebra-isj-dia-del-amor-y-la-amistad-con-la-carrera-match\/\"},\"wordCount\":263,\"commentCount\":0,\"publisher\":{\"@id\":\"https:\/\/www.sonoraenequipo.com.mx\/#organization\"},\"image\":{\"@id\":\"https:\/\/www.sonoraenequipo.com.mx\/celebra-isj-dia-del-amor-y-la-amistad-con-la-carrera-match\/#primaryimage\"},\"thumbnailUrl\":\"https:\/\/www.sonoraenequipo.com.mx\/storage\/2025\/02\/Celebra-ISJ-Dia-del-Amor-y-la-Amistad-min.jpg\",\"articleSection\":[\"Deportes\"],\"inLanguage\":\"es\",\"potentialAction\":[{\"@type\":\"CommentAction\",\"name\":\"Comment\",\"target\":[\"https:\/\/www.sonoraenequipo.com.mx\/celebra-isj-dia-del-amor-y-la-amistad-con-la-carrera-match\/#respond\"]}]},{\"@type\":\"WebPage\",\"@id\":\"https:\/\/www.sonoraenequipo.com.mx\/celebra-isj-dia-del-amor-y-la-amistad-con-la-carrera-match\/\",\"url\":\"https:\/\/www.sonoraenequipo.com.mx\/celebra-isj-dia-del-amor-y-la-amistad-con-la-carrera-match\/\",\"name\":\"Sonora en Equipo. Celebra ISJ D\u00eda del Amor y la Amistad con la Carrera Match Deportes\",\"isPartOf\":{\"@id\":\"https:\/\/www.sonoraenequipo.com.mx\/#website\"},\"primaryImageOfPage\":{\"@id\":\"https:\/\/www.sonoraenequipo.com.mx\/celebra-isj-dia-del-amor-y-la-amistad-con-la-carrera-match\/#primaryimage\"},\"image\":{\"@id\":\"https:\/\/www.sonoraenequipo.com.mx\/celebra-isj-dia-del-amor-y-la-amistad-con-la-carrera-match\/#primaryimage\"},\"thumbnailUrl\":\"https:\/\/www.sonoraenequipo.com.mx\/storage\/2025\/02\/Celebra-ISJ-Dia-del-Amor-y-la-Amistad-min.jpg\",\"datePublished\":\"2025-02-14T20:28:00+00:00\",\"dateModified\":\"2025-02-15T20:18:06+00:00\",\"description\":\"HERMOSILLO, SONORA.\u00a0 MX. \u2014\u00a0 El Gobierno de Sonora, a trav\u00e9s del Instituto Sonorense de la Juventud (ISJ), invita a la comunidad a participar en la Carrera En Sonora en Equipo publicamos toda la informaci\u00f3n de Sonora, M\u00e9xico y el Mundo de manera oportuna y busca que la libertad de expresi\u00f3n sea real. Visita nuestro medio informativo publicado desde Hermosillo, Sonora. %\",\"breadcrumb\":{\"@id\":\"https:\/\/www.sonoraenequipo.com.mx\/celebra-isj-dia-del-amor-y-la-amistad-con-la-carrera-match\/#breadcrumb\"},\"inLanguage\":\"es\",\"potentialAction\":[{\"@type\":\"ReadAction\",\"target\":[\"https:\/\/www.sonoraenequipo.com.mx\/celebra-isj-dia-del-amor-y-la-amistad-con-la-carrera-match\/\"]}]},{\"@type\":\"ImageObject\",\"inLanguage\":\"es\",\"@id\":\"https:\/\/www.sonoraenequipo.com.mx\/celebra-isj-dia-del-amor-y-la-amistad-con-la-carrera-match\/#primaryimage\",\"url\":\"https:\/\/www.sonoraenequipo.com.mx\/storage\/2025\/02\/Celebra-ISJ-Dia-del-Amor-y-la-Amistad-min.jpg\",\"contentUrl\":\"https:\/\/www.sonoraenequipo.com.mx\/storage\/2025\/02\/Celebra-ISJ-Dia-del-Amor-y-la-Amistad-min.jpg\",\"width\":900,\"height\":600},{\"@type\":\"BreadcrumbList\",\"@id\":\"https:\/\/www.sonoraenequipo.com.mx\/celebra-isj-dia-del-amor-y-la-amistad-con-la-carrera-match\/#breadcrumb\",\"itemListElement\":[{\"@type\":\"ListItem\",\"position\":1,\"name\":\"Portada\",\"item\":\"https:\/\/www.sonoraenequipo.com.mx\/\"},{\"@type\":\"ListItem\",\"position\":2,\"name\":\"Celebra ISJ D\u00eda del Amor y la Amistad con la Carrera Match\"}]},{\"@type\":\"WebSite\",\"@id\":\"https:\/\/www.sonoraenequipo.com.mx\/#website\",\"url\":\"https:\/\/www.sonoraenequipo.com.mx\/\",\"name\":\"Sonora en Equipo.\",\"description\":\"Diario en l\u00ednea con Noticias desde Hermosillo, Sonora\",\"publisher\":{\"@id\":\"https:\/\/www.sonoraenequipo.com.mx\/#organization\"},\"potentialAction\":[{\"@type\":\"SearchAction\",\"target\":{\"@type\":\"EntryPoint\",\"urlTemplate\":\"https:\/\/www.sonoraenequipo.com.mx\/?s={search_term_string}\"},\"query-input\":{\"@type\":\"PropertyValueSpecification\",\"valueRequired\":true,\"valueName\":\"search_term_string\"}}],\"inLanguage\":\"es\"},{\"@type\":\"Organization\",\"@id\":\"https:\/\/www.sonoraenequipo.com.mx\/#organization\",\"name\":\"Sonoraenequipo.com.mx\",\"url\":\"https:\/\/www.sonoraenequipo.com.mx\/\",\"logo\":{\"@type\":\"ImageObject\",\"inLanguage\":\"es\",\"@id\":\"https:\/\/www.sonoraenequipo.com.mx\/#\/schema\/logo\/image\/\",\"url\":\"https:\/\/www.sonoraenequipo.com.mx\/storage\/2019\/01\/sonoraenequipo_opt.png\",\"contentUrl\":\"https:\/\/www.sonoraenequipo.com.mx\/storage\/2019\/01\/sonoraenequipo_opt.png\",\"width\":375,\"height\":125,\"caption\":\"Sonoraenequipo.com.mx\"},\"image\":{\"@id\":\"https:\/\/www.sonoraenequipo.com.mx\/#\/schema\/logo\/image\/\"},\"sameAs\":[\"https:\/\/www.facebook.com\/SonoraEE\/\",\"https:\/\/x.com\/sonoraenequipo\",\"https:\/\/www.youtube.com\/channel\/UC338nW-lPEYmJQs4ZABQ1SQ\"]},{\"@type\":\"Person\",\"@id\":\"https:\/\/www.sonoraenequipo.com.mx\/#\/schema\/person\/50102df0fb23a8fa9e8effad8fa81386\",\"name\":\"enequipo\",\"image\":{\"@type\":\"ImageObject\",\"inLanguage\":\"es\",\"@id\":\"https:\/\/www.sonoraenequipo.com.mx\/#\/schema\/person\/image\/\",\"url\":\"https:\/\/secure.gravatar.com\/avatar\/049821681b589dabc0bc20695993ccebb09f5b5d4d790cd9251b97faac7c652b?s=96&d=blank&r=g\",\"contentUrl\":\"https:\/\/secure.gravatar.com\/avatar\/049821681b589dabc0bc20695993ccebb09f5b5d4d790cd9251b97faac7c652b?s=96&d=blank&r=g\",\"caption\":\"enequipo\"},\"sameAs\":[\"https:\/\/www.facebook.com\/SonoraEE\"]}]}<\/script>\n ","yoast_head_json":{"title":"Sonora en Equipo. Celebra ISJ D\u00eda del Amor y la Amistad con la Carrera Match Deportes","description":"HERMOSILLO, SONORA.\u00a0 MX. \u2014\u00a0 El Gobierno de Sonora, a trav\u00e9s del Instituto Sonorense de la Juventud (ISJ), invita a la comunidad a participar en la Carrera En Sonora en Equipo publicamos toda la informaci\u00f3n de Sonora, M\u00e9xico y el Mundo de manera oportuna y busca que la libertad de expresi\u00f3n sea real. Visita nuestro medio informativo publicado desde Hermosillo, Sonora. %","robots":{"index":"index","follow":"follow","max-snippet":"max-snippet:-1","max-image-preview":"max-image-preview:large","max-video-preview":"max-video-preview:-1"},"canonical":"https:\/\/www.sonoraenequipo.com.mx\/celebra-isj-dia-del-amor-y-la-amistad-con-la-carrera-match\/","og_locale":"es_ES","og_type":"article","og_title":"Sonora en Equipo. Celebra ISJ D\u00eda del Amor y la Amistad con la Carrera Match Deportes","og_description":"HERMOSILLO, SONORA.\u00a0 MX. \u2014\u00a0 El Gobierno de Sonora, a trav\u00e9s del Instituto Sonorense de la Juventud (ISJ), invita a la comunidad a participar en la Carrera En Sonora en Equipo publicamos toda la informaci\u00f3n de Sonora, M\u00e9xico y el Mundo de manera oportuna y busca que la libertad de expresi\u00f3n sea real. Visita nuestro medio informativo publicado desde Hermosillo, Sonora. %","og_url":"https:\/\/www.sonoraenequipo.com.mx\/celebra-isj-dia-del-amor-y-la-amistad-con-la-carrera-match\/","og_site_name":"Sonora en Equipo.","article_publisher":"https:\/\/www.facebook.com\/SonoraEE\/","article_author":"https:\/\/www.facebook.com\/SonoraEE","article_published_time":"2025-02-14T20:28:00+00:00","article_modified_time":"2025-02-15T20:18:06+00:00","og_image":[{"width":900,"height":600,"url":"https:\/\/www.sonoraenequipo.com.mx\/storage\/2025\/02\/Celebra-ISJ-Dia-del-Amor-y-la-Amistad-min.jpg","type":"image\/jpeg"}],"author":"enequipo","twitter_card":"summary_large_image","twitter_creator":"@sonoraenequipo","twitter_site":"@sonoraenequipo","twitter_misc":{"Escrito por":"enequipo","Tiempo de lectura":"1 minuto"},"schema":{"@context":"https:\/\/schema.org","@graph":[{"@type":"Article","@id":"https:\/\/www.sonoraenequipo.com.mx\/celebra-isj-dia-del-amor-y-la-amistad-con-la-carrera-match\/#article","isPartOf":{"@id":"https:\/\/www.sonoraenequipo.com.mx\/celebra-isj-dia-del-amor-y-la-amistad-con-la-carrera-match\/"},"author":{"name":"enequipo","@id":"https:\/\/www.sonoraenequipo.com.mx\/#\/schema\/person\/50102df0fb23a8fa9e8effad8fa81386"},"headline":"Celebra ISJ D\u00eda del Amor y la Amistad con la Carrera Match","datePublished":"2025-02-14T20:28:00+00:00","dateModified":"2025-02-15T20:18:06+00:00","mainEntityOfPage":{"@id":"https:\/\/www.sonoraenequipo.com.mx\/celebra-isj-dia-del-amor-y-la-amistad-con-la-carrera-match\/"},"wordCount":263,"commentCount":0,"publisher":{"@id":"https:\/\/www.sonoraenequipo.com.mx\/#organization"},"image":{"@id":"https:\/\/www.sonoraenequipo.com.mx\/celebra-isj-dia-del-amor-y-la-amistad-con-la-carrera-match\/#primaryimage"},"thumbnailUrl":"https:\/\/www.sonoraenequipo.com.mx\/storage\/2025\/02\/Celebra-ISJ-Dia-del-Amor-y-la-Amistad-min.jpg","articleSection":["Deportes"],"inLanguage":"es","potentialAction":[{"@type":"CommentAction","name":"Comment","target":["https:\/\/www.sonoraenequipo.com.mx\/celebra-isj-dia-del-amor-y-la-amistad-con-la-carrera-match\/#respond"]}]},{"@type":"WebPage","@id":"https:\/\/www.sonoraenequipo.com.mx\/celebra-isj-dia-del-amor-y-la-amistad-con-la-carrera-match\/","url":"https:\/\/www.sonoraenequipo.com.mx\/celebra-isj-dia-del-amor-y-la-amistad-con-la-carrera-match\/","name":"Sonora en Equipo. Celebra ISJ D\u00eda del Amor y la Amistad con la Carrera Match Deportes","isPartOf":{"@id":"https:\/\/www.sonoraenequipo.com.mx\/#website"},"primaryImageOfPage":{"@id":"https:\/\/www.sonoraenequipo.com.mx\/celebra-isj-dia-del-amor-y-la-amistad-con-la-carrera-match\/#primaryimage"},"image":{"@id":"https:\/\/www.sonoraenequipo.com.mx\/celebra-isj-dia-del-amor-y-la-amistad-con-la-carrera-match\/#primaryimage"},"thumbnailUrl":"https:\/\/www.sonoraenequipo.com.mx\/storage\/2025\/02\/Celebra-ISJ-Dia-del-Amor-y-la-Amistad-min.jpg","datePublished":"2025-02-14T20:28:00+00:00","dateModified":"2025-02-15T20:18:06+00:00","description":"HERMOSILLO, SONORA.\u00a0 MX. \u2014\u00a0 El Gobierno de Sonora, a trav\u00e9s del Instituto Sonorense de la Juventud (ISJ), invita a la comunidad a participar en la Carrera En Sonora en Equipo publicamos toda la informaci\u00f3n de Sonora, M\u00e9xico y el Mundo de manera oportuna y busca que la libertad de expresi\u00f3n sea real. Visita nuestro medio informativo publicado desde Hermosillo, Sonora. %","breadcrumb":{"@id":"https:\/\/www.sonoraenequipo.com.mx\/celebra-isj-dia-del-amor-y-la-amistad-con-la-carrera-match\/#breadcrumb"},"inLanguage":"es","potentialAction":[{"@type":"ReadAction","target":["https:\/\/www.sonoraenequipo.com.mx\/celebra-isj-dia-del-amor-y-la-amistad-con-la-carrera-match\/"]}]},{"@type":"ImageObject","inLanguage":"es","@id":"https:\/\/www.sonoraenequipo.com.mx\/celebra-isj-dia-del-amor-y-la-amistad-con-la-carrera-match\/#primaryimage","url":"https:\/\/www.sonoraenequipo.com.mx\/storage\/2025\/02\/Celebra-ISJ-Dia-del-Amor-y-la-Amistad-min.jpg","contentUrl":"https:\/\/www.sonoraenequipo.com.mx\/storage\/2025\/02\/Celebra-ISJ-Dia-del-Amor-y-la-Amistad-min.jpg","width":900,"height":600},{"@type":"BreadcrumbList","@id":"https:\/\/www.sonoraenequipo.com.mx\/celebra-isj-dia-del-amor-y-la-amistad-con-la-carrera-match\/#breadcrumb","itemListElement":[{"@type":"ListItem","position":1,"name":"Portada","item":"https:\/\/www.sonoraenequipo.com.mx\/"},{"@type":"ListItem","position":2,"name":"Celebra ISJ D\u00eda del Amor y la Amistad con la Carrera Match"}]},{"@type":"WebSite","@id":"https:\/\/www.sonoraenequipo.com.mx\/#website","url":"https:\/\/www.sonoraenequipo.com.mx\/","name":"Sonora en Equipo.","description":"Diario en l\u00ednea con Noticias desde Hermosillo, Sonora","publisher":{"@id":"https:\/\/www.sonoraenequipo.com.mx\/#organization"},"potentialAction":[{"@type":"SearchAction","target":{"@type":"EntryPoint","urlTemplate":"https:\/\/www.sonoraenequipo.com.mx\/?s={search_term_string}"},"query-input":{"@type":"PropertyValueSpecification","valueRequired":true,"valueName":"search_term_string"}}],"inLanguage":"es"},{"@type":"Organization","@id":"https:\/\/www.sonoraenequipo.com.mx\/#organization","name":"Sonoraenequipo.com.mx","url":"https:\/\/www.sonoraenequipo.com.mx\/","logo":{"@type":"ImageObject","inLanguage":"es","@id":"https:\/\/www.sonoraenequipo.com.mx\/#\/schema\/logo\/image\/","url":"https:\/\/www.sonoraenequipo.com.mx\/storage\/2019\/01\/sonoraenequipo_opt.png","contentUrl":"https:\/\/www.sonoraenequipo.com.mx\/storage\/2019\/01\/sonoraenequipo_opt.png","width":375,"height":125,"caption":"Sonoraenequipo.com.mx"},"image":{"@id":"https:\/\/www.sonoraenequipo.com.mx\/#\/schema\/logo\/image\/"},"sameAs":["https:\/\/www.facebook.com\/SonoraEE\/","https:\/\/x.com\/sonoraenequipo","https:\/\/www.youtube.com\/channel\/UC338nW-lPEYmJQs4ZABQ1SQ"]},{"@type":"Person","@id":"https:\/\/www.sonoraenequipo.com.mx\/#\/schema\/person\/50102df0fb23a8fa9e8effad8fa81386","name":"enequipo","image":{"@type":"ImageObject","inLanguage":"es","@id":"https:\/\/www.sonoraenequipo.com.mx\/#\/schema\/person\/image\/","url":"https:\/\/secure.gravatar.com\/avatar\/049821681b589dabc0bc20695993ccebb09f5b5d4d790cd9251b97faac7c652b?s=96&d=blank&r=g","contentUrl":"https:\/\/secure.gravatar.com\/avatar\/049821681b589dabc0bc20695993ccebb09f5b5d4d790cd9251b97faac7c652b?s=96&d=blank&r=g","caption":"enequipo"},"sameAs":["https:\/\/www.facebook.com\/SonoraEE"]}]}},"jetpack_featured_media_url":"https:\/\/www.sonoraenequipo.com.mx\/storage\/2025\/02\/Celebra-ISJ-Dia-del-Amor-y-la-Amistad-min.jpg","_links":{"self":[{"href":"https:\/\/www.sonoraenequipo.com.mx\/api\/wp\/v2\/posts\/209656","targetHints":{"allow":["GET"]}}],"collection":[{"href":"https:\/\/www.sonoraenequipo.com.mx\/api\/wp\/v2\/posts"}],"about":[{"href":"https:\/\/www.sonoraenequipo.com.mx\/api\/wp\/v2\/types\/post"}],"author":[{"embeddable":true,"href":"https:\/\/www.sonoraenequipo.com.mx\/api\/wp\/v2\/users\/1"}],"replies":[{"embeddable":true,"href":"https:\/\/www.sonoraenequipo.com.mx\/api\/wp\/v2\/comments?post=209656"}],"version-history":[{"count":1,"href":"https:\/\/www.sonoraenequipo.com.mx\/api\/wp\/v2\/posts\/209656\/revisions"}],"predecessor-version":[{"id":209662,"href":"https:\/\/www.sonoraenequipo.com.mx\/api\/wp\/v2\/posts\/209656\/revisions\/209662"}],"wp:featuredmedia":[{"embeddable":true,"href":"https:\/\/www.sonoraenequipo.com.mx\/api\/wp\/v2\/media\/209661"}],"wp:attachment":[{"href":"https:\/\/www.sonoraenequipo.com.mx\/api\/wp\/v2\/media?parent=209656"}],"wp:term":[{"taxonomy":"category","embeddable":true,"href":"https:\/\/www.sonoraenequipo.com.mx\/api\/wp\/v2\/categories?post=209656"},{"taxonomy":"post_tag","embeddable":true,"href":"https:\/\/www.sonoraenequipo.com.mx\/api\/wp\/v2\/tags?post=209656"}],"curies":[{"name":"wp","href":"https:\/\/api.w.org\/{rel}","templated":true}]}}