{"id":209664,"date":"2025-02-15T13:23:43","date_gmt":"2025-02-15T20:23:43","guid":{"rendered":"https:\/\/www.sonoraenequipo.com.mx\/?p=209664"},"modified":"2025-02-15T13:23:43","modified_gmt":"2025-02-15T20:23:43","slug":"berlinale-mexico-argentina-y-brasil-buscan-el-oso-de-oro","status":"publish","type":"post","link":"https:\/\/www.sonoraenequipo.com.mx\/berlinale-mexico-argentina-y-brasil-buscan-el-oso-de-oro\/","title":{"rendered":"Berlinale: M\u00e9xico, Argentina y Brasil buscan el Oso de Oro"},"content":{"rendered":"<p>Desafiando al t\u00edpico fr\u00edo de febrero, la capital alemana vuelve a tender la alfombra roja para dar inicio a la Berlinale, el Festival Internacional de Cine de Berl\u00edn. Entre las 19 pel\u00edculas de la competencia oficial figuran filmes de M\u00e9xico, Argentina y Brasil, que luchar\u00e1n por el Oso de Oro, el m\u00e1ximo galard\u00f3n del evento, cuya 75 edici\u00f3n se llevar\u00e1 a cabo del 13 al 23 de febrero.<\/p>\n<p>&nbsp;<\/p>\n<p>Una de las representantes latinoamericanas es la cinta mexicana \u00abDreams\u00bb del reconocido director Michel Franco, que cuenta la historia de un bailar\u00edn de ballet cuyo sue\u00f1o es viajar a Estados Unidos para iniciar una nueva vida y encontrarse con su novia, una rica heredera de la alta sociedad. Pero, cuando el j\u00f3ven mexicano llega a San Francisco, despu\u00e9s de casi perder la vida al cruzar la frontera, se enfrenta a una dura realidad. El elenco de \u00abDreams\u00bb es encabezado por Jessica Chastain, Isaac Hern\u00e1ndez y Rupert Friend.<\/p>\n<p>&nbsp;<\/p>\n<p>En tanto, el cineasta argentino Iv\u00e1n Fund llega al festival alem\u00e1n con su road movie \u00abEl mensaje\u00bb, una historia que transcurre a lo largo de un viaje. El filme es protagonizado por Anika Bootz, quien interpreta a una ni\u00f1a de nueve a\u00f1os que tiene el don de comunicarse con los animales. Sus padres adoptivos ven una oportunidad de hacer dinero con ello y viajan por el campo ofreciendo los servicios de la menor como m\u00e9dium de animales, a personas que est\u00e1n desesperadas por comunicarse con sus mascotas.<\/p>\n<p>La presencia latinoamericana en la secci\u00f3n principal de la Berlinale es completada por la brasile\u00f1a \u00abO \u00faltimo azul\u00bb, de Gabriel Mascaro, que aborda la historia de Tereza, de 77 a\u00f1os, a quien, como a otros adultos mayores, el Gobierno brasile\u00f1o quiere enviar a una zona remota para vivir sus \u00faltimos a\u00f1os de vida. El prop\u00f3sito ser\u00eda dejar la ciudad para las generaciones m\u00e1s j\u00f3venes. Pero Tereza se niega a aceptar ese destino que le han impuesto y emprende un viaje por el Amazonas para cumplir un \u00faltimo deseo. Los encargados de protagonizar esta trama fueron Denise Weinberg y Rodrigo Santoro.<\/p>\n<p>&nbsp;<\/p>\n<p>Este a\u00f1o, el jurado encargado de seleccionar a los ganadores del Oso de Oro y el Oso de Plata es presidido por el director estadounidense Todd Haynes y cuenta, entre sus siete miembros, con el realizador argentino Rodrigo Moreno, reconocido por sus filmes \u00abLos delincuentes\u00bb, \u00abEl custodio\u00bb, \u00abUn mundo misterioso\u00bb, entre otros.<\/p>\n<p>&nbsp;<\/p>\n<p>M\u00e1s presencia latinoamericana en otras secciones<\/p>\n<p>En las distintas secciones del festival, que proyectar\u00e1 alrededor de 250 pel\u00edculas provenientes de todo el mundo, figuran otras doce pel\u00edculas en castellano, provenientes de la regi\u00f3n. Entre ellas, destaca la mexicana \u00abEl diablo fuma (y guarda las cabezas de los cerillos quemados en la misma caja)\u00bb, del director Ernesto Mart\u00ednez, que participa en la nueva secci\u00f3n de la Berlinale denominada Perspectivas, enfocada en mostrar obras de cineastas prometedores.<\/p>\n<p>&nbsp;<\/p>\n<p>En su pel\u00edcula ambientada en en los a\u00f1os 90, Mart\u00ednez relata la vida de cinco hermanos abandonados por sus padres, quienes viven con su abuela, que sufre de esquizofrenia y con la que experimentan las fronteras entre la realidad y la imaginaci\u00f3n.<\/p>\n<p>Colombia y Cuba en secci\u00f3n juvenil<\/p>\n<p>En la secci\u00f3n Generaci\u00f3n KPlus, dirigida a un p\u00fablico m\u00e1s joven, se presentan historias con anhelos, crecimiento, fantas\u00edas y realidades amargas. Aqu\u00ed se proyecta el cortometraje colombiano \u00abAkababuru: Expresi\u00f3n de asombro\u00bb,\u00a0 de la directora Irati Dojura Landa Yagar\u00ed. A trav\u00e9s de Kari, la directora cuenta la historia de una ni\u00f1a ind\u00edgena que tiene miedo de re\u00edr y c\u00f3mo una leyenda la ayuda a liberar sus sentimientos.<\/p>\n<p>&nbsp;<\/p>\n<p>\u00abEl paso\u00bb, de Roberto Tarazona, es el nombre del documental con el que Cuba llega a esta secci\u00f3n de la Berlinale. La historia gira en torno a una remota aldea cubana, donde dos ni\u00f1os juegan, pescan y r\u00eden juntos, ajenos al drama que viven los adultos en las noches sin luna. S\u00f3lo cuando escuchan las conversaciones de los mayores, ocultos en la oscuridad, se enteran de los terribles sucesos: el ganado y los granjeros que se atreven a enfrentarse a un \u00abmonstruo\u00bb est\u00e1n desapareciendo.<\/p>\n<p>&nbsp;<\/p>\n<p>A estas se suma \u00abAtardecer en Am\u00e9rica\u00bb, de Mat\u00edas Rojas, una coproducci\u00f3n entre Chile, Colombia y Brasil. En su documental, Rojas relata las experiencias que tuvo una adolescente migrante mientras cruzaba de noche el altiplano -una de las rutas migratorias m\u00e1s peligrosas de la regi\u00f3n- y c\u00f3mo se sinti\u00f3 acompa\u00f1ada de presencia espiritual.<\/p>\n<p>&nbsp;<\/p>\n<p>En Forum, la secci\u00f3n dedicada al cine experimental, se encuentran dos cintas peruanas. Una de ellas es \u00abLa memoria de las mariposas\u00bb, de la directora Tatiana Fuentes, que narra las historias perdidas de dos hombres ind\u00edgenas, Omarino y Aredomi. El filme desmantela la historia oficial del comercio extractivo y colonial del caucho de finales del siglo XIX y principios del XX en Am\u00e9rica Latina.<\/p>\n<p>&nbsp;<\/p>\n<p>La segunda representante del cine peruano en Forum es \u00abPunku\u00bb, del director Daniel Fern\u00e1ndez. La cinta, hablada en castellano y quechua, cuenta la historia de Iv\u00e1n, un joven que fue encontrado inconsciente y con un ojo herido en la selva peruana despu\u00e9s de dos a\u00f1os. Meshia, quien fue la persona que encontr\u00f3 a Iv\u00e1n, hace que este se reencuentre con su familia, pero se ve envuelta en una trama de revelaciones personales y sociales. El filme saca a flote las grandes diferencias que a\u00fan existen en Per\u00fa entre la ruralidad y la modernidad.<\/p>\n<p><strong>Fecha de publicaci\u00f3n s\u00e1bado 15 de febrero de 2025 \/DW<\/strong><\/p>\n<p>(rm)<\/p>\n","protected":false},"excerpt":{"rendered":"<p>Desafiando al t\u00edpico fr\u00edo de febrero, la capital alemana vuelve a tender la alfombra roja&#8230;<\/p>\n","protected":false},"author":1,"featured_media":209665,"comment_status":"open","ping_status":"open","sticky":false,"template":"","format":"standard","meta":{"_monsterinsights_skip_tracking":false,"_monsterinsights_sitenote_active":false,"_monsterinsights_sitenote_note":"","_monsterinsights_sitenote_category":0,"footnotes":""},"categories":[2987],"tags":[],"class_list":["post"],"yoast_head":" \n<title>Sonora en Equipo. Berlinale: M\u00e9xico, Argentina y Brasil buscan el Oso de Oro Showbiz<\/title>\n<meta name=\"description\" content=\"Desafiando al t\u00edpico fr\u00edo de febrero, la capital alemana vuelve a tender la alfombra roja para dar inicio a la Berlinale, el Festival Internacional de En Sonora en Equipo publicamos toda la informaci\u00f3n de Sonora, M\u00e9xico y el Mundo de manera oportuna y busca que la libertad de expresi\u00f3n sea real. Visita nuestro medio informativo publicado desde Hermosillo, Sonora. %\" \/>\n<meta name=\"robots\" content=\"index, follow, max-snippet:-1, max-image-preview:large, max-video-preview:-1\" \/>\n<link rel=\"canonical\" href=\"https:\/\/www.sonoraenequipo.com.mx\/berlinale-mexico-argentina-y-brasil-buscan-el-oso-de-oro\/\" \/>\n<meta property=\"og:locale\" content=\"es_ES\" \/>\n<meta property=\"og:type\" content=\"article\" \/>\n<meta property=\"og:title\" content=\"Sonora en Equipo. Berlinale: M\u00e9xico, Argentina y Brasil buscan el Oso de Oro Showbiz\" \/>\n<meta property=\"og:description\" content=\"Desafiando al t\u00edpico fr\u00edo de febrero, la capital alemana vuelve a tender la alfombra roja para dar inicio a la Berlinale, el Festival Internacional de En Sonora en Equipo publicamos toda la informaci\u00f3n de Sonora, M\u00e9xico y el Mundo de manera oportuna y busca que la libertad de expresi\u00f3n sea real. Visita nuestro medio informativo publicado desde Hermosillo, Sonora. %\" \/>\n<meta property=\"og:url\" content=\"https:\/\/www.sonoraenequipo.com.mx\/berlinale-mexico-argentina-y-brasil-buscan-el-oso-de-oro\/\" \/>\n<meta property=\"og:site_name\" content=\"Sonora en Equipo.\" \/>\n<meta property=\"article:publisher\" content=\"https:\/\/www.facebook.com\/SonoraEE\/\" \/>\n<meta property=\"article:author\" content=\"https:\/\/www.facebook.com\/SonoraEE\" \/>\n<meta property=\"article:published_time\" content=\"2025-02-15T20:23:43+00:00\" \/>\n<meta property=\"og:image\" content=\"https:\/\/www.sonoraenequipo.com.mx\/storage\/2025\/02\/jessica-Chastain.jpg\" \/>\n\t<meta property=\"og:image:width\" content=\"600\" \/>\n\t<meta property=\"og:image:height\" content=\"400\" \/>\n\t<meta property=\"og:image:type\" content=\"image\/jpeg\" \/>\n<meta name=\"author\" content=\"enequipo\" \/>\n<meta name=\"twitter:card\" content=\"summary_large_image\" \/>\n<meta name=\"twitter:creator\" content=\"@sonoraenequipo\" \/>\n<meta name=\"twitter:site\" content=\"@sonoraenequipo\" \/>\n<meta name=\"twitter:label1\" content=\"Escrito por\" \/>\n\t<meta name=\"twitter:data1\" content=\"enequipo\" \/>\n\t<meta name=\"twitter:label2\" content=\"Tiempo de lectura\" \/>\n\t<meta name=\"twitter:data2\" content=\"5 minutos\" \/>\n<script type=\"application\/ld+json\" class=\"yoast-schema-graph\">{\"@context\":\"https:\/\/schema.org\",\"@graph\":[{\"@type\":\"Article\",\"@id\":\"https:\/\/www.sonoraenequipo.com.mx\/berlinale-mexico-argentina-y-brasil-buscan-el-oso-de-oro\/#article\",\"isPartOf\":{\"@id\":\"https:\/\/www.sonoraenequipo.com.mx\/berlinale-mexico-argentina-y-brasil-buscan-el-oso-de-oro\/\"},\"author\":{\"name\":\"enequipo\",\"@id\":\"https:\/\/www.sonoraenequipo.com.mx\/#\/schema\/person\/50102df0fb23a8fa9e8effad8fa81386\"},\"headline\":\"Berlinale: M\u00e9xico, Argentina y Brasil buscan el Oso de Oro\",\"datePublished\":\"2025-02-15T20:23:43+00:00\",\"mainEntityOfPage\":{\"@id\":\"https:\/\/www.sonoraenequipo.com.mx\/berlinale-mexico-argentina-y-brasil-buscan-el-oso-de-oro\/\"},\"wordCount\":974,\"commentCount\":0,\"publisher\":{\"@id\":\"https:\/\/www.sonoraenequipo.com.mx\/#organization\"},\"image\":{\"@id\":\"https:\/\/www.sonoraenequipo.com.mx\/berlinale-mexico-argentina-y-brasil-buscan-el-oso-de-oro\/#primaryimage\"},\"thumbnailUrl\":\"https:\/\/www.sonoraenequipo.com.mx\/storage\/2025\/02\/jessica-Chastain.jpg\",\"articleSection\":[\"Showbiz\"],\"inLanguage\":\"es\",\"potentialAction\":[{\"@type\":\"CommentAction\",\"name\":\"Comment\",\"target\":[\"https:\/\/www.sonoraenequipo.com.mx\/berlinale-mexico-argentina-y-brasil-buscan-el-oso-de-oro\/#respond\"]}]},{\"@type\":\"WebPage\",\"@id\":\"https:\/\/www.sonoraenequipo.com.mx\/berlinale-mexico-argentina-y-brasil-buscan-el-oso-de-oro\/\",\"url\":\"https:\/\/www.sonoraenequipo.com.mx\/berlinale-mexico-argentina-y-brasil-buscan-el-oso-de-oro\/\",\"name\":\"Sonora en Equipo. Berlinale: M\u00e9xico, Argentina y Brasil buscan el Oso de Oro Showbiz\",\"isPartOf\":{\"@id\":\"https:\/\/www.sonoraenequipo.com.mx\/#website\"},\"primaryImageOfPage\":{\"@id\":\"https:\/\/www.sonoraenequipo.com.mx\/berlinale-mexico-argentina-y-brasil-buscan-el-oso-de-oro\/#primaryimage\"},\"image\":{\"@id\":\"https:\/\/www.sonoraenequipo.com.mx\/berlinale-mexico-argentina-y-brasil-buscan-el-oso-de-oro\/#primaryimage\"},\"thumbnailUrl\":\"https:\/\/www.sonoraenequipo.com.mx\/storage\/2025\/02\/jessica-Chastain.jpg\",\"datePublished\":\"2025-02-15T20:23:43+00:00\",\"description\":\"Desafiando al t\u00edpico fr\u00edo de febrero, la capital alemana vuelve a tender la alfombra roja para dar inicio a la Berlinale, el Festival Internacional de En Sonora en Equipo publicamos toda la informaci\u00f3n de Sonora, M\u00e9xico y el Mundo de manera oportuna y busca que la libertad de expresi\u00f3n sea real. Visita nuestro medio informativo publicado desde Hermosillo, Sonora. %\",\"breadcrumb\":{\"@id\":\"https:\/\/www.sonoraenequipo.com.mx\/berlinale-mexico-argentina-y-brasil-buscan-el-oso-de-oro\/#breadcrumb\"},\"inLanguage\":\"es\",\"potentialAction\":[{\"@type\":\"ReadAction\",\"target\":[\"https:\/\/www.sonoraenequipo.com.mx\/berlinale-mexico-argentina-y-brasil-buscan-el-oso-de-oro\/\"]}]},{\"@type\":\"ImageObject\",\"inLanguage\":\"es\",\"@id\":\"https:\/\/www.sonoraenequipo.com.mx\/berlinale-mexico-argentina-y-brasil-buscan-el-oso-de-oro\/#primaryimage\",\"url\":\"https:\/\/www.sonoraenequipo.com.mx\/storage\/2025\/02\/jessica-Chastain.jpg\",\"contentUrl\":\"https:\/\/www.sonoraenequipo.com.mx\/storage\/2025\/02\/jessica-Chastain.jpg\",\"width\":600,\"height\":400,\"caption\":\"Jessica Chastain encabeza el filme \\\"Dreams\\\" dirigido por el mexicano Michel Franco\"},{\"@type\":\"BreadcrumbList\",\"@id\":\"https:\/\/www.sonoraenequipo.com.mx\/berlinale-mexico-argentina-y-brasil-buscan-el-oso-de-oro\/#breadcrumb\",\"itemListElement\":[{\"@type\":\"ListItem\",\"position\":1,\"name\":\"Portada\",\"item\":\"https:\/\/www.sonoraenequipo.com.mx\/\"},{\"@type\":\"ListItem\",\"position\":2,\"name\":\"Berlinale: M\u00e9xico, Argentina y Brasil buscan el Oso de Oro\"}]},{\"@type\":\"WebSite\",\"@id\":\"https:\/\/www.sonoraenequipo.com.mx\/#website\",\"url\":\"https:\/\/www.sonoraenequipo.com.mx\/\",\"name\":\"Sonora en Equipo.\",\"description\":\"Diario en l\u00ednea con Noticias desde Hermosillo, Sonora\",\"publisher\":{\"@id\":\"https:\/\/www.sonoraenequipo.com.mx\/#organization\"},\"potentialAction\":[{\"@type\":\"SearchAction\",\"target\":{\"@type\":\"EntryPoint\",\"urlTemplate\":\"https:\/\/www.sonoraenequipo.com.mx\/?s={search_term_string}\"},\"query-input\":{\"@type\":\"PropertyValueSpecification\",\"valueRequired\":true,\"valueName\":\"search_term_string\"}}],\"inLanguage\":\"es\"},{\"@type\":\"Organization\",\"@id\":\"https:\/\/www.sonoraenequipo.com.mx\/#organization\",\"name\":\"Sonoraenequipo.com.mx\",\"url\":\"https:\/\/www.sonoraenequipo.com.mx\/\",\"logo\":{\"@type\":\"ImageObject\",\"inLanguage\":\"es\",\"@id\":\"https:\/\/www.sonoraenequipo.com.mx\/#\/schema\/logo\/image\/\",\"url\":\"https:\/\/www.sonoraenequipo.com.mx\/storage\/2019\/01\/sonoraenequipo_opt.png\",\"contentUrl\":\"https:\/\/www.sonoraenequipo.com.mx\/storage\/2019\/01\/sonoraenequipo_opt.png\",\"width\":375,\"height\":125,\"caption\":\"Sonoraenequipo.com.mx\"},\"image\":{\"@id\":\"https:\/\/www.sonoraenequipo.com.mx\/#\/schema\/logo\/image\/\"},\"sameAs\":[\"https:\/\/www.facebook.com\/SonoraEE\/\",\"https:\/\/x.com\/sonoraenequipo\",\"https:\/\/www.youtube.com\/channel\/UC338nW-lPEYmJQs4ZABQ1SQ\"]},{\"@type\":\"Person\",\"@id\":\"https:\/\/www.sonoraenequipo.com.mx\/#\/schema\/person\/50102df0fb23a8fa9e8effad8fa81386\",\"name\":\"enequipo\",\"image\":{\"@type\":\"ImageObject\",\"inLanguage\":\"es\",\"@id\":\"https:\/\/www.sonoraenequipo.com.mx\/#\/schema\/person\/image\/\",\"url\":\"https:\/\/secure.gravatar.com\/avatar\/049821681b589dabc0bc20695993ccebb09f5b5d4d790cd9251b97faac7c652b?s=96&d=blank&r=g\",\"contentUrl\":\"https:\/\/secure.gravatar.com\/avatar\/049821681b589dabc0bc20695993ccebb09f5b5d4d790cd9251b97faac7c652b?s=96&d=blank&r=g\",\"caption\":\"enequipo\"},\"sameAs\":[\"https:\/\/www.facebook.com\/SonoraEE\"]}]}<\/script>\n ","yoast_head_json":{"title":"Sonora en Equipo. Berlinale: M\u00e9xico, Argentina y Brasil buscan el Oso de Oro Showbiz","description":"Desafiando al t\u00edpico fr\u00edo de febrero, la capital alemana vuelve a tender la alfombra roja para dar inicio a la Berlinale, el Festival Internacional de En Sonora en Equipo publicamos toda la informaci\u00f3n de Sonora, M\u00e9xico y el Mundo de manera oportuna y busca que la libertad de expresi\u00f3n sea real. Visita nuestro medio informativo publicado desde Hermosillo, Sonora. %","robots":{"index":"index","follow":"follow","max-snippet":"max-snippet:-1","max-image-preview":"max-image-preview:large","max-video-preview":"max-video-preview:-1"},"canonical":"https:\/\/www.sonoraenequipo.com.mx\/berlinale-mexico-argentina-y-brasil-buscan-el-oso-de-oro\/","og_locale":"es_ES","og_type":"article","og_title":"Sonora en Equipo. Berlinale: M\u00e9xico, Argentina y Brasil buscan el Oso de Oro Showbiz","og_description":"Desafiando al t\u00edpico fr\u00edo de febrero, la capital alemana vuelve a tender la alfombra roja para dar inicio a la Berlinale, el Festival Internacional de En Sonora en Equipo publicamos toda la informaci\u00f3n de Sonora, M\u00e9xico y el Mundo de manera oportuna y busca que la libertad de expresi\u00f3n sea real. Visita nuestro medio informativo publicado desde Hermosillo, Sonora. %","og_url":"https:\/\/www.sonoraenequipo.com.mx\/berlinale-mexico-argentina-y-brasil-buscan-el-oso-de-oro\/","og_site_name":"Sonora en Equipo.","article_publisher":"https:\/\/www.facebook.com\/SonoraEE\/","article_author":"https:\/\/www.facebook.com\/SonoraEE","article_published_time":"2025-02-15T20:23:43+00:00","og_image":[{"width":600,"height":400,"url":"https:\/\/www.sonoraenequipo.com.mx\/storage\/2025\/02\/jessica-Chastain.jpg","type":"image\/jpeg"}],"author":"enequipo","twitter_card":"summary_large_image","twitter_creator":"@sonoraenequipo","twitter_site":"@sonoraenequipo","twitter_misc":{"Escrito por":"enequipo","Tiempo de lectura":"5 minutos"},"schema":{"@context":"https:\/\/schema.org","@graph":[{"@type":"Article","@id":"https:\/\/www.sonoraenequipo.com.mx\/berlinale-mexico-argentina-y-brasil-buscan-el-oso-de-oro\/#article","isPartOf":{"@id":"https:\/\/www.sonoraenequipo.com.mx\/berlinale-mexico-argentina-y-brasil-buscan-el-oso-de-oro\/"},"author":{"name":"enequipo","@id":"https:\/\/www.sonoraenequipo.com.mx\/#\/schema\/person\/50102df0fb23a8fa9e8effad8fa81386"},"headline":"Berlinale: M\u00e9xico, Argentina y Brasil buscan el Oso de Oro","datePublished":"2025-02-15T20:23:43+00:00","mainEntityOfPage":{"@id":"https:\/\/www.sonoraenequipo.com.mx\/berlinale-mexico-argentina-y-brasil-buscan-el-oso-de-oro\/"},"wordCount":974,"commentCount":0,"publisher":{"@id":"https:\/\/www.sonoraenequipo.com.mx\/#organization"},"image":{"@id":"https:\/\/www.sonoraenequipo.com.mx\/berlinale-mexico-argentina-y-brasil-buscan-el-oso-de-oro\/#primaryimage"},"thumbnailUrl":"https:\/\/www.sonoraenequipo.com.mx\/storage\/2025\/02\/jessica-Chastain.jpg","articleSection":["Showbiz"],"inLanguage":"es","potentialAction":[{"@type":"CommentAction","name":"Comment","target":["https:\/\/www.sonoraenequipo.com.mx\/berlinale-mexico-argentina-y-brasil-buscan-el-oso-de-oro\/#respond"]}]},{"@type":"WebPage","@id":"https:\/\/www.sonoraenequipo.com.mx\/berlinale-mexico-argentina-y-brasil-buscan-el-oso-de-oro\/","url":"https:\/\/www.sonoraenequipo.com.mx\/berlinale-mexico-argentina-y-brasil-buscan-el-oso-de-oro\/","name":"Sonora en Equipo. Berlinale: M\u00e9xico, Argentina y Brasil buscan el Oso de Oro Showbiz","isPartOf":{"@id":"https:\/\/www.sonoraenequipo.com.mx\/#website"},"primaryImageOfPage":{"@id":"https:\/\/www.sonoraenequipo.com.mx\/berlinale-mexico-argentina-y-brasil-buscan-el-oso-de-oro\/#primaryimage"},"image":{"@id":"https:\/\/www.sonoraenequipo.com.mx\/berlinale-mexico-argentina-y-brasil-buscan-el-oso-de-oro\/#primaryimage"},"thumbnailUrl":"https:\/\/www.sonoraenequipo.com.mx\/storage\/2025\/02\/jessica-Chastain.jpg","datePublished":"2025-02-15T20:23:43+00:00","description":"Desafiando al t\u00edpico fr\u00edo de febrero, la capital alemana vuelve a tender la alfombra roja para dar inicio a la Berlinale, el Festival Internacional de En Sonora en Equipo publicamos toda la informaci\u00f3n de Sonora, M\u00e9xico y el Mundo de manera oportuna y busca que la libertad de expresi\u00f3n sea real. Visita nuestro medio informativo publicado desde Hermosillo, Sonora. %","breadcrumb":{"@id":"https:\/\/www.sonoraenequipo.com.mx\/berlinale-mexico-argentina-y-brasil-buscan-el-oso-de-oro\/#breadcrumb"},"inLanguage":"es","potentialAction":[{"@type":"ReadAction","target":["https:\/\/www.sonoraenequipo.com.mx\/berlinale-mexico-argentina-y-brasil-buscan-el-oso-de-oro\/"]}]},{"@type":"ImageObject","inLanguage":"es","@id":"https:\/\/www.sonoraenequipo.com.mx\/berlinale-mexico-argentina-y-brasil-buscan-el-oso-de-oro\/#primaryimage","url":"https:\/\/www.sonoraenequipo.com.mx\/storage\/2025\/02\/jessica-Chastain.jpg","contentUrl":"https:\/\/www.sonoraenequipo.com.mx\/storage\/2025\/02\/jessica-Chastain.jpg","width":600,"height":400,"caption":"Jessica Chastain encabeza el filme \"Dreams\" dirigido por el mexicano Michel Franco"},{"@type":"BreadcrumbList","@id":"https:\/\/www.sonoraenequipo.com.mx\/berlinale-mexico-argentina-y-brasil-buscan-el-oso-de-oro\/#breadcrumb","itemListElement":[{"@type":"ListItem","position":1,"name":"Portada","item":"https:\/\/www.sonoraenequipo.com.mx\/"},{"@type":"ListItem","position":2,"name":"Berlinale: M\u00e9xico, Argentina y Brasil buscan el Oso de Oro"}]},{"@type":"WebSite","@id":"https:\/\/www.sonoraenequipo.com.mx\/#website","url":"https:\/\/www.sonoraenequipo.com.mx\/","name":"Sonora en Equipo.","description":"Diario en l\u00ednea con Noticias desde Hermosillo, Sonora","publisher":{"@id":"https:\/\/www.sonoraenequipo.com.mx\/#organization"},"potentialAction":[{"@type":"SearchAction","target":{"@type":"EntryPoint","urlTemplate":"https:\/\/www.sonoraenequipo.com.mx\/?s={search_term_string}"},"query-input":{"@type":"PropertyValueSpecification","valueRequired":true,"valueName":"search_term_string"}}],"inLanguage":"es"},{"@type":"Organization","@id":"https:\/\/www.sonoraenequipo.com.mx\/#organization","name":"Sonoraenequipo.com.mx","url":"https:\/\/www.sonoraenequipo.com.mx\/","logo":{"@type":"ImageObject","inLanguage":"es","@id":"https:\/\/www.sonoraenequipo.com.mx\/#\/schema\/logo\/image\/","url":"https:\/\/www.sonoraenequipo.com.mx\/storage\/2019\/01\/sonoraenequipo_opt.png","contentUrl":"https:\/\/www.sonoraenequipo.com.mx\/storage\/2019\/01\/sonoraenequipo_opt.png","width":375,"height":125,"caption":"Sonoraenequipo.com.mx"},"image":{"@id":"https:\/\/www.sonoraenequipo.com.mx\/#\/schema\/logo\/image\/"},"sameAs":["https:\/\/www.facebook.com\/SonoraEE\/","https:\/\/x.com\/sonoraenequipo","https:\/\/www.youtube.com\/channel\/UC338nW-lPEYmJQs4ZABQ1SQ"]},{"@type":"Person","@id":"https:\/\/www.sonoraenequipo.com.mx\/#\/schema\/person\/50102df0fb23a8fa9e8effad8fa81386","name":"enequipo","image":{"@type":"ImageObject","inLanguage":"es","@id":"https:\/\/www.sonoraenequipo.com.mx\/#\/schema\/person\/image\/","url":"https:\/\/secure.gravatar.com\/avatar\/049821681b589dabc0bc20695993ccebb09f5b5d4d790cd9251b97faac7c652b?s=96&d=blank&r=g","contentUrl":"https:\/\/secure.gravatar.com\/avatar\/049821681b589dabc0bc20695993ccebb09f5b5d4d790cd9251b97faac7c652b?s=96&d=blank&r=g","caption":"enequipo"},"sameAs":["https:\/\/www.facebook.com\/SonoraEE"]}]}},"jetpack_featured_media_url":"https:\/\/www.sonoraenequipo.com.mx\/storage\/2025\/02\/jessica-Chastain.jpg","_links":{"self":[{"href":"https:\/\/www.sonoraenequipo.com.mx\/api\/wp\/v2\/posts\/209664","targetHints":{"allow":["GET"]}}],"collection":[{"href":"https:\/\/www.sonoraenequipo.com.mx\/api\/wp\/v2\/posts"}],"about":[{"href":"https:\/\/www.sonoraenequipo.com.mx\/api\/wp\/v2\/types\/post"}],"author":[{"embeddable":true,"href":"https:\/\/www.sonoraenequipo.com.mx\/api\/wp\/v2\/users\/1"}],"replies":[{"embeddable":true,"href":"https:\/\/www.sonoraenequipo.com.mx\/api\/wp\/v2\/comments?post=209664"}],"version-history":[{"count":1,"href":"https:\/\/www.sonoraenequipo.com.mx\/api\/wp\/v2\/posts\/209664\/revisions"}],"predecessor-version":[{"id":209666,"href":"https:\/\/www.sonoraenequipo.com.mx\/api\/wp\/v2\/posts\/209664\/revisions\/209666"}],"wp:featuredmedia":[{"embeddable":true,"href":"https:\/\/www.sonoraenequipo.com.mx\/api\/wp\/v2\/media\/209665"}],"wp:attachment":[{"href":"https:\/\/www.sonoraenequipo.com.mx\/api\/wp\/v2\/media?parent=209664"}],"wp:term":[{"taxonomy":"category","embeddable":true,"href":"https:\/\/www.sonoraenequipo.com.mx\/api\/wp\/v2\/categories?post=209664"},{"taxonomy":"post_tag","embeddable":true,"href":"https:\/\/www.sonoraenequipo.com.mx\/api\/wp\/v2\/tags?post=209664"}],"curies":[{"name":"wp","href":"https:\/\/api.w.org\/{rel}","templated":true}]}}